{"id":150965,"date":"2025-08-19T20:49:04","date_gmt":"2025-08-20T01:49:04","guid":{"rendered":"https:\/\/lospoliticosveracruz.com.mx\/?p=150965"},"modified":"2025-08-19T20:49:25","modified_gmt":"2025-08-20T01:49:25","slug":"aumentan-reportes-por-fallas-y-apagones-en-la-red-de-la-cfe","status":"publish","type":"post","link":"https:\/\/lospoliticosveracruz.com\/?p=150965","title":{"rendered":"AUMENTAN REPORTES POR FALLAS Y APAGONES EN LA RED DE LA CFE"},"content":{"rendered":"\n\n\n<p><strong>Jos\u00e9 Luis Enr\u00edquez Ambell<\/strong><\/p>\n\n\n\n<p><em>Caf\u00e9 de Ma\u00f1ana<\/em><\/p>\n\n\n\n<p>Nunca como ahora la CFE ha estado tan mal en su servicio; quien diga lo contrario, miente.<\/p>\n\n\n\n<p>En las zonas sur, centro y norte de Veracruz hay tres \u00e1reas que no pasan por sus mejores momentos: generaci\u00f3n, transmisi\u00f3n y distribuci\u00f3n.<\/p>\n\n\n\n<p>Y pareciera que no hay para cu\u00e1ndo se resuelva, porque todo apunta a la falta de recursos en la CFE y, quiz\u00e1, a una mala administraci\u00f3n que ha venido agravando la situaci\u00f3n.<\/p>\n\n\n\n<p>En otras palabras, la Comisi\u00f3n Federal de Electricidad arrastra desde hace tiempo una mala pol\u00edtica de planeaci\u00f3n, y esto se ha vuelto m\u00e1s que evidente.<\/p>\n\n\n\n<p>En la regi\u00f3n de Veracruz Puerto, en los \u00faltimos d\u00edas se han registrado fallas constantes y apagones, incluyendo la conurbaci\u00f3n con Boca del R\u00edo y zonas rurales. Los problemas se deben principalmente a fallas en subestaciones y torres de transmisi\u00f3n, que se incrementan durante la temporada de calor por equipos obsoletos y la falta de mantenimiento preventivo y correctivo.<\/p>\n\n\n\n<p>Hace unas horas, ciudadanos de comunidades del municipio de Tlalixcoyan, tras varios d\u00edas sin energ\u00eda el\u00e9ctrica, se organizaron para tomar las instalaciones de la CFE en la localidad de Piedras Negras, a pocos kil\u00f3metros de la zona conurbada Veracruz\u2013Boca del R\u00edo\u2013Alvarado.<\/p>\n\n\n\n<p>Los inconformes, provenientes de la cabecera municipal y de localidades como Mata de L\u00e1zaro y La V\u00edbora, est\u00e1n molestos. Si el problema no se soluciona pronto, podr\u00eda escalar en un mayor malestar social.<\/p>\n\n\n\n<p>DE SOBREMESA<\/p>\n\n\n\n<p>Hace unas semanas, Efra\u00edn Deschamps fue relevado por Oziel Ram\u00edrez \u2014proveniente de Coahuila\u2014 como responsable del \u00e1rea de Cuenca Golfo Centro en la CONAGUA, con oficinas en Xalapa, Veracruz.<\/p>\n\n\n\n<p>En esa instancia se autorizan todos los proyectos de agua potable y saneamiento de municipios y del estado, ya que la Conagua es el organismo normativo en la materia.<\/p>\n\n\n\n<p>Por cierto, recientemente sali\u00f3 la licitaci\u00f3n p\u00fablica para la \u201cConstrucci\u00f3n del acueducto del sistema de agua potable de Coatzacoalcos, Veracruz\u201d, bajo el n\u00famero de procedimiento de contrataci\u00f3n:<\/p>\n\n\n\n<p>LO-16-B00-016B00985-N-170-2025.<\/p>\n\n\n\n<p>Esta obra es una de las 17 promesas de infraestructura hechas por la Presidenta Claudia Sheinbaum y resulta fundamental para el sur de Veracruz. Su construcci\u00f3n se estima en tres a\u00f1os, sin descuidar el Acueducto Yuridia ni los pozos de Canticas, que tambi\u00e9n requieren inversi\u00f3n del estado y el municipio para garantizar el abasto de agua en Coatzacoalcos.<\/p>\n\n\n\n<p>UN CAF\u00c9 LECHERO LIGHT<\/p>\n\n\n\n<p>La gobernadora Roc\u00edo Nahle declar\u00f3 hace unos d\u00edas que, con el respaldo del Gobierno de la Rep\u00fablica, se ejecutar\u00e1 en 2026 la obra del puente de Boca del R\u00edo que conecta con la Riviera Veracruzana en Alvarado. Actualmente se eval\u00faa en la Secretar\u00eda de Infraestructura, Comunicaciones y Transportes (SICT).<\/p>\n\n\n\n<p>A diferencia de otros proyectos, este ya cuenta con proyecto ejecutivo, estudios de mec\u00e1nica de suelos, derechos de v\u00eda liberados y presupuesto bianual autorizado, lo que permitir\u00e1 su construcci\u00f3n en tiempo r\u00e9cord.<\/p>\n\n\n\n<p>UN CAF\u00c9 CON DOBLE CARGA<\/p>\n\n\n\n<p>El uso y abuso de poder de algunos servidores p\u00fablicos municipales del Puerto de Veracruz \u2014particularmente de ciertos agentes y oficiales de tr\u00e1nsito y vialidad\u2014 deber\u00eda ser frenado. Los excesos nunca son buenos, y alguien debe ponerlos en orden.<\/p>\n\n\n\n<p>\u00a1ES CUANTO!<\/p>\n\n\n\n<p>enriquezambell@gmail.com<\/p>\n\n\n\n<p>enamjl62@gmail.com<\/p>\n","protected":false},"excerpt":{"rendered":"<p>Jos\u00e9 Luis Enr\u00edquez Ambell Caf\u00e9 de Ma\u00f1ana Nunca como ahora la CFE ha estado tan mal en su servicio; quien diga lo contrario, miente. En las zonas sur, centro y norte de Veracruz hay tres \u00e1reas que no pasan por sus mejores momentos: generaci\u00f3n, transmisi\u00f3n y distribuci\u00f3n. Y pareciera que no hay para cu\u00e1ndo se [&hellip;]<\/p>\n","protected":false},"author":2,"featured_media":141435,"comment_status":"closed","ping_status":"closed","sticky":false,"template":"","format":"standard","meta":{"tdm_status":"","tdm_grid_status":"","footnotes":""},"categories":[70],"tags":[],"class_list":{"0":"post-150965","1":"post","2":"type-post","3":"status-publish","4":"format-standard","5":"has-post-thumbnail","7":"category-de-opinion"},"yoast_head":"<!-- This site is optimized with the Yoast SEO plugin v27.4 - https:\/\/yoast.com\/product\/yoast-seo-wordpress\/ -->\n<title>AUMENTAN REPORTES POR FALLAS Y APAGONES EN LA RED DE LA CFE - Los pol\u00edticos Veracruz<\/title>\n<meta name=\"robots\" content=\"index, follow, max-snippet:-1, max-image-preview:large, max-video-preview:-1\" \/>\n<link rel=\"canonical\" href=\"https:\/\/lospoliticosveracruz.com\/?p=150965\" \/>\n<meta property=\"og:locale\" content=\"es_ES\" \/>\n<meta property=\"og:type\" content=\"article\" \/>\n<meta property=\"og:title\" content=\"AUMENTAN REPORTES POR FALLAS Y APAGONES EN LA RED DE LA CFE - Los pol\u00edticos Veracruz\" \/>\n<meta property=\"og:description\" content=\"Jos\u00e9 Luis Enr\u00edquez Ambell Caf\u00e9 de Ma\u00f1ana Nunca como ahora la CFE ha estado tan mal en su servicio; quien diga lo contrario, miente. En las zonas sur, centro y norte de Veracruz hay tres \u00e1reas que no pasan por sus mejores momentos: generaci\u00f3n, transmisi\u00f3n y distribuci\u00f3n. Y pareciera que no hay para cu\u00e1ndo se [&hellip;]\" \/>\n<meta property=\"og:url\" content=\"https:\/\/lospoliticosveracruz.com\/?p=150965\" \/>\n<meta property=\"og:site_name\" content=\"Los pol\u00edticos Veracruz\" \/>\n<meta property=\"article:publisher\" content=\"https:\/\/www.facebook.com\/people\/Notimemes-de-los-Polticos\/61565672886568\/\" \/>\n<meta property=\"article:published_time\" content=\"2025-08-20T01:49:04+00:00\" \/>\n<meta property=\"article:modified_time\" content=\"2025-08-20T01:49:25+00:00\" \/>\n<meta property=\"og:image\" content=\"https:\/\/lospoliticosveracruz.com\/wp-content\/uploads\/2025\/04\/Ambell.jpg\" \/>\n\t<meta property=\"og:image:width\" content=\"1250\" \/>\n\t<meta property=\"og:image:height\" content=\"667\" \/>\n\t<meta property=\"og:image:type\" content=\"image\/jpeg\" \/>\n<meta name=\"author\" content=\"Lo viste en Los Pol\u00edticos\" \/>\n<meta name=\"twitter:card\" content=\"summary_large_image\" \/>\n<meta name=\"twitter:creator\" content=\"@LosPoliticosVer\" \/>\n<meta name=\"twitter:site\" content=\"@LosPoliticosVer\" \/>\n<meta name=\"twitter:label1\" content=\"Escrito por\" \/>\n\t<meta name=\"twitter:data1\" content=\"Lo viste en Los Pol\u00edticos\" \/>\n\t<meta name=\"twitter:label2\" content=\"Tiempo de lectura\" \/>\n\t<meta name=\"twitter:data2\" content=\"3 minutos\" \/>\n<script type=\"application\/ld+json\" class=\"yoast-schema-graph\">{\"@context\":\"https:\\\/\\\/schema.org\",\"@graph\":[{\"@type\":\"Article\",\"@id\":\"https:\\\/\\\/lospoliticosveracruz.com\\\/?p=150965#article\",\"isPartOf\":{\"@id\":\"https:\\\/\\\/lospoliticosveracruz.com\\\/?p=150965\"},\"author\":{\"name\":\"Lo viste en Los Pol\u00edticos\",\"@id\":\"https:\\\/\\\/lospoliticosveracruz.com\\\/#\\\/schema\\\/person\\\/b8702bb0e538456e6efd07080bf2a4a2\"},\"headline\":\"AUMENTAN REPORTES POR FALLAS Y APAGONES EN LA RED DE LA CFE\",\"datePublished\":\"2025-08-20T01:49:04+00:00\",\"dateModified\":\"2025-08-20T01:49:25+00:00\",\"mainEntityOfPage\":{\"@id\":\"https:\\\/\\\/lospoliticosveracruz.com\\\/?p=150965\"},\"wordCount\":587,\"publisher\":{\"@id\":\"https:\\\/\\\/lospoliticosveracruz.com\\\/#organization\"},\"image\":{\"@id\":\"https:\\\/\\\/lospoliticosveracruz.com\\\/?p=150965#primaryimage\"},\"thumbnailUrl\":\"https:\\\/\\\/lospoliticosveracruz.com\\\/wp-content\\\/uploads\\\/2025\\\/04\\\/Ambell.jpg\",\"articleSection\":[\"De Opini\u00f3n\"],\"inLanguage\":\"es\"},{\"@type\":\"WebPage\",\"@id\":\"https:\\\/\\\/lospoliticosveracruz.com\\\/?p=150965\",\"url\":\"https:\\\/\\\/lospoliticosveracruz.com\\\/?p=150965\",\"name\":\"AUMENTAN REPORTES POR FALLAS Y APAGONES EN LA RED DE LA CFE - Los pol\u00edticos Veracruz\",\"isPartOf\":{\"@id\":\"https:\\\/\\\/lospoliticosveracruz.com\\\/#website\"},\"primaryImageOfPage\":{\"@id\":\"https:\\\/\\\/lospoliticosveracruz.com\\\/?p=150965#primaryimage\"},\"image\":{\"@id\":\"https:\\\/\\\/lospoliticosveracruz.com\\\/?p=150965#primaryimage\"},\"thumbnailUrl\":\"https:\\\/\\\/lospoliticosveracruz.com\\\/wp-content\\\/uploads\\\/2025\\\/04\\\/Ambell.jpg\",\"datePublished\":\"2025-08-20T01:49:04+00:00\",\"dateModified\":\"2025-08-20T01:49:25+00:00\",\"breadcrumb\":{\"@id\":\"https:\\\/\\\/lospoliticosveracruz.com\\\/?p=150965#breadcrumb\"},\"inLanguage\":\"es\",\"potentialAction\":[{\"@type\":\"ReadAction\",\"target\":[\"https:\\\/\\\/lospoliticosveracruz.com\\\/?p=150965\"]}]},{\"@type\":\"ImageObject\",\"inLanguage\":\"es\",\"@id\":\"https:\\\/\\\/lospoliticosveracruz.com\\\/?p=150965#primaryimage\",\"url\":\"https:\\\/\\\/lospoliticosveracruz.com\\\/wp-content\\\/uploads\\\/2025\\\/04\\\/Ambell.jpg\",\"contentUrl\":\"https:\\\/\\\/lospoliticosveracruz.com\\\/wp-content\\\/uploads\\\/2025\\\/04\\\/Ambell.jpg\",\"width\":1250,\"height\":667},{\"@type\":\"BreadcrumbList\",\"@id\":\"https:\\\/\\\/lospoliticosveracruz.com\\\/?p=150965#breadcrumb\",\"itemListElement\":[{\"@type\":\"ListItem\",\"position\":1,\"name\":\"Portada\",\"item\":\"https:\\\/\\\/lospoliticosveracruz.com\\\/\"},{\"@type\":\"ListItem\",\"position\":2,\"name\":\"AUMENTAN REPORTES POR FALLAS Y APAGONES EN LA RED DE LA CFE\"}]},{\"@type\":\"WebSite\",\"@id\":\"https:\\\/\\\/lospoliticosveracruz.com\\\/#website\",\"url\":\"https:\\\/\\\/lospoliticosveracruz.com\\\/\",\"name\":\"Los pol\u00edticos Veracruz\",\"description\":\"\",\"publisher\":{\"@id\":\"https:\\\/\\\/lospoliticosveracruz.com\\\/#organization\"},\"potentialAction\":[{\"@type\":\"SearchAction\",\"target\":{\"@type\":\"EntryPoint\",\"urlTemplate\":\"https:\\\/\\\/lospoliticosveracruz.com\\\/?s={search_term_string}\"},\"query-input\":{\"@type\":\"PropertyValueSpecification\",\"valueRequired\":true,\"valueName\":\"search_term_string\"}}],\"inLanguage\":\"es\"},{\"@type\":\"Organization\",\"@id\":\"https:\\\/\\\/lospoliticosveracruz.com\\\/#organization\",\"name\":\"Los pol\u00edticos Veracruz\",\"url\":\"https:\\\/\\\/lospoliticosveracruz.com\\\/\",\"logo\":{\"@type\":\"ImageObject\",\"inLanguage\":\"es\",\"@id\":\"https:\\\/\\\/lospoliticosveracruz.com\\\/#\\\/schema\\\/logo\\\/image\\\/\",\"url\":\"https:\\\/\\\/lospoliticosveracruz.com\\\/wp-content\\\/uploads\\\/2025\\\/12\\\/Logo-Nuevo-LOS-POLITICOS-1.jpg\",\"contentUrl\":\"https:\\\/\\\/lospoliticosveracruz.com\\\/wp-content\\\/uploads\\\/2025\\\/12\\\/Logo-Nuevo-LOS-POLITICOS-1.jpg\",\"width\":260,\"height\":70,\"caption\":\"Los pol\u00edticos Veracruz\"},\"image\":{\"@id\":\"https:\\\/\\\/lospoliticosveracruz.com\\\/#\\\/schema\\\/logo\\\/image\\\/\"},\"sameAs\":[\"https:\\\/\\\/www.facebook.com\\\/people\\\/Notimemes-de-los-Polticos\\\/61565672886568\\\/\",\"https:\\\/\\\/x.com\\\/LosPoliticosVer\"]},{\"@type\":\"Person\",\"@id\":\"https:\\\/\\\/lospoliticosveracruz.com\\\/#\\\/schema\\\/person\\\/b8702bb0e538456e6efd07080bf2a4a2\",\"name\":\"Lo viste en Los Pol\u00edticos\",\"image\":{\"@type\":\"ImageObject\",\"inLanguage\":\"es\",\"@id\":\"https:\\\/\\\/secure.gravatar.com\\\/avatar\\\/3a8de04a2656d44082be478bd6c086daa447c4651605818287b9532d3d0bd435?s=96&d=mm&r=g\",\"url\":\"https:\\\/\\\/secure.gravatar.com\\\/avatar\\\/3a8de04a2656d44082be478bd6c086daa447c4651605818287b9532d3d0bd435?s=96&d=mm&r=g\",\"contentUrl\":\"https:\\\/\\\/secure.gravatar.com\\\/avatar\\\/3a8de04a2656d44082be478bd6c086daa447c4651605818287b9532d3d0bd435?s=96&d=mm&r=g\",\"caption\":\"Lo viste en Los Pol\u00edticos\"},\"url\":\"https:\\\/\\\/lospoliticosveracruz.com\\\/?author=2\"}]}<\/script>\n<!-- \/ Yoast SEO plugin. -->","yoast_head_json":{"title":"AUMENTAN REPORTES POR FALLAS Y APAGONES EN LA RED DE LA CFE - Los pol\u00edticos Veracruz","robots":{"index":"index","follow":"follow","max-snippet":"max-snippet:-1","max-image-preview":"max-image-preview:large","max-video-preview":"max-video-preview:-1"},"canonical":"https:\/\/lospoliticosveracruz.com\/?p=150965","og_locale":"es_ES","og_type":"article","og_title":"AUMENTAN REPORTES POR FALLAS Y APAGONES EN LA RED DE LA CFE - Los pol\u00edticos Veracruz","og_description":"Jos\u00e9 Luis Enr\u00edquez Ambell Caf\u00e9 de Ma\u00f1ana Nunca como ahora la CFE ha estado tan mal en su servicio; quien diga lo contrario, miente. En las zonas sur, centro y norte de Veracruz hay tres \u00e1reas que no pasan por sus mejores momentos: generaci\u00f3n, transmisi\u00f3n y distribuci\u00f3n. Y pareciera que no hay para cu\u00e1ndo se [&hellip;]","og_url":"https:\/\/lospoliticosveracruz.com\/?p=150965","og_site_name":"Los pol\u00edticos Veracruz","article_publisher":"https:\/\/www.facebook.com\/people\/Notimemes-de-los-Polticos\/61565672886568\/","article_published_time":"2025-08-20T01:49:04+00:00","article_modified_time":"2025-08-20T01:49:25+00:00","og_image":[{"width":1250,"height":667,"url":"https:\/\/lospoliticosveracruz.com\/wp-content\/uploads\/2025\/04\/Ambell.jpg","type":"image\/jpeg"}],"author":"Lo viste en Los Pol\u00edticos","twitter_card":"summary_large_image","twitter_creator":"@LosPoliticosVer","twitter_site":"@LosPoliticosVer","twitter_misc":{"Escrito por":"Lo viste en Los Pol\u00edticos","Tiempo de lectura":"3 minutos"},"schema":{"@context":"https:\/\/schema.org","@graph":[{"@type":"Article","@id":"https:\/\/lospoliticosveracruz.com\/?p=150965#article","isPartOf":{"@id":"https:\/\/lospoliticosveracruz.com\/?p=150965"},"author":{"name":"Lo viste en Los Pol\u00edticos","@id":"https:\/\/lospoliticosveracruz.com\/#\/schema\/person\/b8702bb0e538456e6efd07080bf2a4a2"},"headline":"AUMENTAN REPORTES POR FALLAS Y APAGONES EN LA RED DE LA CFE","datePublished":"2025-08-20T01:49:04+00:00","dateModified":"2025-08-20T01:49:25+00:00","mainEntityOfPage":{"@id":"https:\/\/lospoliticosveracruz.com\/?p=150965"},"wordCount":587,"publisher":{"@id":"https:\/\/lospoliticosveracruz.com\/#organization"},"image":{"@id":"https:\/\/lospoliticosveracruz.com\/?p=150965#primaryimage"},"thumbnailUrl":"https:\/\/lospoliticosveracruz.com\/wp-content\/uploads\/2025\/04\/Ambell.jpg","articleSection":["De Opini\u00f3n"],"inLanguage":"es"},{"@type":"WebPage","@id":"https:\/\/lospoliticosveracruz.com\/?p=150965","url":"https:\/\/lospoliticosveracruz.com\/?p=150965","name":"AUMENTAN REPORTES POR FALLAS Y APAGONES EN LA RED DE LA CFE - Los pol\u00edticos Veracruz","isPartOf":{"@id":"https:\/\/lospoliticosveracruz.com\/#website"},"primaryImageOfPage":{"@id":"https:\/\/lospoliticosveracruz.com\/?p=150965#primaryimage"},"image":{"@id":"https:\/\/lospoliticosveracruz.com\/?p=150965#primaryimage"},"thumbnailUrl":"https:\/\/lospoliticosveracruz.com\/wp-content\/uploads\/2025\/04\/Ambell.jpg","datePublished":"2025-08-20T01:49:04+00:00","dateModified":"2025-08-20T01:49:25+00:00","breadcrumb":{"@id":"https:\/\/lospoliticosveracruz.com\/?p=150965#breadcrumb"},"inLanguage":"es","potentialAction":[{"@type":"ReadAction","target":["https:\/\/lospoliticosveracruz.com\/?p=150965"]}]},{"@type":"ImageObject","inLanguage":"es","@id":"https:\/\/lospoliticosveracruz.com\/?p=150965#primaryimage","url":"https:\/\/lospoliticosveracruz.com\/wp-content\/uploads\/2025\/04\/Ambell.jpg","contentUrl":"https:\/\/lospoliticosveracruz.com\/wp-content\/uploads\/2025\/04\/Ambell.jpg","width":1250,"height":667},{"@type":"BreadcrumbList","@id":"https:\/\/lospoliticosveracruz.com\/?p=150965#breadcrumb","itemListElement":[{"@type":"ListItem","position":1,"name":"Portada","item":"https:\/\/lospoliticosveracruz.com\/"},{"@type":"ListItem","position":2,"name":"AUMENTAN REPORTES POR FALLAS Y APAGONES EN LA RED DE LA CFE"}]},{"@type":"WebSite","@id":"https:\/\/lospoliticosveracruz.com\/#website","url":"https:\/\/lospoliticosveracruz.com\/","name":"Los pol\u00edticos Veracruz","description":"","publisher":{"@id":"https:\/\/lospoliticosveracruz.com\/#organization"},"potentialAction":[{"@type":"SearchAction","target":{"@type":"EntryPoint","urlTemplate":"https:\/\/lospoliticosveracruz.com\/?s={search_term_string}"},"query-input":{"@type":"PropertyValueSpecification","valueRequired":true,"valueName":"search_term_string"}}],"inLanguage":"es"},{"@type":"Organization","@id":"https:\/\/lospoliticosveracruz.com\/#organization","name":"Los pol\u00edticos Veracruz","url":"https:\/\/lospoliticosveracruz.com\/","logo":{"@type":"ImageObject","inLanguage":"es","@id":"https:\/\/lospoliticosveracruz.com\/#\/schema\/logo\/image\/","url":"https:\/\/lospoliticosveracruz.com\/wp-content\/uploads\/2025\/12\/Logo-Nuevo-LOS-POLITICOS-1.jpg","contentUrl":"https:\/\/lospoliticosveracruz.com\/wp-content\/uploads\/2025\/12\/Logo-Nuevo-LOS-POLITICOS-1.jpg","width":260,"height":70,"caption":"Los pol\u00edticos Veracruz"},"image":{"@id":"https:\/\/lospoliticosveracruz.com\/#\/schema\/logo\/image\/"},"sameAs":["https:\/\/www.facebook.com\/people\/Notimemes-de-los-Polticos\/61565672886568\/","https:\/\/x.com\/LosPoliticosVer"]},{"@type":"Person","@id":"https:\/\/lospoliticosveracruz.com\/#\/schema\/person\/b8702bb0e538456e6efd07080bf2a4a2","name":"Lo viste en Los Pol\u00edticos","image":{"@type":"ImageObject","inLanguage":"es","@id":"https:\/\/secure.gravatar.com\/avatar\/3a8de04a2656d44082be478bd6c086daa447c4651605818287b9532d3d0bd435?s=96&d=mm&r=g","url":"https:\/\/secure.gravatar.com\/avatar\/3a8de04a2656d44082be478bd6c086daa447c4651605818287b9532d3d0bd435?s=96&d=mm&r=g","contentUrl":"https:\/\/secure.gravatar.com\/avatar\/3a8de04a2656d44082be478bd6c086daa447c4651605818287b9532d3d0bd435?s=96&d=mm&r=g","caption":"Lo viste en Los Pol\u00edticos"},"url":"https:\/\/lospoliticosveracruz.com\/?author=2"}]}},"_links":{"self":[{"href":"https:\/\/lospoliticosveracruz.com\/index.php?rest_route=\/wp\/v2\/posts\/150965","targetHints":{"allow":["GET"]}}],"collection":[{"href":"https:\/\/lospoliticosveracruz.com\/index.php?rest_route=\/wp\/v2\/posts"}],"about":[{"href":"https:\/\/lospoliticosveracruz.com\/index.php?rest_route=\/wp\/v2\/types\/post"}],"author":[{"embeddable":true,"href":"https:\/\/lospoliticosveracruz.com\/index.php?rest_route=\/wp\/v2\/users\/2"}],"replies":[{"embeddable":true,"href":"https:\/\/lospoliticosveracruz.com\/index.php?rest_route=%2Fwp%2Fv2%2Fcomments&post=150965"}],"version-history":[{"count":2,"href":"https:\/\/lospoliticosveracruz.com\/index.php?rest_route=\/wp\/v2\/posts\/150965\/revisions"}],"predecessor-version":[{"id":150967,"href":"https:\/\/lospoliticosveracruz.com\/index.php?rest_route=\/wp\/v2\/posts\/150965\/revisions\/150967"}],"wp:featuredmedia":[{"embeddable":true,"href":"https:\/\/lospoliticosveracruz.com\/index.php?rest_route=\/wp\/v2\/media\/141435"}],"wp:attachment":[{"href":"https:\/\/lospoliticosveracruz.com\/index.php?rest_route=%2Fwp%2Fv2%2Fmedia&parent=150965"}],"wp:term":[{"taxonomy":"category","embeddable":true,"href":"https:\/\/lospoliticosveracruz.com\/index.php?rest_route=%2Fwp%2Fv2%2Fcategories&post=150965"},{"taxonomy":"post_tag","embeddable":true,"href":"https:\/\/lospoliticosveracruz.com\/index.php?rest_route=%2Fwp%2Fv2%2Ftags&post=150965"}],"curies":[{"name":"wp","href":"https:\/\/api.w.org\/{rel}","templated":true}]}}