{"id":150971,"date":"2025-08-19T21:31:09","date_gmt":"2025-08-20T02:31:09","guid":{"rendered":"https:\/\/lospoliticosveracruz.com.mx\/?p=150971"},"modified":"2025-08-19T21:31:40","modified_gmt":"2025-08-20T02:31:40","slug":"la-dea-en-mexico","status":"publish","type":"post","link":"https:\/\/lospoliticosveracruz.com\/?p=150971","title":{"rendered":"LA DEA EN M\u00c9XICO"},"content":{"rendered":"\n\n\n<p><strong>Carlos Miguel Acosta Bravo*<\/strong><\/p>\n\n\n\n<p><em>Impronta<\/em><\/p>\n\n\n\n<p>A diferencia de lo que ocurri\u00f3 en el sexenio anterior, en donde no se permiti\u00f3 el acceso a integrantes de la DEA, al inicio de este nuevo gobierno federal la presidenta Claudia Sheinbaum ha reestablecido, en buena parte por las presiones del presidente Donald Trump, la colaboraci\u00f3n con las diferentes agencias estadounidenses, de manera particular con la Drug Enforcement Administration (DEA).<\/p>\n\n\n\n<p>El nuevo acuerdo entre M\u00e9xico y la DEA para combatir a los capos fronterizos consiste principalmente en el lanzamiento del \u00abProyecto Portero\u00bb, mediante el cual elementos de la DEA entrenan a agentes mexicanos para enfrentar a los jefes de plaza y l\u00edderes criminales que operan en la frontera com\u00fan entre ambos pa\u00edses.<\/p>\n\n\n\n<p>Este proyecto incluye capacitaci\u00f3n intensiva de funcionarios mexicanos en centros policiales estadounidenses, impartida por militares, agentes de inteligencia y fiscal\u00edas estadounidenses, con el objetivo de desmantelar organizaciones criminales dedicadas al tr\u00e1fico de drogas, armas y dinero. La cooperaci\u00f3n marca un giro en la relaci\u00f3n bilateral, con mayor colaboraci\u00f3n y apoyo mutuo en contraste con a\u00f1os anteriores donde predominaba la desconfianza.<\/p>\n\n\n\n<p>Se espera que el acuerdo fortalezca la lucha contra el narcotr\u00e1fico y reduzca la violencia en zonas fronterizas mediante operaciones conjuntas y mejor entrenamiento, lo que puede mejorar el control de la frontera y disminuir actividades criminales.<\/p>\n\n\n\n<p>Aunque el gobierno mexicano ha defendido que estas acciones se hacen con plena soberan\u00eda y en beneficio de la seguridad nacional, esta cooperaci\u00f3n profunda con una agencia extranjera genera preocupaciones sobre la autonom\u00eda del pa\u00eds en materia de seguridad. Algunos sectores temen que la presencia y entrenamiento de la DEA pueda interferir en decisiones internas y la capacidad del Estado para ejercer control pleno en su territorio.<\/p>\n\n\n\n<p>Este acuerdo refleja una estrategia compartida para enfrentar problemas transnacionales como el narcotr\u00e1fico, pero requiere un equilibrio delicado para mantener la integridad y autoridad del Estado mexicano evitando percepciones de subordinaci\u00f3n.<\/p>\n\n\n\n<p>En conclusi\u00f3n, el acuerdo con la DEA para combatir a los capos fronterizos representa un avance operativo significativo para la seguridad, pero plantea desaf\u00edos en el manejo y percepci\u00f3n de la soberan\u00eda nacional. El \u00e9xito depender\u00e1 de la transparencia, respeto mutuo y la capacidad de M\u00e9xico para preservar su autonom\u00eda mientras fortalece sus capacidades de seguridad a trav\u00e9s de la cooperaci\u00f3n internacional.<\/p>\n\n\n\n<p>El Proyecto Portero implica un importante avance para la cooperaci\u00f3n judicial y policial entre M\u00e9xico y Estados Unidos, con las siguientes caracter\u00edsticas e implicaciones principales:<\/p>\n\n\n\n<p>Agentes mexicanos ser\u00e1n entrenados en centros policiales estadounidenses por funcionarios militares, de inteligencia y fiscales de Estados Unidos para enfrentar a capos y jefes de plaza que operan en la frontera com\u00fan. Esto implica un intercambio de conocimientos, t\u00e9cnicas e informaci\u00f3n estrat\u00e9gicamente valiosa.<\/p>\n\n\n\n<p>El proyecto fomenta el desarrollo de estrategias coordinadas y operaciones conjuntas, junto con la identificaci\u00f3n de objetivos comunes para combatir de manera m\u00e1s efectiva a las organizaciones criminales trasnacionales.<\/p>\n\n\n\n<p>El fortalecimiento del flujo de datos y evidencia entre agencias permitir\u00e1 una investigaci\u00f3n m\u00e1s \u00e1gil y profunda, vital para desmantelar redes de narcotr\u00e1fico, lavado de dinero y tr\u00e1fico de armas.<\/p>\n\n\n\n<p>El acuerdo facilita la cooperaci\u00f3n en materia judicial, apoyando la emisi\u00f3n y cumplimiento de \u00f3rdenes de arresto, extradiciones y procesos penales efectivos para capos y otros delincuentes.<\/p>\n\n\n\n<p>Aunque la cooperaci\u00f3n es estrecha, el proyecto se realiza bajo principios de respeto mutuo y en el marco de acuerdos legales y diplom\u00e1ticos, procurando proteger la soberan\u00eda nacional mexicana.<\/p>\n\n\n\n<p>La alianza busca reducir la violencia y actividades criminales en las zonas fronterizas, fortaleciendo el control y la estabilidad de ambos pa\u00edses en una regi\u00f3n clave para la seguridad continental.<\/p>\n\n\n\n<p>En esencia, el Proyecto Portero representa una cooperaci\u00f3n policial y judicial integral que combina entrenamiento, inteligencia compartida y operaciones conjuntas, fortaleciendo la capacidad de M\u00e9xico y Estados Unidos para combatir el crimen organizado de forma coordinada, eficiente y respetuosa de la soberan\u00eda, con impactos esperados en la mejora de la seguridad nacional y la justicia transfronteriza para ambos pa\u00edses.\u200b<\/p>\n\n\n\n<p>Comente u opine a :<\/p>\n\n\n\n<p>cacostabravo@yahoo.com.mx<\/p>\n\n\n\n<p>\u200b<\/p>\n\n\n\n<p>*Maestro en comunicaci\u00f3n por la Universidad Iberoamericana, de la cual form\u00f3 parte del claustro de profesores de la Licenciatura en Comunicaci\u00f3n, as\u00ed como de la Universidad An\u00e1huac, camp\u00fas norte de CDMX.<\/p>\n","protected":false},"excerpt":{"rendered":"<p>Carlos Miguel Acosta Bravo* Impronta A diferencia de lo que ocurri\u00f3 en el sexenio anterior, en donde no se permiti\u00f3 el acceso a integrantes de la DEA, al inicio de este nuevo gobierno federal la presidenta Claudia Sheinbaum ha reestablecido, en buena parte por las presiones del presidente Donald Trump, la colaboraci\u00f3n con las diferentes [&hellip;]<\/p>\n","protected":false},"author":2,"featured_media":141377,"comment_status":"closed","ping_status":"closed","sticky":false,"template":"","format":"standard","meta":{"tdm_status":"","tdm_grid_status":"","footnotes":""},"categories":[70],"tags":[43303],"class_list":{"0":"post-150971","1":"post","2":"type-post","3":"status-publish","4":"format-standard","5":"has-post-thumbnail","7":"category-de-opinion","8":"tag-carlos-miguel-acosta-bravo-2"},"yoast_head":"<!-- This site is optimized with the Yoast SEO plugin v27.4 - https:\/\/yoast.com\/product\/yoast-seo-wordpress\/ -->\n<title>LA DEA EN M\u00c9XICO - Los pol\u00edticos Veracruz<\/title>\n<meta name=\"robots\" content=\"index, follow, max-snippet:-1, max-image-preview:large, max-video-preview:-1\" \/>\n<link rel=\"canonical\" href=\"https:\/\/lospoliticosveracruz.com\/?p=150971\" \/>\n<meta property=\"og:locale\" content=\"es_ES\" \/>\n<meta property=\"og:type\" content=\"article\" \/>\n<meta property=\"og:title\" content=\"LA DEA EN M\u00c9XICO - Los pol\u00edticos Veracruz\" \/>\n<meta property=\"og:description\" content=\"Carlos Miguel Acosta Bravo* Impronta A diferencia de lo que ocurri\u00f3 en el sexenio anterior, en donde no se permiti\u00f3 el acceso a integrantes de la DEA, al inicio de este nuevo gobierno federal la presidenta Claudia Sheinbaum ha reestablecido, en buena parte por las presiones del presidente Donald Trump, la colaboraci\u00f3n con las diferentes [&hellip;]\" \/>\n<meta property=\"og:url\" content=\"https:\/\/lospoliticosveracruz.com\/?p=150971\" \/>\n<meta property=\"og:site_name\" content=\"Los pol\u00edticos Veracruz\" \/>\n<meta property=\"article:publisher\" content=\"https:\/\/www.facebook.com\/people\/Notimemes-de-los-Polticos\/61565672886568\/\" \/>\n<meta property=\"article:published_time\" content=\"2025-08-20T02:31:09+00:00\" \/>\n<meta property=\"article:modified_time\" content=\"2025-08-20T02:31:40+00:00\" \/>\n<meta property=\"og:image\" content=\"https:\/\/lospoliticosveracruz.com\/wp-content\/uploads\/2025\/04\/Carlos-Miguel-Acosta-Bravo.jpg\" \/>\n\t<meta property=\"og:image:width\" content=\"1250\" \/>\n\t<meta property=\"og:image:height\" content=\"667\" \/>\n\t<meta property=\"og:image:type\" content=\"image\/jpeg\" \/>\n<meta name=\"author\" content=\"Lo viste en Los Pol\u00edticos\" \/>\n<meta name=\"twitter:card\" content=\"summary_large_image\" \/>\n<meta name=\"twitter:creator\" content=\"@LosPoliticosVer\" \/>\n<meta name=\"twitter:site\" content=\"@LosPoliticosVer\" \/>\n<meta name=\"twitter:label1\" content=\"Escrito por\" \/>\n\t<meta name=\"twitter:data1\" content=\"Lo viste en Los Pol\u00edticos\" \/>\n\t<meta name=\"twitter:label2\" content=\"Tiempo de lectura\" \/>\n\t<meta name=\"twitter:data2\" content=\"4 minutos\" \/>\n<script type=\"application\/ld+json\" class=\"yoast-schema-graph\">{\"@context\":\"https:\\\/\\\/schema.org\",\"@graph\":[{\"@type\":\"Article\",\"@id\":\"https:\\\/\\\/lospoliticosveracruz.com\\\/?p=150971#article\",\"isPartOf\":{\"@id\":\"https:\\\/\\\/lospoliticosveracruz.com\\\/?p=150971\"},\"author\":{\"name\":\"Lo viste en Los Pol\u00edticos\",\"@id\":\"https:\\\/\\\/lospoliticosveracruz.com\\\/#\\\/schema\\\/person\\\/b8702bb0e538456e6efd07080bf2a4a2\"},\"headline\":\"LA DEA EN M\u00c9XICO\",\"datePublished\":\"2025-08-20T02:31:09+00:00\",\"dateModified\":\"2025-08-20T02:31:40+00:00\",\"mainEntityOfPage\":{\"@id\":\"https:\\\/\\\/lospoliticosveracruz.com\\\/?p=150971\"},\"wordCount\":747,\"publisher\":{\"@id\":\"https:\\\/\\\/lospoliticosveracruz.com\\\/#organization\"},\"image\":{\"@id\":\"https:\\\/\\\/lospoliticosveracruz.com\\\/?p=150971#primaryimage\"},\"thumbnailUrl\":\"https:\\\/\\\/lospoliticosveracruz.com\\\/wp-content\\\/uploads\\\/2025\\\/04\\\/Carlos-Miguel-Acosta-Bravo.jpg\",\"keywords\":[\"Carlos Miguel Acosta Bravo\"],\"articleSection\":[\"De Opini\u00f3n\"],\"inLanguage\":\"es\"},{\"@type\":\"WebPage\",\"@id\":\"https:\\\/\\\/lospoliticosveracruz.com\\\/?p=150971\",\"url\":\"https:\\\/\\\/lospoliticosveracruz.com\\\/?p=150971\",\"name\":\"LA DEA EN M\u00c9XICO - Los pol\u00edticos Veracruz\",\"isPartOf\":{\"@id\":\"https:\\\/\\\/lospoliticosveracruz.com\\\/#website\"},\"primaryImageOfPage\":{\"@id\":\"https:\\\/\\\/lospoliticosveracruz.com\\\/?p=150971#primaryimage\"},\"image\":{\"@id\":\"https:\\\/\\\/lospoliticosveracruz.com\\\/?p=150971#primaryimage\"},\"thumbnailUrl\":\"https:\\\/\\\/lospoliticosveracruz.com\\\/wp-content\\\/uploads\\\/2025\\\/04\\\/Carlos-Miguel-Acosta-Bravo.jpg\",\"datePublished\":\"2025-08-20T02:31:09+00:00\",\"dateModified\":\"2025-08-20T02:31:40+00:00\",\"breadcrumb\":{\"@id\":\"https:\\\/\\\/lospoliticosveracruz.com\\\/?p=150971#breadcrumb\"},\"inLanguage\":\"es\",\"potentialAction\":[{\"@type\":\"ReadAction\",\"target\":[\"https:\\\/\\\/lospoliticosveracruz.com\\\/?p=150971\"]}]},{\"@type\":\"ImageObject\",\"inLanguage\":\"es\",\"@id\":\"https:\\\/\\\/lospoliticosveracruz.com\\\/?p=150971#primaryimage\",\"url\":\"https:\\\/\\\/lospoliticosveracruz.com\\\/wp-content\\\/uploads\\\/2025\\\/04\\\/Carlos-Miguel-Acosta-Bravo.jpg\",\"contentUrl\":\"https:\\\/\\\/lospoliticosveracruz.com\\\/wp-content\\\/uploads\\\/2025\\\/04\\\/Carlos-Miguel-Acosta-Bravo.jpg\",\"width\":1250,\"height\":667},{\"@type\":\"BreadcrumbList\",\"@id\":\"https:\\\/\\\/lospoliticosveracruz.com\\\/?p=150971#breadcrumb\",\"itemListElement\":[{\"@type\":\"ListItem\",\"position\":1,\"name\":\"Portada\",\"item\":\"https:\\\/\\\/lospoliticosveracruz.com\\\/\"},{\"@type\":\"ListItem\",\"position\":2,\"name\":\"LA DEA EN M\u00c9XICO\"}]},{\"@type\":\"WebSite\",\"@id\":\"https:\\\/\\\/lospoliticosveracruz.com\\\/#website\",\"url\":\"https:\\\/\\\/lospoliticosveracruz.com\\\/\",\"name\":\"Los pol\u00edticos Veracruz\",\"description\":\"\",\"publisher\":{\"@id\":\"https:\\\/\\\/lospoliticosveracruz.com\\\/#organization\"},\"potentialAction\":[{\"@type\":\"SearchAction\",\"target\":{\"@type\":\"EntryPoint\",\"urlTemplate\":\"https:\\\/\\\/lospoliticosveracruz.com\\\/?s={search_term_string}\"},\"query-input\":{\"@type\":\"PropertyValueSpecification\",\"valueRequired\":true,\"valueName\":\"search_term_string\"}}],\"inLanguage\":\"es\"},{\"@type\":\"Organization\",\"@id\":\"https:\\\/\\\/lospoliticosveracruz.com\\\/#organization\",\"name\":\"Los pol\u00edticos Veracruz\",\"url\":\"https:\\\/\\\/lospoliticosveracruz.com\\\/\",\"logo\":{\"@type\":\"ImageObject\",\"inLanguage\":\"es\",\"@id\":\"https:\\\/\\\/lospoliticosveracruz.com\\\/#\\\/schema\\\/logo\\\/image\\\/\",\"url\":\"https:\\\/\\\/lospoliticosveracruz.com\\\/wp-content\\\/uploads\\\/2025\\\/12\\\/Logo-Nuevo-LOS-POLITICOS-1.jpg\",\"contentUrl\":\"https:\\\/\\\/lospoliticosveracruz.com\\\/wp-content\\\/uploads\\\/2025\\\/12\\\/Logo-Nuevo-LOS-POLITICOS-1.jpg\",\"width\":260,\"height\":70,\"caption\":\"Los pol\u00edticos Veracruz\"},\"image\":{\"@id\":\"https:\\\/\\\/lospoliticosveracruz.com\\\/#\\\/schema\\\/logo\\\/image\\\/\"},\"sameAs\":[\"https:\\\/\\\/www.facebook.com\\\/people\\\/Notimemes-de-los-Polticos\\\/61565672886568\\\/\",\"https:\\\/\\\/x.com\\\/LosPoliticosVer\"]},{\"@type\":\"Person\",\"@id\":\"https:\\\/\\\/lospoliticosveracruz.com\\\/#\\\/schema\\\/person\\\/b8702bb0e538456e6efd07080bf2a4a2\",\"name\":\"Lo viste en Los Pol\u00edticos\",\"image\":{\"@type\":\"ImageObject\",\"inLanguage\":\"es\",\"@id\":\"https:\\\/\\\/secure.gravatar.com\\\/avatar\\\/3a8de04a2656d44082be478bd6c086daa447c4651605818287b9532d3d0bd435?s=96&d=mm&r=g\",\"url\":\"https:\\\/\\\/secure.gravatar.com\\\/avatar\\\/3a8de04a2656d44082be478bd6c086daa447c4651605818287b9532d3d0bd435?s=96&d=mm&r=g\",\"contentUrl\":\"https:\\\/\\\/secure.gravatar.com\\\/avatar\\\/3a8de04a2656d44082be478bd6c086daa447c4651605818287b9532d3d0bd435?s=96&d=mm&r=g\",\"caption\":\"Lo viste en Los Pol\u00edticos\"},\"url\":\"https:\\\/\\\/lospoliticosveracruz.com\\\/?author=2\"}]}<\/script>\n<!-- \/ Yoast SEO plugin. -->","yoast_head_json":{"title":"LA DEA EN M\u00c9XICO - Los pol\u00edticos Veracruz","robots":{"index":"index","follow":"follow","max-snippet":"max-snippet:-1","max-image-preview":"max-image-preview:large","max-video-preview":"max-video-preview:-1"},"canonical":"https:\/\/lospoliticosveracruz.com\/?p=150971","og_locale":"es_ES","og_type":"article","og_title":"LA DEA EN M\u00c9XICO - Los pol\u00edticos Veracruz","og_description":"Carlos Miguel Acosta Bravo* Impronta A diferencia de lo que ocurri\u00f3 en el sexenio anterior, en donde no se permiti\u00f3 el acceso a integrantes de la DEA, al inicio de este nuevo gobierno federal la presidenta Claudia Sheinbaum ha reestablecido, en buena parte por las presiones del presidente Donald Trump, la colaboraci\u00f3n con las diferentes [&hellip;]","og_url":"https:\/\/lospoliticosveracruz.com\/?p=150971","og_site_name":"Los pol\u00edticos Veracruz","article_publisher":"https:\/\/www.facebook.com\/people\/Notimemes-de-los-Polticos\/61565672886568\/","article_published_time":"2025-08-20T02:31:09+00:00","article_modified_time":"2025-08-20T02:31:40+00:00","og_image":[{"width":1250,"height":667,"url":"https:\/\/lospoliticosveracruz.com\/wp-content\/uploads\/2025\/04\/Carlos-Miguel-Acosta-Bravo.jpg","type":"image\/jpeg"}],"author":"Lo viste en Los Pol\u00edticos","twitter_card":"summary_large_image","twitter_creator":"@LosPoliticosVer","twitter_site":"@LosPoliticosVer","twitter_misc":{"Escrito por":"Lo viste en Los Pol\u00edticos","Tiempo de lectura":"4 minutos"},"schema":{"@context":"https:\/\/schema.org","@graph":[{"@type":"Article","@id":"https:\/\/lospoliticosveracruz.com\/?p=150971#article","isPartOf":{"@id":"https:\/\/lospoliticosveracruz.com\/?p=150971"},"author":{"name":"Lo viste en Los Pol\u00edticos","@id":"https:\/\/lospoliticosveracruz.com\/#\/schema\/person\/b8702bb0e538456e6efd07080bf2a4a2"},"headline":"LA DEA EN M\u00c9XICO","datePublished":"2025-08-20T02:31:09+00:00","dateModified":"2025-08-20T02:31:40+00:00","mainEntityOfPage":{"@id":"https:\/\/lospoliticosveracruz.com\/?p=150971"},"wordCount":747,"publisher":{"@id":"https:\/\/lospoliticosveracruz.com\/#organization"},"image":{"@id":"https:\/\/lospoliticosveracruz.com\/?p=150971#primaryimage"},"thumbnailUrl":"https:\/\/lospoliticosveracruz.com\/wp-content\/uploads\/2025\/04\/Carlos-Miguel-Acosta-Bravo.jpg","keywords":["Carlos Miguel Acosta Bravo"],"articleSection":["De Opini\u00f3n"],"inLanguage":"es"},{"@type":"WebPage","@id":"https:\/\/lospoliticosveracruz.com\/?p=150971","url":"https:\/\/lospoliticosveracruz.com\/?p=150971","name":"LA DEA EN M\u00c9XICO - Los pol\u00edticos Veracruz","isPartOf":{"@id":"https:\/\/lospoliticosveracruz.com\/#website"},"primaryImageOfPage":{"@id":"https:\/\/lospoliticosveracruz.com\/?p=150971#primaryimage"},"image":{"@id":"https:\/\/lospoliticosveracruz.com\/?p=150971#primaryimage"},"thumbnailUrl":"https:\/\/lospoliticosveracruz.com\/wp-content\/uploads\/2025\/04\/Carlos-Miguel-Acosta-Bravo.jpg","datePublished":"2025-08-20T02:31:09+00:00","dateModified":"2025-08-20T02:31:40+00:00","breadcrumb":{"@id":"https:\/\/lospoliticosveracruz.com\/?p=150971#breadcrumb"},"inLanguage":"es","potentialAction":[{"@type":"ReadAction","target":["https:\/\/lospoliticosveracruz.com\/?p=150971"]}]},{"@type":"ImageObject","inLanguage":"es","@id":"https:\/\/lospoliticosveracruz.com\/?p=150971#primaryimage","url":"https:\/\/lospoliticosveracruz.com\/wp-content\/uploads\/2025\/04\/Carlos-Miguel-Acosta-Bravo.jpg","contentUrl":"https:\/\/lospoliticosveracruz.com\/wp-content\/uploads\/2025\/04\/Carlos-Miguel-Acosta-Bravo.jpg","width":1250,"height":667},{"@type":"BreadcrumbList","@id":"https:\/\/lospoliticosveracruz.com\/?p=150971#breadcrumb","itemListElement":[{"@type":"ListItem","position":1,"name":"Portada","item":"https:\/\/lospoliticosveracruz.com\/"},{"@type":"ListItem","position":2,"name":"LA DEA EN M\u00c9XICO"}]},{"@type":"WebSite","@id":"https:\/\/lospoliticosveracruz.com\/#website","url":"https:\/\/lospoliticosveracruz.com\/","name":"Los pol\u00edticos Veracruz","description":"","publisher":{"@id":"https:\/\/lospoliticosveracruz.com\/#organization"},"potentialAction":[{"@type":"SearchAction","target":{"@type":"EntryPoint","urlTemplate":"https:\/\/lospoliticosveracruz.com\/?s={search_term_string}"},"query-input":{"@type":"PropertyValueSpecification","valueRequired":true,"valueName":"search_term_string"}}],"inLanguage":"es"},{"@type":"Organization","@id":"https:\/\/lospoliticosveracruz.com\/#organization","name":"Los pol\u00edticos Veracruz","url":"https:\/\/lospoliticosveracruz.com\/","logo":{"@type":"ImageObject","inLanguage":"es","@id":"https:\/\/lospoliticosveracruz.com\/#\/schema\/logo\/image\/","url":"https:\/\/lospoliticosveracruz.com\/wp-content\/uploads\/2025\/12\/Logo-Nuevo-LOS-POLITICOS-1.jpg","contentUrl":"https:\/\/lospoliticosveracruz.com\/wp-content\/uploads\/2025\/12\/Logo-Nuevo-LOS-POLITICOS-1.jpg","width":260,"height":70,"caption":"Los pol\u00edticos Veracruz"},"image":{"@id":"https:\/\/lospoliticosveracruz.com\/#\/schema\/logo\/image\/"},"sameAs":["https:\/\/www.facebook.com\/people\/Notimemes-de-los-Polticos\/61565672886568\/","https:\/\/x.com\/LosPoliticosVer"]},{"@type":"Person","@id":"https:\/\/lospoliticosveracruz.com\/#\/schema\/person\/b8702bb0e538456e6efd07080bf2a4a2","name":"Lo viste en Los Pol\u00edticos","image":{"@type":"ImageObject","inLanguage":"es","@id":"https:\/\/secure.gravatar.com\/avatar\/3a8de04a2656d44082be478bd6c086daa447c4651605818287b9532d3d0bd435?s=96&d=mm&r=g","url":"https:\/\/secure.gravatar.com\/avatar\/3a8de04a2656d44082be478bd6c086daa447c4651605818287b9532d3d0bd435?s=96&d=mm&r=g","contentUrl":"https:\/\/secure.gravatar.com\/avatar\/3a8de04a2656d44082be478bd6c086daa447c4651605818287b9532d3d0bd435?s=96&d=mm&r=g","caption":"Lo viste en Los Pol\u00edticos"},"url":"https:\/\/lospoliticosveracruz.com\/?author=2"}]}},"_links":{"self":[{"href":"https:\/\/lospoliticosveracruz.com\/index.php?rest_route=\/wp\/v2\/posts\/150971","targetHints":{"allow":["GET"]}}],"collection":[{"href":"https:\/\/lospoliticosveracruz.com\/index.php?rest_route=\/wp\/v2\/posts"}],"about":[{"href":"https:\/\/lospoliticosveracruz.com\/index.php?rest_route=\/wp\/v2\/types\/post"}],"author":[{"embeddable":true,"href":"https:\/\/lospoliticosveracruz.com\/index.php?rest_route=\/wp\/v2\/users\/2"}],"replies":[{"embeddable":true,"href":"https:\/\/lospoliticosveracruz.com\/index.php?rest_route=%2Fwp%2Fv2%2Fcomments&post=150971"}],"version-history":[{"count":1,"href":"https:\/\/lospoliticosveracruz.com\/index.php?rest_route=\/wp\/v2\/posts\/150971\/revisions"}],"predecessor-version":[{"id":150972,"href":"https:\/\/lospoliticosveracruz.com\/index.php?rest_route=\/wp\/v2\/posts\/150971\/revisions\/150972"}],"wp:featuredmedia":[{"embeddable":true,"href":"https:\/\/lospoliticosveracruz.com\/index.php?rest_route=\/wp\/v2\/media\/141377"}],"wp:attachment":[{"href":"https:\/\/lospoliticosveracruz.com\/index.php?rest_route=%2Fwp%2Fv2%2Fmedia&parent=150971"}],"wp:term":[{"taxonomy":"category","embeddable":true,"href":"https:\/\/lospoliticosveracruz.com\/index.php?rest_route=%2Fwp%2Fv2%2Fcategories&post=150971"},{"taxonomy":"post_tag","embeddable":true,"href":"https:\/\/lospoliticosveracruz.com\/index.php?rest_route=%2Fwp%2Fv2%2Ftags&post=150971"}],"curies":[{"name":"wp","href":"https:\/\/api.w.org\/{rel}","templated":true}]}}