{"id":151036,"date":"2025-08-20T14:43:49","date_gmt":"2025-08-20T19:43:49","guid":{"rendered":"https:\/\/lospoliticosveracruz.com.mx\/?p=151036"},"modified":"2025-08-20T21:06:56","modified_gmt":"2025-08-21T02:06:56","slug":"silverio-nuevo-jefe","status":"publish","type":"post","link":"https:\/\/lospoliticosveracruz.com\/?p=151036","title":{"rendered":"SILVERIO, NUEVO JEFE!"},"content":{"rendered":"\n\n\n<p><br><\/p>\n\n\n\n<p>El <strong>presidente de la Junta de Coordinaci\u00f3n Pol\u00edtica (Jucopo)<\/strong> de la <strong>LXVII Legislatura<\/strong>, diputado <strong>Esteban Bautista Hern\u00e1ndez<\/strong>, entreg\u00f3 al comunicador <strong>Silverio Quevedo Elox<\/strong> el nombramiento que lo acredita como titular de la <strong>Coordinaci\u00f3n de Comunicaci\u00f3n Social<\/strong> del <strong>Congreso del Estado de Veracruz<\/strong>.<\/p>\n\n\n\n\n\n<p>En un acto realizado en las oficinas de la <strong>Jucopo<\/strong>, el legislador destac\u00f3 la importancia de la labor de comunicar a la <strong>sociedad veracruzana<\/strong>, con responsabilidad, profesionalismo, oportunidad, claridad, veracidad y eficiencia, sobre el trabajo que realizan las <strong>diputadas y los diputados<\/strong> como <strong>representantes populares<\/strong> y garantes del di\u00e1logo constructivo en <strong>Veracruz<\/strong>.<\/p>\n\n\n\n<p>El <strong>presidente de la Jucopo<\/strong> indic\u00f3 que esta encomienda emana del compromiso que este <strong>Congreso<\/strong> mantiene con la poblaci\u00f3n, \u201ca la cual nos debemos y a quienes tenemos la obligaci\u00f3n de atender e informar\u201d.<\/p>\n\n\n\n<p>Enfatiz\u00f3 que en esta labor debe prevalecer el <strong>respeto y sujeci\u00f3n a la Ley<\/strong>, la apertura y el respeto a las diversas <strong>posturas pol\u00edticas<\/strong> representadas en esta <strong>Soberan\u00eda<\/strong>, dentro del marco de la <strong>pluralidad<\/strong> y la <strong>libertad de expresi\u00f3n<\/strong>.<\/p>\n\n\n\n<h3 class=\"wp-block-heading\">Formaci\u00f3n y trayectoria<\/h3>\n\n\n\n<p><strong>Silverio Quevedo Elox<\/strong> es <strong>licenciado en Ciencias y T\u00e9cnicas de la Comunicaci\u00f3n<\/strong> por la <strong>Universidad Veracruzana (UV)<\/strong>. Tiene <strong>38 a\u00f1os de experiencia<\/strong> en <strong>medios de comunicaci\u00f3n<\/strong>. Inici\u00f3 en <strong>Editora la Voz del Istmo<\/strong> y en estaciones radiof\u00f3nicas.<\/p>\n\n\n\n<p>En el <strong>servicio p\u00fablico<\/strong>, se desempe\u00f1\u00f3 como <strong>presidente del Pleno de la Comisi\u00f3n Estatal para la Atenci\u00f3n y Protecci\u00f3n de los Periodistas (CEAPP)<\/strong> y <strong>director de Comunicaci\u00f3n Social<\/strong> en la <strong>Delegaci\u00f3n de la entonces Procuradur\u00eda General de la Rep\u00fablica (PGR)<\/strong> en <strong>Veracruz<\/strong>.<\/p>\n","protected":false},"excerpt":{"rendered":"<p>El presidente de la Junta de Coordinaci\u00f3n Pol\u00edtica (Jucopo) de la LXVII Legislatura, diputado Esteban Bautista Hern\u00e1ndez, entreg\u00f3 al comunicador Silverio Quevedo Elox el nombramiento que lo acredita como titular de la Coordinaci\u00f3n de Comunicaci\u00f3n Social del Congreso del Estado de Veracruz. En un acto realizado en las oficinas de la Jucopo, el legislador destac\u00f3 [&hellip;]<\/p>\n","protected":false},"author":2,"featured_media":151037,"comment_status":"closed","ping_status":"closed","sticky":false,"template":"","format":"standard","meta":{"tdm_status":"","tdm_grid_status":"","footnotes":""},"categories":[43718],"tags":[45521,45522,45520,24531],"class_list":{"0":"post-151036","1":"post","2":"type-post","3":"status-publish","4":"format-standard","5":"has-post-thumbnail","7":"category-elpalaciodeencanto","8":"tag-congreso-de-veracruz-comunicacion","9":"tag-coordinacion-comunicacion-social-veracruz","10":"tag-jucopo-esteban-bautista-hernandez","11":"tag-silverio-quevedo-elox"},"yoast_head":"<!-- This site is optimized with the Yoast SEO plugin v27.4 - https:\/\/yoast.com\/product\/yoast-seo-wordpress\/ -->\n<title>SILVERIO, NUEVO JEFE! - Los pol\u00edticos Veracruz<\/title>\n<meta name=\"robots\" content=\"index, follow, max-snippet:-1, max-image-preview:large, max-video-preview:-1\" \/>\n<link rel=\"canonical\" href=\"https:\/\/lospoliticosveracruz.com\/?p=151036\" \/>\n<meta property=\"og:locale\" content=\"es_ES\" \/>\n<meta property=\"og:type\" content=\"article\" \/>\n<meta property=\"og:title\" content=\"SILVERIO, NUEVO JEFE! - Los pol\u00edticos Veracruz\" \/>\n<meta property=\"og:description\" content=\"El presidente de la Junta de Coordinaci\u00f3n Pol\u00edtica (Jucopo) de la LXVII Legislatura, diputado Esteban Bautista Hern\u00e1ndez, entreg\u00f3 al comunicador Silverio Quevedo Elox el nombramiento que lo acredita como titular de la Coordinaci\u00f3n de Comunicaci\u00f3n Social del Congreso del Estado de Veracruz. En un acto realizado en las oficinas de la Jucopo, el legislador destac\u00f3 [&hellip;]\" \/>\n<meta property=\"og:url\" content=\"https:\/\/lospoliticosveracruz.com\/?p=151036\" \/>\n<meta property=\"og:site_name\" content=\"Los pol\u00edticos Veracruz\" \/>\n<meta property=\"article:publisher\" content=\"https:\/\/www.facebook.com\/people\/Notimemes-de-los-Polticos\/61565672886568\/\" \/>\n<meta property=\"article:published_time\" content=\"2025-08-20T19:43:49+00:00\" \/>\n<meta property=\"article:modified_time\" content=\"2025-08-21T02:06:56+00:00\" \/>\n<meta property=\"og:image\" content=\"https:\/\/lospoliticosveracruz.com\/wp-content\/uploads\/2025\/08\/IMG_5734.jpeg\" \/>\n\t<meta property=\"og:image:width\" content=\"600\" \/>\n\t<meta property=\"og:image:height\" content=\"320\" \/>\n\t<meta property=\"og:image:type\" content=\"image\/jpeg\" \/>\n<meta name=\"author\" content=\"Lo viste en Los Pol\u00edticos\" \/>\n<meta name=\"twitter:card\" content=\"summary_large_image\" \/>\n<meta name=\"twitter:creator\" content=\"@LosPoliticosVer\" \/>\n<meta name=\"twitter:site\" content=\"@LosPoliticosVer\" \/>\n<meta name=\"twitter:label1\" content=\"Escrito por\" \/>\n\t<meta name=\"twitter:data1\" content=\"Lo viste en Los Pol\u00edticos\" \/>\n\t<meta name=\"twitter:label2\" content=\"Tiempo de lectura\" \/>\n\t<meta name=\"twitter:data2\" content=\"1 minuto\" \/>\n<script type=\"application\/ld+json\" class=\"yoast-schema-graph\">{\"@context\":\"https:\\\/\\\/schema.org\",\"@graph\":[{\"@type\":\"Article\",\"@id\":\"https:\\\/\\\/lospoliticosveracruz.com\\\/?p=151036#article\",\"isPartOf\":{\"@id\":\"https:\\\/\\\/lospoliticosveracruz.com\\\/?p=151036\"},\"author\":{\"name\":\"Lo viste en Los Pol\u00edticos\",\"@id\":\"https:\\\/\\\/lospoliticosveracruz.com\\\/#\\\/schema\\\/person\\\/b8702bb0e538456e6efd07080bf2a4a2\"},\"headline\":\"SILVERIO, NUEVO JEFE!\",\"datePublished\":\"2025-08-20T19:43:49+00:00\",\"dateModified\":\"2025-08-21T02:06:56+00:00\",\"mainEntityOfPage\":{\"@id\":\"https:\\\/\\\/lospoliticosveracruz.com\\\/?p=151036\"},\"wordCount\":277,\"publisher\":{\"@id\":\"https:\\\/\\\/lospoliticosveracruz.com\\\/#organization\"},\"image\":{\"@id\":\"https:\\\/\\\/lospoliticosveracruz.com\\\/?p=151036#primaryimage\"},\"thumbnailUrl\":\"https:\\\/\\\/lospoliticosveracruz.com\\\/wp-content\\\/uploads\\\/2025\\\/08\\\/IMG_5734.jpeg\",\"keywords\":[\"Congreso de Veracruz comunicaci\u00f3n\",\"Coordinaci\u00f3n Comunicaci\u00f3n Social Veracruz\",\"Jucopo Esteban Bautista Hern\u00e1ndez\",\"Silverio Quevedo Elox\"],\"articleSection\":[\"EL PALACIO DE ENCANTO\"],\"inLanguage\":\"es\"},{\"@type\":\"WebPage\",\"@id\":\"https:\\\/\\\/lospoliticosveracruz.com\\\/?p=151036\",\"url\":\"https:\\\/\\\/lospoliticosveracruz.com\\\/?p=151036\",\"name\":\"SILVERIO, NUEVO JEFE! - Los pol\u00edticos Veracruz\",\"isPartOf\":{\"@id\":\"https:\\\/\\\/lospoliticosveracruz.com\\\/#website\"},\"primaryImageOfPage\":{\"@id\":\"https:\\\/\\\/lospoliticosveracruz.com\\\/?p=151036#primaryimage\"},\"image\":{\"@id\":\"https:\\\/\\\/lospoliticosveracruz.com\\\/?p=151036#primaryimage\"},\"thumbnailUrl\":\"https:\\\/\\\/lospoliticosveracruz.com\\\/wp-content\\\/uploads\\\/2025\\\/08\\\/IMG_5734.jpeg\",\"datePublished\":\"2025-08-20T19:43:49+00:00\",\"dateModified\":\"2025-08-21T02:06:56+00:00\",\"breadcrumb\":{\"@id\":\"https:\\\/\\\/lospoliticosveracruz.com\\\/?p=151036#breadcrumb\"},\"inLanguage\":\"es\",\"potentialAction\":[{\"@type\":\"ReadAction\",\"target\":[\"https:\\\/\\\/lospoliticosveracruz.com\\\/?p=151036\"]}]},{\"@type\":\"ImageObject\",\"inLanguage\":\"es\",\"@id\":\"https:\\\/\\\/lospoliticosveracruz.com\\\/?p=151036#primaryimage\",\"url\":\"https:\\\/\\\/lospoliticosveracruz.com\\\/wp-content\\\/uploads\\\/2025\\\/08\\\/IMG_5734.jpeg\",\"contentUrl\":\"https:\\\/\\\/lospoliticosveracruz.com\\\/wp-content\\\/uploads\\\/2025\\\/08\\\/IMG_5734.jpeg\",\"width\":600,\"height\":320},{\"@type\":\"BreadcrumbList\",\"@id\":\"https:\\\/\\\/lospoliticosveracruz.com\\\/?p=151036#breadcrumb\",\"itemListElement\":[{\"@type\":\"ListItem\",\"position\":1,\"name\":\"Portada\",\"item\":\"https:\\\/\\\/lospoliticosveracruz.com\\\/\"},{\"@type\":\"ListItem\",\"position\":2,\"name\":\"SILVERIO, NUEVO JEFE!\"}]},{\"@type\":\"WebSite\",\"@id\":\"https:\\\/\\\/lospoliticosveracruz.com\\\/#website\",\"url\":\"https:\\\/\\\/lospoliticosveracruz.com\\\/\",\"name\":\"Los pol\u00edticos Veracruz\",\"description\":\"\",\"publisher\":{\"@id\":\"https:\\\/\\\/lospoliticosveracruz.com\\\/#organization\"},\"potentialAction\":[{\"@type\":\"SearchAction\",\"target\":{\"@type\":\"EntryPoint\",\"urlTemplate\":\"https:\\\/\\\/lospoliticosveracruz.com\\\/?s={search_term_string}\"},\"query-input\":{\"@type\":\"PropertyValueSpecification\",\"valueRequired\":true,\"valueName\":\"search_term_string\"}}],\"inLanguage\":\"es\"},{\"@type\":\"Organization\",\"@id\":\"https:\\\/\\\/lospoliticosveracruz.com\\\/#organization\",\"name\":\"Los pol\u00edticos Veracruz\",\"url\":\"https:\\\/\\\/lospoliticosveracruz.com\\\/\",\"logo\":{\"@type\":\"ImageObject\",\"inLanguage\":\"es\",\"@id\":\"https:\\\/\\\/lospoliticosveracruz.com\\\/#\\\/schema\\\/logo\\\/image\\\/\",\"url\":\"https:\\\/\\\/lospoliticosveracruz.com\\\/wp-content\\\/uploads\\\/2025\\\/12\\\/Logo-Nuevo-LOS-POLITICOS-1.jpg\",\"contentUrl\":\"https:\\\/\\\/lospoliticosveracruz.com\\\/wp-content\\\/uploads\\\/2025\\\/12\\\/Logo-Nuevo-LOS-POLITICOS-1.jpg\",\"width\":260,\"height\":70,\"caption\":\"Los pol\u00edticos Veracruz\"},\"image\":{\"@id\":\"https:\\\/\\\/lospoliticosveracruz.com\\\/#\\\/schema\\\/logo\\\/image\\\/\"},\"sameAs\":[\"https:\\\/\\\/www.facebook.com\\\/people\\\/Notimemes-de-los-Polticos\\\/61565672886568\\\/\",\"https:\\\/\\\/x.com\\\/LosPoliticosVer\"]},{\"@type\":\"Person\",\"@id\":\"https:\\\/\\\/lospoliticosveracruz.com\\\/#\\\/schema\\\/person\\\/b8702bb0e538456e6efd07080bf2a4a2\",\"name\":\"Lo viste en Los Pol\u00edticos\",\"image\":{\"@type\":\"ImageObject\",\"inLanguage\":\"es\",\"@id\":\"https:\\\/\\\/secure.gravatar.com\\\/avatar\\\/3a8de04a2656d44082be478bd6c086daa447c4651605818287b9532d3d0bd435?s=96&d=mm&r=g\",\"url\":\"https:\\\/\\\/secure.gravatar.com\\\/avatar\\\/3a8de04a2656d44082be478bd6c086daa447c4651605818287b9532d3d0bd435?s=96&d=mm&r=g\",\"contentUrl\":\"https:\\\/\\\/secure.gravatar.com\\\/avatar\\\/3a8de04a2656d44082be478bd6c086daa447c4651605818287b9532d3d0bd435?s=96&d=mm&r=g\",\"caption\":\"Lo viste en Los Pol\u00edticos\"},\"url\":\"https:\\\/\\\/lospoliticosveracruz.com\\\/?author=2\"}]}<\/script>\n<!-- \/ Yoast SEO plugin. -->","yoast_head_json":{"title":"SILVERIO, NUEVO JEFE! - Los pol\u00edticos Veracruz","robots":{"index":"index","follow":"follow","max-snippet":"max-snippet:-1","max-image-preview":"max-image-preview:large","max-video-preview":"max-video-preview:-1"},"canonical":"https:\/\/lospoliticosveracruz.com\/?p=151036","og_locale":"es_ES","og_type":"article","og_title":"SILVERIO, NUEVO JEFE! - Los pol\u00edticos Veracruz","og_description":"El presidente de la Junta de Coordinaci\u00f3n Pol\u00edtica (Jucopo) de la LXVII Legislatura, diputado Esteban Bautista Hern\u00e1ndez, entreg\u00f3 al comunicador Silverio Quevedo Elox el nombramiento que lo acredita como titular de la Coordinaci\u00f3n de Comunicaci\u00f3n Social del Congreso del Estado de Veracruz. En un acto realizado en las oficinas de la Jucopo, el legislador destac\u00f3 [&hellip;]","og_url":"https:\/\/lospoliticosveracruz.com\/?p=151036","og_site_name":"Los pol\u00edticos Veracruz","article_publisher":"https:\/\/www.facebook.com\/people\/Notimemes-de-los-Polticos\/61565672886568\/","article_published_time":"2025-08-20T19:43:49+00:00","article_modified_time":"2025-08-21T02:06:56+00:00","og_image":[{"width":600,"height":320,"url":"https:\/\/lospoliticosveracruz.com\/wp-content\/uploads\/2025\/08\/IMG_5734.jpeg","type":"image\/jpeg"}],"author":"Lo viste en Los Pol\u00edticos","twitter_card":"summary_large_image","twitter_creator":"@LosPoliticosVer","twitter_site":"@LosPoliticosVer","twitter_misc":{"Escrito por":"Lo viste en Los Pol\u00edticos","Tiempo de lectura":"1 minuto"},"schema":{"@context":"https:\/\/schema.org","@graph":[{"@type":"Article","@id":"https:\/\/lospoliticosveracruz.com\/?p=151036#article","isPartOf":{"@id":"https:\/\/lospoliticosveracruz.com\/?p=151036"},"author":{"name":"Lo viste en Los Pol\u00edticos","@id":"https:\/\/lospoliticosveracruz.com\/#\/schema\/person\/b8702bb0e538456e6efd07080bf2a4a2"},"headline":"SILVERIO, NUEVO JEFE!","datePublished":"2025-08-20T19:43:49+00:00","dateModified":"2025-08-21T02:06:56+00:00","mainEntityOfPage":{"@id":"https:\/\/lospoliticosveracruz.com\/?p=151036"},"wordCount":277,"publisher":{"@id":"https:\/\/lospoliticosveracruz.com\/#organization"},"image":{"@id":"https:\/\/lospoliticosveracruz.com\/?p=151036#primaryimage"},"thumbnailUrl":"https:\/\/lospoliticosveracruz.com\/wp-content\/uploads\/2025\/08\/IMG_5734.jpeg","keywords":["Congreso de Veracruz comunicaci\u00f3n","Coordinaci\u00f3n Comunicaci\u00f3n Social Veracruz","Jucopo Esteban Bautista Hern\u00e1ndez","Silverio Quevedo Elox"],"articleSection":["EL PALACIO DE ENCANTO"],"inLanguage":"es"},{"@type":"WebPage","@id":"https:\/\/lospoliticosveracruz.com\/?p=151036","url":"https:\/\/lospoliticosveracruz.com\/?p=151036","name":"SILVERIO, NUEVO JEFE! - Los pol\u00edticos Veracruz","isPartOf":{"@id":"https:\/\/lospoliticosveracruz.com\/#website"},"primaryImageOfPage":{"@id":"https:\/\/lospoliticosveracruz.com\/?p=151036#primaryimage"},"image":{"@id":"https:\/\/lospoliticosveracruz.com\/?p=151036#primaryimage"},"thumbnailUrl":"https:\/\/lospoliticosveracruz.com\/wp-content\/uploads\/2025\/08\/IMG_5734.jpeg","datePublished":"2025-08-20T19:43:49+00:00","dateModified":"2025-08-21T02:06:56+00:00","breadcrumb":{"@id":"https:\/\/lospoliticosveracruz.com\/?p=151036#breadcrumb"},"inLanguage":"es","potentialAction":[{"@type":"ReadAction","target":["https:\/\/lospoliticosveracruz.com\/?p=151036"]}]},{"@type":"ImageObject","inLanguage":"es","@id":"https:\/\/lospoliticosveracruz.com\/?p=151036#primaryimage","url":"https:\/\/lospoliticosveracruz.com\/wp-content\/uploads\/2025\/08\/IMG_5734.jpeg","contentUrl":"https:\/\/lospoliticosveracruz.com\/wp-content\/uploads\/2025\/08\/IMG_5734.jpeg","width":600,"height":320},{"@type":"BreadcrumbList","@id":"https:\/\/lospoliticosveracruz.com\/?p=151036#breadcrumb","itemListElement":[{"@type":"ListItem","position":1,"name":"Portada","item":"https:\/\/lospoliticosveracruz.com\/"},{"@type":"ListItem","position":2,"name":"SILVERIO, NUEVO JEFE!"}]},{"@type":"WebSite","@id":"https:\/\/lospoliticosveracruz.com\/#website","url":"https:\/\/lospoliticosveracruz.com\/","name":"Los pol\u00edticos Veracruz","description":"","publisher":{"@id":"https:\/\/lospoliticosveracruz.com\/#organization"},"potentialAction":[{"@type":"SearchAction","target":{"@type":"EntryPoint","urlTemplate":"https:\/\/lospoliticosveracruz.com\/?s={search_term_string}"},"query-input":{"@type":"PropertyValueSpecification","valueRequired":true,"valueName":"search_term_string"}}],"inLanguage":"es"},{"@type":"Organization","@id":"https:\/\/lospoliticosveracruz.com\/#organization","name":"Los pol\u00edticos Veracruz","url":"https:\/\/lospoliticosveracruz.com\/","logo":{"@type":"ImageObject","inLanguage":"es","@id":"https:\/\/lospoliticosveracruz.com\/#\/schema\/logo\/image\/","url":"https:\/\/lospoliticosveracruz.com\/wp-content\/uploads\/2025\/12\/Logo-Nuevo-LOS-POLITICOS-1.jpg","contentUrl":"https:\/\/lospoliticosveracruz.com\/wp-content\/uploads\/2025\/12\/Logo-Nuevo-LOS-POLITICOS-1.jpg","width":260,"height":70,"caption":"Los pol\u00edticos Veracruz"},"image":{"@id":"https:\/\/lospoliticosveracruz.com\/#\/schema\/logo\/image\/"},"sameAs":["https:\/\/www.facebook.com\/people\/Notimemes-de-los-Polticos\/61565672886568\/","https:\/\/x.com\/LosPoliticosVer"]},{"@type":"Person","@id":"https:\/\/lospoliticosveracruz.com\/#\/schema\/person\/b8702bb0e538456e6efd07080bf2a4a2","name":"Lo viste en Los Pol\u00edticos","image":{"@type":"ImageObject","inLanguage":"es","@id":"https:\/\/secure.gravatar.com\/avatar\/3a8de04a2656d44082be478bd6c086daa447c4651605818287b9532d3d0bd435?s=96&d=mm&r=g","url":"https:\/\/secure.gravatar.com\/avatar\/3a8de04a2656d44082be478bd6c086daa447c4651605818287b9532d3d0bd435?s=96&d=mm&r=g","contentUrl":"https:\/\/secure.gravatar.com\/avatar\/3a8de04a2656d44082be478bd6c086daa447c4651605818287b9532d3d0bd435?s=96&d=mm&r=g","caption":"Lo viste en Los Pol\u00edticos"},"url":"https:\/\/lospoliticosveracruz.com\/?author=2"}]}},"_links":{"self":[{"href":"https:\/\/lospoliticosveracruz.com\/index.php?rest_route=\/wp\/v2\/posts\/151036","targetHints":{"allow":["GET"]}}],"collection":[{"href":"https:\/\/lospoliticosveracruz.com\/index.php?rest_route=\/wp\/v2\/posts"}],"about":[{"href":"https:\/\/lospoliticosveracruz.com\/index.php?rest_route=\/wp\/v2\/types\/post"}],"author":[{"embeddable":true,"href":"https:\/\/lospoliticosveracruz.com\/index.php?rest_route=\/wp\/v2\/users\/2"}],"replies":[{"embeddable":true,"href":"https:\/\/lospoliticosveracruz.com\/index.php?rest_route=%2Fwp%2Fv2%2Fcomments&post=151036"}],"version-history":[{"count":2,"href":"https:\/\/lospoliticosveracruz.com\/index.php?rest_route=\/wp\/v2\/posts\/151036\/revisions"}],"predecessor-version":[{"id":151059,"href":"https:\/\/lospoliticosveracruz.com\/index.php?rest_route=\/wp\/v2\/posts\/151036\/revisions\/151059"}],"wp:featuredmedia":[{"embeddable":true,"href":"https:\/\/lospoliticosveracruz.com\/index.php?rest_route=\/wp\/v2\/media\/151037"}],"wp:attachment":[{"href":"https:\/\/lospoliticosveracruz.com\/index.php?rest_route=%2Fwp%2Fv2%2Fmedia&parent=151036"}],"wp:term":[{"taxonomy":"category","embeddable":true,"href":"https:\/\/lospoliticosveracruz.com\/index.php?rest_route=%2Fwp%2Fv2%2Fcategories&post=151036"},{"taxonomy":"post_tag","embeddable":true,"href":"https:\/\/lospoliticosveracruz.com\/index.php?rest_route=%2Fwp%2Fv2%2Ftags&post=151036"}],"curies":[{"name":"wp","href":"https:\/\/api.w.org\/{rel}","templated":true}]}}