{"id":151079,"date":"2025-08-21T08:22:21","date_gmt":"2025-08-21T13:22:21","guid":{"rendered":"https:\/\/lospoliticosveracruz.com.mx\/?p=151079"},"modified":"2025-08-21T08:22:46","modified_gmt":"2025-08-21T13:22:46","slug":"intermedias-prueba-de-fuego-para-morena","status":"publish","type":"post","link":"https:\/\/lospoliticosveracruz.com\/?p=151079","title":{"rendered":"INTERMEDIAS, PRUEBA DE FUEGO PARA MORENA"},"content":{"rendered":"\n<p><br><strong>Fanny Y\u00e9pez<\/strong><br><em>La Columna<\/em><\/p>\n\n\n\n\n\n<p><br>Con miras a las elecciones intermedias de 2027, cuando se elegir\u00e1n 17 gubernaturas, 500 diputados federales, se votar\u00e1 por diputados locales en 30 congresos locales y en algunas entidades se elegir\u00e1n 2 mil 424 presidentes municipales. El Instituto Nacional Electoral arrancar\u00e1 el proceso de selecci\u00f3n de 44 consejer\u00edas y de titulares de 17 institutos electorales estatales, a quienes les tocar\u00e1 la organizaci\u00f3n de las elecciones locales de 2027. La maquinaria del proceso pol\u00edtico electoral arrancar\u00e1 la primera semana de septiembre de 2026, cuando el Instituto Nacional Electoral (INE) de manera formal inicie el proceso electoral 2027, en el cual, la mitad del pa\u00eds ir\u00e1 a las urnas. La Prueba de Fuego para la 4T<\/p>\n\n\n\n<p>Las elecciones intermedias de 2027 ser\u00e1n una prueba de fuego para la 4t, primero porque en esta ocasi\u00f3n, ya no contar\u00e1n con la figura del l\u00edder moral, Andr\u00e9s Manuel L\u00f3pez Obrador, segundo por la divisi\u00f3n que se est\u00e1 registrando entre las huestes del partido guinda y, tercero, el malestar generalizado de la poblaci\u00f3n votante. Por ello, preguntamos, \u00bfsuperara Morena estos obst\u00e1culos? Esto solo el tiempo y los ciudadanos lo dir\u00e1n.<\/p>\n\n\n\n<p>En esta elecci\u00f3n estar\u00e1 en juego la nueva composici\u00f3n de la C\u00e1mara de Diputados, pero adem\u00e1s habr\u00e1 comicios en 17 entidades, donde se renovar\u00e1n igual n\u00famero de gubernaturas, 17 congresos locales y m\u00e1s de un centenar de alcald\u00edas.<\/p>\n\n\n\n<p>Para el Movimiento de Regeneraci\u00f3n Nacional (Morena), que en 2024 llev\u00f3 a la presidencia de la Rep\u00fablica a Claudia Sheinbaum Pardo, y consigui\u00f3 la mayor\u00eda calificada en San L\u00e1zaro, ser\u00e1 la primera vez que compitan bajo nuevas reglas.<\/p>\n\n\n\n<p>En el caso de Campeche, Chiapas, Coahuila y Colima se renovar\u00e1n las presidencias de los Organismos P\u00fablicos Locales Electorales (OPLES).<\/p>\n\n\n\n<p>Mientras que, en Aguascalientes, Baja California, Chihuahua, Coahuila, Durango, Guerrero, Hidalgo, Nayarit, Puebla, Quintana Roo, Sinaloa, Tamaulipas, Tlaxcala y Veracruz se elegir\u00e1n 40 consejer\u00edas.<\/p>\n\n\n\n<p>En el caso del estado de Veracruz, solo se renovar\u00e1n algunas consejer\u00edas en el Organismo P\u00fablico Local Electoral (OPLE).<\/p>\n\n\n\n<p>De acuerdo con el proyecto que aprob\u00f3 este martes la Comisi\u00f3n de Vinculaci\u00f3n, los consejeros electorales, divididos en tres grupos, realizar\u00e1n en las pr\u00f3ximas semanas las entrevistas, a fin de que los electos asuman funciones el 31 de octubre de este a\u00f1o.<\/p>\n\n\n\n<p>Se recibieron mil 916 solicitudes, pero cumplieron con los requisitos mil 703 personas, de ellas 782 mujeres, 905 hombres y 16 personas de g\u00e9nero no binario.<\/p>\n\n\n\n<p>Estas fueron disminuyendo en las etapas del examen de conocimientos y ensayo, por lo que al final presentar\u00e1n las entrevistas 338 aspirantes.<\/p>\n\n\n\n<p>Se determin\u00f3 que la entrevista tendr\u00e1 un valor del 60 por ciento, el curr\u00edculum el 30 por ciento y la prueba de competencia gerencial el 10 por ciento.<\/p>\n\n\n\n<p>Dentro de dos a\u00f1os, en junio de 2027, las y los mexicanos volveremos a tener una cita importante en las casillas, debido a que estar\u00e1n en juego cargos a nivel federal y local. No obstante, entre los puestos con mayor relevancia que habr\u00e1n de elegirse, se encuentran las gubernaturas y presidencias municipales de los estados que mencionamos a continuaci\u00f3n:<\/p>\n\n\n\n<p>Aguascalientes, Baja California, Baja California Sur, Campeche, Chihuahua, Colima, Guerrero, Michoac\u00e1n, Nayarit, Nuevo Le\u00f3n, Quer\u00e9taro, Quintana Roo, San Luis Potos\u00ed, Sinaloa, Sonora, Tlaxcala, Zacatecas.<\/p>\n\n\n\n<p>De acuerdo con la reforma electoral, los funcionarios que actualmente ocupen cargos como diputaciones, senadur\u00edas, la Presidencia de la Rep\u00fablica, gubernaturas, diputaciones locales, presidencias municipales, regidur\u00edas, sindicaturas, la jefatura de gobierno, alcald\u00edas y concejal\u00edas no podr\u00e1n postularse para un periodo consecutivo en las elecciones de 2030<\/p>\n\n\n\n<p>Y las personas que aspiren a un cargo de elecci\u00f3n popular, deber\u00e1n no tener v\u00ednculos de parentesco o relaciones personales cercanas, con otros funcionarios p\u00fablicos en los tres a\u00f1os previos al d\u00eda de la elecci\u00f3n.<\/p>\n\n\n\n<p>Sin embargo, Morena -como partido en el poder- decidi\u00f3 que aplicar\u00e1 referidas normas en las pr\u00f3ximas elecciones, es decir, a partir de 2027.<\/p>\n\n\n\n<p>Las listas de sus candidatas y candidatos a cargos de elecci\u00f3n popular, deber\u00e1n pasar por los principios contra el nepotismo electoral y la reelecci\u00f3n consecutiva.<\/p>\n\n\n\n<p>El PT y el PVEM est\u00e1n fuera de ese \u201cacuerdo pol\u00edtico\u201d que tomaron los morenistas en su Consejo Nacional de mayo pasado.<\/p>\n\n\n\n<p>Adem\u00e1s, todos los institutos pol\u00edticos deber\u00e1n tomar en cuenta la paridad de g\u00e9nero en el registro de sus f\u00f3rmulas de candidaturas, ante las autoridades electorales, principio que fue implementado por primera vez en el proceso electoral 2014-2015.<\/p>\n\n\n\n<p>El INE ha se\u00f1alado que la paridad es la igualdad sustantiva entre sexos; es una medida permanente que logra la inclusi\u00f3n de mujeres en los espacios de decisi\u00f3n p\u00fablica.<\/p>\n\n\n\n<p>Adem\u00e1s de las gobernadoras y gobernadores que est\u00e1n en juego, se espera que para el a\u00f1o 2027, la poblaci\u00f3n mexicana elija nada m\u00e1s y nada menos a quienes conformar\u00e1n la C\u00e1mara de Diputados, un \u00f3rgano de suma relevancia que discute temas clave como reformas legales con impacto nacional o la aprobaci\u00f3n del presupuesto.<\/p>\n\n\n\n<p>Cabe mencionar que otro punto importante a considerar es que, con excepci\u00f3n de Coahuila, los distintos estados de la Rep\u00fablica deber\u00e1n elegir a las y los personajes que ocupar\u00e1n un cargo en los Congresos locales.<\/p>\n\n\n\n<p>Finalmente, cabe se\u00f1alar que los m\u00e1s de 1, 700 cargos que est\u00e1n por elegirse a nivel federal y estatal para 2027, no son los \u00fanicos por los que saldremos a votar. Por el contrario, se espera que para dicho a\u00f1o tambi\u00e9n se renueven algunos cargos del Poder Judicial.<\/p>\n","protected":false},"excerpt":{"rendered":"<p>Fanny Y\u00e9pezLa Columna Con miras a las elecciones intermedias de 2027, cuando se elegir\u00e1n 17 gubernaturas, 500 diputados federales, se votar\u00e1 por diputados locales en 30 congresos locales y en algunas entidades se elegir\u00e1n 2 mil 424 presidentes municipales. El Instituto Nacional Electoral arrancar\u00e1 el proceso de selecci\u00f3n de 44 consejer\u00edas y de titulares de [&hellip;]<\/p>\n","protected":false},"author":2,"featured_media":141383,"comment_status":"closed","ping_status":"closed","sticky":false,"template":"","format":"standard","meta":{"tdm_status":"","tdm_grid_status":"","footnotes":""},"categories":[70],"tags":[1026,3272,195],"class_list":{"0":"post-151079","1":"post","2":"type-post","3":"status-publish","4":"format-standard","5":"has-post-thumbnail","7":"category-de-opinion","8":"tag-morena","9":"tag-ople","10":"tag-veracruz"},"yoast_head":"<!-- This site is optimized with the Yoast SEO plugin v27.4 - https:\/\/yoast.com\/product\/yoast-seo-wordpress\/ -->\n<title>INTERMEDIAS, PRUEBA DE FUEGO PARA MORENA - Los pol\u00edticos Veracruz<\/title>\n<meta name=\"robots\" content=\"index, follow, max-snippet:-1, max-image-preview:large, max-video-preview:-1\" \/>\n<link rel=\"canonical\" href=\"https:\/\/lospoliticosveracruz.com\/?p=151079\" \/>\n<meta property=\"og:locale\" content=\"es_ES\" \/>\n<meta property=\"og:type\" content=\"article\" \/>\n<meta property=\"og:title\" content=\"INTERMEDIAS, PRUEBA DE FUEGO PARA MORENA - Los pol\u00edticos Veracruz\" \/>\n<meta property=\"og:description\" content=\"Fanny Y\u00e9pezLa Columna Con miras a las elecciones intermedias de 2027, cuando se elegir\u00e1n 17 gubernaturas, 500 diputados federales, se votar\u00e1 por diputados locales en 30 congresos locales y en algunas entidades se elegir\u00e1n 2 mil 424 presidentes municipales. El Instituto Nacional Electoral arrancar\u00e1 el proceso de selecci\u00f3n de 44 consejer\u00edas y de titulares de [&hellip;]\" \/>\n<meta property=\"og:url\" content=\"https:\/\/lospoliticosveracruz.com\/?p=151079\" \/>\n<meta property=\"og:site_name\" content=\"Los pol\u00edticos Veracruz\" \/>\n<meta property=\"article:publisher\" content=\"https:\/\/www.facebook.com\/people\/Notimemes-de-los-Polticos\/61565672886568\/\" \/>\n<meta property=\"article:published_time\" content=\"2025-08-21T13:22:21+00:00\" \/>\n<meta property=\"article:modified_time\" content=\"2025-08-21T13:22:46+00:00\" \/>\n<meta property=\"og:image\" content=\"https:\/\/lospoliticosveracruz.com\/wp-content\/uploads\/2025\/04\/Fanny-Yepez-Luna.jpg\" \/>\n\t<meta property=\"og:image:width\" content=\"1250\" \/>\n\t<meta property=\"og:image:height\" content=\"667\" \/>\n\t<meta property=\"og:image:type\" content=\"image\/jpeg\" \/>\n<meta name=\"author\" content=\"Lo viste en Los Pol\u00edticos\" \/>\n<meta name=\"twitter:card\" content=\"summary_large_image\" \/>\n<meta name=\"twitter:creator\" content=\"@LosPoliticosVer\" \/>\n<meta name=\"twitter:site\" content=\"@LosPoliticosVer\" \/>\n<meta name=\"twitter:label1\" content=\"Escrito por\" \/>\n\t<meta name=\"twitter:data1\" content=\"Lo viste en Los Pol\u00edticos\" \/>\n\t<meta name=\"twitter:label2\" content=\"Tiempo de lectura\" \/>\n\t<meta name=\"twitter:data2\" content=\"5 minutos\" \/>\n<script type=\"application\/ld+json\" class=\"yoast-schema-graph\">{\"@context\":\"https:\\\/\\\/schema.org\",\"@graph\":[{\"@type\":\"Article\",\"@id\":\"https:\\\/\\\/lospoliticosveracruz.com\\\/?p=151079#article\",\"isPartOf\":{\"@id\":\"https:\\\/\\\/lospoliticosveracruz.com\\\/?p=151079\"},\"author\":{\"name\":\"Lo viste en Los Pol\u00edticos\",\"@id\":\"https:\\\/\\\/lospoliticosveracruz.com\\\/#\\\/schema\\\/person\\\/b8702bb0e538456e6efd07080bf2a4a2\"},\"headline\":\"INTERMEDIAS, PRUEBA DE FUEGO PARA MORENA\",\"datePublished\":\"2025-08-21T13:22:21+00:00\",\"dateModified\":\"2025-08-21T13:22:46+00:00\",\"mainEntityOfPage\":{\"@id\":\"https:\\\/\\\/lospoliticosveracruz.com\\\/?p=151079\"},\"wordCount\":951,\"publisher\":{\"@id\":\"https:\\\/\\\/lospoliticosveracruz.com\\\/#organization\"},\"image\":{\"@id\":\"https:\\\/\\\/lospoliticosveracruz.com\\\/?p=151079#primaryimage\"},\"thumbnailUrl\":\"https:\\\/\\\/lospoliticosveracruz.com\\\/wp-content\\\/uploads\\\/2025\\\/04\\\/Fanny-Yepez-Luna-e1768657334923.jpg\",\"keywords\":[\"Morena\",\"OPLE\",\"Veracruz\"],\"articleSection\":[\"De Opini\u00f3n\"],\"inLanguage\":\"es\"},{\"@type\":\"WebPage\",\"@id\":\"https:\\\/\\\/lospoliticosveracruz.com\\\/?p=151079\",\"url\":\"https:\\\/\\\/lospoliticosveracruz.com\\\/?p=151079\",\"name\":\"INTERMEDIAS, PRUEBA DE FUEGO PARA MORENA - Los pol\u00edticos Veracruz\",\"isPartOf\":{\"@id\":\"https:\\\/\\\/lospoliticosveracruz.com\\\/#website\"},\"primaryImageOfPage\":{\"@id\":\"https:\\\/\\\/lospoliticosveracruz.com\\\/?p=151079#primaryimage\"},\"image\":{\"@id\":\"https:\\\/\\\/lospoliticosveracruz.com\\\/?p=151079#primaryimage\"},\"thumbnailUrl\":\"https:\\\/\\\/lospoliticosveracruz.com\\\/wp-content\\\/uploads\\\/2025\\\/04\\\/Fanny-Yepez-Luna-e1768657334923.jpg\",\"datePublished\":\"2025-08-21T13:22:21+00:00\",\"dateModified\":\"2025-08-21T13:22:46+00:00\",\"breadcrumb\":{\"@id\":\"https:\\\/\\\/lospoliticosveracruz.com\\\/?p=151079#breadcrumb\"},\"inLanguage\":\"es\",\"potentialAction\":[{\"@type\":\"ReadAction\",\"target\":[\"https:\\\/\\\/lospoliticosveracruz.com\\\/?p=151079\"]}]},{\"@type\":\"ImageObject\",\"inLanguage\":\"es\",\"@id\":\"https:\\\/\\\/lospoliticosveracruz.com\\\/?p=151079#primaryimage\",\"url\":\"https:\\\/\\\/lospoliticosveracruz.com\\\/wp-content\\\/uploads\\\/2025\\\/04\\\/Fanny-Yepez-Luna-e1768657334923.jpg\",\"contentUrl\":\"https:\\\/\\\/lospoliticosveracruz.com\\\/wp-content\\\/uploads\\\/2025\\\/04\\\/Fanny-Yepez-Luna-e1768657334923.jpg\",\"width\":600,\"height\":320},{\"@type\":\"BreadcrumbList\",\"@id\":\"https:\\\/\\\/lospoliticosveracruz.com\\\/?p=151079#breadcrumb\",\"itemListElement\":[{\"@type\":\"ListItem\",\"position\":1,\"name\":\"Portada\",\"item\":\"https:\\\/\\\/lospoliticosveracruz.com\\\/\"},{\"@type\":\"ListItem\",\"position\":2,\"name\":\"INTERMEDIAS, PRUEBA DE FUEGO PARA MORENA\"}]},{\"@type\":\"WebSite\",\"@id\":\"https:\\\/\\\/lospoliticosveracruz.com\\\/#website\",\"url\":\"https:\\\/\\\/lospoliticosveracruz.com\\\/\",\"name\":\"Los pol\u00edticos Veracruz\",\"description\":\"\",\"publisher\":{\"@id\":\"https:\\\/\\\/lospoliticosveracruz.com\\\/#organization\"},\"potentialAction\":[{\"@type\":\"SearchAction\",\"target\":{\"@type\":\"EntryPoint\",\"urlTemplate\":\"https:\\\/\\\/lospoliticosveracruz.com\\\/?s={search_term_string}\"},\"query-input\":{\"@type\":\"PropertyValueSpecification\",\"valueRequired\":true,\"valueName\":\"search_term_string\"}}],\"inLanguage\":\"es\"},{\"@type\":\"Organization\",\"@id\":\"https:\\\/\\\/lospoliticosveracruz.com\\\/#organization\",\"name\":\"Los pol\u00edticos Veracruz\",\"url\":\"https:\\\/\\\/lospoliticosveracruz.com\\\/\",\"logo\":{\"@type\":\"ImageObject\",\"inLanguage\":\"es\",\"@id\":\"https:\\\/\\\/lospoliticosveracruz.com\\\/#\\\/schema\\\/logo\\\/image\\\/\",\"url\":\"https:\\\/\\\/lospoliticosveracruz.com\\\/wp-content\\\/uploads\\\/2025\\\/12\\\/Logo-Nuevo-LOS-POLITICOS-1.jpg\",\"contentUrl\":\"https:\\\/\\\/lospoliticosveracruz.com\\\/wp-content\\\/uploads\\\/2025\\\/12\\\/Logo-Nuevo-LOS-POLITICOS-1.jpg\",\"width\":260,\"height\":70,\"caption\":\"Los pol\u00edticos Veracruz\"},\"image\":{\"@id\":\"https:\\\/\\\/lospoliticosveracruz.com\\\/#\\\/schema\\\/logo\\\/image\\\/\"},\"sameAs\":[\"https:\\\/\\\/www.facebook.com\\\/people\\\/Notimemes-de-los-Polticos\\\/61565672886568\\\/\",\"https:\\\/\\\/x.com\\\/LosPoliticosVer\"]},{\"@type\":\"Person\",\"@id\":\"https:\\\/\\\/lospoliticosveracruz.com\\\/#\\\/schema\\\/person\\\/b8702bb0e538456e6efd07080bf2a4a2\",\"name\":\"Lo viste en Los Pol\u00edticos\",\"image\":{\"@type\":\"ImageObject\",\"inLanguage\":\"es\",\"@id\":\"https:\\\/\\\/secure.gravatar.com\\\/avatar\\\/3a8de04a2656d44082be478bd6c086daa447c4651605818287b9532d3d0bd435?s=96&d=mm&r=g\",\"url\":\"https:\\\/\\\/secure.gravatar.com\\\/avatar\\\/3a8de04a2656d44082be478bd6c086daa447c4651605818287b9532d3d0bd435?s=96&d=mm&r=g\",\"contentUrl\":\"https:\\\/\\\/secure.gravatar.com\\\/avatar\\\/3a8de04a2656d44082be478bd6c086daa447c4651605818287b9532d3d0bd435?s=96&d=mm&r=g\",\"caption\":\"Lo viste en Los Pol\u00edticos\"},\"url\":\"https:\\\/\\\/lospoliticosveracruz.com\\\/?author=2\"}]}<\/script>\n<!-- \/ Yoast SEO plugin. -->","yoast_head_json":{"title":"INTERMEDIAS, PRUEBA DE FUEGO PARA MORENA - Los pol\u00edticos Veracruz","robots":{"index":"index","follow":"follow","max-snippet":"max-snippet:-1","max-image-preview":"max-image-preview:large","max-video-preview":"max-video-preview:-1"},"canonical":"https:\/\/lospoliticosveracruz.com\/?p=151079","og_locale":"es_ES","og_type":"article","og_title":"INTERMEDIAS, PRUEBA DE FUEGO PARA MORENA - Los pol\u00edticos Veracruz","og_description":"Fanny Y\u00e9pezLa Columna Con miras a las elecciones intermedias de 2027, cuando se elegir\u00e1n 17 gubernaturas, 500 diputados federales, se votar\u00e1 por diputados locales en 30 congresos locales y en algunas entidades se elegir\u00e1n 2 mil 424 presidentes municipales. El Instituto Nacional Electoral arrancar\u00e1 el proceso de selecci\u00f3n de 44 consejer\u00edas y de titulares de [&hellip;]","og_url":"https:\/\/lospoliticosveracruz.com\/?p=151079","og_site_name":"Los pol\u00edticos Veracruz","article_publisher":"https:\/\/www.facebook.com\/people\/Notimemes-de-los-Polticos\/61565672886568\/","article_published_time":"2025-08-21T13:22:21+00:00","article_modified_time":"2025-08-21T13:22:46+00:00","og_image":[{"width":1250,"height":667,"url":"https:\/\/lospoliticosveracruz.com\/wp-content\/uploads\/2025\/04\/Fanny-Yepez-Luna.jpg","type":"image\/jpeg"}],"author":"Lo viste en Los Pol\u00edticos","twitter_card":"summary_large_image","twitter_creator":"@LosPoliticosVer","twitter_site":"@LosPoliticosVer","twitter_misc":{"Escrito por":"Lo viste en Los Pol\u00edticos","Tiempo de lectura":"5 minutos"},"schema":{"@context":"https:\/\/schema.org","@graph":[{"@type":"Article","@id":"https:\/\/lospoliticosveracruz.com\/?p=151079#article","isPartOf":{"@id":"https:\/\/lospoliticosveracruz.com\/?p=151079"},"author":{"name":"Lo viste en Los Pol\u00edticos","@id":"https:\/\/lospoliticosveracruz.com\/#\/schema\/person\/b8702bb0e538456e6efd07080bf2a4a2"},"headline":"INTERMEDIAS, PRUEBA DE FUEGO PARA MORENA","datePublished":"2025-08-21T13:22:21+00:00","dateModified":"2025-08-21T13:22:46+00:00","mainEntityOfPage":{"@id":"https:\/\/lospoliticosveracruz.com\/?p=151079"},"wordCount":951,"publisher":{"@id":"https:\/\/lospoliticosveracruz.com\/#organization"},"image":{"@id":"https:\/\/lospoliticosveracruz.com\/?p=151079#primaryimage"},"thumbnailUrl":"https:\/\/lospoliticosveracruz.com\/wp-content\/uploads\/2025\/04\/Fanny-Yepez-Luna-e1768657334923.jpg","keywords":["Morena","OPLE","Veracruz"],"articleSection":["De Opini\u00f3n"],"inLanguage":"es"},{"@type":"WebPage","@id":"https:\/\/lospoliticosveracruz.com\/?p=151079","url":"https:\/\/lospoliticosveracruz.com\/?p=151079","name":"INTERMEDIAS, PRUEBA DE FUEGO PARA MORENA - Los pol\u00edticos Veracruz","isPartOf":{"@id":"https:\/\/lospoliticosveracruz.com\/#website"},"primaryImageOfPage":{"@id":"https:\/\/lospoliticosveracruz.com\/?p=151079#primaryimage"},"image":{"@id":"https:\/\/lospoliticosveracruz.com\/?p=151079#primaryimage"},"thumbnailUrl":"https:\/\/lospoliticosveracruz.com\/wp-content\/uploads\/2025\/04\/Fanny-Yepez-Luna-e1768657334923.jpg","datePublished":"2025-08-21T13:22:21+00:00","dateModified":"2025-08-21T13:22:46+00:00","breadcrumb":{"@id":"https:\/\/lospoliticosveracruz.com\/?p=151079#breadcrumb"},"inLanguage":"es","potentialAction":[{"@type":"ReadAction","target":["https:\/\/lospoliticosveracruz.com\/?p=151079"]}]},{"@type":"ImageObject","inLanguage":"es","@id":"https:\/\/lospoliticosveracruz.com\/?p=151079#primaryimage","url":"https:\/\/lospoliticosveracruz.com\/wp-content\/uploads\/2025\/04\/Fanny-Yepez-Luna-e1768657334923.jpg","contentUrl":"https:\/\/lospoliticosveracruz.com\/wp-content\/uploads\/2025\/04\/Fanny-Yepez-Luna-e1768657334923.jpg","width":600,"height":320},{"@type":"BreadcrumbList","@id":"https:\/\/lospoliticosveracruz.com\/?p=151079#breadcrumb","itemListElement":[{"@type":"ListItem","position":1,"name":"Portada","item":"https:\/\/lospoliticosveracruz.com\/"},{"@type":"ListItem","position":2,"name":"INTERMEDIAS, PRUEBA DE FUEGO PARA MORENA"}]},{"@type":"WebSite","@id":"https:\/\/lospoliticosveracruz.com\/#website","url":"https:\/\/lospoliticosveracruz.com\/","name":"Los pol\u00edticos Veracruz","description":"","publisher":{"@id":"https:\/\/lospoliticosveracruz.com\/#organization"},"potentialAction":[{"@type":"SearchAction","target":{"@type":"EntryPoint","urlTemplate":"https:\/\/lospoliticosveracruz.com\/?s={search_term_string}"},"query-input":{"@type":"PropertyValueSpecification","valueRequired":true,"valueName":"search_term_string"}}],"inLanguage":"es"},{"@type":"Organization","@id":"https:\/\/lospoliticosveracruz.com\/#organization","name":"Los pol\u00edticos Veracruz","url":"https:\/\/lospoliticosveracruz.com\/","logo":{"@type":"ImageObject","inLanguage":"es","@id":"https:\/\/lospoliticosveracruz.com\/#\/schema\/logo\/image\/","url":"https:\/\/lospoliticosveracruz.com\/wp-content\/uploads\/2025\/12\/Logo-Nuevo-LOS-POLITICOS-1.jpg","contentUrl":"https:\/\/lospoliticosveracruz.com\/wp-content\/uploads\/2025\/12\/Logo-Nuevo-LOS-POLITICOS-1.jpg","width":260,"height":70,"caption":"Los pol\u00edticos Veracruz"},"image":{"@id":"https:\/\/lospoliticosveracruz.com\/#\/schema\/logo\/image\/"},"sameAs":["https:\/\/www.facebook.com\/people\/Notimemes-de-los-Polticos\/61565672886568\/","https:\/\/x.com\/LosPoliticosVer"]},{"@type":"Person","@id":"https:\/\/lospoliticosveracruz.com\/#\/schema\/person\/b8702bb0e538456e6efd07080bf2a4a2","name":"Lo viste en Los Pol\u00edticos","image":{"@type":"ImageObject","inLanguage":"es","@id":"https:\/\/secure.gravatar.com\/avatar\/3a8de04a2656d44082be478bd6c086daa447c4651605818287b9532d3d0bd435?s=96&d=mm&r=g","url":"https:\/\/secure.gravatar.com\/avatar\/3a8de04a2656d44082be478bd6c086daa447c4651605818287b9532d3d0bd435?s=96&d=mm&r=g","contentUrl":"https:\/\/secure.gravatar.com\/avatar\/3a8de04a2656d44082be478bd6c086daa447c4651605818287b9532d3d0bd435?s=96&d=mm&r=g","caption":"Lo viste en Los Pol\u00edticos"},"url":"https:\/\/lospoliticosveracruz.com\/?author=2"}]}},"_links":{"self":[{"href":"https:\/\/lospoliticosveracruz.com\/index.php?rest_route=\/wp\/v2\/posts\/151079","targetHints":{"allow":["GET"]}}],"collection":[{"href":"https:\/\/lospoliticosveracruz.com\/index.php?rest_route=\/wp\/v2\/posts"}],"about":[{"href":"https:\/\/lospoliticosveracruz.com\/index.php?rest_route=\/wp\/v2\/types\/post"}],"author":[{"embeddable":true,"href":"https:\/\/lospoliticosveracruz.com\/index.php?rest_route=\/wp\/v2\/users\/2"}],"replies":[{"embeddable":true,"href":"https:\/\/lospoliticosveracruz.com\/index.php?rest_route=%2Fwp%2Fv2%2Fcomments&post=151079"}],"version-history":[{"count":2,"href":"https:\/\/lospoliticosveracruz.com\/index.php?rest_route=\/wp\/v2\/posts\/151079\/revisions"}],"predecessor-version":[{"id":151081,"href":"https:\/\/lospoliticosveracruz.com\/index.php?rest_route=\/wp\/v2\/posts\/151079\/revisions\/151081"}],"wp:featuredmedia":[{"embeddable":true,"href":"https:\/\/lospoliticosveracruz.com\/index.php?rest_route=\/wp\/v2\/media\/141383"}],"wp:attachment":[{"href":"https:\/\/lospoliticosveracruz.com\/index.php?rest_route=%2Fwp%2Fv2%2Fmedia&parent=151079"}],"wp:term":[{"taxonomy":"category","embeddable":true,"href":"https:\/\/lospoliticosveracruz.com\/index.php?rest_route=%2Fwp%2Fv2%2Fcategories&post=151079"},{"taxonomy":"post_tag","embeddable":true,"href":"https:\/\/lospoliticosveracruz.com\/index.php?rest_route=%2Fwp%2Fv2%2Ftags&post=151079"}],"curies":[{"name":"wp","href":"https:\/\/api.w.org\/{rel}","templated":true}]}}