{"id":151084,"date":"2025-08-21T08:39:47","date_gmt":"2025-08-21T13:39:47","guid":{"rendered":"https:\/\/lospoliticosveracruz.com.mx\/?p=151084"},"modified":"2025-08-21T08:40:13","modified_gmt":"2025-08-21T13:40:13","slug":"las-acercan","status":"publish","type":"post","link":"https:\/\/lospoliticosveracruz.com\/?p=151084","title":{"rendered":"LAS ACERCAN!"},"content":{"rendered":"\n\n\n<p><br>El Congreso de Veracruz vincula a las organizaciones pro-migrantes con el Gobierno del Estado, a fin de hacer efectivas las iniciativas y acciones que redunden en progreso para los connacionales y sus familias.<\/p>\n\n\n\n\n\n<p>Este d\u00eda, en el Palacio Legislativo se llev\u00f3 a cabo el foro Perspectivas y retos de la comunidad veracruzana migrante en Estados Unidos de Norteam\u00e9rica, con la participaci\u00f3n de autoridades, activistas, representantes, especialistas, acad\u00e9micos, promotores y personas migrantes.<\/p>\n\n\n\n<p>La presidenta de la Mesa Directiva de la LXVII Legislatura, diputada Tanya Carola Viveros Ch\u00e1zaro, dio la bienvenida a las y los asistentes, ante quienes previ\u00f3 la conformaci\u00f3n de una agenda legislativa que atienda el fen\u00f3meno migratorio, que requerir\u00e1 coordinaci\u00f3n y colaboraci\u00f3n estrechas de todos los actores involucrados y sus distintas propuestas mediante mesas de trabajo.<\/p>\n\n\n\n<p>Habl\u00f3 de la coincidencia que hay entre este Congreso y la administraci\u00f3n que encabeza la gobernadora de Veracruz, Roc\u00edo Nahle Garc\u00eda, en atender de manera efectiva las demandas sociales desde las causas y el mejoramiento de las condiciones de vida de todas las personas, lo cual, dijo, requiere dar seguimiento a las propuestas y pasar de la palabra a la acci\u00f3n.<\/p>\n\n\n\n<p>A su vez, la presidenta de la Comisi\u00f3n Permanente de Poblaci\u00f3n y Atenci\u00f3n a Migrantes, diputada Janix Liliana Castro Mu\u00f1oz, destac\u00f3 la importancia de este foro para el planteamiento, an\u00e1lisis y discusi\u00f3n de:<\/p>\n\n\n\n<p>\u201cdesaf\u00edos que requieren un enfoque multidisciplinario, incluyente y, sobre todo, humanista\u201d<\/p>\n\n\n\n<p>Esto desde las perspectivas de las pol\u00edticas p\u00fablicas, los derechos humanos, el impacto social y econ\u00f3mico y la cultura.<\/p>\n\n\n\n<p>Manifest\u00f3 que con este encuentro se busca sumar acciones a fin de que este Congreso pueda presentar propuestas de soluci\u00f3n y estrechar la coordinaci\u00f3n con distintas autoridades. Valor\u00f3 la trascendencia de los planteamientos presentados en el foro y dijo confiar en que ser\u00e1n de utilidad para la formulaci\u00f3n de pol\u00edticas p\u00fablicas y estrategias que respondan de manera efectiva a las necesidades de las comunidades migrantes.<\/p>\n\n\n\n<p>Hicieron uso de la palabra y presentaron sus planteamientos: el director de Latin Dreams Program, Christian Ochoa Z\u00e1rate; el director de la organizaci\u00f3n Migrantes Unidos Por Ti AC, Carlos Ruano Jim\u00e9nez; el presidente de la organizaci\u00f3n Multi\u2013Ethnic Alliance of New York, Felipe Salinas; el coordinador de la Red de Comerciantes Latinos en Nueva York, Gabriel \u00c1guila Flores, y el artista veracruzano Jes\u00fas Sa\u00ed.<\/p>\n\n\n\n<p>Tambi\u00e9n el investigador de la Universidad Veracruzana (UV), Carlos Alberto Garrido de la Calleja; el especialista en Derecho Parlamentario, Daniel Enrique Azuara Carrillo; el presidente de la organizaci\u00f3n Casa Veracruz de los \u00c1ngeles California, David Cansino Dom\u00ednguez; el CEO de Vangee Global Comercializaci\u00f3n, Juan Morales Mata, y el c\u00f3nsul general de la Rep\u00fablica de Honduras en M\u00e9xico, Santos Alberto Osorto Montoya.<\/p>\n\n\n\n<p>Del mismo modo, tomaron la palabra: el titular de la Direcci\u00f3n General de Atenci\u00f3n a Migrantes, Bertoldo Reyes Campuzano; por la Secretar\u00eda de Turismo (Sectur), Gabriela G. Aguirre Colorado; Secretar\u00eda de Desarrollo Agropecuario, Rural y Pesca (Sedarpa), Adolfo Camet Cobos; Secretar\u00eda de Desarrollo Econ\u00f3mico (Sedecop), Andrea Molina Blancas; Secretar\u00eda de Educaci\u00f3n de Veracruz (SEV), Roberto Santos Ceballos; Secretar\u00eda de Trabajo, Previsi\u00f3n Social y Productividad (STPSP), Guadalupe Cruz Herrera; Secretar\u00eda de Cultura de Veracruz (Secver), Andrea Jazm\u00edn Dom\u00ednguez Andrade; Direcci\u00f3n del Registro Civil, Mirthala Isabel Ju\u00e1rez Gonz\u00e1lez, y Candelario P\u00e9rez Alvarado, representante de la Secretar\u00eda de Mexicanos en el Exterior del Comit\u00e9 Nacional de Morena.<\/p>\n","protected":false},"excerpt":{"rendered":"<p>El Congreso de Veracruz vincula a las organizaciones pro-migrantes con el Gobierno del Estado, a fin de hacer efectivas las iniciativas y acciones que redunden en progreso para los connacionales y sus familias. Este d\u00eda, en el Palacio Legislativo se llev\u00f3 a cabo el foro Perspectivas y retos de la comunidad veracruzana migrante en Estados [&hellip;]<\/p>\n","protected":false},"author":2,"featured_media":151085,"comment_status":"closed","ping_status":"closed","sticky":false,"template":"","format":"standard","meta":{"tdm_status":"","tdm_grid_status":"","footnotes":""},"categories":[43718],"tags":[393,45560,45558,4386],"class_list":{"0":"post-151084","1":"post","2":"type-post","3":"status-publish","4":"format-standard","5":"has-post-thumbnail","7":"category-elpalaciodeencanto","8":"tag-congreso-de-veracruz","9":"tag-migrantes-en-veracruz","10":"tag-organizaciones-pro-migrantes","11":"tag-rocio-nahle-garcia"},"yoast_head":"<!-- This site is optimized with the Yoast SEO plugin v27.4 - https:\/\/yoast.com\/product\/yoast-seo-wordpress\/ -->\n<title>LAS ACERCAN! - Los pol\u00edticos Veracruz<\/title>\n<meta name=\"robots\" content=\"index, follow, max-snippet:-1, max-image-preview:large, max-video-preview:-1\" \/>\n<link rel=\"canonical\" href=\"https:\/\/lospoliticosveracruz.com\/?p=151084\" \/>\n<meta property=\"og:locale\" content=\"es_ES\" \/>\n<meta property=\"og:type\" content=\"article\" \/>\n<meta property=\"og:title\" content=\"LAS ACERCAN! - Los pol\u00edticos Veracruz\" \/>\n<meta property=\"og:description\" content=\"El Congreso de Veracruz vincula a las organizaciones pro-migrantes con el Gobierno del Estado, a fin de hacer efectivas las iniciativas y acciones que redunden en progreso para los connacionales y sus familias. Este d\u00eda, en el Palacio Legislativo se llev\u00f3 a cabo el foro Perspectivas y retos de la comunidad veracruzana migrante en Estados [&hellip;]\" \/>\n<meta property=\"og:url\" content=\"https:\/\/lospoliticosveracruz.com\/?p=151084\" \/>\n<meta property=\"og:site_name\" content=\"Los pol\u00edticos Veracruz\" \/>\n<meta property=\"article:publisher\" content=\"https:\/\/www.facebook.com\/people\/Notimemes-de-los-Polticos\/61565672886568\/\" \/>\n<meta property=\"article:published_time\" content=\"2025-08-21T13:39:47+00:00\" \/>\n<meta property=\"article:modified_time\" content=\"2025-08-21T13:40:13+00:00\" \/>\n<meta property=\"og:image\" content=\"https:\/\/lospoliticosveracruz.com\/wp-content\/uploads\/2025\/08\/IMG_5746.jpeg\" \/>\n\t<meta property=\"og:image:width\" content=\"600\" \/>\n\t<meta property=\"og:image:height\" content=\"320\" \/>\n\t<meta property=\"og:image:type\" content=\"image\/jpeg\" \/>\n<meta name=\"author\" content=\"Lo viste en Los Pol\u00edticos\" \/>\n<meta name=\"twitter:card\" content=\"summary_large_image\" \/>\n<meta name=\"twitter:creator\" content=\"@LosPoliticosVer\" \/>\n<meta name=\"twitter:site\" content=\"@LosPoliticosVer\" \/>\n<meta name=\"twitter:label1\" content=\"Escrito por\" \/>\n\t<meta name=\"twitter:data1\" content=\"Lo viste en Los Pol\u00edticos\" \/>\n\t<meta name=\"twitter:label2\" content=\"Tiempo de lectura\" \/>\n\t<meta name=\"twitter:data2\" content=\"3 minutos\" \/>\n<script type=\"application\/ld+json\" class=\"yoast-schema-graph\">{\"@context\":\"https:\\\/\\\/schema.org\",\"@graph\":[{\"@type\":\"Article\",\"@id\":\"https:\\\/\\\/lospoliticosveracruz.com\\\/?p=151084#article\",\"isPartOf\":{\"@id\":\"https:\\\/\\\/lospoliticosveracruz.com\\\/?p=151084\"},\"author\":{\"name\":\"Lo viste en Los Pol\u00edticos\",\"@id\":\"https:\\\/\\\/lospoliticosveracruz.com\\\/#\\\/schema\\\/person\\\/b8702bb0e538456e6efd07080bf2a4a2\"},\"headline\":\"LAS ACERCAN!\",\"datePublished\":\"2025-08-21T13:39:47+00:00\",\"dateModified\":\"2025-08-21T13:40:13+00:00\",\"mainEntityOfPage\":{\"@id\":\"https:\\\/\\\/lospoliticosveracruz.com\\\/?p=151084\"},\"wordCount\":606,\"publisher\":{\"@id\":\"https:\\\/\\\/lospoliticosveracruz.com\\\/#organization\"},\"image\":{\"@id\":\"https:\\\/\\\/lospoliticosveracruz.com\\\/?p=151084#primaryimage\"},\"thumbnailUrl\":\"https:\\\/\\\/lospoliticosveracruz.com\\\/wp-content\\\/uploads\\\/2025\\\/08\\\/IMG_5746.jpeg\",\"keywords\":[\"Congreso de Veracruz\",\"migrantes en Veracruz\",\"organizaciones pro-migrantes\",\"Roc\u00edo Nahle Garc\u00eda\"],\"articleSection\":[\"EL PALACIO DE ENCANTO\"],\"inLanguage\":\"es\"},{\"@type\":\"WebPage\",\"@id\":\"https:\\\/\\\/lospoliticosveracruz.com\\\/?p=151084\",\"url\":\"https:\\\/\\\/lospoliticosveracruz.com\\\/?p=151084\",\"name\":\"LAS ACERCAN! - Los pol\u00edticos Veracruz\",\"isPartOf\":{\"@id\":\"https:\\\/\\\/lospoliticosveracruz.com\\\/#website\"},\"primaryImageOfPage\":{\"@id\":\"https:\\\/\\\/lospoliticosveracruz.com\\\/?p=151084#primaryimage\"},\"image\":{\"@id\":\"https:\\\/\\\/lospoliticosveracruz.com\\\/?p=151084#primaryimage\"},\"thumbnailUrl\":\"https:\\\/\\\/lospoliticosveracruz.com\\\/wp-content\\\/uploads\\\/2025\\\/08\\\/IMG_5746.jpeg\",\"datePublished\":\"2025-08-21T13:39:47+00:00\",\"dateModified\":\"2025-08-21T13:40:13+00:00\",\"breadcrumb\":{\"@id\":\"https:\\\/\\\/lospoliticosveracruz.com\\\/?p=151084#breadcrumb\"},\"inLanguage\":\"es\",\"potentialAction\":[{\"@type\":\"ReadAction\",\"target\":[\"https:\\\/\\\/lospoliticosveracruz.com\\\/?p=151084\"]}]},{\"@type\":\"ImageObject\",\"inLanguage\":\"es\",\"@id\":\"https:\\\/\\\/lospoliticosveracruz.com\\\/?p=151084#primaryimage\",\"url\":\"https:\\\/\\\/lospoliticosveracruz.com\\\/wp-content\\\/uploads\\\/2025\\\/08\\\/IMG_5746.jpeg\",\"contentUrl\":\"https:\\\/\\\/lospoliticosveracruz.com\\\/wp-content\\\/uploads\\\/2025\\\/08\\\/IMG_5746.jpeg\",\"width\":600,\"height\":320},{\"@type\":\"BreadcrumbList\",\"@id\":\"https:\\\/\\\/lospoliticosveracruz.com\\\/?p=151084#breadcrumb\",\"itemListElement\":[{\"@type\":\"ListItem\",\"position\":1,\"name\":\"Portada\",\"item\":\"https:\\\/\\\/lospoliticosveracruz.com\\\/\"},{\"@type\":\"ListItem\",\"position\":2,\"name\":\"LAS ACERCAN!\"}]},{\"@type\":\"WebSite\",\"@id\":\"https:\\\/\\\/lospoliticosveracruz.com\\\/#website\",\"url\":\"https:\\\/\\\/lospoliticosveracruz.com\\\/\",\"name\":\"Los pol\u00edticos Veracruz\",\"description\":\"\",\"publisher\":{\"@id\":\"https:\\\/\\\/lospoliticosveracruz.com\\\/#organization\"},\"potentialAction\":[{\"@type\":\"SearchAction\",\"target\":{\"@type\":\"EntryPoint\",\"urlTemplate\":\"https:\\\/\\\/lospoliticosveracruz.com\\\/?s={search_term_string}\"},\"query-input\":{\"@type\":\"PropertyValueSpecification\",\"valueRequired\":true,\"valueName\":\"search_term_string\"}}],\"inLanguage\":\"es\"},{\"@type\":\"Organization\",\"@id\":\"https:\\\/\\\/lospoliticosveracruz.com\\\/#organization\",\"name\":\"Los pol\u00edticos Veracruz\",\"url\":\"https:\\\/\\\/lospoliticosveracruz.com\\\/\",\"logo\":{\"@type\":\"ImageObject\",\"inLanguage\":\"es\",\"@id\":\"https:\\\/\\\/lospoliticosveracruz.com\\\/#\\\/schema\\\/logo\\\/image\\\/\",\"url\":\"https:\\\/\\\/lospoliticosveracruz.com\\\/wp-content\\\/uploads\\\/2025\\\/12\\\/Logo-Nuevo-LOS-POLITICOS-1.jpg\",\"contentUrl\":\"https:\\\/\\\/lospoliticosveracruz.com\\\/wp-content\\\/uploads\\\/2025\\\/12\\\/Logo-Nuevo-LOS-POLITICOS-1.jpg\",\"width\":260,\"height\":70,\"caption\":\"Los pol\u00edticos Veracruz\"},\"image\":{\"@id\":\"https:\\\/\\\/lospoliticosveracruz.com\\\/#\\\/schema\\\/logo\\\/image\\\/\"},\"sameAs\":[\"https:\\\/\\\/www.facebook.com\\\/people\\\/Notimemes-de-los-Polticos\\\/61565672886568\\\/\",\"https:\\\/\\\/x.com\\\/LosPoliticosVer\"]},{\"@type\":\"Person\",\"@id\":\"https:\\\/\\\/lospoliticosveracruz.com\\\/#\\\/schema\\\/person\\\/b8702bb0e538456e6efd07080bf2a4a2\",\"name\":\"Lo viste en Los Pol\u00edticos\",\"image\":{\"@type\":\"ImageObject\",\"inLanguage\":\"es\",\"@id\":\"https:\\\/\\\/secure.gravatar.com\\\/avatar\\\/3a8de04a2656d44082be478bd6c086daa447c4651605818287b9532d3d0bd435?s=96&d=mm&r=g\",\"url\":\"https:\\\/\\\/secure.gravatar.com\\\/avatar\\\/3a8de04a2656d44082be478bd6c086daa447c4651605818287b9532d3d0bd435?s=96&d=mm&r=g\",\"contentUrl\":\"https:\\\/\\\/secure.gravatar.com\\\/avatar\\\/3a8de04a2656d44082be478bd6c086daa447c4651605818287b9532d3d0bd435?s=96&d=mm&r=g\",\"caption\":\"Lo viste en Los Pol\u00edticos\"},\"url\":\"https:\\\/\\\/lospoliticosveracruz.com\\\/?author=2\"}]}<\/script>\n<!-- \/ Yoast SEO plugin. -->","yoast_head_json":{"title":"LAS ACERCAN! - Los pol\u00edticos Veracruz","robots":{"index":"index","follow":"follow","max-snippet":"max-snippet:-1","max-image-preview":"max-image-preview:large","max-video-preview":"max-video-preview:-1"},"canonical":"https:\/\/lospoliticosveracruz.com\/?p=151084","og_locale":"es_ES","og_type":"article","og_title":"LAS ACERCAN! - Los pol\u00edticos Veracruz","og_description":"El Congreso de Veracruz vincula a las organizaciones pro-migrantes con el Gobierno del Estado, a fin de hacer efectivas las iniciativas y acciones que redunden en progreso para los connacionales y sus familias. Este d\u00eda, en el Palacio Legislativo se llev\u00f3 a cabo el foro Perspectivas y retos de la comunidad veracruzana migrante en Estados [&hellip;]","og_url":"https:\/\/lospoliticosveracruz.com\/?p=151084","og_site_name":"Los pol\u00edticos Veracruz","article_publisher":"https:\/\/www.facebook.com\/people\/Notimemes-de-los-Polticos\/61565672886568\/","article_published_time":"2025-08-21T13:39:47+00:00","article_modified_time":"2025-08-21T13:40:13+00:00","og_image":[{"width":600,"height":320,"url":"https:\/\/lospoliticosveracruz.com\/wp-content\/uploads\/2025\/08\/IMG_5746.jpeg","type":"image\/jpeg"}],"author":"Lo viste en Los Pol\u00edticos","twitter_card":"summary_large_image","twitter_creator":"@LosPoliticosVer","twitter_site":"@LosPoliticosVer","twitter_misc":{"Escrito por":"Lo viste en Los Pol\u00edticos","Tiempo de lectura":"3 minutos"},"schema":{"@context":"https:\/\/schema.org","@graph":[{"@type":"Article","@id":"https:\/\/lospoliticosveracruz.com\/?p=151084#article","isPartOf":{"@id":"https:\/\/lospoliticosveracruz.com\/?p=151084"},"author":{"name":"Lo viste en Los Pol\u00edticos","@id":"https:\/\/lospoliticosveracruz.com\/#\/schema\/person\/b8702bb0e538456e6efd07080bf2a4a2"},"headline":"LAS ACERCAN!","datePublished":"2025-08-21T13:39:47+00:00","dateModified":"2025-08-21T13:40:13+00:00","mainEntityOfPage":{"@id":"https:\/\/lospoliticosveracruz.com\/?p=151084"},"wordCount":606,"publisher":{"@id":"https:\/\/lospoliticosveracruz.com\/#organization"},"image":{"@id":"https:\/\/lospoliticosveracruz.com\/?p=151084#primaryimage"},"thumbnailUrl":"https:\/\/lospoliticosveracruz.com\/wp-content\/uploads\/2025\/08\/IMG_5746.jpeg","keywords":["Congreso de Veracruz","migrantes en Veracruz","organizaciones pro-migrantes","Roc\u00edo Nahle Garc\u00eda"],"articleSection":["EL PALACIO DE ENCANTO"],"inLanguage":"es"},{"@type":"WebPage","@id":"https:\/\/lospoliticosveracruz.com\/?p=151084","url":"https:\/\/lospoliticosveracruz.com\/?p=151084","name":"LAS ACERCAN! - Los pol\u00edticos Veracruz","isPartOf":{"@id":"https:\/\/lospoliticosveracruz.com\/#website"},"primaryImageOfPage":{"@id":"https:\/\/lospoliticosveracruz.com\/?p=151084#primaryimage"},"image":{"@id":"https:\/\/lospoliticosveracruz.com\/?p=151084#primaryimage"},"thumbnailUrl":"https:\/\/lospoliticosveracruz.com\/wp-content\/uploads\/2025\/08\/IMG_5746.jpeg","datePublished":"2025-08-21T13:39:47+00:00","dateModified":"2025-08-21T13:40:13+00:00","breadcrumb":{"@id":"https:\/\/lospoliticosveracruz.com\/?p=151084#breadcrumb"},"inLanguage":"es","potentialAction":[{"@type":"ReadAction","target":["https:\/\/lospoliticosveracruz.com\/?p=151084"]}]},{"@type":"ImageObject","inLanguage":"es","@id":"https:\/\/lospoliticosveracruz.com\/?p=151084#primaryimage","url":"https:\/\/lospoliticosveracruz.com\/wp-content\/uploads\/2025\/08\/IMG_5746.jpeg","contentUrl":"https:\/\/lospoliticosveracruz.com\/wp-content\/uploads\/2025\/08\/IMG_5746.jpeg","width":600,"height":320},{"@type":"BreadcrumbList","@id":"https:\/\/lospoliticosveracruz.com\/?p=151084#breadcrumb","itemListElement":[{"@type":"ListItem","position":1,"name":"Portada","item":"https:\/\/lospoliticosveracruz.com\/"},{"@type":"ListItem","position":2,"name":"LAS ACERCAN!"}]},{"@type":"WebSite","@id":"https:\/\/lospoliticosveracruz.com\/#website","url":"https:\/\/lospoliticosveracruz.com\/","name":"Los pol\u00edticos Veracruz","description":"","publisher":{"@id":"https:\/\/lospoliticosveracruz.com\/#organization"},"potentialAction":[{"@type":"SearchAction","target":{"@type":"EntryPoint","urlTemplate":"https:\/\/lospoliticosveracruz.com\/?s={search_term_string}"},"query-input":{"@type":"PropertyValueSpecification","valueRequired":true,"valueName":"search_term_string"}}],"inLanguage":"es"},{"@type":"Organization","@id":"https:\/\/lospoliticosveracruz.com\/#organization","name":"Los pol\u00edticos Veracruz","url":"https:\/\/lospoliticosveracruz.com\/","logo":{"@type":"ImageObject","inLanguage":"es","@id":"https:\/\/lospoliticosveracruz.com\/#\/schema\/logo\/image\/","url":"https:\/\/lospoliticosveracruz.com\/wp-content\/uploads\/2025\/12\/Logo-Nuevo-LOS-POLITICOS-1.jpg","contentUrl":"https:\/\/lospoliticosveracruz.com\/wp-content\/uploads\/2025\/12\/Logo-Nuevo-LOS-POLITICOS-1.jpg","width":260,"height":70,"caption":"Los pol\u00edticos Veracruz"},"image":{"@id":"https:\/\/lospoliticosveracruz.com\/#\/schema\/logo\/image\/"},"sameAs":["https:\/\/www.facebook.com\/people\/Notimemes-de-los-Polticos\/61565672886568\/","https:\/\/x.com\/LosPoliticosVer"]},{"@type":"Person","@id":"https:\/\/lospoliticosveracruz.com\/#\/schema\/person\/b8702bb0e538456e6efd07080bf2a4a2","name":"Lo viste en Los Pol\u00edticos","image":{"@type":"ImageObject","inLanguage":"es","@id":"https:\/\/secure.gravatar.com\/avatar\/3a8de04a2656d44082be478bd6c086daa447c4651605818287b9532d3d0bd435?s=96&d=mm&r=g","url":"https:\/\/secure.gravatar.com\/avatar\/3a8de04a2656d44082be478bd6c086daa447c4651605818287b9532d3d0bd435?s=96&d=mm&r=g","contentUrl":"https:\/\/secure.gravatar.com\/avatar\/3a8de04a2656d44082be478bd6c086daa447c4651605818287b9532d3d0bd435?s=96&d=mm&r=g","caption":"Lo viste en Los Pol\u00edticos"},"url":"https:\/\/lospoliticosveracruz.com\/?author=2"}]}},"_links":{"self":[{"href":"https:\/\/lospoliticosveracruz.com\/index.php?rest_route=\/wp\/v2\/posts\/151084","targetHints":{"allow":["GET"]}}],"collection":[{"href":"https:\/\/lospoliticosveracruz.com\/index.php?rest_route=\/wp\/v2\/posts"}],"about":[{"href":"https:\/\/lospoliticosveracruz.com\/index.php?rest_route=\/wp\/v2\/types\/post"}],"author":[{"embeddable":true,"href":"https:\/\/lospoliticosveracruz.com\/index.php?rest_route=\/wp\/v2\/users\/2"}],"replies":[{"embeddable":true,"href":"https:\/\/lospoliticosveracruz.com\/index.php?rest_route=%2Fwp%2Fv2%2Fcomments&post=151084"}],"version-history":[{"count":1,"href":"https:\/\/lospoliticosveracruz.com\/index.php?rest_route=\/wp\/v2\/posts\/151084\/revisions"}],"predecessor-version":[{"id":151086,"href":"https:\/\/lospoliticosveracruz.com\/index.php?rest_route=\/wp\/v2\/posts\/151084\/revisions\/151086"}],"wp:featuredmedia":[{"embeddable":true,"href":"https:\/\/lospoliticosveracruz.com\/index.php?rest_route=\/wp\/v2\/media\/151085"}],"wp:attachment":[{"href":"https:\/\/lospoliticosveracruz.com\/index.php?rest_route=%2Fwp%2Fv2%2Fmedia&parent=151084"}],"wp:term":[{"taxonomy":"category","embeddable":true,"href":"https:\/\/lospoliticosveracruz.com\/index.php?rest_route=%2Fwp%2Fv2%2Fcategories&post=151084"},{"taxonomy":"post_tag","embeddable":true,"href":"https:\/\/lospoliticosveracruz.com\/index.php?rest_route=%2Fwp%2Fv2%2Ftags&post=151084"}],"curies":[{"name":"wp","href":"https:\/\/api.w.org\/{rel}","templated":true}]}}