{"id":151087,"date":"2025-08-21T08:51:01","date_gmt":"2025-08-21T13:51:01","guid":{"rendered":"https:\/\/lospoliticosveracruz.com.mx\/?p=151087"},"modified":"2025-08-21T08:51:14","modified_gmt":"2025-08-21T13:51:14","slug":"recuento-de-los-anos-luces-y-sombras","status":"publish","type":"post","link":"https:\/\/lospoliticosveracruz.com\/?p=151087","title":{"rendered":"RECUENTO DE LOS A\u00d1OS: LUCES Y SOMBRAS\u00a0"},"content":{"rendered":"\n\n\n<p><strong>Uriel Flores Aguayo<\/strong>&nbsp;<\/p>\n\n\n\n<p>Puede resultar bochornoso hablar personalmente, intentar apuntes de lo propio, de lo individual. Pero hay que hacerlo. Decir lo que se piensa y lo que se aprendi\u00f3. Hay edades para eso. Seis o siete d\u00e9cadas son suficientes para tener qu\u00e9 contar y haber aprendido algo bueno o malo. As\u00ed es la vida, ahora lo sabemos mejor. A cierta edad hay m\u00e1s pasado que futuro, y muchos recuerdos. No es f\u00e1cil romper las rutinas y salirse de las inercias. La memoria juega con el pasado, lo mira en partes y reivindica la ni\u00f1ez y la juventud, a\u00f1os de misterios, vida veloz y descubrimientos. En esas etapas se defini\u00f3 mucho, tal vez la mayor parte, de lo que \u00edbamos a ser. Se molde\u00f3 la personalidad, se trazaron las rutas de estudio y trabajo, se tomaron ciertos valores, aparecieron los amores y sus precipitaciones en familia y descendencia. Era lo com\u00fan . Antes hab\u00eda edades tempranas para el matrimonio y los hijos. Pesaba en eso la religi\u00f3n y el entorno familiar y social. El barrio te defin\u00eda con sus rostros amigables y convivencias naturales. Tambi\u00e9n era tu hogar. Las amistades eran s\u00f3lidas y duraderas. Algunas se quedaron para siempre. Los amigos de ayer son esenciales. Construir amistades es un camino largo y selectivo si son de verdad. De amores se debe hablar con reservas. Aveces se confund\u00edan con impulsos b\u00e1sicos o con emociones carnales. Igualmente pod\u00edan ser im\u00e1genes de las aventuras. Diste todo, mucho o poco, y recibiste lo equivalente. Te entregaste en el compromiso. La vida son relaciones. Se aprende o no, pero sobre todo se vive. Es dif\u00edcil, sin referentes, tomar plena conciencia de lo que se quiere. Apuestas a tu criterio y otro poco a lo que ves. Te equivocas y te vuelves a equivocar hasta que haces lo correcto. En todo. Alej\u00e1ndote de lo banal y vulgar te envuelves en cart\u00f3n. Es complicado un equilibrio entre la vida f\u00e1cil o hueca y algo que parezca serio sin ser solemne. Es cierto que la ignorancia es m\u00e1s feliz; no sabe nada, no cuestiona y no se plantea algo especial o diferente. Al menos es un tipo de felicidad, la del banco y negro y la rutina. A estas alturas ya sabes en que perdiste y en que ganaste. A\u00f1oras a tus padres y seres queridos en general. Sientes que te falt\u00f3 tiempo y afectos con ellos. Los sue\u00f1as. De los amores apenas qued\u00f3 algo, te va bien si no te odian las mujeres de tu vida. Sin intenci\u00f3n hiciste da\u00f1os. Aunque tu voluntad fuera otra y todo lo hicieras de buena fe. Finalmente eres luz y sombra. M\u00e1s que imperfecto. Te queda menos tiempo de vida y lo deseas de calidad. Sabes de la condici\u00f3n humana m\u00e1s que nunca. Ya no tienes muchas ilusiones propias. Anhelas que hijos y nietos sean felices en este complejo mundo. Est\u00e1s en la etapa de abuelo. Condici\u00f3n que desaf\u00eda tu prestigio y dignidad, y tambi\u00e9n la energ\u00eda. Hiciste lo posible por ser buena persona, pero muchas cosas no depend\u00edan de ti. Reconocer los errores es sano, como tambi\u00e9n lo es disfrutar de los aciertos. Si te haces justicia y vas al justo medio, no te deprimir\u00e1s. Ni har\u00e1s el rid\u00edculo con ideas estrafalarias o poses de \u201c chavo ruco\u201d. Ahora entiendes mejor que cada ciclo tiene sus reglas, que cada tiempo corresponde a un estado de \u00e1nimo. Si lo hiciste poco o mucho de todos modos tienes que prepararte para el trecho final de esta maravillosa vida. Conserva el amor de tus seres queridos y sigue cultivando las amistades. Si tienes pareja de siempre, eres sabio y plenamente sano. Si te lleg\u00f3 tarde el amor, que consideras mejor o verdadero, ya no lo sueltes; con ese amor vas a terminar tus d\u00edas y m\u00e1s vale que sea de calidad y absolutamente confiable. Sigue siendo buen ciudadano, con voz y voto, se solidario y siempre incl\u00ednate por la justicia. No busques poder ni riqueza, es mucha tensi\u00f3n, te aleja de lo sencillo y te lleva a finales de patolog\u00eda. Por ning\u00fan motivo se debe renunciar a la decencia. Si algo te acompa\u00f1ara en este tiempo es tu conciencia limpia y la convicci\u00f3n de haber hecho lo correcto en lo personal y colectivo.&nbsp;<\/p>\n\n\n\n<p>Recadito: aveces hay buenas noticias, es el caso de la cl\u00ednica de ISSSTE en Xalapa, con su nuevo director.<\/p>\n\n\n\n<p><\/p>\n\n\n\n<p><\/p>\n\n\n\n<p><\/p>\n\n\n\n<p><\/p>\n\n\n\n<p><\/p>\n","protected":false},"excerpt":{"rendered":"<p>Uriel Flores Aguayo&nbsp; Puede resultar bochornoso hablar personalmente, intentar apuntes de lo propio, de lo individual. Pero hay que hacerlo. Decir lo que se piensa y lo que se aprendi\u00f3. Hay edades para eso. Seis o siete d\u00e9cadas son suficientes para tener qu\u00e9 contar y haber aprendido algo bueno o malo. As\u00ed es la vida, [&hellip;]<\/p>\n","protected":false},"author":2,"featured_media":141430,"comment_status":"closed","ping_status":"closed","sticky":false,"template":"","format":"standard","meta":{"tdm_status":"","tdm_grid_status":"","footnotes":""},"categories":[70],"tags":[45562,45565],"class_list":{"0":"post-151087","1":"post","2":"type-post","3":"status-publish","4":"format-standard","5":"has-post-thumbnail","7":"category-de-opinion","8":"tag-recuerdos","9":"tag-reflexion"},"yoast_head":"<!-- This site is optimized with the Yoast SEO plugin v27.4 - https:\/\/yoast.com\/product\/yoast-seo-wordpress\/ -->\n<title>RECUENTO DE LOS A\u00d1OS: LUCES Y SOMBRAS\u00a0 - Los pol\u00edticos Veracruz<\/title>\n<meta name=\"robots\" content=\"index, follow, max-snippet:-1, max-image-preview:large, max-video-preview:-1\" \/>\n<link rel=\"canonical\" href=\"https:\/\/lospoliticosveracruz.com\/?p=151087\" \/>\n<meta property=\"og:locale\" content=\"es_ES\" \/>\n<meta property=\"og:type\" content=\"article\" \/>\n<meta property=\"og:title\" content=\"RECUENTO DE LOS A\u00d1OS: LUCES Y SOMBRAS\u00a0 - Los pol\u00edticos Veracruz\" \/>\n<meta property=\"og:description\" content=\"Uriel Flores Aguayo&nbsp; Puede resultar bochornoso hablar personalmente, intentar apuntes de lo propio, de lo individual. Pero hay que hacerlo. Decir lo que se piensa y lo que se aprendi\u00f3. Hay edades para eso. Seis o siete d\u00e9cadas son suficientes para tener qu\u00e9 contar y haber aprendido algo bueno o malo. As\u00ed es la vida, [&hellip;]\" \/>\n<meta property=\"og:url\" content=\"https:\/\/lospoliticosveracruz.com\/?p=151087\" \/>\n<meta property=\"og:site_name\" content=\"Los pol\u00edticos Veracruz\" \/>\n<meta property=\"article:publisher\" content=\"https:\/\/www.facebook.com\/people\/Notimemes-de-los-Polticos\/61565672886568\/\" \/>\n<meta property=\"article:published_time\" content=\"2025-08-21T13:51:01+00:00\" \/>\n<meta property=\"article:modified_time\" content=\"2025-08-21T13:51:14+00:00\" \/>\n<meta property=\"og:image\" content=\"https:\/\/lospoliticosveracruz.com\/wp-content\/uploads\/2025\/04\/Uriel-Flores.jpg\" \/>\n\t<meta property=\"og:image:width\" content=\"1250\" \/>\n\t<meta property=\"og:image:height\" content=\"667\" \/>\n\t<meta property=\"og:image:type\" content=\"image\/jpeg\" \/>\n<meta name=\"author\" content=\"Lo viste en Los Pol\u00edticos\" \/>\n<meta name=\"twitter:card\" content=\"summary_large_image\" \/>\n<meta name=\"twitter:creator\" content=\"@LosPoliticosVer\" \/>\n<meta name=\"twitter:site\" content=\"@LosPoliticosVer\" \/>\n<meta name=\"twitter:label1\" content=\"Escrito por\" \/>\n\t<meta name=\"twitter:data1\" content=\"Lo viste en Los Pol\u00edticos\" \/>\n\t<meta name=\"twitter:label2\" content=\"Tiempo de lectura\" \/>\n\t<meta name=\"twitter:data2\" content=\"4 minutos\" \/>\n<script type=\"application\/ld+json\" class=\"yoast-schema-graph\">{\"@context\":\"https:\\\/\\\/schema.org\",\"@graph\":[{\"@type\":\"Article\",\"@id\":\"https:\\\/\\\/lospoliticosveracruz.com\\\/?p=151087#article\",\"isPartOf\":{\"@id\":\"https:\\\/\\\/lospoliticosveracruz.com\\\/?p=151087\"},\"author\":{\"name\":\"Lo viste en Los Pol\u00edticos\",\"@id\":\"https:\\\/\\\/lospoliticosveracruz.com\\\/#\\\/schema\\\/person\\\/b8702bb0e538456e6efd07080bf2a4a2\"},\"headline\":\"RECUENTO DE LOS A\u00d1OS: LUCES Y SOMBRAS\u00a0\",\"datePublished\":\"2025-08-21T13:51:01+00:00\",\"dateModified\":\"2025-08-21T13:51:14+00:00\",\"mainEntityOfPage\":{\"@id\":\"https:\\\/\\\/lospoliticosveracruz.com\\\/?p=151087\"},\"wordCount\":783,\"publisher\":{\"@id\":\"https:\\\/\\\/lospoliticosveracruz.com\\\/#organization\"},\"image\":{\"@id\":\"https:\\\/\\\/lospoliticosveracruz.com\\\/?p=151087#primaryimage\"},\"thumbnailUrl\":\"https:\\\/\\\/lospoliticosveracruz.com\\\/wp-content\\\/uploads\\\/2025\\\/04\\\/Uriel-Flores.jpg\",\"keywords\":[\"recuerdos\",\"reflexi\u00f3n\"],\"articleSection\":[\"De Opini\u00f3n\"],\"inLanguage\":\"es\"},{\"@type\":\"WebPage\",\"@id\":\"https:\\\/\\\/lospoliticosveracruz.com\\\/?p=151087\",\"url\":\"https:\\\/\\\/lospoliticosveracruz.com\\\/?p=151087\",\"name\":\"RECUENTO DE LOS A\u00d1OS: LUCES Y SOMBRAS\u00a0 - Los pol\u00edticos Veracruz\",\"isPartOf\":{\"@id\":\"https:\\\/\\\/lospoliticosveracruz.com\\\/#website\"},\"primaryImageOfPage\":{\"@id\":\"https:\\\/\\\/lospoliticosveracruz.com\\\/?p=151087#primaryimage\"},\"image\":{\"@id\":\"https:\\\/\\\/lospoliticosveracruz.com\\\/?p=151087#primaryimage\"},\"thumbnailUrl\":\"https:\\\/\\\/lospoliticosveracruz.com\\\/wp-content\\\/uploads\\\/2025\\\/04\\\/Uriel-Flores.jpg\",\"datePublished\":\"2025-08-21T13:51:01+00:00\",\"dateModified\":\"2025-08-21T13:51:14+00:00\",\"breadcrumb\":{\"@id\":\"https:\\\/\\\/lospoliticosveracruz.com\\\/?p=151087#breadcrumb\"},\"inLanguage\":\"es\",\"potentialAction\":[{\"@type\":\"ReadAction\",\"target\":[\"https:\\\/\\\/lospoliticosveracruz.com\\\/?p=151087\"]}]},{\"@type\":\"ImageObject\",\"inLanguage\":\"es\",\"@id\":\"https:\\\/\\\/lospoliticosveracruz.com\\\/?p=151087#primaryimage\",\"url\":\"https:\\\/\\\/lospoliticosveracruz.com\\\/wp-content\\\/uploads\\\/2025\\\/04\\\/Uriel-Flores.jpg\",\"contentUrl\":\"https:\\\/\\\/lospoliticosveracruz.com\\\/wp-content\\\/uploads\\\/2025\\\/04\\\/Uriel-Flores.jpg\",\"width\":1250,\"height\":667},{\"@type\":\"BreadcrumbList\",\"@id\":\"https:\\\/\\\/lospoliticosveracruz.com\\\/?p=151087#breadcrumb\",\"itemListElement\":[{\"@type\":\"ListItem\",\"position\":1,\"name\":\"Portada\",\"item\":\"https:\\\/\\\/lospoliticosveracruz.com\\\/\"},{\"@type\":\"ListItem\",\"position\":2,\"name\":\"RECUENTO DE LOS A\u00d1OS: LUCES Y SOMBRAS\u00a0\"}]},{\"@type\":\"WebSite\",\"@id\":\"https:\\\/\\\/lospoliticosveracruz.com\\\/#website\",\"url\":\"https:\\\/\\\/lospoliticosveracruz.com\\\/\",\"name\":\"Los pol\u00edticos Veracruz\",\"description\":\"\",\"publisher\":{\"@id\":\"https:\\\/\\\/lospoliticosveracruz.com\\\/#organization\"},\"potentialAction\":[{\"@type\":\"SearchAction\",\"target\":{\"@type\":\"EntryPoint\",\"urlTemplate\":\"https:\\\/\\\/lospoliticosveracruz.com\\\/?s={search_term_string}\"},\"query-input\":{\"@type\":\"PropertyValueSpecification\",\"valueRequired\":true,\"valueName\":\"search_term_string\"}}],\"inLanguage\":\"es\"},{\"@type\":\"Organization\",\"@id\":\"https:\\\/\\\/lospoliticosveracruz.com\\\/#organization\",\"name\":\"Los pol\u00edticos Veracruz\",\"url\":\"https:\\\/\\\/lospoliticosveracruz.com\\\/\",\"logo\":{\"@type\":\"ImageObject\",\"inLanguage\":\"es\",\"@id\":\"https:\\\/\\\/lospoliticosveracruz.com\\\/#\\\/schema\\\/logo\\\/image\\\/\",\"url\":\"https:\\\/\\\/lospoliticosveracruz.com\\\/wp-content\\\/uploads\\\/2025\\\/12\\\/Logo-Nuevo-LOS-POLITICOS-1.jpg\",\"contentUrl\":\"https:\\\/\\\/lospoliticosveracruz.com\\\/wp-content\\\/uploads\\\/2025\\\/12\\\/Logo-Nuevo-LOS-POLITICOS-1.jpg\",\"width\":260,\"height\":70,\"caption\":\"Los pol\u00edticos Veracruz\"},\"image\":{\"@id\":\"https:\\\/\\\/lospoliticosveracruz.com\\\/#\\\/schema\\\/logo\\\/image\\\/\"},\"sameAs\":[\"https:\\\/\\\/www.facebook.com\\\/people\\\/Notimemes-de-los-Polticos\\\/61565672886568\\\/\",\"https:\\\/\\\/x.com\\\/LosPoliticosVer\"]},{\"@type\":\"Person\",\"@id\":\"https:\\\/\\\/lospoliticosveracruz.com\\\/#\\\/schema\\\/person\\\/b8702bb0e538456e6efd07080bf2a4a2\",\"name\":\"Lo viste en Los Pol\u00edticos\",\"image\":{\"@type\":\"ImageObject\",\"inLanguage\":\"es\",\"@id\":\"https:\\\/\\\/secure.gravatar.com\\\/avatar\\\/3a8de04a2656d44082be478bd6c086daa447c4651605818287b9532d3d0bd435?s=96&d=mm&r=g\",\"url\":\"https:\\\/\\\/secure.gravatar.com\\\/avatar\\\/3a8de04a2656d44082be478bd6c086daa447c4651605818287b9532d3d0bd435?s=96&d=mm&r=g\",\"contentUrl\":\"https:\\\/\\\/secure.gravatar.com\\\/avatar\\\/3a8de04a2656d44082be478bd6c086daa447c4651605818287b9532d3d0bd435?s=96&d=mm&r=g\",\"caption\":\"Lo viste en Los Pol\u00edticos\"},\"url\":\"https:\\\/\\\/lospoliticosveracruz.com\\\/?author=2\"}]}<\/script>\n<!-- \/ Yoast SEO plugin. -->","yoast_head_json":{"title":"RECUENTO DE LOS A\u00d1OS: LUCES Y SOMBRAS\u00a0 - Los pol\u00edticos Veracruz","robots":{"index":"index","follow":"follow","max-snippet":"max-snippet:-1","max-image-preview":"max-image-preview:large","max-video-preview":"max-video-preview:-1"},"canonical":"https:\/\/lospoliticosveracruz.com\/?p=151087","og_locale":"es_ES","og_type":"article","og_title":"RECUENTO DE LOS A\u00d1OS: LUCES Y SOMBRAS\u00a0 - Los pol\u00edticos Veracruz","og_description":"Uriel Flores Aguayo&nbsp; Puede resultar bochornoso hablar personalmente, intentar apuntes de lo propio, de lo individual. Pero hay que hacerlo. Decir lo que se piensa y lo que se aprendi\u00f3. Hay edades para eso. Seis o siete d\u00e9cadas son suficientes para tener qu\u00e9 contar y haber aprendido algo bueno o malo. As\u00ed es la vida, [&hellip;]","og_url":"https:\/\/lospoliticosveracruz.com\/?p=151087","og_site_name":"Los pol\u00edticos Veracruz","article_publisher":"https:\/\/www.facebook.com\/people\/Notimemes-de-los-Polticos\/61565672886568\/","article_published_time":"2025-08-21T13:51:01+00:00","article_modified_time":"2025-08-21T13:51:14+00:00","og_image":[{"width":1250,"height":667,"url":"https:\/\/lospoliticosveracruz.com\/wp-content\/uploads\/2025\/04\/Uriel-Flores.jpg","type":"image\/jpeg"}],"author":"Lo viste en Los Pol\u00edticos","twitter_card":"summary_large_image","twitter_creator":"@LosPoliticosVer","twitter_site":"@LosPoliticosVer","twitter_misc":{"Escrito por":"Lo viste en Los Pol\u00edticos","Tiempo de lectura":"4 minutos"},"schema":{"@context":"https:\/\/schema.org","@graph":[{"@type":"Article","@id":"https:\/\/lospoliticosveracruz.com\/?p=151087#article","isPartOf":{"@id":"https:\/\/lospoliticosveracruz.com\/?p=151087"},"author":{"name":"Lo viste en Los Pol\u00edticos","@id":"https:\/\/lospoliticosveracruz.com\/#\/schema\/person\/b8702bb0e538456e6efd07080bf2a4a2"},"headline":"RECUENTO DE LOS A\u00d1OS: LUCES Y SOMBRAS\u00a0","datePublished":"2025-08-21T13:51:01+00:00","dateModified":"2025-08-21T13:51:14+00:00","mainEntityOfPage":{"@id":"https:\/\/lospoliticosveracruz.com\/?p=151087"},"wordCount":783,"publisher":{"@id":"https:\/\/lospoliticosveracruz.com\/#organization"},"image":{"@id":"https:\/\/lospoliticosveracruz.com\/?p=151087#primaryimage"},"thumbnailUrl":"https:\/\/lospoliticosveracruz.com\/wp-content\/uploads\/2025\/04\/Uriel-Flores.jpg","keywords":["recuerdos","reflexi\u00f3n"],"articleSection":["De Opini\u00f3n"],"inLanguage":"es"},{"@type":"WebPage","@id":"https:\/\/lospoliticosveracruz.com\/?p=151087","url":"https:\/\/lospoliticosveracruz.com\/?p=151087","name":"RECUENTO DE LOS A\u00d1OS: LUCES Y SOMBRAS\u00a0 - Los pol\u00edticos Veracruz","isPartOf":{"@id":"https:\/\/lospoliticosveracruz.com\/#website"},"primaryImageOfPage":{"@id":"https:\/\/lospoliticosveracruz.com\/?p=151087#primaryimage"},"image":{"@id":"https:\/\/lospoliticosveracruz.com\/?p=151087#primaryimage"},"thumbnailUrl":"https:\/\/lospoliticosveracruz.com\/wp-content\/uploads\/2025\/04\/Uriel-Flores.jpg","datePublished":"2025-08-21T13:51:01+00:00","dateModified":"2025-08-21T13:51:14+00:00","breadcrumb":{"@id":"https:\/\/lospoliticosveracruz.com\/?p=151087#breadcrumb"},"inLanguage":"es","potentialAction":[{"@type":"ReadAction","target":["https:\/\/lospoliticosveracruz.com\/?p=151087"]}]},{"@type":"ImageObject","inLanguage":"es","@id":"https:\/\/lospoliticosveracruz.com\/?p=151087#primaryimage","url":"https:\/\/lospoliticosveracruz.com\/wp-content\/uploads\/2025\/04\/Uriel-Flores.jpg","contentUrl":"https:\/\/lospoliticosveracruz.com\/wp-content\/uploads\/2025\/04\/Uriel-Flores.jpg","width":1250,"height":667},{"@type":"BreadcrumbList","@id":"https:\/\/lospoliticosveracruz.com\/?p=151087#breadcrumb","itemListElement":[{"@type":"ListItem","position":1,"name":"Portada","item":"https:\/\/lospoliticosveracruz.com\/"},{"@type":"ListItem","position":2,"name":"RECUENTO DE LOS A\u00d1OS: LUCES Y SOMBRAS\u00a0"}]},{"@type":"WebSite","@id":"https:\/\/lospoliticosveracruz.com\/#website","url":"https:\/\/lospoliticosveracruz.com\/","name":"Los pol\u00edticos Veracruz","description":"","publisher":{"@id":"https:\/\/lospoliticosveracruz.com\/#organization"},"potentialAction":[{"@type":"SearchAction","target":{"@type":"EntryPoint","urlTemplate":"https:\/\/lospoliticosveracruz.com\/?s={search_term_string}"},"query-input":{"@type":"PropertyValueSpecification","valueRequired":true,"valueName":"search_term_string"}}],"inLanguage":"es"},{"@type":"Organization","@id":"https:\/\/lospoliticosveracruz.com\/#organization","name":"Los pol\u00edticos Veracruz","url":"https:\/\/lospoliticosveracruz.com\/","logo":{"@type":"ImageObject","inLanguage":"es","@id":"https:\/\/lospoliticosveracruz.com\/#\/schema\/logo\/image\/","url":"https:\/\/lospoliticosveracruz.com\/wp-content\/uploads\/2025\/12\/Logo-Nuevo-LOS-POLITICOS-1.jpg","contentUrl":"https:\/\/lospoliticosveracruz.com\/wp-content\/uploads\/2025\/12\/Logo-Nuevo-LOS-POLITICOS-1.jpg","width":260,"height":70,"caption":"Los pol\u00edticos Veracruz"},"image":{"@id":"https:\/\/lospoliticosveracruz.com\/#\/schema\/logo\/image\/"},"sameAs":["https:\/\/www.facebook.com\/people\/Notimemes-de-los-Polticos\/61565672886568\/","https:\/\/x.com\/LosPoliticosVer"]},{"@type":"Person","@id":"https:\/\/lospoliticosveracruz.com\/#\/schema\/person\/b8702bb0e538456e6efd07080bf2a4a2","name":"Lo viste en Los Pol\u00edticos","image":{"@type":"ImageObject","inLanguage":"es","@id":"https:\/\/secure.gravatar.com\/avatar\/3a8de04a2656d44082be478bd6c086daa447c4651605818287b9532d3d0bd435?s=96&d=mm&r=g","url":"https:\/\/secure.gravatar.com\/avatar\/3a8de04a2656d44082be478bd6c086daa447c4651605818287b9532d3d0bd435?s=96&d=mm&r=g","contentUrl":"https:\/\/secure.gravatar.com\/avatar\/3a8de04a2656d44082be478bd6c086daa447c4651605818287b9532d3d0bd435?s=96&d=mm&r=g","caption":"Lo viste en Los Pol\u00edticos"},"url":"https:\/\/lospoliticosveracruz.com\/?author=2"}]}},"_links":{"self":[{"href":"https:\/\/lospoliticosveracruz.com\/index.php?rest_route=\/wp\/v2\/posts\/151087","targetHints":{"allow":["GET"]}}],"collection":[{"href":"https:\/\/lospoliticosveracruz.com\/index.php?rest_route=\/wp\/v2\/posts"}],"about":[{"href":"https:\/\/lospoliticosveracruz.com\/index.php?rest_route=\/wp\/v2\/types\/post"}],"author":[{"embeddable":true,"href":"https:\/\/lospoliticosveracruz.com\/index.php?rest_route=\/wp\/v2\/users\/2"}],"replies":[{"embeddable":true,"href":"https:\/\/lospoliticosveracruz.com\/index.php?rest_route=%2Fwp%2Fv2%2Fcomments&post=151087"}],"version-history":[{"count":2,"href":"https:\/\/lospoliticosveracruz.com\/index.php?rest_route=\/wp\/v2\/posts\/151087\/revisions"}],"predecessor-version":[{"id":151089,"href":"https:\/\/lospoliticosveracruz.com\/index.php?rest_route=\/wp\/v2\/posts\/151087\/revisions\/151089"}],"wp:featuredmedia":[{"embeddable":true,"href":"https:\/\/lospoliticosveracruz.com\/index.php?rest_route=\/wp\/v2\/media\/141430"}],"wp:attachment":[{"href":"https:\/\/lospoliticosveracruz.com\/index.php?rest_route=%2Fwp%2Fv2%2Fmedia&parent=151087"}],"wp:term":[{"taxonomy":"category","embeddable":true,"href":"https:\/\/lospoliticosveracruz.com\/index.php?rest_route=%2Fwp%2Fv2%2Fcategories&post=151087"},{"taxonomy":"post_tag","embeddable":true,"href":"https:\/\/lospoliticosveracruz.com\/index.php?rest_route=%2Fwp%2Fv2%2Ftags&post=151087"}],"curies":[{"name":"wp","href":"https:\/\/api.w.org\/{rel}","templated":true}]}}