{"id":15110,"date":"2015-03-03T08:55:03","date_gmt":"2015-03-03T14:55:03","guid":{"rendered":"http:\/\/www.lospoliticosveracruz.com.mx\/?p=15110"},"modified":"2015-03-03T08:55:03","modified_gmt":"2015-03-03T14:55:03","slug":"tajin-un-lugar-unico-en-el-mundo","status":"publish","type":"post","link":"https:\/\/lospoliticosveracruz.com\/?p=15110","title":{"rendered":"Taj\u00edn un lugar \u00fanico en el mundo"},"content":{"rendered":"<p><a href=\"http:\/\/www.lospoliticosveracruz.com.mx\/wp-content\/uploads\/2015\/03\/Tajin.jpg\"><img loading=\"lazy\" decoding=\"async\" class=\"alignnone size-medium wp-image-15111\" src=\"http:\/\/www.lospoliticosveracruz.com.mx\/wp-content\/uploads\/2015\/03\/Tajin-300x200.jpg\" alt=\"Tajin\" width=\"300\" height=\"200\" \/><\/a><\/p>\n<p><strong>Miguel Angel Cristiani<\/strong><\/p>\n<p><em>Bit\u00e1cora<\/em><br \/>\nPara tener una idea de lo que significa y representa la cultura totonaca de El Taj\u00edn, hay que apuntar que ning\u00fan lugar en el mundo tiene tantas nominaciones y reconocimientos de parte de la comunidad internacional, no solamente por sus edificios y pir\u00e1mides, sino por la forma en que se vive y entiende la cultura.<br \/>\nPara los veracruzanos debe ser motivo de orgullo el contar con esos reconocimientos que van mucho m\u00e1s all\u00e1 de la zona arqueol\u00f3gica de El Taj\u00edn o los internacionalmente famosos voladores de Papantla.<br \/>\nSe trata de una forma de vida, que perdura a trav\u00e9s del tiempo y que hoy en d\u00eda contin\u00faa manteni\u00e9ndose vigente y en desarrollo constante.<br \/>\nLa ciudad del trueno, Taj\u00edn, es la capital hasta ahora de esa milenaria civilizaci\u00f3n.<br \/>\nSituada a unos cuantos kil\u00f3metros de Papantla, la metr\u00f3poli totonaca es reconocida internacionalmente por la la Organizaci\u00f3n de Naciones Unidas para la Educaci\u00f3n, la Ciencia y la Cultura (Unesco) como Patrimonio Mundial de la Humanidad.<br \/>\nUbicada en la parte norte del estado de Veracruz, a pocos kil\u00f3metros de la ciudad industrial de Poza Rica y del Pueblo M\u00e1gico de Papantla, la antigua ciudad hoy es reconocida como Patrimonio Mundial por debido a la belleza de sus construcciones y a la importancia hist\u00f3rica y cultural que aporta al pa\u00eds.<br \/>\n\u00abPara la Unesco, el Taj\u00edn y su pueblo no es \u00fanicamente patrimonio, no es solo un lugar, sino que es innovaci\u00f3n\u00bb, dice el organismo.<br \/>\nY tanto es el inter\u00e9s de esta organizaci\u00f3n mundial, que dise\u00f1a en colaboraci\u00f3n con la comunidad totonaca y las autoridades locales una metodolog\u00eda para desarrollar una bater\u00eda de indicadores de cultura y desarrollo y as\u00ed demostrar c\u00f3mo la cultura y su ejercicio cotidiano sirven para crear pol\u00edticas de gobierno, educaci\u00f3n, g\u00e9nero, inclusi\u00f3n y participaci\u00f3n social pendientes, se\u00f1ala Nuria S\u00e1nchez.<br \/>\nLa principal ciudad prehisp\u00e1nica del estado de Veracruz y una de las m\u00e1s importantes del M\u00e9xico antiguo y del mundo, fue nombrada Patrimonio Cultural de la Humanidad en 1992, Patrimonio Cultural Inmaterial en 2009, y el empleo de Mejores Pr\u00e1cticas para la Salvaguardia del Patrimonio Cultural Inmaterial de la Humanidad en 2012.<br \/>\n\u00abNo hay un lugar en el planeta que cuente con tres nominaciones tan importantes, otorgadas por la comunidad internacional debido no solamente a los sitios que posee, sino tambi\u00e9n a la manera de vivirlos, de entender el proyecto de desarrollo y de avanzar en una pol\u00edtica social inclusiva\u201d ha declarado la ONU.<br \/>\nCon el paso de los siglos el poder\u00edo de los totonacas se extendi\u00f3 hasta la Siena Madre Oriental y hacia los actuales estados de Veracruz y Puebla.<br \/>\nCuenta con m\u00faltiples construcciones que durante a\u00f1os han causado la admiraci\u00f3n de turistas tanto nacionales como internacionales por sus templos, palacios y varias canchas de juego de pelota.<br \/>\nDe acuerdo con los especialistas, las edificaciones est\u00e1n acomodadas seg\u00fan las clases sociales que imperaban en la antig\u00fcedad. Por ello los dirigentes se ubicaban en la zona conocida como el Taj\u00edn Chico.<br \/>\nEntre las construcciones m\u00e1s destacadas de la zona arqueol\u00f3gica est\u00e1n la Pir\u00e1mide de los Nichos, el EdificioI y las canchas Norte y Sur de juego de pelota.<br \/>\nDesde hace 16 a\u00f1os este sitio arqueol\u00f3gico ha cobrado a\u00fan m\u00e1s relevancia debido a que en el mes de marzo se realiza la Cumbre Taj\u00edn, un evento cultural y art\u00edstico que este a\u00f1o se llevar\u00e1 a cabo del 19 al 23 de marzo pr\u00f3ximo bajo el lema El trayecto de Nuestra Luz.<br \/>\nEste es el A\u00f1o Internacional de la Luz, la Cumbre Taj\u00edn tambi\u00e9n ofrecer\u00e1 actividades relacionadas con el papel y la importancia de la luz en nuestra vida.<br \/>\nDel mismo modo, como 2015 es el A\u00f1o Dual del Reino Unido y M\u00e9xico, la directiva de Cumbre Taj\u00edn logr\u00f3 que un grupo de artesanos, m\u00e9dicos tradicionales y voladores de Papantla asistan al festival ingl\u00e9s Glastonbury que se realizar\u00e1 en junio, a transmitir la cultura totonaca, y parte de los artistas que se presentar\u00e1n en ese festival ingl\u00e9s vengan a Taj\u00edn para hacer un intercambio cultural.<br \/>\nEn este mismo sentido, vendr\u00e1n maestros ind\u00edgenas chilenos y canadienses a compartir t\u00e9cnicas ancestrales y lograr un mayor enriquecimiento.<br \/>\nTomando en cuenta el momento que se vive en el pa\u00eds, los organizadores de Cumbre Taj\u00edn tambi\u00e9n invitaron a la organizaci\u00f3n NonViolence Project, fundada en 1993 por la viuda de John Lennon, cuyo objetivo es transmitir paz en el mundo, para que exponga diferentes versiones de su logo, que es una pistola anudada intervenida por distintas personalidades.<br \/>\nCartel La zona arqueol\u00f3gica del Taj\u00edn, la ciudad de Papantla y el parque Takilhsukut, en Veracruz, ser\u00e1n las tres sedes de la 16 edici\u00f3n del festival.<br \/>\nLa directora art\u00edstica de la cumbre, Brenda Tubilla, dio a conocer la lista de los artistas que se presentar\u00e1n en el Nicho de la M\u00fasica del Rarque Takilhsukut del 19 al 23 de marzo.<br \/>\nEl cartel de la m\u00fasica popular mexicana ser\u00e1 el que inaugure la cumbre el jueves 19 con Recoveco (son jarocho), Timoneki, Los \u00c1ngeles Azules y la Arrolladora Banda el Lim\u00f3n.<br \/>\nEl viernes 20 estar\u00e1n Sak Tzevul (rock ind\u00edgena), The Goastt, Flaming Lips e Incubus.<br \/>\nEl s\u00e1bado 21 Guacamole, la Mala Rodr\u00edguez, Aterciopelados, Empire of the Sun, y por primera vez en M\u00e9xico Macklemore &amp; Ryan Lewis.<br \/>\nEl domingo 22 de marzo subir\u00e1n al escenario los exponentes de la m\u00fasica electr\u00f3nica Compass, Baauer, 2ManyDjs y Alesso.<br \/>\nEl cierre de la edici\u00f3n 2015 estar\u00e1 a cargo de Bolina Sin Ram\u00e9, Javier B\u00e1tiz, La Maldita Vecindad, El Tri y para cerrar con broche de oro el guitarrista Canos Santana.<\/p>\n","protected":false},"excerpt":{"rendered":"<p>Miguel Angel Cristiani Bit\u00e1cora Para tener una idea de lo que significa y representa la cultura totonaca de El Taj\u00edn, hay que apuntar que ning\u00fan lugar en el mundo tiene tantas nominaciones y reconocimientos de parte de la comunidad internacional, no solamente por sus edificios y pir\u00e1mides, sino por la forma en que se vive [&hellip;]<\/p>\n","protected":false},"author":2,"featured_media":0,"comment_status":"open","ping_status":"open","sticky":false,"template":"","format":"standard","meta":{"tdm_status":"","tdm_grid_status":"","footnotes":""},"categories":[75],"tags":[1959,1732,1957,1958,1956],"class_list":{"0":"post-15110","1":"post","2":"type-post","3":"status-publish","4":"format-standard","6":"category-cine-libros-y-mas","7":"tag-brenda-tubilla","8":"tag-el-tajin","9":"tag-nuria-sanchez","10":"tag-parque-takilhsukut","11":"tag-unesco"},"yoast_head":"<!-- This site is optimized with the Yoast SEO plugin v27.4 - https:\/\/yoast.com\/product\/yoast-seo-wordpress\/ -->\n<title>Taj\u00edn un lugar \u00fanico en el mundo - Los pol\u00edticos Veracruz<\/title>\n<meta name=\"robots\" content=\"index, follow, max-snippet:-1, max-image-preview:large, max-video-preview:-1\" \/>\n<link rel=\"canonical\" href=\"https:\/\/lospoliticosveracruz.com\/?p=15110\" \/>\n<meta property=\"og:locale\" content=\"es_ES\" \/>\n<meta property=\"og:type\" content=\"article\" \/>\n<meta property=\"og:title\" content=\"Taj\u00edn un lugar \u00fanico en el mundo - Los pol\u00edticos Veracruz\" \/>\n<meta property=\"og:description\" content=\"Miguel Angel Cristiani Bit\u00e1cora Para tener una idea de lo que significa y representa la cultura totonaca de El Taj\u00edn, hay que apuntar que ning\u00fan lugar en el mundo tiene tantas nominaciones y reconocimientos de parte de la comunidad internacional, no solamente por sus edificios y pir\u00e1mides, sino por la forma en que se vive [&hellip;]\" \/>\n<meta property=\"og:url\" content=\"https:\/\/lospoliticosveracruz.com\/?p=15110\" \/>\n<meta property=\"og:site_name\" content=\"Los pol\u00edticos Veracruz\" \/>\n<meta property=\"article:publisher\" content=\"https:\/\/www.facebook.com\/people\/Notimemes-de-los-Polticos\/61565672886568\/\" \/>\n<meta property=\"article:published_time\" content=\"2015-03-03T14:55:03+00:00\" \/>\n<meta property=\"og:image\" content=\"http:\/\/www.lospoliticosveracruz.com.mx\/wp-content\/uploads\/2015\/03\/Tajin-300x200.jpg\" \/>\n<meta name=\"author\" content=\"Lo viste en Los Pol\u00edticos\" \/>\n<meta name=\"twitter:card\" content=\"summary_large_image\" \/>\n<meta name=\"twitter:creator\" content=\"@LosPoliticosVer\" \/>\n<meta name=\"twitter:site\" content=\"@LosPoliticosVer\" \/>\n<meta name=\"twitter:label1\" content=\"Escrito por\" \/>\n\t<meta name=\"twitter:data1\" content=\"Lo viste en Los Pol\u00edticos\" \/>\n\t<meta name=\"twitter:label2\" content=\"Tiempo de lectura\" \/>\n\t<meta name=\"twitter:data2\" content=\"5 minutos\" \/>\n<script type=\"application\/ld+json\" class=\"yoast-schema-graph\">{\"@context\":\"https:\\\/\\\/schema.org\",\"@graph\":[{\"@type\":\"Article\",\"@id\":\"https:\\\/\\\/lospoliticosveracruz.com\\\/?p=15110#article\",\"isPartOf\":{\"@id\":\"https:\\\/\\\/lospoliticosveracruz.com\\\/?p=15110\"},\"author\":{\"name\":\"Lo viste en Los Pol\u00edticos\",\"@id\":\"https:\\\/\\\/lospoliticosveracruz.com\\\/#\\\/schema\\\/person\\\/b8702bb0e538456e6efd07080bf2a4a2\"},\"headline\":\"Taj\u00edn un lugar \u00fanico en el mundo\",\"datePublished\":\"2015-03-03T14:55:03+00:00\",\"mainEntityOfPage\":{\"@id\":\"https:\\\/\\\/lospoliticosveracruz.com\\\/?p=15110\"},\"wordCount\":1008,\"commentCount\":0,\"publisher\":{\"@id\":\"https:\\\/\\\/lospoliticosveracruz.com\\\/#organization\"},\"image\":{\"@id\":\"https:\\\/\\\/lospoliticosveracruz.com\\\/?p=15110#primaryimage\"},\"thumbnailUrl\":\"http:\\\/\\\/www.lospoliticosveracruz.com.mx\\\/wp-content\\\/uploads\\\/2015\\\/03\\\/Tajin-300x200.jpg\",\"keywords\":[\"Brenda Tubilla\",\"El Taj\u00edn\",\"Nuria S\u00e1nchez\",\"parque Takilhsukut\",\"Unesco\"],\"articleSection\":[\"Cine, Libros y m\u00e1s\"],\"inLanguage\":\"es\",\"potentialAction\":[{\"@type\":\"CommentAction\",\"name\":\"Comment\",\"target\":[\"https:\\\/\\\/lospoliticosveracruz.com\\\/?p=15110#respond\"]}]},{\"@type\":\"WebPage\",\"@id\":\"https:\\\/\\\/lospoliticosveracruz.com\\\/?p=15110\",\"url\":\"https:\\\/\\\/lospoliticosveracruz.com\\\/?p=15110\",\"name\":\"Taj\u00edn un lugar \u00fanico en el mundo - Los pol\u00edticos Veracruz\",\"isPartOf\":{\"@id\":\"https:\\\/\\\/lospoliticosveracruz.com\\\/#website\"},\"primaryImageOfPage\":{\"@id\":\"https:\\\/\\\/lospoliticosveracruz.com\\\/?p=15110#primaryimage\"},\"image\":{\"@id\":\"https:\\\/\\\/lospoliticosveracruz.com\\\/?p=15110#primaryimage\"},\"thumbnailUrl\":\"http:\\\/\\\/www.lospoliticosveracruz.com.mx\\\/wp-content\\\/uploads\\\/2015\\\/03\\\/Tajin-300x200.jpg\",\"datePublished\":\"2015-03-03T14:55:03+00:00\",\"breadcrumb\":{\"@id\":\"https:\\\/\\\/lospoliticosveracruz.com\\\/?p=15110#breadcrumb\"},\"inLanguage\":\"es\",\"potentialAction\":[{\"@type\":\"ReadAction\",\"target\":[\"https:\\\/\\\/lospoliticosveracruz.com\\\/?p=15110\"]}]},{\"@type\":\"ImageObject\",\"inLanguage\":\"es\",\"@id\":\"https:\\\/\\\/lospoliticosveracruz.com\\\/?p=15110#primaryimage\",\"url\":\"http:\\\/\\\/www.lospoliticosveracruz.com.mx\\\/wp-content\\\/uploads\\\/2015\\\/03\\\/Tajin-300x200.jpg\",\"contentUrl\":\"http:\\\/\\\/www.lospoliticosveracruz.com.mx\\\/wp-content\\\/uploads\\\/2015\\\/03\\\/Tajin-300x200.jpg\"},{\"@type\":\"BreadcrumbList\",\"@id\":\"https:\\\/\\\/lospoliticosveracruz.com\\\/?p=15110#breadcrumb\",\"itemListElement\":[{\"@type\":\"ListItem\",\"position\":1,\"name\":\"Portada\",\"item\":\"https:\\\/\\\/lospoliticosveracruz.com\\\/\"},{\"@type\":\"ListItem\",\"position\":2,\"name\":\"Taj\u00edn un lugar \u00fanico en el mundo\"}]},{\"@type\":\"WebSite\",\"@id\":\"https:\\\/\\\/lospoliticosveracruz.com\\\/#website\",\"url\":\"https:\\\/\\\/lospoliticosveracruz.com\\\/\",\"name\":\"Los pol\u00edticos Veracruz\",\"description\":\"\",\"publisher\":{\"@id\":\"https:\\\/\\\/lospoliticosveracruz.com\\\/#organization\"},\"potentialAction\":[{\"@type\":\"SearchAction\",\"target\":{\"@type\":\"EntryPoint\",\"urlTemplate\":\"https:\\\/\\\/lospoliticosveracruz.com\\\/?s={search_term_string}\"},\"query-input\":{\"@type\":\"PropertyValueSpecification\",\"valueRequired\":true,\"valueName\":\"search_term_string\"}}],\"inLanguage\":\"es\"},{\"@type\":\"Organization\",\"@id\":\"https:\\\/\\\/lospoliticosveracruz.com\\\/#organization\",\"name\":\"Los pol\u00edticos Veracruz\",\"url\":\"https:\\\/\\\/lospoliticosveracruz.com\\\/\",\"logo\":{\"@type\":\"ImageObject\",\"inLanguage\":\"es\",\"@id\":\"https:\\\/\\\/lospoliticosveracruz.com\\\/#\\\/schema\\\/logo\\\/image\\\/\",\"url\":\"https:\\\/\\\/lospoliticosveracruz.com\\\/wp-content\\\/uploads\\\/2025\\\/12\\\/Logo-Nuevo-LOS-POLITICOS-1.jpg\",\"contentUrl\":\"https:\\\/\\\/lospoliticosveracruz.com\\\/wp-content\\\/uploads\\\/2025\\\/12\\\/Logo-Nuevo-LOS-POLITICOS-1.jpg\",\"width\":260,\"height\":70,\"caption\":\"Los pol\u00edticos Veracruz\"},\"image\":{\"@id\":\"https:\\\/\\\/lospoliticosveracruz.com\\\/#\\\/schema\\\/logo\\\/image\\\/\"},\"sameAs\":[\"https:\\\/\\\/www.facebook.com\\\/people\\\/Notimemes-de-los-Polticos\\\/61565672886568\\\/\",\"https:\\\/\\\/x.com\\\/LosPoliticosVer\"]},{\"@type\":\"Person\",\"@id\":\"https:\\\/\\\/lospoliticosveracruz.com\\\/#\\\/schema\\\/person\\\/b8702bb0e538456e6efd07080bf2a4a2\",\"name\":\"Lo viste en Los Pol\u00edticos\",\"image\":{\"@type\":\"ImageObject\",\"inLanguage\":\"es\",\"@id\":\"https:\\\/\\\/secure.gravatar.com\\\/avatar\\\/3a8de04a2656d44082be478bd6c086daa447c4651605818287b9532d3d0bd435?s=96&d=mm&r=g\",\"url\":\"https:\\\/\\\/secure.gravatar.com\\\/avatar\\\/3a8de04a2656d44082be478bd6c086daa447c4651605818287b9532d3d0bd435?s=96&d=mm&r=g\",\"contentUrl\":\"https:\\\/\\\/secure.gravatar.com\\\/avatar\\\/3a8de04a2656d44082be478bd6c086daa447c4651605818287b9532d3d0bd435?s=96&d=mm&r=g\",\"caption\":\"Lo viste en Los Pol\u00edticos\"},\"url\":\"https:\\\/\\\/lospoliticosveracruz.com\\\/?author=2\"}]}<\/script>\n<!-- \/ Yoast SEO plugin. -->","yoast_head_json":{"title":"Taj\u00edn un lugar \u00fanico en el mundo - Los pol\u00edticos Veracruz","robots":{"index":"index","follow":"follow","max-snippet":"max-snippet:-1","max-image-preview":"max-image-preview:large","max-video-preview":"max-video-preview:-1"},"canonical":"https:\/\/lospoliticosveracruz.com\/?p=15110","og_locale":"es_ES","og_type":"article","og_title":"Taj\u00edn un lugar \u00fanico en el mundo - Los pol\u00edticos Veracruz","og_description":"Miguel Angel Cristiani Bit\u00e1cora Para tener una idea de lo que significa y representa la cultura totonaca de El Taj\u00edn, hay que apuntar que ning\u00fan lugar en el mundo tiene tantas nominaciones y reconocimientos de parte de la comunidad internacional, no solamente por sus edificios y pir\u00e1mides, sino por la forma en que se vive [&hellip;]","og_url":"https:\/\/lospoliticosveracruz.com\/?p=15110","og_site_name":"Los pol\u00edticos Veracruz","article_publisher":"https:\/\/www.facebook.com\/people\/Notimemes-de-los-Polticos\/61565672886568\/","article_published_time":"2015-03-03T14:55:03+00:00","og_image":[{"url":"http:\/\/www.lospoliticosveracruz.com.mx\/wp-content\/uploads\/2015\/03\/Tajin-300x200.jpg","type":"","width":"","height":""}],"author":"Lo viste en Los Pol\u00edticos","twitter_card":"summary_large_image","twitter_creator":"@LosPoliticosVer","twitter_site":"@LosPoliticosVer","twitter_misc":{"Escrito por":"Lo viste en Los Pol\u00edticos","Tiempo de lectura":"5 minutos"},"schema":{"@context":"https:\/\/schema.org","@graph":[{"@type":"Article","@id":"https:\/\/lospoliticosveracruz.com\/?p=15110#article","isPartOf":{"@id":"https:\/\/lospoliticosveracruz.com\/?p=15110"},"author":{"name":"Lo viste en Los Pol\u00edticos","@id":"https:\/\/lospoliticosveracruz.com\/#\/schema\/person\/b8702bb0e538456e6efd07080bf2a4a2"},"headline":"Taj\u00edn un lugar \u00fanico en el mundo","datePublished":"2015-03-03T14:55:03+00:00","mainEntityOfPage":{"@id":"https:\/\/lospoliticosveracruz.com\/?p=15110"},"wordCount":1008,"commentCount":0,"publisher":{"@id":"https:\/\/lospoliticosveracruz.com\/#organization"},"image":{"@id":"https:\/\/lospoliticosveracruz.com\/?p=15110#primaryimage"},"thumbnailUrl":"http:\/\/www.lospoliticosveracruz.com.mx\/wp-content\/uploads\/2015\/03\/Tajin-300x200.jpg","keywords":["Brenda Tubilla","El Taj\u00edn","Nuria S\u00e1nchez","parque Takilhsukut","Unesco"],"articleSection":["Cine, Libros y m\u00e1s"],"inLanguage":"es","potentialAction":[{"@type":"CommentAction","name":"Comment","target":["https:\/\/lospoliticosveracruz.com\/?p=15110#respond"]}]},{"@type":"WebPage","@id":"https:\/\/lospoliticosveracruz.com\/?p=15110","url":"https:\/\/lospoliticosveracruz.com\/?p=15110","name":"Taj\u00edn un lugar \u00fanico en el mundo - Los pol\u00edticos Veracruz","isPartOf":{"@id":"https:\/\/lospoliticosveracruz.com\/#website"},"primaryImageOfPage":{"@id":"https:\/\/lospoliticosveracruz.com\/?p=15110#primaryimage"},"image":{"@id":"https:\/\/lospoliticosveracruz.com\/?p=15110#primaryimage"},"thumbnailUrl":"http:\/\/www.lospoliticosveracruz.com.mx\/wp-content\/uploads\/2015\/03\/Tajin-300x200.jpg","datePublished":"2015-03-03T14:55:03+00:00","breadcrumb":{"@id":"https:\/\/lospoliticosveracruz.com\/?p=15110#breadcrumb"},"inLanguage":"es","potentialAction":[{"@type":"ReadAction","target":["https:\/\/lospoliticosveracruz.com\/?p=15110"]}]},{"@type":"ImageObject","inLanguage":"es","@id":"https:\/\/lospoliticosveracruz.com\/?p=15110#primaryimage","url":"http:\/\/www.lospoliticosveracruz.com.mx\/wp-content\/uploads\/2015\/03\/Tajin-300x200.jpg","contentUrl":"http:\/\/www.lospoliticosveracruz.com.mx\/wp-content\/uploads\/2015\/03\/Tajin-300x200.jpg"},{"@type":"BreadcrumbList","@id":"https:\/\/lospoliticosveracruz.com\/?p=15110#breadcrumb","itemListElement":[{"@type":"ListItem","position":1,"name":"Portada","item":"https:\/\/lospoliticosveracruz.com\/"},{"@type":"ListItem","position":2,"name":"Taj\u00edn un lugar \u00fanico en el mundo"}]},{"@type":"WebSite","@id":"https:\/\/lospoliticosveracruz.com\/#website","url":"https:\/\/lospoliticosveracruz.com\/","name":"Los pol\u00edticos Veracruz","description":"","publisher":{"@id":"https:\/\/lospoliticosveracruz.com\/#organization"},"potentialAction":[{"@type":"SearchAction","target":{"@type":"EntryPoint","urlTemplate":"https:\/\/lospoliticosveracruz.com\/?s={search_term_string}"},"query-input":{"@type":"PropertyValueSpecification","valueRequired":true,"valueName":"search_term_string"}}],"inLanguage":"es"},{"@type":"Organization","@id":"https:\/\/lospoliticosveracruz.com\/#organization","name":"Los pol\u00edticos Veracruz","url":"https:\/\/lospoliticosveracruz.com\/","logo":{"@type":"ImageObject","inLanguage":"es","@id":"https:\/\/lospoliticosveracruz.com\/#\/schema\/logo\/image\/","url":"https:\/\/lospoliticosveracruz.com\/wp-content\/uploads\/2025\/12\/Logo-Nuevo-LOS-POLITICOS-1.jpg","contentUrl":"https:\/\/lospoliticosveracruz.com\/wp-content\/uploads\/2025\/12\/Logo-Nuevo-LOS-POLITICOS-1.jpg","width":260,"height":70,"caption":"Los pol\u00edticos Veracruz"},"image":{"@id":"https:\/\/lospoliticosveracruz.com\/#\/schema\/logo\/image\/"},"sameAs":["https:\/\/www.facebook.com\/people\/Notimemes-de-los-Polticos\/61565672886568\/","https:\/\/x.com\/LosPoliticosVer"]},{"@type":"Person","@id":"https:\/\/lospoliticosveracruz.com\/#\/schema\/person\/b8702bb0e538456e6efd07080bf2a4a2","name":"Lo viste en Los Pol\u00edticos","image":{"@type":"ImageObject","inLanguage":"es","@id":"https:\/\/secure.gravatar.com\/avatar\/3a8de04a2656d44082be478bd6c086daa447c4651605818287b9532d3d0bd435?s=96&d=mm&r=g","url":"https:\/\/secure.gravatar.com\/avatar\/3a8de04a2656d44082be478bd6c086daa447c4651605818287b9532d3d0bd435?s=96&d=mm&r=g","contentUrl":"https:\/\/secure.gravatar.com\/avatar\/3a8de04a2656d44082be478bd6c086daa447c4651605818287b9532d3d0bd435?s=96&d=mm&r=g","caption":"Lo viste en Los Pol\u00edticos"},"url":"https:\/\/lospoliticosveracruz.com\/?author=2"}]}},"_links":{"self":[{"href":"https:\/\/lospoliticosveracruz.com\/index.php?rest_route=\/wp\/v2\/posts\/15110","targetHints":{"allow":["GET"]}}],"collection":[{"href":"https:\/\/lospoliticosveracruz.com\/index.php?rest_route=\/wp\/v2\/posts"}],"about":[{"href":"https:\/\/lospoliticosveracruz.com\/index.php?rest_route=\/wp\/v2\/types\/post"}],"author":[{"embeddable":true,"href":"https:\/\/lospoliticosveracruz.com\/index.php?rest_route=\/wp\/v2\/users\/2"}],"replies":[{"embeddable":true,"href":"https:\/\/lospoliticosveracruz.com\/index.php?rest_route=%2Fwp%2Fv2%2Fcomments&post=15110"}],"version-history":[{"count":1,"href":"https:\/\/lospoliticosveracruz.com\/index.php?rest_route=\/wp\/v2\/posts\/15110\/revisions"}],"predecessor-version":[{"id":15112,"href":"https:\/\/lospoliticosveracruz.com\/index.php?rest_route=\/wp\/v2\/posts\/15110\/revisions\/15112"}],"wp:attachment":[{"href":"https:\/\/lospoliticosveracruz.com\/index.php?rest_route=%2Fwp%2Fv2%2Fmedia&parent=15110"}],"wp:term":[{"taxonomy":"category","embeddable":true,"href":"https:\/\/lospoliticosveracruz.com\/index.php?rest_route=%2Fwp%2Fv2%2Fcategories&post=15110"},{"taxonomy":"post_tag","embeddable":true,"href":"https:\/\/lospoliticosveracruz.com\/index.php?rest_route=%2Fwp%2Fv2%2Ftags&post=15110"}],"curies":[{"name":"wp","href":"https:\/\/api.w.org\/{rel}","templated":true}]}}