{"id":151174,"date":"2025-08-22T01:18:12","date_gmt":"2025-08-22T06:18:12","guid":{"rendered":"https:\/\/lospoliticosveracruz.com.mx\/?p=151174"},"modified":"2025-08-22T01:18:44","modified_gmt":"2025-08-22T06:18:44","slug":"el-paro-cardiaco-del-gobierno-de-veracruz","status":"publish","type":"post","link":"https:\/\/lospoliticosveracruz.com\/?p=151174","title":{"rendered":"EL \u00abPARO CARD\u00cdACO\u00bb DEL GOBIERNO DE VERACRUZ"},"content":{"rendered":"\n\n\n<p><br><strong>Ricardo Chua<\/strong><\/p>\n\n\n\n<p><em>Sale y Vale<\/em><\/p>\n\n\n\n<p>Dec\u00eda el ex gobernador Fidel Herrera Beltr\u00e1n, \u00abuno de los mejores pol\u00edticos de su generaci\u00f3n\u00bb, frase dicha en su momento por el propio ex Presidente Andr\u00e9s Manuel L\u00f3pez Obrador a Ricardo Monreal \u00c1vila.. \u00abQue en pol\u00edtica, la percepci\u00f3n lo es todo\u00bb.. Y ahora, en Veracruz, la actual gobernadora del Estado, Roc\u00edo Nahle Garc\u00eda lleg\u00f3 a su administraci\u00f3n despu\u00e9s de su triunfo electoral en 2024.. Con una base s\u00f3lida: 67 por ciento de aprobaci\u00f3n ciudadana.. La cual demostr\u00f3 que ten\u00eda, en ese entonces, una gran confianza en su proyecto y sobre todo que habr\u00eda la esperanza, de que Veracruz tendr\u00eda rumbo. Pero hoy, a solo nueve meses de gobierno, esa percepci\u00f3n cay\u00f3 en \u00abpicada\u00bb al 48 por ciento. Un golpe fulminante..<\/p>\n\n\n\n<p>Los que saben de ciencia pol\u00edtica, se\u00f1alan que cuando se presentan este tipo de situaciones.. El diagn\u00f3stico es claro: Hay crisis medi\u00e1tica, desgaste -acelerado- y un equipo de asesores de comunicaci\u00f3n-pol\u00edtica, que confunde la PROPAGANDA con la ESTRATEGIA.. Y as\u00ed, cualquier funcionario que este sea, municipal, estatal o federal, simplemente no puede gobernar porque las cosas no le salen, no le funcionan, no encuentra salida a los conflictos.. Y lo que es peor cada CONFLICTO se vuelve CRISIS.. Lo m\u00e1s grave es que estas situaciones se le van a venir presentando al gobernante, una y otra vez.. As\u00ed hasta que haga \u00abcatarsis\u00bb su gobierno.. Y el caos sea el que impere..<\/p>\n\n\n\n<p>As\u00ed que en este momento para la gobernadora Roc\u00edo Nahle.. Lo m\u00e1s preocupante, no debe ser la inseguridad que ya est\u00e1 desbordada \u2014que por s\u00ed sola, mina a cualquier gobierno&#8211; sino que es la respuesta que tiene todo el \u00abc\u00edrculo\u00bb cercano de la mandataria estatal.. Que ante toda la sangre, que se ha visto en las calles de Veracruz.. Estos mismos personajes tomaron la decisi\u00f3n de lanzar una campa\u00f1a de apoyo que, m\u00e1s que defenderla, parece un CULTO AL EGO.. Motivo por el cual, los que saben de REAL POLITIK se\u00f1alan que es la t\u00edpica soluci\u00f3n burocr\u00e1tica: Gritar \u201c\u00a1aplaudan!\u201d.. Mientras la realidad se incendia.. Tal como le est\u00e1 pasando a la entidad en varias de sus regiones..<\/p>\n\n\n\n<p>Ya, ahora, esos asesores pol\u00edticos que tiene cerca la gobernadora, hablan hasta de un podcast oficial para resaltar los \u201clogros\u201d de su gesti\u00f3n en Veracruz a 9 meses de haber tomado el poder pol\u00edtico, social y econ\u00f3mico del Estado.. Lo cual es una verdadera OCURRENCIA, que se vende como una gran innovaci\u00f3n, pero m\u00e1s que nada esto \u00abhuele\u00bb a desesperaci\u00f3n.. Lo que no le han dicho sus colaboradores a la principal inquilina del Palacio de Gobierno en Xalapa.. Es que en esta era digital, un podcast no arregla la p\u00e9rdida de confianza ciudadana, s\u00f3lo amplifica la desconexi\u00f3n social y pol\u00edtica, cuando no hay narrativa s\u00f3lida detr\u00e1s. Y en eso, ellos han fallado.. Y BASTANTE..<\/p>\n\n\n\n<p>El problema es que para el actual gobierno de Veracruz.. La crisis se agrava de manera contin\u00faa desde hace 3 meses, tambi\u00e9n porque los partidos aliados (PVEM y Partido del Trabajo), no muestran un liderazgo real.. Y esto es m\u00e1s que obvio, nadie quiere \u00abquemarse las manos\u00bb cargando con un proyecto que, de tanto centralizarse en manos de amigos cercanos al Palacio de Gobierno, se ha vuelto un \u00abcallej\u00f3n sin salida\u00bb.. El respaldo que Nahle Garc\u00eda tiene de esas dirigencias pol\u00edticas estatales, s\u00f3lo es de \u00ablengua para afuera\u00bb y ella lo sabe.. No la respaldan.. As\u00ed que en este momento la comunicaci\u00f3n del Estado no es ESTRATEG\u00cdA, es COMPLACENCIA.. No es PERSUASI\u00d3N, es simplemente SERVILISMO..<\/p>\n\n\n\n<p>Motivo por el cual, la gobernadora debe darse cuenta que ah\u00ed est\u00e1 el verdadero problema de su administraci\u00f3n estatal.. Sus asistentes, sus asesores, sus altos funcionarios de su gobierno, no gobiernan, s\u00f3lo se dedican a SOBREVIVIR.. Ellos solo est\u00e1n buscando quedar bien con la mandataria.. Ya que de esa forma, es la \u00fanica manera de poder proteger sus espacios p\u00fablicos o pol\u00edticos.. Por ello, es que s\u00f3lo administran una narrativa \u00abhueca\u00bb que la dan a conocer a la sociedad veracruzana.. Pero no hay propuesta de valor.. Tampoco hay visi\u00f3n sobre las estrategias presentadas.. Menos hay un control de da\u00f1os.. S\u00f3lo existe el recuento de los da\u00f1os.. Esto es m\u00e1s que claro..<\/p>\n\n\n\n<p>Por tal motivo, todo el gobierno de Roc\u00edo Nahle se puede dedicar a hacer obras.. Inaugurar todas las carreteras que quieran.. Presumir todas las cifras que emanen de su administraci\u00f3n.. Pero para desgracia de su gobierno, este ya naci\u00f3 marcado por una met\u00e1fora que ya se convirti\u00f3 en estigma: EL PARO CARD\u00cdACO.. Ya que un gobierno estatal, que en menos de un a\u00f1o, perdi\u00f3 el pulso.. Que no conecta con la ciudadan\u00eda.. Que perdi\u00f3 la confianza en la percepci\u00f3n p\u00fablica.. Y que se aferra s\u00f3lo a \u00abrespiradores\u00bb medi\u00e1ticos.. Simplemente est\u00e1 condenado a pasar mucho tiempo en \u00abTERAPIA INTENSIVA\u00bb y no mostrar ning\u00fan tipo de recuperaci\u00f3n..<\/p>\n\n\n\n<p>Raz\u00f3n por la cual, se denota en Veracruz, que lo que sigue, ya no es un sexenio gubernamental con futuro, sino una larga agon\u00eda comunicacional.. Y todo porque en Palacio de Gobierno en Xalapa, optaron por escuchar aplausos en lugar de escuchar a la gente.. Lo m\u00e1s inquietante es que, a nueve meses, sigue dando la impresi\u00f3n de que Cuitl\u00e1huac Garc\u00eda Jim\u00e9nez, es el que gobierna Veracruz.. Hay los mismos errores, sus funcionarios presentan las mismas torpezas, contin\u00faa el mismo abandono en la estrategia de comunicaci\u00f3n pol\u00edtica y medi\u00e1tica. Y simplemente la administraci\u00f3n actual no camina porque se insiste, cada problema se convierte en crisis..<\/p>\n\n\n\n<p>REFLEXI\u00d3N.. En Veracruz, una gran parte de la sociedad civil est\u00e1 con la idea.. De que el sexenio anterior jam\u00e1s hubiera terminado.. Por lo cual, la mano del exgobernador, Cuitl\u00e1huac Garc\u00eda Jim\u00e9nez, se siente en cada tropiezo pol\u00edtico, medi\u00e1tico, social o econ\u00f3mico, que tiene la actual administraci\u00f3n estatal.. Y quiz\u00e1s, ah\u00ed radique la verdadera tragedia: Veracruz no solo tiene un gobierno, que no ha encontrado el rumbo, sino que tiene un \u00abfantasma\u00bb, que todav\u00eda mueve los \u00abhilos\u00bb desde la \u00absombra\u00bb.. Misma que ahora despacha en CDMX dentro del gobierno federal.. Ah\u00ed est\u00e1n los verdaderos \u00abzopilotes\u00bb.. LOS JUGADORES CAMBIAN, EL JUEGO NO.. AMEN..<\/p>\n","protected":false},"excerpt":{"rendered":"<p>Ricardo Chua Sale y Vale Dec\u00eda el ex gobernador Fidel Herrera Beltr\u00e1n, \u00abuno de los mejores pol\u00edticos de su generaci\u00f3n\u00bb, frase dicha en su momento por el propio ex Presidente Andr\u00e9s Manuel L\u00f3pez Obrador a Ricardo Monreal \u00c1vila.. \u00abQue en pol\u00edtica, la percepci\u00f3n lo es todo\u00bb.. Y ahora, en Veracruz, la actual gobernadora del Estado, [&hellip;]<\/p>\n","protected":false},"author":2,"featured_media":141434,"comment_status":"closed","ping_status":"closed","sticky":false,"template":"","format":"standard","meta":{"tdm_status":"","tdm_grid_status":"","footnotes":""},"categories":[70],"tags":[1563,1026,3578,195],"class_list":{"0":"post-151174","1":"post","2":"type-post","3":"status-publish","4":"format-standard","5":"has-post-thumbnail","7":"category-de-opinion","8":"tag-cuitlahuac-garcia-jimenez","9":"tag-morena","10":"tag-rocio-nahle","11":"tag-veracruz"},"yoast_head":"<!-- This site is optimized with the Yoast SEO plugin v27.4 - https:\/\/yoast.com\/product\/yoast-seo-wordpress\/ -->\n<title>EL &quot;PARO CARD\u00cdACO&quot; DEL GOBIERNO DE VERACRUZ - Los pol\u00edticos Veracruz<\/title>\n<meta name=\"robots\" content=\"index, follow, max-snippet:-1, max-image-preview:large, max-video-preview:-1\" \/>\n<link rel=\"canonical\" href=\"https:\/\/lospoliticosveracruz.com\/?p=151174\" \/>\n<meta property=\"og:locale\" content=\"es_ES\" \/>\n<meta property=\"og:type\" content=\"article\" \/>\n<meta property=\"og:title\" content=\"EL &quot;PARO CARD\u00cdACO&quot; DEL GOBIERNO DE VERACRUZ - Los pol\u00edticos Veracruz\" \/>\n<meta property=\"og:description\" content=\"Ricardo Chua Sale y Vale Dec\u00eda el ex gobernador Fidel Herrera Beltr\u00e1n, \u00abuno de los mejores pol\u00edticos de su generaci\u00f3n\u00bb, frase dicha en su momento por el propio ex Presidente Andr\u00e9s Manuel L\u00f3pez Obrador a Ricardo Monreal \u00c1vila.. \u00abQue en pol\u00edtica, la percepci\u00f3n lo es todo\u00bb.. Y ahora, en Veracruz, la actual gobernadora del Estado, [&hellip;]\" \/>\n<meta property=\"og:url\" content=\"https:\/\/lospoliticosveracruz.com\/?p=151174\" \/>\n<meta property=\"og:site_name\" content=\"Los pol\u00edticos Veracruz\" \/>\n<meta property=\"article:publisher\" content=\"https:\/\/www.facebook.com\/people\/Notimemes-de-los-Polticos\/61565672886568\/\" \/>\n<meta property=\"article:published_time\" content=\"2025-08-22T06:18:12+00:00\" \/>\n<meta property=\"article:modified_time\" content=\"2025-08-22T06:18:44+00:00\" \/>\n<meta property=\"og:image\" content=\"https:\/\/lospoliticosveracruz.com\/wp-content\/uploads\/2025\/04\/Chua-e1761364658706.jpg\" \/>\n\t<meta property=\"og:image:width\" content=\"600\" \/>\n\t<meta property=\"og:image:height\" content=\"320\" \/>\n\t<meta property=\"og:image:type\" content=\"image\/jpeg\" \/>\n<meta name=\"author\" content=\"Lo viste en Los Pol\u00edticos\" \/>\n<meta name=\"twitter:card\" content=\"summary_large_image\" \/>\n<meta name=\"twitter:creator\" content=\"@LosPoliticosVer\" \/>\n<meta name=\"twitter:site\" content=\"@LosPoliticosVer\" \/>\n<meta name=\"twitter:label1\" content=\"Escrito por\" \/>\n\t<meta name=\"twitter:data1\" content=\"Lo viste en Los Pol\u00edticos\" \/>\n\t<meta name=\"twitter:label2\" content=\"Tiempo de lectura\" \/>\n\t<meta name=\"twitter:data2\" content=\"6 minutos\" \/>\n<script type=\"application\/ld+json\" class=\"yoast-schema-graph\">{\"@context\":\"https:\\\/\\\/schema.org\",\"@graph\":[{\"@type\":\"Article\",\"@id\":\"https:\\\/\\\/lospoliticosveracruz.com\\\/?p=151174#article\",\"isPartOf\":{\"@id\":\"https:\\\/\\\/lospoliticosveracruz.com\\\/?p=151174\"},\"author\":{\"name\":\"Lo viste en Los Pol\u00edticos\",\"@id\":\"https:\\\/\\\/lospoliticosveracruz.com\\\/#\\\/schema\\\/person\\\/b8702bb0e538456e6efd07080bf2a4a2\"},\"headline\":\"EL \u00abPARO CARD\u00cdACO\u00bb DEL GOBIERNO DE VERACRUZ\",\"datePublished\":\"2025-08-22T06:18:12+00:00\",\"dateModified\":\"2025-08-22T06:18:44+00:00\",\"mainEntityOfPage\":{\"@id\":\"https:\\\/\\\/lospoliticosveracruz.com\\\/?p=151174\"},\"wordCount\":1113,\"publisher\":{\"@id\":\"https:\\\/\\\/lospoliticosveracruz.com\\\/#organization\"},\"image\":{\"@id\":\"https:\\\/\\\/lospoliticosveracruz.com\\\/?p=151174#primaryimage\"},\"thumbnailUrl\":\"https:\\\/\\\/lospoliticosveracruz.com\\\/wp-content\\\/uploads\\\/2025\\\/04\\\/Chua-e1761364658706.jpg\",\"keywords\":[\"Cuitl\u00e1huac Garc\u00eda Jim\u00e9nez\",\"Morena\",\"Roc\u00edo Nahle\",\"Veracruz\"],\"articleSection\":[\"De Opini\u00f3n\"],\"inLanguage\":\"es\"},{\"@type\":\"WebPage\",\"@id\":\"https:\\\/\\\/lospoliticosveracruz.com\\\/?p=151174\",\"url\":\"https:\\\/\\\/lospoliticosveracruz.com\\\/?p=151174\",\"name\":\"EL \\\"PARO CARD\u00cdACO\\\" DEL GOBIERNO DE VERACRUZ - Los pol\u00edticos Veracruz\",\"isPartOf\":{\"@id\":\"https:\\\/\\\/lospoliticosveracruz.com\\\/#website\"},\"primaryImageOfPage\":{\"@id\":\"https:\\\/\\\/lospoliticosveracruz.com\\\/?p=151174#primaryimage\"},\"image\":{\"@id\":\"https:\\\/\\\/lospoliticosveracruz.com\\\/?p=151174#primaryimage\"},\"thumbnailUrl\":\"https:\\\/\\\/lospoliticosveracruz.com\\\/wp-content\\\/uploads\\\/2025\\\/04\\\/Chua-e1761364658706.jpg\",\"datePublished\":\"2025-08-22T06:18:12+00:00\",\"dateModified\":\"2025-08-22T06:18:44+00:00\",\"breadcrumb\":{\"@id\":\"https:\\\/\\\/lospoliticosveracruz.com\\\/?p=151174#breadcrumb\"},\"inLanguage\":\"es\",\"potentialAction\":[{\"@type\":\"ReadAction\",\"target\":[\"https:\\\/\\\/lospoliticosveracruz.com\\\/?p=151174\"]}]},{\"@type\":\"ImageObject\",\"inLanguage\":\"es\",\"@id\":\"https:\\\/\\\/lospoliticosveracruz.com\\\/?p=151174#primaryimage\",\"url\":\"https:\\\/\\\/lospoliticosveracruz.com\\\/wp-content\\\/uploads\\\/2025\\\/04\\\/Chua-e1761364658706.jpg\",\"contentUrl\":\"https:\\\/\\\/lospoliticosveracruz.com\\\/wp-content\\\/uploads\\\/2025\\\/04\\\/Chua-e1761364658706.jpg\",\"width\":600,\"height\":320},{\"@type\":\"BreadcrumbList\",\"@id\":\"https:\\\/\\\/lospoliticosveracruz.com\\\/?p=151174#breadcrumb\",\"itemListElement\":[{\"@type\":\"ListItem\",\"position\":1,\"name\":\"Portada\",\"item\":\"https:\\\/\\\/lospoliticosveracruz.com\\\/\"},{\"@type\":\"ListItem\",\"position\":2,\"name\":\"EL \u00abPARO CARD\u00cdACO\u00bb DEL GOBIERNO DE VERACRUZ\"}]},{\"@type\":\"WebSite\",\"@id\":\"https:\\\/\\\/lospoliticosveracruz.com\\\/#website\",\"url\":\"https:\\\/\\\/lospoliticosveracruz.com\\\/\",\"name\":\"Los pol\u00edticos Veracruz\",\"description\":\"\",\"publisher\":{\"@id\":\"https:\\\/\\\/lospoliticosveracruz.com\\\/#organization\"},\"potentialAction\":[{\"@type\":\"SearchAction\",\"target\":{\"@type\":\"EntryPoint\",\"urlTemplate\":\"https:\\\/\\\/lospoliticosveracruz.com\\\/?s={search_term_string}\"},\"query-input\":{\"@type\":\"PropertyValueSpecification\",\"valueRequired\":true,\"valueName\":\"search_term_string\"}}],\"inLanguage\":\"es\"},{\"@type\":\"Organization\",\"@id\":\"https:\\\/\\\/lospoliticosveracruz.com\\\/#organization\",\"name\":\"Los pol\u00edticos Veracruz\",\"url\":\"https:\\\/\\\/lospoliticosveracruz.com\\\/\",\"logo\":{\"@type\":\"ImageObject\",\"inLanguage\":\"es\",\"@id\":\"https:\\\/\\\/lospoliticosveracruz.com\\\/#\\\/schema\\\/logo\\\/image\\\/\",\"url\":\"https:\\\/\\\/lospoliticosveracruz.com\\\/wp-content\\\/uploads\\\/2025\\\/12\\\/Logo-Nuevo-LOS-POLITICOS-1.jpg\",\"contentUrl\":\"https:\\\/\\\/lospoliticosveracruz.com\\\/wp-content\\\/uploads\\\/2025\\\/12\\\/Logo-Nuevo-LOS-POLITICOS-1.jpg\",\"width\":260,\"height\":70,\"caption\":\"Los pol\u00edticos Veracruz\"},\"image\":{\"@id\":\"https:\\\/\\\/lospoliticosveracruz.com\\\/#\\\/schema\\\/logo\\\/image\\\/\"},\"sameAs\":[\"https:\\\/\\\/www.facebook.com\\\/people\\\/Notimemes-de-los-Polticos\\\/61565672886568\\\/\",\"https:\\\/\\\/x.com\\\/LosPoliticosVer\"]},{\"@type\":\"Person\",\"@id\":\"https:\\\/\\\/lospoliticosveracruz.com\\\/#\\\/schema\\\/person\\\/b8702bb0e538456e6efd07080bf2a4a2\",\"name\":\"Lo viste en Los Pol\u00edticos\",\"image\":{\"@type\":\"ImageObject\",\"inLanguage\":\"es\",\"@id\":\"https:\\\/\\\/secure.gravatar.com\\\/avatar\\\/3a8de04a2656d44082be478bd6c086daa447c4651605818287b9532d3d0bd435?s=96&d=mm&r=g\",\"url\":\"https:\\\/\\\/secure.gravatar.com\\\/avatar\\\/3a8de04a2656d44082be478bd6c086daa447c4651605818287b9532d3d0bd435?s=96&d=mm&r=g\",\"contentUrl\":\"https:\\\/\\\/secure.gravatar.com\\\/avatar\\\/3a8de04a2656d44082be478bd6c086daa447c4651605818287b9532d3d0bd435?s=96&d=mm&r=g\",\"caption\":\"Lo viste en Los Pol\u00edticos\"},\"url\":\"https:\\\/\\\/lospoliticosveracruz.com\\\/?author=2\"}]}<\/script>\n<!-- \/ Yoast SEO plugin. -->","yoast_head_json":{"title":"EL \"PARO CARD\u00cdACO\" DEL GOBIERNO DE VERACRUZ - Los pol\u00edticos Veracruz","robots":{"index":"index","follow":"follow","max-snippet":"max-snippet:-1","max-image-preview":"max-image-preview:large","max-video-preview":"max-video-preview:-1"},"canonical":"https:\/\/lospoliticosveracruz.com\/?p=151174","og_locale":"es_ES","og_type":"article","og_title":"EL \"PARO CARD\u00cdACO\" DEL GOBIERNO DE VERACRUZ - Los pol\u00edticos Veracruz","og_description":"Ricardo Chua Sale y Vale Dec\u00eda el ex gobernador Fidel Herrera Beltr\u00e1n, \u00abuno de los mejores pol\u00edticos de su generaci\u00f3n\u00bb, frase dicha en su momento por el propio ex Presidente Andr\u00e9s Manuel L\u00f3pez Obrador a Ricardo Monreal \u00c1vila.. \u00abQue en pol\u00edtica, la percepci\u00f3n lo es todo\u00bb.. Y ahora, en Veracruz, la actual gobernadora del Estado, [&hellip;]","og_url":"https:\/\/lospoliticosveracruz.com\/?p=151174","og_site_name":"Los pol\u00edticos Veracruz","article_publisher":"https:\/\/www.facebook.com\/people\/Notimemes-de-los-Polticos\/61565672886568\/","article_published_time":"2025-08-22T06:18:12+00:00","article_modified_time":"2025-08-22T06:18:44+00:00","og_image":[{"width":600,"height":320,"url":"https:\/\/lospoliticosveracruz.com\/wp-content\/uploads\/2025\/04\/Chua-e1761364658706.jpg","type":"image\/jpeg"}],"author":"Lo viste en Los Pol\u00edticos","twitter_card":"summary_large_image","twitter_creator":"@LosPoliticosVer","twitter_site":"@LosPoliticosVer","twitter_misc":{"Escrito por":"Lo viste en Los Pol\u00edticos","Tiempo de lectura":"6 minutos"},"schema":{"@context":"https:\/\/schema.org","@graph":[{"@type":"Article","@id":"https:\/\/lospoliticosveracruz.com\/?p=151174#article","isPartOf":{"@id":"https:\/\/lospoliticosveracruz.com\/?p=151174"},"author":{"name":"Lo viste en Los Pol\u00edticos","@id":"https:\/\/lospoliticosveracruz.com\/#\/schema\/person\/b8702bb0e538456e6efd07080bf2a4a2"},"headline":"EL \u00abPARO CARD\u00cdACO\u00bb DEL GOBIERNO DE VERACRUZ","datePublished":"2025-08-22T06:18:12+00:00","dateModified":"2025-08-22T06:18:44+00:00","mainEntityOfPage":{"@id":"https:\/\/lospoliticosveracruz.com\/?p=151174"},"wordCount":1113,"publisher":{"@id":"https:\/\/lospoliticosveracruz.com\/#organization"},"image":{"@id":"https:\/\/lospoliticosveracruz.com\/?p=151174#primaryimage"},"thumbnailUrl":"https:\/\/lospoliticosveracruz.com\/wp-content\/uploads\/2025\/04\/Chua-e1761364658706.jpg","keywords":["Cuitl\u00e1huac Garc\u00eda Jim\u00e9nez","Morena","Roc\u00edo Nahle","Veracruz"],"articleSection":["De Opini\u00f3n"],"inLanguage":"es"},{"@type":"WebPage","@id":"https:\/\/lospoliticosveracruz.com\/?p=151174","url":"https:\/\/lospoliticosveracruz.com\/?p=151174","name":"EL \"PARO CARD\u00cdACO\" DEL GOBIERNO DE VERACRUZ - Los pol\u00edticos Veracruz","isPartOf":{"@id":"https:\/\/lospoliticosveracruz.com\/#website"},"primaryImageOfPage":{"@id":"https:\/\/lospoliticosveracruz.com\/?p=151174#primaryimage"},"image":{"@id":"https:\/\/lospoliticosveracruz.com\/?p=151174#primaryimage"},"thumbnailUrl":"https:\/\/lospoliticosveracruz.com\/wp-content\/uploads\/2025\/04\/Chua-e1761364658706.jpg","datePublished":"2025-08-22T06:18:12+00:00","dateModified":"2025-08-22T06:18:44+00:00","breadcrumb":{"@id":"https:\/\/lospoliticosveracruz.com\/?p=151174#breadcrumb"},"inLanguage":"es","potentialAction":[{"@type":"ReadAction","target":["https:\/\/lospoliticosveracruz.com\/?p=151174"]}]},{"@type":"ImageObject","inLanguage":"es","@id":"https:\/\/lospoliticosveracruz.com\/?p=151174#primaryimage","url":"https:\/\/lospoliticosveracruz.com\/wp-content\/uploads\/2025\/04\/Chua-e1761364658706.jpg","contentUrl":"https:\/\/lospoliticosveracruz.com\/wp-content\/uploads\/2025\/04\/Chua-e1761364658706.jpg","width":600,"height":320},{"@type":"BreadcrumbList","@id":"https:\/\/lospoliticosveracruz.com\/?p=151174#breadcrumb","itemListElement":[{"@type":"ListItem","position":1,"name":"Portada","item":"https:\/\/lospoliticosveracruz.com\/"},{"@type":"ListItem","position":2,"name":"EL \u00abPARO CARD\u00cdACO\u00bb DEL GOBIERNO DE VERACRUZ"}]},{"@type":"WebSite","@id":"https:\/\/lospoliticosveracruz.com\/#website","url":"https:\/\/lospoliticosveracruz.com\/","name":"Los pol\u00edticos Veracruz","description":"","publisher":{"@id":"https:\/\/lospoliticosveracruz.com\/#organization"},"potentialAction":[{"@type":"SearchAction","target":{"@type":"EntryPoint","urlTemplate":"https:\/\/lospoliticosveracruz.com\/?s={search_term_string}"},"query-input":{"@type":"PropertyValueSpecification","valueRequired":true,"valueName":"search_term_string"}}],"inLanguage":"es"},{"@type":"Organization","@id":"https:\/\/lospoliticosveracruz.com\/#organization","name":"Los pol\u00edticos Veracruz","url":"https:\/\/lospoliticosveracruz.com\/","logo":{"@type":"ImageObject","inLanguage":"es","@id":"https:\/\/lospoliticosveracruz.com\/#\/schema\/logo\/image\/","url":"https:\/\/lospoliticosveracruz.com\/wp-content\/uploads\/2025\/12\/Logo-Nuevo-LOS-POLITICOS-1.jpg","contentUrl":"https:\/\/lospoliticosveracruz.com\/wp-content\/uploads\/2025\/12\/Logo-Nuevo-LOS-POLITICOS-1.jpg","width":260,"height":70,"caption":"Los pol\u00edticos Veracruz"},"image":{"@id":"https:\/\/lospoliticosveracruz.com\/#\/schema\/logo\/image\/"},"sameAs":["https:\/\/www.facebook.com\/people\/Notimemes-de-los-Polticos\/61565672886568\/","https:\/\/x.com\/LosPoliticosVer"]},{"@type":"Person","@id":"https:\/\/lospoliticosveracruz.com\/#\/schema\/person\/b8702bb0e538456e6efd07080bf2a4a2","name":"Lo viste en Los Pol\u00edticos","image":{"@type":"ImageObject","inLanguage":"es","@id":"https:\/\/secure.gravatar.com\/avatar\/3a8de04a2656d44082be478bd6c086daa447c4651605818287b9532d3d0bd435?s=96&d=mm&r=g","url":"https:\/\/secure.gravatar.com\/avatar\/3a8de04a2656d44082be478bd6c086daa447c4651605818287b9532d3d0bd435?s=96&d=mm&r=g","contentUrl":"https:\/\/secure.gravatar.com\/avatar\/3a8de04a2656d44082be478bd6c086daa447c4651605818287b9532d3d0bd435?s=96&d=mm&r=g","caption":"Lo viste en Los Pol\u00edticos"},"url":"https:\/\/lospoliticosveracruz.com\/?author=2"}]}},"_links":{"self":[{"href":"https:\/\/lospoliticosveracruz.com\/index.php?rest_route=\/wp\/v2\/posts\/151174","targetHints":{"allow":["GET"]}}],"collection":[{"href":"https:\/\/lospoliticosveracruz.com\/index.php?rest_route=\/wp\/v2\/posts"}],"about":[{"href":"https:\/\/lospoliticosveracruz.com\/index.php?rest_route=\/wp\/v2\/types\/post"}],"author":[{"embeddable":true,"href":"https:\/\/lospoliticosveracruz.com\/index.php?rest_route=\/wp\/v2\/users\/2"}],"replies":[{"embeddable":true,"href":"https:\/\/lospoliticosveracruz.com\/index.php?rest_route=%2Fwp%2Fv2%2Fcomments&post=151174"}],"version-history":[{"count":1,"href":"https:\/\/lospoliticosveracruz.com\/index.php?rest_route=\/wp\/v2\/posts\/151174\/revisions"}],"predecessor-version":[{"id":151175,"href":"https:\/\/lospoliticosveracruz.com\/index.php?rest_route=\/wp\/v2\/posts\/151174\/revisions\/151175"}],"wp:featuredmedia":[{"embeddable":true,"href":"https:\/\/lospoliticosveracruz.com\/index.php?rest_route=\/wp\/v2\/media\/141434"}],"wp:attachment":[{"href":"https:\/\/lospoliticosveracruz.com\/index.php?rest_route=%2Fwp%2Fv2%2Fmedia&parent=151174"}],"wp:term":[{"taxonomy":"category","embeddable":true,"href":"https:\/\/lospoliticosveracruz.com\/index.php?rest_route=%2Fwp%2Fv2%2Fcategories&post=151174"},{"taxonomy":"post_tag","embeddable":true,"href":"https:\/\/lospoliticosveracruz.com\/index.php?rest_route=%2Fwp%2Fv2%2Ftags&post=151174"}],"curies":[{"name":"wp","href":"https:\/\/api.w.org\/{rel}","templated":true}]}}