{"id":151176,"date":"2025-08-22T07:17:53","date_gmt":"2025-08-22T12:17:53","guid":{"rendered":"https:\/\/lospoliticosveracruz.com.mx\/?p=151176"},"modified":"2025-08-22T07:19:55","modified_gmt":"2025-08-22T12:19:55","slug":"vidulfo-juez-y-parte","status":"publish","type":"post","link":"https:\/\/lospoliticosveracruz.com\/?p=151176","title":{"rendered":"VIDULFO, JUEZ Y PARTE?"},"content":{"rendered":"\n\n\n<p><br><strong>Fanny Y\u00e9pez<\/strong><br><em>La Columna<\/em><br>Con la renuncia del controvertido abogado Vidulfo Rosales Sierra, al Centro de Derechos Humanos de la Monta\u00f1a Tlachinollan, se confirma que deja la representaci\u00f3n legal de los padres y madres de los 43 normalistas de Ayotzinapa, desaparecidos en 2014. Este mi\u00e9rcoles al aparecer en una reuni\u00f3n con el Presidente de la Suprema Corte de Justicia de la Naci\u00f3n, Hugo Aguilar Ortiz, se confirma que colaborar\u00e1 con el titular del m\u00e1ximo poder judicial del pa\u00eds, aunque no se ha definido en que \u00e1rea espec\u00edfica. El abogado, nacido en 1976 en el poblado de Totomixtlahuaca, municipio de Tlacoapa, colabor\u00f3 con el Centro Tlachinollan durante 24 a\u00f1os y asesor\u00f3 a la polic\u00eda comunitaria, defendi\u00f3 a mujeres v\u00edctimas de tortura y a campesinos de los despojos de sus tierras, as\u00ed como a personas v\u00edctimas de desaparici\u00f3n, adem\u00e1s de que mantuvo una relaci\u00f3n cercana con las v\u00edctimas del caso Iguala. Hugo Aguilar Morales, ministro presidente electo de la Suprema Corte de Justicia de la Naci\u00f3n (SCJN), invit\u00f3 a Vidulfo Rosales, representante legal de los padres de los 43 normalistas de Ayotzinapa a colaborar con el M\u00e1ximo Tribunal en su nueva etapa. Este mi\u00e9rcoles los nueve ministros electos se reunieron por cuarta ocasi\u00f3n para continuar los di\u00e1logos sobre el nuevo esquema de trabajo que tendr\u00e1n a partir del 1 de septiembre pr\u00f3ximo y la designaci\u00f3n de integrantes del \u00d3rgano de Administraci\u00f3n Judicial (OAJ). A Vidulfo Rosales se le conoce por su car\u00e1cter recio y violento. Mantuvo un control f\u00e9rreo de los familiares de los normalistas de Ayotzinapa, todav\u00eda se mantiene el recuerdo del ataque que encabezo a palacio nacional, cuando incendiaron y destruyeron parcialmente la puerta \u201cmariana\u201d para poder ingresar a estas instalaciones. Vidulfo Rosales daba \u00f3rdenes para que secuestraran camiones y robaran mercanc\u00eda, a la vez que tomaban las casetas de peaje, les cobraban a los conductores para sostener sus manifestaciones de protesta. Este personaje que se ha caracterizado por violar la ley en aras de la justicia, se le se\u00f1al\u00f3 por abusar de los familiares de los normalistas, a quienes utilizaba como carne de ca\u00f1\u00f3n, ahora ser\u00e1 uno de los que supuestamente proteger\u00e1n los derechos del pueblo mexicano, esto me parece una parodia, una iron\u00eda. Otro dato, es que el hermano de la Presidenta electa del Tribunal Superior de Justicia del estado de Veracruz, Rosalba Hern\u00e1ndez Hern\u00e1ndez, fue designado secretario particular del Presidente de la SCJN, Hugo Aguilar con quien ha trabajado desde hace varios a\u00f1os demostrando su capacidad y experiencia, por lo que goza del afecto y reconocimiento de Presidente de la Suprema Corte de Justicia de la Naci\u00f3n. Salario m\u00ednimo de 9, 437.10, la meta para el a\u00f1o pr\u00f3ximo<\/p>\n\n\n\n<p>Seg\u00fan el Instituto Nacional de Estad\u00edstica y Geograf\u00eda (INEGI) y otras fuentes recientes, aproximadamente el 40% de la poblaci\u00f3n ocupada en M\u00e9xico gana hasta un salario m\u00ednimo. Los datos var\u00edan ligeramente seg\u00fan la fuente y el a\u00f1o de la encuesta, pero este porcentaje representa a casi 24 millones de personas en la actualidad.<\/p>\n\n\n\n<p>As\u00ed es, el INEGI report\u00f3 que el 40.1% de la poblaci\u00f3n ocupada percibi\u00f3 hasta un salario m\u00ednimo en los primeros tres meses de 2025.<\/p>\n\n\n\n<p>Es importante hacer notar que este porcentaje representa una parte significativa de la fuerza laboral mexicana y es un indicador clave del nivel de ingresos en el pa\u00eds.<\/p>\n\n\n\n<p>En estos tiempos cuando abundan los desaf\u00edos fiscales, sociales y pol\u00edticos, hay una meta que parece avanzar sin grandes tropiezos: el aumento del salario m\u00ednimo. Y todo parece indicar que los astros han comenzado a alinearse, para que el gobierno federal pueda cumplir sin problemas su meta para este referente en el 2026.<\/p>\n\n\n\n<p>Tal como est\u00e1n dadas las circunstancias, no ser\u00e1 complicado para la Secretar\u00eda del Trabajo empujar para cumplir con su meta para el salario m\u00ednimo 2026, ya que, con los \u00faltimos datos disponibles, un salario equivalente a dos canastas ampliadas equivaldr\u00eda a 9,437.10 pesos mensuales, lo que implicar\u00eda un aumento nominal de 11.3% respecto del valor de 2025.<\/p>\n\n\n\n<p>Con este dato, el referente general diario pasar\u00eda de 278.80 a 314.60 pesos el pr\u00f3ximo a\u00f1o.<\/p>\n\n\n\n<p>\u00c9sa es la meta para 2026, es que el salario m\u00ednimo en 2030 equivalga a 2.5 canastas b\u00e1sicas. Lo que en valores actuales implicar\u00eda que llegue a un monto de 393.20 pesos diarios o de 11,796.40 mensuales.<\/p>\n\n\n\n<p>Despu\u00e9s del informe de pobreza multidimensional en M\u00e9xico de la semana pasada, publicado por primera vez por el Inegi tras la desaparici\u00f3n del Coneval, en el que se destac\u00f3 una reducci\u00f3n de 41.9 a 29.6% de la poblaci\u00f3n en pobreza en el sexenio pasado y la incidencia de la pol\u00edtica de recuperaci\u00f3n del salario m\u00ednimo en este comportamiento, todo apunta a que el Ejecutivo no quitar\u00e1 el dedo del rengl\u00f3n en esta materia.<\/p>\n\n\n\n<p>De hecho, la misma Comisi\u00f3n Nacional de los Salarios M\u00ednimos (Conasami), difundi\u00f3 horas despu\u00e9s del reporte del Inegi un informe en el que destaca que la mitad de la reducci\u00f3n de la pobreza se debe directamente a los aumentos del salario m\u00ednimo. En seis a\u00f1os, el referente pas\u00f3 de 88.40 a 248.90 pesos diarios, lo que representa un crecimiento real acumulado de 116.4 por ciento.<\/p>\n\n\n\n<p>\u201cDe los 13.4 millones de personas que salieron de la pobreza, 6.64 millones se deben exclusivamente a la pol\u00edtica salarial\u201d, detall\u00f3 el organismo descentralizado del gobierno federal, sectorizado a la Secretar\u00eda del Trabajo, y que encabeza Luis Felipe Mungu\u00eda Corella.<\/p>\n","protected":false},"excerpt":{"rendered":"<p>Fanny Y\u00e9pezLa ColumnaCon la renuncia del controvertido abogado Vidulfo Rosales Sierra, al Centro de Derechos Humanos de la Monta\u00f1a Tlachinollan, se confirma que deja la representaci\u00f3n legal de los padres y madres de los 43 normalistas de Ayotzinapa, desaparecidos en 2014. Este mi\u00e9rcoles al aparecer en una reuni\u00f3n con el Presidente de la Suprema Corte [&hellip;]<\/p>\n","protected":false},"author":2,"featured_media":141383,"comment_status":"closed","ping_status":"closed","sticky":false,"template":"","format":"standard","meta":{"tdm_status":"","tdm_grid_status":"","footnotes":""},"categories":[70],"tags":[45596,3535,3965],"class_list":{"0":"post-151176","1":"post","2":"type-post","3":"status-publish","4":"format-standard","5":"has-post-thumbnail","7":"category-de-opinion","8":"tag-hugo-aguilar-morales","9":"tag-salario-minimo","10":"tag-scjn"},"yoast_head":"<!-- This site is optimized with the Yoast SEO plugin v27.4 - https:\/\/yoast.com\/product\/yoast-seo-wordpress\/ -->\n<title>VIDULFO, JUEZ Y PARTE? - Los pol\u00edticos Veracruz<\/title>\n<meta name=\"robots\" content=\"index, follow, max-snippet:-1, max-image-preview:large, max-video-preview:-1\" \/>\n<link rel=\"canonical\" href=\"https:\/\/lospoliticosveracruz.com\/?p=151176\" \/>\n<meta property=\"og:locale\" content=\"es_ES\" \/>\n<meta property=\"og:type\" content=\"article\" \/>\n<meta property=\"og:title\" content=\"VIDULFO, JUEZ Y PARTE? - Los pol\u00edticos Veracruz\" \/>\n<meta property=\"og:description\" content=\"Fanny Y\u00e9pezLa ColumnaCon la renuncia del controvertido abogado Vidulfo Rosales Sierra, al Centro de Derechos Humanos de la Monta\u00f1a Tlachinollan, se confirma que deja la representaci\u00f3n legal de los padres y madres de los 43 normalistas de Ayotzinapa, desaparecidos en 2014. Este mi\u00e9rcoles al aparecer en una reuni\u00f3n con el Presidente de la Suprema Corte [&hellip;]\" \/>\n<meta property=\"og:url\" content=\"https:\/\/lospoliticosveracruz.com\/?p=151176\" \/>\n<meta property=\"og:site_name\" content=\"Los pol\u00edticos Veracruz\" \/>\n<meta property=\"article:publisher\" content=\"https:\/\/www.facebook.com\/people\/Notimemes-de-los-Polticos\/61565672886568\/\" \/>\n<meta property=\"article:published_time\" content=\"2025-08-22T12:17:53+00:00\" \/>\n<meta property=\"article:modified_time\" content=\"2025-08-22T12:19:55+00:00\" \/>\n<meta property=\"og:image\" content=\"https:\/\/lospoliticosveracruz.com\/wp-content\/uploads\/2025\/04\/Fanny-Yepez-Luna.jpg\" \/>\n\t<meta property=\"og:image:width\" content=\"1250\" \/>\n\t<meta property=\"og:image:height\" content=\"667\" \/>\n\t<meta property=\"og:image:type\" content=\"image\/jpeg\" \/>\n<meta name=\"author\" content=\"Lo viste en Los Pol\u00edticos\" \/>\n<meta name=\"twitter:card\" content=\"summary_large_image\" \/>\n<meta name=\"twitter:creator\" content=\"@LosPoliticosVer\" \/>\n<meta name=\"twitter:site\" content=\"@LosPoliticosVer\" \/>\n<meta name=\"twitter:label1\" content=\"Escrito por\" \/>\n\t<meta name=\"twitter:data1\" content=\"Lo viste en Los Pol\u00edticos\" \/>\n\t<meta name=\"twitter:label2\" content=\"Tiempo de lectura\" \/>\n\t<meta name=\"twitter:data2\" content=\"5 minutos\" \/>\n<script type=\"application\/ld+json\" class=\"yoast-schema-graph\">{\"@context\":\"https:\\\/\\\/schema.org\",\"@graph\":[{\"@type\":\"Article\",\"@id\":\"https:\\\/\\\/lospoliticosveracruz.com\\\/?p=151176#article\",\"isPartOf\":{\"@id\":\"https:\\\/\\\/lospoliticosveracruz.com\\\/?p=151176\"},\"author\":{\"name\":\"Lo viste en Los Pol\u00edticos\",\"@id\":\"https:\\\/\\\/lospoliticosveracruz.com\\\/#\\\/schema\\\/person\\\/b8702bb0e538456e6efd07080bf2a4a2\"},\"headline\":\"VIDULFO, JUEZ Y PARTE?\",\"datePublished\":\"2025-08-22T12:17:53+00:00\",\"dateModified\":\"2025-08-22T12:19:55+00:00\",\"mainEntityOfPage\":{\"@id\":\"https:\\\/\\\/lospoliticosveracruz.com\\\/?p=151176\"},\"wordCount\":945,\"publisher\":{\"@id\":\"https:\\\/\\\/lospoliticosveracruz.com\\\/#organization\"},\"image\":{\"@id\":\"https:\\\/\\\/lospoliticosveracruz.com\\\/?p=151176#primaryimage\"},\"thumbnailUrl\":\"https:\\\/\\\/lospoliticosveracruz.com\\\/wp-content\\\/uploads\\\/2025\\\/04\\\/Fanny-Yepez-Luna-e1768657334923.jpg\",\"keywords\":[\"Hugo Aguilar Morales\",\"salario m\u00ednimo\",\"SCJN\"],\"articleSection\":[\"De Opini\u00f3n\"],\"inLanguage\":\"es\"},{\"@type\":\"WebPage\",\"@id\":\"https:\\\/\\\/lospoliticosveracruz.com\\\/?p=151176\",\"url\":\"https:\\\/\\\/lospoliticosveracruz.com\\\/?p=151176\",\"name\":\"VIDULFO, JUEZ Y PARTE? - Los pol\u00edticos Veracruz\",\"isPartOf\":{\"@id\":\"https:\\\/\\\/lospoliticosveracruz.com\\\/#website\"},\"primaryImageOfPage\":{\"@id\":\"https:\\\/\\\/lospoliticosveracruz.com\\\/?p=151176#primaryimage\"},\"image\":{\"@id\":\"https:\\\/\\\/lospoliticosveracruz.com\\\/?p=151176#primaryimage\"},\"thumbnailUrl\":\"https:\\\/\\\/lospoliticosveracruz.com\\\/wp-content\\\/uploads\\\/2025\\\/04\\\/Fanny-Yepez-Luna-e1768657334923.jpg\",\"datePublished\":\"2025-08-22T12:17:53+00:00\",\"dateModified\":\"2025-08-22T12:19:55+00:00\",\"breadcrumb\":{\"@id\":\"https:\\\/\\\/lospoliticosveracruz.com\\\/?p=151176#breadcrumb\"},\"inLanguage\":\"es\",\"potentialAction\":[{\"@type\":\"ReadAction\",\"target\":[\"https:\\\/\\\/lospoliticosveracruz.com\\\/?p=151176\"]}]},{\"@type\":\"ImageObject\",\"inLanguage\":\"es\",\"@id\":\"https:\\\/\\\/lospoliticosveracruz.com\\\/?p=151176#primaryimage\",\"url\":\"https:\\\/\\\/lospoliticosveracruz.com\\\/wp-content\\\/uploads\\\/2025\\\/04\\\/Fanny-Yepez-Luna-e1768657334923.jpg\",\"contentUrl\":\"https:\\\/\\\/lospoliticosveracruz.com\\\/wp-content\\\/uploads\\\/2025\\\/04\\\/Fanny-Yepez-Luna-e1768657334923.jpg\",\"width\":600,\"height\":320},{\"@type\":\"BreadcrumbList\",\"@id\":\"https:\\\/\\\/lospoliticosveracruz.com\\\/?p=151176#breadcrumb\",\"itemListElement\":[{\"@type\":\"ListItem\",\"position\":1,\"name\":\"Portada\",\"item\":\"https:\\\/\\\/lospoliticosveracruz.com\\\/\"},{\"@type\":\"ListItem\",\"position\":2,\"name\":\"VIDULFO, JUEZ Y PARTE?\"}]},{\"@type\":\"WebSite\",\"@id\":\"https:\\\/\\\/lospoliticosveracruz.com\\\/#website\",\"url\":\"https:\\\/\\\/lospoliticosveracruz.com\\\/\",\"name\":\"Los pol\u00edticos Veracruz\",\"description\":\"\",\"publisher\":{\"@id\":\"https:\\\/\\\/lospoliticosveracruz.com\\\/#organization\"},\"potentialAction\":[{\"@type\":\"SearchAction\",\"target\":{\"@type\":\"EntryPoint\",\"urlTemplate\":\"https:\\\/\\\/lospoliticosveracruz.com\\\/?s={search_term_string}\"},\"query-input\":{\"@type\":\"PropertyValueSpecification\",\"valueRequired\":true,\"valueName\":\"search_term_string\"}}],\"inLanguage\":\"es\"},{\"@type\":\"Organization\",\"@id\":\"https:\\\/\\\/lospoliticosveracruz.com\\\/#organization\",\"name\":\"Los pol\u00edticos Veracruz\",\"url\":\"https:\\\/\\\/lospoliticosveracruz.com\\\/\",\"logo\":{\"@type\":\"ImageObject\",\"inLanguage\":\"es\",\"@id\":\"https:\\\/\\\/lospoliticosveracruz.com\\\/#\\\/schema\\\/logo\\\/image\\\/\",\"url\":\"https:\\\/\\\/lospoliticosveracruz.com\\\/wp-content\\\/uploads\\\/2025\\\/12\\\/Logo-Nuevo-LOS-POLITICOS-1.jpg\",\"contentUrl\":\"https:\\\/\\\/lospoliticosveracruz.com\\\/wp-content\\\/uploads\\\/2025\\\/12\\\/Logo-Nuevo-LOS-POLITICOS-1.jpg\",\"width\":260,\"height\":70,\"caption\":\"Los pol\u00edticos Veracruz\"},\"image\":{\"@id\":\"https:\\\/\\\/lospoliticosveracruz.com\\\/#\\\/schema\\\/logo\\\/image\\\/\"},\"sameAs\":[\"https:\\\/\\\/www.facebook.com\\\/people\\\/Notimemes-de-los-Polticos\\\/61565672886568\\\/\",\"https:\\\/\\\/x.com\\\/LosPoliticosVer\"]},{\"@type\":\"Person\",\"@id\":\"https:\\\/\\\/lospoliticosveracruz.com\\\/#\\\/schema\\\/person\\\/b8702bb0e538456e6efd07080bf2a4a2\",\"name\":\"Lo viste en Los Pol\u00edticos\",\"image\":{\"@type\":\"ImageObject\",\"inLanguage\":\"es\",\"@id\":\"https:\\\/\\\/secure.gravatar.com\\\/avatar\\\/3a8de04a2656d44082be478bd6c086daa447c4651605818287b9532d3d0bd435?s=96&d=mm&r=g\",\"url\":\"https:\\\/\\\/secure.gravatar.com\\\/avatar\\\/3a8de04a2656d44082be478bd6c086daa447c4651605818287b9532d3d0bd435?s=96&d=mm&r=g\",\"contentUrl\":\"https:\\\/\\\/secure.gravatar.com\\\/avatar\\\/3a8de04a2656d44082be478bd6c086daa447c4651605818287b9532d3d0bd435?s=96&d=mm&r=g\",\"caption\":\"Lo viste en Los Pol\u00edticos\"},\"url\":\"https:\\\/\\\/lospoliticosveracruz.com\\\/?author=2\"}]}<\/script>\n<!-- \/ Yoast SEO plugin. -->","yoast_head_json":{"title":"VIDULFO, JUEZ Y PARTE? - Los pol\u00edticos Veracruz","robots":{"index":"index","follow":"follow","max-snippet":"max-snippet:-1","max-image-preview":"max-image-preview:large","max-video-preview":"max-video-preview:-1"},"canonical":"https:\/\/lospoliticosveracruz.com\/?p=151176","og_locale":"es_ES","og_type":"article","og_title":"VIDULFO, JUEZ Y PARTE? - Los pol\u00edticos Veracruz","og_description":"Fanny Y\u00e9pezLa ColumnaCon la renuncia del controvertido abogado Vidulfo Rosales Sierra, al Centro de Derechos Humanos de la Monta\u00f1a Tlachinollan, se confirma que deja la representaci\u00f3n legal de los padres y madres de los 43 normalistas de Ayotzinapa, desaparecidos en 2014. Este mi\u00e9rcoles al aparecer en una reuni\u00f3n con el Presidente de la Suprema Corte [&hellip;]","og_url":"https:\/\/lospoliticosveracruz.com\/?p=151176","og_site_name":"Los pol\u00edticos Veracruz","article_publisher":"https:\/\/www.facebook.com\/people\/Notimemes-de-los-Polticos\/61565672886568\/","article_published_time":"2025-08-22T12:17:53+00:00","article_modified_time":"2025-08-22T12:19:55+00:00","og_image":[{"width":1250,"height":667,"url":"https:\/\/lospoliticosveracruz.com\/wp-content\/uploads\/2025\/04\/Fanny-Yepez-Luna.jpg","type":"image\/jpeg"}],"author":"Lo viste en Los Pol\u00edticos","twitter_card":"summary_large_image","twitter_creator":"@LosPoliticosVer","twitter_site":"@LosPoliticosVer","twitter_misc":{"Escrito por":"Lo viste en Los Pol\u00edticos","Tiempo de lectura":"5 minutos"},"schema":{"@context":"https:\/\/schema.org","@graph":[{"@type":"Article","@id":"https:\/\/lospoliticosveracruz.com\/?p=151176#article","isPartOf":{"@id":"https:\/\/lospoliticosveracruz.com\/?p=151176"},"author":{"name":"Lo viste en Los Pol\u00edticos","@id":"https:\/\/lospoliticosveracruz.com\/#\/schema\/person\/b8702bb0e538456e6efd07080bf2a4a2"},"headline":"VIDULFO, JUEZ Y PARTE?","datePublished":"2025-08-22T12:17:53+00:00","dateModified":"2025-08-22T12:19:55+00:00","mainEntityOfPage":{"@id":"https:\/\/lospoliticosveracruz.com\/?p=151176"},"wordCount":945,"publisher":{"@id":"https:\/\/lospoliticosveracruz.com\/#organization"},"image":{"@id":"https:\/\/lospoliticosveracruz.com\/?p=151176#primaryimage"},"thumbnailUrl":"https:\/\/lospoliticosveracruz.com\/wp-content\/uploads\/2025\/04\/Fanny-Yepez-Luna-e1768657334923.jpg","keywords":["Hugo Aguilar Morales","salario m\u00ednimo","SCJN"],"articleSection":["De Opini\u00f3n"],"inLanguage":"es"},{"@type":"WebPage","@id":"https:\/\/lospoliticosveracruz.com\/?p=151176","url":"https:\/\/lospoliticosveracruz.com\/?p=151176","name":"VIDULFO, JUEZ Y PARTE? - Los pol\u00edticos Veracruz","isPartOf":{"@id":"https:\/\/lospoliticosveracruz.com\/#website"},"primaryImageOfPage":{"@id":"https:\/\/lospoliticosveracruz.com\/?p=151176#primaryimage"},"image":{"@id":"https:\/\/lospoliticosveracruz.com\/?p=151176#primaryimage"},"thumbnailUrl":"https:\/\/lospoliticosveracruz.com\/wp-content\/uploads\/2025\/04\/Fanny-Yepez-Luna-e1768657334923.jpg","datePublished":"2025-08-22T12:17:53+00:00","dateModified":"2025-08-22T12:19:55+00:00","breadcrumb":{"@id":"https:\/\/lospoliticosveracruz.com\/?p=151176#breadcrumb"},"inLanguage":"es","potentialAction":[{"@type":"ReadAction","target":["https:\/\/lospoliticosveracruz.com\/?p=151176"]}]},{"@type":"ImageObject","inLanguage":"es","@id":"https:\/\/lospoliticosveracruz.com\/?p=151176#primaryimage","url":"https:\/\/lospoliticosveracruz.com\/wp-content\/uploads\/2025\/04\/Fanny-Yepez-Luna-e1768657334923.jpg","contentUrl":"https:\/\/lospoliticosveracruz.com\/wp-content\/uploads\/2025\/04\/Fanny-Yepez-Luna-e1768657334923.jpg","width":600,"height":320},{"@type":"BreadcrumbList","@id":"https:\/\/lospoliticosveracruz.com\/?p=151176#breadcrumb","itemListElement":[{"@type":"ListItem","position":1,"name":"Portada","item":"https:\/\/lospoliticosveracruz.com\/"},{"@type":"ListItem","position":2,"name":"VIDULFO, JUEZ Y PARTE?"}]},{"@type":"WebSite","@id":"https:\/\/lospoliticosveracruz.com\/#website","url":"https:\/\/lospoliticosveracruz.com\/","name":"Los pol\u00edticos Veracruz","description":"","publisher":{"@id":"https:\/\/lospoliticosveracruz.com\/#organization"},"potentialAction":[{"@type":"SearchAction","target":{"@type":"EntryPoint","urlTemplate":"https:\/\/lospoliticosveracruz.com\/?s={search_term_string}"},"query-input":{"@type":"PropertyValueSpecification","valueRequired":true,"valueName":"search_term_string"}}],"inLanguage":"es"},{"@type":"Organization","@id":"https:\/\/lospoliticosveracruz.com\/#organization","name":"Los pol\u00edticos Veracruz","url":"https:\/\/lospoliticosveracruz.com\/","logo":{"@type":"ImageObject","inLanguage":"es","@id":"https:\/\/lospoliticosveracruz.com\/#\/schema\/logo\/image\/","url":"https:\/\/lospoliticosveracruz.com\/wp-content\/uploads\/2025\/12\/Logo-Nuevo-LOS-POLITICOS-1.jpg","contentUrl":"https:\/\/lospoliticosveracruz.com\/wp-content\/uploads\/2025\/12\/Logo-Nuevo-LOS-POLITICOS-1.jpg","width":260,"height":70,"caption":"Los pol\u00edticos Veracruz"},"image":{"@id":"https:\/\/lospoliticosveracruz.com\/#\/schema\/logo\/image\/"},"sameAs":["https:\/\/www.facebook.com\/people\/Notimemes-de-los-Polticos\/61565672886568\/","https:\/\/x.com\/LosPoliticosVer"]},{"@type":"Person","@id":"https:\/\/lospoliticosveracruz.com\/#\/schema\/person\/b8702bb0e538456e6efd07080bf2a4a2","name":"Lo viste en Los Pol\u00edticos","image":{"@type":"ImageObject","inLanguage":"es","@id":"https:\/\/secure.gravatar.com\/avatar\/3a8de04a2656d44082be478bd6c086daa447c4651605818287b9532d3d0bd435?s=96&d=mm&r=g","url":"https:\/\/secure.gravatar.com\/avatar\/3a8de04a2656d44082be478bd6c086daa447c4651605818287b9532d3d0bd435?s=96&d=mm&r=g","contentUrl":"https:\/\/secure.gravatar.com\/avatar\/3a8de04a2656d44082be478bd6c086daa447c4651605818287b9532d3d0bd435?s=96&d=mm&r=g","caption":"Lo viste en Los Pol\u00edticos"},"url":"https:\/\/lospoliticosveracruz.com\/?author=2"}]}},"_links":{"self":[{"href":"https:\/\/lospoliticosveracruz.com\/index.php?rest_route=\/wp\/v2\/posts\/151176","targetHints":{"allow":["GET"]}}],"collection":[{"href":"https:\/\/lospoliticosveracruz.com\/index.php?rest_route=\/wp\/v2\/posts"}],"about":[{"href":"https:\/\/lospoliticosveracruz.com\/index.php?rest_route=\/wp\/v2\/types\/post"}],"author":[{"embeddable":true,"href":"https:\/\/lospoliticosveracruz.com\/index.php?rest_route=\/wp\/v2\/users\/2"}],"replies":[{"embeddable":true,"href":"https:\/\/lospoliticosveracruz.com\/index.php?rest_route=%2Fwp%2Fv2%2Fcomments&post=151176"}],"version-history":[{"count":1,"href":"https:\/\/lospoliticosveracruz.com\/index.php?rest_route=\/wp\/v2\/posts\/151176\/revisions"}],"predecessor-version":[{"id":151177,"href":"https:\/\/lospoliticosveracruz.com\/index.php?rest_route=\/wp\/v2\/posts\/151176\/revisions\/151177"}],"wp:featuredmedia":[{"embeddable":true,"href":"https:\/\/lospoliticosveracruz.com\/index.php?rest_route=\/wp\/v2\/media\/141383"}],"wp:attachment":[{"href":"https:\/\/lospoliticosveracruz.com\/index.php?rest_route=%2Fwp%2Fv2%2Fmedia&parent=151176"}],"wp:term":[{"taxonomy":"category","embeddable":true,"href":"https:\/\/lospoliticosveracruz.com\/index.php?rest_route=%2Fwp%2Fv2%2Fcategories&post=151176"},{"taxonomy":"post_tag","embeddable":true,"href":"https:\/\/lospoliticosveracruz.com\/index.php?rest_route=%2Fwp%2Fv2%2Ftags&post=151176"}],"curies":[{"name":"wp","href":"https:\/\/api.w.org\/{rel}","templated":true}]}}