{"id":15124,"date":"2015-03-03T21:42:28","date_gmt":"2015-03-04T03:42:28","guid":{"rendered":"http:\/\/www.lospoliticosveracruz.com.mx\/?p=15124"},"modified":"2015-03-03T21:42:28","modified_gmt":"2015-03-04T03:42:28","slug":"noche-de-urgencias-en-el-cem","status":"publish","type":"post","link":"https:\/\/lospoliticosveracruz.com\/?p=15124","title":{"rendered":"Noche de urgencias en el CEM"},"content":{"rendered":"<p><a href=\"http:\/\/www.lospoliticosveracruz.com.mx\/wp-content\/uploads\/2015\/03\/CEM-Rafael-Lucio.jpg\"><img loading=\"lazy\" decoding=\"async\" class=\"alignnone size-medium wp-image-15125\" src=\"http:\/\/www.lospoliticosveracruz.com.mx\/wp-content\/uploads\/2015\/03\/CEM-Rafael-Lucio-300x161.jpg\" alt=\"Simulacro CEM\" width=\"300\" height=\"161\" \/><\/a><\/p>\n<p><strong>Armando Ortiz<\/strong><\/p>\n<p><em>El Hijo Pr\u00f3digo<\/em><\/p>\n<p>&nbsp;<\/p>\n<p>Nunca una llamada telef\u00f3nica despu\u00e9s de la medianoche es bienvenida. De modo que cuando recib\u00ed la llamada a la una de la ma\u00f1ana pens\u00e9 que no pod\u00edan ser buenas noticias. Resulta que mi sobrino, qui\u00e9n sabe que comi\u00f3, se empez\u00f3 a enronchar y me pidieron que lo llevara a urgencias del CEM, pues mi sobrino fue de los que se anot\u00f3 en la brigadas del Seguro Popular. Llegamos, afuera de la sala de urgencias la gente estaba ya tirada en el suelo; encobijados los familiares de los paciente trataban de dormir un poco.<br \/>\nDebo decir que la atenci\u00f3n que nos dieron fue buena. Nos presentamos como simples pacientes de urgencias; nadie nos conoc\u00eda. El doctor no tard\u00f3 en detectar la alergia y nos mand\u00f3 con una receta a la farmacia del Centro de Especialidades M\u00e9dicas. Los pasillos estaban oscuros, las escaleras tambi\u00e9n. Cuando llegamos a la farmacia una joven y un muchacho estaban acomodando cajas. Le dimos la receta a la joven. La revis\u00f3 de inmediato y nos dijo: \u201cNo tenemos de ninguna de las cuatro\u201d. Me sorprendi\u00f3.<br \/>\nLa verdad la medicina que el doctor nos recet\u00f3 no era medicina especializada, no era algo fuera de este mundo. Realmente eran unas ampolletas de Avapena, unas tabletas de Clorfenamina, soluci\u00f3n fisiol\u00f3gica para inyecciones y otra ampolleta que Hidrocortisona. Como dije, nada del otro mundo. Pues tuvimos que salir a buscar la medicina a la farmacia. En total fueron 450 pesos, que gracias Dios uno los tiene. Pero \u00bfqu\u00e9 hay de las personas que de urgencia tienen un familiar enfermo y lo llevan al CEM para que les digan que no se tiene la medicina que puede aliviar su dolor, o en el peor de los casos no tienen los medicamentos que podr\u00edan salvarle la vida?<br \/>\nDe acuerdo con la informaci\u00f3n oficial, el \u201cSeguro Popular forma parte del Sistema de Protecci\u00f3n Social en Salud (SPSS), el cual busca otorgar cobertura de servicios de salud, a trav\u00e9s de un aseguramiento p\u00fablico y voluntario, para aquellas personas que no cuentan con empleo o que trabajan por cuenta propia y que por lo tanto, no son derechohabientes de ninguna instituci\u00f3n de seguridad social\u201d.<br \/>\nLas personas afiliadas al Seguro Popular tienen acceso a servicios m\u00e9dico-quir\u00fargicos, FARMAC\u00c9UTICOS y hospitalarios. Actualmente de Seguro Popular ofrece una cobertura m\u00e9dica de 285 intervenciones y m\u00e1s de mil 500 enfermedades, descritas en su Cat\u00e1logo Universal de Servicios de Salud.<br \/>\nDe acuerdo con notas period\u00edsticas Leonel Bustos, director general de este r\u00e9gimen reconoce que el Seguro Popular ejerce un presupuesto anual por arriba de 4 mil millones de pesos. Seg\u00fan las reconvenciones de la Auditor\u00eda Superior de la Federaci\u00f3n Veracruz es uno de los estados al que m\u00e1s desfalcos se le han detectado. De acuerdo con la informaci\u00f3n el monto de este desfalco rebasa los 7 mil millones de pesos, una suma bastante considerable. Pues de estos 7 mil millones de pesos, y de acuerdo con nota de El Universal publicada apenas el 19 de febrero de 2015, en Veracruz el monto de recursos sin justificar del Seguro Popular asciende a mil 597 millones de pesos.<br \/>\nPues ahora esos m\u00e1s de mil quinientos millones que alguien se rob\u00f3 del Seguro Popular es lo que hace falta para que en los hospitales de Veracruz haya al menos soluci\u00f3n fisiol\u00f3gica para inyectar.<br \/>\n\u00bfA d\u00f3nde fue a parar ese dinero? De acuerdo con nota publicada por la agencia AVC \u201cel pago irregular de salarios a funcionarios, as\u00ed como la compra indebida de medicamento vali\u00f3 que la Auditoria Superior de la Federaci\u00f3n observar\u00e1 el manejo financiero del Seguro Popular en el estado por un monto de mil 597 millones 139 mil 600 pesos en el ejercicio fiscal 2013, sumado a que tiene que aclarar el manejo de mil millones m\u00e1s. Lo anterior queda de manifiesto en la auditor\u00eda financiera 13-A-30000-14-0864 GF-878, practicada al R\u00e9gimen Estatal de Protecci\u00f3n Social en Salud del estado de Veracruz de Ignacio de la Llave (REPSS) , a cargo de Leonel Bustos\u201d.<br \/>\nEl da\u00f1o patrimonial ya se dio. Los dineros se ocuparon en dispendios que no tienen que ver con la salud, algunos de esos dispendios se dieron con la complicidad de los funcionarios de la Secretar\u00eda de Finanzas. \u00bfSer\u00e1 posible que la presencia de la cantante Belinda en la fiesta de la hija de Carlos Aguirre, subsecretario de Egresos de Finanzas, se haya pagado con esos dineros?<br \/>\nMientras unos gozan con los dineros de estos desfalcos muchos veracruzanos enfermos tiene que seguir padeciendo su enfermedad porque no hay medicinas suficientes para darles atenci\u00f3n. \u00a1Poca madre!<\/p>\n<p><strong>Postdata 1: Cobertura Universal\u2026 \u00a1mis polainas!<\/strong><br \/>\nPero estoy seguro que en las auditor\u00edas mostrar\u00e1n nuestras recetas como si nos hubieran proporcionado los medicamentos, los cuales tuvimos que comprar. Eso s\u00ed, en su informe el gobernador Javier Duarte dir\u00e1 que ha brindado una atenci\u00f3n completa de servicios de salud a todos los veracruzanos.<\/p>\n<p>aortiz52@hotmail.com<\/p>\n","protected":false},"excerpt":{"rendered":"<p>Armando Ortiz El Hijo Pr\u00f3digo &nbsp; Nunca una llamada telef\u00f3nica despu\u00e9s de la medianoche es bienvenida. De modo que cuando recib\u00ed la llamada a la una de la ma\u00f1ana pens\u00e9 que no pod\u00edan ser buenas noticias. Resulta que mi sobrino, qui\u00e9n sabe que comi\u00f3, se empez\u00f3 a enronchar y me pidieron que lo llevara a [&hellip;]<\/p>\n","protected":false},"author":2,"featured_media":0,"comment_status":"open","ping_status":"open","sticky":false,"template":"","format":"standard","meta":{"tdm_status":"","tdm_grid_status":"","footnotes":""},"categories":[70],"tags":[1970,1972,1969,1971],"class_list":{"0":"post-15124","1":"post","2":"type-post","3":"status-publish","4":"format-standard","6":"category-de-opinion","7":"tag-centro-de-especialidades-medicas","8":"tag-leonel-bustos","9":"tag-seguro-popular","10":"tag-sistema-de-proteccion-social-en-salud"},"yoast_head":"<!-- This site is optimized with the Yoast SEO plugin v27.4 - https:\/\/yoast.com\/product\/yoast-seo-wordpress\/ -->\n<title>Noche de urgencias en el CEM - Los pol\u00edticos Veracruz<\/title>\n<meta name=\"robots\" content=\"index, follow, max-snippet:-1, max-image-preview:large, max-video-preview:-1\" \/>\n<link rel=\"canonical\" href=\"https:\/\/lospoliticosveracruz.com\/?p=15124\" \/>\n<meta property=\"og:locale\" content=\"es_ES\" \/>\n<meta property=\"og:type\" content=\"article\" \/>\n<meta property=\"og:title\" content=\"Noche de urgencias en el CEM - Los pol\u00edticos Veracruz\" \/>\n<meta property=\"og:description\" content=\"Armando Ortiz El Hijo Pr\u00f3digo &nbsp; Nunca una llamada telef\u00f3nica despu\u00e9s de la medianoche es bienvenida. De modo que cuando recib\u00ed la llamada a la una de la ma\u00f1ana pens\u00e9 que no pod\u00edan ser buenas noticias. Resulta que mi sobrino, qui\u00e9n sabe que comi\u00f3, se empez\u00f3 a enronchar y me pidieron que lo llevara a [&hellip;]\" \/>\n<meta property=\"og:url\" content=\"https:\/\/lospoliticosveracruz.com\/?p=15124\" \/>\n<meta property=\"og:site_name\" content=\"Los pol\u00edticos Veracruz\" \/>\n<meta property=\"article:publisher\" content=\"https:\/\/www.facebook.com\/people\/Notimemes-de-los-Polticos\/61565672886568\/\" \/>\n<meta property=\"article:published_time\" content=\"2015-03-04T03:42:28+00:00\" \/>\n<meta property=\"og:image\" content=\"http:\/\/www.lospoliticosveracruz.com.mx\/wp-content\/uploads\/2015\/03\/CEM-Rafael-Lucio-300x161.jpg\" \/>\n<meta name=\"author\" content=\"Lo viste en Los Pol\u00edticos\" \/>\n<meta name=\"twitter:card\" content=\"summary_large_image\" \/>\n<meta name=\"twitter:creator\" content=\"@LosPoliticosVer\" \/>\n<meta name=\"twitter:site\" content=\"@LosPoliticosVer\" \/>\n<meta name=\"twitter:label1\" content=\"Escrito por\" \/>\n\t<meta name=\"twitter:data1\" content=\"Lo viste en Los Pol\u00edticos\" \/>\n\t<meta name=\"twitter:label2\" content=\"Tiempo de lectura\" \/>\n\t<meta name=\"twitter:data2\" content=\"4 minutos\" \/>\n<script type=\"application\/ld+json\" class=\"yoast-schema-graph\">{\"@context\":\"https:\\\/\\\/schema.org\",\"@graph\":[{\"@type\":\"Article\",\"@id\":\"https:\\\/\\\/lospoliticosveracruz.com\\\/?p=15124#article\",\"isPartOf\":{\"@id\":\"https:\\\/\\\/lospoliticosveracruz.com\\\/?p=15124\"},\"author\":{\"name\":\"Lo viste en Los Pol\u00edticos\",\"@id\":\"https:\\\/\\\/lospoliticosveracruz.com\\\/#\\\/schema\\\/person\\\/b8702bb0e538456e6efd07080bf2a4a2\"},\"headline\":\"Noche de urgencias en el CEM\",\"datePublished\":\"2015-03-04T03:42:28+00:00\",\"mainEntityOfPage\":{\"@id\":\"https:\\\/\\\/lospoliticosveracruz.com\\\/?p=15124\"},\"wordCount\":854,\"commentCount\":0,\"publisher\":{\"@id\":\"https:\\\/\\\/lospoliticosveracruz.com\\\/#organization\"},\"image\":{\"@id\":\"https:\\\/\\\/lospoliticosveracruz.com\\\/?p=15124#primaryimage\"},\"thumbnailUrl\":\"http:\\\/\\\/www.lospoliticosveracruz.com.mx\\\/wp-content\\\/uploads\\\/2015\\\/03\\\/CEM-Rafael-Lucio-300x161.jpg\",\"keywords\":[\"Centro de Especialidades M\u00e9dicas\",\"Leonel Bustos\",\"Seguro Popular\",\"Sistema de Protecci\u00f3n Social en Salud\"],\"articleSection\":[\"De Opini\u00f3n\"],\"inLanguage\":\"es\",\"potentialAction\":[{\"@type\":\"CommentAction\",\"name\":\"Comment\",\"target\":[\"https:\\\/\\\/lospoliticosveracruz.com\\\/?p=15124#respond\"]}]},{\"@type\":\"WebPage\",\"@id\":\"https:\\\/\\\/lospoliticosveracruz.com\\\/?p=15124\",\"url\":\"https:\\\/\\\/lospoliticosveracruz.com\\\/?p=15124\",\"name\":\"Noche de urgencias en el CEM - Los pol\u00edticos Veracruz\",\"isPartOf\":{\"@id\":\"https:\\\/\\\/lospoliticosveracruz.com\\\/#website\"},\"primaryImageOfPage\":{\"@id\":\"https:\\\/\\\/lospoliticosveracruz.com\\\/?p=15124#primaryimage\"},\"image\":{\"@id\":\"https:\\\/\\\/lospoliticosveracruz.com\\\/?p=15124#primaryimage\"},\"thumbnailUrl\":\"http:\\\/\\\/www.lospoliticosveracruz.com.mx\\\/wp-content\\\/uploads\\\/2015\\\/03\\\/CEM-Rafael-Lucio-300x161.jpg\",\"datePublished\":\"2015-03-04T03:42:28+00:00\",\"breadcrumb\":{\"@id\":\"https:\\\/\\\/lospoliticosveracruz.com\\\/?p=15124#breadcrumb\"},\"inLanguage\":\"es\",\"potentialAction\":[{\"@type\":\"ReadAction\",\"target\":[\"https:\\\/\\\/lospoliticosveracruz.com\\\/?p=15124\"]}]},{\"@type\":\"ImageObject\",\"inLanguage\":\"es\",\"@id\":\"https:\\\/\\\/lospoliticosveracruz.com\\\/?p=15124#primaryimage\",\"url\":\"http:\\\/\\\/www.lospoliticosveracruz.com.mx\\\/wp-content\\\/uploads\\\/2015\\\/03\\\/CEM-Rafael-Lucio-300x161.jpg\",\"contentUrl\":\"http:\\\/\\\/www.lospoliticosveracruz.com.mx\\\/wp-content\\\/uploads\\\/2015\\\/03\\\/CEM-Rafael-Lucio-300x161.jpg\"},{\"@type\":\"BreadcrumbList\",\"@id\":\"https:\\\/\\\/lospoliticosveracruz.com\\\/?p=15124#breadcrumb\",\"itemListElement\":[{\"@type\":\"ListItem\",\"position\":1,\"name\":\"Portada\",\"item\":\"https:\\\/\\\/lospoliticosveracruz.com\\\/\"},{\"@type\":\"ListItem\",\"position\":2,\"name\":\"Noche de urgencias en el CEM\"}]},{\"@type\":\"WebSite\",\"@id\":\"https:\\\/\\\/lospoliticosveracruz.com\\\/#website\",\"url\":\"https:\\\/\\\/lospoliticosveracruz.com\\\/\",\"name\":\"Los pol\u00edticos Veracruz\",\"description\":\"\",\"publisher\":{\"@id\":\"https:\\\/\\\/lospoliticosveracruz.com\\\/#organization\"},\"potentialAction\":[{\"@type\":\"SearchAction\",\"target\":{\"@type\":\"EntryPoint\",\"urlTemplate\":\"https:\\\/\\\/lospoliticosveracruz.com\\\/?s={search_term_string}\"},\"query-input\":{\"@type\":\"PropertyValueSpecification\",\"valueRequired\":true,\"valueName\":\"search_term_string\"}}],\"inLanguage\":\"es\"},{\"@type\":\"Organization\",\"@id\":\"https:\\\/\\\/lospoliticosveracruz.com\\\/#organization\",\"name\":\"Los pol\u00edticos Veracruz\",\"url\":\"https:\\\/\\\/lospoliticosveracruz.com\\\/\",\"logo\":{\"@type\":\"ImageObject\",\"inLanguage\":\"es\",\"@id\":\"https:\\\/\\\/lospoliticosveracruz.com\\\/#\\\/schema\\\/logo\\\/image\\\/\",\"url\":\"https:\\\/\\\/lospoliticosveracruz.com\\\/wp-content\\\/uploads\\\/2025\\\/12\\\/Logo-Nuevo-LOS-POLITICOS-1.jpg\",\"contentUrl\":\"https:\\\/\\\/lospoliticosveracruz.com\\\/wp-content\\\/uploads\\\/2025\\\/12\\\/Logo-Nuevo-LOS-POLITICOS-1.jpg\",\"width\":260,\"height\":70,\"caption\":\"Los pol\u00edticos Veracruz\"},\"image\":{\"@id\":\"https:\\\/\\\/lospoliticosveracruz.com\\\/#\\\/schema\\\/logo\\\/image\\\/\"},\"sameAs\":[\"https:\\\/\\\/www.facebook.com\\\/people\\\/Notimemes-de-los-Polticos\\\/61565672886568\\\/\",\"https:\\\/\\\/x.com\\\/LosPoliticosVer\"]},{\"@type\":\"Person\",\"@id\":\"https:\\\/\\\/lospoliticosveracruz.com\\\/#\\\/schema\\\/person\\\/b8702bb0e538456e6efd07080bf2a4a2\",\"name\":\"Lo viste en Los Pol\u00edticos\",\"image\":{\"@type\":\"ImageObject\",\"inLanguage\":\"es\",\"@id\":\"https:\\\/\\\/secure.gravatar.com\\\/avatar\\\/3a8de04a2656d44082be478bd6c086daa447c4651605818287b9532d3d0bd435?s=96&d=mm&r=g\",\"url\":\"https:\\\/\\\/secure.gravatar.com\\\/avatar\\\/3a8de04a2656d44082be478bd6c086daa447c4651605818287b9532d3d0bd435?s=96&d=mm&r=g\",\"contentUrl\":\"https:\\\/\\\/secure.gravatar.com\\\/avatar\\\/3a8de04a2656d44082be478bd6c086daa447c4651605818287b9532d3d0bd435?s=96&d=mm&r=g\",\"caption\":\"Lo viste en Los Pol\u00edticos\"},\"url\":\"https:\\\/\\\/lospoliticosveracruz.com\\\/?author=2\"}]}<\/script>\n<!-- \/ Yoast SEO plugin. -->","yoast_head_json":{"title":"Noche de urgencias en el CEM - Los pol\u00edticos Veracruz","robots":{"index":"index","follow":"follow","max-snippet":"max-snippet:-1","max-image-preview":"max-image-preview:large","max-video-preview":"max-video-preview:-1"},"canonical":"https:\/\/lospoliticosveracruz.com\/?p=15124","og_locale":"es_ES","og_type":"article","og_title":"Noche de urgencias en el CEM - Los pol\u00edticos Veracruz","og_description":"Armando Ortiz El Hijo Pr\u00f3digo &nbsp; Nunca una llamada telef\u00f3nica despu\u00e9s de la medianoche es bienvenida. De modo que cuando recib\u00ed la llamada a la una de la ma\u00f1ana pens\u00e9 que no pod\u00edan ser buenas noticias. Resulta que mi sobrino, qui\u00e9n sabe que comi\u00f3, se empez\u00f3 a enronchar y me pidieron que lo llevara a [&hellip;]","og_url":"https:\/\/lospoliticosveracruz.com\/?p=15124","og_site_name":"Los pol\u00edticos Veracruz","article_publisher":"https:\/\/www.facebook.com\/people\/Notimemes-de-los-Polticos\/61565672886568\/","article_published_time":"2015-03-04T03:42:28+00:00","og_image":[{"url":"http:\/\/www.lospoliticosveracruz.com.mx\/wp-content\/uploads\/2015\/03\/CEM-Rafael-Lucio-300x161.jpg","type":"","width":"","height":""}],"author":"Lo viste en Los Pol\u00edticos","twitter_card":"summary_large_image","twitter_creator":"@LosPoliticosVer","twitter_site":"@LosPoliticosVer","twitter_misc":{"Escrito por":"Lo viste en Los Pol\u00edticos","Tiempo de lectura":"4 minutos"},"schema":{"@context":"https:\/\/schema.org","@graph":[{"@type":"Article","@id":"https:\/\/lospoliticosveracruz.com\/?p=15124#article","isPartOf":{"@id":"https:\/\/lospoliticosveracruz.com\/?p=15124"},"author":{"name":"Lo viste en Los Pol\u00edticos","@id":"https:\/\/lospoliticosveracruz.com\/#\/schema\/person\/b8702bb0e538456e6efd07080bf2a4a2"},"headline":"Noche de urgencias en el CEM","datePublished":"2015-03-04T03:42:28+00:00","mainEntityOfPage":{"@id":"https:\/\/lospoliticosveracruz.com\/?p=15124"},"wordCount":854,"commentCount":0,"publisher":{"@id":"https:\/\/lospoliticosveracruz.com\/#organization"},"image":{"@id":"https:\/\/lospoliticosveracruz.com\/?p=15124#primaryimage"},"thumbnailUrl":"http:\/\/www.lospoliticosveracruz.com.mx\/wp-content\/uploads\/2015\/03\/CEM-Rafael-Lucio-300x161.jpg","keywords":["Centro de Especialidades M\u00e9dicas","Leonel Bustos","Seguro Popular","Sistema de Protecci\u00f3n Social en Salud"],"articleSection":["De Opini\u00f3n"],"inLanguage":"es","potentialAction":[{"@type":"CommentAction","name":"Comment","target":["https:\/\/lospoliticosveracruz.com\/?p=15124#respond"]}]},{"@type":"WebPage","@id":"https:\/\/lospoliticosveracruz.com\/?p=15124","url":"https:\/\/lospoliticosveracruz.com\/?p=15124","name":"Noche de urgencias en el CEM - Los pol\u00edticos Veracruz","isPartOf":{"@id":"https:\/\/lospoliticosveracruz.com\/#website"},"primaryImageOfPage":{"@id":"https:\/\/lospoliticosveracruz.com\/?p=15124#primaryimage"},"image":{"@id":"https:\/\/lospoliticosveracruz.com\/?p=15124#primaryimage"},"thumbnailUrl":"http:\/\/www.lospoliticosveracruz.com.mx\/wp-content\/uploads\/2015\/03\/CEM-Rafael-Lucio-300x161.jpg","datePublished":"2015-03-04T03:42:28+00:00","breadcrumb":{"@id":"https:\/\/lospoliticosveracruz.com\/?p=15124#breadcrumb"},"inLanguage":"es","potentialAction":[{"@type":"ReadAction","target":["https:\/\/lospoliticosveracruz.com\/?p=15124"]}]},{"@type":"ImageObject","inLanguage":"es","@id":"https:\/\/lospoliticosveracruz.com\/?p=15124#primaryimage","url":"http:\/\/www.lospoliticosveracruz.com.mx\/wp-content\/uploads\/2015\/03\/CEM-Rafael-Lucio-300x161.jpg","contentUrl":"http:\/\/www.lospoliticosveracruz.com.mx\/wp-content\/uploads\/2015\/03\/CEM-Rafael-Lucio-300x161.jpg"},{"@type":"BreadcrumbList","@id":"https:\/\/lospoliticosveracruz.com\/?p=15124#breadcrumb","itemListElement":[{"@type":"ListItem","position":1,"name":"Portada","item":"https:\/\/lospoliticosveracruz.com\/"},{"@type":"ListItem","position":2,"name":"Noche de urgencias en el CEM"}]},{"@type":"WebSite","@id":"https:\/\/lospoliticosveracruz.com\/#website","url":"https:\/\/lospoliticosveracruz.com\/","name":"Los pol\u00edticos Veracruz","description":"","publisher":{"@id":"https:\/\/lospoliticosveracruz.com\/#organization"},"potentialAction":[{"@type":"SearchAction","target":{"@type":"EntryPoint","urlTemplate":"https:\/\/lospoliticosveracruz.com\/?s={search_term_string}"},"query-input":{"@type":"PropertyValueSpecification","valueRequired":true,"valueName":"search_term_string"}}],"inLanguage":"es"},{"@type":"Organization","@id":"https:\/\/lospoliticosveracruz.com\/#organization","name":"Los pol\u00edticos Veracruz","url":"https:\/\/lospoliticosveracruz.com\/","logo":{"@type":"ImageObject","inLanguage":"es","@id":"https:\/\/lospoliticosveracruz.com\/#\/schema\/logo\/image\/","url":"https:\/\/lospoliticosveracruz.com\/wp-content\/uploads\/2025\/12\/Logo-Nuevo-LOS-POLITICOS-1.jpg","contentUrl":"https:\/\/lospoliticosveracruz.com\/wp-content\/uploads\/2025\/12\/Logo-Nuevo-LOS-POLITICOS-1.jpg","width":260,"height":70,"caption":"Los pol\u00edticos Veracruz"},"image":{"@id":"https:\/\/lospoliticosveracruz.com\/#\/schema\/logo\/image\/"},"sameAs":["https:\/\/www.facebook.com\/people\/Notimemes-de-los-Polticos\/61565672886568\/","https:\/\/x.com\/LosPoliticosVer"]},{"@type":"Person","@id":"https:\/\/lospoliticosveracruz.com\/#\/schema\/person\/b8702bb0e538456e6efd07080bf2a4a2","name":"Lo viste en Los Pol\u00edticos","image":{"@type":"ImageObject","inLanguage":"es","@id":"https:\/\/secure.gravatar.com\/avatar\/3a8de04a2656d44082be478bd6c086daa447c4651605818287b9532d3d0bd435?s=96&d=mm&r=g","url":"https:\/\/secure.gravatar.com\/avatar\/3a8de04a2656d44082be478bd6c086daa447c4651605818287b9532d3d0bd435?s=96&d=mm&r=g","contentUrl":"https:\/\/secure.gravatar.com\/avatar\/3a8de04a2656d44082be478bd6c086daa447c4651605818287b9532d3d0bd435?s=96&d=mm&r=g","caption":"Lo viste en Los Pol\u00edticos"},"url":"https:\/\/lospoliticosveracruz.com\/?author=2"}]}},"_links":{"self":[{"href":"https:\/\/lospoliticosveracruz.com\/index.php?rest_route=\/wp\/v2\/posts\/15124","targetHints":{"allow":["GET"]}}],"collection":[{"href":"https:\/\/lospoliticosveracruz.com\/index.php?rest_route=\/wp\/v2\/posts"}],"about":[{"href":"https:\/\/lospoliticosveracruz.com\/index.php?rest_route=\/wp\/v2\/types\/post"}],"author":[{"embeddable":true,"href":"https:\/\/lospoliticosveracruz.com\/index.php?rest_route=\/wp\/v2\/users\/2"}],"replies":[{"embeddable":true,"href":"https:\/\/lospoliticosveracruz.com\/index.php?rest_route=%2Fwp%2Fv2%2Fcomments&post=15124"}],"version-history":[{"count":1,"href":"https:\/\/lospoliticosveracruz.com\/index.php?rest_route=\/wp\/v2\/posts\/15124\/revisions"}],"predecessor-version":[{"id":15126,"href":"https:\/\/lospoliticosveracruz.com\/index.php?rest_route=\/wp\/v2\/posts\/15124\/revisions\/15126"}],"wp:attachment":[{"href":"https:\/\/lospoliticosveracruz.com\/index.php?rest_route=%2Fwp%2Fv2%2Fmedia&parent=15124"}],"wp:term":[{"taxonomy":"category","embeddable":true,"href":"https:\/\/lospoliticosveracruz.com\/index.php?rest_route=%2Fwp%2Fv2%2Fcategories&post=15124"},{"taxonomy":"post_tag","embeddable":true,"href":"https:\/\/lospoliticosveracruz.com\/index.php?rest_route=%2Fwp%2Fv2%2Ftags&post=15124"}],"curies":[{"name":"wp","href":"https:\/\/api.w.org\/{rel}","templated":true}]}}