{"id":151277,"date":"2025-08-25T08:17:07","date_gmt":"2025-08-25T13:17:07","guid":{"rendered":"https:\/\/lospoliticosveracruz.com.mx\/?p=151277"},"modified":"2025-08-25T08:17:39","modified_gmt":"2025-08-25T13:17:39","slug":"oples-valen-la-pena","status":"publish","type":"post","link":"https:\/\/lospoliticosveracruz.com\/?p=151277","title":{"rendered":"OPLES, VALEN LA PENA?"},"content":{"rendered":"\n\n\n<p><br><strong>Fanny Y\u00e9pez<\/strong><br><em>La Columna<\/em><\/p>\n\n\n\n<p>Cuando muchos se preguntan si vale la pena que contin\u00faen operando los Organismos P\u00fablicos Locales Electorales, que en esencia cumplen las mismas labores que el INE, haciendo una duplicidad de funciones, otros solicitar\u00e1n que en la pr\u00f3xima reforma electoral se incluya la extinci\u00f3n de estos entes.<\/p>\n\n\n\n<p>Las razones son muy diversas, como denuncias por corrupci\u00f3n, p\u00e9rdida de confianza y gastos excesivos de operaci\u00f3n, que han sido se\u00f1aladas en reiteradas ocasiones, pero los directivos ah\u00ed se mantienen, al menos en el estado de Veracruz.<\/p>\n\n\n\n<p>Haciendo memoria recordamos que la consejera presidenta del Organismo P\u00fablico Local Electoral de Veracruz (OPLEV), Marisol Delgadillo Morales, fue se\u00f1alada de favorecer a una empresa, para recibir un contrato para monitoreo de medios durante el proceso electoral ordinario. Otra de las irregularidades que se le marco a la titular de este organismo electoral local fue el de obstaculizar el proceso de elecci\u00f3n de personas juzgadoras del estado.<\/p>\n\n\n\n<p>Otra m\u00e1s de las irregularidades que se detectaron fue que para la elecci\u00f3n municipal se exigieron estrictos est\u00e1ndares de calidad y seguridad, pero la presidenta del OPLEV elimin\u00f3 requisitos clave para la licitaci\u00f3n de boletas del proceso judicial, dejando un gran vac\u00edo que dej\u00f3 la puerta abierta a la opacidad y posibles irregularidades.<\/p>\n\n\n\n<p>En este an\u00e1lisis retrospectivo, los medios locales se\u00f1alaron que se quiso imprimir las boletas de la elecci\u00f3n de cargos judiciales en papel bond, lo que pondr\u00eda en riesgo la seguridad de la papeler\u00eda electoral oficial y la certeza misma de este proceso.<\/p>\n\n\n\n<p>Por otro lado, contra la subdirectora de Recursos Materiales del OPLEV, Amara Anaya Garc\u00eda, tambi\u00e9n pesan graves se\u00f1alamientos sobre irregularidades en los procesos de licitaci\u00f3n, llevados a cabo por el \u00f3rgano electoral en perjuicio de los participantes.<\/p>\n\n\n\n<p>Entre las empresas excluidas se encuentra An\u00e1lisis y Control de Medios, que hab\u00eda prestado el servicio al OPLEV en cuatro ocasiones previas y contaba con experiencia en otros estados. Esta decisi\u00f3n gener\u00f3 cuestionamientos sobre la transparencia del proceso y presuntas irregularidades en la selecci\u00f3n de los proveedores.<\/p>\n\n\n\n<p>En la licitaci\u00f3n p\u00fablica LPN\/OPLEV-21114001002-001\/2025, correspondiente al PREP, se acusa a Amara Anaya Garc\u00eda de permitir que la empresa Podernet S.A. presentara una propuesta econ\u00f3mica por 49 millones de pesos, a pesar de que no cumpl\u00eda con las bases establecidas en la convocatoria.<\/p>\n\n\n\n<p>En esta licitaci\u00f3n, las empresas participantes deb\u00edan demostrar experiencia en procesos electorales ordinarios, mediante la presentaci\u00f3n de al menos cinco contratos previos, pero Amara Anaya acept\u00f3 contratos extraordinarios como prueba de experiencia, en contra de lo estipulado en la normativa.<\/p>\n\n\n\n<p>Estos hechos ocurridos hace poco m\u00e1s de dos meses, recordamos que la p\u00e1gina oficial para conocer los resultados preliminares de la Elecci\u00f3n Judicial local de Veracruz \u2014celebrada el pasado 1 de junio\u2014, fue suspendida de manera definitiva, despu\u00e9s de presentar errores durante 36 horas desde su lanzamiento. Marisol Delgadillo Morales, consejera presidenta del Organismo P\u00fablico Local Electoral del Estado (OPLE), anunci\u00f3 que ahora un total de 24 millones de boletas ser\u00e1n contadas manualmente.<\/p>\n\n\n\n<p>Por todo ello y m\u00e1s, la Presidenta Claudia Sheinbaum ha puesto en duda la continuidad de los OPLES.<\/p>\n\n\n\n<p>La situaci\u00f3n econ\u00f3mica de estos organismos ha llegado a tal grado que el INE ha tenido que implementar un sem\u00e1foro de alarma para identificar aquellos institutos que m\u00e1s dificultades tienen para cumplir con su obligaci\u00f3n de organizar elecciones.<\/p>\n\n\n\n<p>A mitad del a\u00f1o, en el sem\u00e1foro del INE, dos entidades se encuentran en nivel alto (rojo), Zacatecas y Yucat\u00e1n, pues no han recibido ampliaciones presupuestales, por lo que el Instituto federal considera que est\u00e1 en riesgo su operatividad.<\/p>\n\n\n\n<p>En tanto, los OPLES de San Luis Potos\u00ed, Guerrero, Ciudad de M\u00e9xico y Veracruz est\u00e1n en un nivel medio (amarillo) de alerta, pues presentaron tambi\u00e9n peticiones de ampliaci\u00f3n presupuestal y a\u00fan no han obtenido respuesta.<\/p>\n\n\n\n<p>La Comisi\u00f3n de Vinculaci\u00f3n con los OPLES del INE, report\u00f3 que 24 de los 32 institutos electorales de los estados, sufrieron recortes entre el presupuesto total solicitado y el gasto finalmente aprobado en los Congresos locales para el 2025.<\/p>\n\n\n\n<p>Ahorcados presupuestalmente, los OPLES est\u00e1n en la mira de la Presidenta para desaparecerlos con la justificaci\u00f3n de que son caros para la democracia.<\/p>\n\n\n\n<p>Tan s\u00f3lo en 2025, el gasto operativo de los 32 \u00f3rganos electorales estatales es de 7 mil 588.6 millones de pesos y la elecci\u00f3n judicial en 19 entidades, que requiri\u00f3 ampliaciones presupuestales, que a rega\u00f1adientes otorgaron los gobiernos locales, cost\u00f3 2 mil 801 millones de pesos adicionales.<\/p>\n\n\n\n<p>El pasado 11 de agosto, la Presidenta lanz\u00f3 la pregunta que desde ahora confirma que est\u00e1n en vilo los OPLES, encargados de organizar las elecciones en las entidades federativas.<\/p>\n\n\n\n<p>\u201c\u00bfVale la pena que contin\u00faen?, \u00bfpara qu\u00e9 queremos tantos institutos locales, instituto federal, si ya hay casillas \u00fanicas, ya la fiscalizaci\u00f3n se hace de manera centralizada? Entonces, \u00bfqu\u00e9 caso tiene que haya instituciones locales?\u201d, cuestion\u00f3 la Mandataria en la instalaci\u00f3n de la Comisi\u00f3n Presidencial de la Reforma Electoral.<\/p>\n\n\n\n<p>Ah\u00ed est\u00e1n los resultados de ese tipo de instituciones que adem\u00e1s de los altos costos que representan, no han cumplido con los est\u00e1ndares de calidad que debieran tener, para ser considerados como los verdaderos \u00e1rbitros de las contiendas y su honestidad, equidad y transparencia ha quedado en entre dicho, con esos encuentros que hacen en lo oscurito con los involucrados en la petici\u00f3n del recuento de votos.<\/p>\n","protected":false},"excerpt":{"rendered":"<p>Fanny Y\u00e9pezLa Columna Cuando muchos se preguntan si vale la pena que contin\u00faen operando los Organismos P\u00fablicos Locales Electorales, que en esencia cumplen las mismas labores que el INE, haciendo una duplicidad de funciones, otros solicitar\u00e1n que en la pr\u00f3xima reforma electoral se incluya la extinci\u00f3n de estos entes. Las razones son muy diversas, como [&hellip;]<\/p>\n","protected":false},"author":2,"featured_media":141383,"comment_status":"closed","ping_status":"closed","sticky":false,"template":"","format":"standard","meta":{"tdm_status":"","tdm_grid_status":"","footnotes":""},"categories":[70],"tags":[34647,12446,195],"class_list":{"0":"post-151277","1":"post","2":"type-post","3":"status-publish","4":"format-standard","5":"has-post-thumbnail","7":"category-de-opinion","8":"tag-marisol-delgadillo-morales","9":"tag-ople-veracruz","10":"tag-veracruz"},"yoast_head":"<!-- This site is optimized with the Yoast SEO plugin v27.4 - https:\/\/yoast.com\/product\/yoast-seo-wordpress\/ -->\n<title>OPLES, VALEN LA PENA? - Los pol\u00edticos Veracruz<\/title>\n<meta name=\"robots\" content=\"index, follow, max-snippet:-1, max-image-preview:large, max-video-preview:-1\" \/>\n<link rel=\"canonical\" href=\"https:\/\/lospoliticosveracruz.com\/?p=151277\" \/>\n<meta property=\"og:locale\" content=\"es_ES\" \/>\n<meta property=\"og:type\" content=\"article\" \/>\n<meta property=\"og:title\" content=\"OPLES, VALEN LA PENA? - Los pol\u00edticos Veracruz\" \/>\n<meta property=\"og:description\" content=\"Fanny Y\u00e9pezLa Columna Cuando muchos se preguntan si vale la pena que contin\u00faen operando los Organismos P\u00fablicos Locales Electorales, que en esencia cumplen las mismas labores que el INE, haciendo una duplicidad de funciones, otros solicitar\u00e1n que en la pr\u00f3xima reforma electoral se incluya la extinci\u00f3n de estos entes. Las razones son muy diversas, como [&hellip;]\" \/>\n<meta property=\"og:url\" content=\"https:\/\/lospoliticosveracruz.com\/?p=151277\" \/>\n<meta property=\"og:site_name\" content=\"Los pol\u00edticos Veracruz\" \/>\n<meta property=\"article:publisher\" content=\"https:\/\/www.facebook.com\/people\/Notimemes-de-los-Polticos\/61565672886568\/\" \/>\n<meta property=\"article:published_time\" content=\"2025-08-25T13:17:07+00:00\" \/>\n<meta property=\"article:modified_time\" content=\"2025-08-25T13:17:39+00:00\" \/>\n<meta property=\"og:image\" content=\"https:\/\/lospoliticosveracruz.com\/wp-content\/uploads\/2025\/04\/Fanny-Yepez-Luna-e1768657334923.jpg\" \/>\n\t<meta property=\"og:image:width\" content=\"600\" \/>\n\t<meta property=\"og:image:height\" content=\"320\" \/>\n\t<meta property=\"og:image:type\" content=\"image\/jpeg\" \/>\n<meta name=\"author\" content=\"Lo viste en Los Pol\u00edticos\" \/>\n<meta name=\"twitter:card\" content=\"summary_large_image\" \/>\n<meta name=\"twitter:creator\" content=\"@LosPoliticosVer\" \/>\n<meta name=\"twitter:site\" content=\"@LosPoliticosVer\" \/>\n<meta name=\"twitter:label1\" content=\"Escrito por\" \/>\n\t<meta name=\"twitter:data1\" content=\"Lo viste en Los Pol\u00edticos\" \/>\n\t<meta name=\"twitter:label2\" content=\"Tiempo de lectura\" \/>\n\t<meta name=\"twitter:data2\" content=\"5 minutos\" \/>\n<script type=\"application\/ld+json\" class=\"yoast-schema-graph\">{\"@context\":\"https:\\\/\\\/schema.org\",\"@graph\":[{\"@type\":\"Article\",\"@id\":\"https:\\\/\\\/lospoliticosveracruz.com\\\/?p=151277#article\",\"isPartOf\":{\"@id\":\"https:\\\/\\\/lospoliticosveracruz.com\\\/?p=151277\"},\"author\":{\"name\":\"Lo viste en Los Pol\u00edticos\",\"@id\":\"https:\\\/\\\/lospoliticosveracruz.com\\\/#\\\/schema\\\/person\\\/b8702bb0e538456e6efd07080bf2a4a2\"},\"headline\":\"OPLES, VALEN LA PENA?\",\"datePublished\":\"2025-08-25T13:17:07+00:00\",\"dateModified\":\"2025-08-25T13:17:39+00:00\",\"mainEntityOfPage\":{\"@id\":\"https:\\\/\\\/lospoliticosveracruz.com\\\/?p=151277\"},\"wordCount\":939,\"publisher\":{\"@id\":\"https:\\\/\\\/lospoliticosveracruz.com\\\/#organization\"},\"image\":{\"@id\":\"https:\\\/\\\/lospoliticosveracruz.com\\\/?p=151277#primaryimage\"},\"thumbnailUrl\":\"https:\\\/\\\/lospoliticosveracruz.com\\\/wp-content\\\/uploads\\\/2025\\\/04\\\/Fanny-Yepez-Luna-e1768657334923.jpg\",\"keywords\":[\"Marisol Delgadillo Morales\",\"OPLE Veracruz\",\"Veracruz\"],\"articleSection\":[\"De Opini\u00f3n\"],\"inLanguage\":\"es\"},{\"@type\":\"WebPage\",\"@id\":\"https:\\\/\\\/lospoliticosveracruz.com\\\/?p=151277\",\"url\":\"https:\\\/\\\/lospoliticosveracruz.com\\\/?p=151277\",\"name\":\"OPLES, VALEN LA PENA? - Los pol\u00edticos Veracruz\",\"isPartOf\":{\"@id\":\"https:\\\/\\\/lospoliticosveracruz.com\\\/#website\"},\"primaryImageOfPage\":{\"@id\":\"https:\\\/\\\/lospoliticosveracruz.com\\\/?p=151277#primaryimage\"},\"image\":{\"@id\":\"https:\\\/\\\/lospoliticosveracruz.com\\\/?p=151277#primaryimage\"},\"thumbnailUrl\":\"https:\\\/\\\/lospoliticosveracruz.com\\\/wp-content\\\/uploads\\\/2025\\\/04\\\/Fanny-Yepez-Luna-e1768657334923.jpg\",\"datePublished\":\"2025-08-25T13:17:07+00:00\",\"dateModified\":\"2025-08-25T13:17:39+00:00\",\"breadcrumb\":{\"@id\":\"https:\\\/\\\/lospoliticosveracruz.com\\\/?p=151277#breadcrumb\"},\"inLanguage\":\"es\",\"potentialAction\":[{\"@type\":\"ReadAction\",\"target\":[\"https:\\\/\\\/lospoliticosveracruz.com\\\/?p=151277\"]}]},{\"@type\":\"ImageObject\",\"inLanguage\":\"es\",\"@id\":\"https:\\\/\\\/lospoliticosveracruz.com\\\/?p=151277#primaryimage\",\"url\":\"https:\\\/\\\/lospoliticosveracruz.com\\\/wp-content\\\/uploads\\\/2025\\\/04\\\/Fanny-Yepez-Luna-e1768657334923.jpg\",\"contentUrl\":\"https:\\\/\\\/lospoliticosveracruz.com\\\/wp-content\\\/uploads\\\/2025\\\/04\\\/Fanny-Yepez-Luna-e1768657334923.jpg\",\"width\":600,\"height\":320},{\"@type\":\"BreadcrumbList\",\"@id\":\"https:\\\/\\\/lospoliticosveracruz.com\\\/?p=151277#breadcrumb\",\"itemListElement\":[{\"@type\":\"ListItem\",\"position\":1,\"name\":\"Portada\",\"item\":\"https:\\\/\\\/lospoliticosveracruz.com\\\/\"},{\"@type\":\"ListItem\",\"position\":2,\"name\":\"OPLES, VALEN LA PENA?\"}]},{\"@type\":\"WebSite\",\"@id\":\"https:\\\/\\\/lospoliticosveracruz.com\\\/#website\",\"url\":\"https:\\\/\\\/lospoliticosveracruz.com\\\/\",\"name\":\"Los pol\u00edticos Veracruz\",\"description\":\"\",\"publisher\":{\"@id\":\"https:\\\/\\\/lospoliticosveracruz.com\\\/#organization\"},\"potentialAction\":[{\"@type\":\"SearchAction\",\"target\":{\"@type\":\"EntryPoint\",\"urlTemplate\":\"https:\\\/\\\/lospoliticosveracruz.com\\\/?s={search_term_string}\"},\"query-input\":{\"@type\":\"PropertyValueSpecification\",\"valueRequired\":true,\"valueName\":\"search_term_string\"}}],\"inLanguage\":\"es\"},{\"@type\":\"Organization\",\"@id\":\"https:\\\/\\\/lospoliticosveracruz.com\\\/#organization\",\"name\":\"Los pol\u00edticos Veracruz\",\"url\":\"https:\\\/\\\/lospoliticosveracruz.com\\\/\",\"logo\":{\"@type\":\"ImageObject\",\"inLanguage\":\"es\",\"@id\":\"https:\\\/\\\/lospoliticosveracruz.com\\\/#\\\/schema\\\/logo\\\/image\\\/\",\"url\":\"https:\\\/\\\/lospoliticosveracruz.com\\\/wp-content\\\/uploads\\\/2025\\\/12\\\/Logo-Nuevo-LOS-POLITICOS-1.jpg\",\"contentUrl\":\"https:\\\/\\\/lospoliticosveracruz.com\\\/wp-content\\\/uploads\\\/2025\\\/12\\\/Logo-Nuevo-LOS-POLITICOS-1.jpg\",\"width\":260,\"height\":70,\"caption\":\"Los pol\u00edticos Veracruz\"},\"image\":{\"@id\":\"https:\\\/\\\/lospoliticosveracruz.com\\\/#\\\/schema\\\/logo\\\/image\\\/\"},\"sameAs\":[\"https:\\\/\\\/www.facebook.com\\\/people\\\/Notimemes-de-los-Polticos\\\/61565672886568\\\/\",\"https:\\\/\\\/x.com\\\/LosPoliticosVer\"]},{\"@type\":\"Person\",\"@id\":\"https:\\\/\\\/lospoliticosveracruz.com\\\/#\\\/schema\\\/person\\\/b8702bb0e538456e6efd07080bf2a4a2\",\"name\":\"Lo viste en Los Pol\u00edticos\",\"image\":{\"@type\":\"ImageObject\",\"inLanguage\":\"es\",\"@id\":\"https:\\\/\\\/secure.gravatar.com\\\/avatar\\\/3a8de04a2656d44082be478bd6c086daa447c4651605818287b9532d3d0bd435?s=96&d=mm&r=g\",\"url\":\"https:\\\/\\\/secure.gravatar.com\\\/avatar\\\/3a8de04a2656d44082be478bd6c086daa447c4651605818287b9532d3d0bd435?s=96&d=mm&r=g\",\"contentUrl\":\"https:\\\/\\\/secure.gravatar.com\\\/avatar\\\/3a8de04a2656d44082be478bd6c086daa447c4651605818287b9532d3d0bd435?s=96&d=mm&r=g\",\"caption\":\"Lo viste en Los Pol\u00edticos\"},\"url\":\"https:\\\/\\\/lospoliticosveracruz.com\\\/?author=2\"}]}<\/script>\n<!-- \/ Yoast SEO plugin. -->","yoast_head_json":{"title":"OPLES, VALEN LA PENA? - Los pol\u00edticos Veracruz","robots":{"index":"index","follow":"follow","max-snippet":"max-snippet:-1","max-image-preview":"max-image-preview:large","max-video-preview":"max-video-preview:-1"},"canonical":"https:\/\/lospoliticosveracruz.com\/?p=151277","og_locale":"es_ES","og_type":"article","og_title":"OPLES, VALEN LA PENA? - Los pol\u00edticos Veracruz","og_description":"Fanny Y\u00e9pezLa Columna Cuando muchos se preguntan si vale la pena que contin\u00faen operando los Organismos P\u00fablicos Locales Electorales, que en esencia cumplen las mismas labores que el INE, haciendo una duplicidad de funciones, otros solicitar\u00e1n que en la pr\u00f3xima reforma electoral se incluya la extinci\u00f3n de estos entes. Las razones son muy diversas, como [&hellip;]","og_url":"https:\/\/lospoliticosveracruz.com\/?p=151277","og_site_name":"Los pol\u00edticos Veracruz","article_publisher":"https:\/\/www.facebook.com\/people\/Notimemes-de-los-Polticos\/61565672886568\/","article_published_time":"2025-08-25T13:17:07+00:00","article_modified_time":"2025-08-25T13:17:39+00:00","og_image":[{"width":600,"height":320,"url":"https:\/\/lospoliticosveracruz.com\/wp-content\/uploads\/2025\/04\/Fanny-Yepez-Luna-e1768657334923.jpg","type":"image\/jpeg"}],"author":"Lo viste en Los Pol\u00edticos","twitter_card":"summary_large_image","twitter_creator":"@LosPoliticosVer","twitter_site":"@LosPoliticosVer","twitter_misc":{"Escrito por":"Lo viste en Los Pol\u00edticos","Tiempo de lectura":"5 minutos"},"schema":{"@context":"https:\/\/schema.org","@graph":[{"@type":"Article","@id":"https:\/\/lospoliticosveracruz.com\/?p=151277#article","isPartOf":{"@id":"https:\/\/lospoliticosveracruz.com\/?p=151277"},"author":{"name":"Lo viste en Los Pol\u00edticos","@id":"https:\/\/lospoliticosveracruz.com\/#\/schema\/person\/b8702bb0e538456e6efd07080bf2a4a2"},"headline":"OPLES, VALEN LA PENA?","datePublished":"2025-08-25T13:17:07+00:00","dateModified":"2025-08-25T13:17:39+00:00","mainEntityOfPage":{"@id":"https:\/\/lospoliticosveracruz.com\/?p=151277"},"wordCount":939,"publisher":{"@id":"https:\/\/lospoliticosveracruz.com\/#organization"},"image":{"@id":"https:\/\/lospoliticosveracruz.com\/?p=151277#primaryimage"},"thumbnailUrl":"https:\/\/lospoliticosveracruz.com\/wp-content\/uploads\/2025\/04\/Fanny-Yepez-Luna-e1768657334923.jpg","keywords":["Marisol Delgadillo Morales","OPLE Veracruz","Veracruz"],"articleSection":["De Opini\u00f3n"],"inLanguage":"es"},{"@type":"WebPage","@id":"https:\/\/lospoliticosveracruz.com\/?p=151277","url":"https:\/\/lospoliticosveracruz.com\/?p=151277","name":"OPLES, VALEN LA PENA? - Los pol\u00edticos Veracruz","isPartOf":{"@id":"https:\/\/lospoliticosveracruz.com\/#website"},"primaryImageOfPage":{"@id":"https:\/\/lospoliticosveracruz.com\/?p=151277#primaryimage"},"image":{"@id":"https:\/\/lospoliticosveracruz.com\/?p=151277#primaryimage"},"thumbnailUrl":"https:\/\/lospoliticosveracruz.com\/wp-content\/uploads\/2025\/04\/Fanny-Yepez-Luna-e1768657334923.jpg","datePublished":"2025-08-25T13:17:07+00:00","dateModified":"2025-08-25T13:17:39+00:00","breadcrumb":{"@id":"https:\/\/lospoliticosveracruz.com\/?p=151277#breadcrumb"},"inLanguage":"es","potentialAction":[{"@type":"ReadAction","target":["https:\/\/lospoliticosveracruz.com\/?p=151277"]}]},{"@type":"ImageObject","inLanguage":"es","@id":"https:\/\/lospoliticosveracruz.com\/?p=151277#primaryimage","url":"https:\/\/lospoliticosveracruz.com\/wp-content\/uploads\/2025\/04\/Fanny-Yepez-Luna-e1768657334923.jpg","contentUrl":"https:\/\/lospoliticosveracruz.com\/wp-content\/uploads\/2025\/04\/Fanny-Yepez-Luna-e1768657334923.jpg","width":600,"height":320},{"@type":"BreadcrumbList","@id":"https:\/\/lospoliticosveracruz.com\/?p=151277#breadcrumb","itemListElement":[{"@type":"ListItem","position":1,"name":"Portada","item":"https:\/\/lospoliticosveracruz.com\/"},{"@type":"ListItem","position":2,"name":"OPLES, VALEN LA PENA?"}]},{"@type":"WebSite","@id":"https:\/\/lospoliticosveracruz.com\/#website","url":"https:\/\/lospoliticosveracruz.com\/","name":"Los pol\u00edticos Veracruz","description":"","publisher":{"@id":"https:\/\/lospoliticosveracruz.com\/#organization"},"potentialAction":[{"@type":"SearchAction","target":{"@type":"EntryPoint","urlTemplate":"https:\/\/lospoliticosveracruz.com\/?s={search_term_string}"},"query-input":{"@type":"PropertyValueSpecification","valueRequired":true,"valueName":"search_term_string"}}],"inLanguage":"es"},{"@type":"Organization","@id":"https:\/\/lospoliticosveracruz.com\/#organization","name":"Los pol\u00edticos Veracruz","url":"https:\/\/lospoliticosveracruz.com\/","logo":{"@type":"ImageObject","inLanguage":"es","@id":"https:\/\/lospoliticosveracruz.com\/#\/schema\/logo\/image\/","url":"https:\/\/lospoliticosveracruz.com\/wp-content\/uploads\/2025\/12\/Logo-Nuevo-LOS-POLITICOS-1.jpg","contentUrl":"https:\/\/lospoliticosveracruz.com\/wp-content\/uploads\/2025\/12\/Logo-Nuevo-LOS-POLITICOS-1.jpg","width":260,"height":70,"caption":"Los pol\u00edticos Veracruz"},"image":{"@id":"https:\/\/lospoliticosveracruz.com\/#\/schema\/logo\/image\/"},"sameAs":["https:\/\/www.facebook.com\/people\/Notimemes-de-los-Polticos\/61565672886568\/","https:\/\/x.com\/LosPoliticosVer"]},{"@type":"Person","@id":"https:\/\/lospoliticosveracruz.com\/#\/schema\/person\/b8702bb0e538456e6efd07080bf2a4a2","name":"Lo viste en Los Pol\u00edticos","image":{"@type":"ImageObject","inLanguage":"es","@id":"https:\/\/secure.gravatar.com\/avatar\/3a8de04a2656d44082be478bd6c086daa447c4651605818287b9532d3d0bd435?s=96&d=mm&r=g","url":"https:\/\/secure.gravatar.com\/avatar\/3a8de04a2656d44082be478bd6c086daa447c4651605818287b9532d3d0bd435?s=96&d=mm&r=g","contentUrl":"https:\/\/secure.gravatar.com\/avatar\/3a8de04a2656d44082be478bd6c086daa447c4651605818287b9532d3d0bd435?s=96&d=mm&r=g","caption":"Lo viste en Los Pol\u00edticos"},"url":"https:\/\/lospoliticosveracruz.com\/?author=2"}]}},"_links":{"self":[{"href":"https:\/\/lospoliticosveracruz.com\/index.php?rest_route=\/wp\/v2\/posts\/151277","targetHints":{"allow":["GET"]}}],"collection":[{"href":"https:\/\/lospoliticosveracruz.com\/index.php?rest_route=\/wp\/v2\/posts"}],"about":[{"href":"https:\/\/lospoliticosveracruz.com\/index.php?rest_route=\/wp\/v2\/types\/post"}],"author":[{"embeddable":true,"href":"https:\/\/lospoliticosveracruz.com\/index.php?rest_route=\/wp\/v2\/users\/2"}],"replies":[{"embeddable":true,"href":"https:\/\/lospoliticosveracruz.com\/index.php?rest_route=%2Fwp%2Fv2%2Fcomments&post=151277"}],"version-history":[{"count":2,"href":"https:\/\/lospoliticosveracruz.com\/index.php?rest_route=\/wp\/v2\/posts\/151277\/revisions"}],"predecessor-version":[{"id":151279,"href":"https:\/\/lospoliticosveracruz.com\/index.php?rest_route=\/wp\/v2\/posts\/151277\/revisions\/151279"}],"wp:featuredmedia":[{"embeddable":true,"href":"https:\/\/lospoliticosveracruz.com\/index.php?rest_route=\/wp\/v2\/media\/141383"}],"wp:attachment":[{"href":"https:\/\/lospoliticosveracruz.com\/index.php?rest_route=%2Fwp%2Fv2%2Fmedia&parent=151277"}],"wp:term":[{"taxonomy":"category","embeddable":true,"href":"https:\/\/lospoliticosveracruz.com\/index.php?rest_route=%2Fwp%2Fv2%2Fcategories&post=151277"},{"taxonomy":"post_tag","embeddable":true,"href":"https:\/\/lospoliticosveracruz.com\/index.php?rest_route=%2Fwp%2Fv2%2Ftags&post=151277"}],"curies":[{"name":"wp","href":"https:\/\/api.w.org\/{rel}","templated":true}]}}