{"id":151352,"date":"2025-08-26T06:28:38","date_gmt":"2025-08-26T11:28:38","guid":{"rendered":"https:\/\/lospoliticosveracruz.com.mx\/?p=151352"},"modified":"2025-08-26T06:28:54","modified_gmt":"2025-08-26T11:28:54","slug":"inversion-extranjera-directa-2025","status":"publish","type":"post","link":"https:\/\/lospoliticosveracruz.com\/?p=151352","title":{"rendered":"INVERSI\u00d3N EXTRANJERA DIRECTA 2025"},"content":{"rendered":"\n\n\n<p><strong>Carlos Miguel Acosta Bravo<\/strong><\/p>\n\n\n\n<p><em>Impronta<\/em> <\/p>\n\n\n\n<p>En el primer semestre de 2025, M\u00e9xico capt\u00f3 un r\u00e9cord hist\u00f3rico de&nbsp;<strong>34,265 millones de d\u00f3lares<\/strong>&nbsp;en IED, cifra que represent\u00f3 un aumento del 10.2% respecto al mismo periodo de 2024 (31,096 millones de d\u00f3lares).<\/p>\n\n\n\n<p>Las nuevas inversiones crecieron un&nbsp;<strong>246%<\/strong>&nbsp;en comparaci\u00f3n con 2024, alcanzando 3,149 millones de d\u00f3lares, su mayor nivel en 12 a\u00f1os. La reinversi\u00f3n de utilidades constituy\u00f3 el 84.4% del total de IED registrado.<\/p>\n\n\n\n<p>Para el a\u00f1o fiscal 2024, la IED fue de aproximadamente&nbsp;<strong>36,872 millones de d\u00f3lares<\/strong>, superando en 2.3% a 2023. En 2023 la IED ya hab\u00eda aumentado ligeramente frente a 2022.<\/p>\n\n\n\n<p>El Banco de M\u00e9xico y expertos financieros han advertido que la reforma judicial genera&nbsp;<strong>incertidumbre<\/strong>&nbsp;que puede afectar las decisiones de inversi\u00f3n extranjera, debido a posibles dudas sobre la autonom\u00eda e independencia judicial.<\/p>\n\n\n\n<p>La falta de certeza en el sistema judicial puede influir negativamente en la percepci\u00f3n de M\u00e9xico como destino de inversi\u00f3n, retrasando algunos proyectos o generando cautela.<\/p>\n\n\n\n<p>Sin embargo, la firma de tratados comerciales, estabilidad macroecon\u00f3mica y reformas complementarias han contribuido a mantener niveles r\u00e9cord de IED pese a esa incertidumbre.<\/p>\n\n\n\n<p>La pol\u00edtica arancelaria de Trump agreg\u00f3 un factor de riesgo y paus\u00f3 ciertas inversiones a corto plazo, especialmente en sectores automotriz y manufacturero.<\/p>\n\n\n\n<p>No obstante, la exclusi\u00f3n de M\u00e9xico de tarifas rec\u00edprocas a \u00faltimo momento alivi\u00f3 el panorama e incentiv\u00f3 el nearshoring, la relocalizaci\u00f3n de empresas a M\u00e9xico, impulsando nuevamente flujos de IED en sectores estrat\u00e9gicos.<\/p>\n\n\n\n<p>La incertidumbre generada fue mitigada parcialmente por la percepci\u00f3n de M\u00e9xico como plataforma clave para exportaciones y producci\u00f3n hacia EE. UU.<\/p>\n\n\n\n<p>Este flujo ascendente de inversi\u00f3n china se ha mantenido pese a la guerra comercial con EE. UU., dada la complementariedad industrial y estrat\u00e9gica geogr\u00e1fica de M\u00e9xico.<\/p>\n\n\n\n<p>La inversi\u00f3n china en M\u00e9xico<strong>&nbsp;<\/strong>ha&nbsp;crecido&nbsp;<strong>46%<\/strong>&nbsp;desde 2023, alcanzando aproximadamente&nbsp;<strong>11,890 millones de d\u00f3lares<\/strong>&nbsp;al primer trimestre de 2025, consolid\u00e1ndose como la segunda fuente de IED despu\u00e9s de Estados Unidos.<\/p>\n\n\n\n<p>China ha apostado por sectores estrat\u00e9gicos como movilidad&nbsp;el\u00e9ctrica, autopartes, manufactura avanzada y tecnolog\u00eda, complementando la industria mexicana para atender la demanda estadounidense bajo reglas del T-MEC.<\/p>\n\n\n\n<p>Respecto a la incertidumbre por la reforma al Poder Judicial, el Banco de M\u00e9xico advierte que genera dudas sobre la autonom\u00eda judicial, lo que podr\u00eda afectar inversiones futuras y hacer que los empresarios act\u00faen con cautela. Sin embargo, hasta ahora la estabilidad macroecon\u00f3mica y tratados comerciales han sostenido r\u00e9cords de IED pese a esa incertidumbre.<\/p>\n\n\n\n<p>Los aranceles de Trump representaron un freno temporal en sectores clave como el automotriz, pero la exclusi\u00f3n de M\u00e9xico de tarifas rec\u00edprocas alivi\u00f3 tensiones y favoreci\u00f3 la estrategia de nearshoring, impulsando proyectos de inversi\u00f3n.<\/p>\n\n\n\n<p>En conjunto, M\u00e9xico ha logrado r\u00e9cords hist\u00f3ricos en captaci\u00f3n de IED en 2024-2025, superando desaf\u00edos como la reforma judicial y tensiones comerciales, con un papel creciente de la inversi\u00f3n china y un impulso&nbsp;renovado del nearshoring. Esto refleja confianza en su potencial econ\u00f3mico y su papel estrat\u00e9gico en cadenas globales de valor.<\/p>\n\n\n\n<p>M\u00e9xico vive una etapa r\u00e9cord en la captaci\u00f3n de inversi\u00f3n extranjera, con un desempe\u00f1o s\u00f3lido en 2024-2025 a pesar de la reforma judicial y la tensi\u00f3n comercial con EE. UU. La inversi\u00f3n china juega un papel cada vez m\u00e1s relevante, y la econom\u00eda mexicana se beneficia del nearshoring y la diversificaci\u00f3n de flujos externos.<\/p>\n\n\n\n<p>Comente u opine a:<\/p>\n\n\n\n<p><a href=\"mailto:cacostabravo@yahoo.com.mx\">cacostabravo@yahoo.com.mx<\/a><\/p>\n\n\n\n<p>*Maestro en comunicaci\u00f3n por la Universidad Iberoamericana, de la cual form\u00f3 parte del cuerpo acad\u00e9mico de la Licenciatura en Comunicaci\u00f3n, as\u00ed como de la Universidad&nbsp;An\u00e1huac, camp\u00fas Norte de la CDMX.<\/p>\n","protected":false},"excerpt":{"rendered":"<p>Carlos Miguel Acosta Bravo Impronta En el primer semestre de 2025, M\u00e9xico capt\u00f3 un r\u00e9cord hist\u00f3rico de&nbsp;34,265 millones de d\u00f3lares&nbsp;en IED, cifra que represent\u00f3 un aumento del 10.2% respecto al mismo periodo de 2024 (31,096 millones de d\u00f3lares). Las nuevas inversiones crecieron un&nbsp;246%&nbsp;en comparaci\u00f3n con 2024, alcanzando 3,149 millones de d\u00f3lares, su mayor nivel en [&hellip;]<\/p>\n","protected":false},"author":2,"featured_media":141377,"comment_status":"closed","ping_status":"closed","sticky":false,"template":"","format":"standard","meta":{"tdm_status":"","tdm_grid_status":"","footnotes":""},"categories":[70],"tags":[],"class_list":{"0":"post-151352","1":"post","2":"type-post","3":"status-publish","4":"format-standard","5":"has-post-thumbnail","7":"category-de-opinion"},"yoast_head":"<!-- This site is optimized with the Yoast SEO plugin v27.4 - https:\/\/yoast.com\/product\/yoast-seo-wordpress\/ -->\n<title>INVERSI\u00d3N EXTRANJERA DIRECTA 2025 - Los pol\u00edticos Veracruz<\/title>\n<meta name=\"robots\" content=\"index, follow, max-snippet:-1, max-image-preview:large, max-video-preview:-1\" \/>\n<link rel=\"canonical\" href=\"https:\/\/lospoliticosveracruz.com\/?p=151352\" \/>\n<meta property=\"og:locale\" content=\"es_ES\" \/>\n<meta property=\"og:type\" content=\"article\" \/>\n<meta property=\"og:title\" content=\"INVERSI\u00d3N EXTRANJERA DIRECTA 2025 - Los pol\u00edticos Veracruz\" \/>\n<meta property=\"og:description\" content=\"Carlos Miguel Acosta Bravo Impronta En el primer semestre de 2025, M\u00e9xico capt\u00f3 un r\u00e9cord hist\u00f3rico de&nbsp;34,265 millones de d\u00f3lares&nbsp;en IED, cifra que represent\u00f3 un aumento del 10.2% respecto al mismo periodo de 2024 (31,096 millones de d\u00f3lares). Las nuevas inversiones crecieron un&nbsp;246%&nbsp;en comparaci\u00f3n con 2024, alcanzando 3,149 millones de d\u00f3lares, su mayor nivel en [&hellip;]\" \/>\n<meta property=\"og:url\" content=\"https:\/\/lospoliticosveracruz.com\/?p=151352\" \/>\n<meta property=\"og:site_name\" content=\"Los pol\u00edticos Veracruz\" \/>\n<meta property=\"article:publisher\" content=\"https:\/\/www.facebook.com\/people\/Notimemes-de-los-Polticos\/61565672886568\/\" \/>\n<meta property=\"article:published_time\" content=\"2025-08-26T11:28:38+00:00\" \/>\n<meta property=\"article:modified_time\" content=\"2025-08-26T11:28:54+00:00\" \/>\n<meta property=\"og:image\" content=\"https:\/\/lospoliticosveracruz.com\/wp-content\/uploads\/2025\/04\/Carlos-Miguel-Acosta-Bravo.jpg\" \/>\n\t<meta property=\"og:image:width\" content=\"1250\" \/>\n\t<meta property=\"og:image:height\" content=\"667\" \/>\n\t<meta property=\"og:image:type\" content=\"image\/jpeg\" \/>\n<meta name=\"author\" content=\"Lo viste en Los Pol\u00edticos\" \/>\n<meta name=\"twitter:card\" content=\"summary_large_image\" \/>\n<meta name=\"twitter:creator\" content=\"@LosPoliticosVer\" \/>\n<meta name=\"twitter:site\" content=\"@LosPoliticosVer\" \/>\n<meta name=\"twitter:label1\" content=\"Escrito por\" \/>\n\t<meta name=\"twitter:data1\" content=\"Lo viste en Los Pol\u00edticos\" \/>\n\t<meta name=\"twitter:label2\" content=\"Tiempo de lectura\" \/>\n\t<meta name=\"twitter:data2\" content=\"3 minutos\" \/>\n<script type=\"application\/ld+json\" class=\"yoast-schema-graph\">{\"@context\":\"https:\\\/\\\/schema.org\",\"@graph\":[{\"@type\":\"Article\",\"@id\":\"https:\\\/\\\/lospoliticosveracruz.com\\\/?p=151352#article\",\"isPartOf\":{\"@id\":\"https:\\\/\\\/lospoliticosveracruz.com\\\/?p=151352\"},\"author\":{\"name\":\"Lo viste en Los Pol\u00edticos\",\"@id\":\"https:\\\/\\\/lospoliticosveracruz.com\\\/#\\\/schema\\\/person\\\/b8702bb0e538456e6efd07080bf2a4a2\"},\"headline\":\"INVERSI\u00d3N EXTRANJERA DIRECTA 2025\",\"datePublished\":\"2025-08-26T11:28:38+00:00\",\"dateModified\":\"2025-08-26T11:28:54+00:00\",\"mainEntityOfPage\":{\"@id\":\"https:\\\/\\\/lospoliticosveracruz.com\\\/?p=151352\"},\"wordCount\":658,\"publisher\":{\"@id\":\"https:\\\/\\\/lospoliticosveracruz.com\\\/#organization\"},\"image\":{\"@id\":\"https:\\\/\\\/lospoliticosveracruz.com\\\/?p=151352#primaryimage\"},\"thumbnailUrl\":\"https:\\\/\\\/lospoliticosveracruz.com\\\/wp-content\\\/uploads\\\/2025\\\/04\\\/Carlos-Miguel-Acosta-Bravo.jpg\",\"articleSection\":[\"De Opini\u00f3n\"],\"inLanguage\":\"es\"},{\"@type\":\"WebPage\",\"@id\":\"https:\\\/\\\/lospoliticosveracruz.com\\\/?p=151352\",\"url\":\"https:\\\/\\\/lospoliticosveracruz.com\\\/?p=151352\",\"name\":\"INVERSI\u00d3N EXTRANJERA DIRECTA 2025 - Los pol\u00edticos Veracruz\",\"isPartOf\":{\"@id\":\"https:\\\/\\\/lospoliticosveracruz.com\\\/#website\"},\"primaryImageOfPage\":{\"@id\":\"https:\\\/\\\/lospoliticosveracruz.com\\\/?p=151352#primaryimage\"},\"image\":{\"@id\":\"https:\\\/\\\/lospoliticosveracruz.com\\\/?p=151352#primaryimage\"},\"thumbnailUrl\":\"https:\\\/\\\/lospoliticosveracruz.com\\\/wp-content\\\/uploads\\\/2025\\\/04\\\/Carlos-Miguel-Acosta-Bravo.jpg\",\"datePublished\":\"2025-08-26T11:28:38+00:00\",\"dateModified\":\"2025-08-26T11:28:54+00:00\",\"breadcrumb\":{\"@id\":\"https:\\\/\\\/lospoliticosveracruz.com\\\/?p=151352#breadcrumb\"},\"inLanguage\":\"es\",\"potentialAction\":[{\"@type\":\"ReadAction\",\"target\":[\"https:\\\/\\\/lospoliticosveracruz.com\\\/?p=151352\"]}]},{\"@type\":\"ImageObject\",\"inLanguage\":\"es\",\"@id\":\"https:\\\/\\\/lospoliticosveracruz.com\\\/?p=151352#primaryimage\",\"url\":\"https:\\\/\\\/lospoliticosveracruz.com\\\/wp-content\\\/uploads\\\/2025\\\/04\\\/Carlos-Miguel-Acosta-Bravo.jpg\",\"contentUrl\":\"https:\\\/\\\/lospoliticosveracruz.com\\\/wp-content\\\/uploads\\\/2025\\\/04\\\/Carlos-Miguel-Acosta-Bravo.jpg\",\"width\":1250,\"height\":667},{\"@type\":\"BreadcrumbList\",\"@id\":\"https:\\\/\\\/lospoliticosveracruz.com\\\/?p=151352#breadcrumb\",\"itemListElement\":[{\"@type\":\"ListItem\",\"position\":1,\"name\":\"Portada\",\"item\":\"https:\\\/\\\/lospoliticosveracruz.com\\\/\"},{\"@type\":\"ListItem\",\"position\":2,\"name\":\"INVERSI\u00d3N EXTRANJERA DIRECTA 2025\"}]},{\"@type\":\"WebSite\",\"@id\":\"https:\\\/\\\/lospoliticosveracruz.com\\\/#website\",\"url\":\"https:\\\/\\\/lospoliticosveracruz.com\\\/\",\"name\":\"Los pol\u00edticos Veracruz\",\"description\":\"\",\"publisher\":{\"@id\":\"https:\\\/\\\/lospoliticosveracruz.com\\\/#organization\"},\"potentialAction\":[{\"@type\":\"SearchAction\",\"target\":{\"@type\":\"EntryPoint\",\"urlTemplate\":\"https:\\\/\\\/lospoliticosveracruz.com\\\/?s={search_term_string}\"},\"query-input\":{\"@type\":\"PropertyValueSpecification\",\"valueRequired\":true,\"valueName\":\"search_term_string\"}}],\"inLanguage\":\"es\"},{\"@type\":\"Organization\",\"@id\":\"https:\\\/\\\/lospoliticosveracruz.com\\\/#organization\",\"name\":\"Los pol\u00edticos Veracruz\",\"url\":\"https:\\\/\\\/lospoliticosveracruz.com\\\/\",\"logo\":{\"@type\":\"ImageObject\",\"inLanguage\":\"es\",\"@id\":\"https:\\\/\\\/lospoliticosveracruz.com\\\/#\\\/schema\\\/logo\\\/image\\\/\",\"url\":\"https:\\\/\\\/lospoliticosveracruz.com\\\/wp-content\\\/uploads\\\/2025\\\/12\\\/Logo-Nuevo-LOS-POLITICOS-1.jpg\",\"contentUrl\":\"https:\\\/\\\/lospoliticosveracruz.com\\\/wp-content\\\/uploads\\\/2025\\\/12\\\/Logo-Nuevo-LOS-POLITICOS-1.jpg\",\"width\":260,\"height\":70,\"caption\":\"Los pol\u00edticos Veracruz\"},\"image\":{\"@id\":\"https:\\\/\\\/lospoliticosveracruz.com\\\/#\\\/schema\\\/logo\\\/image\\\/\"},\"sameAs\":[\"https:\\\/\\\/www.facebook.com\\\/people\\\/Notimemes-de-los-Polticos\\\/61565672886568\\\/\",\"https:\\\/\\\/x.com\\\/LosPoliticosVer\"]},{\"@type\":\"Person\",\"@id\":\"https:\\\/\\\/lospoliticosveracruz.com\\\/#\\\/schema\\\/person\\\/b8702bb0e538456e6efd07080bf2a4a2\",\"name\":\"Lo viste en Los Pol\u00edticos\",\"image\":{\"@type\":\"ImageObject\",\"inLanguage\":\"es\",\"@id\":\"https:\\\/\\\/secure.gravatar.com\\\/avatar\\\/3a8de04a2656d44082be478bd6c086daa447c4651605818287b9532d3d0bd435?s=96&d=mm&r=g\",\"url\":\"https:\\\/\\\/secure.gravatar.com\\\/avatar\\\/3a8de04a2656d44082be478bd6c086daa447c4651605818287b9532d3d0bd435?s=96&d=mm&r=g\",\"contentUrl\":\"https:\\\/\\\/secure.gravatar.com\\\/avatar\\\/3a8de04a2656d44082be478bd6c086daa447c4651605818287b9532d3d0bd435?s=96&d=mm&r=g\",\"caption\":\"Lo viste en Los Pol\u00edticos\"},\"url\":\"https:\\\/\\\/lospoliticosveracruz.com\\\/?author=2\"}]}<\/script>\n<!-- \/ Yoast SEO plugin. -->","yoast_head_json":{"title":"INVERSI\u00d3N EXTRANJERA DIRECTA 2025 - Los pol\u00edticos Veracruz","robots":{"index":"index","follow":"follow","max-snippet":"max-snippet:-1","max-image-preview":"max-image-preview:large","max-video-preview":"max-video-preview:-1"},"canonical":"https:\/\/lospoliticosveracruz.com\/?p=151352","og_locale":"es_ES","og_type":"article","og_title":"INVERSI\u00d3N EXTRANJERA DIRECTA 2025 - Los pol\u00edticos Veracruz","og_description":"Carlos Miguel Acosta Bravo Impronta En el primer semestre de 2025, M\u00e9xico capt\u00f3 un r\u00e9cord hist\u00f3rico de&nbsp;34,265 millones de d\u00f3lares&nbsp;en IED, cifra que represent\u00f3 un aumento del 10.2% respecto al mismo periodo de 2024 (31,096 millones de d\u00f3lares). Las nuevas inversiones crecieron un&nbsp;246%&nbsp;en comparaci\u00f3n con 2024, alcanzando 3,149 millones de d\u00f3lares, su mayor nivel en [&hellip;]","og_url":"https:\/\/lospoliticosveracruz.com\/?p=151352","og_site_name":"Los pol\u00edticos Veracruz","article_publisher":"https:\/\/www.facebook.com\/people\/Notimemes-de-los-Polticos\/61565672886568\/","article_published_time":"2025-08-26T11:28:38+00:00","article_modified_time":"2025-08-26T11:28:54+00:00","og_image":[{"width":1250,"height":667,"url":"https:\/\/lospoliticosveracruz.com\/wp-content\/uploads\/2025\/04\/Carlos-Miguel-Acosta-Bravo.jpg","type":"image\/jpeg"}],"author":"Lo viste en Los Pol\u00edticos","twitter_card":"summary_large_image","twitter_creator":"@LosPoliticosVer","twitter_site":"@LosPoliticosVer","twitter_misc":{"Escrito por":"Lo viste en Los Pol\u00edticos","Tiempo de lectura":"3 minutos"},"schema":{"@context":"https:\/\/schema.org","@graph":[{"@type":"Article","@id":"https:\/\/lospoliticosveracruz.com\/?p=151352#article","isPartOf":{"@id":"https:\/\/lospoliticosveracruz.com\/?p=151352"},"author":{"name":"Lo viste en Los Pol\u00edticos","@id":"https:\/\/lospoliticosveracruz.com\/#\/schema\/person\/b8702bb0e538456e6efd07080bf2a4a2"},"headline":"INVERSI\u00d3N EXTRANJERA DIRECTA 2025","datePublished":"2025-08-26T11:28:38+00:00","dateModified":"2025-08-26T11:28:54+00:00","mainEntityOfPage":{"@id":"https:\/\/lospoliticosveracruz.com\/?p=151352"},"wordCount":658,"publisher":{"@id":"https:\/\/lospoliticosveracruz.com\/#organization"},"image":{"@id":"https:\/\/lospoliticosveracruz.com\/?p=151352#primaryimage"},"thumbnailUrl":"https:\/\/lospoliticosveracruz.com\/wp-content\/uploads\/2025\/04\/Carlos-Miguel-Acosta-Bravo.jpg","articleSection":["De Opini\u00f3n"],"inLanguage":"es"},{"@type":"WebPage","@id":"https:\/\/lospoliticosveracruz.com\/?p=151352","url":"https:\/\/lospoliticosveracruz.com\/?p=151352","name":"INVERSI\u00d3N EXTRANJERA DIRECTA 2025 - Los pol\u00edticos Veracruz","isPartOf":{"@id":"https:\/\/lospoliticosveracruz.com\/#website"},"primaryImageOfPage":{"@id":"https:\/\/lospoliticosveracruz.com\/?p=151352#primaryimage"},"image":{"@id":"https:\/\/lospoliticosveracruz.com\/?p=151352#primaryimage"},"thumbnailUrl":"https:\/\/lospoliticosveracruz.com\/wp-content\/uploads\/2025\/04\/Carlos-Miguel-Acosta-Bravo.jpg","datePublished":"2025-08-26T11:28:38+00:00","dateModified":"2025-08-26T11:28:54+00:00","breadcrumb":{"@id":"https:\/\/lospoliticosveracruz.com\/?p=151352#breadcrumb"},"inLanguage":"es","potentialAction":[{"@type":"ReadAction","target":["https:\/\/lospoliticosveracruz.com\/?p=151352"]}]},{"@type":"ImageObject","inLanguage":"es","@id":"https:\/\/lospoliticosveracruz.com\/?p=151352#primaryimage","url":"https:\/\/lospoliticosveracruz.com\/wp-content\/uploads\/2025\/04\/Carlos-Miguel-Acosta-Bravo.jpg","contentUrl":"https:\/\/lospoliticosveracruz.com\/wp-content\/uploads\/2025\/04\/Carlos-Miguel-Acosta-Bravo.jpg","width":1250,"height":667},{"@type":"BreadcrumbList","@id":"https:\/\/lospoliticosveracruz.com\/?p=151352#breadcrumb","itemListElement":[{"@type":"ListItem","position":1,"name":"Portada","item":"https:\/\/lospoliticosveracruz.com\/"},{"@type":"ListItem","position":2,"name":"INVERSI\u00d3N EXTRANJERA DIRECTA 2025"}]},{"@type":"WebSite","@id":"https:\/\/lospoliticosveracruz.com\/#website","url":"https:\/\/lospoliticosveracruz.com\/","name":"Los pol\u00edticos Veracruz","description":"","publisher":{"@id":"https:\/\/lospoliticosveracruz.com\/#organization"},"potentialAction":[{"@type":"SearchAction","target":{"@type":"EntryPoint","urlTemplate":"https:\/\/lospoliticosveracruz.com\/?s={search_term_string}"},"query-input":{"@type":"PropertyValueSpecification","valueRequired":true,"valueName":"search_term_string"}}],"inLanguage":"es"},{"@type":"Organization","@id":"https:\/\/lospoliticosveracruz.com\/#organization","name":"Los pol\u00edticos Veracruz","url":"https:\/\/lospoliticosveracruz.com\/","logo":{"@type":"ImageObject","inLanguage":"es","@id":"https:\/\/lospoliticosveracruz.com\/#\/schema\/logo\/image\/","url":"https:\/\/lospoliticosveracruz.com\/wp-content\/uploads\/2025\/12\/Logo-Nuevo-LOS-POLITICOS-1.jpg","contentUrl":"https:\/\/lospoliticosveracruz.com\/wp-content\/uploads\/2025\/12\/Logo-Nuevo-LOS-POLITICOS-1.jpg","width":260,"height":70,"caption":"Los pol\u00edticos Veracruz"},"image":{"@id":"https:\/\/lospoliticosveracruz.com\/#\/schema\/logo\/image\/"},"sameAs":["https:\/\/www.facebook.com\/people\/Notimemes-de-los-Polticos\/61565672886568\/","https:\/\/x.com\/LosPoliticosVer"]},{"@type":"Person","@id":"https:\/\/lospoliticosveracruz.com\/#\/schema\/person\/b8702bb0e538456e6efd07080bf2a4a2","name":"Lo viste en Los Pol\u00edticos","image":{"@type":"ImageObject","inLanguage":"es","@id":"https:\/\/secure.gravatar.com\/avatar\/3a8de04a2656d44082be478bd6c086daa447c4651605818287b9532d3d0bd435?s=96&d=mm&r=g","url":"https:\/\/secure.gravatar.com\/avatar\/3a8de04a2656d44082be478bd6c086daa447c4651605818287b9532d3d0bd435?s=96&d=mm&r=g","contentUrl":"https:\/\/secure.gravatar.com\/avatar\/3a8de04a2656d44082be478bd6c086daa447c4651605818287b9532d3d0bd435?s=96&d=mm&r=g","caption":"Lo viste en Los Pol\u00edticos"},"url":"https:\/\/lospoliticosveracruz.com\/?author=2"}]}},"_links":{"self":[{"href":"https:\/\/lospoliticosveracruz.com\/index.php?rest_route=\/wp\/v2\/posts\/151352","targetHints":{"allow":["GET"]}}],"collection":[{"href":"https:\/\/lospoliticosveracruz.com\/index.php?rest_route=\/wp\/v2\/posts"}],"about":[{"href":"https:\/\/lospoliticosveracruz.com\/index.php?rest_route=\/wp\/v2\/types\/post"}],"author":[{"embeddable":true,"href":"https:\/\/lospoliticosveracruz.com\/index.php?rest_route=\/wp\/v2\/users\/2"}],"replies":[{"embeddable":true,"href":"https:\/\/lospoliticosveracruz.com\/index.php?rest_route=%2Fwp%2Fv2%2Fcomments&post=151352"}],"version-history":[{"count":2,"href":"https:\/\/lospoliticosveracruz.com\/index.php?rest_route=\/wp\/v2\/posts\/151352\/revisions"}],"predecessor-version":[{"id":151354,"href":"https:\/\/lospoliticosveracruz.com\/index.php?rest_route=\/wp\/v2\/posts\/151352\/revisions\/151354"}],"wp:featuredmedia":[{"embeddable":true,"href":"https:\/\/lospoliticosveracruz.com\/index.php?rest_route=\/wp\/v2\/media\/141377"}],"wp:attachment":[{"href":"https:\/\/lospoliticosveracruz.com\/index.php?rest_route=%2Fwp%2Fv2%2Fmedia&parent=151352"}],"wp:term":[{"taxonomy":"category","embeddable":true,"href":"https:\/\/lospoliticosveracruz.com\/index.php?rest_route=%2Fwp%2Fv2%2Fcategories&post=151352"},{"taxonomy":"post_tag","embeddable":true,"href":"https:\/\/lospoliticosveracruz.com\/index.php?rest_route=%2Fwp%2Fv2%2Ftags&post=151352"}],"curies":[{"name":"wp","href":"https:\/\/api.w.org\/{rel}","templated":true}]}}