{"id":151355,"date":"2025-08-26T06:42:38","date_gmt":"2025-08-26T11:42:38","guid":{"rendered":"https:\/\/lospoliticosveracruz.com.mx\/?p=151355"},"modified":"2025-08-26T06:43:12","modified_gmt":"2025-08-26T11:43:12","slug":"veracruz-las-encuestas-y-el-recuento-de-los-danos","status":"publish","type":"post","link":"https:\/\/lospoliticosveracruz.com\/?p=151355","title":{"rendered":"VERACRUZ, LAS ENCUESTAS Y EL RECUENTO DE LOS DA\u00d1OS"},"content":{"rendered":"\n\n\n<p><br><strong>Ricardo Chua<\/strong><\/p>\n\n\n\n<p><em>Sale y Vale <\/em><\/p>\n\n\n\n<p>A pesar de que las encuestas en los \u00faltimos a\u00f1os han perdido toda credibilidad porque muchas de ellas utilizan metodolog\u00eda de los a\u00f1os 90&#8217;s.. Por lo cual, ya no est\u00e1n captando lo que est\u00e1 diciendo la sociedad civil porque hay una \u00abEspiral del silencio\u00bb.. Pero es muy singular que estos sondeos, de empresas muy ligadas a la 4T y el partido MORENA, coloquen a alcaldes \u00abMorenos\u00bb de Veracruz, entre los 10 presidentes municipales PEORES CALIFICADOS en sus ayuntamientos en todo el pa\u00eds.. Y estos mun\u00edcipes son Amado Cruz Malpica, de Coatzacoalcos; Juan Mart\u00ednez, de C\u00f3rdoba y Alberto Islas Reyes, de Xalapa.. Todos con una aprobaci\u00f3n menor al 13 por ciento entre su poblaci\u00f3n.. VAYA RECONOCIMIENTO..<\/p>\n\n\n\n<p>En el caso de Coatzacoalcos, sigue siendo una ciudad que le faltan servicios p\u00fablicos y hay un tema de inseguridad que es muy grave.. Por eso la ciudadan\u00eda no se siente segura y no le da el respaldo al alcalde.. Adem\u00e1s que por eso, muchos de sus habitantes han emigrado a estos destinos del pa\u00eds porque en ese puerto, ya no pueden vivir en tranquilidad.. Por eso, Amado Cruz no las trae todas consigo porque una cosa es ser \u00abgrillo\u00bb o legislador, pero otra muy distinta ser autoridad municipal o gobernante.. Los problemas lo han rebasado, ten\u00eda una situaci\u00f3n muy complicada con los grupos fuera de la ley, antes de que tomara posesi\u00f3n, y ahora est\u00e1 cercado por ellos.. Por eso, la gente no conf\u00eda que \u00e9l pueda ser parte de la soluci\u00f3n de este problema..<\/p>\n\n\n\n<p>As\u00ed que en el caso de Cruz Malpica, se explica este rechazo de la sociedad a su gobierno, debido a la INEXPERIENCIA y la incompetencia gubernamental.. Pero sobre todo es un alcalde que se esconde.. Un alcalde que ha preferido ocultarse dentro de los problemas, que enfrentarlos.. As\u00ed no puede gobernar Coatzacoalcos.. Mientras que el caso de la capital del Estado, Xalapa, ah\u00ed el grave problema que hay es que Ricardo Ahued llevaba de suplente a Alberto Islas, un personaje muy preparado profesionalmente, pero que la sociedad no le ve esa \u00abchispa\u00bb de pol\u00edtico y de gobernante.. Eso no se perdona en la sociedad.. Y no lo tienen como un personaje atractivo para el electorado..<\/p>\n\n\n\n<p>Adem\u00e1s en Xalapa el referente sigue siendo Ahued.. Que es alcalde por segunda ocasi\u00f3n con m\u00e1s de 100 mil votos.. Los xalape\u00f1os creyeron que Ahued iba a tener el mismo \u00c9XITO con un financiamiento parecido al que tuvo en el sexenio de Fidel Herrera Beltr\u00e1n.. Aqu\u00ed, pues, Cuitl\u00e1huac Garc\u00eda no lo trat\u00f3 igual financieramente.. Pero adem\u00e1s de que no hubo financiamiento, hubo incompetencia de muchos de sus funcionarios.. Y al dejar la alcald\u00eda, la percepci\u00f3n ciudadana favorable para MORENA, pues, simplemente cay\u00f3.. Por eso, ahora su sucesor est\u00e1 calificado como uno de los peores alcaldes del pa\u00eds.. Por la empresa encuestadora \u00abAr\u00edas Consultores\u00bb..<\/p>\n\n\n\n<p>En el caso de C\u00f3rdoba.. Es un caso similar por lo cual se explica el rechazo ciudadano.. Ya que Juan Mart\u00ednez ha sido un alcalde sin experiencia en su trabajo dentro de la administraci\u00f3n p\u00fablica municipal.. Es un personaje muy ne\u00f3fito como mun\u00edcipe.. Pero eso se debe a que pensaron que gobernar un municipio, era como gobernar su casa.. Pero adem\u00e1s la mayor\u00eda de alcaldes de MORENA se han confundido con el nepotismo, con el sistema de complicidades y la sociedad civil, ya est\u00e1 m\u00e1s informada a trav\u00e9s de las redes sociales.. Ya eval\u00faa m\u00e1s aunque no participe, pero s\u00ed cr\u00edtica y por supuesto a pesar de que son encuestas muy ligadas a la 4T, no se puede negar la realidad de lo que est\u00e1 pasando con estas autoridades municipales en la entidad\u2026<\/p>\n\n\n\n<p>As\u00ed que al final, todo esto pareciera que empieza una evaluaci\u00f3n de los ciudadanos sobre sus gobiernos municipales.. Al final, nos guste o no es el \u00abclich\u00e9\u00bb por ser el gobierno m\u00e1s cercano a la gente.. Y si ves que no funciona, en la temporada de elecciones, pues, en la soledad de la urna, el voto no va para MORENA.. M\u00e1s si en esos municipios han gobernado todo los partidos y no han dado resultado.. Por ello, la sociedad puede pensar que no hay nadie que les responda, para resolverles sus problemas de servicios p\u00fablicos porque no conf\u00edan en sus autoridades municipales.. Y eso para un alcalde es la \u00abmuerte\u00bb pol\u00edtica.. Ya que los va mermando de su credibilidad..<\/p>\n\n\n\n<p>Pero tambi\u00e9n, como tienen encima el problema de la inseguridad en diversos ayuntamientos del Estado.. Eso hace que caiga sus preferencias por tal o cual alcalde, de por tal o cual partido.. A pesar de que no s\u00f3lo son los \u00abMorenos\u00bb sino tambi\u00e9n los gobiernos municipales de anta\u00f1o, los que no lograron resolver los problemas de inseguridad en sus municipios.. Tampoco el estatal, donde presuntamente muchos funcionarios han sido c\u00f3mplices.. Menos lo va a lograr un gobierno federal.. Por eso, la ciudadan\u00eda a merced del crimen, es que deciden, no respaldar a su gobernante en turno y al partido que los postul\u00f3.. Y esto es un asunto que se debe preocupar MORENA porque ya se est\u00e1 volviendo una constante..<\/p>\n\n\n\n<p>REFLEXI\u00d3N.. En ninguna sociedad, los ciudadanos te son fieles porque te quieren sino porque les conviene.. El amor del pueblo es fr\u00e1gil, se \u00abquiebra\u00bb en la primera \u00abtormenta\u00bb.. Pero el inter\u00e9s es distinto.. El inter\u00e9s es un \u00abhierro\u00bb que ata a los hombres, mientras les des lo que ellos desean: Seguridad, riqueza, protecci\u00f3n o poder.. Por eso, los alcaldes deben recordar que cuando otra mano les ofrezca m\u00e1s, se volver\u00e1n contra ellos sin vacilar y sin una \u00abgota\u00bb de remordimiento.. Por eso, el gobernante sabio no conf\u00eda en el cari\u00f1o porque el cari\u00f1o es \u00abhumo\u00bb.. El gobernante inteligente se apoya en el temor y en la utilidad porque esos son \u00abcimientos\u00bb que no se derrumban con facilidad..<\/p>\n\n\n\n<p>As\u00ed que queda m\u00e1s que claro, que el afecto de una poblaci\u00f3n cambia de parecer sobre su gobernante en turno.. M\u00e1s cuando el poder los ha desgastado a \u00e9l y a su partido.. Pero ese pol\u00edtico debe saber que es con la conveniencia por la \u00fanica manera que permanecer\u00e1n a su lado .. Y en donde el amor falle, ser\u00e1 el inter\u00e9s el que lo logre sostener en su silla de su oficina en el palacio municipal.. As\u00ed que si estos alcaldes de MORENA veracruzanos, no cambian sus pol\u00edticas p\u00fablicas en lo que resta de su gobierno, entonces, el repudio ser\u00e1 a\u00fan peor y la ca\u00edda de su figura pol\u00edtica ser\u00e1 inminente junto con el partido MORENA.. CONSUMATUM EST.. AMEN..<\/p>\n","protected":false},"excerpt":{"rendered":"<p>Ricardo Chua Sale y Vale A pesar de que las encuestas en los \u00faltimos a\u00f1os han perdido toda credibilidad porque muchas de ellas utilizan metodolog\u00eda de los a\u00f1os 90&#8217;s.. Por lo cual, ya no est\u00e1n captando lo que est\u00e1 diciendo la sociedad civil porque hay una \u00abEspiral del silencio\u00bb.. Pero es muy singular que estos [&hellip;]<\/p>\n","protected":false},"author":2,"featured_media":141434,"comment_status":"closed","ping_status":"closed","sticky":false,"template":"","format":"standard","meta":{"tdm_status":"","tdm_grid_status":"","footnotes":""},"categories":[70],"tags":[5618,751,33282,1026,195,96],"class_list":{"0":"post-151355","1":"post","2":"type-post","3":"status-publish","4":"format-standard","5":"has-post-thumbnail","7":"category-de-opinion","8":"tag-amado-cruz-malpica","9":"tag-cordoba","10":"tag-juan-martinez","11":"tag-morena","12":"tag-veracruz","13":"tag-xalapa"},"yoast_head":"<!-- This site is optimized with the Yoast SEO plugin v27.4 - https:\/\/yoast.com\/product\/yoast-seo-wordpress\/ -->\n<title>VERACRUZ, LAS ENCUESTAS Y EL RECUENTO DE LOS DA\u00d1OS - Los pol\u00edticos Veracruz<\/title>\n<meta name=\"robots\" content=\"index, follow, max-snippet:-1, max-image-preview:large, max-video-preview:-1\" \/>\n<link rel=\"canonical\" href=\"https:\/\/lospoliticosveracruz.com\/?p=151355\" \/>\n<meta property=\"og:locale\" content=\"es_ES\" \/>\n<meta property=\"og:type\" content=\"article\" \/>\n<meta property=\"og:title\" content=\"VERACRUZ, LAS ENCUESTAS Y EL RECUENTO DE LOS DA\u00d1OS - Los pol\u00edticos Veracruz\" \/>\n<meta property=\"og:description\" content=\"Ricardo Chua Sale y Vale A pesar de que las encuestas en los \u00faltimos a\u00f1os han perdido toda credibilidad porque muchas de ellas utilizan metodolog\u00eda de los a\u00f1os 90&#8217;s.. Por lo cual, ya no est\u00e1n captando lo que est\u00e1 diciendo la sociedad civil porque hay una \u00abEspiral del silencio\u00bb.. Pero es muy singular que estos [&hellip;]\" \/>\n<meta property=\"og:url\" content=\"https:\/\/lospoliticosveracruz.com\/?p=151355\" \/>\n<meta property=\"og:site_name\" content=\"Los pol\u00edticos Veracruz\" \/>\n<meta property=\"article:publisher\" content=\"https:\/\/www.facebook.com\/people\/Notimemes-de-los-Polticos\/61565672886568\/\" \/>\n<meta property=\"article:published_time\" content=\"2025-08-26T11:42:38+00:00\" \/>\n<meta property=\"article:modified_time\" content=\"2025-08-26T11:43:12+00:00\" \/>\n<meta property=\"og:image\" content=\"https:\/\/lospoliticosveracruz.com\/wp-content\/uploads\/2025\/04\/Chua-e1761364658706.jpg\" \/>\n\t<meta property=\"og:image:width\" content=\"600\" \/>\n\t<meta property=\"og:image:height\" content=\"320\" \/>\n\t<meta property=\"og:image:type\" content=\"image\/jpeg\" \/>\n<meta name=\"author\" content=\"Lo viste en Los Pol\u00edticos\" \/>\n<meta name=\"twitter:card\" content=\"summary_large_image\" \/>\n<meta name=\"twitter:creator\" content=\"@LosPoliticosVer\" \/>\n<meta name=\"twitter:site\" content=\"@LosPoliticosVer\" \/>\n<meta name=\"twitter:label1\" content=\"Escrito por\" \/>\n\t<meta name=\"twitter:data1\" content=\"Lo viste en Los Pol\u00edticos\" \/>\n\t<meta name=\"twitter:label2\" content=\"Tiempo de lectura\" \/>\n\t<meta name=\"twitter:data2\" content=\"6 minutos\" \/>\n<script type=\"application\/ld+json\" class=\"yoast-schema-graph\">{\"@context\":\"https:\\\/\\\/schema.org\",\"@graph\":[{\"@type\":\"Article\",\"@id\":\"https:\\\/\\\/lospoliticosveracruz.com\\\/?p=151355#article\",\"isPartOf\":{\"@id\":\"https:\\\/\\\/lospoliticosveracruz.com\\\/?p=151355\"},\"author\":{\"name\":\"Lo viste en Los Pol\u00edticos\",\"@id\":\"https:\\\/\\\/lospoliticosveracruz.com\\\/#\\\/schema\\\/person\\\/b8702bb0e538456e6efd07080bf2a4a2\"},\"headline\":\"VERACRUZ, LAS ENCUESTAS Y EL RECUENTO DE LOS DA\u00d1OS\",\"datePublished\":\"2025-08-26T11:42:38+00:00\",\"dateModified\":\"2025-08-26T11:43:12+00:00\",\"mainEntityOfPage\":{\"@id\":\"https:\\\/\\\/lospoliticosveracruz.com\\\/?p=151355\"},\"wordCount\":1166,\"publisher\":{\"@id\":\"https:\\\/\\\/lospoliticosveracruz.com\\\/#organization\"},\"image\":{\"@id\":\"https:\\\/\\\/lospoliticosveracruz.com\\\/?p=151355#primaryimage\"},\"thumbnailUrl\":\"https:\\\/\\\/lospoliticosveracruz.com\\\/wp-content\\\/uploads\\\/2025\\\/04\\\/Chua-e1761364658706.jpg\",\"keywords\":[\"Amado Cruz Malpica\",\"C\u00f3rdoba\",\"Juan Mart\u00ednez\",\"Morena\",\"Veracruz\",\"Xalapa\"],\"articleSection\":[\"De Opini\u00f3n\"],\"inLanguage\":\"es\"},{\"@type\":\"WebPage\",\"@id\":\"https:\\\/\\\/lospoliticosveracruz.com\\\/?p=151355\",\"url\":\"https:\\\/\\\/lospoliticosveracruz.com\\\/?p=151355\",\"name\":\"VERACRUZ, LAS ENCUESTAS Y EL RECUENTO DE LOS DA\u00d1OS - Los pol\u00edticos Veracruz\",\"isPartOf\":{\"@id\":\"https:\\\/\\\/lospoliticosveracruz.com\\\/#website\"},\"primaryImageOfPage\":{\"@id\":\"https:\\\/\\\/lospoliticosveracruz.com\\\/?p=151355#primaryimage\"},\"image\":{\"@id\":\"https:\\\/\\\/lospoliticosveracruz.com\\\/?p=151355#primaryimage\"},\"thumbnailUrl\":\"https:\\\/\\\/lospoliticosveracruz.com\\\/wp-content\\\/uploads\\\/2025\\\/04\\\/Chua-e1761364658706.jpg\",\"datePublished\":\"2025-08-26T11:42:38+00:00\",\"dateModified\":\"2025-08-26T11:43:12+00:00\",\"breadcrumb\":{\"@id\":\"https:\\\/\\\/lospoliticosveracruz.com\\\/?p=151355#breadcrumb\"},\"inLanguage\":\"es\",\"potentialAction\":[{\"@type\":\"ReadAction\",\"target\":[\"https:\\\/\\\/lospoliticosveracruz.com\\\/?p=151355\"]}]},{\"@type\":\"ImageObject\",\"inLanguage\":\"es\",\"@id\":\"https:\\\/\\\/lospoliticosveracruz.com\\\/?p=151355#primaryimage\",\"url\":\"https:\\\/\\\/lospoliticosveracruz.com\\\/wp-content\\\/uploads\\\/2025\\\/04\\\/Chua-e1761364658706.jpg\",\"contentUrl\":\"https:\\\/\\\/lospoliticosveracruz.com\\\/wp-content\\\/uploads\\\/2025\\\/04\\\/Chua-e1761364658706.jpg\",\"width\":600,\"height\":320},{\"@type\":\"BreadcrumbList\",\"@id\":\"https:\\\/\\\/lospoliticosveracruz.com\\\/?p=151355#breadcrumb\",\"itemListElement\":[{\"@type\":\"ListItem\",\"position\":1,\"name\":\"Portada\",\"item\":\"https:\\\/\\\/lospoliticosveracruz.com\\\/\"},{\"@type\":\"ListItem\",\"position\":2,\"name\":\"VERACRUZ, LAS ENCUESTAS Y EL RECUENTO DE LOS DA\u00d1OS\"}]},{\"@type\":\"WebSite\",\"@id\":\"https:\\\/\\\/lospoliticosveracruz.com\\\/#website\",\"url\":\"https:\\\/\\\/lospoliticosveracruz.com\\\/\",\"name\":\"Los pol\u00edticos Veracruz\",\"description\":\"\",\"publisher\":{\"@id\":\"https:\\\/\\\/lospoliticosveracruz.com\\\/#organization\"},\"potentialAction\":[{\"@type\":\"SearchAction\",\"target\":{\"@type\":\"EntryPoint\",\"urlTemplate\":\"https:\\\/\\\/lospoliticosveracruz.com\\\/?s={search_term_string}\"},\"query-input\":{\"@type\":\"PropertyValueSpecification\",\"valueRequired\":true,\"valueName\":\"search_term_string\"}}],\"inLanguage\":\"es\"},{\"@type\":\"Organization\",\"@id\":\"https:\\\/\\\/lospoliticosveracruz.com\\\/#organization\",\"name\":\"Los pol\u00edticos Veracruz\",\"url\":\"https:\\\/\\\/lospoliticosveracruz.com\\\/\",\"logo\":{\"@type\":\"ImageObject\",\"inLanguage\":\"es\",\"@id\":\"https:\\\/\\\/lospoliticosveracruz.com\\\/#\\\/schema\\\/logo\\\/image\\\/\",\"url\":\"https:\\\/\\\/lospoliticosveracruz.com\\\/wp-content\\\/uploads\\\/2025\\\/12\\\/Logo-Nuevo-LOS-POLITICOS-1.jpg\",\"contentUrl\":\"https:\\\/\\\/lospoliticosveracruz.com\\\/wp-content\\\/uploads\\\/2025\\\/12\\\/Logo-Nuevo-LOS-POLITICOS-1.jpg\",\"width\":260,\"height\":70,\"caption\":\"Los pol\u00edticos Veracruz\"},\"image\":{\"@id\":\"https:\\\/\\\/lospoliticosveracruz.com\\\/#\\\/schema\\\/logo\\\/image\\\/\"},\"sameAs\":[\"https:\\\/\\\/www.facebook.com\\\/people\\\/Notimemes-de-los-Polticos\\\/61565672886568\\\/\",\"https:\\\/\\\/x.com\\\/LosPoliticosVer\"]},{\"@type\":\"Person\",\"@id\":\"https:\\\/\\\/lospoliticosveracruz.com\\\/#\\\/schema\\\/person\\\/b8702bb0e538456e6efd07080bf2a4a2\",\"name\":\"Lo viste en Los Pol\u00edticos\",\"image\":{\"@type\":\"ImageObject\",\"inLanguage\":\"es\",\"@id\":\"https:\\\/\\\/secure.gravatar.com\\\/avatar\\\/3a8de04a2656d44082be478bd6c086daa447c4651605818287b9532d3d0bd435?s=96&d=mm&r=g\",\"url\":\"https:\\\/\\\/secure.gravatar.com\\\/avatar\\\/3a8de04a2656d44082be478bd6c086daa447c4651605818287b9532d3d0bd435?s=96&d=mm&r=g\",\"contentUrl\":\"https:\\\/\\\/secure.gravatar.com\\\/avatar\\\/3a8de04a2656d44082be478bd6c086daa447c4651605818287b9532d3d0bd435?s=96&d=mm&r=g\",\"caption\":\"Lo viste en Los Pol\u00edticos\"},\"url\":\"https:\\\/\\\/lospoliticosveracruz.com\\\/?author=2\"}]}<\/script>\n<!-- \/ Yoast SEO plugin. -->","yoast_head_json":{"title":"VERACRUZ, LAS ENCUESTAS Y EL RECUENTO DE LOS DA\u00d1OS - Los pol\u00edticos Veracruz","robots":{"index":"index","follow":"follow","max-snippet":"max-snippet:-1","max-image-preview":"max-image-preview:large","max-video-preview":"max-video-preview:-1"},"canonical":"https:\/\/lospoliticosveracruz.com\/?p=151355","og_locale":"es_ES","og_type":"article","og_title":"VERACRUZ, LAS ENCUESTAS Y EL RECUENTO DE LOS DA\u00d1OS - Los pol\u00edticos Veracruz","og_description":"Ricardo Chua Sale y Vale A pesar de que las encuestas en los \u00faltimos a\u00f1os han perdido toda credibilidad porque muchas de ellas utilizan metodolog\u00eda de los a\u00f1os 90&#8217;s.. Por lo cual, ya no est\u00e1n captando lo que est\u00e1 diciendo la sociedad civil porque hay una \u00abEspiral del silencio\u00bb.. Pero es muy singular que estos [&hellip;]","og_url":"https:\/\/lospoliticosveracruz.com\/?p=151355","og_site_name":"Los pol\u00edticos Veracruz","article_publisher":"https:\/\/www.facebook.com\/people\/Notimemes-de-los-Polticos\/61565672886568\/","article_published_time":"2025-08-26T11:42:38+00:00","article_modified_time":"2025-08-26T11:43:12+00:00","og_image":[{"width":600,"height":320,"url":"https:\/\/lospoliticosveracruz.com\/wp-content\/uploads\/2025\/04\/Chua-e1761364658706.jpg","type":"image\/jpeg"}],"author":"Lo viste en Los Pol\u00edticos","twitter_card":"summary_large_image","twitter_creator":"@LosPoliticosVer","twitter_site":"@LosPoliticosVer","twitter_misc":{"Escrito por":"Lo viste en Los Pol\u00edticos","Tiempo de lectura":"6 minutos"},"schema":{"@context":"https:\/\/schema.org","@graph":[{"@type":"Article","@id":"https:\/\/lospoliticosveracruz.com\/?p=151355#article","isPartOf":{"@id":"https:\/\/lospoliticosveracruz.com\/?p=151355"},"author":{"name":"Lo viste en Los Pol\u00edticos","@id":"https:\/\/lospoliticosveracruz.com\/#\/schema\/person\/b8702bb0e538456e6efd07080bf2a4a2"},"headline":"VERACRUZ, LAS ENCUESTAS Y EL RECUENTO DE LOS DA\u00d1OS","datePublished":"2025-08-26T11:42:38+00:00","dateModified":"2025-08-26T11:43:12+00:00","mainEntityOfPage":{"@id":"https:\/\/lospoliticosveracruz.com\/?p=151355"},"wordCount":1166,"publisher":{"@id":"https:\/\/lospoliticosveracruz.com\/#organization"},"image":{"@id":"https:\/\/lospoliticosveracruz.com\/?p=151355#primaryimage"},"thumbnailUrl":"https:\/\/lospoliticosveracruz.com\/wp-content\/uploads\/2025\/04\/Chua-e1761364658706.jpg","keywords":["Amado Cruz Malpica","C\u00f3rdoba","Juan Mart\u00ednez","Morena","Veracruz","Xalapa"],"articleSection":["De Opini\u00f3n"],"inLanguage":"es"},{"@type":"WebPage","@id":"https:\/\/lospoliticosveracruz.com\/?p=151355","url":"https:\/\/lospoliticosveracruz.com\/?p=151355","name":"VERACRUZ, LAS ENCUESTAS Y EL RECUENTO DE LOS DA\u00d1OS - Los pol\u00edticos Veracruz","isPartOf":{"@id":"https:\/\/lospoliticosveracruz.com\/#website"},"primaryImageOfPage":{"@id":"https:\/\/lospoliticosveracruz.com\/?p=151355#primaryimage"},"image":{"@id":"https:\/\/lospoliticosveracruz.com\/?p=151355#primaryimage"},"thumbnailUrl":"https:\/\/lospoliticosveracruz.com\/wp-content\/uploads\/2025\/04\/Chua-e1761364658706.jpg","datePublished":"2025-08-26T11:42:38+00:00","dateModified":"2025-08-26T11:43:12+00:00","breadcrumb":{"@id":"https:\/\/lospoliticosveracruz.com\/?p=151355#breadcrumb"},"inLanguage":"es","potentialAction":[{"@type":"ReadAction","target":["https:\/\/lospoliticosveracruz.com\/?p=151355"]}]},{"@type":"ImageObject","inLanguage":"es","@id":"https:\/\/lospoliticosveracruz.com\/?p=151355#primaryimage","url":"https:\/\/lospoliticosveracruz.com\/wp-content\/uploads\/2025\/04\/Chua-e1761364658706.jpg","contentUrl":"https:\/\/lospoliticosveracruz.com\/wp-content\/uploads\/2025\/04\/Chua-e1761364658706.jpg","width":600,"height":320},{"@type":"BreadcrumbList","@id":"https:\/\/lospoliticosveracruz.com\/?p=151355#breadcrumb","itemListElement":[{"@type":"ListItem","position":1,"name":"Portada","item":"https:\/\/lospoliticosveracruz.com\/"},{"@type":"ListItem","position":2,"name":"VERACRUZ, LAS ENCUESTAS Y EL RECUENTO DE LOS DA\u00d1OS"}]},{"@type":"WebSite","@id":"https:\/\/lospoliticosveracruz.com\/#website","url":"https:\/\/lospoliticosveracruz.com\/","name":"Los pol\u00edticos Veracruz","description":"","publisher":{"@id":"https:\/\/lospoliticosveracruz.com\/#organization"},"potentialAction":[{"@type":"SearchAction","target":{"@type":"EntryPoint","urlTemplate":"https:\/\/lospoliticosveracruz.com\/?s={search_term_string}"},"query-input":{"@type":"PropertyValueSpecification","valueRequired":true,"valueName":"search_term_string"}}],"inLanguage":"es"},{"@type":"Organization","@id":"https:\/\/lospoliticosveracruz.com\/#organization","name":"Los pol\u00edticos Veracruz","url":"https:\/\/lospoliticosveracruz.com\/","logo":{"@type":"ImageObject","inLanguage":"es","@id":"https:\/\/lospoliticosveracruz.com\/#\/schema\/logo\/image\/","url":"https:\/\/lospoliticosveracruz.com\/wp-content\/uploads\/2025\/12\/Logo-Nuevo-LOS-POLITICOS-1.jpg","contentUrl":"https:\/\/lospoliticosveracruz.com\/wp-content\/uploads\/2025\/12\/Logo-Nuevo-LOS-POLITICOS-1.jpg","width":260,"height":70,"caption":"Los pol\u00edticos Veracruz"},"image":{"@id":"https:\/\/lospoliticosveracruz.com\/#\/schema\/logo\/image\/"},"sameAs":["https:\/\/www.facebook.com\/people\/Notimemes-de-los-Polticos\/61565672886568\/","https:\/\/x.com\/LosPoliticosVer"]},{"@type":"Person","@id":"https:\/\/lospoliticosveracruz.com\/#\/schema\/person\/b8702bb0e538456e6efd07080bf2a4a2","name":"Lo viste en Los Pol\u00edticos","image":{"@type":"ImageObject","inLanguage":"es","@id":"https:\/\/secure.gravatar.com\/avatar\/3a8de04a2656d44082be478bd6c086daa447c4651605818287b9532d3d0bd435?s=96&d=mm&r=g","url":"https:\/\/secure.gravatar.com\/avatar\/3a8de04a2656d44082be478bd6c086daa447c4651605818287b9532d3d0bd435?s=96&d=mm&r=g","contentUrl":"https:\/\/secure.gravatar.com\/avatar\/3a8de04a2656d44082be478bd6c086daa447c4651605818287b9532d3d0bd435?s=96&d=mm&r=g","caption":"Lo viste en Los Pol\u00edticos"},"url":"https:\/\/lospoliticosveracruz.com\/?author=2"}]}},"_links":{"self":[{"href":"https:\/\/lospoliticosveracruz.com\/index.php?rest_route=\/wp\/v2\/posts\/151355","targetHints":{"allow":["GET"]}}],"collection":[{"href":"https:\/\/lospoliticosveracruz.com\/index.php?rest_route=\/wp\/v2\/posts"}],"about":[{"href":"https:\/\/lospoliticosveracruz.com\/index.php?rest_route=\/wp\/v2\/types\/post"}],"author":[{"embeddable":true,"href":"https:\/\/lospoliticosveracruz.com\/index.php?rest_route=\/wp\/v2\/users\/2"}],"replies":[{"embeddable":true,"href":"https:\/\/lospoliticosveracruz.com\/index.php?rest_route=%2Fwp%2Fv2%2Fcomments&post=151355"}],"version-history":[{"count":1,"href":"https:\/\/lospoliticosveracruz.com\/index.php?rest_route=\/wp\/v2\/posts\/151355\/revisions"}],"predecessor-version":[{"id":151356,"href":"https:\/\/lospoliticosveracruz.com\/index.php?rest_route=\/wp\/v2\/posts\/151355\/revisions\/151356"}],"wp:featuredmedia":[{"embeddable":true,"href":"https:\/\/lospoliticosveracruz.com\/index.php?rest_route=\/wp\/v2\/media\/141434"}],"wp:attachment":[{"href":"https:\/\/lospoliticosveracruz.com\/index.php?rest_route=%2Fwp%2Fv2%2Fmedia&parent=151355"}],"wp:term":[{"taxonomy":"category","embeddable":true,"href":"https:\/\/lospoliticosveracruz.com\/index.php?rest_route=%2Fwp%2Fv2%2Fcategories&post=151355"},{"taxonomy":"post_tag","embeddable":true,"href":"https:\/\/lospoliticosveracruz.com\/index.php?rest_route=%2Fwp%2Fv2%2Ftags&post=151355"}],"curies":[{"name":"wp","href":"https:\/\/api.w.org\/{rel}","templated":true}]}}