{"id":15145,"date":"2015-03-04T22:44:13","date_gmt":"2015-03-05T04:44:13","guid":{"rendered":"http:\/\/www.lospoliticosveracruz.com.mx\/?p=15145"},"modified":"2015-03-04T22:44:13","modified_gmt":"2015-03-05T04:44:13","slug":"xalapa-atenas-de-mexico","status":"publish","type":"post","link":"https:\/\/lospoliticosveracruz.com\/?p=15145","title":{"rendered":"Xalapa Atenas de M\u00e9xico"},"content":{"rendered":"<p><a href=\"http:\/\/www.lospoliticosveracruz.com.mx\/wp-content\/uploads\/2015\/03\/xalapa.jpg\"><img loading=\"lazy\" decoding=\"async\" class=\"alignnone size-medium wp-image-15146\" src=\"http:\/\/www.lospoliticosveracruz.com.mx\/wp-content\/uploads\/2015\/03\/xalapa-300x139.jpg\" alt=\"xalapa\" width=\"300\" height=\"139\" \/><\/a><\/p>\n<p><strong>Rodrigo Montoya Rivera<\/strong><\/p>\n<p><em>Ideas<\/em><\/p>\n<p>&nbsp;<\/p>\n<p>Xalapa es una ciudad con diferentes potenciales, existen gran variedad de disciplinas, lugares de inter\u00e9s, centros de estudios de educaci\u00f3n media, media superior y superior, en este \u00faltimo caso tenemos sedes de carreras de la Universidad Veracruzana, del Tecnol\u00f3gico de Xalapa y la Universidad Popular Aut\u00f3noma de Veracruz. Igualmente es una ciudad generosa que a\u00f1o con a\u00f1o recibe a miles de j\u00f3venes de diferentes partes de la geograf\u00eda veracruzana que llegan a estudiar y deciden al finalizar su preparaci\u00f3n hacer su vida en la capital del estado. Este municipio es tan variado que tiene flora y fauna, parques ecol\u00f3gicos que tambi\u00e9n sirven como puntos tur\u00edsticos y que decir de sus museos e instituciones. Aqu\u00ed se encuentran los poderes: el ejecutivo el legislativo y el judicial adem\u00e1s de la mayor\u00eda de las instituciones u organismos no gubernamentales tienen su base aqu\u00ed.<\/p>\n<p>Pero si algo tiene Xalapa, mejor conocida como la \u00abAtenas Veracruzana\u00bb es un alto nivel art\u00edstico y cultural. De aqu\u00ed han salido grandes artistas. Y han decidido vivir algunos que han adoptado nuestra ciudad como su hogar. Solo basta ver la calidad de la facultad de artes, en donde han pasado figuras como el Tenor Javier Camarena o la actriz Lisa Owen famosa por la obra de teatro \u00abEl regreso de la vieja dama\u00bb, o la pel\u00edcula \u00abEl Segundo aire\u00bb y su ahora interpretaci\u00f3n de mam\u00e1 de Aurelio y V\u00edctor Casillas en la serie \u00abEl Se\u00f1or de los cielos\u00bb.<br \/>\nY si esto no fuera suficiente para creer en la vocaci\u00f3n art\u00edstica de este terru\u00f1o, debemos voltear a ver que aqu\u00ed han decidido vivir actores como Dami\u00e1n Alc\u00e1zar o escritores como Sergio Pitol. Tambi\u00e9n es cuna de artistas de la pantalla chica como Roxana N\u00e1jera y Sara Maldonado.<br \/>\nEl Gobierno Municipal ha coadyuvado con el desarrollo de la cultura y el arte. Apenas el a\u00f1o pasado trajo al primer actor colombiano Robinson D\u00edaz a presentar el \u00abShow de El Cabo\u00bb y ha brindado su respaldo a grupos de artistas xalape\u00f1os como lo son \u00abLos Aguas Aguas\u00bb, \u00abSonex\u00bb y \u00abPar\u00e1metros\u00bb igualmente se ha dedicado espacio para artistas veracruzanos como Samuel Castelli quien compuso la canci\u00f3n oficial de Xalapa y Persi Vignola participante de \u00abLa Voz M\u00e9xico\u00bb<br \/>\nPor ello resulta complicado pensar que el gobierno municipal ha incluido nuevos impuestos a los eventos art\u00edsticos que se realizan en esta capital. Es falso que esta administraci\u00f3n pretenda gravar de alguna manera las expresiones de cultura que aqu\u00ed existen. Y Am\u00e9rico Z\u00fa\u00f1iga Mart\u00ednez lo dijo ante representantes de artistas de esta ciudad: \u00abQue quede claro, el cabildo no ha autorizado ni va a autorizar nuevos impuestos. Vamos a hacer mesas de trabajo coordinadas entre artistas y gobierno\u00bb.<br \/>\nAm\u00e9rico Z\u00fa\u00f1iga desde el primer d\u00eda de su administraci\u00f3n ha buscado impulsar el arte y la cultura, lo ha hecho en diferentes rubros; teatro, m\u00fasica, cortometrajes, grupos de distintos g\u00e9neros, etc\u00e9tera.<br \/>\nResulta perverso el simple hecho de pensarlo y maquiav\u00e9lico hacerlo, pero m\u00e1s obscuro es aprovechar circunstancias para tratar de mostrar una realidad desvirtuada. Atacar a la cultura en Xalapa es como ir en contra de la industria en Monterrey o la tranquilidad y limpieza de M\u00e9rida o el turismo de Benito Ju\u00e1rez Canc\u00fan. Xalapa es cuna y fabrica de cultura. Nadie puede decir lo contrario.<br \/>\nL\u00e9eme en: www.rodrigomontoya.com.mx<br \/>\nTwitter: @RodrigoMontoyaR<br \/>\nComentarios: rodrigomontoya91@gmail.com<\/p>\n","protected":false},"excerpt":{"rendered":"<p>Rodrigo Montoya Rivera Ideas &nbsp; Xalapa es una ciudad con diferentes potenciales, existen gran variedad de disciplinas, lugares de inter\u00e9s, centros de estudios de educaci\u00f3n media, media superior y superior, en este \u00faltimo caso tenemos sedes de carreras de la Universidad Veracruzana, del Tecnol\u00f3gico de Xalapa y la Universidad Popular Aut\u00f3noma de Veracruz. Igualmente es [&hellip;]<\/p>\n","protected":false},"author":2,"featured_media":0,"comment_status":"open","ping_status":"open","sticky":false,"template":"","format":"standard","meta":{"tdm_status":"","tdm_grid_status":"","footnotes":""},"categories":[70],"tags":[483,1995,1996,1689,219,96],"class_list":{"0":"post-15145","1":"post","2":"type-post","3":"status-publish","4":"format-standard","6":"category-de-opinion","7":"tag-americo-zuniga","8":"tag-damian-alcazar","9":"tag-impuestos-artistas","10":"tag-sergio-pitol","11":"tag-universidad-veracruzana","12":"tag-xalapa"},"yoast_head":"<!-- This site is optimized with the Yoast SEO plugin v27.4 - https:\/\/yoast.com\/product\/yoast-seo-wordpress\/ -->\n<title>Xalapa Atenas de M\u00e9xico - Los pol\u00edticos Veracruz<\/title>\n<meta name=\"robots\" content=\"index, follow, max-snippet:-1, max-image-preview:large, max-video-preview:-1\" \/>\n<link rel=\"canonical\" href=\"https:\/\/lospoliticosveracruz.com\/?p=15145\" \/>\n<meta property=\"og:locale\" content=\"es_ES\" \/>\n<meta property=\"og:type\" content=\"article\" \/>\n<meta property=\"og:title\" content=\"Xalapa Atenas de M\u00e9xico - Los pol\u00edticos Veracruz\" \/>\n<meta property=\"og:description\" content=\"Rodrigo Montoya Rivera Ideas &nbsp; Xalapa es una ciudad con diferentes potenciales, existen gran variedad de disciplinas, lugares de inter\u00e9s, centros de estudios de educaci\u00f3n media, media superior y superior, en este \u00faltimo caso tenemos sedes de carreras de la Universidad Veracruzana, del Tecnol\u00f3gico de Xalapa y la Universidad Popular Aut\u00f3noma de Veracruz. Igualmente es [&hellip;]\" \/>\n<meta property=\"og:url\" content=\"https:\/\/lospoliticosveracruz.com\/?p=15145\" \/>\n<meta property=\"og:site_name\" content=\"Los pol\u00edticos Veracruz\" \/>\n<meta property=\"article:publisher\" content=\"https:\/\/www.facebook.com\/people\/Notimemes-de-los-Polticos\/61565672886568\/\" \/>\n<meta property=\"article:published_time\" content=\"2015-03-05T04:44:13+00:00\" \/>\n<meta property=\"og:image\" content=\"http:\/\/www.lospoliticosveracruz.com.mx\/wp-content\/uploads\/2015\/03\/xalapa-300x139.jpg\" \/>\n<meta name=\"author\" content=\"Lo viste en Los Pol\u00edticos\" \/>\n<meta name=\"twitter:card\" content=\"summary_large_image\" \/>\n<meta name=\"twitter:creator\" content=\"@LosPoliticosVer\" \/>\n<meta name=\"twitter:site\" content=\"@LosPoliticosVer\" \/>\n<meta name=\"twitter:label1\" content=\"Escrito por\" \/>\n\t<meta name=\"twitter:data1\" content=\"Lo viste en Los Pol\u00edticos\" \/>\n\t<meta name=\"twitter:label2\" content=\"Tiempo de lectura\" \/>\n\t<meta name=\"twitter:data2\" content=\"3 minutos\" \/>\n<script type=\"application\/ld+json\" class=\"yoast-schema-graph\">{\"@context\":\"https:\\\/\\\/schema.org\",\"@graph\":[{\"@type\":\"Article\",\"@id\":\"https:\\\/\\\/lospoliticosveracruz.com\\\/?p=15145#article\",\"isPartOf\":{\"@id\":\"https:\\\/\\\/lospoliticosveracruz.com\\\/?p=15145\"},\"author\":{\"name\":\"Lo viste en Los Pol\u00edticos\",\"@id\":\"https:\\\/\\\/lospoliticosveracruz.com\\\/#\\\/schema\\\/person\\\/b8702bb0e538456e6efd07080bf2a4a2\"},\"headline\":\"Xalapa Atenas de M\u00e9xico\",\"datePublished\":\"2015-03-05T04:44:13+00:00\",\"mainEntityOfPage\":{\"@id\":\"https:\\\/\\\/lospoliticosveracruz.com\\\/?p=15145\"},\"wordCount\":610,\"commentCount\":0,\"publisher\":{\"@id\":\"https:\\\/\\\/lospoliticosveracruz.com\\\/#organization\"},\"image\":{\"@id\":\"https:\\\/\\\/lospoliticosveracruz.com\\\/?p=15145#primaryimage\"},\"thumbnailUrl\":\"http:\\\/\\\/www.lospoliticosveracruz.com.mx\\\/wp-content\\\/uploads\\\/2015\\\/03\\\/xalapa-300x139.jpg\",\"keywords\":[\"Am\u00e9rico Z\u00fa\u00f1iga\",\"Dami\u00e1n Alc\u00e1zar\",\"impuestos artistas\",\"Sergio Pitol\",\"Universidad Veracruzana\",\"Xalapa\"],\"articleSection\":[\"De Opini\u00f3n\"],\"inLanguage\":\"es\",\"potentialAction\":[{\"@type\":\"CommentAction\",\"name\":\"Comment\",\"target\":[\"https:\\\/\\\/lospoliticosveracruz.com\\\/?p=15145#respond\"]}]},{\"@type\":\"WebPage\",\"@id\":\"https:\\\/\\\/lospoliticosveracruz.com\\\/?p=15145\",\"url\":\"https:\\\/\\\/lospoliticosveracruz.com\\\/?p=15145\",\"name\":\"Xalapa Atenas de M\u00e9xico - Los pol\u00edticos Veracruz\",\"isPartOf\":{\"@id\":\"https:\\\/\\\/lospoliticosveracruz.com\\\/#website\"},\"primaryImageOfPage\":{\"@id\":\"https:\\\/\\\/lospoliticosveracruz.com\\\/?p=15145#primaryimage\"},\"image\":{\"@id\":\"https:\\\/\\\/lospoliticosveracruz.com\\\/?p=15145#primaryimage\"},\"thumbnailUrl\":\"http:\\\/\\\/www.lospoliticosveracruz.com.mx\\\/wp-content\\\/uploads\\\/2015\\\/03\\\/xalapa-300x139.jpg\",\"datePublished\":\"2015-03-05T04:44:13+00:00\",\"breadcrumb\":{\"@id\":\"https:\\\/\\\/lospoliticosveracruz.com\\\/?p=15145#breadcrumb\"},\"inLanguage\":\"es\",\"potentialAction\":[{\"@type\":\"ReadAction\",\"target\":[\"https:\\\/\\\/lospoliticosveracruz.com\\\/?p=15145\"]}]},{\"@type\":\"ImageObject\",\"inLanguage\":\"es\",\"@id\":\"https:\\\/\\\/lospoliticosveracruz.com\\\/?p=15145#primaryimage\",\"url\":\"http:\\\/\\\/www.lospoliticosveracruz.com.mx\\\/wp-content\\\/uploads\\\/2015\\\/03\\\/xalapa-300x139.jpg\",\"contentUrl\":\"http:\\\/\\\/www.lospoliticosveracruz.com.mx\\\/wp-content\\\/uploads\\\/2015\\\/03\\\/xalapa-300x139.jpg\"},{\"@type\":\"BreadcrumbList\",\"@id\":\"https:\\\/\\\/lospoliticosveracruz.com\\\/?p=15145#breadcrumb\",\"itemListElement\":[{\"@type\":\"ListItem\",\"position\":1,\"name\":\"Portada\",\"item\":\"https:\\\/\\\/lospoliticosveracruz.com\\\/\"},{\"@type\":\"ListItem\",\"position\":2,\"name\":\"Xalapa Atenas de M\u00e9xico\"}]},{\"@type\":\"WebSite\",\"@id\":\"https:\\\/\\\/lospoliticosveracruz.com\\\/#website\",\"url\":\"https:\\\/\\\/lospoliticosveracruz.com\\\/\",\"name\":\"Los pol\u00edticos Veracruz\",\"description\":\"\",\"publisher\":{\"@id\":\"https:\\\/\\\/lospoliticosveracruz.com\\\/#organization\"},\"potentialAction\":[{\"@type\":\"SearchAction\",\"target\":{\"@type\":\"EntryPoint\",\"urlTemplate\":\"https:\\\/\\\/lospoliticosveracruz.com\\\/?s={search_term_string}\"},\"query-input\":{\"@type\":\"PropertyValueSpecification\",\"valueRequired\":true,\"valueName\":\"search_term_string\"}}],\"inLanguage\":\"es\"},{\"@type\":\"Organization\",\"@id\":\"https:\\\/\\\/lospoliticosveracruz.com\\\/#organization\",\"name\":\"Los pol\u00edticos Veracruz\",\"url\":\"https:\\\/\\\/lospoliticosveracruz.com\\\/\",\"logo\":{\"@type\":\"ImageObject\",\"inLanguage\":\"es\",\"@id\":\"https:\\\/\\\/lospoliticosveracruz.com\\\/#\\\/schema\\\/logo\\\/image\\\/\",\"url\":\"https:\\\/\\\/lospoliticosveracruz.com\\\/wp-content\\\/uploads\\\/2025\\\/12\\\/Logo-Nuevo-LOS-POLITICOS-1.jpg\",\"contentUrl\":\"https:\\\/\\\/lospoliticosveracruz.com\\\/wp-content\\\/uploads\\\/2025\\\/12\\\/Logo-Nuevo-LOS-POLITICOS-1.jpg\",\"width\":260,\"height\":70,\"caption\":\"Los pol\u00edticos Veracruz\"},\"image\":{\"@id\":\"https:\\\/\\\/lospoliticosveracruz.com\\\/#\\\/schema\\\/logo\\\/image\\\/\"},\"sameAs\":[\"https:\\\/\\\/www.facebook.com\\\/people\\\/Notimemes-de-los-Polticos\\\/61565672886568\\\/\",\"https:\\\/\\\/x.com\\\/LosPoliticosVer\"]},{\"@type\":\"Person\",\"@id\":\"https:\\\/\\\/lospoliticosveracruz.com\\\/#\\\/schema\\\/person\\\/b8702bb0e538456e6efd07080bf2a4a2\",\"name\":\"Lo viste en Los Pol\u00edticos\",\"image\":{\"@type\":\"ImageObject\",\"inLanguage\":\"es\",\"@id\":\"https:\\\/\\\/secure.gravatar.com\\\/avatar\\\/3a8de04a2656d44082be478bd6c086daa447c4651605818287b9532d3d0bd435?s=96&d=mm&r=g\",\"url\":\"https:\\\/\\\/secure.gravatar.com\\\/avatar\\\/3a8de04a2656d44082be478bd6c086daa447c4651605818287b9532d3d0bd435?s=96&d=mm&r=g\",\"contentUrl\":\"https:\\\/\\\/secure.gravatar.com\\\/avatar\\\/3a8de04a2656d44082be478bd6c086daa447c4651605818287b9532d3d0bd435?s=96&d=mm&r=g\",\"caption\":\"Lo viste en Los Pol\u00edticos\"},\"url\":\"https:\\\/\\\/lospoliticosveracruz.com\\\/?author=2\"}]}<\/script>\n<!-- \/ Yoast SEO plugin. -->","yoast_head_json":{"title":"Xalapa Atenas de M\u00e9xico - Los pol\u00edticos Veracruz","robots":{"index":"index","follow":"follow","max-snippet":"max-snippet:-1","max-image-preview":"max-image-preview:large","max-video-preview":"max-video-preview:-1"},"canonical":"https:\/\/lospoliticosveracruz.com\/?p=15145","og_locale":"es_ES","og_type":"article","og_title":"Xalapa Atenas de M\u00e9xico - Los pol\u00edticos Veracruz","og_description":"Rodrigo Montoya Rivera Ideas &nbsp; Xalapa es una ciudad con diferentes potenciales, existen gran variedad de disciplinas, lugares de inter\u00e9s, centros de estudios de educaci\u00f3n media, media superior y superior, en este \u00faltimo caso tenemos sedes de carreras de la Universidad Veracruzana, del Tecnol\u00f3gico de Xalapa y la Universidad Popular Aut\u00f3noma de Veracruz. Igualmente es [&hellip;]","og_url":"https:\/\/lospoliticosveracruz.com\/?p=15145","og_site_name":"Los pol\u00edticos Veracruz","article_publisher":"https:\/\/www.facebook.com\/people\/Notimemes-de-los-Polticos\/61565672886568\/","article_published_time":"2015-03-05T04:44:13+00:00","og_image":[{"url":"http:\/\/www.lospoliticosveracruz.com.mx\/wp-content\/uploads\/2015\/03\/xalapa-300x139.jpg","type":"","width":"","height":""}],"author":"Lo viste en Los Pol\u00edticos","twitter_card":"summary_large_image","twitter_creator":"@LosPoliticosVer","twitter_site":"@LosPoliticosVer","twitter_misc":{"Escrito por":"Lo viste en Los Pol\u00edticos","Tiempo de lectura":"3 minutos"},"schema":{"@context":"https:\/\/schema.org","@graph":[{"@type":"Article","@id":"https:\/\/lospoliticosveracruz.com\/?p=15145#article","isPartOf":{"@id":"https:\/\/lospoliticosveracruz.com\/?p=15145"},"author":{"name":"Lo viste en Los Pol\u00edticos","@id":"https:\/\/lospoliticosveracruz.com\/#\/schema\/person\/b8702bb0e538456e6efd07080bf2a4a2"},"headline":"Xalapa Atenas de M\u00e9xico","datePublished":"2015-03-05T04:44:13+00:00","mainEntityOfPage":{"@id":"https:\/\/lospoliticosveracruz.com\/?p=15145"},"wordCount":610,"commentCount":0,"publisher":{"@id":"https:\/\/lospoliticosveracruz.com\/#organization"},"image":{"@id":"https:\/\/lospoliticosveracruz.com\/?p=15145#primaryimage"},"thumbnailUrl":"http:\/\/www.lospoliticosveracruz.com.mx\/wp-content\/uploads\/2015\/03\/xalapa-300x139.jpg","keywords":["Am\u00e9rico Z\u00fa\u00f1iga","Dami\u00e1n Alc\u00e1zar","impuestos artistas","Sergio Pitol","Universidad Veracruzana","Xalapa"],"articleSection":["De Opini\u00f3n"],"inLanguage":"es","potentialAction":[{"@type":"CommentAction","name":"Comment","target":["https:\/\/lospoliticosveracruz.com\/?p=15145#respond"]}]},{"@type":"WebPage","@id":"https:\/\/lospoliticosveracruz.com\/?p=15145","url":"https:\/\/lospoliticosveracruz.com\/?p=15145","name":"Xalapa Atenas de M\u00e9xico - Los pol\u00edticos Veracruz","isPartOf":{"@id":"https:\/\/lospoliticosveracruz.com\/#website"},"primaryImageOfPage":{"@id":"https:\/\/lospoliticosveracruz.com\/?p=15145#primaryimage"},"image":{"@id":"https:\/\/lospoliticosveracruz.com\/?p=15145#primaryimage"},"thumbnailUrl":"http:\/\/www.lospoliticosveracruz.com.mx\/wp-content\/uploads\/2015\/03\/xalapa-300x139.jpg","datePublished":"2015-03-05T04:44:13+00:00","breadcrumb":{"@id":"https:\/\/lospoliticosveracruz.com\/?p=15145#breadcrumb"},"inLanguage":"es","potentialAction":[{"@type":"ReadAction","target":["https:\/\/lospoliticosveracruz.com\/?p=15145"]}]},{"@type":"ImageObject","inLanguage":"es","@id":"https:\/\/lospoliticosveracruz.com\/?p=15145#primaryimage","url":"http:\/\/www.lospoliticosveracruz.com.mx\/wp-content\/uploads\/2015\/03\/xalapa-300x139.jpg","contentUrl":"http:\/\/www.lospoliticosveracruz.com.mx\/wp-content\/uploads\/2015\/03\/xalapa-300x139.jpg"},{"@type":"BreadcrumbList","@id":"https:\/\/lospoliticosveracruz.com\/?p=15145#breadcrumb","itemListElement":[{"@type":"ListItem","position":1,"name":"Portada","item":"https:\/\/lospoliticosveracruz.com\/"},{"@type":"ListItem","position":2,"name":"Xalapa Atenas de M\u00e9xico"}]},{"@type":"WebSite","@id":"https:\/\/lospoliticosveracruz.com\/#website","url":"https:\/\/lospoliticosveracruz.com\/","name":"Los pol\u00edticos Veracruz","description":"","publisher":{"@id":"https:\/\/lospoliticosveracruz.com\/#organization"},"potentialAction":[{"@type":"SearchAction","target":{"@type":"EntryPoint","urlTemplate":"https:\/\/lospoliticosveracruz.com\/?s={search_term_string}"},"query-input":{"@type":"PropertyValueSpecification","valueRequired":true,"valueName":"search_term_string"}}],"inLanguage":"es"},{"@type":"Organization","@id":"https:\/\/lospoliticosveracruz.com\/#organization","name":"Los pol\u00edticos Veracruz","url":"https:\/\/lospoliticosveracruz.com\/","logo":{"@type":"ImageObject","inLanguage":"es","@id":"https:\/\/lospoliticosveracruz.com\/#\/schema\/logo\/image\/","url":"https:\/\/lospoliticosveracruz.com\/wp-content\/uploads\/2025\/12\/Logo-Nuevo-LOS-POLITICOS-1.jpg","contentUrl":"https:\/\/lospoliticosveracruz.com\/wp-content\/uploads\/2025\/12\/Logo-Nuevo-LOS-POLITICOS-1.jpg","width":260,"height":70,"caption":"Los pol\u00edticos Veracruz"},"image":{"@id":"https:\/\/lospoliticosveracruz.com\/#\/schema\/logo\/image\/"},"sameAs":["https:\/\/www.facebook.com\/people\/Notimemes-de-los-Polticos\/61565672886568\/","https:\/\/x.com\/LosPoliticosVer"]},{"@type":"Person","@id":"https:\/\/lospoliticosveracruz.com\/#\/schema\/person\/b8702bb0e538456e6efd07080bf2a4a2","name":"Lo viste en Los Pol\u00edticos","image":{"@type":"ImageObject","inLanguage":"es","@id":"https:\/\/secure.gravatar.com\/avatar\/3a8de04a2656d44082be478bd6c086daa447c4651605818287b9532d3d0bd435?s=96&d=mm&r=g","url":"https:\/\/secure.gravatar.com\/avatar\/3a8de04a2656d44082be478bd6c086daa447c4651605818287b9532d3d0bd435?s=96&d=mm&r=g","contentUrl":"https:\/\/secure.gravatar.com\/avatar\/3a8de04a2656d44082be478bd6c086daa447c4651605818287b9532d3d0bd435?s=96&d=mm&r=g","caption":"Lo viste en Los Pol\u00edticos"},"url":"https:\/\/lospoliticosveracruz.com\/?author=2"}]}},"_links":{"self":[{"href":"https:\/\/lospoliticosveracruz.com\/index.php?rest_route=\/wp\/v2\/posts\/15145","targetHints":{"allow":["GET"]}}],"collection":[{"href":"https:\/\/lospoliticosveracruz.com\/index.php?rest_route=\/wp\/v2\/posts"}],"about":[{"href":"https:\/\/lospoliticosveracruz.com\/index.php?rest_route=\/wp\/v2\/types\/post"}],"author":[{"embeddable":true,"href":"https:\/\/lospoliticosveracruz.com\/index.php?rest_route=\/wp\/v2\/users\/2"}],"replies":[{"embeddable":true,"href":"https:\/\/lospoliticosveracruz.com\/index.php?rest_route=%2Fwp%2Fv2%2Fcomments&post=15145"}],"version-history":[{"count":1,"href":"https:\/\/lospoliticosveracruz.com\/index.php?rest_route=\/wp\/v2\/posts\/15145\/revisions"}],"predecessor-version":[{"id":15147,"href":"https:\/\/lospoliticosveracruz.com\/index.php?rest_route=\/wp\/v2\/posts\/15145\/revisions\/15147"}],"wp:attachment":[{"href":"https:\/\/lospoliticosveracruz.com\/index.php?rest_route=%2Fwp%2Fv2%2Fmedia&parent=15145"}],"wp:term":[{"taxonomy":"category","embeddable":true,"href":"https:\/\/lospoliticosveracruz.com\/index.php?rest_route=%2Fwp%2Fv2%2Fcategories&post=15145"},{"taxonomy":"post_tag","embeddable":true,"href":"https:\/\/lospoliticosveracruz.com\/index.php?rest_route=%2Fwp%2Fv2%2Ftags&post=15145"}],"curies":[{"name":"wp","href":"https:\/\/api.w.org\/{rel}","templated":true}]}}