{"id":151450,"date":"2025-08-27T06:57:39","date_gmt":"2025-08-27T11:57:39","guid":{"rendered":"https:\/\/lospoliticosveracruz.com.mx\/?p=151450"},"modified":"2025-08-27T06:57:59","modified_gmt":"2025-08-27T11:57:59","slug":"acoso-y-censura-contra-periodistas","status":"publish","type":"post","link":"https:\/\/lospoliticosveracruz.com\/?p=151450","title":{"rendered":"ACOSO Y CENSURA CONTRA PERIODISTAS"},"content":{"rendered":"\n<p><br><strong>Fanny Y\u00e9pez<\/strong><br><em>La Columna<\/em><\/p>\n\n\n\n<p>Este martes el peri\u00f3dico espa\u00f1ol, El Pa\u00eds, en un art\u00edculo subraya las medidas de acoso y de censura en contra de la labor period\u00edstica que se han estado registrando en M\u00e9xico.<br>Adem\u00e1s, precisa que, por entidad federativa, entre los casos que han sido documentados en 17 estados, los seis con m\u00e1s procesos son: Veracruz, Ciudad de M\u00e9xico, Jalisco, Campeche, Oaxaca y Puebla.<br>La figura de violencia pol\u00edtica en raz\u00f3n de g\u00e9nero est\u00e1 siendo utilizada en Veracruz como herramienta jur\u00eddica, para sancionar y silenciar a periodistas y medios generando preocupaci\u00f3n entre organizaciones defensoras de la libertad de expresi\u00f3n, como Art\u00edculo 19, el Comit\u00e9 para la Protecci\u00f3n de los Periodistas (CPJ) y la Comisi\u00f3n Estatal para la Atenci\u00f3n y Protecci\u00f3n a Periodistas (CEAPP).<br>En tanto la revista Forbes en su p\u00e1gina digital tambi\u00e9n destac\u00f3 que la organizaci\u00f3n internacional Art\u00edculo 19, denunci\u00f3 este martes el \u201cuso faccioso\u201d de procesos legales como herramientas de censura en M\u00e9xico para periodistas y medios de comunicaci\u00f3n, lo que calific\u00f3 como una tendencia alarmante que amenaza la libertad de expresi\u00f3n en el pa\u00eds.<br>Aqu\u00ed en la entidad veracruzana, Reporteros Sin Fronteras, organizaci\u00f3n que defiende la libertad de prensa a nivel internacional, indico que en el estado de Veracruz hay varios casos de periodistas que est\u00e1n sufriendo acoso judicial por parte de pol\u00edticos y servidores p\u00fablicos.<br>Balbina Flores, representante en M\u00e9xico del organismo, afirma que hasta la fecha se tienen contabilizados al menos cuatro casos de comunicadores que han sido denunciados, por presunta violencia pol\u00edtica de g\u00e9nero con el objetivo de silenciarlos.<br>\u00abB\u00e1sicamente lo que provoca es la autocensura para los periodistas, para los medios, pero tambi\u00e9n un ambiente de temor hacia los periodistas de si publica, si dicen determinadas cosas podr\u00edan ser demandados; digamos que se inhibe la libertad de expresi\u00f3n\u00bb.<br>De acuerdo con su m\u00e1s reciente informe \u2018Las leyes como mecanismo de censura: aumento del acoso judicial contra periodistas en M\u00e9xico\u2019, entre el 1 de enero y el 31 de julio de 2025 se registraron 51 casos de acoso judicial contra 39 periodistas \u201428 hombres y 11 mujeres\u2014 y 12 medios de comunicaci\u00f3n.<br>En los \u00faltimos meses al menos nueve periodistas han sido sancionados y enfrentan medidas como multas de hasta 10 mil pesos, el retiro de contenidos, disculpas p\u00fablicas y la inscripci\u00f3n en registros de personas sancionadas.<br>La organizaci\u00f3n Art\u00edculo 19 ha documentado \u201cun preocupante aumento sostenido\u201d del acoso judicial contra periodistas.<br>\u201cEste patr\u00f3n refleja un uso faccioso del marco legal mexicano, que pone en grave riesgo la libertad de expresi\u00f3n y el derecho a la informaci\u00f3n\u201d, dicen en el reporte Las leyes como mecanismo de censura: Aumento del acoso judicial contra periodistas en M\u00e9xico, publicado este martes.<br>El informe hace un llamado a las autoridades para atender la problem\u00e1tica desde los distintos poderes e instituciones: \u201cEl acoso judicial se ha convertido en una nueva forma de censura en M\u00e9xico: Si bien la violencia f\u00edsica y digital a\u00fan es parte de la vida de periodistas y medios en el pa\u00eds, ahora hay un uso frecuente e intensivo de demandas, denuncias y medidas cautelares para silenciar a periodistas y medios. Si esta tendencia contin\u00faa, el espacio para el periodismo cr\u00edtico se reducir\u00e1 a\u00fan m\u00e1s\u201d, advierten.<br>El texto enfatiza el uso indebido de la figura de Violencia Pol\u00edtica contra las Mujeres en Raz\u00f3n de G\u00e9nero (VPEG), dise\u00f1ada originalmente para combatir la discriminaci\u00f3n estructural que enfrentan las mujeres en M\u00e9xico. \u201cEsta figura se ha convertido en un instrumento para inhibir el debate p\u00fablico, llegando incluso a eliminar publicaciones cr\u00edticas o inc\u00f3modas para personas en el poder\u201d, aseguran en el reporte.<br>La organizaci\u00f3n hab\u00eda alertado desde 2016 sobre el aumento de esta tendencia en casos legales contra periodistas, pero se\u00f1alan que en solo los siete meses que van de 2025 \u2014no cuentan todav\u00eda con los casos de agosto\u2014 el n\u00famero de v\u00edctimas registradas supera por mucho el de cualquiera de los a\u00f1os anteriores. \u201cEl peor a\u00f1o de acoso judicial y a\u00fan no se termina\u201d, dice Leopoldo Maldonado, director de Art\u00edculo 19.<br>Estos procesos judiciales, administrativos o ministeriales en contra de los periodistas apuestan por provocar un desgaste en la persona hacia la que van dirigidos, incluyendo tambi\u00e9n el desgaste econ\u00f3mico, emocional, f\u00edsico y mental que conllevan este tipo de procedimientos. El prop\u00f3sito es que las investigaciones, notas period\u00edsticas e incluso publicaciones en redes sociales, sean borradas, revertidas o sancionadas, y mandar as\u00ed el mensaje de que hay temas \u201cprohibidos\u201d o que se pueden remover o eliminar discursos inc\u00f3modos que da\u00f1an los intereses econ\u00f3micos o pol\u00edticos.<br>El 14 de julio de este a\u00f1o la periodista Flavia Morales, p\u00fablico en la revista Proceso que La figura de violencia pol\u00edtica en raz\u00f3n de g\u00e9nero, est\u00e1 siendo utilizada en Veracruz como herramienta jur\u00eddica para sancionar y silenciar a periodistas y medios, generando preocupaci\u00f3n entre organizaciones defensoras de la libertad de expresi\u00f3n como Art\u00edculo 19, el Comit\u00e9 para la Protecci\u00f3n de los Periodistas (CPJ) y la Comisi\u00f3n Estatal para la Atenci\u00f3n y Protecci\u00f3n a Periodistas (CEAPP).<br>En Veracruz, ojal\u00e1 que la situaci\u00f3n mejore para los periodistas y no tengamos que salir a trabajar con un amparo bajo el brazo, porque la CEAPP es igual a la carabina de Ambrosio, porque se han visto casos en los que, en vez de apoyar a los y las compa\u00f1eras, las se\u00f1alan y se han entablados discusiones al respecto.<\/p>\n","protected":false},"excerpt":{"rendered":"<p>Fanny Y\u00e9pezLa Columna Este martes el peri\u00f3dico espa\u00f1ol, El Pa\u00eds, en un art\u00edculo subraya las medidas de acoso y de censura en contra de la labor period\u00edstica que se han estado registrando en M\u00e9xico.Adem\u00e1s, precisa que, por entidad federativa, entre los casos que han sido documentados en 17 estados, los seis con m\u00e1s procesos son: [&hellip;]<\/p>\n","protected":false},"author":2,"featured_media":141383,"comment_status":"closed","ping_status":"closed","sticky":false,"template":"","format":"standard","meta":{"tdm_status":"","tdm_grid_status":"","footnotes":""},"categories":[70],"tags":[6114,1026,1312,195],"class_list":{"0":"post-151450","1":"post","2":"type-post","3":"status-publish","4":"format-standard","5":"has-post-thumbnail","7":"category-de-opinion","8":"tag-censura","9":"tag-morena","10":"tag-periodistas","11":"tag-veracruz"},"yoast_head":"<!-- This site is optimized with the Yoast SEO plugin v27.4 - https:\/\/yoast.com\/product\/yoast-seo-wordpress\/ -->\n<title>ACOSO Y CENSURA CONTRA PERIODISTAS - Los pol\u00edticos Veracruz<\/title>\n<meta name=\"robots\" content=\"index, follow, max-snippet:-1, max-image-preview:large, max-video-preview:-1\" \/>\n<link rel=\"canonical\" href=\"https:\/\/lospoliticosveracruz.com\/?p=151450\" \/>\n<meta property=\"og:locale\" content=\"es_ES\" \/>\n<meta property=\"og:type\" content=\"article\" \/>\n<meta property=\"og:title\" content=\"ACOSO Y CENSURA CONTRA PERIODISTAS - Los pol\u00edticos Veracruz\" \/>\n<meta property=\"og:description\" content=\"Fanny Y\u00e9pezLa Columna Este martes el peri\u00f3dico espa\u00f1ol, El Pa\u00eds, en un art\u00edculo subraya las medidas de acoso y de censura en contra de la labor period\u00edstica que se han estado registrando en M\u00e9xico.Adem\u00e1s, precisa que, por entidad federativa, entre los casos que han sido documentados en 17 estados, los seis con m\u00e1s procesos son: [&hellip;]\" \/>\n<meta property=\"og:url\" content=\"https:\/\/lospoliticosveracruz.com\/?p=151450\" \/>\n<meta property=\"og:site_name\" content=\"Los pol\u00edticos Veracruz\" \/>\n<meta property=\"article:publisher\" content=\"https:\/\/www.facebook.com\/people\/Notimemes-de-los-Polticos\/61565672886568\/\" \/>\n<meta property=\"article:published_time\" content=\"2025-08-27T11:57:39+00:00\" \/>\n<meta property=\"article:modified_time\" content=\"2025-08-27T11:57:59+00:00\" \/>\n<meta property=\"og:image\" content=\"https:\/\/lospoliticosveracruz.com\/wp-content\/uploads\/2025\/04\/Fanny-Yepez-Luna.jpg\" \/>\n\t<meta property=\"og:image:width\" content=\"1250\" \/>\n\t<meta property=\"og:image:height\" content=\"667\" \/>\n\t<meta property=\"og:image:type\" content=\"image\/jpeg\" \/>\n<meta name=\"author\" content=\"Lo viste en Los Pol\u00edticos\" \/>\n<meta name=\"twitter:card\" content=\"summary_large_image\" \/>\n<meta name=\"twitter:creator\" content=\"@LosPoliticosVer\" \/>\n<meta name=\"twitter:site\" content=\"@LosPoliticosVer\" \/>\n<meta name=\"twitter:label1\" content=\"Escrito por\" \/>\n\t<meta name=\"twitter:data1\" content=\"Lo viste en Los Pol\u00edticos\" \/>\n\t<meta name=\"twitter:label2\" content=\"Tiempo de lectura\" \/>\n\t<meta name=\"twitter:data2\" content=\"5 minutos\" \/>\n<script type=\"application\/ld+json\" class=\"yoast-schema-graph\">{\"@context\":\"https:\\\/\\\/schema.org\",\"@graph\":[{\"@type\":\"Article\",\"@id\":\"https:\\\/\\\/lospoliticosveracruz.com\\\/?p=151450#article\",\"isPartOf\":{\"@id\":\"https:\\\/\\\/lospoliticosveracruz.com\\\/?p=151450\"},\"author\":{\"name\":\"Lo viste en Los Pol\u00edticos\",\"@id\":\"https:\\\/\\\/lospoliticosveracruz.com\\\/#\\\/schema\\\/person\\\/b8702bb0e538456e6efd07080bf2a4a2\"},\"headline\":\"ACOSO Y CENSURA CONTRA PERIODISTAS\",\"datePublished\":\"2025-08-27T11:57:39+00:00\",\"dateModified\":\"2025-08-27T11:57:59+00:00\",\"mainEntityOfPage\":{\"@id\":\"https:\\\/\\\/lospoliticosveracruz.com\\\/?p=151450\"},\"wordCount\":975,\"publisher\":{\"@id\":\"https:\\\/\\\/lospoliticosveracruz.com\\\/#organization\"},\"image\":{\"@id\":\"https:\\\/\\\/lospoliticosveracruz.com\\\/?p=151450#primaryimage\"},\"thumbnailUrl\":\"https:\\\/\\\/lospoliticosveracruz.com\\\/wp-content\\\/uploads\\\/2025\\\/04\\\/Fanny-Yepez-Luna-e1768657334923.jpg\",\"keywords\":[\"Censura\",\"Morena\",\"periodistas\",\"Veracruz\"],\"articleSection\":[\"De Opini\u00f3n\"],\"inLanguage\":\"es\"},{\"@type\":\"WebPage\",\"@id\":\"https:\\\/\\\/lospoliticosveracruz.com\\\/?p=151450\",\"url\":\"https:\\\/\\\/lospoliticosveracruz.com\\\/?p=151450\",\"name\":\"ACOSO Y CENSURA CONTRA PERIODISTAS - Los pol\u00edticos Veracruz\",\"isPartOf\":{\"@id\":\"https:\\\/\\\/lospoliticosveracruz.com\\\/#website\"},\"primaryImageOfPage\":{\"@id\":\"https:\\\/\\\/lospoliticosveracruz.com\\\/?p=151450#primaryimage\"},\"image\":{\"@id\":\"https:\\\/\\\/lospoliticosveracruz.com\\\/?p=151450#primaryimage\"},\"thumbnailUrl\":\"https:\\\/\\\/lospoliticosveracruz.com\\\/wp-content\\\/uploads\\\/2025\\\/04\\\/Fanny-Yepez-Luna-e1768657334923.jpg\",\"datePublished\":\"2025-08-27T11:57:39+00:00\",\"dateModified\":\"2025-08-27T11:57:59+00:00\",\"breadcrumb\":{\"@id\":\"https:\\\/\\\/lospoliticosveracruz.com\\\/?p=151450#breadcrumb\"},\"inLanguage\":\"es\",\"potentialAction\":[{\"@type\":\"ReadAction\",\"target\":[\"https:\\\/\\\/lospoliticosveracruz.com\\\/?p=151450\"]}]},{\"@type\":\"ImageObject\",\"inLanguage\":\"es\",\"@id\":\"https:\\\/\\\/lospoliticosveracruz.com\\\/?p=151450#primaryimage\",\"url\":\"https:\\\/\\\/lospoliticosveracruz.com\\\/wp-content\\\/uploads\\\/2025\\\/04\\\/Fanny-Yepez-Luna-e1768657334923.jpg\",\"contentUrl\":\"https:\\\/\\\/lospoliticosveracruz.com\\\/wp-content\\\/uploads\\\/2025\\\/04\\\/Fanny-Yepez-Luna-e1768657334923.jpg\",\"width\":600,\"height\":320},{\"@type\":\"BreadcrumbList\",\"@id\":\"https:\\\/\\\/lospoliticosveracruz.com\\\/?p=151450#breadcrumb\",\"itemListElement\":[{\"@type\":\"ListItem\",\"position\":1,\"name\":\"Portada\",\"item\":\"https:\\\/\\\/lospoliticosveracruz.com\\\/\"},{\"@type\":\"ListItem\",\"position\":2,\"name\":\"ACOSO Y CENSURA CONTRA PERIODISTAS\"}]},{\"@type\":\"WebSite\",\"@id\":\"https:\\\/\\\/lospoliticosveracruz.com\\\/#website\",\"url\":\"https:\\\/\\\/lospoliticosveracruz.com\\\/\",\"name\":\"Los pol\u00edticos Veracruz\",\"description\":\"\",\"publisher\":{\"@id\":\"https:\\\/\\\/lospoliticosveracruz.com\\\/#organization\"},\"potentialAction\":[{\"@type\":\"SearchAction\",\"target\":{\"@type\":\"EntryPoint\",\"urlTemplate\":\"https:\\\/\\\/lospoliticosveracruz.com\\\/?s={search_term_string}\"},\"query-input\":{\"@type\":\"PropertyValueSpecification\",\"valueRequired\":true,\"valueName\":\"search_term_string\"}}],\"inLanguage\":\"es\"},{\"@type\":\"Organization\",\"@id\":\"https:\\\/\\\/lospoliticosveracruz.com\\\/#organization\",\"name\":\"Los pol\u00edticos Veracruz\",\"url\":\"https:\\\/\\\/lospoliticosveracruz.com\\\/\",\"logo\":{\"@type\":\"ImageObject\",\"inLanguage\":\"es\",\"@id\":\"https:\\\/\\\/lospoliticosveracruz.com\\\/#\\\/schema\\\/logo\\\/image\\\/\",\"url\":\"https:\\\/\\\/lospoliticosveracruz.com\\\/wp-content\\\/uploads\\\/2025\\\/12\\\/Logo-Nuevo-LOS-POLITICOS-1.jpg\",\"contentUrl\":\"https:\\\/\\\/lospoliticosveracruz.com\\\/wp-content\\\/uploads\\\/2025\\\/12\\\/Logo-Nuevo-LOS-POLITICOS-1.jpg\",\"width\":260,\"height\":70,\"caption\":\"Los pol\u00edticos Veracruz\"},\"image\":{\"@id\":\"https:\\\/\\\/lospoliticosveracruz.com\\\/#\\\/schema\\\/logo\\\/image\\\/\"},\"sameAs\":[\"https:\\\/\\\/www.facebook.com\\\/people\\\/Notimemes-de-los-Polticos\\\/61565672886568\\\/\",\"https:\\\/\\\/x.com\\\/LosPoliticosVer\"]},{\"@type\":\"Person\",\"@id\":\"https:\\\/\\\/lospoliticosveracruz.com\\\/#\\\/schema\\\/person\\\/b8702bb0e538456e6efd07080bf2a4a2\",\"name\":\"Lo viste en Los Pol\u00edticos\",\"image\":{\"@type\":\"ImageObject\",\"inLanguage\":\"es\",\"@id\":\"https:\\\/\\\/secure.gravatar.com\\\/avatar\\\/3a8de04a2656d44082be478bd6c086daa447c4651605818287b9532d3d0bd435?s=96&d=mm&r=g\",\"url\":\"https:\\\/\\\/secure.gravatar.com\\\/avatar\\\/3a8de04a2656d44082be478bd6c086daa447c4651605818287b9532d3d0bd435?s=96&d=mm&r=g\",\"contentUrl\":\"https:\\\/\\\/secure.gravatar.com\\\/avatar\\\/3a8de04a2656d44082be478bd6c086daa447c4651605818287b9532d3d0bd435?s=96&d=mm&r=g\",\"caption\":\"Lo viste en Los Pol\u00edticos\"},\"url\":\"https:\\\/\\\/lospoliticosveracruz.com\\\/?author=2\"}]}<\/script>\n<!-- \/ Yoast SEO plugin. -->","yoast_head_json":{"title":"ACOSO Y CENSURA CONTRA PERIODISTAS - Los pol\u00edticos Veracruz","robots":{"index":"index","follow":"follow","max-snippet":"max-snippet:-1","max-image-preview":"max-image-preview:large","max-video-preview":"max-video-preview:-1"},"canonical":"https:\/\/lospoliticosveracruz.com\/?p=151450","og_locale":"es_ES","og_type":"article","og_title":"ACOSO Y CENSURA CONTRA PERIODISTAS - Los pol\u00edticos Veracruz","og_description":"Fanny Y\u00e9pezLa Columna Este martes el peri\u00f3dico espa\u00f1ol, El Pa\u00eds, en un art\u00edculo subraya las medidas de acoso y de censura en contra de la labor period\u00edstica que se han estado registrando en M\u00e9xico.Adem\u00e1s, precisa que, por entidad federativa, entre los casos que han sido documentados en 17 estados, los seis con m\u00e1s procesos son: [&hellip;]","og_url":"https:\/\/lospoliticosveracruz.com\/?p=151450","og_site_name":"Los pol\u00edticos Veracruz","article_publisher":"https:\/\/www.facebook.com\/people\/Notimemes-de-los-Polticos\/61565672886568\/","article_published_time":"2025-08-27T11:57:39+00:00","article_modified_time":"2025-08-27T11:57:59+00:00","og_image":[{"width":1250,"height":667,"url":"https:\/\/lospoliticosveracruz.com\/wp-content\/uploads\/2025\/04\/Fanny-Yepez-Luna.jpg","type":"image\/jpeg"}],"author":"Lo viste en Los Pol\u00edticos","twitter_card":"summary_large_image","twitter_creator":"@LosPoliticosVer","twitter_site":"@LosPoliticosVer","twitter_misc":{"Escrito por":"Lo viste en Los Pol\u00edticos","Tiempo de lectura":"5 minutos"},"schema":{"@context":"https:\/\/schema.org","@graph":[{"@type":"Article","@id":"https:\/\/lospoliticosveracruz.com\/?p=151450#article","isPartOf":{"@id":"https:\/\/lospoliticosveracruz.com\/?p=151450"},"author":{"name":"Lo viste en Los Pol\u00edticos","@id":"https:\/\/lospoliticosveracruz.com\/#\/schema\/person\/b8702bb0e538456e6efd07080bf2a4a2"},"headline":"ACOSO Y CENSURA CONTRA PERIODISTAS","datePublished":"2025-08-27T11:57:39+00:00","dateModified":"2025-08-27T11:57:59+00:00","mainEntityOfPage":{"@id":"https:\/\/lospoliticosveracruz.com\/?p=151450"},"wordCount":975,"publisher":{"@id":"https:\/\/lospoliticosveracruz.com\/#organization"},"image":{"@id":"https:\/\/lospoliticosveracruz.com\/?p=151450#primaryimage"},"thumbnailUrl":"https:\/\/lospoliticosveracruz.com\/wp-content\/uploads\/2025\/04\/Fanny-Yepez-Luna-e1768657334923.jpg","keywords":["Censura","Morena","periodistas","Veracruz"],"articleSection":["De Opini\u00f3n"],"inLanguage":"es"},{"@type":"WebPage","@id":"https:\/\/lospoliticosveracruz.com\/?p=151450","url":"https:\/\/lospoliticosveracruz.com\/?p=151450","name":"ACOSO Y CENSURA CONTRA PERIODISTAS - Los pol\u00edticos Veracruz","isPartOf":{"@id":"https:\/\/lospoliticosveracruz.com\/#website"},"primaryImageOfPage":{"@id":"https:\/\/lospoliticosveracruz.com\/?p=151450#primaryimage"},"image":{"@id":"https:\/\/lospoliticosveracruz.com\/?p=151450#primaryimage"},"thumbnailUrl":"https:\/\/lospoliticosveracruz.com\/wp-content\/uploads\/2025\/04\/Fanny-Yepez-Luna-e1768657334923.jpg","datePublished":"2025-08-27T11:57:39+00:00","dateModified":"2025-08-27T11:57:59+00:00","breadcrumb":{"@id":"https:\/\/lospoliticosveracruz.com\/?p=151450#breadcrumb"},"inLanguage":"es","potentialAction":[{"@type":"ReadAction","target":["https:\/\/lospoliticosveracruz.com\/?p=151450"]}]},{"@type":"ImageObject","inLanguage":"es","@id":"https:\/\/lospoliticosveracruz.com\/?p=151450#primaryimage","url":"https:\/\/lospoliticosveracruz.com\/wp-content\/uploads\/2025\/04\/Fanny-Yepez-Luna-e1768657334923.jpg","contentUrl":"https:\/\/lospoliticosveracruz.com\/wp-content\/uploads\/2025\/04\/Fanny-Yepez-Luna-e1768657334923.jpg","width":600,"height":320},{"@type":"BreadcrumbList","@id":"https:\/\/lospoliticosveracruz.com\/?p=151450#breadcrumb","itemListElement":[{"@type":"ListItem","position":1,"name":"Portada","item":"https:\/\/lospoliticosveracruz.com\/"},{"@type":"ListItem","position":2,"name":"ACOSO Y CENSURA CONTRA PERIODISTAS"}]},{"@type":"WebSite","@id":"https:\/\/lospoliticosveracruz.com\/#website","url":"https:\/\/lospoliticosveracruz.com\/","name":"Los pol\u00edticos Veracruz","description":"","publisher":{"@id":"https:\/\/lospoliticosveracruz.com\/#organization"},"potentialAction":[{"@type":"SearchAction","target":{"@type":"EntryPoint","urlTemplate":"https:\/\/lospoliticosveracruz.com\/?s={search_term_string}"},"query-input":{"@type":"PropertyValueSpecification","valueRequired":true,"valueName":"search_term_string"}}],"inLanguage":"es"},{"@type":"Organization","@id":"https:\/\/lospoliticosveracruz.com\/#organization","name":"Los pol\u00edticos Veracruz","url":"https:\/\/lospoliticosveracruz.com\/","logo":{"@type":"ImageObject","inLanguage":"es","@id":"https:\/\/lospoliticosveracruz.com\/#\/schema\/logo\/image\/","url":"https:\/\/lospoliticosveracruz.com\/wp-content\/uploads\/2025\/12\/Logo-Nuevo-LOS-POLITICOS-1.jpg","contentUrl":"https:\/\/lospoliticosveracruz.com\/wp-content\/uploads\/2025\/12\/Logo-Nuevo-LOS-POLITICOS-1.jpg","width":260,"height":70,"caption":"Los pol\u00edticos Veracruz"},"image":{"@id":"https:\/\/lospoliticosveracruz.com\/#\/schema\/logo\/image\/"},"sameAs":["https:\/\/www.facebook.com\/people\/Notimemes-de-los-Polticos\/61565672886568\/","https:\/\/x.com\/LosPoliticosVer"]},{"@type":"Person","@id":"https:\/\/lospoliticosveracruz.com\/#\/schema\/person\/b8702bb0e538456e6efd07080bf2a4a2","name":"Lo viste en Los Pol\u00edticos","image":{"@type":"ImageObject","inLanguage":"es","@id":"https:\/\/secure.gravatar.com\/avatar\/3a8de04a2656d44082be478bd6c086daa447c4651605818287b9532d3d0bd435?s=96&d=mm&r=g","url":"https:\/\/secure.gravatar.com\/avatar\/3a8de04a2656d44082be478bd6c086daa447c4651605818287b9532d3d0bd435?s=96&d=mm&r=g","contentUrl":"https:\/\/secure.gravatar.com\/avatar\/3a8de04a2656d44082be478bd6c086daa447c4651605818287b9532d3d0bd435?s=96&d=mm&r=g","caption":"Lo viste en Los Pol\u00edticos"},"url":"https:\/\/lospoliticosveracruz.com\/?author=2"}]}},"_links":{"self":[{"href":"https:\/\/lospoliticosveracruz.com\/index.php?rest_route=\/wp\/v2\/posts\/151450","targetHints":{"allow":["GET"]}}],"collection":[{"href":"https:\/\/lospoliticosveracruz.com\/index.php?rest_route=\/wp\/v2\/posts"}],"about":[{"href":"https:\/\/lospoliticosveracruz.com\/index.php?rest_route=\/wp\/v2\/types\/post"}],"author":[{"embeddable":true,"href":"https:\/\/lospoliticosveracruz.com\/index.php?rest_route=\/wp\/v2\/users\/2"}],"replies":[{"embeddable":true,"href":"https:\/\/lospoliticosveracruz.com\/index.php?rest_route=%2Fwp%2Fv2%2Fcomments&post=151450"}],"version-history":[{"count":2,"href":"https:\/\/lospoliticosveracruz.com\/index.php?rest_route=\/wp\/v2\/posts\/151450\/revisions"}],"predecessor-version":[{"id":151452,"href":"https:\/\/lospoliticosveracruz.com\/index.php?rest_route=\/wp\/v2\/posts\/151450\/revisions\/151452"}],"wp:featuredmedia":[{"embeddable":true,"href":"https:\/\/lospoliticosveracruz.com\/index.php?rest_route=\/wp\/v2\/media\/141383"}],"wp:attachment":[{"href":"https:\/\/lospoliticosveracruz.com\/index.php?rest_route=%2Fwp%2Fv2%2Fmedia&parent=151450"}],"wp:term":[{"taxonomy":"category","embeddable":true,"href":"https:\/\/lospoliticosveracruz.com\/index.php?rest_route=%2Fwp%2Fv2%2Fcategories&post=151450"},{"taxonomy":"post_tag","embeddable":true,"href":"https:\/\/lospoliticosveracruz.com\/index.php?rest_route=%2Fwp%2Fv2%2Ftags&post=151450"}],"curies":[{"name":"wp","href":"https:\/\/api.w.org\/{rel}","templated":true}]}}