{"id":151453,"date":"2025-08-27T07:10:09","date_gmt":"2025-08-27T12:10:09","guid":{"rendered":"https:\/\/lospoliticosveracruz.com.mx\/?p=151453"},"modified":"2025-08-27T07:10:33","modified_gmt":"2025-08-27T12:10:33","slug":"la-firma-espuria-del-espurio","status":"publish","type":"post","link":"https:\/\/lospoliticosveracruz.com\/?p=151453","title":{"rendered":"LA FIRMA ESPURIA DEL ESPURIO"},"content":{"rendered":"\n\n\n<p><br><strong>Omar Z\u00fa\u00f1iga<\/strong><\/p>\n\n\n\n<p><em>De Primera Mano<\/em><\/p>\n\n\n\n<p>Este mi\u00e9rcoles 27 de agosto,&nbsp;<strong>Gerardo Mart\u00edn Aguilar<\/strong>, que cobra sus&nbsp;quincenas como Rector de la UV (aka Martincillo, el espurio, etc.) rinde hoy su \u00faltimo informe de trabajo, por el periodo para el que fue electo legalmente hace cuatro a\u00f1os.<\/p>\n\n\n\n<p>El pr\u00f3ximo lunes&nbsp;1 de septiembre, muy probablemente, Martincillo seguir\u00e1 apoltronado en su silla del edificio de Rector\u00eda, sin embargo, ya su&nbsp;figura&nbsp;no ser\u00e1 legal, ni leg\u00edtima, pues hasta ese momento habr\u00e1 sido impuesto por una Junta de Gobierno que convalidar\u00e1 el&nbsp;asalto&nbsp;a la UV, la misma que lo eligi\u00f3 como Rector hace cuatro a\u00f1os.<\/p>\n\n\n\n<p>Esta ilegitimidad a la que hacemos referencia recaer\u00e1 no solamente sobre \u00e9l, sino en todos los actos en los que participe, incluidos los jur\u00eddicos, como&nbsp;firma de documentos, celebraci\u00f3n de contratos, y por supuesto la firma de los T\u00edtulos con los que los j\u00f3venes egresados har\u00e1n&nbsp;valer sus estudios universitarios.<\/p>\n\n\n\n<p>Aqu\u00ed viene la pregunta para estos j\u00f3venesuniversitarios, si vale la pena soportar a fuerza a un rector espurio, que busca mantenerse en el poder de la UV a costa de lo que sea y de quien sea.<\/p>\n\n\n\n<p>Mostrado y demostrado&nbsp;est\u00e1&nbsp;que no le importa&nbsp;elbienestar de&nbsp;la&nbsp;Universidad Veracruzana, sino el suyo propio, ni siquiera el de la gavilla que&nbsp;le acompa\u00f1a.<\/p>\n\n\n\n<p>La comunidad universitaria no debe perder de vista, por el contrario, debe tener mucho muy claro, que las suspensiones tanto provisionales como definitivas que los juzgados han negado en los juicios de amparo contra la pr\u00f3rroga, no es por que exista sustancia para negar&nbsp;las suspensiones, por el contrario.<\/p>\n\n\n\n<p>Poco o nada se ha&nbsp;mencionado sobre el fondo de estas resoluciones, como dice uno de los autos,&nbsp;que \u201cla negativa de la suspensi\u00f3n solicitada de ninguna manera significa que el procedimiento mediante el cual se otorg\u00f3 pr\u00f3rroga al actual rector para seguir en dicho cargo se haya realizado conforme a los par\u00e1metros constitucionales y legales establecidos para tal efecto, ya que este aspecto, en su caso, ser\u00e1 motivo de an\u00e1lisis en la sentencia que se llegue a dictar en el juicio de amparo del que derivan lospresentes autos\u201d.<\/p>\n\n\n\n<p>Es decir, que el discurso que intentan implantar los Goebbels de petatiux al servicio de Martincillo, es esa mentira que buscan repetir mil veces.<\/p>\n\n\n\n<p>La realidad de las negativas a las suspensiones provisonal y definitiva, es que los jueces lo hacen porque \u201cla concesi\u00f3n de la medida&nbsp;conllevar\u00eda a la imposibilidad de que la Universidad Veracruzana pudiera gestionar y ejercer de manera inmediata, recursos econ\u00f3micos en beneficio de toda su comunidad; en otras palabras, se entorpecer\u00eda el correcto funcionamiento de la instituci\u00f3n educativa de mayor importancia y prestigio a nivel estatal\u201d.<\/p>\n\n\n\n<p>\u201cAdem\u00e1s, conceder la suspensi\u00f3n no solo implicar\u00edaalterar la estabilidad acad\u00e9mica, sino tambi\u00e9n la pol\u00edtica de dicha instituci\u00f3n, la cual debe guardar un adecuado equilibrio con el objeto de que la Universidad Veracruzana siga siendo un referente en la formaci\u00f3n de los estudiantes\u201d.<\/p>\n\n\n\n<p>\u00a1Esa es la realidad!<\/p>\n\n\n\n<p>*****<\/p>\n\n\n\n<p>Para documentar el optimismo, el informe de Martincillo, como los&nbsp;tres anteriores, est\u00e1 preparado&nbsp;para realizardse en Tlaqn\u00e1.<\/p>\n\n\n\n<p>De manera paralela, la RedUV por la Legalidad, prepara una protesta multitudinaria; enterados de esto en Rector\u00eda, tomaron la medida de \u201cblindar\u201d la USBI, mediante la suspensi\u00f3n de las actividades en todo el campus, incluidos los&nbsp;servicios&nbsp;bibliotecarios.<\/p>\n\n\n\n<p>Adem\u00e1s de controlar el acceso a peatones y autom\u00f3viles,&nbsp;permitiendo&nbsp;el paso s\u00f3lo a consejeros e \u201cinvitados especiales\u201d, previa identificaci\u00f3n en mano.<\/p>\n\n\n\n<p>*****<\/p>\n\n\n\n<p>La Red prepara ya un bloqueo en todos los accesos al campus y ofrecer\u00e1&nbsp;una conferencia de prensa para las 14:00 horas afuera de la USBI, sobre la avenida Circuito Presidentes.<\/p>\n\n\n\n<p>Pero adem\u00e1s, preparan tambi\u00e9n un bloqueo a la misma avenida Circuito Presidentes,&nbsp;el tiempo que sea necesario-&nbsp;dispuestos ya a mostrar que el espurio no tiene ning\u00fan tipo de respaldo al interior de la UV y que las movilizaciones estudiantiles empezar\u00e1n a ser realidad a partir de ma\u00f1ana mismo, hasta que se solucione&nbsp;esta crisis.<\/p>\n\n\n\n<p>*****<\/p>\n\n\n\n<p>Y ya para terminar, como en un acto partidista de Morena actual o del PRI de antes, habr\u00e1 acarreados de todas las regiones de la UV, para que sirvan de aplaudidores, con autobuses, torta y refresco incluidos. Uuuuffff.&nbsp;<\/p>\n\n\n\n<p>\u00a1Qu\u00e9 barbaridad!<\/p>\n\n\n\n<p>deprimera.mano2020@gmail.com<\/p>\n","protected":false},"excerpt":{"rendered":"<p>Omar Z\u00fa\u00f1iga De Primera Mano Este mi\u00e9rcoles 27 de agosto,&nbsp;Gerardo Mart\u00edn Aguilar, que cobra sus&nbsp;quincenas como Rector de la UV (aka Martincillo, el espurio, etc.) rinde hoy su \u00faltimo informe de trabajo, por el periodo para el que fue electo legalmente hace cuatro a\u00f1os. El pr\u00f3ximo lunes&nbsp;1 de septiembre, muy probablemente, Martincillo seguir\u00e1 apoltronado en [&hellip;]<\/p>\n","protected":false},"author":2,"featured_media":141427,"comment_status":"closed","ping_status":"closed","sticky":false,"template":"","format":"standard","meta":{"tdm_status":"","tdm_grid_status":"","footnotes":""},"categories":[70],"tags":[],"class_list":{"0":"post-151453","1":"post","2":"type-post","3":"status-publish","4":"format-standard","5":"has-post-thumbnail","7":"category-de-opinion"},"yoast_head":"<!-- This site is optimized with the Yoast SEO plugin v27.4 - https:\/\/yoast.com\/product\/yoast-seo-wordpress\/ -->\n<title>LA FIRMA ESPURIA DEL ESPURIO - Los pol\u00edticos Veracruz<\/title>\n<meta name=\"robots\" content=\"index, follow, max-snippet:-1, max-image-preview:large, max-video-preview:-1\" \/>\n<link rel=\"canonical\" href=\"https:\/\/lospoliticosveracruz.com\/?p=151453\" \/>\n<meta property=\"og:locale\" content=\"es_ES\" \/>\n<meta property=\"og:type\" content=\"article\" \/>\n<meta property=\"og:title\" content=\"LA FIRMA ESPURIA DEL ESPURIO - Los pol\u00edticos Veracruz\" \/>\n<meta property=\"og:description\" content=\"Omar Z\u00fa\u00f1iga De Primera Mano Este mi\u00e9rcoles 27 de agosto,&nbsp;Gerardo Mart\u00edn Aguilar, que cobra sus&nbsp;quincenas como Rector de la UV (aka Martincillo, el espurio, etc.) rinde hoy su \u00faltimo informe de trabajo, por el periodo para el que fue electo legalmente hace cuatro a\u00f1os. El pr\u00f3ximo lunes&nbsp;1 de septiembre, muy probablemente, Martincillo seguir\u00e1 apoltronado en [&hellip;]\" \/>\n<meta property=\"og:url\" content=\"https:\/\/lospoliticosveracruz.com\/?p=151453\" \/>\n<meta property=\"og:site_name\" content=\"Los pol\u00edticos Veracruz\" \/>\n<meta property=\"article:publisher\" content=\"https:\/\/www.facebook.com\/people\/Notimemes-de-los-Polticos\/61565672886568\/\" \/>\n<meta property=\"article:published_time\" content=\"2025-08-27T12:10:09+00:00\" \/>\n<meta property=\"article:modified_time\" content=\"2025-08-27T12:10:33+00:00\" \/>\n<meta property=\"og:image\" content=\"https:\/\/lospoliticosveracruz.com\/wp-content\/uploads\/2025\/04\/Omar-Zuniga.jpg\" \/>\n\t<meta property=\"og:image:width\" content=\"1250\" \/>\n\t<meta property=\"og:image:height\" content=\"667\" \/>\n\t<meta property=\"og:image:type\" content=\"image\/jpeg\" \/>\n<meta name=\"author\" content=\"Lo viste en Los Pol\u00edticos\" \/>\n<meta name=\"twitter:card\" content=\"summary_large_image\" \/>\n<meta name=\"twitter:creator\" content=\"@LosPoliticosVer\" \/>\n<meta name=\"twitter:site\" content=\"@LosPoliticosVer\" \/>\n<meta name=\"twitter:label1\" content=\"Escrito por\" \/>\n\t<meta name=\"twitter:data1\" content=\"Lo viste en Los Pol\u00edticos\" \/>\n\t<meta name=\"twitter:label2\" content=\"Tiempo de lectura\" \/>\n\t<meta name=\"twitter:data2\" content=\"4 minutos\" \/>\n<script type=\"application\/ld+json\" class=\"yoast-schema-graph\">{\"@context\":\"https:\\\/\\\/schema.org\",\"@graph\":[{\"@type\":\"Article\",\"@id\":\"https:\\\/\\\/lospoliticosveracruz.com\\\/?p=151453#article\",\"isPartOf\":{\"@id\":\"https:\\\/\\\/lospoliticosveracruz.com\\\/?p=151453\"},\"author\":{\"name\":\"Lo viste en Los Pol\u00edticos\",\"@id\":\"https:\\\/\\\/lospoliticosveracruz.com\\\/#\\\/schema\\\/person\\\/b8702bb0e538456e6efd07080bf2a4a2\"},\"headline\":\"LA FIRMA ESPURIA DEL ESPURIO\",\"datePublished\":\"2025-08-27T12:10:09+00:00\",\"dateModified\":\"2025-08-27T12:10:33+00:00\",\"mainEntityOfPage\":{\"@id\":\"https:\\\/\\\/lospoliticosveracruz.com\\\/?p=151453\"},\"wordCount\":775,\"publisher\":{\"@id\":\"https:\\\/\\\/lospoliticosveracruz.com\\\/#organization\"},\"image\":{\"@id\":\"https:\\\/\\\/lospoliticosveracruz.com\\\/?p=151453#primaryimage\"},\"thumbnailUrl\":\"https:\\\/\\\/lospoliticosveracruz.com\\\/wp-content\\\/uploads\\\/2025\\\/04\\\/Omar-Zuniga.jpg\",\"articleSection\":[\"De Opini\u00f3n\"],\"inLanguage\":\"es\"},{\"@type\":\"WebPage\",\"@id\":\"https:\\\/\\\/lospoliticosveracruz.com\\\/?p=151453\",\"url\":\"https:\\\/\\\/lospoliticosveracruz.com\\\/?p=151453\",\"name\":\"LA FIRMA ESPURIA DEL ESPURIO - Los pol\u00edticos Veracruz\",\"isPartOf\":{\"@id\":\"https:\\\/\\\/lospoliticosveracruz.com\\\/#website\"},\"primaryImageOfPage\":{\"@id\":\"https:\\\/\\\/lospoliticosveracruz.com\\\/?p=151453#primaryimage\"},\"image\":{\"@id\":\"https:\\\/\\\/lospoliticosveracruz.com\\\/?p=151453#primaryimage\"},\"thumbnailUrl\":\"https:\\\/\\\/lospoliticosveracruz.com\\\/wp-content\\\/uploads\\\/2025\\\/04\\\/Omar-Zuniga.jpg\",\"datePublished\":\"2025-08-27T12:10:09+00:00\",\"dateModified\":\"2025-08-27T12:10:33+00:00\",\"breadcrumb\":{\"@id\":\"https:\\\/\\\/lospoliticosveracruz.com\\\/?p=151453#breadcrumb\"},\"inLanguage\":\"es\",\"potentialAction\":[{\"@type\":\"ReadAction\",\"target\":[\"https:\\\/\\\/lospoliticosveracruz.com\\\/?p=151453\"]}]},{\"@type\":\"ImageObject\",\"inLanguage\":\"es\",\"@id\":\"https:\\\/\\\/lospoliticosveracruz.com\\\/?p=151453#primaryimage\",\"url\":\"https:\\\/\\\/lospoliticosveracruz.com\\\/wp-content\\\/uploads\\\/2025\\\/04\\\/Omar-Zuniga.jpg\",\"contentUrl\":\"https:\\\/\\\/lospoliticosveracruz.com\\\/wp-content\\\/uploads\\\/2025\\\/04\\\/Omar-Zuniga.jpg\",\"width\":1250,\"height\":667},{\"@type\":\"BreadcrumbList\",\"@id\":\"https:\\\/\\\/lospoliticosveracruz.com\\\/?p=151453#breadcrumb\",\"itemListElement\":[{\"@type\":\"ListItem\",\"position\":1,\"name\":\"Portada\",\"item\":\"https:\\\/\\\/lospoliticosveracruz.com\\\/\"},{\"@type\":\"ListItem\",\"position\":2,\"name\":\"LA FIRMA ESPURIA DEL ESPURIO\"}]},{\"@type\":\"WebSite\",\"@id\":\"https:\\\/\\\/lospoliticosveracruz.com\\\/#website\",\"url\":\"https:\\\/\\\/lospoliticosveracruz.com\\\/\",\"name\":\"Los pol\u00edticos Veracruz\",\"description\":\"\",\"publisher\":{\"@id\":\"https:\\\/\\\/lospoliticosveracruz.com\\\/#organization\"},\"potentialAction\":[{\"@type\":\"SearchAction\",\"target\":{\"@type\":\"EntryPoint\",\"urlTemplate\":\"https:\\\/\\\/lospoliticosveracruz.com\\\/?s={search_term_string}\"},\"query-input\":{\"@type\":\"PropertyValueSpecification\",\"valueRequired\":true,\"valueName\":\"search_term_string\"}}],\"inLanguage\":\"es\"},{\"@type\":\"Organization\",\"@id\":\"https:\\\/\\\/lospoliticosveracruz.com\\\/#organization\",\"name\":\"Los pol\u00edticos Veracruz\",\"url\":\"https:\\\/\\\/lospoliticosveracruz.com\\\/\",\"logo\":{\"@type\":\"ImageObject\",\"inLanguage\":\"es\",\"@id\":\"https:\\\/\\\/lospoliticosveracruz.com\\\/#\\\/schema\\\/logo\\\/image\\\/\",\"url\":\"https:\\\/\\\/lospoliticosveracruz.com\\\/wp-content\\\/uploads\\\/2025\\\/12\\\/Logo-Nuevo-LOS-POLITICOS-1.jpg\",\"contentUrl\":\"https:\\\/\\\/lospoliticosveracruz.com\\\/wp-content\\\/uploads\\\/2025\\\/12\\\/Logo-Nuevo-LOS-POLITICOS-1.jpg\",\"width\":260,\"height\":70,\"caption\":\"Los pol\u00edticos Veracruz\"},\"image\":{\"@id\":\"https:\\\/\\\/lospoliticosveracruz.com\\\/#\\\/schema\\\/logo\\\/image\\\/\"},\"sameAs\":[\"https:\\\/\\\/www.facebook.com\\\/people\\\/Notimemes-de-los-Polticos\\\/61565672886568\\\/\",\"https:\\\/\\\/x.com\\\/LosPoliticosVer\"]},{\"@type\":\"Person\",\"@id\":\"https:\\\/\\\/lospoliticosveracruz.com\\\/#\\\/schema\\\/person\\\/b8702bb0e538456e6efd07080bf2a4a2\",\"name\":\"Lo viste en Los Pol\u00edticos\",\"image\":{\"@type\":\"ImageObject\",\"inLanguage\":\"es\",\"@id\":\"https:\\\/\\\/secure.gravatar.com\\\/avatar\\\/3a8de04a2656d44082be478bd6c086daa447c4651605818287b9532d3d0bd435?s=96&d=mm&r=g\",\"url\":\"https:\\\/\\\/secure.gravatar.com\\\/avatar\\\/3a8de04a2656d44082be478bd6c086daa447c4651605818287b9532d3d0bd435?s=96&d=mm&r=g\",\"contentUrl\":\"https:\\\/\\\/secure.gravatar.com\\\/avatar\\\/3a8de04a2656d44082be478bd6c086daa447c4651605818287b9532d3d0bd435?s=96&d=mm&r=g\",\"caption\":\"Lo viste en Los Pol\u00edticos\"},\"url\":\"https:\\\/\\\/lospoliticosveracruz.com\\\/?author=2\"}]}<\/script>\n<!-- \/ Yoast SEO plugin. -->","yoast_head_json":{"title":"LA FIRMA ESPURIA DEL ESPURIO - Los pol\u00edticos Veracruz","robots":{"index":"index","follow":"follow","max-snippet":"max-snippet:-1","max-image-preview":"max-image-preview:large","max-video-preview":"max-video-preview:-1"},"canonical":"https:\/\/lospoliticosveracruz.com\/?p=151453","og_locale":"es_ES","og_type":"article","og_title":"LA FIRMA ESPURIA DEL ESPURIO - Los pol\u00edticos Veracruz","og_description":"Omar Z\u00fa\u00f1iga De Primera Mano Este mi\u00e9rcoles 27 de agosto,&nbsp;Gerardo Mart\u00edn Aguilar, que cobra sus&nbsp;quincenas como Rector de la UV (aka Martincillo, el espurio, etc.) rinde hoy su \u00faltimo informe de trabajo, por el periodo para el que fue electo legalmente hace cuatro a\u00f1os. El pr\u00f3ximo lunes&nbsp;1 de septiembre, muy probablemente, Martincillo seguir\u00e1 apoltronado en [&hellip;]","og_url":"https:\/\/lospoliticosveracruz.com\/?p=151453","og_site_name":"Los pol\u00edticos Veracruz","article_publisher":"https:\/\/www.facebook.com\/people\/Notimemes-de-los-Polticos\/61565672886568\/","article_published_time":"2025-08-27T12:10:09+00:00","article_modified_time":"2025-08-27T12:10:33+00:00","og_image":[{"width":1250,"height":667,"url":"https:\/\/lospoliticosveracruz.com\/wp-content\/uploads\/2025\/04\/Omar-Zuniga.jpg","type":"image\/jpeg"}],"author":"Lo viste en Los Pol\u00edticos","twitter_card":"summary_large_image","twitter_creator":"@LosPoliticosVer","twitter_site":"@LosPoliticosVer","twitter_misc":{"Escrito por":"Lo viste en Los Pol\u00edticos","Tiempo de lectura":"4 minutos"},"schema":{"@context":"https:\/\/schema.org","@graph":[{"@type":"Article","@id":"https:\/\/lospoliticosveracruz.com\/?p=151453#article","isPartOf":{"@id":"https:\/\/lospoliticosveracruz.com\/?p=151453"},"author":{"name":"Lo viste en Los Pol\u00edticos","@id":"https:\/\/lospoliticosveracruz.com\/#\/schema\/person\/b8702bb0e538456e6efd07080bf2a4a2"},"headline":"LA FIRMA ESPURIA DEL ESPURIO","datePublished":"2025-08-27T12:10:09+00:00","dateModified":"2025-08-27T12:10:33+00:00","mainEntityOfPage":{"@id":"https:\/\/lospoliticosveracruz.com\/?p=151453"},"wordCount":775,"publisher":{"@id":"https:\/\/lospoliticosveracruz.com\/#organization"},"image":{"@id":"https:\/\/lospoliticosveracruz.com\/?p=151453#primaryimage"},"thumbnailUrl":"https:\/\/lospoliticosveracruz.com\/wp-content\/uploads\/2025\/04\/Omar-Zuniga.jpg","articleSection":["De Opini\u00f3n"],"inLanguage":"es"},{"@type":"WebPage","@id":"https:\/\/lospoliticosveracruz.com\/?p=151453","url":"https:\/\/lospoliticosveracruz.com\/?p=151453","name":"LA FIRMA ESPURIA DEL ESPURIO - Los pol\u00edticos Veracruz","isPartOf":{"@id":"https:\/\/lospoliticosveracruz.com\/#website"},"primaryImageOfPage":{"@id":"https:\/\/lospoliticosveracruz.com\/?p=151453#primaryimage"},"image":{"@id":"https:\/\/lospoliticosveracruz.com\/?p=151453#primaryimage"},"thumbnailUrl":"https:\/\/lospoliticosveracruz.com\/wp-content\/uploads\/2025\/04\/Omar-Zuniga.jpg","datePublished":"2025-08-27T12:10:09+00:00","dateModified":"2025-08-27T12:10:33+00:00","breadcrumb":{"@id":"https:\/\/lospoliticosveracruz.com\/?p=151453#breadcrumb"},"inLanguage":"es","potentialAction":[{"@type":"ReadAction","target":["https:\/\/lospoliticosveracruz.com\/?p=151453"]}]},{"@type":"ImageObject","inLanguage":"es","@id":"https:\/\/lospoliticosveracruz.com\/?p=151453#primaryimage","url":"https:\/\/lospoliticosveracruz.com\/wp-content\/uploads\/2025\/04\/Omar-Zuniga.jpg","contentUrl":"https:\/\/lospoliticosveracruz.com\/wp-content\/uploads\/2025\/04\/Omar-Zuniga.jpg","width":1250,"height":667},{"@type":"BreadcrumbList","@id":"https:\/\/lospoliticosveracruz.com\/?p=151453#breadcrumb","itemListElement":[{"@type":"ListItem","position":1,"name":"Portada","item":"https:\/\/lospoliticosveracruz.com\/"},{"@type":"ListItem","position":2,"name":"LA FIRMA ESPURIA DEL ESPURIO"}]},{"@type":"WebSite","@id":"https:\/\/lospoliticosveracruz.com\/#website","url":"https:\/\/lospoliticosveracruz.com\/","name":"Los pol\u00edticos Veracruz","description":"","publisher":{"@id":"https:\/\/lospoliticosveracruz.com\/#organization"},"potentialAction":[{"@type":"SearchAction","target":{"@type":"EntryPoint","urlTemplate":"https:\/\/lospoliticosveracruz.com\/?s={search_term_string}"},"query-input":{"@type":"PropertyValueSpecification","valueRequired":true,"valueName":"search_term_string"}}],"inLanguage":"es"},{"@type":"Organization","@id":"https:\/\/lospoliticosveracruz.com\/#organization","name":"Los pol\u00edticos Veracruz","url":"https:\/\/lospoliticosveracruz.com\/","logo":{"@type":"ImageObject","inLanguage":"es","@id":"https:\/\/lospoliticosveracruz.com\/#\/schema\/logo\/image\/","url":"https:\/\/lospoliticosveracruz.com\/wp-content\/uploads\/2025\/12\/Logo-Nuevo-LOS-POLITICOS-1.jpg","contentUrl":"https:\/\/lospoliticosveracruz.com\/wp-content\/uploads\/2025\/12\/Logo-Nuevo-LOS-POLITICOS-1.jpg","width":260,"height":70,"caption":"Los pol\u00edticos Veracruz"},"image":{"@id":"https:\/\/lospoliticosveracruz.com\/#\/schema\/logo\/image\/"},"sameAs":["https:\/\/www.facebook.com\/people\/Notimemes-de-los-Polticos\/61565672886568\/","https:\/\/x.com\/LosPoliticosVer"]},{"@type":"Person","@id":"https:\/\/lospoliticosveracruz.com\/#\/schema\/person\/b8702bb0e538456e6efd07080bf2a4a2","name":"Lo viste en Los Pol\u00edticos","image":{"@type":"ImageObject","inLanguage":"es","@id":"https:\/\/secure.gravatar.com\/avatar\/3a8de04a2656d44082be478bd6c086daa447c4651605818287b9532d3d0bd435?s=96&d=mm&r=g","url":"https:\/\/secure.gravatar.com\/avatar\/3a8de04a2656d44082be478bd6c086daa447c4651605818287b9532d3d0bd435?s=96&d=mm&r=g","contentUrl":"https:\/\/secure.gravatar.com\/avatar\/3a8de04a2656d44082be478bd6c086daa447c4651605818287b9532d3d0bd435?s=96&d=mm&r=g","caption":"Lo viste en Los Pol\u00edticos"},"url":"https:\/\/lospoliticosveracruz.com\/?author=2"}]}},"_links":{"self":[{"href":"https:\/\/lospoliticosveracruz.com\/index.php?rest_route=\/wp\/v2\/posts\/151453","targetHints":{"allow":["GET"]}}],"collection":[{"href":"https:\/\/lospoliticosveracruz.com\/index.php?rest_route=\/wp\/v2\/posts"}],"about":[{"href":"https:\/\/lospoliticosveracruz.com\/index.php?rest_route=\/wp\/v2\/types\/post"}],"author":[{"embeddable":true,"href":"https:\/\/lospoliticosveracruz.com\/index.php?rest_route=\/wp\/v2\/users\/2"}],"replies":[{"embeddable":true,"href":"https:\/\/lospoliticosveracruz.com\/index.php?rest_route=%2Fwp%2Fv2%2Fcomments&post=151453"}],"version-history":[{"count":2,"href":"https:\/\/lospoliticosveracruz.com\/index.php?rest_route=\/wp\/v2\/posts\/151453\/revisions"}],"predecessor-version":[{"id":151455,"href":"https:\/\/lospoliticosveracruz.com\/index.php?rest_route=\/wp\/v2\/posts\/151453\/revisions\/151455"}],"wp:featuredmedia":[{"embeddable":true,"href":"https:\/\/lospoliticosveracruz.com\/index.php?rest_route=\/wp\/v2\/media\/141427"}],"wp:attachment":[{"href":"https:\/\/lospoliticosveracruz.com\/index.php?rest_route=%2Fwp%2Fv2%2Fmedia&parent=151453"}],"wp:term":[{"taxonomy":"category","embeddable":true,"href":"https:\/\/lospoliticosveracruz.com\/index.php?rest_route=%2Fwp%2Fv2%2Fcategories&post=151453"},{"taxonomy":"post_tag","embeddable":true,"href":"https:\/\/lospoliticosveracruz.com\/index.php?rest_route=%2Fwp%2Fv2%2Ftags&post=151453"}],"curies":[{"name":"wp","href":"https:\/\/api.w.org\/{rel}","templated":true}]}}