{"id":151702,"date":"2025-08-05T18:20:14","date_gmt":"2025-08-05T23:20:14","guid":{"rendered":"https:\/\/lospoliticosveracruz.com.mx\/?p=151702"},"modified":"2025-08-31T18:39:23","modified_gmt":"2025-08-31T23:39:23","slug":"para-mas-entradas","status":"publish","type":"post","link":"https:\/\/lospoliticosveracruz.com\/?p=151702","title":{"rendered":"PARA M\u00c1S ENTRADAS!"},"content":{"rendered":"\n<p>La Diputaci\u00f3n Permanente de la LXVII Legislatura turn\u00f3 a la Comisi\u00f3n Permanente de Hacienda Municipal la propuesta de reformar y adicionar el C\u00f3digo Hacendario del Municipio de C\u00f3rdoba, a fin de actualizar las referencias a salarios m\u00ednimos por la Unidad de Medida y Actualizaci\u00f3n (UMAs) y aumentar la recaudaci\u00f3n municipal por conceptos inmobiliarios, licencias por venta de bebidas alcoh\u00f3licas y de construcci\u00f3n, anuncios publicitarios, limpieza de predios, protecci\u00f3n civil y salud animal.<\/p>\n\n\n\n<p>La iniciativa va encaminada a fortalecer y actualizar el C\u00f3digo Hacendario Municipal vigente, ya que no se ha actualizado en las \u00faltimas administraciones municipales, lo que resulta en un desfase con las condiciones econ\u00f3micas y sociales actuales, por lo que se realiz\u00f3 un estudio a fondo con todas las \u00e1reas administrativas y operativas que a diario tienen contacto con la hacienda p\u00fablica municipal, adem\u00e1s de un consenso entre los ediles que conforman el Cabildo, buscando que la reforma propuesta no impacte en los contribuyentes.<\/p>\n\n\n\n<p>Con el fin de fomentar e incrementar la recaudaci\u00f3n municipal, el Ayuntamiento de C\u00f3rdoba plantea adiciones y reformas y as\u00ed los deudores de cr\u00e9ditos fiscales puedan estar al corriente con sus contribuciones.<\/p>\n\n\n\n<p>En el cap\u00edtulo sobre licencias a negocios que expenden bebidas alcoh\u00f3licas, se busca establecer que la licencia de funcionamiento se denomine anuencia municipal y que todos los negocios de este giro est\u00e9n empadronados ante el Ayuntamiento. Tambi\u00e9n se propone actualizar el costo de las mismas y su refrendo, de acuerdo con la realidad econ\u00f3mica actual.<\/p>\n\n\n\n<p>En consideraci\u00f3n del impacto visual que tienen los diversos anuncios publicitarios en la imagen urbana del municipio y que no todos se encuentran actualmente regulados y empadronados, en la Iniciativa se considera las diferentes cuotas para los contribuyentes, a fin de que coadyuven de forma inmediata a la hacienda p\u00fablica municipal.<\/p>\n\n\n\n<p>Tambi\u00e9n el ayuntamiento propone fortalecer lo relativo a la base cuotas y tarifas incluyendo los conceptos necesarios para su cobro, principalmente en materia de obras, como elementos de la contribuci\u00f3n que no estaban definidos. Asimismo, incluye conceptos de cobro como la licencia para aquellas construcciones e instalaciones con caracter\u00edsticas especiales, que del an\u00e1lisis realizado a los diversos proyectos de construcci\u00f3n que se realizan en el municipio se consideran trascendentes y de un impacto considerable en la generaci\u00f3n de ingresos para el municipio.<\/p>\n\n\n\n<p>Otro de los rubros que se implementan en la Iniciativa es que no se cuenta con los cobros o conceptos aplicables respecto los servicios prestados en materia de protecci\u00f3n civil. Por tal motivo, se propone incluir un cap\u00edtulo en el que se especifican todos los conceptos susceptibles de cobro, mismos que se dise\u00f1aron con base en los servicios que en materia de protecci\u00f3n civil presta actualmente el ayuntamiento.<\/p>\n\n\n\n<p>Se adiciona un cap\u00edtulo referente a los derechos por los servicios prestados en salud animal, para regular los servicios y los cobros que el ayuntamiento presta en este rubro, para la atenci\u00f3n en cuesti\u00f3n de cirug\u00edas, consultas, cremaciones, hospitalizaciones y otros gastos derivados de la atenci\u00f3n de diversas especies animales.<\/p>\n\n\n\n<p>Por \u00faltimo, el ayuntamiento precisa que estas propuestas son, ante todo, actualizaciones, que buscan el fortalecimiento de los servicios que el municipio presta actualmente y que, al realizar el cobro, se encuentre debidamente autorizado y fundamentado en su normativa hacendaria municipal.<\/p>\n","protected":false},"excerpt":{"rendered":"<p>La Diputaci\u00f3n Permanente de la LXVII Legislatura turn\u00f3 a la Comisi\u00f3n Permanente de Hacienda Municipal la propuesta de reformar y adicionar el C\u00f3digo Hacendario del Municipio de C\u00f3rdoba, a fin de actualizar las referencias a salarios m\u00ednimos por la Unidad de Medida y Actualizaci\u00f3n (UMAs) y aumentar la recaudaci\u00f3n municipal por conceptos inmobiliarios, licencias por [&hellip;]<\/p>\n","protected":false},"author":2,"featured_media":151703,"comment_status":"closed","ping_status":"closed","sticky":false,"template":"","format":"standard","meta":{"tdm_status":"","tdm_grid_status":"","footnotes":""},"categories":[43718],"tags":[751,9547,45834],"class_list":{"0":"post-151702","1":"post","2":"type-post","3":"status-publish","4":"format-standard","5":"has-post-thumbnail","7":"category-elpalaciodeencanto","8":"tag-cordoba","9":"tag-diputacion-permanente","10":"tag-hacienda-municipal"},"yoast_head":"<!-- This site is optimized with the Yoast SEO plugin v27.4 - https:\/\/yoast.com\/product\/yoast-seo-wordpress\/ -->\n<title>PARA M\u00c1S ENTRADAS! - Los pol\u00edticos Veracruz<\/title>\n<meta name=\"robots\" content=\"index, follow, max-snippet:-1, max-image-preview:large, max-video-preview:-1\" \/>\n<link rel=\"canonical\" href=\"https:\/\/lospoliticosveracruz.com\/?p=151702\" \/>\n<meta property=\"og:locale\" content=\"es_ES\" \/>\n<meta property=\"og:type\" content=\"article\" \/>\n<meta property=\"og:title\" content=\"PARA M\u00c1S ENTRADAS! - Los pol\u00edticos Veracruz\" \/>\n<meta property=\"og:description\" content=\"La Diputaci\u00f3n Permanente de la LXVII Legislatura turn\u00f3 a la Comisi\u00f3n Permanente de Hacienda Municipal la propuesta de reformar y adicionar el C\u00f3digo Hacendario del Municipio de C\u00f3rdoba, a fin de actualizar las referencias a salarios m\u00ednimos por la Unidad de Medida y Actualizaci\u00f3n (UMAs) y aumentar la recaudaci\u00f3n municipal por conceptos inmobiliarios, licencias por [&hellip;]\" \/>\n<meta property=\"og:url\" content=\"https:\/\/lospoliticosveracruz.com\/?p=151702\" \/>\n<meta property=\"og:site_name\" content=\"Los pol\u00edticos Veracruz\" \/>\n<meta property=\"article:publisher\" content=\"https:\/\/www.facebook.com\/people\/Notimemes-de-los-Polticos\/61565672886568\/\" \/>\n<meta property=\"article:published_time\" content=\"2025-08-05T23:20:14+00:00\" \/>\n<meta property=\"article:modified_time\" content=\"2025-08-31T23:39:23+00:00\" \/>\n<meta property=\"og:image\" content=\"https:\/\/lospoliticosveracruz.com\/wp-content\/uploads\/2025\/08\/Permanente.jpg\" \/>\n\t<meta property=\"og:image:width\" content=\"600\" \/>\n\t<meta property=\"og:image:height\" content=\"320\" \/>\n\t<meta property=\"og:image:type\" content=\"image\/jpeg\" \/>\n<meta name=\"author\" content=\"Lo viste en Los Pol\u00edticos\" \/>\n<meta name=\"twitter:card\" content=\"summary_large_image\" \/>\n<meta name=\"twitter:creator\" content=\"@LosPoliticosVer\" \/>\n<meta name=\"twitter:site\" content=\"@LosPoliticosVer\" \/>\n<meta name=\"twitter:label1\" content=\"Escrito por\" \/>\n\t<meta name=\"twitter:data1\" content=\"Lo viste en Los Pol\u00edticos\" \/>\n\t<meta name=\"twitter:label2\" content=\"Tiempo de lectura\" \/>\n\t<meta name=\"twitter:data2\" content=\"3 minutos\" \/>\n<script type=\"application\/ld+json\" class=\"yoast-schema-graph\">{\"@context\":\"https:\\\/\\\/schema.org\",\"@graph\":[{\"@type\":\"Article\",\"@id\":\"https:\\\/\\\/lospoliticosveracruz.com\\\/?p=151702#article\",\"isPartOf\":{\"@id\":\"https:\\\/\\\/lospoliticosveracruz.com\\\/?p=151702\"},\"author\":{\"name\":\"Lo viste en Los Pol\u00edticos\",\"@id\":\"https:\\\/\\\/lospoliticosveracruz.com\\\/#\\\/schema\\\/person\\\/b8702bb0e538456e6efd07080bf2a4a2\"},\"headline\":\"PARA M\u00c1S ENTRADAS!\",\"datePublished\":\"2025-08-05T23:20:14+00:00\",\"dateModified\":\"2025-08-31T23:39:23+00:00\",\"mainEntityOfPage\":{\"@id\":\"https:\\\/\\\/lospoliticosveracruz.com\\\/?p=151702\"},\"wordCount\":578,\"publisher\":{\"@id\":\"https:\\\/\\\/lospoliticosveracruz.com\\\/#organization\"},\"image\":{\"@id\":\"https:\\\/\\\/lospoliticosveracruz.com\\\/?p=151702#primaryimage\"},\"thumbnailUrl\":\"https:\\\/\\\/lospoliticosveracruz.com\\\/wp-content\\\/uploads\\\/2025\\\/08\\\/Permanente.jpg\",\"keywords\":[\"C\u00f3rdoba\",\"Diputaci\u00f3n Permanente\",\"Hacienda municipal\"],\"articleSection\":[\"EL PALACIO DE ENCANTO\"],\"inLanguage\":\"es\"},{\"@type\":\"WebPage\",\"@id\":\"https:\\\/\\\/lospoliticosveracruz.com\\\/?p=151702\",\"url\":\"https:\\\/\\\/lospoliticosveracruz.com\\\/?p=151702\",\"name\":\"PARA M\u00c1S ENTRADAS! - Los pol\u00edticos Veracruz\",\"isPartOf\":{\"@id\":\"https:\\\/\\\/lospoliticosveracruz.com\\\/#website\"},\"primaryImageOfPage\":{\"@id\":\"https:\\\/\\\/lospoliticosveracruz.com\\\/?p=151702#primaryimage\"},\"image\":{\"@id\":\"https:\\\/\\\/lospoliticosveracruz.com\\\/?p=151702#primaryimage\"},\"thumbnailUrl\":\"https:\\\/\\\/lospoliticosveracruz.com\\\/wp-content\\\/uploads\\\/2025\\\/08\\\/Permanente.jpg\",\"datePublished\":\"2025-08-05T23:20:14+00:00\",\"dateModified\":\"2025-08-31T23:39:23+00:00\",\"breadcrumb\":{\"@id\":\"https:\\\/\\\/lospoliticosveracruz.com\\\/?p=151702#breadcrumb\"},\"inLanguage\":\"es\",\"potentialAction\":[{\"@type\":\"ReadAction\",\"target\":[\"https:\\\/\\\/lospoliticosveracruz.com\\\/?p=151702\"]}]},{\"@type\":\"ImageObject\",\"inLanguage\":\"es\",\"@id\":\"https:\\\/\\\/lospoliticosveracruz.com\\\/?p=151702#primaryimage\",\"url\":\"https:\\\/\\\/lospoliticosveracruz.com\\\/wp-content\\\/uploads\\\/2025\\\/08\\\/Permanente.jpg\",\"contentUrl\":\"https:\\\/\\\/lospoliticosveracruz.com\\\/wp-content\\\/uploads\\\/2025\\\/08\\\/Permanente.jpg\",\"width\":600,\"height\":320},{\"@type\":\"BreadcrumbList\",\"@id\":\"https:\\\/\\\/lospoliticosveracruz.com\\\/?p=151702#breadcrumb\",\"itemListElement\":[{\"@type\":\"ListItem\",\"position\":1,\"name\":\"Portada\",\"item\":\"https:\\\/\\\/lospoliticosveracruz.com\\\/\"},{\"@type\":\"ListItem\",\"position\":2,\"name\":\"PARA M\u00c1S ENTRADAS!\"}]},{\"@type\":\"WebSite\",\"@id\":\"https:\\\/\\\/lospoliticosveracruz.com\\\/#website\",\"url\":\"https:\\\/\\\/lospoliticosveracruz.com\\\/\",\"name\":\"Los pol\u00edticos Veracruz\",\"description\":\"\",\"publisher\":{\"@id\":\"https:\\\/\\\/lospoliticosveracruz.com\\\/#organization\"},\"potentialAction\":[{\"@type\":\"SearchAction\",\"target\":{\"@type\":\"EntryPoint\",\"urlTemplate\":\"https:\\\/\\\/lospoliticosveracruz.com\\\/?s={search_term_string}\"},\"query-input\":{\"@type\":\"PropertyValueSpecification\",\"valueRequired\":true,\"valueName\":\"search_term_string\"}}],\"inLanguage\":\"es\"},{\"@type\":\"Organization\",\"@id\":\"https:\\\/\\\/lospoliticosveracruz.com\\\/#organization\",\"name\":\"Los pol\u00edticos Veracruz\",\"url\":\"https:\\\/\\\/lospoliticosveracruz.com\\\/\",\"logo\":{\"@type\":\"ImageObject\",\"inLanguage\":\"es\",\"@id\":\"https:\\\/\\\/lospoliticosveracruz.com\\\/#\\\/schema\\\/logo\\\/image\\\/\",\"url\":\"https:\\\/\\\/lospoliticosveracruz.com\\\/wp-content\\\/uploads\\\/2025\\\/12\\\/Logo-Nuevo-LOS-POLITICOS-1.jpg\",\"contentUrl\":\"https:\\\/\\\/lospoliticosveracruz.com\\\/wp-content\\\/uploads\\\/2025\\\/12\\\/Logo-Nuevo-LOS-POLITICOS-1.jpg\",\"width\":260,\"height\":70,\"caption\":\"Los pol\u00edticos Veracruz\"},\"image\":{\"@id\":\"https:\\\/\\\/lospoliticosveracruz.com\\\/#\\\/schema\\\/logo\\\/image\\\/\"},\"sameAs\":[\"https:\\\/\\\/www.facebook.com\\\/people\\\/Notimemes-de-los-Polticos\\\/61565672886568\\\/\",\"https:\\\/\\\/x.com\\\/LosPoliticosVer\"]},{\"@type\":\"Person\",\"@id\":\"https:\\\/\\\/lospoliticosveracruz.com\\\/#\\\/schema\\\/person\\\/b8702bb0e538456e6efd07080bf2a4a2\",\"name\":\"Lo viste en Los Pol\u00edticos\",\"image\":{\"@type\":\"ImageObject\",\"inLanguage\":\"es\",\"@id\":\"https:\\\/\\\/secure.gravatar.com\\\/avatar\\\/3a8de04a2656d44082be478bd6c086daa447c4651605818287b9532d3d0bd435?s=96&d=mm&r=g\",\"url\":\"https:\\\/\\\/secure.gravatar.com\\\/avatar\\\/3a8de04a2656d44082be478bd6c086daa447c4651605818287b9532d3d0bd435?s=96&d=mm&r=g\",\"contentUrl\":\"https:\\\/\\\/secure.gravatar.com\\\/avatar\\\/3a8de04a2656d44082be478bd6c086daa447c4651605818287b9532d3d0bd435?s=96&d=mm&r=g\",\"caption\":\"Lo viste en Los Pol\u00edticos\"},\"url\":\"https:\\\/\\\/lospoliticosveracruz.com\\\/?author=2\"}]}<\/script>\n<!-- \/ Yoast SEO plugin. -->","yoast_head_json":{"title":"PARA M\u00c1S ENTRADAS! - Los pol\u00edticos Veracruz","robots":{"index":"index","follow":"follow","max-snippet":"max-snippet:-1","max-image-preview":"max-image-preview:large","max-video-preview":"max-video-preview:-1"},"canonical":"https:\/\/lospoliticosveracruz.com\/?p=151702","og_locale":"es_ES","og_type":"article","og_title":"PARA M\u00c1S ENTRADAS! - Los pol\u00edticos Veracruz","og_description":"La Diputaci\u00f3n Permanente de la LXVII Legislatura turn\u00f3 a la Comisi\u00f3n Permanente de Hacienda Municipal la propuesta de reformar y adicionar el C\u00f3digo Hacendario del Municipio de C\u00f3rdoba, a fin de actualizar las referencias a salarios m\u00ednimos por la Unidad de Medida y Actualizaci\u00f3n (UMAs) y aumentar la recaudaci\u00f3n municipal por conceptos inmobiliarios, licencias por [&hellip;]","og_url":"https:\/\/lospoliticosveracruz.com\/?p=151702","og_site_name":"Los pol\u00edticos Veracruz","article_publisher":"https:\/\/www.facebook.com\/people\/Notimemes-de-los-Polticos\/61565672886568\/","article_published_time":"2025-08-05T23:20:14+00:00","article_modified_time":"2025-08-31T23:39:23+00:00","og_image":[{"width":600,"height":320,"url":"https:\/\/lospoliticosveracruz.com\/wp-content\/uploads\/2025\/08\/Permanente.jpg","type":"image\/jpeg"}],"author":"Lo viste en Los Pol\u00edticos","twitter_card":"summary_large_image","twitter_creator":"@LosPoliticosVer","twitter_site":"@LosPoliticosVer","twitter_misc":{"Escrito por":"Lo viste en Los Pol\u00edticos","Tiempo de lectura":"3 minutos"},"schema":{"@context":"https:\/\/schema.org","@graph":[{"@type":"Article","@id":"https:\/\/lospoliticosveracruz.com\/?p=151702#article","isPartOf":{"@id":"https:\/\/lospoliticosveracruz.com\/?p=151702"},"author":{"name":"Lo viste en Los Pol\u00edticos","@id":"https:\/\/lospoliticosveracruz.com\/#\/schema\/person\/b8702bb0e538456e6efd07080bf2a4a2"},"headline":"PARA M\u00c1S ENTRADAS!","datePublished":"2025-08-05T23:20:14+00:00","dateModified":"2025-08-31T23:39:23+00:00","mainEntityOfPage":{"@id":"https:\/\/lospoliticosveracruz.com\/?p=151702"},"wordCount":578,"publisher":{"@id":"https:\/\/lospoliticosveracruz.com\/#organization"},"image":{"@id":"https:\/\/lospoliticosveracruz.com\/?p=151702#primaryimage"},"thumbnailUrl":"https:\/\/lospoliticosveracruz.com\/wp-content\/uploads\/2025\/08\/Permanente.jpg","keywords":["C\u00f3rdoba","Diputaci\u00f3n Permanente","Hacienda municipal"],"articleSection":["EL PALACIO DE ENCANTO"],"inLanguage":"es"},{"@type":"WebPage","@id":"https:\/\/lospoliticosveracruz.com\/?p=151702","url":"https:\/\/lospoliticosveracruz.com\/?p=151702","name":"PARA M\u00c1S ENTRADAS! - Los pol\u00edticos Veracruz","isPartOf":{"@id":"https:\/\/lospoliticosveracruz.com\/#website"},"primaryImageOfPage":{"@id":"https:\/\/lospoliticosveracruz.com\/?p=151702#primaryimage"},"image":{"@id":"https:\/\/lospoliticosveracruz.com\/?p=151702#primaryimage"},"thumbnailUrl":"https:\/\/lospoliticosveracruz.com\/wp-content\/uploads\/2025\/08\/Permanente.jpg","datePublished":"2025-08-05T23:20:14+00:00","dateModified":"2025-08-31T23:39:23+00:00","breadcrumb":{"@id":"https:\/\/lospoliticosveracruz.com\/?p=151702#breadcrumb"},"inLanguage":"es","potentialAction":[{"@type":"ReadAction","target":["https:\/\/lospoliticosveracruz.com\/?p=151702"]}]},{"@type":"ImageObject","inLanguage":"es","@id":"https:\/\/lospoliticosveracruz.com\/?p=151702#primaryimage","url":"https:\/\/lospoliticosveracruz.com\/wp-content\/uploads\/2025\/08\/Permanente.jpg","contentUrl":"https:\/\/lospoliticosveracruz.com\/wp-content\/uploads\/2025\/08\/Permanente.jpg","width":600,"height":320},{"@type":"BreadcrumbList","@id":"https:\/\/lospoliticosveracruz.com\/?p=151702#breadcrumb","itemListElement":[{"@type":"ListItem","position":1,"name":"Portada","item":"https:\/\/lospoliticosveracruz.com\/"},{"@type":"ListItem","position":2,"name":"PARA M\u00c1S ENTRADAS!"}]},{"@type":"WebSite","@id":"https:\/\/lospoliticosveracruz.com\/#website","url":"https:\/\/lospoliticosveracruz.com\/","name":"Los pol\u00edticos Veracruz","description":"","publisher":{"@id":"https:\/\/lospoliticosveracruz.com\/#organization"},"potentialAction":[{"@type":"SearchAction","target":{"@type":"EntryPoint","urlTemplate":"https:\/\/lospoliticosveracruz.com\/?s={search_term_string}"},"query-input":{"@type":"PropertyValueSpecification","valueRequired":true,"valueName":"search_term_string"}}],"inLanguage":"es"},{"@type":"Organization","@id":"https:\/\/lospoliticosveracruz.com\/#organization","name":"Los pol\u00edticos Veracruz","url":"https:\/\/lospoliticosveracruz.com\/","logo":{"@type":"ImageObject","inLanguage":"es","@id":"https:\/\/lospoliticosveracruz.com\/#\/schema\/logo\/image\/","url":"https:\/\/lospoliticosveracruz.com\/wp-content\/uploads\/2025\/12\/Logo-Nuevo-LOS-POLITICOS-1.jpg","contentUrl":"https:\/\/lospoliticosveracruz.com\/wp-content\/uploads\/2025\/12\/Logo-Nuevo-LOS-POLITICOS-1.jpg","width":260,"height":70,"caption":"Los pol\u00edticos Veracruz"},"image":{"@id":"https:\/\/lospoliticosveracruz.com\/#\/schema\/logo\/image\/"},"sameAs":["https:\/\/www.facebook.com\/people\/Notimemes-de-los-Polticos\/61565672886568\/","https:\/\/x.com\/LosPoliticosVer"]},{"@type":"Person","@id":"https:\/\/lospoliticosveracruz.com\/#\/schema\/person\/b8702bb0e538456e6efd07080bf2a4a2","name":"Lo viste en Los Pol\u00edticos","image":{"@type":"ImageObject","inLanguage":"es","@id":"https:\/\/secure.gravatar.com\/avatar\/3a8de04a2656d44082be478bd6c086daa447c4651605818287b9532d3d0bd435?s=96&d=mm&r=g","url":"https:\/\/secure.gravatar.com\/avatar\/3a8de04a2656d44082be478bd6c086daa447c4651605818287b9532d3d0bd435?s=96&d=mm&r=g","contentUrl":"https:\/\/secure.gravatar.com\/avatar\/3a8de04a2656d44082be478bd6c086daa447c4651605818287b9532d3d0bd435?s=96&d=mm&r=g","caption":"Lo viste en Los Pol\u00edticos"},"url":"https:\/\/lospoliticosveracruz.com\/?author=2"}]}},"_links":{"self":[{"href":"https:\/\/lospoliticosveracruz.com\/index.php?rest_route=\/wp\/v2\/posts\/151702","targetHints":{"allow":["GET"]}}],"collection":[{"href":"https:\/\/lospoliticosveracruz.com\/index.php?rest_route=\/wp\/v2\/posts"}],"about":[{"href":"https:\/\/lospoliticosveracruz.com\/index.php?rest_route=\/wp\/v2\/types\/post"}],"author":[{"embeddable":true,"href":"https:\/\/lospoliticosveracruz.com\/index.php?rest_route=\/wp\/v2\/users\/2"}],"replies":[{"embeddable":true,"href":"https:\/\/lospoliticosveracruz.com\/index.php?rest_route=%2Fwp%2Fv2%2Fcomments&post=151702"}],"version-history":[{"count":1,"href":"https:\/\/lospoliticosveracruz.com\/index.php?rest_route=\/wp\/v2\/posts\/151702\/revisions"}],"predecessor-version":[{"id":151704,"href":"https:\/\/lospoliticosveracruz.com\/index.php?rest_route=\/wp\/v2\/posts\/151702\/revisions\/151704"}],"wp:featuredmedia":[{"embeddable":true,"href":"https:\/\/lospoliticosveracruz.com\/index.php?rest_route=\/wp\/v2\/media\/151703"}],"wp:attachment":[{"href":"https:\/\/lospoliticosveracruz.com\/index.php?rest_route=%2Fwp%2Fv2%2Fmedia&parent=151702"}],"wp:term":[{"taxonomy":"category","embeddable":true,"href":"https:\/\/lospoliticosveracruz.com\/index.php?rest_route=%2Fwp%2Fv2%2Fcategories&post=151702"},{"taxonomy":"post_tag","embeddable":true,"href":"https:\/\/lospoliticosveracruz.com\/index.php?rest_route=%2Fwp%2Fv2%2Ftags&post=151702"}],"curies":[{"name":"wp","href":"https:\/\/api.w.org\/{rel}","templated":true}]}}