{"id":151799,"date":"2025-09-02T07:10:22","date_gmt":"2025-09-02T12:10:22","guid":{"rendered":"https:\/\/lospoliticosveracruz.com.mx\/?p=151799"},"modified":"2025-09-02T07:10:38","modified_gmt":"2025-09-02T12:10:38","slug":"logros-de-sheinbaum-evidentes","status":"publish","type":"post","link":"https:\/\/lospoliticosveracruz.com\/?p=151799","title":{"rendered":"LOGROS DE SHEINBAUM, EVIDENTES"},"content":{"rendered":"\n\n\n<p><strong>Fanny Y\u00e9pez<\/strong><\/p>\n\n\n\n<p><em>La Columna<\/em><br>Claudia Sheinbaum Pardo compareci\u00f3 ante el poder legislativo tras de 11 meses de su gobierno, en su presentaci\u00f3n ante el Congreso de la Uni\u00f3n celebr\u00f3 los logros de su Administraci\u00f3n en temas como econom\u00eda, salud, energ\u00eda, seguridad y bienestar social.<\/p>\n\n\n\n<p>Sheinbaum ha dado su discurso desde Palacio Nacional en una ceremonia que dur\u00f3 poco m\u00e1s de una hora y en el que han acudidos como invitados, diversos personajes de la clase pol\u00edtica mexicana, y con la presencia de Andr\u00e9s L\u00f3pez Beltr\u00e1n, uno de los hijos del expresidente Andr\u00e9s Manuel L\u00f3pez Obrador, y actual Secretario de Organizaci\u00f3n de Morena.<\/p>\n\n\n\n<p>Medios nacionales e internacionales destacaron en sus publicaciones de este lunes que, el nivel de aprobaci\u00f3n de la primera mandataria de la naci\u00f3n, supera por siete puntos porcentuales a AMLO en su onceavo mes en Palacio Nacional, cuando el entonces presidente obtuvo 67% de aprobaci\u00f3n.<\/p>\n\n\n\n<p>Sin embargo, tambi\u00e9n en la serie de encuestas de El Financiero, el sondeo revela que la desaprobaci\u00f3n al trabajo de la presidenta alcanza 26%, este medio de comunicaci\u00f3n revelo al llegar a su Primer Informe de Gobierno que Sheinbaum tiene un 74% de aprobaci\u00f3n ciudadana, seg\u00fan la m\u00e1s reciente encuesta nacional de este medio.<\/p>\n\n\n\n<p>Los n\u00fameros estad\u00edsticos son fr\u00edos, pero reveladores, porque marcan que la presidenta Claudia Sheinbaum en las evaluaciones al desempe\u00f1o de gobierno por rubros, indican que 58% opina favorablemente del manejo de la econom\u00eda, con 38% que dio una opini\u00f3n desfavorable, el porcentaje m\u00e1s alto que se registra bajo la actual administraci\u00f3n federal.<\/p>\n\n\n\n<p>En seguridad p\u00fablica, la opini\u00f3n positiva fue de 41%, mientras que la negativa alcanz\u00f3 un nivel m\u00e1ximo hasta ahora, de 54%.<\/p>\n\n\n\n<p>En corrupci\u00f3n, la percepci\u00f3n favorable fue de 21% y la negativa de 73%, tambi\u00e9n la m\u00e1s alta en este rubro desde el inicio del gobierno. Las tres grandes tem\u00e1ticas: econom\u00eda, seguridad p\u00fablica y corrupci\u00f3n elevaron sus evaluaciones negativas.<\/p>\n\n\n\n<p>En tanto, la evaluaci\u00f3n de los apoyos sociales se mantiene como el rubro m\u00e1s positivo, con 77% de opiniones favorables y 20% de desfavorables.<\/p>\n\n\n\n<p>En tanto el prestigiado peri\u00f3dico digital espa\u00f1ol, El Pa\u00eds, enfatizo que la mandataria al ser la primera mujer presidenta, su objetivo es promover la igualdad y el reconocimiento y desarrollo con justicia de las mujeres de M\u00e9xico. \u201cPara ello, creamos la Secretar\u00eda de las Mujeres, que ya distribuye 25 millones de cartillas de derechos para garantizar que todas y todos sepamos que las mujeres tenemos derecho a vivir libres de violencia y acceder a la educaci\u00f3n, a la salud, a los derechos de propiedad, a la vivienda y que podemos ser lo que queramos ser\u201d.<\/p>\n\n\n\n<p>La presidenta ha recordado que entr\u00f3 en operaci\u00f3n la l\u00ednea nacional 079*1 de apoyo a mujeres, adem\u00e1s de la instalaci\u00f3n de 678 centros LIBRE de los 2.500 que habr\u00e1 en cada municipio del pa\u00eds. Se trata de espacios comunitarios que forman parte del Programa de Atenci\u00f3n Integral para el Bienestar de las Mujeres.<\/p>\n\n\n\n<p>\u201cModificamos la Ley para que sean reconocidas efem\u00e9rides de hero\u00ednas de la patria. Incre\u00edblemente, hasta 2025 no se conmemoraba un d\u00eda relacionado con una hero\u00edna de M\u00e9xico\u201d, ha se\u00f1alado.<\/p>\n\n\n\n<p>Sheinbaum, sobre la guerra impositiva de Estados Unidos: \u00abM\u00e9xico es el pa\u00eds con menor imposici\u00f3n arancelaria en el mundo\u00bb<\/p>\n\n\n\n<p>La presidenta, Claudia Sheinbaum, ha hecho menci\u00f3n a la situaci\u00f3n arancelaria de los \u00faltimos meses desde la irrupci\u00f3n de la Administraci\u00f3n Trump en la Casa Blanca. Ha destacado que se ha logrado construir una relaci\u00f3n de respeto mutuo con Estados Unidos.<\/p>\n\n\n\n<p>\u00abM\u00e9xico es el pa\u00eds con menor imposici\u00f3n arancelaria en el mundo. En el marco del TMEC Tratado entre M\u00e9xico, Estados Unidos y Canad\u00e1] podemos alcanzar a\u00fan mejores condiciones\u00bb, ha afirmado.<\/p>\n\n\n\n<p>Afirm\u00f3 este lunes en su primer informe oficial de Gobierno, que el pa\u00eds atraviesa \u201cun momento estelar\u201d y destac\u00f3 que es la naci\u00f3n, en el mundo, con menos aranceles impuestos por Estados Unidos desde la llegada de Donald Trump a la Casa Blanca.<\/p>\n\n\n\n<p>\u201cM\u00e9xico es el pa\u00eds con el menor porcentaje de tarifas arancelarias en promedio en todo el mundo\u201d, declar\u00f3 la mandataria durante su discurso en el Palacio Nacional de Ciudad de M\u00e9xico, en referencia a las tensiones comerciales con Washington.<\/p>\n\n\n\n<p>Claudia Sheinbaum asegur\u00f3 que el pa\u00eds registra una disminuci\u00f3n muy \u201csignificativa\u201d de los delitos de alto impacto. Dijo que la reducci\u00f3n nacional en 11 meses es de 20%, por ejemplo. Adem\u00e1s, resalt\u00f3 que el homicidio doloso se redujo en un 25% mientras que el de feminicidio ha registrado una baja en un 34%.<\/p>\n\n\n\n<p>La presidenta Sheinbaum ha afirmado que la Cuarta Transformaci\u00f3n (4T) no es un proyecto econ\u00f3mico o pol\u00edtico, \u00abes un proyecto de dignidad\u00bb. \u00abLa 4T es un proyecto que reconoce que no puede haber justicia si no saldamos la deuda con los pueblos ind\u00edgenas. No puede haber identidad nacional sin reconocer y dar su lugar al rostro ind\u00edgena de M\u00e9xico\u00bb.<\/p>\n\n\n\n<p>La presidenta Sheinbaum ha presumido la buena salud econ\u00f3mica del pa\u00eds, al recordar que la econom\u00eda nacional \u201cmuestra fortaleza\u201d con un crecimiento del 1,2% \u201cfrente a las estad\u00edsticas catastr\u00f3ficas\u201d que vaticinaban las instituciones financieras internacionales. Adem\u00e1s, asegur\u00f3 que desde 2018, el Gobierno de Morena ha aumentado en un 135% el salario m\u00ednimo, algo que, dijo, sirvi\u00f3 para impulsar el mercado nacional.<\/p>\n\n\n\n<p>La mandataria tambi\u00e9n asegur\u00f3 que el impulso a la industria nacional y la reducci\u00f3n de las importaciones, a trav\u00e9s del Plan M\u00e9xico, ha dado un panorama positivo para los bolsillos de todos los mexicanos. Los programas sociales, dijo, tambi\u00e9n han contribuido a la mejora general de la econom\u00eda.<\/p>\n\n\n\n<p>Andr\u00e9s L\u00f3pez Beltr\u00e1n, uno de los hijos del expresidente Andr\u00e9s Manuel L\u00f3pez Obrador, y actual Secretario de Organizaci\u00f3n de Morena ha reaparecido este lunes durante el primer informe de Gobierno de la presidenta Claudia Sheinbaum, en Palacio Nacional. A L\u00f3pez Beltr\u00e1n se le vio sentado en las primeras filas dentro del p\u00fablico y despu\u00e9s interactu\u00f3 con los asistentes.<\/p>\n\n\n\n<p>El alto funcionario del oficialismo, hab\u00eda guardado silencio y no hab\u00eda tenido apariciones p\u00fablicas desde que algunos medios de comunicaci\u00f3n y en redes sociales, se mostraron fotograf\u00edas suyas de su viaje a Tokio, Jap\u00f3n. El pol\u00edtico fue fotografiado, los primeros d\u00edas de agosto, en un hotel de lujo. Posteriormente, en una carta publicada despu\u00e9s de que salieran a la luz las im\u00e1genes de sus vacaciones, L\u00f3pez Beltr\u00e1n justific\u00f3 que se trat\u00f3 de un viaje pagado con su propio dinero.<\/p>\n\n\n\n<p>La presidenta concluyo la comparecencia de su primer informe de gesti\u00f3n, a casi un a\u00f1o de haber asumido el cargo en el Gobierno. \u201cVamos bien y vamos a ir mejor. Por nuestro pueblo, por nuestra patria, vale dar cada hora, cada minuto y cada aliento de nuestros d\u00edas. Llegamos a seguir transformando la naci\u00f3n por la paz y bienestar del pueblo. Con la fuerza de M\u00e9xico, de nuestro pueblo caminar\u00e9 sin descanso, con rectitud y honradez\u201d, ha afirmado frente a las autoridades que se dieron cita en el Palacio de Gobierno. La mandataria cerr\u00f3 su alocuci\u00f3n con tres gritos de \u201cQue viva M\u00e9xico\u201d.<\/p>\n","protected":false},"excerpt":{"rendered":"<p>Fanny Y\u00e9pez La ColumnaClaudia Sheinbaum Pardo compareci\u00f3 ante el poder legislativo tras de 11 meses de su gobierno, en su presentaci\u00f3n ante el Congreso de la Uni\u00f3n celebr\u00f3 los logros de su Administraci\u00f3n en temas como econom\u00eda, salud, energ\u00eda, seguridad y bienestar social. Sheinbaum ha dado su discurso desde Palacio Nacional en una ceremonia que [&hellip;]<\/p>\n","protected":false},"author":2,"featured_media":141383,"comment_status":"closed","ping_status":"closed","sticky":false,"template":"","format":"standard","meta":{"tdm_status":"","tdm_grid_status":"","footnotes":""},"categories":[70],"tags":[537,1026],"class_list":{"0":"post-151799","1":"post","2":"type-post","3":"status-publish","4":"format-standard","5":"has-post-thumbnail","7":"category-de-opinion","8":"tag-informe","9":"tag-morena"},"yoast_head":"<!-- This site is optimized with the Yoast SEO plugin v27.4 - https:\/\/yoast.com\/product\/yoast-seo-wordpress\/ -->\n<title>LOGROS DE SHEINBAUM, EVIDENTES - Los pol\u00edticos Veracruz<\/title>\n<meta name=\"robots\" content=\"index, follow, max-snippet:-1, max-image-preview:large, max-video-preview:-1\" \/>\n<link rel=\"canonical\" href=\"https:\/\/lospoliticosveracruz.com\/?p=151799\" \/>\n<meta property=\"og:locale\" content=\"es_ES\" \/>\n<meta property=\"og:type\" content=\"article\" \/>\n<meta property=\"og:title\" content=\"LOGROS DE SHEINBAUM, EVIDENTES - Los pol\u00edticos Veracruz\" \/>\n<meta property=\"og:description\" content=\"Fanny Y\u00e9pez La ColumnaClaudia Sheinbaum Pardo compareci\u00f3 ante el poder legislativo tras de 11 meses de su gobierno, en su presentaci\u00f3n ante el Congreso de la Uni\u00f3n celebr\u00f3 los logros de su Administraci\u00f3n en temas como econom\u00eda, salud, energ\u00eda, seguridad y bienestar social. Sheinbaum ha dado su discurso desde Palacio Nacional en una ceremonia que [&hellip;]\" \/>\n<meta property=\"og:url\" content=\"https:\/\/lospoliticosveracruz.com\/?p=151799\" \/>\n<meta property=\"og:site_name\" content=\"Los pol\u00edticos Veracruz\" \/>\n<meta property=\"article:publisher\" content=\"https:\/\/www.facebook.com\/people\/Notimemes-de-los-Polticos\/61565672886568\/\" \/>\n<meta property=\"article:published_time\" content=\"2025-09-02T12:10:22+00:00\" \/>\n<meta property=\"article:modified_time\" content=\"2025-09-02T12:10:38+00:00\" \/>\n<meta property=\"og:image\" content=\"https:\/\/lospoliticosveracruz.com\/wp-content\/uploads\/2025\/04\/Fanny-Yepez-Luna-e1768657334923.jpg\" \/>\n\t<meta property=\"og:image:width\" content=\"600\" \/>\n\t<meta property=\"og:image:height\" content=\"320\" \/>\n\t<meta property=\"og:image:type\" content=\"image\/jpeg\" \/>\n<meta name=\"author\" content=\"Lo viste en Los Pol\u00edticos\" \/>\n<meta name=\"twitter:card\" content=\"summary_large_image\" \/>\n<meta name=\"twitter:creator\" content=\"@LosPoliticosVer\" \/>\n<meta name=\"twitter:site\" content=\"@LosPoliticosVer\" \/>\n<meta name=\"twitter:label1\" content=\"Escrito por\" \/>\n\t<meta name=\"twitter:data1\" content=\"Lo viste en Los Pol\u00edticos\" \/>\n\t<meta name=\"twitter:label2\" content=\"Tiempo de lectura\" \/>\n\t<meta name=\"twitter:data2\" content=\"6 minutos\" \/>\n<script type=\"application\/ld+json\" class=\"yoast-schema-graph\">{\"@context\":\"https:\\\/\\\/schema.org\",\"@graph\":[{\"@type\":\"Article\",\"@id\":\"https:\\\/\\\/lospoliticosveracruz.com\\\/?p=151799#article\",\"isPartOf\":{\"@id\":\"https:\\\/\\\/lospoliticosveracruz.com\\\/?p=151799\"},\"author\":{\"name\":\"Lo viste en Los Pol\u00edticos\",\"@id\":\"https:\\\/\\\/lospoliticosveracruz.com\\\/#\\\/schema\\\/person\\\/b8702bb0e538456e6efd07080bf2a4a2\"},\"headline\":\"LOGROS DE SHEINBAUM, EVIDENTES\",\"datePublished\":\"2025-09-02T12:10:22+00:00\",\"dateModified\":\"2025-09-02T12:10:38+00:00\",\"mainEntityOfPage\":{\"@id\":\"https:\\\/\\\/lospoliticosveracruz.com\\\/?p=151799\"},\"wordCount\":1259,\"publisher\":{\"@id\":\"https:\\\/\\\/lospoliticosveracruz.com\\\/#organization\"},\"image\":{\"@id\":\"https:\\\/\\\/lospoliticosveracruz.com\\\/?p=151799#primaryimage\"},\"thumbnailUrl\":\"https:\\\/\\\/lospoliticosveracruz.com\\\/wp-content\\\/uploads\\\/2025\\\/04\\\/Fanny-Yepez-Luna-e1768657334923.jpg\",\"keywords\":[\"Informe\",\"Morena\"],\"articleSection\":[\"De Opini\u00f3n\"],\"inLanguage\":\"es\"},{\"@type\":\"WebPage\",\"@id\":\"https:\\\/\\\/lospoliticosveracruz.com\\\/?p=151799\",\"url\":\"https:\\\/\\\/lospoliticosveracruz.com\\\/?p=151799\",\"name\":\"LOGROS DE SHEINBAUM, EVIDENTES - Los pol\u00edticos Veracruz\",\"isPartOf\":{\"@id\":\"https:\\\/\\\/lospoliticosveracruz.com\\\/#website\"},\"primaryImageOfPage\":{\"@id\":\"https:\\\/\\\/lospoliticosveracruz.com\\\/?p=151799#primaryimage\"},\"image\":{\"@id\":\"https:\\\/\\\/lospoliticosveracruz.com\\\/?p=151799#primaryimage\"},\"thumbnailUrl\":\"https:\\\/\\\/lospoliticosveracruz.com\\\/wp-content\\\/uploads\\\/2025\\\/04\\\/Fanny-Yepez-Luna-e1768657334923.jpg\",\"datePublished\":\"2025-09-02T12:10:22+00:00\",\"dateModified\":\"2025-09-02T12:10:38+00:00\",\"breadcrumb\":{\"@id\":\"https:\\\/\\\/lospoliticosveracruz.com\\\/?p=151799#breadcrumb\"},\"inLanguage\":\"es\",\"potentialAction\":[{\"@type\":\"ReadAction\",\"target\":[\"https:\\\/\\\/lospoliticosveracruz.com\\\/?p=151799\"]}]},{\"@type\":\"ImageObject\",\"inLanguage\":\"es\",\"@id\":\"https:\\\/\\\/lospoliticosveracruz.com\\\/?p=151799#primaryimage\",\"url\":\"https:\\\/\\\/lospoliticosveracruz.com\\\/wp-content\\\/uploads\\\/2025\\\/04\\\/Fanny-Yepez-Luna-e1768657334923.jpg\",\"contentUrl\":\"https:\\\/\\\/lospoliticosveracruz.com\\\/wp-content\\\/uploads\\\/2025\\\/04\\\/Fanny-Yepez-Luna-e1768657334923.jpg\",\"width\":600,\"height\":320},{\"@type\":\"BreadcrumbList\",\"@id\":\"https:\\\/\\\/lospoliticosveracruz.com\\\/?p=151799#breadcrumb\",\"itemListElement\":[{\"@type\":\"ListItem\",\"position\":1,\"name\":\"Portada\",\"item\":\"https:\\\/\\\/lospoliticosveracruz.com\\\/\"},{\"@type\":\"ListItem\",\"position\":2,\"name\":\"LOGROS DE SHEINBAUM, EVIDENTES\"}]},{\"@type\":\"WebSite\",\"@id\":\"https:\\\/\\\/lospoliticosveracruz.com\\\/#website\",\"url\":\"https:\\\/\\\/lospoliticosveracruz.com\\\/\",\"name\":\"Los pol\u00edticos Veracruz\",\"description\":\"\",\"publisher\":{\"@id\":\"https:\\\/\\\/lospoliticosveracruz.com\\\/#organization\"},\"potentialAction\":[{\"@type\":\"SearchAction\",\"target\":{\"@type\":\"EntryPoint\",\"urlTemplate\":\"https:\\\/\\\/lospoliticosveracruz.com\\\/?s={search_term_string}\"},\"query-input\":{\"@type\":\"PropertyValueSpecification\",\"valueRequired\":true,\"valueName\":\"search_term_string\"}}],\"inLanguage\":\"es\"},{\"@type\":\"Organization\",\"@id\":\"https:\\\/\\\/lospoliticosveracruz.com\\\/#organization\",\"name\":\"Los pol\u00edticos Veracruz\",\"url\":\"https:\\\/\\\/lospoliticosveracruz.com\\\/\",\"logo\":{\"@type\":\"ImageObject\",\"inLanguage\":\"es\",\"@id\":\"https:\\\/\\\/lospoliticosveracruz.com\\\/#\\\/schema\\\/logo\\\/image\\\/\",\"url\":\"https:\\\/\\\/lospoliticosveracruz.com\\\/wp-content\\\/uploads\\\/2025\\\/12\\\/Logo-Nuevo-LOS-POLITICOS-1.jpg\",\"contentUrl\":\"https:\\\/\\\/lospoliticosveracruz.com\\\/wp-content\\\/uploads\\\/2025\\\/12\\\/Logo-Nuevo-LOS-POLITICOS-1.jpg\",\"width\":260,\"height\":70,\"caption\":\"Los pol\u00edticos Veracruz\"},\"image\":{\"@id\":\"https:\\\/\\\/lospoliticosveracruz.com\\\/#\\\/schema\\\/logo\\\/image\\\/\"},\"sameAs\":[\"https:\\\/\\\/www.facebook.com\\\/people\\\/Notimemes-de-los-Polticos\\\/61565672886568\\\/\",\"https:\\\/\\\/x.com\\\/LosPoliticosVer\"]},{\"@type\":\"Person\",\"@id\":\"https:\\\/\\\/lospoliticosveracruz.com\\\/#\\\/schema\\\/person\\\/b8702bb0e538456e6efd07080bf2a4a2\",\"name\":\"Lo viste en Los Pol\u00edticos\",\"image\":{\"@type\":\"ImageObject\",\"inLanguage\":\"es\",\"@id\":\"https:\\\/\\\/secure.gravatar.com\\\/avatar\\\/3a8de04a2656d44082be478bd6c086daa447c4651605818287b9532d3d0bd435?s=96&d=mm&r=g\",\"url\":\"https:\\\/\\\/secure.gravatar.com\\\/avatar\\\/3a8de04a2656d44082be478bd6c086daa447c4651605818287b9532d3d0bd435?s=96&d=mm&r=g\",\"contentUrl\":\"https:\\\/\\\/secure.gravatar.com\\\/avatar\\\/3a8de04a2656d44082be478bd6c086daa447c4651605818287b9532d3d0bd435?s=96&d=mm&r=g\",\"caption\":\"Lo viste en Los Pol\u00edticos\"},\"url\":\"https:\\\/\\\/lospoliticosveracruz.com\\\/?author=2\"}]}<\/script>\n<!-- \/ Yoast SEO plugin. -->","yoast_head_json":{"title":"LOGROS DE SHEINBAUM, EVIDENTES - Los pol\u00edticos Veracruz","robots":{"index":"index","follow":"follow","max-snippet":"max-snippet:-1","max-image-preview":"max-image-preview:large","max-video-preview":"max-video-preview:-1"},"canonical":"https:\/\/lospoliticosveracruz.com\/?p=151799","og_locale":"es_ES","og_type":"article","og_title":"LOGROS DE SHEINBAUM, EVIDENTES - Los pol\u00edticos Veracruz","og_description":"Fanny Y\u00e9pez La ColumnaClaudia Sheinbaum Pardo compareci\u00f3 ante el poder legislativo tras de 11 meses de su gobierno, en su presentaci\u00f3n ante el Congreso de la Uni\u00f3n celebr\u00f3 los logros de su Administraci\u00f3n en temas como econom\u00eda, salud, energ\u00eda, seguridad y bienestar social. Sheinbaum ha dado su discurso desde Palacio Nacional en una ceremonia que [&hellip;]","og_url":"https:\/\/lospoliticosveracruz.com\/?p=151799","og_site_name":"Los pol\u00edticos Veracruz","article_publisher":"https:\/\/www.facebook.com\/people\/Notimemes-de-los-Polticos\/61565672886568\/","article_published_time":"2025-09-02T12:10:22+00:00","article_modified_time":"2025-09-02T12:10:38+00:00","og_image":[{"width":600,"height":320,"url":"https:\/\/lospoliticosveracruz.com\/wp-content\/uploads\/2025\/04\/Fanny-Yepez-Luna-e1768657334923.jpg","type":"image\/jpeg"}],"author":"Lo viste en Los Pol\u00edticos","twitter_card":"summary_large_image","twitter_creator":"@LosPoliticosVer","twitter_site":"@LosPoliticosVer","twitter_misc":{"Escrito por":"Lo viste en Los Pol\u00edticos","Tiempo de lectura":"6 minutos"},"schema":{"@context":"https:\/\/schema.org","@graph":[{"@type":"Article","@id":"https:\/\/lospoliticosveracruz.com\/?p=151799#article","isPartOf":{"@id":"https:\/\/lospoliticosveracruz.com\/?p=151799"},"author":{"name":"Lo viste en Los Pol\u00edticos","@id":"https:\/\/lospoliticosveracruz.com\/#\/schema\/person\/b8702bb0e538456e6efd07080bf2a4a2"},"headline":"LOGROS DE SHEINBAUM, EVIDENTES","datePublished":"2025-09-02T12:10:22+00:00","dateModified":"2025-09-02T12:10:38+00:00","mainEntityOfPage":{"@id":"https:\/\/lospoliticosveracruz.com\/?p=151799"},"wordCount":1259,"publisher":{"@id":"https:\/\/lospoliticosveracruz.com\/#organization"},"image":{"@id":"https:\/\/lospoliticosveracruz.com\/?p=151799#primaryimage"},"thumbnailUrl":"https:\/\/lospoliticosveracruz.com\/wp-content\/uploads\/2025\/04\/Fanny-Yepez-Luna-e1768657334923.jpg","keywords":["Informe","Morena"],"articleSection":["De Opini\u00f3n"],"inLanguage":"es"},{"@type":"WebPage","@id":"https:\/\/lospoliticosveracruz.com\/?p=151799","url":"https:\/\/lospoliticosveracruz.com\/?p=151799","name":"LOGROS DE SHEINBAUM, EVIDENTES - Los pol\u00edticos Veracruz","isPartOf":{"@id":"https:\/\/lospoliticosveracruz.com\/#website"},"primaryImageOfPage":{"@id":"https:\/\/lospoliticosveracruz.com\/?p=151799#primaryimage"},"image":{"@id":"https:\/\/lospoliticosveracruz.com\/?p=151799#primaryimage"},"thumbnailUrl":"https:\/\/lospoliticosveracruz.com\/wp-content\/uploads\/2025\/04\/Fanny-Yepez-Luna-e1768657334923.jpg","datePublished":"2025-09-02T12:10:22+00:00","dateModified":"2025-09-02T12:10:38+00:00","breadcrumb":{"@id":"https:\/\/lospoliticosveracruz.com\/?p=151799#breadcrumb"},"inLanguage":"es","potentialAction":[{"@type":"ReadAction","target":["https:\/\/lospoliticosveracruz.com\/?p=151799"]}]},{"@type":"ImageObject","inLanguage":"es","@id":"https:\/\/lospoliticosveracruz.com\/?p=151799#primaryimage","url":"https:\/\/lospoliticosveracruz.com\/wp-content\/uploads\/2025\/04\/Fanny-Yepez-Luna-e1768657334923.jpg","contentUrl":"https:\/\/lospoliticosveracruz.com\/wp-content\/uploads\/2025\/04\/Fanny-Yepez-Luna-e1768657334923.jpg","width":600,"height":320},{"@type":"BreadcrumbList","@id":"https:\/\/lospoliticosveracruz.com\/?p=151799#breadcrumb","itemListElement":[{"@type":"ListItem","position":1,"name":"Portada","item":"https:\/\/lospoliticosveracruz.com\/"},{"@type":"ListItem","position":2,"name":"LOGROS DE SHEINBAUM, EVIDENTES"}]},{"@type":"WebSite","@id":"https:\/\/lospoliticosveracruz.com\/#website","url":"https:\/\/lospoliticosveracruz.com\/","name":"Los pol\u00edticos Veracruz","description":"","publisher":{"@id":"https:\/\/lospoliticosveracruz.com\/#organization"},"potentialAction":[{"@type":"SearchAction","target":{"@type":"EntryPoint","urlTemplate":"https:\/\/lospoliticosveracruz.com\/?s={search_term_string}"},"query-input":{"@type":"PropertyValueSpecification","valueRequired":true,"valueName":"search_term_string"}}],"inLanguage":"es"},{"@type":"Organization","@id":"https:\/\/lospoliticosveracruz.com\/#organization","name":"Los pol\u00edticos Veracruz","url":"https:\/\/lospoliticosveracruz.com\/","logo":{"@type":"ImageObject","inLanguage":"es","@id":"https:\/\/lospoliticosveracruz.com\/#\/schema\/logo\/image\/","url":"https:\/\/lospoliticosveracruz.com\/wp-content\/uploads\/2025\/12\/Logo-Nuevo-LOS-POLITICOS-1.jpg","contentUrl":"https:\/\/lospoliticosveracruz.com\/wp-content\/uploads\/2025\/12\/Logo-Nuevo-LOS-POLITICOS-1.jpg","width":260,"height":70,"caption":"Los pol\u00edticos Veracruz"},"image":{"@id":"https:\/\/lospoliticosveracruz.com\/#\/schema\/logo\/image\/"},"sameAs":["https:\/\/www.facebook.com\/people\/Notimemes-de-los-Polticos\/61565672886568\/","https:\/\/x.com\/LosPoliticosVer"]},{"@type":"Person","@id":"https:\/\/lospoliticosveracruz.com\/#\/schema\/person\/b8702bb0e538456e6efd07080bf2a4a2","name":"Lo viste en Los Pol\u00edticos","image":{"@type":"ImageObject","inLanguage":"es","@id":"https:\/\/secure.gravatar.com\/avatar\/3a8de04a2656d44082be478bd6c086daa447c4651605818287b9532d3d0bd435?s=96&d=mm&r=g","url":"https:\/\/secure.gravatar.com\/avatar\/3a8de04a2656d44082be478bd6c086daa447c4651605818287b9532d3d0bd435?s=96&d=mm&r=g","contentUrl":"https:\/\/secure.gravatar.com\/avatar\/3a8de04a2656d44082be478bd6c086daa447c4651605818287b9532d3d0bd435?s=96&d=mm&r=g","caption":"Lo viste en Los Pol\u00edticos"},"url":"https:\/\/lospoliticosveracruz.com\/?author=2"}]}},"_links":{"self":[{"href":"https:\/\/lospoliticosveracruz.com\/index.php?rest_route=\/wp\/v2\/posts\/151799","targetHints":{"allow":["GET"]}}],"collection":[{"href":"https:\/\/lospoliticosveracruz.com\/index.php?rest_route=\/wp\/v2\/posts"}],"about":[{"href":"https:\/\/lospoliticosveracruz.com\/index.php?rest_route=\/wp\/v2\/types\/post"}],"author":[{"embeddable":true,"href":"https:\/\/lospoliticosveracruz.com\/index.php?rest_route=\/wp\/v2\/users\/2"}],"replies":[{"embeddable":true,"href":"https:\/\/lospoliticosveracruz.com\/index.php?rest_route=%2Fwp%2Fv2%2Fcomments&post=151799"}],"version-history":[{"count":2,"href":"https:\/\/lospoliticosveracruz.com\/index.php?rest_route=\/wp\/v2\/posts\/151799\/revisions"}],"predecessor-version":[{"id":151801,"href":"https:\/\/lospoliticosveracruz.com\/index.php?rest_route=\/wp\/v2\/posts\/151799\/revisions\/151801"}],"wp:featuredmedia":[{"embeddable":true,"href":"https:\/\/lospoliticosveracruz.com\/index.php?rest_route=\/wp\/v2\/media\/141383"}],"wp:attachment":[{"href":"https:\/\/lospoliticosveracruz.com\/index.php?rest_route=%2Fwp%2Fv2%2Fmedia&parent=151799"}],"wp:term":[{"taxonomy":"category","embeddable":true,"href":"https:\/\/lospoliticosveracruz.com\/index.php?rest_route=%2Fwp%2Fv2%2Fcategories&post=151799"},{"taxonomy":"post_tag","embeddable":true,"href":"https:\/\/lospoliticosveracruz.com\/index.php?rest_route=%2Fwp%2Fv2%2Ftags&post=151799"}],"curies":[{"name":"wp","href":"https:\/\/api.w.org\/{rel}","templated":true}]}}