{"id":152112,"date":"2025-09-07T10:49:46","date_gmt":"2025-09-07T15:49:46","guid":{"rendered":"https:\/\/lospoliticosveracruz.com.mx\/?p=152112"},"modified":"2025-09-07T10:50:11","modified_gmt":"2025-09-07T15:50:11","slug":"no-tiene-llenadera-gutierrez-luna","status":"publish","type":"post","link":"https:\/\/lospoliticosveracruz.com\/?p=152112","title":{"rendered":"NO TIENE LLENADERA GUTI\u00c9RREZ LUNA\u00a0"},"content":{"rendered":"\n\n\n<p><strong>Juan de Dios S\u00e1nchez Abreu<\/strong><\/p>\n\n\n\n<p><em>El Gordito de Oro<\/em><\/p>\n\n\n\n<p>Seguimos en la organizaci\u00f3n del \u00abPrimer Foro de Comunicaci\u00f3n\u00bb, que se llevar\u00e1 a cabo el viernes 14 de noviembre del 2025 en las instalaciones del hotel H.B., ubicado en la avenida L\u00e1zaro C\u00e1rdenas #9 fracc. Siphe \u00c1nimas en la ciudad de Xalapa, Ver., con horario de 10:00 a 15:00 hrs. Con un costo de $300 pesos para alumnos universitarios de la carrera de comunicaci\u00f3n y $500 pesos a compa\u00f1eros comunicadores y periodistas, m\u00e1s informes con el Lic. Juan de Dios S\u00e1nchez Abreu (v\u00eda WhatsApp 2281013502) te esperamos, todav\u00eda tenemos lugares. Se otorgar\u00e1 un diploma con valor curricular \u00a1Ac\u00e1 nos vemos!.<\/p>\n\n\n\n<p>En su primer informe de labores la presidenta de la rep\u00fablica Claudia Sheinbaum, en el cierre de su discurso coment\u00f3 en sus \u00faltimos p\u00e1rrafos un lema: \u00abVamos bien y vamos a ir mejor\u00bb, muchos de los Veracruzanos nos acordamos del gran gobernador de Veracruz Fidel Herrera Beltr\u00e1n, porque \u00e8l, en su gesti\u00f3n de gobierno ten\u00eda el lema de: \u00abVamos bien y viene lo mejor\u00bb Orgullo Veracruzano. \u00a1El poeta cuenque\u00f1o!<\/p>\n\n\n\n<p>Quien sigue recorriendo el pa\u00eds en la creaci\u00f3n de su partido pol\u00edtico nacional es el maestro Cesar Augusto Santiago, quien una vez m\u00e1s intenta hacer las asambleas que requiere el INE, para poder obtener el registro del partido pol\u00edtico, el cual se llamar\u00e1 \u00abALTERNATIVA POPULAR\u00bb. Pr\u00f3ximamente andar\u00e1n por Veracruz.<\/p>\n\n\n\n<p>Le mando muchos saludos y \u00e9xitos a nuestro amigo Francisco Espejel Cortes quien, en d\u00edas pasados, tom\u00f3 protesta como dirigente municipal de la CNOP en Coatzacoalcos., quien trabajar\u00e1 de la mano del dirigente municipal del PRI Juan Pablo Sosa Gonz\u00e1lez. \u00a1En hora buena!<\/p>\n\n\n\n<p>Al que le vale madre ser c\u00ednico es al Diputado Federal Sergio Guti\u00e9rrez Luna, el esposo de la diputada \u00abdato protegido\u00bb, ya que la semana pasada hubo rotaci\u00f3n de la mesa directiva del congreso federal. \u00c9l era el presidente saliente, por lo que en el cambio hay m\u00e1s de 500 diputados para poder ocupar cargos en la mesa directiva, pero el famoso Cheko no quiso dejar la ubre y sin tener verg\u00fcenza lo volvieron a dejar ahora como vicepresidente, no tiene m&#8230;.., al parecer en Morena no hay m\u00e1s diputados que puedan tener esa oportunidad de ser vicepresidente de la mesa directiva, \u00a1claro que s\u00ed! pero el ambicioso diputado minatitleco, en complicidad con Ricardo Monreal, se qued\u00f3 a repetir aunque lo hayan bajado de cargo. Se sabe que el Cheko tiene m\u00e1s de 41 asesores en el congreso, donde deroga mensualmente m\u00e1s de un mill\u00f3n de pesos en sueldos, adem\u00e1s, de los gastos que debe tener de su esposa la diputada federal \u00abdato protegido\u00bb, a la que por cierto le gusta vestir super fif\u00ed, y no con pobreza franciscana, as\u00ed la cosas en el Congreso de la Uni\u00f3n. \u00a1Ver para creer!<\/p>\n\n\n\n<p>La verdad quienes se vieron bien en la organizaci\u00f3n del evento de la toma de protesta de los nuevos Magistrados y Jueces del Poder Judicial del Estado fue el personal del Congreso del Estado que coordina el diputado y maestro Esteban Bautista Hern\u00e1ndez, quien dirige la Junta de Coordinaci\u00f3n Pol\u00edtica (JUCOPO) de la LXVII Legislatura. Todo se llev\u00f3 muy puntal y los invitados se fueron contentos., la presencia de la gobernadora Roc\u00edo Nahle le dio el toque a la cereza del evento. Por cierto, la gobernadora inform\u00f3 que este domingo 7 de septiembre vendr\u00e1 a Veracruz la presidenta de la Rep\u00fablica Claudia Sheinbaum, a dar su informe de labores de todo lo que se ha realizado durante este a\u00f1o en su gesti\u00f3n en todo el pa\u00eds, en los diferentes rubros (salud, seguridad, educaci\u00f3n, obras, etc). \u00a1Esperemos!<\/p>\n\n\n\n<p>Nos leemos la otra semana, te invitamos a que nos sigas por todas nuestras plataformas y redes digitales, entrevistas y noticias en INNOVA DIGITAL-L\u00daDICO el Gordito de Oro y la revista impresa y digital INNOVA DIGITAL., y nuestro super portal de noticias. www.agenciainnovadigital.com. Mx<\/p>\n","protected":false},"excerpt":{"rendered":"<p>Juan de Dios S\u00e1nchez Abreu El Gordito de Oro Seguimos en la organizaci\u00f3n del \u00abPrimer Foro de Comunicaci\u00f3n\u00bb, que se llevar\u00e1 a cabo el viernes 14 de noviembre del 2025 en las instalaciones del hotel H.B., ubicado en la avenida L\u00e1zaro C\u00e1rdenas #9 fracc. Siphe \u00c1nimas en la ciudad de Xalapa, Ver., con horario de [&hellip;]<\/p>\n","protected":false},"author":2,"featured_media":141259,"comment_status":"closed","ping_status":"closed","sticky":false,"template":"","format":"standard","meta":{"tdm_status":"","tdm_grid_status":"","footnotes":""},"categories":[70],"tags":[436],"class_list":{"0":"post-152112","1":"post","2":"type-post","3":"status-publish","4":"format-standard","5":"has-post-thumbnail","7":"category-de-opinion","8":"tag-juan-de-dios-sanchez-abreu"},"yoast_head":"<!-- This site is optimized with the Yoast SEO plugin v27.4 - https:\/\/yoast.com\/product\/yoast-seo-wordpress\/ -->\n<title>NO TIENE LLENADERA GUTI\u00c9RREZ LUNA\u00a0 - Los pol\u00edticos Veracruz<\/title>\n<meta name=\"robots\" content=\"index, follow, max-snippet:-1, max-image-preview:large, max-video-preview:-1\" \/>\n<link rel=\"canonical\" href=\"https:\/\/lospoliticosveracruz.com\/?p=152112\" \/>\n<meta property=\"og:locale\" content=\"es_ES\" \/>\n<meta property=\"og:type\" content=\"article\" \/>\n<meta property=\"og:title\" content=\"NO TIENE LLENADERA GUTI\u00c9RREZ LUNA\u00a0 - Los pol\u00edticos Veracruz\" \/>\n<meta property=\"og:description\" content=\"Juan de Dios S\u00e1nchez Abreu El Gordito de Oro Seguimos en la organizaci\u00f3n del \u00abPrimer Foro de Comunicaci\u00f3n\u00bb, que se llevar\u00e1 a cabo el viernes 14 de noviembre del 2025 en las instalaciones del hotel H.B., ubicado en la avenida L\u00e1zaro C\u00e1rdenas #9 fracc. Siphe \u00c1nimas en la ciudad de Xalapa, Ver., con horario de [&hellip;]\" \/>\n<meta property=\"og:url\" content=\"https:\/\/lospoliticosveracruz.com\/?p=152112\" \/>\n<meta property=\"og:site_name\" content=\"Los pol\u00edticos Veracruz\" \/>\n<meta property=\"article:publisher\" content=\"https:\/\/www.facebook.com\/people\/Notimemes-de-los-Polticos\/61565672886568\/\" \/>\n<meta property=\"article:published_time\" content=\"2025-09-07T15:49:46+00:00\" \/>\n<meta property=\"article:modified_time\" content=\"2025-09-07T15:50:11+00:00\" \/>\n<meta property=\"og:image\" content=\"https:\/\/lospoliticosveracruz.com\/wp-content\/uploads\/2025\/04\/Juan-Sanchez-Abreu.jpg\" \/>\n\t<meta property=\"og:image:width\" content=\"1250\" \/>\n\t<meta property=\"og:image:height\" content=\"667\" \/>\n\t<meta property=\"og:image:type\" content=\"image\/jpeg\" \/>\n<meta name=\"author\" content=\"Lo viste en Los Pol\u00edticos\" \/>\n<meta name=\"twitter:card\" content=\"summary_large_image\" \/>\n<meta name=\"twitter:creator\" content=\"@LosPoliticosVer\" \/>\n<meta name=\"twitter:site\" content=\"@LosPoliticosVer\" \/>\n<meta name=\"twitter:label1\" content=\"Escrito por\" \/>\n\t<meta name=\"twitter:data1\" content=\"Lo viste en Los Pol\u00edticos\" \/>\n\t<meta name=\"twitter:label2\" content=\"Tiempo de lectura\" \/>\n\t<meta name=\"twitter:data2\" content=\"3 minutos\" \/>\n<script type=\"application\/ld+json\" class=\"yoast-schema-graph\">{\"@context\":\"https:\\\/\\\/schema.org\",\"@graph\":[{\"@type\":\"Article\",\"@id\":\"https:\\\/\\\/lospoliticosveracruz.com\\\/?p=152112#article\",\"isPartOf\":{\"@id\":\"https:\\\/\\\/lospoliticosveracruz.com\\\/?p=152112\"},\"author\":{\"name\":\"Lo viste en Los Pol\u00edticos\",\"@id\":\"https:\\\/\\\/lospoliticosveracruz.com\\\/#\\\/schema\\\/person\\\/b8702bb0e538456e6efd07080bf2a4a2\"},\"headline\":\"NO TIENE LLENADERA GUTI\u00c9RREZ LUNA\u00a0\",\"datePublished\":\"2025-09-07T15:49:46+00:00\",\"dateModified\":\"2025-09-07T15:50:11+00:00\",\"mainEntityOfPage\":{\"@id\":\"https:\\\/\\\/lospoliticosveracruz.com\\\/?p=152112\"},\"wordCount\":687,\"publisher\":{\"@id\":\"https:\\\/\\\/lospoliticosveracruz.com\\\/#organization\"},\"image\":{\"@id\":\"https:\\\/\\\/lospoliticosveracruz.com\\\/?p=152112#primaryimage\"},\"thumbnailUrl\":\"https:\\\/\\\/lospoliticosveracruz.com\\\/wp-content\\\/uploads\\\/2025\\\/04\\\/Juan-Sanchez-Abreu.jpg\",\"keywords\":[\"Juan de Dios S\u00e1nchez Abreu\"],\"articleSection\":[\"De Opini\u00f3n\"],\"inLanguage\":\"es\"},{\"@type\":\"WebPage\",\"@id\":\"https:\\\/\\\/lospoliticosveracruz.com\\\/?p=152112\",\"url\":\"https:\\\/\\\/lospoliticosveracruz.com\\\/?p=152112\",\"name\":\"NO TIENE LLENADERA GUTI\u00c9RREZ LUNA\u00a0 - Los pol\u00edticos Veracruz\",\"isPartOf\":{\"@id\":\"https:\\\/\\\/lospoliticosveracruz.com\\\/#website\"},\"primaryImageOfPage\":{\"@id\":\"https:\\\/\\\/lospoliticosveracruz.com\\\/?p=152112#primaryimage\"},\"image\":{\"@id\":\"https:\\\/\\\/lospoliticosveracruz.com\\\/?p=152112#primaryimage\"},\"thumbnailUrl\":\"https:\\\/\\\/lospoliticosveracruz.com\\\/wp-content\\\/uploads\\\/2025\\\/04\\\/Juan-Sanchez-Abreu.jpg\",\"datePublished\":\"2025-09-07T15:49:46+00:00\",\"dateModified\":\"2025-09-07T15:50:11+00:00\",\"breadcrumb\":{\"@id\":\"https:\\\/\\\/lospoliticosveracruz.com\\\/?p=152112#breadcrumb\"},\"inLanguage\":\"es\",\"potentialAction\":[{\"@type\":\"ReadAction\",\"target\":[\"https:\\\/\\\/lospoliticosveracruz.com\\\/?p=152112\"]}]},{\"@type\":\"ImageObject\",\"inLanguage\":\"es\",\"@id\":\"https:\\\/\\\/lospoliticosveracruz.com\\\/?p=152112#primaryimage\",\"url\":\"https:\\\/\\\/lospoliticosveracruz.com\\\/wp-content\\\/uploads\\\/2025\\\/04\\\/Juan-Sanchez-Abreu.jpg\",\"contentUrl\":\"https:\\\/\\\/lospoliticosveracruz.com\\\/wp-content\\\/uploads\\\/2025\\\/04\\\/Juan-Sanchez-Abreu.jpg\",\"width\":1250,\"height\":667},{\"@type\":\"BreadcrumbList\",\"@id\":\"https:\\\/\\\/lospoliticosveracruz.com\\\/?p=152112#breadcrumb\",\"itemListElement\":[{\"@type\":\"ListItem\",\"position\":1,\"name\":\"Portada\",\"item\":\"https:\\\/\\\/lospoliticosveracruz.com\\\/\"},{\"@type\":\"ListItem\",\"position\":2,\"name\":\"NO TIENE LLENADERA GUTI\u00c9RREZ LUNA\u00a0\"}]},{\"@type\":\"WebSite\",\"@id\":\"https:\\\/\\\/lospoliticosveracruz.com\\\/#website\",\"url\":\"https:\\\/\\\/lospoliticosveracruz.com\\\/\",\"name\":\"Los pol\u00edticos Veracruz\",\"description\":\"\",\"publisher\":{\"@id\":\"https:\\\/\\\/lospoliticosveracruz.com\\\/#organization\"},\"potentialAction\":[{\"@type\":\"SearchAction\",\"target\":{\"@type\":\"EntryPoint\",\"urlTemplate\":\"https:\\\/\\\/lospoliticosveracruz.com\\\/?s={search_term_string}\"},\"query-input\":{\"@type\":\"PropertyValueSpecification\",\"valueRequired\":true,\"valueName\":\"search_term_string\"}}],\"inLanguage\":\"es\"},{\"@type\":\"Organization\",\"@id\":\"https:\\\/\\\/lospoliticosveracruz.com\\\/#organization\",\"name\":\"Los pol\u00edticos Veracruz\",\"url\":\"https:\\\/\\\/lospoliticosveracruz.com\\\/\",\"logo\":{\"@type\":\"ImageObject\",\"inLanguage\":\"es\",\"@id\":\"https:\\\/\\\/lospoliticosveracruz.com\\\/#\\\/schema\\\/logo\\\/image\\\/\",\"url\":\"https:\\\/\\\/lospoliticosveracruz.com\\\/wp-content\\\/uploads\\\/2025\\\/12\\\/Logo-Nuevo-LOS-POLITICOS-1.jpg\",\"contentUrl\":\"https:\\\/\\\/lospoliticosveracruz.com\\\/wp-content\\\/uploads\\\/2025\\\/12\\\/Logo-Nuevo-LOS-POLITICOS-1.jpg\",\"width\":260,\"height\":70,\"caption\":\"Los pol\u00edticos Veracruz\"},\"image\":{\"@id\":\"https:\\\/\\\/lospoliticosveracruz.com\\\/#\\\/schema\\\/logo\\\/image\\\/\"},\"sameAs\":[\"https:\\\/\\\/www.facebook.com\\\/people\\\/Notimemes-de-los-Polticos\\\/61565672886568\\\/\",\"https:\\\/\\\/x.com\\\/LosPoliticosVer\"]},{\"@type\":\"Person\",\"@id\":\"https:\\\/\\\/lospoliticosveracruz.com\\\/#\\\/schema\\\/person\\\/b8702bb0e538456e6efd07080bf2a4a2\",\"name\":\"Lo viste en Los Pol\u00edticos\",\"image\":{\"@type\":\"ImageObject\",\"inLanguage\":\"es\",\"@id\":\"https:\\\/\\\/secure.gravatar.com\\\/avatar\\\/3a8de04a2656d44082be478bd6c086daa447c4651605818287b9532d3d0bd435?s=96&d=mm&r=g\",\"url\":\"https:\\\/\\\/secure.gravatar.com\\\/avatar\\\/3a8de04a2656d44082be478bd6c086daa447c4651605818287b9532d3d0bd435?s=96&d=mm&r=g\",\"contentUrl\":\"https:\\\/\\\/secure.gravatar.com\\\/avatar\\\/3a8de04a2656d44082be478bd6c086daa447c4651605818287b9532d3d0bd435?s=96&d=mm&r=g\",\"caption\":\"Lo viste en Los Pol\u00edticos\"},\"url\":\"https:\\\/\\\/lospoliticosveracruz.com\\\/?author=2\"}]}<\/script>\n<!-- \/ Yoast SEO plugin. -->","yoast_head_json":{"title":"NO TIENE LLENADERA GUTI\u00c9RREZ LUNA\u00a0 - Los pol\u00edticos Veracruz","robots":{"index":"index","follow":"follow","max-snippet":"max-snippet:-1","max-image-preview":"max-image-preview:large","max-video-preview":"max-video-preview:-1"},"canonical":"https:\/\/lospoliticosveracruz.com\/?p=152112","og_locale":"es_ES","og_type":"article","og_title":"NO TIENE LLENADERA GUTI\u00c9RREZ LUNA\u00a0 - Los pol\u00edticos Veracruz","og_description":"Juan de Dios S\u00e1nchez Abreu El Gordito de Oro Seguimos en la organizaci\u00f3n del \u00abPrimer Foro de Comunicaci\u00f3n\u00bb, que se llevar\u00e1 a cabo el viernes 14 de noviembre del 2025 en las instalaciones del hotel H.B., ubicado en la avenida L\u00e1zaro C\u00e1rdenas #9 fracc. Siphe \u00c1nimas en la ciudad de Xalapa, Ver., con horario de [&hellip;]","og_url":"https:\/\/lospoliticosveracruz.com\/?p=152112","og_site_name":"Los pol\u00edticos Veracruz","article_publisher":"https:\/\/www.facebook.com\/people\/Notimemes-de-los-Polticos\/61565672886568\/","article_published_time":"2025-09-07T15:49:46+00:00","article_modified_time":"2025-09-07T15:50:11+00:00","og_image":[{"width":1250,"height":667,"url":"https:\/\/lospoliticosveracruz.com\/wp-content\/uploads\/2025\/04\/Juan-Sanchez-Abreu.jpg","type":"image\/jpeg"}],"author":"Lo viste en Los Pol\u00edticos","twitter_card":"summary_large_image","twitter_creator":"@LosPoliticosVer","twitter_site":"@LosPoliticosVer","twitter_misc":{"Escrito por":"Lo viste en Los Pol\u00edticos","Tiempo de lectura":"3 minutos"},"schema":{"@context":"https:\/\/schema.org","@graph":[{"@type":"Article","@id":"https:\/\/lospoliticosveracruz.com\/?p=152112#article","isPartOf":{"@id":"https:\/\/lospoliticosveracruz.com\/?p=152112"},"author":{"name":"Lo viste en Los Pol\u00edticos","@id":"https:\/\/lospoliticosveracruz.com\/#\/schema\/person\/b8702bb0e538456e6efd07080bf2a4a2"},"headline":"NO TIENE LLENADERA GUTI\u00c9RREZ LUNA\u00a0","datePublished":"2025-09-07T15:49:46+00:00","dateModified":"2025-09-07T15:50:11+00:00","mainEntityOfPage":{"@id":"https:\/\/lospoliticosveracruz.com\/?p=152112"},"wordCount":687,"publisher":{"@id":"https:\/\/lospoliticosveracruz.com\/#organization"},"image":{"@id":"https:\/\/lospoliticosveracruz.com\/?p=152112#primaryimage"},"thumbnailUrl":"https:\/\/lospoliticosveracruz.com\/wp-content\/uploads\/2025\/04\/Juan-Sanchez-Abreu.jpg","keywords":["Juan de Dios S\u00e1nchez Abreu"],"articleSection":["De Opini\u00f3n"],"inLanguage":"es"},{"@type":"WebPage","@id":"https:\/\/lospoliticosveracruz.com\/?p=152112","url":"https:\/\/lospoliticosveracruz.com\/?p=152112","name":"NO TIENE LLENADERA GUTI\u00c9RREZ LUNA\u00a0 - Los pol\u00edticos Veracruz","isPartOf":{"@id":"https:\/\/lospoliticosveracruz.com\/#website"},"primaryImageOfPage":{"@id":"https:\/\/lospoliticosveracruz.com\/?p=152112#primaryimage"},"image":{"@id":"https:\/\/lospoliticosveracruz.com\/?p=152112#primaryimage"},"thumbnailUrl":"https:\/\/lospoliticosveracruz.com\/wp-content\/uploads\/2025\/04\/Juan-Sanchez-Abreu.jpg","datePublished":"2025-09-07T15:49:46+00:00","dateModified":"2025-09-07T15:50:11+00:00","breadcrumb":{"@id":"https:\/\/lospoliticosveracruz.com\/?p=152112#breadcrumb"},"inLanguage":"es","potentialAction":[{"@type":"ReadAction","target":["https:\/\/lospoliticosveracruz.com\/?p=152112"]}]},{"@type":"ImageObject","inLanguage":"es","@id":"https:\/\/lospoliticosveracruz.com\/?p=152112#primaryimage","url":"https:\/\/lospoliticosveracruz.com\/wp-content\/uploads\/2025\/04\/Juan-Sanchez-Abreu.jpg","contentUrl":"https:\/\/lospoliticosveracruz.com\/wp-content\/uploads\/2025\/04\/Juan-Sanchez-Abreu.jpg","width":1250,"height":667},{"@type":"BreadcrumbList","@id":"https:\/\/lospoliticosveracruz.com\/?p=152112#breadcrumb","itemListElement":[{"@type":"ListItem","position":1,"name":"Portada","item":"https:\/\/lospoliticosveracruz.com\/"},{"@type":"ListItem","position":2,"name":"NO TIENE LLENADERA GUTI\u00c9RREZ LUNA\u00a0"}]},{"@type":"WebSite","@id":"https:\/\/lospoliticosveracruz.com\/#website","url":"https:\/\/lospoliticosveracruz.com\/","name":"Los pol\u00edticos Veracruz","description":"","publisher":{"@id":"https:\/\/lospoliticosveracruz.com\/#organization"},"potentialAction":[{"@type":"SearchAction","target":{"@type":"EntryPoint","urlTemplate":"https:\/\/lospoliticosveracruz.com\/?s={search_term_string}"},"query-input":{"@type":"PropertyValueSpecification","valueRequired":true,"valueName":"search_term_string"}}],"inLanguage":"es"},{"@type":"Organization","@id":"https:\/\/lospoliticosveracruz.com\/#organization","name":"Los pol\u00edticos Veracruz","url":"https:\/\/lospoliticosveracruz.com\/","logo":{"@type":"ImageObject","inLanguage":"es","@id":"https:\/\/lospoliticosveracruz.com\/#\/schema\/logo\/image\/","url":"https:\/\/lospoliticosveracruz.com\/wp-content\/uploads\/2025\/12\/Logo-Nuevo-LOS-POLITICOS-1.jpg","contentUrl":"https:\/\/lospoliticosveracruz.com\/wp-content\/uploads\/2025\/12\/Logo-Nuevo-LOS-POLITICOS-1.jpg","width":260,"height":70,"caption":"Los pol\u00edticos Veracruz"},"image":{"@id":"https:\/\/lospoliticosveracruz.com\/#\/schema\/logo\/image\/"},"sameAs":["https:\/\/www.facebook.com\/people\/Notimemes-de-los-Polticos\/61565672886568\/","https:\/\/x.com\/LosPoliticosVer"]},{"@type":"Person","@id":"https:\/\/lospoliticosveracruz.com\/#\/schema\/person\/b8702bb0e538456e6efd07080bf2a4a2","name":"Lo viste en Los Pol\u00edticos","image":{"@type":"ImageObject","inLanguage":"es","@id":"https:\/\/secure.gravatar.com\/avatar\/3a8de04a2656d44082be478bd6c086daa447c4651605818287b9532d3d0bd435?s=96&d=mm&r=g","url":"https:\/\/secure.gravatar.com\/avatar\/3a8de04a2656d44082be478bd6c086daa447c4651605818287b9532d3d0bd435?s=96&d=mm&r=g","contentUrl":"https:\/\/secure.gravatar.com\/avatar\/3a8de04a2656d44082be478bd6c086daa447c4651605818287b9532d3d0bd435?s=96&d=mm&r=g","caption":"Lo viste en Los Pol\u00edticos"},"url":"https:\/\/lospoliticosveracruz.com\/?author=2"}]}},"_links":{"self":[{"href":"https:\/\/lospoliticosveracruz.com\/index.php?rest_route=\/wp\/v2\/posts\/152112","targetHints":{"allow":["GET"]}}],"collection":[{"href":"https:\/\/lospoliticosveracruz.com\/index.php?rest_route=\/wp\/v2\/posts"}],"about":[{"href":"https:\/\/lospoliticosveracruz.com\/index.php?rest_route=\/wp\/v2\/types\/post"}],"author":[{"embeddable":true,"href":"https:\/\/lospoliticosveracruz.com\/index.php?rest_route=\/wp\/v2\/users\/2"}],"replies":[{"embeddable":true,"href":"https:\/\/lospoliticosveracruz.com\/index.php?rest_route=%2Fwp%2Fv2%2Fcomments&post=152112"}],"version-history":[{"count":1,"href":"https:\/\/lospoliticosveracruz.com\/index.php?rest_route=\/wp\/v2\/posts\/152112\/revisions"}],"predecessor-version":[{"id":152113,"href":"https:\/\/lospoliticosveracruz.com\/index.php?rest_route=\/wp\/v2\/posts\/152112\/revisions\/152113"}],"wp:featuredmedia":[{"embeddable":true,"href":"https:\/\/lospoliticosveracruz.com\/index.php?rest_route=\/wp\/v2\/media\/141259"}],"wp:attachment":[{"href":"https:\/\/lospoliticosveracruz.com\/index.php?rest_route=%2Fwp%2Fv2%2Fmedia&parent=152112"}],"wp:term":[{"taxonomy":"category","embeddable":true,"href":"https:\/\/lospoliticosveracruz.com\/index.php?rest_route=%2Fwp%2Fv2%2Fcategories&post=152112"},{"taxonomy":"post_tag","embeddable":true,"href":"https:\/\/lospoliticosveracruz.com\/index.php?rest_route=%2Fwp%2Fv2%2Ftags&post=152112"}],"curies":[{"name":"wp","href":"https:\/\/api.w.org\/{rel}","templated":true}]}}