{"id":152136,"date":"2025-09-08T06:28:23","date_gmt":"2025-09-08T11:28:23","guid":{"rendered":"https:\/\/lospoliticosveracruz.com.mx\/?p=152136"},"modified":"2025-09-08T06:28:47","modified_gmt":"2025-09-08T11:28:47","slug":"harfuch-golpe-al-huachicol","status":"publish","type":"post","link":"https:\/\/lospoliticosveracruz.com\/?p=152136","title":{"rendered":"HARFUCH: GOLPE AL HUACHICOL!"},"content":{"rendered":"\n\n\n<p><br><strong>Fanny Y\u00e9pez<\/strong><br><em>La Columna<\/em><\/p>\n\n\n\n<p><\/p>\n\n\n\n<p>Un verdadero esc\u00e1ndalo envuelve a la Secretaria de Marina, por la detenci\u00f3n de Manuel Roberto Far\u00edas Laguna, vicealmirante de la Semar y sobrino pol\u00edtico del exsecretario Rafael Ojeda, estos arrestos desde luego que impactar\u00e1n negativamente en el prestigio de esa instituci\u00f3n, aunque no se puede tasar a todos por igual, ya que siempre hay ovejas negras en el reba\u00f1o.<\/p>\n\n\n\n<p>La tarde de este s\u00e1bado, cuando se comenz\u00f3 a difundir el resultado del operativo contra el huachicol, realizado por la Secretaria de Seguridad y Protecci\u00f3n Ciudadana de M\u00e9xico, comenzaron a inundarse las redes sociales sobre la p\u00e9rdida de confianza de esta instituci\u00f3n que ahora se confirm\u00f3 que, se corrompi\u00f3 por mafias organizadas dedicadas al tr\u00e1fico ilegal de este combustible.<\/p>\n\n\n\n<p>Entre los nombres destacados figura el vicealmirante Manuel Far\u00edas, acusado de encabezar una red de huachicol fiscal y se\u00f1alado, adem\u00e1s, por sus nexos familiares con altos mandos navales.<\/p>\n\n\n\n<p>Far\u00edas Laguna fue arrestado el martes 2 de septiembre de 2025 junto a otras 13 personas, entre ellas empresarios y funcionarios p\u00fablicos, por su presunta implicaci\u00f3n en una red de huachicol fiscal y por acusaciones de corrupci\u00f3n.<\/p>\n\n\n\n<p>En conferencia de prensa efectuada este domingo por Omar Garc\u00eda Harfuch, se detall\u00f3 que la operaci\u00f3n fue resultado de meses de investigaci\u00f3n conjunta, entre la Secretar\u00eda de Marina (Semar), la Fiscal\u00eda General de la Rep\u00fablica (FGR) y la SSPC, con apoyo de la Unidad de Inteligencia Financiera (UIF).<\/p>\n\n\n\n<p>De acuerdo con las autoridades, el desmantelamiento de esta red se vincula con el decomiso hist\u00f3rico de m\u00e1s de 10 millones de litros de hidrocarburo, realizado en Tampico en marzo de 2025.<\/p>\n\n\n\n<p>Omar Garc\u00eda Harfuch destac\u00f3 la importancia de la cooperaci\u00f3n institucional y subray\u00f3 que se actu\u00f3 bajo la instrucci\u00f3n presidencial de combatir la corrupci\u00f3n sin excepciones.<\/p>\n\n\n\n<p>\u201cEl pasado mes de marzo informamos de un operativo realizado en coordinaci\u00f3n con la FGR, Semar, Sedena, Guardia Nacional y SSPC para desarticular redes de tr\u00e1fico ilegal de hidrocarburo\u2026 se decomisaron m\u00e1s de 190 contenedores, tractocamiones y remolques, adem\u00e1s de 10 millones de litros de di\u00e9sel. Este aseguramiento dio inicio a una serie de trabajos de inteligencia que revelaron parte de una estructura criminal detr\u00e1s de estas actividades\u201d, se\u00f1al\u00f3.<\/p>\n\n\n\n<p>Aunque el coletazo del impacto negativo golpea a la Secretaria de Marina, estos operativos son absolutamente necesarios para limpiar a las fuerzas armadas que han sido corrompidas por crimen organizado. Con este se confirma que el gobierno federal va en serio y con toda su fuerza en contra de este flagelo, que tanto ha afectado a la poblaci\u00f3n mexicana.<\/p>\n\n\n\n<p>Harfuch, as\u00ed como el Gabinete de Seguridad, dijeron que hubo funcionarios, cinco marinos en activo, as\u00ed como empresarios relacionados con la red de huachicol que robaron miles de millones de pesos.<\/p>\n\n\n\n<p>La informaci\u00f3n oficial indica que la organizaci\u00f3n criminal dedicada al huachicol, ten\u00eda en su poder un buque con 10 millones de litros de hidrocarburos. Adem\u00e1s, los operativos de detenci\u00f3n ocurrieron en la Ciudad de M\u00e9xico, Nuevo Le\u00f3n, Tamaulipas y Veracruz.<\/p>\n\n\n\n<p>Hasta este domingo, hay 14 personas detenidas, todas puestas a disposici\u00f3n del Ministerio P\u00fablico, y las investigaciones contin\u00faan con tal de dar con m\u00e1s personas involucradas con el huachicol en M\u00e9xico, ya que, seg\u00fan el fiscal general de la Rep\u00fablica, Alejandro Gertz Manero, hay personas pr\u00f3fugas.<\/p>\n\n\n\n<p>El peri\u00f3dico el Financiero informo \u00bfQui\u00e9nes son los detenidos por la red de huachicol en Tamaulipas?<\/p>\n\n\n\n<p>3 empresarios.<br>5 marinos en activo.<br>Un marino en retiro.<br>5 exfuncionarios de aduanas.<br>Los nombres de las personas detenidas son: Manuel Roberto \u2018N\u2019, Climaco \u2018N\u2019, Humberto Enrique \u2018N\u2019, Sergio \u2018N\u2019, Carlos de Jes\u00fas \u2018N\u2019, Fernando \u2018N\u2019, Francisco Javier \u2018N\u2019, Endira X\u00f3chitl \u2018N\u2019, Perla Elizabeth \u2018N\u2019, Natalia \u2018N\u2019, Ismael \u2018N\u2019, Anuar \u2018N\u2019, H\u00e9ctor Manuel \u2018N\u2019 y Jos\u00e9 \u2018N\u2019.<\/p>\n\n\n\n<p>De acuerdo con Omar Garc\u00eda Harfuch, estos son los 14 detenidos por la red de huachicol que operaba en Tamaulipas, que se extend\u00eda hasta los estados de Nuevo, Le\u00f3n, Tamaulipas, ciudad de M\u00e9xico y Veracruz.<\/p>\n\n\n\n<p>En torno a los operativos y detenciones, existe una l\u00ednea que se debe investigar sobre el asesinato del Contralmirante Fernando Rub\u00e9n Guerrero Alc\u00e1ntar, ex director General de Recaudaci\u00f3n de Aduanas, que redact\u00f3 el 14 de junio de 2024 una carta dirigida al entonces Secretario de la Marina en la que relata supuestos actos de corrupci\u00f3n de funcionarios de la Armada en las Aduanas.<\/p>\n\n\n\n<p>No est\u00e1 claro si la envi\u00f3 al entonces Secretario, Rafael Ojeda Dur\u00e1n, pero la Fiscal\u00eda General de la Rep\u00fablica (FGR) supone que ese escrito fue el motivo por el que la Marina le orden\u00f3 presentarse el 10 de octubre a la oficina del nuevo Secretario, Raymundo Pedro Morales, aparentemente en respuesta a su misiva.<\/p>\n\n\n\n<p>El documento refiere que dos Capitanes, supuestos c\u00f3mplices del Vicealmirante Manuel Roberto Far\u00edas Laguna, detenido el pasado martes, incid\u00edan en las designaciones y movimientos de los marinos en las distintas Aduanas del Pa\u00eds, as\u00ed como en los tr\u00e1mites de las mercanc\u00edas.<\/p>\n\n\n\n<p>Casi un mes despu\u00e9s de la cita con el Secretario, el 8 de noviembre, Guerrero fue ejecutado en Manzanillo, Colima, un crimen que la Fiscal\u00eda relaciona con el contenido de su misiva y en el que presume que podr\u00eda estar involucrado personal de la Armada.<\/p>\n\n\n\n<p>Y lo supone porque al Contralmirante le autorizaron una licencia ordinaria del 6 al 8 de noviembre para atender asuntos personales y su segundo periodo vacacional del 9 al 25 de ese mes. Y para ello proporcion\u00f3 a la Marina los lugares exactos de su estancia vacacional en Manzanillo y Mazatl\u00e1n.<\/p>\n\n\n\n<p>Lo anterior consta en la carpeta de investigaci\u00f3n FED\/FEMDO\/FEIORPIFAMF-CDMX\/0000568\/2024, por la cual fue detenido el Vicealmirante y es buscado su hermano, el Contralmirante Fernando Far\u00edas Laguna, por el delito de delincuencia organizada, relacionado con el huachicol fiscal.<\/p>\n\n\n\n<p>A los dos altos mandos de la Semar se les puede aplicar el Consejo de Guerra<\/p>\n\n\n\n<p>S\u00ed, se pueden llevar a juicio por un consejo de guerra (o m\u00e1s precisamente, a los tribunales militares) a los miembros de las fuerzas armadas que cometan actos de corrupci\u00f3n, ya que estos tribunales conocen de los delitos de \u00edndole militar, incluyendo aquellos cometidos con intenci\u00f3n como la traici\u00f3n, el espionaje, el robo, entre otros delitos que pueden incluir la corrupci\u00f3n.<\/p>\n\n\n\n<p>En M\u00e9xico, existen tribunales militares que forman parte del fuero de guerra y son los encargados de conocer los delitos y faltas de \u00edndole militar.<br>Estos tribunales tienen competencia para juzgar los delitos cometidos por los miembros de las fuerzas armadas, incluso si el acto de corrupci\u00f3n ocurri\u00f3 mientras estaban en servicio, seg\u00fan el marco de la Constituci\u00f3n Pol\u00edtica de los Estados Unidos Mexicanos.<\/p>\n\n\n\n<p>La corrupci\u00f3n, al ser una acci\u00f3n que viola la ley y la disciplina militar, puede ser clasificada como un delito militar y, por tanto, es competencia de los tribunales militares.<\/p>\n","protected":false},"excerpt":{"rendered":"<p>Fanny Y\u00e9pezLa Columna Un verdadero esc\u00e1ndalo envuelve a la Secretaria de Marina, por la detenci\u00f3n de Manuel Roberto Far\u00edas Laguna, vicealmirante de la Semar y sobrino pol\u00edtico del exsecretario Rafael Ojeda, estos arrestos desde luego que impactar\u00e1n negativamente en el prestigio de esa instituci\u00f3n, aunque no se puede tasar a todos por igual, ya que [&hellip;]<\/p>\n","protected":false},"author":2,"featured_media":141383,"comment_status":"closed","ping_status":"closed","sticky":false,"template":"","format":"standard","meta":{"tdm_status":"","tdm_grid_status":"","footnotes":""},"categories":[70],"tags":[3795,1026,14775,13390,380,195],"class_list":{"0":"post-152136","1":"post","2":"type-post","3":"status-publish","4":"format-standard","5":"has-post-thumbnail","7":"category-de-opinion","8":"tag-ciudad-de-mexico","9":"tag-morena","10":"tag-omar-garcia-harfuch","11":"tag-semar","12":"tag-tamaulipas","13":"tag-veracruz"},"yoast_head":"<!-- This site is optimized with the Yoast SEO plugin v27.4 - https:\/\/yoast.com\/product\/yoast-seo-wordpress\/ -->\n<title>HARFUCH: GOLPE AL HUACHICOL! - Los pol\u00edticos Veracruz<\/title>\n<meta name=\"robots\" content=\"index, follow, max-snippet:-1, max-image-preview:large, max-video-preview:-1\" \/>\n<link rel=\"canonical\" href=\"https:\/\/lospoliticosveracruz.com\/?p=152136\" \/>\n<meta property=\"og:locale\" content=\"es_ES\" \/>\n<meta property=\"og:type\" content=\"article\" \/>\n<meta property=\"og:title\" content=\"HARFUCH: GOLPE AL HUACHICOL! - Los pol\u00edticos Veracruz\" \/>\n<meta property=\"og:description\" content=\"Fanny Y\u00e9pezLa Columna Un verdadero esc\u00e1ndalo envuelve a la Secretaria de Marina, por la detenci\u00f3n de Manuel Roberto Far\u00edas Laguna, vicealmirante de la Semar y sobrino pol\u00edtico del exsecretario Rafael Ojeda, estos arrestos desde luego que impactar\u00e1n negativamente en el prestigio de esa instituci\u00f3n, aunque no se puede tasar a todos por igual, ya que [&hellip;]\" \/>\n<meta property=\"og:url\" content=\"https:\/\/lospoliticosveracruz.com\/?p=152136\" \/>\n<meta property=\"og:site_name\" content=\"Los pol\u00edticos Veracruz\" \/>\n<meta property=\"article:publisher\" content=\"https:\/\/www.facebook.com\/people\/Notimemes-de-los-Polticos\/61565672886568\/\" \/>\n<meta property=\"article:published_time\" content=\"2025-09-08T11:28:23+00:00\" \/>\n<meta property=\"article:modified_time\" content=\"2025-09-08T11:28:47+00:00\" \/>\n<meta property=\"og:image\" content=\"https:\/\/lospoliticosveracruz.com\/wp-content\/uploads\/2025\/04\/Fanny-Yepez-Luna-e1768657334923.jpg\" \/>\n\t<meta property=\"og:image:width\" content=\"600\" \/>\n\t<meta property=\"og:image:height\" content=\"320\" \/>\n\t<meta property=\"og:image:type\" content=\"image\/jpeg\" \/>\n<meta name=\"author\" content=\"Lo viste en Los Pol\u00edticos\" \/>\n<meta name=\"twitter:card\" content=\"summary_large_image\" \/>\n<meta name=\"twitter:creator\" content=\"@LosPoliticosVer\" \/>\n<meta name=\"twitter:site\" content=\"@LosPoliticosVer\" \/>\n<meta name=\"twitter:label1\" content=\"Escrito por\" \/>\n\t<meta name=\"twitter:data1\" content=\"Lo viste en Los Pol\u00edticos\" \/>\n\t<meta name=\"twitter:label2\" content=\"Tiempo de lectura\" \/>\n\t<meta name=\"twitter:data2\" content=\"6 minutos\" \/>\n<script type=\"application\/ld+json\" class=\"yoast-schema-graph\">{\"@context\":\"https:\\\/\\\/schema.org\",\"@graph\":[{\"@type\":\"Article\",\"@id\":\"https:\\\/\\\/lospoliticosveracruz.com\\\/?p=152136#article\",\"isPartOf\":{\"@id\":\"https:\\\/\\\/lospoliticosveracruz.com\\\/?p=152136\"},\"author\":{\"name\":\"Lo viste en Los Pol\u00edticos\",\"@id\":\"https:\\\/\\\/lospoliticosveracruz.com\\\/#\\\/schema\\\/person\\\/b8702bb0e538456e6efd07080bf2a4a2\"},\"headline\":\"HARFUCH: GOLPE AL HUACHICOL!\",\"datePublished\":\"2025-09-08T11:28:23+00:00\",\"dateModified\":\"2025-09-08T11:28:47+00:00\",\"mainEntityOfPage\":{\"@id\":\"https:\\\/\\\/lospoliticosveracruz.com\\\/?p=152136\"},\"wordCount\":1190,\"publisher\":{\"@id\":\"https:\\\/\\\/lospoliticosveracruz.com\\\/#organization\"},\"image\":{\"@id\":\"https:\\\/\\\/lospoliticosveracruz.com\\\/?p=152136#primaryimage\"},\"thumbnailUrl\":\"https:\\\/\\\/lospoliticosveracruz.com\\\/wp-content\\\/uploads\\\/2025\\\/04\\\/Fanny-Yepez-Luna-e1768657334923.jpg\",\"keywords\":[\"Ciudad de M\u00e9xico\",\"Morena\",\"Omar Garc\u00eda Harfuch\",\"Semar\",\"Tamaulipas\",\"Veracruz\"],\"articleSection\":[\"De Opini\u00f3n\"],\"inLanguage\":\"es\"},{\"@type\":\"WebPage\",\"@id\":\"https:\\\/\\\/lospoliticosveracruz.com\\\/?p=152136\",\"url\":\"https:\\\/\\\/lospoliticosveracruz.com\\\/?p=152136\",\"name\":\"HARFUCH: GOLPE AL HUACHICOL! - Los pol\u00edticos Veracruz\",\"isPartOf\":{\"@id\":\"https:\\\/\\\/lospoliticosveracruz.com\\\/#website\"},\"primaryImageOfPage\":{\"@id\":\"https:\\\/\\\/lospoliticosveracruz.com\\\/?p=152136#primaryimage\"},\"image\":{\"@id\":\"https:\\\/\\\/lospoliticosveracruz.com\\\/?p=152136#primaryimage\"},\"thumbnailUrl\":\"https:\\\/\\\/lospoliticosveracruz.com\\\/wp-content\\\/uploads\\\/2025\\\/04\\\/Fanny-Yepez-Luna-e1768657334923.jpg\",\"datePublished\":\"2025-09-08T11:28:23+00:00\",\"dateModified\":\"2025-09-08T11:28:47+00:00\",\"breadcrumb\":{\"@id\":\"https:\\\/\\\/lospoliticosveracruz.com\\\/?p=152136#breadcrumb\"},\"inLanguage\":\"es\",\"potentialAction\":[{\"@type\":\"ReadAction\",\"target\":[\"https:\\\/\\\/lospoliticosveracruz.com\\\/?p=152136\"]}]},{\"@type\":\"ImageObject\",\"inLanguage\":\"es\",\"@id\":\"https:\\\/\\\/lospoliticosveracruz.com\\\/?p=152136#primaryimage\",\"url\":\"https:\\\/\\\/lospoliticosveracruz.com\\\/wp-content\\\/uploads\\\/2025\\\/04\\\/Fanny-Yepez-Luna-e1768657334923.jpg\",\"contentUrl\":\"https:\\\/\\\/lospoliticosveracruz.com\\\/wp-content\\\/uploads\\\/2025\\\/04\\\/Fanny-Yepez-Luna-e1768657334923.jpg\",\"width\":600,\"height\":320},{\"@type\":\"BreadcrumbList\",\"@id\":\"https:\\\/\\\/lospoliticosveracruz.com\\\/?p=152136#breadcrumb\",\"itemListElement\":[{\"@type\":\"ListItem\",\"position\":1,\"name\":\"Portada\",\"item\":\"https:\\\/\\\/lospoliticosveracruz.com\\\/\"},{\"@type\":\"ListItem\",\"position\":2,\"name\":\"HARFUCH: GOLPE AL HUACHICOL!\"}]},{\"@type\":\"WebSite\",\"@id\":\"https:\\\/\\\/lospoliticosveracruz.com\\\/#website\",\"url\":\"https:\\\/\\\/lospoliticosveracruz.com\\\/\",\"name\":\"Los pol\u00edticos Veracruz\",\"description\":\"\",\"publisher\":{\"@id\":\"https:\\\/\\\/lospoliticosveracruz.com\\\/#organization\"},\"potentialAction\":[{\"@type\":\"SearchAction\",\"target\":{\"@type\":\"EntryPoint\",\"urlTemplate\":\"https:\\\/\\\/lospoliticosveracruz.com\\\/?s={search_term_string}\"},\"query-input\":{\"@type\":\"PropertyValueSpecification\",\"valueRequired\":true,\"valueName\":\"search_term_string\"}}],\"inLanguage\":\"es\"},{\"@type\":\"Organization\",\"@id\":\"https:\\\/\\\/lospoliticosveracruz.com\\\/#organization\",\"name\":\"Los pol\u00edticos Veracruz\",\"url\":\"https:\\\/\\\/lospoliticosveracruz.com\\\/\",\"logo\":{\"@type\":\"ImageObject\",\"inLanguage\":\"es\",\"@id\":\"https:\\\/\\\/lospoliticosveracruz.com\\\/#\\\/schema\\\/logo\\\/image\\\/\",\"url\":\"https:\\\/\\\/lospoliticosveracruz.com\\\/wp-content\\\/uploads\\\/2025\\\/12\\\/Logo-Nuevo-LOS-POLITICOS-1.jpg\",\"contentUrl\":\"https:\\\/\\\/lospoliticosveracruz.com\\\/wp-content\\\/uploads\\\/2025\\\/12\\\/Logo-Nuevo-LOS-POLITICOS-1.jpg\",\"width\":260,\"height\":70,\"caption\":\"Los pol\u00edticos Veracruz\"},\"image\":{\"@id\":\"https:\\\/\\\/lospoliticosveracruz.com\\\/#\\\/schema\\\/logo\\\/image\\\/\"},\"sameAs\":[\"https:\\\/\\\/www.facebook.com\\\/people\\\/Notimemes-de-los-Polticos\\\/61565672886568\\\/\",\"https:\\\/\\\/x.com\\\/LosPoliticosVer\"]},{\"@type\":\"Person\",\"@id\":\"https:\\\/\\\/lospoliticosveracruz.com\\\/#\\\/schema\\\/person\\\/b8702bb0e538456e6efd07080bf2a4a2\",\"name\":\"Lo viste en Los Pol\u00edticos\",\"image\":{\"@type\":\"ImageObject\",\"inLanguage\":\"es\",\"@id\":\"https:\\\/\\\/secure.gravatar.com\\\/avatar\\\/3a8de04a2656d44082be478bd6c086daa447c4651605818287b9532d3d0bd435?s=96&d=mm&r=g\",\"url\":\"https:\\\/\\\/secure.gravatar.com\\\/avatar\\\/3a8de04a2656d44082be478bd6c086daa447c4651605818287b9532d3d0bd435?s=96&d=mm&r=g\",\"contentUrl\":\"https:\\\/\\\/secure.gravatar.com\\\/avatar\\\/3a8de04a2656d44082be478bd6c086daa447c4651605818287b9532d3d0bd435?s=96&d=mm&r=g\",\"caption\":\"Lo viste en Los Pol\u00edticos\"},\"url\":\"https:\\\/\\\/lospoliticosveracruz.com\\\/?author=2\"}]}<\/script>\n<!-- \/ Yoast SEO plugin. -->","yoast_head_json":{"title":"HARFUCH: GOLPE AL HUACHICOL! - Los pol\u00edticos Veracruz","robots":{"index":"index","follow":"follow","max-snippet":"max-snippet:-1","max-image-preview":"max-image-preview:large","max-video-preview":"max-video-preview:-1"},"canonical":"https:\/\/lospoliticosveracruz.com\/?p=152136","og_locale":"es_ES","og_type":"article","og_title":"HARFUCH: GOLPE AL HUACHICOL! - Los pol\u00edticos Veracruz","og_description":"Fanny Y\u00e9pezLa Columna Un verdadero esc\u00e1ndalo envuelve a la Secretaria de Marina, por la detenci\u00f3n de Manuel Roberto Far\u00edas Laguna, vicealmirante de la Semar y sobrino pol\u00edtico del exsecretario Rafael Ojeda, estos arrestos desde luego que impactar\u00e1n negativamente en el prestigio de esa instituci\u00f3n, aunque no se puede tasar a todos por igual, ya que [&hellip;]","og_url":"https:\/\/lospoliticosveracruz.com\/?p=152136","og_site_name":"Los pol\u00edticos Veracruz","article_publisher":"https:\/\/www.facebook.com\/people\/Notimemes-de-los-Polticos\/61565672886568\/","article_published_time":"2025-09-08T11:28:23+00:00","article_modified_time":"2025-09-08T11:28:47+00:00","og_image":[{"width":600,"height":320,"url":"https:\/\/lospoliticosveracruz.com\/wp-content\/uploads\/2025\/04\/Fanny-Yepez-Luna-e1768657334923.jpg","type":"image\/jpeg"}],"author":"Lo viste en Los Pol\u00edticos","twitter_card":"summary_large_image","twitter_creator":"@LosPoliticosVer","twitter_site":"@LosPoliticosVer","twitter_misc":{"Escrito por":"Lo viste en Los Pol\u00edticos","Tiempo de lectura":"6 minutos"},"schema":{"@context":"https:\/\/schema.org","@graph":[{"@type":"Article","@id":"https:\/\/lospoliticosveracruz.com\/?p=152136#article","isPartOf":{"@id":"https:\/\/lospoliticosveracruz.com\/?p=152136"},"author":{"name":"Lo viste en Los Pol\u00edticos","@id":"https:\/\/lospoliticosveracruz.com\/#\/schema\/person\/b8702bb0e538456e6efd07080bf2a4a2"},"headline":"HARFUCH: GOLPE AL HUACHICOL!","datePublished":"2025-09-08T11:28:23+00:00","dateModified":"2025-09-08T11:28:47+00:00","mainEntityOfPage":{"@id":"https:\/\/lospoliticosveracruz.com\/?p=152136"},"wordCount":1190,"publisher":{"@id":"https:\/\/lospoliticosveracruz.com\/#organization"},"image":{"@id":"https:\/\/lospoliticosveracruz.com\/?p=152136#primaryimage"},"thumbnailUrl":"https:\/\/lospoliticosveracruz.com\/wp-content\/uploads\/2025\/04\/Fanny-Yepez-Luna-e1768657334923.jpg","keywords":["Ciudad de M\u00e9xico","Morena","Omar Garc\u00eda Harfuch","Semar","Tamaulipas","Veracruz"],"articleSection":["De Opini\u00f3n"],"inLanguage":"es"},{"@type":"WebPage","@id":"https:\/\/lospoliticosveracruz.com\/?p=152136","url":"https:\/\/lospoliticosveracruz.com\/?p=152136","name":"HARFUCH: GOLPE AL HUACHICOL! - Los pol\u00edticos Veracruz","isPartOf":{"@id":"https:\/\/lospoliticosveracruz.com\/#website"},"primaryImageOfPage":{"@id":"https:\/\/lospoliticosveracruz.com\/?p=152136#primaryimage"},"image":{"@id":"https:\/\/lospoliticosveracruz.com\/?p=152136#primaryimage"},"thumbnailUrl":"https:\/\/lospoliticosveracruz.com\/wp-content\/uploads\/2025\/04\/Fanny-Yepez-Luna-e1768657334923.jpg","datePublished":"2025-09-08T11:28:23+00:00","dateModified":"2025-09-08T11:28:47+00:00","breadcrumb":{"@id":"https:\/\/lospoliticosveracruz.com\/?p=152136#breadcrumb"},"inLanguage":"es","potentialAction":[{"@type":"ReadAction","target":["https:\/\/lospoliticosveracruz.com\/?p=152136"]}]},{"@type":"ImageObject","inLanguage":"es","@id":"https:\/\/lospoliticosveracruz.com\/?p=152136#primaryimage","url":"https:\/\/lospoliticosveracruz.com\/wp-content\/uploads\/2025\/04\/Fanny-Yepez-Luna-e1768657334923.jpg","contentUrl":"https:\/\/lospoliticosveracruz.com\/wp-content\/uploads\/2025\/04\/Fanny-Yepez-Luna-e1768657334923.jpg","width":600,"height":320},{"@type":"BreadcrumbList","@id":"https:\/\/lospoliticosveracruz.com\/?p=152136#breadcrumb","itemListElement":[{"@type":"ListItem","position":1,"name":"Portada","item":"https:\/\/lospoliticosveracruz.com\/"},{"@type":"ListItem","position":2,"name":"HARFUCH: GOLPE AL HUACHICOL!"}]},{"@type":"WebSite","@id":"https:\/\/lospoliticosveracruz.com\/#website","url":"https:\/\/lospoliticosveracruz.com\/","name":"Los pol\u00edticos Veracruz","description":"","publisher":{"@id":"https:\/\/lospoliticosveracruz.com\/#organization"},"potentialAction":[{"@type":"SearchAction","target":{"@type":"EntryPoint","urlTemplate":"https:\/\/lospoliticosveracruz.com\/?s={search_term_string}"},"query-input":{"@type":"PropertyValueSpecification","valueRequired":true,"valueName":"search_term_string"}}],"inLanguage":"es"},{"@type":"Organization","@id":"https:\/\/lospoliticosveracruz.com\/#organization","name":"Los pol\u00edticos Veracruz","url":"https:\/\/lospoliticosveracruz.com\/","logo":{"@type":"ImageObject","inLanguage":"es","@id":"https:\/\/lospoliticosveracruz.com\/#\/schema\/logo\/image\/","url":"https:\/\/lospoliticosveracruz.com\/wp-content\/uploads\/2025\/12\/Logo-Nuevo-LOS-POLITICOS-1.jpg","contentUrl":"https:\/\/lospoliticosveracruz.com\/wp-content\/uploads\/2025\/12\/Logo-Nuevo-LOS-POLITICOS-1.jpg","width":260,"height":70,"caption":"Los pol\u00edticos Veracruz"},"image":{"@id":"https:\/\/lospoliticosveracruz.com\/#\/schema\/logo\/image\/"},"sameAs":["https:\/\/www.facebook.com\/people\/Notimemes-de-los-Polticos\/61565672886568\/","https:\/\/x.com\/LosPoliticosVer"]},{"@type":"Person","@id":"https:\/\/lospoliticosveracruz.com\/#\/schema\/person\/b8702bb0e538456e6efd07080bf2a4a2","name":"Lo viste en Los Pol\u00edticos","image":{"@type":"ImageObject","inLanguage":"es","@id":"https:\/\/secure.gravatar.com\/avatar\/3a8de04a2656d44082be478bd6c086daa447c4651605818287b9532d3d0bd435?s=96&d=mm&r=g","url":"https:\/\/secure.gravatar.com\/avatar\/3a8de04a2656d44082be478bd6c086daa447c4651605818287b9532d3d0bd435?s=96&d=mm&r=g","contentUrl":"https:\/\/secure.gravatar.com\/avatar\/3a8de04a2656d44082be478bd6c086daa447c4651605818287b9532d3d0bd435?s=96&d=mm&r=g","caption":"Lo viste en Los Pol\u00edticos"},"url":"https:\/\/lospoliticosveracruz.com\/?author=2"}]}},"_links":{"self":[{"href":"https:\/\/lospoliticosveracruz.com\/index.php?rest_route=\/wp\/v2\/posts\/152136","targetHints":{"allow":["GET"]}}],"collection":[{"href":"https:\/\/lospoliticosveracruz.com\/index.php?rest_route=\/wp\/v2\/posts"}],"about":[{"href":"https:\/\/lospoliticosveracruz.com\/index.php?rest_route=\/wp\/v2\/types\/post"}],"author":[{"embeddable":true,"href":"https:\/\/lospoliticosveracruz.com\/index.php?rest_route=\/wp\/v2\/users\/2"}],"replies":[{"embeddable":true,"href":"https:\/\/lospoliticosveracruz.com\/index.php?rest_route=%2Fwp%2Fv2%2Fcomments&post=152136"}],"version-history":[{"count":1,"href":"https:\/\/lospoliticosveracruz.com\/index.php?rest_route=\/wp\/v2\/posts\/152136\/revisions"}],"predecessor-version":[{"id":152137,"href":"https:\/\/lospoliticosveracruz.com\/index.php?rest_route=\/wp\/v2\/posts\/152136\/revisions\/152137"}],"wp:featuredmedia":[{"embeddable":true,"href":"https:\/\/lospoliticosveracruz.com\/index.php?rest_route=\/wp\/v2\/media\/141383"}],"wp:attachment":[{"href":"https:\/\/lospoliticosveracruz.com\/index.php?rest_route=%2Fwp%2Fv2%2Fmedia&parent=152136"}],"wp:term":[{"taxonomy":"category","embeddable":true,"href":"https:\/\/lospoliticosveracruz.com\/index.php?rest_route=%2Fwp%2Fv2%2Fcategories&post=152136"},{"taxonomy":"post_tag","embeddable":true,"href":"https:\/\/lospoliticosveracruz.com\/index.php?rest_route=%2Fwp%2Fv2%2Ftags&post=152136"}],"curies":[{"name":"wp","href":"https:\/\/api.w.org\/{rel}","templated":true}]}}