{"id":152273,"date":"2025-09-09T15:56:18","date_gmt":"2025-09-09T20:56:18","guid":{"rendered":"https:\/\/lospoliticosveracruz.com.mx\/?p=152273"},"modified":"2025-09-09T15:56:31","modified_gmt":"2025-09-09T20:56:31","slug":"los-ponen-a-prueba","status":"publish","type":"post","link":"https:\/\/lospoliticosveracruz.com\/?p=152273","title":{"rendered":"LOS PONEN A PRUEBA!"},"content":{"rendered":"\n\n\n<p><br>En cumplimiento del Acuerdo aprobado por el Pleno de la LXVII Legislatura el pasado 29 de agosto, la Comisi\u00f3n Permanente de Derechos Humanos y Atenci\u00f3n a Grupos Vulnerables realiz\u00f3 las entrevistas con las ciudadanas Namiko Matzumoto Ben\u00edtez y Raquel Rivera S\u00e1nchez y con el ciudadano Luis \u00c1ngel Rodr\u00edguez Lino, aspirantes a la titularidad de la Comisi\u00f3n Ejecutiva Estatal de Atenci\u00f3n Integral a V\u00edctimas.<\/p>\n\n\n\n<p>En la Sala Venustiano Carranza del Palacio Legislativo, los diputados Omar Edmundo Blanco Mart\u00ednez y H\u00e9ctor Yunes Landa y la diputada Victoria Guti\u00e9rrez P\u00e9rez, presidente, secretario y vocal, respectivamente, de la referida instancia legislativa, llevaron a cabo este procedimiento y entrevistaron a las personas integrantes de la terna, propuesta de la gobernadora de Veracruz, Roc\u00edo Nahle Garc\u00eda.<\/p>\n\n\n\n<p>Cada aspirante cont\u00f3 con un lapso de cinco minutos para una exposici\u00f3n inicial, en la cual ampliaron detalles sobre su formaci\u00f3n acad\u00e9mica, trayectoria profesional y las razones por las que desea ser designada o designado titular de la Comisi\u00f3n estatal.<\/p>\n\n\n\n<p>Posteriormente y de acuerdo con el procedimiento establecido, cada participante extrajo de una urna el n\u00famero que correspond\u00eda a la pregunta que le realiz\u00f3 la Comisi\u00f3n Permanente y cont\u00f3 con un m\u00e1ximo de cinco minutos para responder, pudiendo hacer uso de los medios digitales que consideraran pertinentes.<\/p>\n\n\n\n<p>Las preguntas que formularon la y los integrantes de la Comisi\u00f3n tuvieron relaci\u00f3n con c\u00f3mo hacer efectivo en cada una de las actuaciones de la dependencia el principio de igualdad y no discriminaci\u00f3n; las medidas previstas en la ley para garantizar la reparaci\u00f3n integral del da\u00f1o y de qu\u00e9 manera la Comisi\u00f3n estatal atender\u00eda de forma efectiva las necesidades de los diversos grupos vulnerables.<\/p>\n\n\n\n<p>Tras la conclusi\u00f3n de este ciclo de entrevistas, la Comisi\u00f3n inform\u00f3 que, de acuerdo con el procedimiento, elaborar\u00e1 un informe sobre lo actuado y lo remitir\u00e1 a la Junta de Coordinaci\u00f3n Pol\u00edtica para lo conducente.<\/p>\n\n\n\n<p>La Comisi\u00f3n Ejecutiva Estatal de Atenci\u00f3n Integral a V\u00edctimas es la instancia encargada de dar atenci\u00f3n oportuna a las v\u00edctimas de delitos, garantizando el ejercicio efectivo de sus derechos, a trav\u00e9s de acciones y mecanismos en conjunto con las instituciones federales, estatales y municipales.<\/p>\n","protected":false},"excerpt":{"rendered":"<p>En cumplimiento del Acuerdo aprobado por el Pleno de la LXVII Legislatura el pasado 29 de agosto, la Comisi\u00f3n Permanente de Derechos Humanos y Atenci\u00f3n a Grupos Vulnerables realiz\u00f3 las entrevistas con las ciudadanas Namiko Matzumoto Ben\u00edtez y Raquel Rivera S\u00e1nchez y con el ciudadano Luis \u00c1ngel Rodr\u00edguez Lino, aspirantes a la titularidad de la [&hellip;]<\/p>\n","protected":false},"author":2,"featured_media":152274,"comment_status":"closed","ping_status":"closed","sticky":false,"template":"","format":"standard","meta":{"tdm_status":"","tdm_grid_status":"","footnotes":""},"categories":[43718],"tags":[],"class_list":{"0":"post-152273","1":"post","2":"type-post","3":"status-publish","4":"format-standard","5":"has-post-thumbnail","7":"category-elpalaciodeencanto"},"yoast_head":"<!-- This site is optimized with the Yoast SEO plugin v27.4 - https:\/\/yoast.com\/product\/yoast-seo-wordpress\/ -->\n<title>LOS PONEN A PRUEBA! - Los pol\u00edticos Veracruz<\/title>\n<meta name=\"robots\" content=\"index, follow, max-snippet:-1, max-image-preview:large, max-video-preview:-1\" \/>\n<link rel=\"canonical\" href=\"https:\/\/lospoliticosveracruz.com\/?p=152273\" \/>\n<meta property=\"og:locale\" content=\"es_ES\" \/>\n<meta property=\"og:type\" content=\"article\" \/>\n<meta property=\"og:title\" content=\"LOS PONEN A PRUEBA! - Los pol\u00edticos Veracruz\" \/>\n<meta property=\"og:description\" content=\"En cumplimiento del Acuerdo aprobado por el Pleno de la LXVII Legislatura el pasado 29 de agosto, la Comisi\u00f3n Permanente de Derechos Humanos y Atenci\u00f3n a Grupos Vulnerables realiz\u00f3 las entrevistas con las ciudadanas Namiko Matzumoto Ben\u00edtez y Raquel Rivera S\u00e1nchez y con el ciudadano Luis \u00c1ngel Rodr\u00edguez Lino, aspirantes a la titularidad de la [&hellip;]\" \/>\n<meta property=\"og:url\" content=\"https:\/\/lospoliticosveracruz.com\/?p=152273\" \/>\n<meta property=\"og:site_name\" content=\"Los pol\u00edticos Veracruz\" \/>\n<meta property=\"article:publisher\" content=\"https:\/\/www.facebook.com\/people\/Notimemes-de-los-Polticos\/61565672886568\/\" \/>\n<meta property=\"article:published_time\" content=\"2025-09-09T20:56:18+00:00\" \/>\n<meta property=\"article:modified_time\" content=\"2025-09-09T20:56:31+00:00\" \/>\n<meta property=\"og:image\" content=\"https:\/\/lospoliticosveracruz.com\/wp-content\/uploads\/2025\/09\/IMG_7469.jpeg\" \/>\n\t<meta property=\"og:image:width\" content=\"600\" \/>\n\t<meta property=\"og:image:height\" content=\"320\" \/>\n\t<meta property=\"og:image:type\" content=\"image\/jpeg\" \/>\n<meta name=\"author\" content=\"Lo viste en Los Pol\u00edticos\" \/>\n<meta name=\"twitter:card\" content=\"summary_large_image\" \/>\n<meta name=\"twitter:creator\" content=\"@LosPoliticosVer\" \/>\n<meta name=\"twitter:site\" content=\"@LosPoliticosVer\" \/>\n<meta name=\"twitter:label1\" content=\"Escrito por\" \/>\n\t<meta name=\"twitter:data1\" content=\"Lo viste en Los Pol\u00edticos\" \/>\n\t<meta name=\"twitter:label2\" content=\"Tiempo de lectura\" \/>\n\t<meta name=\"twitter:data2\" content=\"2 minutos\" \/>\n<script type=\"application\/ld+json\" class=\"yoast-schema-graph\">{\"@context\":\"https:\\\/\\\/schema.org\",\"@graph\":[{\"@type\":\"Article\",\"@id\":\"https:\\\/\\\/lospoliticosveracruz.com\\\/?p=152273#article\",\"isPartOf\":{\"@id\":\"https:\\\/\\\/lospoliticosveracruz.com\\\/?p=152273\"},\"author\":{\"name\":\"Lo viste en Los Pol\u00edticos\",\"@id\":\"https:\\\/\\\/lospoliticosveracruz.com\\\/#\\\/schema\\\/person\\\/b8702bb0e538456e6efd07080bf2a4a2\"},\"headline\":\"LOS PONEN A PRUEBA!\",\"datePublished\":\"2025-09-09T20:56:18+00:00\",\"dateModified\":\"2025-09-09T20:56:31+00:00\",\"mainEntityOfPage\":{\"@id\":\"https:\\\/\\\/lospoliticosveracruz.com\\\/?p=152273\"},\"wordCount\":393,\"publisher\":{\"@id\":\"https:\\\/\\\/lospoliticosveracruz.com\\\/#organization\"},\"image\":{\"@id\":\"https:\\\/\\\/lospoliticosveracruz.com\\\/?p=152273#primaryimage\"},\"thumbnailUrl\":\"https:\\\/\\\/lospoliticosveracruz.com\\\/wp-content\\\/uploads\\\/2025\\\/09\\\/IMG_7469.jpeg\",\"articleSection\":[\"EL PALACIO DE ENCANTO\"],\"inLanguage\":\"es\"},{\"@type\":\"WebPage\",\"@id\":\"https:\\\/\\\/lospoliticosveracruz.com\\\/?p=152273\",\"url\":\"https:\\\/\\\/lospoliticosveracruz.com\\\/?p=152273\",\"name\":\"LOS PONEN A PRUEBA! - Los pol\u00edticos Veracruz\",\"isPartOf\":{\"@id\":\"https:\\\/\\\/lospoliticosveracruz.com\\\/#website\"},\"primaryImageOfPage\":{\"@id\":\"https:\\\/\\\/lospoliticosveracruz.com\\\/?p=152273#primaryimage\"},\"image\":{\"@id\":\"https:\\\/\\\/lospoliticosveracruz.com\\\/?p=152273#primaryimage\"},\"thumbnailUrl\":\"https:\\\/\\\/lospoliticosveracruz.com\\\/wp-content\\\/uploads\\\/2025\\\/09\\\/IMG_7469.jpeg\",\"datePublished\":\"2025-09-09T20:56:18+00:00\",\"dateModified\":\"2025-09-09T20:56:31+00:00\",\"breadcrumb\":{\"@id\":\"https:\\\/\\\/lospoliticosveracruz.com\\\/?p=152273#breadcrumb\"},\"inLanguage\":\"es\",\"potentialAction\":[{\"@type\":\"ReadAction\",\"target\":[\"https:\\\/\\\/lospoliticosveracruz.com\\\/?p=152273\"]}]},{\"@type\":\"ImageObject\",\"inLanguage\":\"es\",\"@id\":\"https:\\\/\\\/lospoliticosveracruz.com\\\/?p=152273#primaryimage\",\"url\":\"https:\\\/\\\/lospoliticosveracruz.com\\\/wp-content\\\/uploads\\\/2025\\\/09\\\/IMG_7469.jpeg\",\"contentUrl\":\"https:\\\/\\\/lospoliticosveracruz.com\\\/wp-content\\\/uploads\\\/2025\\\/09\\\/IMG_7469.jpeg\",\"width\":600,\"height\":320},{\"@type\":\"BreadcrumbList\",\"@id\":\"https:\\\/\\\/lospoliticosveracruz.com\\\/?p=152273#breadcrumb\",\"itemListElement\":[{\"@type\":\"ListItem\",\"position\":1,\"name\":\"Portada\",\"item\":\"https:\\\/\\\/lospoliticosveracruz.com\\\/\"},{\"@type\":\"ListItem\",\"position\":2,\"name\":\"LOS PONEN A PRUEBA!\"}]},{\"@type\":\"WebSite\",\"@id\":\"https:\\\/\\\/lospoliticosveracruz.com\\\/#website\",\"url\":\"https:\\\/\\\/lospoliticosveracruz.com\\\/\",\"name\":\"Los pol\u00edticos Veracruz\",\"description\":\"\",\"publisher\":{\"@id\":\"https:\\\/\\\/lospoliticosveracruz.com\\\/#organization\"},\"potentialAction\":[{\"@type\":\"SearchAction\",\"target\":{\"@type\":\"EntryPoint\",\"urlTemplate\":\"https:\\\/\\\/lospoliticosveracruz.com\\\/?s={search_term_string}\"},\"query-input\":{\"@type\":\"PropertyValueSpecification\",\"valueRequired\":true,\"valueName\":\"search_term_string\"}}],\"inLanguage\":\"es\"},{\"@type\":\"Organization\",\"@id\":\"https:\\\/\\\/lospoliticosveracruz.com\\\/#organization\",\"name\":\"Los pol\u00edticos Veracruz\",\"url\":\"https:\\\/\\\/lospoliticosveracruz.com\\\/\",\"logo\":{\"@type\":\"ImageObject\",\"inLanguage\":\"es\",\"@id\":\"https:\\\/\\\/lospoliticosveracruz.com\\\/#\\\/schema\\\/logo\\\/image\\\/\",\"url\":\"https:\\\/\\\/lospoliticosveracruz.com\\\/wp-content\\\/uploads\\\/2025\\\/12\\\/Logo-Nuevo-LOS-POLITICOS-1.jpg\",\"contentUrl\":\"https:\\\/\\\/lospoliticosveracruz.com\\\/wp-content\\\/uploads\\\/2025\\\/12\\\/Logo-Nuevo-LOS-POLITICOS-1.jpg\",\"width\":260,\"height\":70,\"caption\":\"Los pol\u00edticos Veracruz\"},\"image\":{\"@id\":\"https:\\\/\\\/lospoliticosveracruz.com\\\/#\\\/schema\\\/logo\\\/image\\\/\"},\"sameAs\":[\"https:\\\/\\\/www.facebook.com\\\/people\\\/Notimemes-de-los-Polticos\\\/61565672886568\\\/\",\"https:\\\/\\\/x.com\\\/LosPoliticosVer\"]},{\"@type\":\"Person\",\"@id\":\"https:\\\/\\\/lospoliticosveracruz.com\\\/#\\\/schema\\\/person\\\/b8702bb0e538456e6efd07080bf2a4a2\",\"name\":\"Lo viste en Los Pol\u00edticos\",\"image\":{\"@type\":\"ImageObject\",\"inLanguage\":\"es\",\"@id\":\"https:\\\/\\\/secure.gravatar.com\\\/avatar\\\/3a8de04a2656d44082be478bd6c086daa447c4651605818287b9532d3d0bd435?s=96&d=mm&r=g\",\"url\":\"https:\\\/\\\/secure.gravatar.com\\\/avatar\\\/3a8de04a2656d44082be478bd6c086daa447c4651605818287b9532d3d0bd435?s=96&d=mm&r=g\",\"contentUrl\":\"https:\\\/\\\/secure.gravatar.com\\\/avatar\\\/3a8de04a2656d44082be478bd6c086daa447c4651605818287b9532d3d0bd435?s=96&d=mm&r=g\",\"caption\":\"Lo viste en Los Pol\u00edticos\"},\"url\":\"https:\\\/\\\/lospoliticosveracruz.com\\\/?author=2\"}]}<\/script>\n<!-- \/ Yoast SEO plugin. -->","yoast_head_json":{"title":"LOS PONEN A PRUEBA! - Los pol\u00edticos Veracruz","robots":{"index":"index","follow":"follow","max-snippet":"max-snippet:-1","max-image-preview":"max-image-preview:large","max-video-preview":"max-video-preview:-1"},"canonical":"https:\/\/lospoliticosveracruz.com\/?p=152273","og_locale":"es_ES","og_type":"article","og_title":"LOS PONEN A PRUEBA! - Los pol\u00edticos Veracruz","og_description":"En cumplimiento del Acuerdo aprobado por el Pleno de la LXVII Legislatura el pasado 29 de agosto, la Comisi\u00f3n Permanente de Derechos Humanos y Atenci\u00f3n a Grupos Vulnerables realiz\u00f3 las entrevistas con las ciudadanas Namiko Matzumoto Ben\u00edtez y Raquel Rivera S\u00e1nchez y con el ciudadano Luis \u00c1ngel Rodr\u00edguez Lino, aspirantes a la titularidad de la [&hellip;]","og_url":"https:\/\/lospoliticosveracruz.com\/?p=152273","og_site_name":"Los pol\u00edticos Veracruz","article_publisher":"https:\/\/www.facebook.com\/people\/Notimemes-de-los-Polticos\/61565672886568\/","article_published_time":"2025-09-09T20:56:18+00:00","article_modified_time":"2025-09-09T20:56:31+00:00","og_image":[{"width":600,"height":320,"url":"https:\/\/lospoliticosveracruz.com\/wp-content\/uploads\/2025\/09\/IMG_7469.jpeg","type":"image\/jpeg"}],"author":"Lo viste en Los Pol\u00edticos","twitter_card":"summary_large_image","twitter_creator":"@LosPoliticosVer","twitter_site":"@LosPoliticosVer","twitter_misc":{"Escrito por":"Lo viste en Los Pol\u00edticos","Tiempo de lectura":"2 minutos"},"schema":{"@context":"https:\/\/schema.org","@graph":[{"@type":"Article","@id":"https:\/\/lospoliticosveracruz.com\/?p=152273#article","isPartOf":{"@id":"https:\/\/lospoliticosveracruz.com\/?p=152273"},"author":{"name":"Lo viste en Los Pol\u00edticos","@id":"https:\/\/lospoliticosveracruz.com\/#\/schema\/person\/b8702bb0e538456e6efd07080bf2a4a2"},"headline":"LOS PONEN A PRUEBA!","datePublished":"2025-09-09T20:56:18+00:00","dateModified":"2025-09-09T20:56:31+00:00","mainEntityOfPage":{"@id":"https:\/\/lospoliticosveracruz.com\/?p=152273"},"wordCount":393,"publisher":{"@id":"https:\/\/lospoliticosveracruz.com\/#organization"},"image":{"@id":"https:\/\/lospoliticosveracruz.com\/?p=152273#primaryimage"},"thumbnailUrl":"https:\/\/lospoliticosveracruz.com\/wp-content\/uploads\/2025\/09\/IMG_7469.jpeg","articleSection":["EL PALACIO DE ENCANTO"],"inLanguage":"es"},{"@type":"WebPage","@id":"https:\/\/lospoliticosveracruz.com\/?p=152273","url":"https:\/\/lospoliticosveracruz.com\/?p=152273","name":"LOS PONEN A PRUEBA! - Los pol\u00edticos Veracruz","isPartOf":{"@id":"https:\/\/lospoliticosveracruz.com\/#website"},"primaryImageOfPage":{"@id":"https:\/\/lospoliticosveracruz.com\/?p=152273#primaryimage"},"image":{"@id":"https:\/\/lospoliticosveracruz.com\/?p=152273#primaryimage"},"thumbnailUrl":"https:\/\/lospoliticosveracruz.com\/wp-content\/uploads\/2025\/09\/IMG_7469.jpeg","datePublished":"2025-09-09T20:56:18+00:00","dateModified":"2025-09-09T20:56:31+00:00","breadcrumb":{"@id":"https:\/\/lospoliticosveracruz.com\/?p=152273#breadcrumb"},"inLanguage":"es","potentialAction":[{"@type":"ReadAction","target":["https:\/\/lospoliticosveracruz.com\/?p=152273"]}]},{"@type":"ImageObject","inLanguage":"es","@id":"https:\/\/lospoliticosveracruz.com\/?p=152273#primaryimage","url":"https:\/\/lospoliticosveracruz.com\/wp-content\/uploads\/2025\/09\/IMG_7469.jpeg","contentUrl":"https:\/\/lospoliticosveracruz.com\/wp-content\/uploads\/2025\/09\/IMG_7469.jpeg","width":600,"height":320},{"@type":"BreadcrumbList","@id":"https:\/\/lospoliticosveracruz.com\/?p=152273#breadcrumb","itemListElement":[{"@type":"ListItem","position":1,"name":"Portada","item":"https:\/\/lospoliticosveracruz.com\/"},{"@type":"ListItem","position":2,"name":"LOS PONEN A PRUEBA!"}]},{"@type":"WebSite","@id":"https:\/\/lospoliticosveracruz.com\/#website","url":"https:\/\/lospoliticosveracruz.com\/","name":"Los pol\u00edticos Veracruz","description":"","publisher":{"@id":"https:\/\/lospoliticosveracruz.com\/#organization"},"potentialAction":[{"@type":"SearchAction","target":{"@type":"EntryPoint","urlTemplate":"https:\/\/lospoliticosveracruz.com\/?s={search_term_string}"},"query-input":{"@type":"PropertyValueSpecification","valueRequired":true,"valueName":"search_term_string"}}],"inLanguage":"es"},{"@type":"Organization","@id":"https:\/\/lospoliticosveracruz.com\/#organization","name":"Los pol\u00edticos Veracruz","url":"https:\/\/lospoliticosveracruz.com\/","logo":{"@type":"ImageObject","inLanguage":"es","@id":"https:\/\/lospoliticosveracruz.com\/#\/schema\/logo\/image\/","url":"https:\/\/lospoliticosveracruz.com\/wp-content\/uploads\/2025\/12\/Logo-Nuevo-LOS-POLITICOS-1.jpg","contentUrl":"https:\/\/lospoliticosveracruz.com\/wp-content\/uploads\/2025\/12\/Logo-Nuevo-LOS-POLITICOS-1.jpg","width":260,"height":70,"caption":"Los pol\u00edticos Veracruz"},"image":{"@id":"https:\/\/lospoliticosveracruz.com\/#\/schema\/logo\/image\/"},"sameAs":["https:\/\/www.facebook.com\/people\/Notimemes-de-los-Polticos\/61565672886568\/","https:\/\/x.com\/LosPoliticosVer"]},{"@type":"Person","@id":"https:\/\/lospoliticosveracruz.com\/#\/schema\/person\/b8702bb0e538456e6efd07080bf2a4a2","name":"Lo viste en Los Pol\u00edticos","image":{"@type":"ImageObject","inLanguage":"es","@id":"https:\/\/secure.gravatar.com\/avatar\/3a8de04a2656d44082be478bd6c086daa447c4651605818287b9532d3d0bd435?s=96&d=mm&r=g","url":"https:\/\/secure.gravatar.com\/avatar\/3a8de04a2656d44082be478bd6c086daa447c4651605818287b9532d3d0bd435?s=96&d=mm&r=g","contentUrl":"https:\/\/secure.gravatar.com\/avatar\/3a8de04a2656d44082be478bd6c086daa447c4651605818287b9532d3d0bd435?s=96&d=mm&r=g","caption":"Lo viste en Los Pol\u00edticos"},"url":"https:\/\/lospoliticosveracruz.com\/?author=2"}]}},"_links":{"self":[{"href":"https:\/\/lospoliticosveracruz.com\/index.php?rest_route=\/wp\/v2\/posts\/152273","targetHints":{"allow":["GET"]}}],"collection":[{"href":"https:\/\/lospoliticosveracruz.com\/index.php?rest_route=\/wp\/v2\/posts"}],"about":[{"href":"https:\/\/lospoliticosveracruz.com\/index.php?rest_route=\/wp\/v2\/types\/post"}],"author":[{"embeddable":true,"href":"https:\/\/lospoliticosveracruz.com\/index.php?rest_route=\/wp\/v2\/users\/2"}],"replies":[{"embeddable":true,"href":"https:\/\/lospoliticosveracruz.com\/index.php?rest_route=%2Fwp%2Fv2%2Fcomments&post=152273"}],"version-history":[{"count":1,"href":"https:\/\/lospoliticosveracruz.com\/index.php?rest_route=\/wp\/v2\/posts\/152273\/revisions"}],"predecessor-version":[{"id":152275,"href":"https:\/\/lospoliticosveracruz.com\/index.php?rest_route=\/wp\/v2\/posts\/152273\/revisions\/152275"}],"wp:featuredmedia":[{"embeddable":true,"href":"https:\/\/lospoliticosveracruz.com\/index.php?rest_route=\/wp\/v2\/media\/152274"}],"wp:attachment":[{"href":"https:\/\/lospoliticosveracruz.com\/index.php?rest_route=%2Fwp%2Fv2%2Fmedia&parent=152273"}],"wp:term":[{"taxonomy":"category","embeddable":true,"href":"https:\/\/lospoliticosveracruz.com\/index.php?rest_route=%2Fwp%2Fv2%2Fcategories&post=152273"},{"taxonomy":"post_tag","embeddable":true,"href":"https:\/\/lospoliticosveracruz.com\/index.php?rest_route=%2Fwp%2Fv2%2Ftags&post=152273"}],"curies":[{"name":"wp","href":"https:\/\/api.w.org\/{rel}","templated":true}]}}