{"id":15229,"date":"2015-03-10T11:20:20","date_gmt":"2015-03-10T17:20:20","guid":{"rendered":"http:\/\/www.lospoliticosveracruz.com.mx\/?p=15229"},"modified":"2015-03-10T11:20:20","modified_gmt":"2015-03-10T17:20:20","slug":"flores-que-dicen-cosas","status":"publish","type":"post","link":"https:\/\/lospoliticosveracruz.com\/?p=15229","title":{"rendered":"\u201cFlores que dicen cosas\u201d"},"content":{"rendered":"<p><a href=\"http:\/\/www.lospoliticosveracruz.com.mx\/wp-content\/uploads\/2015\/03\/Mujer.jpg\"><img loading=\"lazy\" decoding=\"async\" class=\"alignnone size-medium wp-image-15230\" src=\"http:\/\/www.lospoliticosveracruz.com.mx\/wp-content\/uploads\/2015\/03\/Mujer-300x225.jpg\" alt=\"Mujer\" width=\"300\" height=\"225\" \/><\/a><\/p>\n<p><strong>Harmida Rubio Guti\u00e9rrez<\/strong><\/p>\n<p><em>Mujeres que Saben Lat\u00edn<\/em><br \/>\n\u00bfQu\u00e9 es ser mujer? Fue la pregunta que me hicieron para una encuesta un d\u00eda que iba yo tranquilamente paseando por el parque Ju\u00e1rez en Xalapa. Me qued\u00e9 sin palabras. Al principio parec\u00eda f\u00e1cil contestar, pero no lo fue, porque ser mujer es algo tan complejo y tan variante de una cultura a otra, que resultaba muy dif\u00edcil englobarlo en unas cuantas caracter\u00edsticas.<br \/>\nEntonces la entrevistadora, al ver mi conflicto, cambi\u00f3 la pregunta \u00bfqu\u00e9 ha sido para ti ser mujer? Segu\u00eda siendo dif\u00edcil, pero ya era m\u00e1s cercana la respuesta. Alcanc\u00e9 a contestarle que ser mujer para m\u00ed hab\u00eda sido tener este cuerpo, convivir con \u00e9l y aprender a quererlo. Tambi\u00e9n entender que mi punto de vista era distinto y a veces no encajaba con el com\u00fan de mi contexto. No pude contestar m\u00e1s cosas\u2026 al final s\u00f3lo dije, ser mujer es algo que me gusta ser.<br \/>\n\u201cNo se nace mujer, llega una a serlo\u201d dijo Simone de Beauvoir refiri\u00e9ndose a que es algo complejo y en transformaci\u00f3n que se construye poco a poco. Pero en el mundo en el que vivimos ser mujer se ha vinculado a ciertas caracter\u00edsticas: ser delicada, dulce, tierna, sensible, maternal, receptiva, como una flor.<br \/>\nPrecisamente las flores han sido met\u00e1fora de las mujeres en muchas generaciones y culturas. El olor, la textura, la delicadeza de una flor se han trasladado a la imagen de las mujeres. Por consecuencia, el regalar flores a las mujeres en todas las celebraciones es una tradici\u00f3n. Los enamorados regalan flores a sus enamoradas el d\u00eda de san Valent\u00edn, aniversarios o cumplea\u00f1os, o tambi\u00e9n se regalan flores a las mujeres el d\u00eda de la madre y, algunas veces, el d\u00eda internacional de la mujer.<br \/>\nAqu\u00ed el punto est\u00e1 en lo que se quiere decir con el acto de regalar flores a una mujer. La acci\u00f3n no es negativa ni positiva, lo que puede serlo es el rumbo del mensaje cuando se da en determinado contexto. Aqu\u00ed expongo tres ejemplos de flores y mujeres en entornos distintos:<br \/>\nExiste una celebraci\u00f3n muy bella en Brasil, Uruguay y otros pa\u00edses que tienen ra\u00edces afro-americanas, provenientes del candonbl\u00e9. Es la celebraci\u00f3n del 2 de febrero en honor a la diosa Yemanj\u00e1, la diosa del mar. La gente ese d\u00eda se mete al mar y da como ofrenda a la diosa velas, frutas y flores blancas, para tener con su gu\u00eda espiritual, un a\u00f1o pr\u00f3spero. Aqu\u00ed la relaci\u00f3n de las flores con la mujer es una celebraci\u00f3n de vida, esperanza y espiritualidad. El s\u00edmbolo de la flor se traduce en un reflejo de lo que se quiere recibir a trav\u00e9s de la fe en una deidad femenina.<br \/>\nEl 23 de abril, d\u00eda internacional del libro y tambi\u00e9n d\u00eda de San Jorge, o Sant Jordi en Catalu\u00f1a, se da una celebraci\u00f3n muy especial: Miles de libros inundan las calles de las ciudades catalanas, y autoras y autores de novela, ensayo, cuento, comic y dem\u00e1s g\u00e9neros conviven en una inmensa feria con sus lectoras y lectores. El detalle est\u00e1 en que ese d\u00eda es tradicional que los hombres regalen a las mujeres una rosa con una espiga de trigo (que simboliza la fecundidad) y las mujeres a los hombres, un libro. Es una tradici\u00f3n muy antigua que ha prevalecido hasta el d\u00eda de hoy, pero que nos hace reflexionar acerca de los distintos tratamientos que a\u00fan se siguen dando para hombres y mujeres hablando de temas culturales, del acceso al conocimiento y el arte. \u00bfCu\u00e1ntas de nosotras no preferir\u00edamos recibir un libro en vez de una flor? \u00bfCu\u00e1ntas creemos que es precisamente un libro el mejor regalo? No critico esta tradici\u00f3n europea que a muchas y muchos emociona, sino m\u00e1s bien, invito a reflexionar sobre su mensaje en la actualidad.<br \/>\nPor \u00faltimo, quiero poner como ejemplo el d\u00eda 8 de marzo, d\u00eda Internacional de las Mujeres. Una fecha en la que se conmemora la lucha por el salario digno y el voto de las mujeres a inicios del siglo XX. Una fecha en la que se propone pensar acerca de los logros alcanzados y lo que falta por hacer para acercarnos a una sociedad igualitaria. Sin embargo, en muchos lugares, oficinas, escuelas, actos gubernamentales, se tiende a banalizar este d\u00eda, se pierde la atenci\u00f3n de lo esencial y se felicita a las mujeres por serlo, nada m\u00e1s; y la felicitaci\u00f3n va acompa\u00f1ada casi siempre de flores. Aqu\u00ed, se puede perder de vista el cometido fundamental de este d\u00eda, por voltear la mirada y convertir este acontecimiento en algo parecido al 14 de febrero o al d\u00eda de las madres.<br \/>\nPensando en este texto, hice una peque\u00f1a encuesta entre mis amigas y conocidas, para saber si les gustaba que les regalaran flores y por qu\u00e9. La mayor\u00eda contestaron que s\u00ed, que las hac\u00eda sentir bien, que les gustaban sus colores y olores, que daban al ambiente un tono fresco y tranquilo. As\u00ed que pens\u00e9 que regalar flores a una mujer no es un acto fr\u00edvolo siempre, sin embargo, definitivamente es un mensaje.<br \/>\nLa cuesti\u00f3n no est\u00e1 en que dejen de regalarnos flores, no por eso nuestros derechos van a estar cubiertos, ni vamos a ganar el salario que nos merecemos por nuestra jornada laboral, ni va a desaparecer la violencia o los estereotipos que tanto da\u00f1o han hecho a todas y todos, sino la cosa es recapacitar sobre lo que nuestra cultura ha asignado al ser mujer y cu\u00e1les han sido sus repercusiones.<br \/>\nNo nos negamos a recibir flores, pero preferimos que se nos d\u00e9 respeto, un trato digno y el alcance a todas las situaciones y derechos de los que hemos estado privadas. Los regalos, las ofrendas, las celebraciones, son objeto y mensaje, como las flores en el mar, las rosas al lado de los libros, y los ramos de flores el 8 de marzo.<br \/>\nObservemos estos mensajes y tratemos de cambiar nuestro contexto tambi\u00e9n a trav\u00e9s de ellos, escuchemos lo que decimos, con palabras y con actos, hasta que comprendamos en sociedad y de la mejor manera eso tan complejo y fascinante que es ser mujer.<\/p>\n","protected":false},"excerpt":{"rendered":"<p>Harmida Rubio Guti\u00e9rrez Mujeres que Saben Lat\u00edn \u00bfQu\u00e9 es ser mujer? Fue la pregunta que me hicieron para una encuesta un d\u00eda que iba yo tranquilamente paseando por el parque Ju\u00e1rez en Xalapa. Me qued\u00e9 sin palabras. Al principio parec\u00eda f\u00e1cil contestar, pero no lo fue, porque ser mujer es algo tan complejo y tan [&hellip;]<\/p>\n","protected":false},"author":2,"featured_media":0,"comment_status":"open","ping_status":"open","sticky":false,"template":"","format":"standard","meta":{"tdm_status":"","tdm_grid_status":"","footnotes":""},"categories":[70],"tags":[2040,2042,2041],"class_list":{"0":"post-15229","1":"post","2":"type-post","3":"status-publish","4":"format-standard","6":"category-de-opinion","7":"tag-dia-de-la-mujer","8":"tag-regalar-flores","9":"tag-simone-de-beauvoir"},"yoast_head":"<!-- This site is optimized with the Yoast SEO plugin v27.4 - https:\/\/yoast.com\/product\/yoast-seo-wordpress\/ -->\n<title>\u201cFlores que dicen cosas\u201d - Los pol\u00edticos Veracruz<\/title>\n<meta name=\"robots\" content=\"index, follow, max-snippet:-1, max-image-preview:large, max-video-preview:-1\" \/>\n<link rel=\"canonical\" href=\"https:\/\/lospoliticosveracruz.com\/?p=15229\" \/>\n<meta property=\"og:locale\" content=\"es_ES\" \/>\n<meta property=\"og:type\" content=\"article\" \/>\n<meta property=\"og:title\" content=\"\u201cFlores que dicen cosas\u201d - Los pol\u00edticos Veracruz\" \/>\n<meta property=\"og:description\" content=\"Harmida Rubio Guti\u00e9rrez Mujeres que Saben Lat\u00edn \u00bfQu\u00e9 es ser mujer? Fue la pregunta que me hicieron para una encuesta un d\u00eda que iba yo tranquilamente paseando por el parque Ju\u00e1rez en Xalapa. Me qued\u00e9 sin palabras. Al principio parec\u00eda f\u00e1cil contestar, pero no lo fue, porque ser mujer es algo tan complejo y tan [&hellip;]\" \/>\n<meta property=\"og:url\" content=\"https:\/\/lospoliticosveracruz.com\/?p=15229\" \/>\n<meta property=\"og:site_name\" content=\"Los pol\u00edticos Veracruz\" \/>\n<meta property=\"article:publisher\" content=\"https:\/\/www.facebook.com\/people\/Notimemes-de-los-Polticos\/61565672886568\/\" \/>\n<meta property=\"article:published_time\" content=\"2015-03-10T17:20:20+00:00\" \/>\n<meta property=\"og:image\" content=\"http:\/\/www.lospoliticosveracruz.com.mx\/wp-content\/uploads\/2015\/03\/Mujer-300x225.jpg\" \/>\n<meta name=\"author\" content=\"Lo viste en Los Pol\u00edticos\" \/>\n<meta name=\"twitter:card\" content=\"summary_large_image\" \/>\n<meta name=\"twitter:creator\" content=\"@LosPoliticosVer\" \/>\n<meta name=\"twitter:site\" content=\"@LosPoliticosVer\" \/>\n<meta name=\"twitter:label1\" content=\"Escrito por\" \/>\n\t<meta name=\"twitter:data1\" content=\"Lo viste en Los Pol\u00edticos\" \/>\n\t<meta name=\"twitter:label2\" content=\"Tiempo de lectura\" \/>\n\t<meta name=\"twitter:data2\" content=\"5 minutos\" \/>\n<script type=\"application\/ld+json\" class=\"yoast-schema-graph\">{\"@context\":\"https:\\\/\\\/schema.org\",\"@graph\":[{\"@type\":\"Article\",\"@id\":\"https:\\\/\\\/lospoliticosveracruz.com\\\/?p=15229#article\",\"isPartOf\":{\"@id\":\"https:\\\/\\\/lospoliticosveracruz.com\\\/?p=15229\"},\"author\":{\"name\":\"Lo viste en Los Pol\u00edticos\",\"@id\":\"https:\\\/\\\/lospoliticosveracruz.com\\\/#\\\/schema\\\/person\\\/b8702bb0e538456e6efd07080bf2a4a2\"},\"headline\":\"\u201cFlores que dicen cosas\u201d\",\"datePublished\":\"2015-03-10T17:20:20+00:00\",\"mainEntityOfPage\":{\"@id\":\"https:\\\/\\\/lospoliticosveracruz.com\\\/?p=15229\"},\"wordCount\":1090,\"commentCount\":0,\"publisher\":{\"@id\":\"https:\\\/\\\/lospoliticosveracruz.com\\\/#organization\"},\"image\":{\"@id\":\"https:\\\/\\\/lospoliticosveracruz.com\\\/?p=15229#primaryimage\"},\"thumbnailUrl\":\"http:\\\/\\\/www.lospoliticosveracruz.com.mx\\\/wp-content\\\/uploads\\\/2015\\\/03\\\/Mujer-300x225.jpg\",\"keywords\":[\"D\u00eda de la Mujer\",\"regalar flores\",\"Simone de Beauvoir\"],\"articleSection\":[\"De Opini\u00f3n\"],\"inLanguage\":\"es\",\"potentialAction\":[{\"@type\":\"CommentAction\",\"name\":\"Comment\",\"target\":[\"https:\\\/\\\/lospoliticosveracruz.com\\\/?p=15229#respond\"]}]},{\"@type\":\"WebPage\",\"@id\":\"https:\\\/\\\/lospoliticosveracruz.com\\\/?p=15229\",\"url\":\"https:\\\/\\\/lospoliticosveracruz.com\\\/?p=15229\",\"name\":\"\u201cFlores que dicen cosas\u201d - Los pol\u00edticos Veracruz\",\"isPartOf\":{\"@id\":\"https:\\\/\\\/lospoliticosveracruz.com\\\/#website\"},\"primaryImageOfPage\":{\"@id\":\"https:\\\/\\\/lospoliticosveracruz.com\\\/?p=15229#primaryimage\"},\"image\":{\"@id\":\"https:\\\/\\\/lospoliticosveracruz.com\\\/?p=15229#primaryimage\"},\"thumbnailUrl\":\"http:\\\/\\\/www.lospoliticosveracruz.com.mx\\\/wp-content\\\/uploads\\\/2015\\\/03\\\/Mujer-300x225.jpg\",\"datePublished\":\"2015-03-10T17:20:20+00:00\",\"breadcrumb\":{\"@id\":\"https:\\\/\\\/lospoliticosveracruz.com\\\/?p=15229#breadcrumb\"},\"inLanguage\":\"es\",\"potentialAction\":[{\"@type\":\"ReadAction\",\"target\":[\"https:\\\/\\\/lospoliticosveracruz.com\\\/?p=15229\"]}]},{\"@type\":\"ImageObject\",\"inLanguage\":\"es\",\"@id\":\"https:\\\/\\\/lospoliticosveracruz.com\\\/?p=15229#primaryimage\",\"url\":\"http:\\\/\\\/www.lospoliticosveracruz.com.mx\\\/wp-content\\\/uploads\\\/2015\\\/03\\\/Mujer-300x225.jpg\",\"contentUrl\":\"http:\\\/\\\/www.lospoliticosveracruz.com.mx\\\/wp-content\\\/uploads\\\/2015\\\/03\\\/Mujer-300x225.jpg\"},{\"@type\":\"BreadcrumbList\",\"@id\":\"https:\\\/\\\/lospoliticosveracruz.com\\\/?p=15229#breadcrumb\",\"itemListElement\":[{\"@type\":\"ListItem\",\"position\":1,\"name\":\"Portada\",\"item\":\"https:\\\/\\\/lospoliticosveracruz.com\\\/\"},{\"@type\":\"ListItem\",\"position\":2,\"name\":\"\u201cFlores que dicen cosas\u201d\"}]},{\"@type\":\"WebSite\",\"@id\":\"https:\\\/\\\/lospoliticosveracruz.com\\\/#website\",\"url\":\"https:\\\/\\\/lospoliticosveracruz.com\\\/\",\"name\":\"Los pol\u00edticos Veracruz\",\"description\":\"\",\"publisher\":{\"@id\":\"https:\\\/\\\/lospoliticosveracruz.com\\\/#organization\"},\"potentialAction\":[{\"@type\":\"SearchAction\",\"target\":{\"@type\":\"EntryPoint\",\"urlTemplate\":\"https:\\\/\\\/lospoliticosveracruz.com\\\/?s={search_term_string}\"},\"query-input\":{\"@type\":\"PropertyValueSpecification\",\"valueRequired\":true,\"valueName\":\"search_term_string\"}}],\"inLanguage\":\"es\"},{\"@type\":\"Organization\",\"@id\":\"https:\\\/\\\/lospoliticosveracruz.com\\\/#organization\",\"name\":\"Los pol\u00edticos Veracruz\",\"url\":\"https:\\\/\\\/lospoliticosveracruz.com\\\/\",\"logo\":{\"@type\":\"ImageObject\",\"inLanguage\":\"es\",\"@id\":\"https:\\\/\\\/lospoliticosveracruz.com\\\/#\\\/schema\\\/logo\\\/image\\\/\",\"url\":\"https:\\\/\\\/lospoliticosveracruz.com\\\/wp-content\\\/uploads\\\/2025\\\/12\\\/Logo-Nuevo-LOS-POLITICOS-1.jpg\",\"contentUrl\":\"https:\\\/\\\/lospoliticosveracruz.com\\\/wp-content\\\/uploads\\\/2025\\\/12\\\/Logo-Nuevo-LOS-POLITICOS-1.jpg\",\"width\":260,\"height\":70,\"caption\":\"Los pol\u00edticos Veracruz\"},\"image\":{\"@id\":\"https:\\\/\\\/lospoliticosveracruz.com\\\/#\\\/schema\\\/logo\\\/image\\\/\"},\"sameAs\":[\"https:\\\/\\\/www.facebook.com\\\/people\\\/Notimemes-de-los-Polticos\\\/61565672886568\\\/\",\"https:\\\/\\\/x.com\\\/LosPoliticosVer\"]},{\"@type\":\"Person\",\"@id\":\"https:\\\/\\\/lospoliticosveracruz.com\\\/#\\\/schema\\\/person\\\/b8702bb0e538456e6efd07080bf2a4a2\",\"name\":\"Lo viste en Los Pol\u00edticos\",\"image\":{\"@type\":\"ImageObject\",\"inLanguage\":\"es\",\"@id\":\"https:\\\/\\\/secure.gravatar.com\\\/avatar\\\/3a8de04a2656d44082be478bd6c086daa447c4651605818287b9532d3d0bd435?s=96&d=mm&r=g\",\"url\":\"https:\\\/\\\/secure.gravatar.com\\\/avatar\\\/3a8de04a2656d44082be478bd6c086daa447c4651605818287b9532d3d0bd435?s=96&d=mm&r=g\",\"contentUrl\":\"https:\\\/\\\/secure.gravatar.com\\\/avatar\\\/3a8de04a2656d44082be478bd6c086daa447c4651605818287b9532d3d0bd435?s=96&d=mm&r=g\",\"caption\":\"Lo viste en Los Pol\u00edticos\"},\"url\":\"https:\\\/\\\/lospoliticosveracruz.com\\\/?author=2\"}]}<\/script>\n<!-- \/ Yoast SEO plugin. -->","yoast_head_json":{"title":"\u201cFlores que dicen cosas\u201d - Los pol\u00edticos Veracruz","robots":{"index":"index","follow":"follow","max-snippet":"max-snippet:-1","max-image-preview":"max-image-preview:large","max-video-preview":"max-video-preview:-1"},"canonical":"https:\/\/lospoliticosveracruz.com\/?p=15229","og_locale":"es_ES","og_type":"article","og_title":"\u201cFlores que dicen cosas\u201d - Los pol\u00edticos Veracruz","og_description":"Harmida Rubio Guti\u00e9rrez Mujeres que Saben Lat\u00edn \u00bfQu\u00e9 es ser mujer? Fue la pregunta que me hicieron para una encuesta un d\u00eda que iba yo tranquilamente paseando por el parque Ju\u00e1rez en Xalapa. Me qued\u00e9 sin palabras. Al principio parec\u00eda f\u00e1cil contestar, pero no lo fue, porque ser mujer es algo tan complejo y tan [&hellip;]","og_url":"https:\/\/lospoliticosveracruz.com\/?p=15229","og_site_name":"Los pol\u00edticos Veracruz","article_publisher":"https:\/\/www.facebook.com\/people\/Notimemes-de-los-Polticos\/61565672886568\/","article_published_time":"2015-03-10T17:20:20+00:00","og_image":[{"url":"http:\/\/www.lospoliticosveracruz.com.mx\/wp-content\/uploads\/2015\/03\/Mujer-300x225.jpg","type":"","width":"","height":""}],"author":"Lo viste en Los Pol\u00edticos","twitter_card":"summary_large_image","twitter_creator":"@LosPoliticosVer","twitter_site":"@LosPoliticosVer","twitter_misc":{"Escrito por":"Lo viste en Los Pol\u00edticos","Tiempo de lectura":"5 minutos"},"schema":{"@context":"https:\/\/schema.org","@graph":[{"@type":"Article","@id":"https:\/\/lospoliticosveracruz.com\/?p=15229#article","isPartOf":{"@id":"https:\/\/lospoliticosveracruz.com\/?p=15229"},"author":{"name":"Lo viste en Los Pol\u00edticos","@id":"https:\/\/lospoliticosveracruz.com\/#\/schema\/person\/b8702bb0e538456e6efd07080bf2a4a2"},"headline":"\u201cFlores que dicen cosas\u201d","datePublished":"2015-03-10T17:20:20+00:00","mainEntityOfPage":{"@id":"https:\/\/lospoliticosveracruz.com\/?p=15229"},"wordCount":1090,"commentCount":0,"publisher":{"@id":"https:\/\/lospoliticosveracruz.com\/#organization"},"image":{"@id":"https:\/\/lospoliticosveracruz.com\/?p=15229#primaryimage"},"thumbnailUrl":"http:\/\/www.lospoliticosveracruz.com.mx\/wp-content\/uploads\/2015\/03\/Mujer-300x225.jpg","keywords":["D\u00eda de la Mujer","regalar flores","Simone de Beauvoir"],"articleSection":["De Opini\u00f3n"],"inLanguage":"es","potentialAction":[{"@type":"CommentAction","name":"Comment","target":["https:\/\/lospoliticosveracruz.com\/?p=15229#respond"]}]},{"@type":"WebPage","@id":"https:\/\/lospoliticosveracruz.com\/?p=15229","url":"https:\/\/lospoliticosveracruz.com\/?p=15229","name":"\u201cFlores que dicen cosas\u201d - Los pol\u00edticos Veracruz","isPartOf":{"@id":"https:\/\/lospoliticosveracruz.com\/#website"},"primaryImageOfPage":{"@id":"https:\/\/lospoliticosveracruz.com\/?p=15229#primaryimage"},"image":{"@id":"https:\/\/lospoliticosveracruz.com\/?p=15229#primaryimage"},"thumbnailUrl":"http:\/\/www.lospoliticosveracruz.com.mx\/wp-content\/uploads\/2015\/03\/Mujer-300x225.jpg","datePublished":"2015-03-10T17:20:20+00:00","breadcrumb":{"@id":"https:\/\/lospoliticosveracruz.com\/?p=15229#breadcrumb"},"inLanguage":"es","potentialAction":[{"@type":"ReadAction","target":["https:\/\/lospoliticosveracruz.com\/?p=15229"]}]},{"@type":"ImageObject","inLanguage":"es","@id":"https:\/\/lospoliticosveracruz.com\/?p=15229#primaryimage","url":"http:\/\/www.lospoliticosveracruz.com.mx\/wp-content\/uploads\/2015\/03\/Mujer-300x225.jpg","contentUrl":"http:\/\/www.lospoliticosveracruz.com.mx\/wp-content\/uploads\/2015\/03\/Mujer-300x225.jpg"},{"@type":"BreadcrumbList","@id":"https:\/\/lospoliticosveracruz.com\/?p=15229#breadcrumb","itemListElement":[{"@type":"ListItem","position":1,"name":"Portada","item":"https:\/\/lospoliticosveracruz.com\/"},{"@type":"ListItem","position":2,"name":"\u201cFlores que dicen cosas\u201d"}]},{"@type":"WebSite","@id":"https:\/\/lospoliticosveracruz.com\/#website","url":"https:\/\/lospoliticosveracruz.com\/","name":"Los pol\u00edticos Veracruz","description":"","publisher":{"@id":"https:\/\/lospoliticosveracruz.com\/#organization"},"potentialAction":[{"@type":"SearchAction","target":{"@type":"EntryPoint","urlTemplate":"https:\/\/lospoliticosveracruz.com\/?s={search_term_string}"},"query-input":{"@type":"PropertyValueSpecification","valueRequired":true,"valueName":"search_term_string"}}],"inLanguage":"es"},{"@type":"Organization","@id":"https:\/\/lospoliticosveracruz.com\/#organization","name":"Los pol\u00edticos Veracruz","url":"https:\/\/lospoliticosveracruz.com\/","logo":{"@type":"ImageObject","inLanguage":"es","@id":"https:\/\/lospoliticosveracruz.com\/#\/schema\/logo\/image\/","url":"https:\/\/lospoliticosveracruz.com\/wp-content\/uploads\/2025\/12\/Logo-Nuevo-LOS-POLITICOS-1.jpg","contentUrl":"https:\/\/lospoliticosveracruz.com\/wp-content\/uploads\/2025\/12\/Logo-Nuevo-LOS-POLITICOS-1.jpg","width":260,"height":70,"caption":"Los pol\u00edticos Veracruz"},"image":{"@id":"https:\/\/lospoliticosveracruz.com\/#\/schema\/logo\/image\/"},"sameAs":["https:\/\/www.facebook.com\/people\/Notimemes-de-los-Polticos\/61565672886568\/","https:\/\/x.com\/LosPoliticosVer"]},{"@type":"Person","@id":"https:\/\/lospoliticosveracruz.com\/#\/schema\/person\/b8702bb0e538456e6efd07080bf2a4a2","name":"Lo viste en Los Pol\u00edticos","image":{"@type":"ImageObject","inLanguage":"es","@id":"https:\/\/secure.gravatar.com\/avatar\/3a8de04a2656d44082be478bd6c086daa447c4651605818287b9532d3d0bd435?s=96&d=mm&r=g","url":"https:\/\/secure.gravatar.com\/avatar\/3a8de04a2656d44082be478bd6c086daa447c4651605818287b9532d3d0bd435?s=96&d=mm&r=g","contentUrl":"https:\/\/secure.gravatar.com\/avatar\/3a8de04a2656d44082be478bd6c086daa447c4651605818287b9532d3d0bd435?s=96&d=mm&r=g","caption":"Lo viste en Los Pol\u00edticos"},"url":"https:\/\/lospoliticosveracruz.com\/?author=2"}]}},"_links":{"self":[{"href":"https:\/\/lospoliticosveracruz.com\/index.php?rest_route=\/wp\/v2\/posts\/15229","targetHints":{"allow":["GET"]}}],"collection":[{"href":"https:\/\/lospoliticosveracruz.com\/index.php?rest_route=\/wp\/v2\/posts"}],"about":[{"href":"https:\/\/lospoliticosveracruz.com\/index.php?rest_route=\/wp\/v2\/types\/post"}],"author":[{"embeddable":true,"href":"https:\/\/lospoliticosveracruz.com\/index.php?rest_route=\/wp\/v2\/users\/2"}],"replies":[{"embeddable":true,"href":"https:\/\/lospoliticosveracruz.com\/index.php?rest_route=%2Fwp%2Fv2%2Fcomments&post=15229"}],"version-history":[{"count":1,"href":"https:\/\/lospoliticosveracruz.com\/index.php?rest_route=\/wp\/v2\/posts\/15229\/revisions"}],"predecessor-version":[{"id":15231,"href":"https:\/\/lospoliticosveracruz.com\/index.php?rest_route=\/wp\/v2\/posts\/15229\/revisions\/15231"}],"wp:attachment":[{"href":"https:\/\/lospoliticosveracruz.com\/index.php?rest_route=%2Fwp%2Fv2%2Fmedia&parent=15229"}],"wp:term":[{"taxonomy":"category","embeddable":true,"href":"https:\/\/lospoliticosveracruz.com\/index.php?rest_route=%2Fwp%2Fv2%2Fcategories&post=15229"},{"taxonomy":"post_tag","embeddable":true,"href":"https:\/\/lospoliticosveracruz.com\/index.php?rest_route=%2Fwp%2Fv2%2Ftags&post=15229"}],"curies":[{"name":"wp","href":"https:\/\/api.w.org\/{rel}","templated":true}]}}