{"id":15232,"date":"2015-03-10T11:22:45","date_gmt":"2015-03-10T17:22:45","guid":{"rendered":"http:\/\/www.lospoliticosveracruz.com.mx\/?p=15232"},"modified":"2015-03-10T11:22:45","modified_gmt":"2015-03-10T17:22:45","slug":"servicios-de-salud-en-veracruz-y-su-mala-administracion","status":"publish","type":"post","link":"https:\/\/lospoliticosveracruz.com\/?p=15232","title":{"rendered":"Servicios de Salud en Veracruz y su mala administraci\u00f3n"},"content":{"rendered":"<p><a href=\"http:\/\/www.lospoliticosveracruz.com.mx\/wp-content\/uploads\/2015\/03\/salud.jpg\"><img loading=\"lazy\" decoding=\"async\" class=\"alignnone size-medium wp-image-15233\" src=\"http:\/\/www.lospoliticosveracruz.com.mx\/wp-content\/uploads\/2015\/03\/salud-300x111.jpg\" alt=\"salud\" width=\"300\" height=\"111\" \/><\/a><\/p>\n<p><strong>Miguel Angel Cristiani<\/strong><\/p>\n<p><em>Bit\u00e1cora<\/em><\/p>\n<p>&nbsp;<\/p>\n<p>Trabajadores de los Servicios de Salud en el estado de Veracruz \u2013de los que s\u00ed trabajan, no los que nada m\u00e1s se presentan a cobrar- nos hicieron llegar el informe de resultados de las observaciones hechas por la Auditor\u00eda Superior de la Federaci\u00f3n respecto de los manejos irregulares que se detectaron durante el ejercicio 2013, correspondientes ya a la presente administraci\u00f3n estatal.<\/p>\n<p>Se trata de los recursos del Fondo de Aportaciones para los Servicios de Salud en el estado de Veracruz, practicados en la Auditor\u00eda Financiera y de Cumplimiento (Con Enfoque de Desempe\u00f1o:13-A-30000-14-0799 GF-123.<br \/>\nSe trata de los egresos en miles de pesos de un universo seleccionado por 4,273,883.4 por lo que la muestra auditada fue de 3,153,113.5, que tiene una Representatividad de la Muestra del 73.8%.<\/p>\n<p>Entre los resultados interesantes de destacar, se encuentra en el apartado de Resultados, en cuanto al Control Interno, que si bien es cierto que no fue durante fechas recientes estando a cargo ya Fernando Benitez Obeso como titular y Alfonso Sandoval como Director de Administraci\u00f3n, son observaciones que debe de ser atendidas y comprobadas luego de que acaban de ser dadas a conocer por la Auditor\u00eda Superior de la Federaci\u00f3n.<\/p>\n<p>En cuanto al control interno que se debe de tener en los Servicios de Salud de Veracruz se indica que:<\/p>\n<p>1. El an\u00e1lisis del sistema de control interno establecido por los Servicios de Salud de Veracruz (SESVER), ejecutor de los recursos del Fondo de Aportaciones para los Servicios de Salud (FASSA) 2013, se efectu\u00f3 con base en los 5 componentes del Modelo COSO (Committee of Sponsoring Organizations of the Treadway Commission), y mediante la aplicaci\u00f3n de un cuestionario de control interno y la evaluaci\u00f3n documental comprobatoria proporcionada, con objeto de contribuir proactiva y constructivamente a la mejora continua de los sistemas de control interno implementados.<\/p>\n<p>Despu\u00e9s de analizar las evidencias y las respuestas, con base en cada componente del Modelo COSO, los resultados m\u00e1s relevantes de la evaluaci\u00f3n son:<br \/>\nAmbiente de Control<br \/>\n\u2022 Los SESVER cuentan con un c\u00f3digo de \u00e9tica, el cual fue difundido a trav\u00e9s de carteles y boletines; sin embargo, no cuentan con un c\u00f3digo de conducta.<\/p>\n<p>\u2022 Los SESVER no cuentan con un instrumento que oriente la actuaci\u00f3n de los servidores p\u00fablicos en el desempe\u00f1o de sus empleos, cargos o comisiones ante situaciones concretas que se les presenten.<\/p>\n<p>\u2022 Los SESVER cuentan con un Comit\u00e9 de \u00c9tica; sin embargo, no han establecido procedimientos para la investigaci\u00f3n o denuncia de posibles actos contrarios a la \u00e9tica y conducta institucional.<\/p>\n<p>Los SESVER no identificaron programas de capacitaci\u00f3n con contenidos espec\u00edficos en la materia dirigidos a los servidores p\u00fablicos con responsabilidad en el establecimiento y actualizaci\u00f3n de los controles internos y la evaluaci\u00f3n de riesgos.<\/p>\n<p>\u2022 Los SESVER no incluyeron en sus programas de capacitaci\u00f3n para el personal ninguno de los temas siguientes: administraci\u00f3n de riesgos y prevenci\u00f3n, disuasi\u00f3n y correcci\u00f3n de posibles actos de corrupci\u00f3n.<\/p>\n<p>Evaluaci\u00f3n de Riesgos<br \/>\n\u2022 Los SESVER no cuentan con un plan o programa estrat\u00e9gico institucional autorizado que precise las acciones y pol\u00edticas espec\u00edficas para el logro de sus objetivos.<\/p>\n<p>\u2022 Los SESVER no identifican, ni eval\u00faan los riesgos que pueden afectar el logro de los procesos sustantivos y adjetivos; asimismo, no implantaron acciones para mitigarlos ni administrarlos.<\/p>\n<p>\u2022 Los SESVER carecen de una metodolog\u00eda espec\u00edfica aplicada a la identificaci\u00f3n, evaluaci\u00f3n, priorizaci\u00f3n, estrategias de mitigaci\u00f3n y seguimiento de riesgos (administraci\u00f3n de riesgos).<\/p>\n<p>Actividades de Control<br \/>\n\u2022 Los SESVER no cuentan con un programa de trabajo de control interno, ni con una disposici\u00f3n que establezca la obligaci\u00f3n de evaluar y actualizar las pol\u00edticas y procedimientos (control interno), por lo que no realizaron evaluaciones al mismo.<\/p>\n<p>\u2022 Los SESVER cuentan con sistemas inform\u00e1ticos autorizados (financieros y administrativos) que apoyan el desarrollo de sus actividades; sin embargo, no se les ha aplicado una evaluaci\u00f3n de control interno.<\/p>\n<p>Informaci\u00f3n y Comunicaci\u00f3n<br \/>\n\u2022 Los SESVER cuentan con un plan o programa de sistema inform\u00e1tico alineado, el cual apoya el cumplimiento de los objetivos de su plan o programa estrat\u00e9gico.<\/p>\n<p>\u2022 Los SESVER no tienen implementados planes de recuperaci\u00f3n de desastres que incluyan datos, hardware y software.<\/p>\n<p>\u2022 Los SESVER carecen de un lineamiento autorizado para la elaboraci\u00f3n de informes del avance y cumplimiento del plan o programas estrat\u00e9gicos; as\u00ed como los objetivos y metas institucionales.<\/p>\n<p>Habr\u00eda que se\u00f1alar tambi\u00e9n que en el apartado de Transferencia de Recursos, se dan varias indicaciones respecto al manejo irregular de los miles de millones enviados por la federaci\u00f3n, pero esa como dir\u00eda la Nana Goya es otra historia que habremos de contar en otra Bit\u00e1cora Veracruzana.<\/p>\n<p>Dice el fil\u00f3sofo del pueblo Pancho L\u00f3pez:<\/p>\n<p>A partir de abril la federaci\u00f3n se har\u00e1 cargo del pago de los programas federales en el estado no pr\u00f3spero de Veracruz, como ya lo hace en la SEV, tambi\u00e9n intervendr\u00e1 directamente en la Secretar\u00eda de Salud y en la Secretar\u00eda de Agricultura, con lo que se evitar\u00e1 el jineteo de recursos millonarios.<\/p>\n<p>Antes que la Auditor\u00eda Superior de la Federaci\u00f3n haga mas recomendaciones empleados de los Servicios de Salud, comentan que ahora que la federaci\u00f3n se har\u00e1 cargo del pago de n\u00f3minas directamente, para evitar jineteos, se deber\u00edan de atender una serie de irregularidades, como por ejemplo el de la Real Fuerza A\u00e9rea, que nada m\u00e1s aterriza en las jurisdicciones sanitarias, como la de Banderilla, en \u00fanicamente se aparecen a firmar la n\u00f3mina. Por poner un ejemplo.<\/p>\n","protected":false},"excerpt":{"rendered":"<p>Miguel Angel Cristiani Bit\u00e1cora &nbsp; Trabajadores de los Servicios de Salud en el estado de Veracruz \u2013de los que s\u00ed trabajan, no los que nada m\u00e1s se presentan a cobrar- nos hicieron llegar el informe de resultados de las observaciones hechas por la Auditor\u00eda Superior de la Federaci\u00f3n respecto de los manejos irregulares que se [&hellip;]<\/p>\n","protected":false},"author":2,"featured_media":0,"comment_status":"open","ping_status":"open","sticky":false,"template":"","format":"standard","meta":{"tdm_status":"","tdm_grid_status":"","footnotes":""},"categories":[70],"tags":[2044,2043,998,195],"class_list":{"0":"post-15232","1":"post","2":"type-post","3":"status-publish","4":"format-standard","6":"category-de-opinion","7":"tag-fondo-de-aportaciones-salud","8":"tag-servicios-de-salud","9":"tag-sesver","10":"tag-veracruz"},"yoast_head":"<!-- This site is optimized with the Yoast SEO plugin v27.4 - https:\/\/yoast.com\/product\/yoast-seo-wordpress\/ -->\n<title>Servicios de Salud en Veracruz y su mala administraci\u00f3n - Los pol\u00edticos Veracruz<\/title>\n<meta name=\"robots\" content=\"index, follow, max-snippet:-1, max-image-preview:large, max-video-preview:-1\" \/>\n<link rel=\"canonical\" href=\"https:\/\/lospoliticosveracruz.com\/?p=15232\" \/>\n<meta property=\"og:locale\" content=\"es_ES\" \/>\n<meta property=\"og:type\" content=\"article\" \/>\n<meta property=\"og:title\" content=\"Servicios de Salud en Veracruz y su mala administraci\u00f3n - Los pol\u00edticos Veracruz\" \/>\n<meta property=\"og:description\" content=\"Miguel Angel Cristiani Bit\u00e1cora &nbsp; Trabajadores de los Servicios de Salud en el estado de Veracruz \u2013de los que s\u00ed trabajan, no los que nada m\u00e1s se presentan a cobrar- nos hicieron llegar el informe de resultados de las observaciones hechas por la Auditor\u00eda Superior de la Federaci\u00f3n respecto de los manejos irregulares que se [&hellip;]\" \/>\n<meta property=\"og:url\" content=\"https:\/\/lospoliticosveracruz.com\/?p=15232\" \/>\n<meta property=\"og:site_name\" content=\"Los pol\u00edticos Veracruz\" \/>\n<meta property=\"article:publisher\" content=\"https:\/\/www.facebook.com\/people\/Notimemes-de-los-Polticos\/61565672886568\/\" \/>\n<meta property=\"article:published_time\" content=\"2015-03-10T17:22:45+00:00\" \/>\n<meta property=\"og:image\" content=\"http:\/\/www.lospoliticosveracruz.com.mx\/wp-content\/uploads\/2015\/03\/salud-300x111.jpg\" \/>\n<meta name=\"author\" content=\"Lo viste en Los Pol\u00edticos\" \/>\n<meta name=\"twitter:card\" content=\"summary_large_image\" \/>\n<meta name=\"twitter:creator\" content=\"@LosPoliticosVer\" \/>\n<meta name=\"twitter:site\" content=\"@LosPoliticosVer\" \/>\n<meta name=\"twitter:label1\" content=\"Escrito por\" \/>\n\t<meta name=\"twitter:data1\" content=\"Lo viste en Los Pol\u00edticos\" \/>\n\t<meta name=\"twitter:label2\" content=\"Tiempo de lectura\" \/>\n\t<meta name=\"twitter:data2\" content=\"5 minutos\" \/>\n<script type=\"application\/ld+json\" class=\"yoast-schema-graph\">{\"@context\":\"https:\\\/\\\/schema.org\",\"@graph\":[{\"@type\":\"Article\",\"@id\":\"https:\\\/\\\/lospoliticosveracruz.com\\\/?p=15232#article\",\"isPartOf\":{\"@id\":\"https:\\\/\\\/lospoliticosveracruz.com\\\/?p=15232\"},\"author\":{\"name\":\"Lo viste en Los Pol\u00edticos\",\"@id\":\"https:\\\/\\\/lospoliticosveracruz.com\\\/#\\\/schema\\\/person\\\/b8702bb0e538456e6efd07080bf2a4a2\"},\"headline\":\"Servicios de Salud en Veracruz y su mala administraci\u00f3n\",\"datePublished\":\"2015-03-10T17:22:45+00:00\",\"mainEntityOfPage\":{\"@id\":\"https:\\\/\\\/lospoliticosveracruz.com\\\/?p=15232\"},\"wordCount\":973,\"commentCount\":0,\"publisher\":{\"@id\":\"https:\\\/\\\/lospoliticosveracruz.com\\\/#organization\"},\"image\":{\"@id\":\"https:\\\/\\\/lospoliticosveracruz.com\\\/?p=15232#primaryimage\"},\"thumbnailUrl\":\"http:\\\/\\\/www.lospoliticosveracruz.com.mx\\\/wp-content\\\/uploads\\\/2015\\\/03\\\/salud-300x111.jpg\",\"keywords\":[\"Fondo de Aportaciones Salud\",\"Servicios de Salud\",\"Sesver\",\"Veracruz\"],\"articleSection\":[\"De Opini\u00f3n\"],\"inLanguage\":\"es\",\"potentialAction\":[{\"@type\":\"CommentAction\",\"name\":\"Comment\",\"target\":[\"https:\\\/\\\/lospoliticosveracruz.com\\\/?p=15232#respond\"]}]},{\"@type\":\"WebPage\",\"@id\":\"https:\\\/\\\/lospoliticosveracruz.com\\\/?p=15232\",\"url\":\"https:\\\/\\\/lospoliticosveracruz.com\\\/?p=15232\",\"name\":\"Servicios de Salud en Veracruz y su mala administraci\u00f3n - Los pol\u00edticos Veracruz\",\"isPartOf\":{\"@id\":\"https:\\\/\\\/lospoliticosveracruz.com\\\/#website\"},\"primaryImageOfPage\":{\"@id\":\"https:\\\/\\\/lospoliticosveracruz.com\\\/?p=15232#primaryimage\"},\"image\":{\"@id\":\"https:\\\/\\\/lospoliticosveracruz.com\\\/?p=15232#primaryimage\"},\"thumbnailUrl\":\"http:\\\/\\\/www.lospoliticosveracruz.com.mx\\\/wp-content\\\/uploads\\\/2015\\\/03\\\/salud-300x111.jpg\",\"datePublished\":\"2015-03-10T17:22:45+00:00\",\"breadcrumb\":{\"@id\":\"https:\\\/\\\/lospoliticosveracruz.com\\\/?p=15232#breadcrumb\"},\"inLanguage\":\"es\",\"potentialAction\":[{\"@type\":\"ReadAction\",\"target\":[\"https:\\\/\\\/lospoliticosveracruz.com\\\/?p=15232\"]}]},{\"@type\":\"ImageObject\",\"inLanguage\":\"es\",\"@id\":\"https:\\\/\\\/lospoliticosveracruz.com\\\/?p=15232#primaryimage\",\"url\":\"http:\\\/\\\/www.lospoliticosveracruz.com.mx\\\/wp-content\\\/uploads\\\/2015\\\/03\\\/salud-300x111.jpg\",\"contentUrl\":\"http:\\\/\\\/www.lospoliticosveracruz.com.mx\\\/wp-content\\\/uploads\\\/2015\\\/03\\\/salud-300x111.jpg\"},{\"@type\":\"BreadcrumbList\",\"@id\":\"https:\\\/\\\/lospoliticosveracruz.com\\\/?p=15232#breadcrumb\",\"itemListElement\":[{\"@type\":\"ListItem\",\"position\":1,\"name\":\"Portada\",\"item\":\"https:\\\/\\\/lospoliticosveracruz.com\\\/\"},{\"@type\":\"ListItem\",\"position\":2,\"name\":\"Servicios de Salud en Veracruz y su mala administraci\u00f3n\"}]},{\"@type\":\"WebSite\",\"@id\":\"https:\\\/\\\/lospoliticosveracruz.com\\\/#website\",\"url\":\"https:\\\/\\\/lospoliticosveracruz.com\\\/\",\"name\":\"Los pol\u00edticos Veracruz\",\"description\":\"\",\"publisher\":{\"@id\":\"https:\\\/\\\/lospoliticosveracruz.com\\\/#organization\"},\"potentialAction\":[{\"@type\":\"SearchAction\",\"target\":{\"@type\":\"EntryPoint\",\"urlTemplate\":\"https:\\\/\\\/lospoliticosveracruz.com\\\/?s={search_term_string}\"},\"query-input\":{\"@type\":\"PropertyValueSpecification\",\"valueRequired\":true,\"valueName\":\"search_term_string\"}}],\"inLanguage\":\"es\"},{\"@type\":\"Organization\",\"@id\":\"https:\\\/\\\/lospoliticosveracruz.com\\\/#organization\",\"name\":\"Los pol\u00edticos Veracruz\",\"url\":\"https:\\\/\\\/lospoliticosveracruz.com\\\/\",\"logo\":{\"@type\":\"ImageObject\",\"inLanguage\":\"es\",\"@id\":\"https:\\\/\\\/lospoliticosveracruz.com\\\/#\\\/schema\\\/logo\\\/image\\\/\",\"url\":\"https:\\\/\\\/lospoliticosveracruz.com\\\/wp-content\\\/uploads\\\/2025\\\/12\\\/Logo-Nuevo-LOS-POLITICOS-1.jpg\",\"contentUrl\":\"https:\\\/\\\/lospoliticosveracruz.com\\\/wp-content\\\/uploads\\\/2025\\\/12\\\/Logo-Nuevo-LOS-POLITICOS-1.jpg\",\"width\":260,\"height\":70,\"caption\":\"Los pol\u00edticos Veracruz\"},\"image\":{\"@id\":\"https:\\\/\\\/lospoliticosveracruz.com\\\/#\\\/schema\\\/logo\\\/image\\\/\"},\"sameAs\":[\"https:\\\/\\\/www.facebook.com\\\/people\\\/Notimemes-de-los-Polticos\\\/61565672886568\\\/\",\"https:\\\/\\\/x.com\\\/LosPoliticosVer\"]},{\"@type\":\"Person\",\"@id\":\"https:\\\/\\\/lospoliticosveracruz.com\\\/#\\\/schema\\\/person\\\/b8702bb0e538456e6efd07080bf2a4a2\",\"name\":\"Lo viste en Los Pol\u00edticos\",\"image\":{\"@type\":\"ImageObject\",\"inLanguage\":\"es\",\"@id\":\"https:\\\/\\\/secure.gravatar.com\\\/avatar\\\/3a8de04a2656d44082be478bd6c086daa447c4651605818287b9532d3d0bd435?s=96&d=mm&r=g\",\"url\":\"https:\\\/\\\/secure.gravatar.com\\\/avatar\\\/3a8de04a2656d44082be478bd6c086daa447c4651605818287b9532d3d0bd435?s=96&d=mm&r=g\",\"contentUrl\":\"https:\\\/\\\/secure.gravatar.com\\\/avatar\\\/3a8de04a2656d44082be478bd6c086daa447c4651605818287b9532d3d0bd435?s=96&d=mm&r=g\",\"caption\":\"Lo viste en Los Pol\u00edticos\"},\"url\":\"https:\\\/\\\/lospoliticosveracruz.com\\\/?author=2\"}]}<\/script>\n<!-- \/ Yoast SEO plugin. -->","yoast_head_json":{"title":"Servicios de Salud en Veracruz y su mala administraci\u00f3n - Los pol\u00edticos Veracruz","robots":{"index":"index","follow":"follow","max-snippet":"max-snippet:-1","max-image-preview":"max-image-preview:large","max-video-preview":"max-video-preview:-1"},"canonical":"https:\/\/lospoliticosveracruz.com\/?p=15232","og_locale":"es_ES","og_type":"article","og_title":"Servicios de Salud en Veracruz y su mala administraci\u00f3n - Los pol\u00edticos Veracruz","og_description":"Miguel Angel Cristiani Bit\u00e1cora &nbsp; Trabajadores de los Servicios de Salud en el estado de Veracruz \u2013de los que s\u00ed trabajan, no los que nada m\u00e1s se presentan a cobrar- nos hicieron llegar el informe de resultados de las observaciones hechas por la Auditor\u00eda Superior de la Federaci\u00f3n respecto de los manejos irregulares que se [&hellip;]","og_url":"https:\/\/lospoliticosveracruz.com\/?p=15232","og_site_name":"Los pol\u00edticos Veracruz","article_publisher":"https:\/\/www.facebook.com\/people\/Notimemes-de-los-Polticos\/61565672886568\/","article_published_time":"2015-03-10T17:22:45+00:00","og_image":[{"url":"http:\/\/www.lospoliticosveracruz.com.mx\/wp-content\/uploads\/2015\/03\/salud-300x111.jpg","type":"","width":"","height":""}],"author":"Lo viste en Los Pol\u00edticos","twitter_card":"summary_large_image","twitter_creator":"@LosPoliticosVer","twitter_site":"@LosPoliticosVer","twitter_misc":{"Escrito por":"Lo viste en Los Pol\u00edticos","Tiempo de lectura":"5 minutos"},"schema":{"@context":"https:\/\/schema.org","@graph":[{"@type":"Article","@id":"https:\/\/lospoliticosveracruz.com\/?p=15232#article","isPartOf":{"@id":"https:\/\/lospoliticosveracruz.com\/?p=15232"},"author":{"name":"Lo viste en Los Pol\u00edticos","@id":"https:\/\/lospoliticosveracruz.com\/#\/schema\/person\/b8702bb0e538456e6efd07080bf2a4a2"},"headline":"Servicios de Salud en Veracruz y su mala administraci\u00f3n","datePublished":"2015-03-10T17:22:45+00:00","mainEntityOfPage":{"@id":"https:\/\/lospoliticosveracruz.com\/?p=15232"},"wordCount":973,"commentCount":0,"publisher":{"@id":"https:\/\/lospoliticosveracruz.com\/#organization"},"image":{"@id":"https:\/\/lospoliticosveracruz.com\/?p=15232#primaryimage"},"thumbnailUrl":"http:\/\/www.lospoliticosveracruz.com.mx\/wp-content\/uploads\/2015\/03\/salud-300x111.jpg","keywords":["Fondo de Aportaciones Salud","Servicios de Salud","Sesver","Veracruz"],"articleSection":["De Opini\u00f3n"],"inLanguage":"es","potentialAction":[{"@type":"CommentAction","name":"Comment","target":["https:\/\/lospoliticosveracruz.com\/?p=15232#respond"]}]},{"@type":"WebPage","@id":"https:\/\/lospoliticosveracruz.com\/?p=15232","url":"https:\/\/lospoliticosveracruz.com\/?p=15232","name":"Servicios de Salud en Veracruz y su mala administraci\u00f3n - Los pol\u00edticos Veracruz","isPartOf":{"@id":"https:\/\/lospoliticosveracruz.com\/#website"},"primaryImageOfPage":{"@id":"https:\/\/lospoliticosveracruz.com\/?p=15232#primaryimage"},"image":{"@id":"https:\/\/lospoliticosveracruz.com\/?p=15232#primaryimage"},"thumbnailUrl":"http:\/\/www.lospoliticosveracruz.com.mx\/wp-content\/uploads\/2015\/03\/salud-300x111.jpg","datePublished":"2015-03-10T17:22:45+00:00","breadcrumb":{"@id":"https:\/\/lospoliticosveracruz.com\/?p=15232#breadcrumb"},"inLanguage":"es","potentialAction":[{"@type":"ReadAction","target":["https:\/\/lospoliticosveracruz.com\/?p=15232"]}]},{"@type":"ImageObject","inLanguage":"es","@id":"https:\/\/lospoliticosveracruz.com\/?p=15232#primaryimage","url":"http:\/\/www.lospoliticosveracruz.com.mx\/wp-content\/uploads\/2015\/03\/salud-300x111.jpg","contentUrl":"http:\/\/www.lospoliticosveracruz.com.mx\/wp-content\/uploads\/2015\/03\/salud-300x111.jpg"},{"@type":"BreadcrumbList","@id":"https:\/\/lospoliticosveracruz.com\/?p=15232#breadcrumb","itemListElement":[{"@type":"ListItem","position":1,"name":"Portada","item":"https:\/\/lospoliticosveracruz.com\/"},{"@type":"ListItem","position":2,"name":"Servicios de Salud en Veracruz y su mala administraci\u00f3n"}]},{"@type":"WebSite","@id":"https:\/\/lospoliticosveracruz.com\/#website","url":"https:\/\/lospoliticosveracruz.com\/","name":"Los pol\u00edticos Veracruz","description":"","publisher":{"@id":"https:\/\/lospoliticosveracruz.com\/#organization"},"potentialAction":[{"@type":"SearchAction","target":{"@type":"EntryPoint","urlTemplate":"https:\/\/lospoliticosveracruz.com\/?s={search_term_string}"},"query-input":{"@type":"PropertyValueSpecification","valueRequired":true,"valueName":"search_term_string"}}],"inLanguage":"es"},{"@type":"Organization","@id":"https:\/\/lospoliticosveracruz.com\/#organization","name":"Los pol\u00edticos Veracruz","url":"https:\/\/lospoliticosveracruz.com\/","logo":{"@type":"ImageObject","inLanguage":"es","@id":"https:\/\/lospoliticosveracruz.com\/#\/schema\/logo\/image\/","url":"https:\/\/lospoliticosveracruz.com\/wp-content\/uploads\/2025\/12\/Logo-Nuevo-LOS-POLITICOS-1.jpg","contentUrl":"https:\/\/lospoliticosveracruz.com\/wp-content\/uploads\/2025\/12\/Logo-Nuevo-LOS-POLITICOS-1.jpg","width":260,"height":70,"caption":"Los pol\u00edticos Veracruz"},"image":{"@id":"https:\/\/lospoliticosveracruz.com\/#\/schema\/logo\/image\/"},"sameAs":["https:\/\/www.facebook.com\/people\/Notimemes-de-los-Polticos\/61565672886568\/","https:\/\/x.com\/LosPoliticosVer"]},{"@type":"Person","@id":"https:\/\/lospoliticosveracruz.com\/#\/schema\/person\/b8702bb0e538456e6efd07080bf2a4a2","name":"Lo viste en Los Pol\u00edticos","image":{"@type":"ImageObject","inLanguage":"es","@id":"https:\/\/secure.gravatar.com\/avatar\/3a8de04a2656d44082be478bd6c086daa447c4651605818287b9532d3d0bd435?s=96&d=mm&r=g","url":"https:\/\/secure.gravatar.com\/avatar\/3a8de04a2656d44082be478bd6c086daa447c4651605818287b9532d3d0bd435?s=96&d=mm&r=g","contentUrl":"https:\/\/secure.gravatar.com\/avatar\/3a8de04a2656d44082be478bd6c086daa447c4651605818287b9532d3d0bd435?s=96&d=mm&r=g","caption":"Lo viste en Los Pol\u00edticos"},"url":"https:\/\/lospoliticosveracruz.com\/?author=2"}]}},"_links":{"self":[{"href":"https:\/\/lospoliticosveracruz.com\/index.php?rest_route=\/wp\/v2\/posts\/15232","targetHints":{"allow":["GET"]}}],"collection":[{"href":"https:\/\/lospoliticosveracruz.com\/index.php?rest_route=\/wp\/v2\/posts"}],"about":[{"href":"https:\/\/lospoliticosveracruz.com\/index.php?rest_route=\/wp\/v2\/types\/post"}],"author":[{"embeddable":true,"href":"https:\/\/lospoliticosveracruz.com\/index.php?rest_route=\/wp\/v2\/users\/2"}],"replies":[{"embeddable":true,"href":"https:\/\/lospoliticosveracruz.com\/index.php?rest_route=%2Fwp%2Fv2%2Fcomments&post=15232"}],"version-history":[{"count":1,"href":"https:\/\/lospoliticosveracruz.com\/index.php?rest_route=\/wp\/v2\/posts\/15232\/revisions"}],"predecessor-version":[{"id":15234,"href":"https:\/\/lospoliticosveracruz.com\/index.php?rest_route=\/wp\/v2\/posts\/15232\/revisions\/15234"}],"wp:attachment":[{"href":"https:\/\/lospoliticosveracruz.com\/index.php?rest_route=%2Fwp%2Fv2%2Fmedia&parent=15232"}],"wp:term":[{"taxonomy":"category","embeddable":true,"href":"https:\/\/lospoliticosveracruz.com\/index.php?rest_route=%2Fwp%2Fv2%2Fcategories&post=15232"},{"taxonomy":"post_tag","embeddable":true,"href":"https:\/\/lospoliticosveracruz.com\/index.php?rest_route=%2Fwp%2Fv2%2Ftags&post=15232"}],"curies":[{"name":"wp","href":"https:\/\/api.w.org\/{rel}","templated":true}]}}