{"id":152398,"date":"2025-09-11T08:24:23","date_gmt":"2025-09-11T13:24:23","guid":{"rendered":"https:\/\/lospoliticosveracruz.com.mx\/?p=152398"},"modified":"2025-09-11T08:24:40","modified_gmt":"2025-09-11T13:24:40","slug":"regreso-a-clases-y-manifestaciones-en-la-sev","status":"publish","type":"post","link":"https:\/\/lospoliticosveracruz.com\/?p=152398","title":{"rendered":"REGRESO A CLASES\u2026 Y MANIFESTACIONES EN LA SEV"},"content":{"rendered":"\n\n\n<p><strong>Yamiri Rodr\u00edguez Madrid<\/strong><\/p>\n\n\n\n<p><em>La vuelta a Veracruz en un teclazo<\/em><\/p>\n\n\n\n<p>El inicio del ciclo escolar 2025-2026 trajo consigo el regreso de las manifestaciones contra la Secretar\u00eda de Educaci\u00f3n en Veracruz (SEV); a\u00fan no se cumplen los primeros 15 d\u00edas del regreso a clases y ya hay un c\u00famulo de protestas por la manera en que operan varias escuelas.&nbsp;<\/p>\n\n\n\n<p>En Xalapa y el sur del estado, madres, padres, estudiantes y docentes han salido a exigir algo tan b\u00e1sico como ba\u00f1os, techos, mobiliario\u2026 y maestras y maestros frente a grupo. El regreso a clases no solo destap\u00f3 carencias: exhibi\u00f3 una&nbsp;SEV&nbsp;que opera con ventanillas cruzadas, subsecretar\u00edas sin coordinaci\u00f3n y respuestas que se diluyen en oficios. Es momento de que la titular, Claudia Tello, d\u00e9 un manotazo en la mesa para alinear a su equipo y que&nbsp;todas&nbsp;las escuelas&nbsp;veracruzanas&nbsp;funcionen como reloj suizo.<\/p>\n\n\n\n<figure class=\"wp-block-image size-full\"><a href=\"https:\/\/lospoliticosveracruz.com.mx\/wp-content\/uploads\/2025\/09\/IMG_7634.png\"><img loading=\"lazy\" decoding=\"async\" width=\"300\" height=\"300\" src=\"https:\/\/lospoliticosveracruz.com.mx\/wp-content\/uploads\/2025\/09\/IMG_7634.png\" alt=\"\" class=\"wp-image-152375\" srcset=\"https:\/\/lospoliticosveracruz.com\/wp-content\/uploads\/2025\/09\/IMG_7634.png 300w, https:\/\/lospoliticosveracruz.com\/wp-content\/uploads\/2025\/09\/IMG_7634-150x150.png 150w, https:\/\/lospoliticosveracruz.com\/wp-content\/uploads\/2025\/09\/IMG_7634-125x125.png 125w\" sizes=\"auto, (max-width: 300px) 100vw, 300px\" \/><\/a><\/figure>\n\n\n\n<p>Apenas este mi\u00e9rcoles,&nbsp;integrantes del Frente Nacional de Estudiantes Revolucionarios Rafael Ram\u00edrez (FNERRR), adheridos al Movimiento Antorchista, protestaron afuera de la SEV. Aseguran que desde enero entregaron solicitudes para resolver necesidades de infraestructura y equipamiento sin respuesta, y denuncian hostigamiento de funcionarios en varios municipios. Advirtieron que, si no hay soluci\u00f3n, ir\u00e1n a Palacio de Gobierno para pedir la intervenci\u00f3n de la gobernadora. Antes, el jueves 4 de septiembre, docentes de Coatzacoalcos tomaron las oficinas centrales por un conflicto sindical en el preescolar \u201cMargarita Mor\u00e1n V\u00e9liz\u201d. Todo esto sucediendo mientras ni\u00f1as y ni\u00f1os deber\u00edan estar aprendiendo en paz.<\/p>\n\n\n\n<p><br>En la primaria \u201cEnrique C. R\u00e9bsamen\u201d, de San Jos\u00e9 Tenejapa (Tepatlaxco), 108 alumnos son atendidos apenas por tres profesores. Faltan maestras y maestros de tercero y quinto desde hace una d\u00e9cada y no hay director. La comunidad bloque\u00f3 oficinas y el arranque del ciclo qued\u00f3 interrumpido varios d\u00edas.&nbsp;<\/p>\n\n\n\n<p>Otro ejemplo es lo que pas\u00f3 con la Benem\u00e9rita Escuela Normal Veracruzana (BENV)&nbsp;donde se&nbsp;denunci\u00f3 la transferencia, el 28 de agosto, de cerca de 11 millones de pesos a otra cuenta, sin aviso previo. La instituci\u00f3n sostiene que esos recursos provienen de su trabajo acad\u00e9mico y \u00e1reas productivas, y que la medida detuvo su operatividad cotidiana. La BENV exigi\u00f3&nbsp;la devoluci\u00f3n y respeto a su relativa autonom\u00eda financiera, la que, subraya, le ha permitido sostenerse por m\u00e1s de tres d\u00e9cadas ante lo tard\u00edo e insuficiente del financiamiento p\u00fablico.&nbsp;Al parecer, ya le reintegraron su dinero.<\/p>\n\n\n\n<p>Ante este&nbsp;panorama,&nbsp;no basta&nbsp;que la secretaria intente&nbsp;administrar el conflicto:&nbsp;tiene&nbsp;que ordenar el sistema.&nbsp;Si bien no es receta de cocina, deber\u00eda ordenar un&nbsp;censo por municipio&nbsp;de aulas sin titular&nbsp;y&nbsp;un calendario de soluci\u00f3n por es&nbsp;cuela, con tres sem\u00e1foros: docentes, infraestructura m\u00ednima (ba\u00f1os, techos, agua), y equipamiento esencial (bancas, pizarrones); fechas y responsables visibles.&nbsp;Con esto se quitar\u00eda muchos problemas de encima.<\/p>\n\n\n\n<p>La&nbsp;Secretar\u00eda&nbsp;de Educaci\u00f3n&nbsp;tiene en Claudia Tello a una titular que ya se asoma a los conflictos en territorio. Falta que sus subsecretar\u00edas marchen al mismo ritmo. Un reloj suizo no se arma con discursos, sino con engranes que encajan. Es hora del manotazo: poner orden, fijar plazos y cumplirlos. Porque la educaci\u00f3n,&nbsp;y la paciencia de los padres de familia,&nbsp;no admite pr\u00f3rrogas.<\/p>\n\n\n\n<p>@YamiriRodr\u00edguez<\/p>\n","protected":false},"excerpt":{"rendered":"<p>Yamiri Rodr\u00edguez Madrid La vuelta a Veracruz en un teclazo El inicio del ciclo escolar 2025-2026 trajo consigo el regreso de las manifestaciones contra la Secretar\u00eda de Educaci\u00f3n en Veracruz (SEV); a\u00fan no se cumplen los primeros 15 d\u00edas del regreso a clases y ya hay un c\u00famulo de protestas por la manera en que [&hellip;]<\/p>\n","protected":false},"author":2,"featured_media":141413,"comment_status":"closed","ping_status":"closed","sticky":false,"template":"","format":"standard","meta":{"tdm_status":"","tdm_grid_status":"","footnotes":""},"categories":[70],"tags":[88],"class_list":{"0":"post-152398","1":"post","2":"type-post","3":"status-publish","4":"format-standard","5":"has-post-thumbnail","7":"category-de-opinion","8":"tag-sev"},"yoast_head":"<!-- This site is optimized with the Yoast SEO plugin v27.4 - https:\/\/yoast.com\/product\/yoast-seo-wordpress\/ -->\n<title>REGRESO A CLASES\u2026 Y MANIFESTACIONES EN LA SEV - Los pol\u00edticos Veracruz<\/title>\n<meta name=\"robots\" content=\"index, follow, max-snippet:-1, max-image-preview:large, max-video-preview:-1\" \/>\n<link rel=\"canonical\" href=\"https:\/\/lospoliticosveracruz.com\/?p=152398\" \/>\n<meta property=\"og:locale\" content=\"es_ES\" \/>\n<meta property=\"og:type\" content=\"article\" \/>\n<meta property=\"og:title\" content=\"REGRESO A CLASES\u2026 Y MANIFESTACIONES EN LA SEV - Los pol\u00edticos Veracruz\" \/>\n<meta property=\"og:description\" content=\"Yamiri Rodr\u00edguez Madrid La vuelta a Veracruz en un teclazo El inicio del ciclo escolar 2025-2026 trajo consigo el regreso de las manifestaciones contra la Secretar\u00eda de Educaci\u00f3n en Veracruz (SEV); a\u00fan no se cumplen los primeros 15 d\u00edas del regreso a clases y ya hay un c\u00famulo de protestas por la manera en que [&hellip;]\" \/>\n<meta property=\"og:url\" content=\"https:\/\/lospoliticosveracruz.com\/?p=152398\" \/>\n<meta property=\"og:site_name\" content=\"Los pol\u00edticos Veracruz\" \/>\n<meta property=\"article:publisher\" content=\"https:\/\/www.facebook.com\/people\/Notimemes-de-los-Polticos\/61565672886568\/\" \/>\n<meta property=\"article:published_time\" content=\"2025-09-11T13:24:23+00:00\" \/>\n<meta property=\"article:modified_time\" content=\"2025-09-11T13:24:40+00:00\" \/>\n<meta property=\"og:image\" content=\"https:\/\/lospoliticosveracruz.com\/wp-content\/uploads\/2025\/04\/Yamiri-Rodriguez-Madrid-e1768315710241.jpg\" \/>\n\t<meta property=\"og:image:width\" content=\"600\" \/>\n\t<meta property=\"og:image:height\" content=\"320\" \/>\n\t<meta property=\"og:image:type\" content=\"image\/jpeg\" \/>\n<meta name=\"author\" content=\"Lo viste en Los Pol\u00edticos\" \/>\n<meta name=\"twitter:card\" content=\"summary_large_image\" \/>\n<meta name=\"twitter:creator\" content=\"@LosPoliticosVer\" \/>\n<meta name=\"twitter:site\" content=\"@LosPoliticosVer\" \/>\n<meta name=\"twitter:label1\" content=\"Escrito por\" \/>\n\t<meta name=\"twitter:data1\" content=\"Lo viste en Los Pol\u00edticos\" \/>\n\t<meta name=\"twitter:label2\" content=\"Tiempo de lectura\" \/>\n\t<meta name=\"twitter:data2\" content=\"3 minutos\" \/>\n<script type=\"application\/ld+json\" class=\"yoast-schema-graph\">{\"@context\":\"https:\\\/\\\/schema.org\",\"@graph\":[{\"@type\":\"Article\",\"@id\":\"https:\\\/\\\/lospoliticosveracruz.com\\\/?p=152398#article\",\"isPartOf\":{\"@id\":\"https:\\\/\\\/lospoliticosveracruz.com\\\/?p=152398\"},\"author\":{\"name\":\"Lo viste en Los Pol\u00edticos\",\"@id\":\"https:\\\/\\\/lospoliticosveracruz.com\\\/#\\\/schema\\\/person\\\/b8702bb0e538456e6efd07080bf2a4a2\"},\"headline\":\"REGRESO A CLASES\u2026 Y MANIFESTACIONES EN LA SEV\",\"datePublished\":\"2025-09-11T13:24:23+00:00\",\"dateModified\":\"2025-09-11T13:24:40+00:00\",\"mainEntityOfPage\":{\"@id\":\"https:\\\/\\\/lospoliticosveracruz.com\\\/?p=152398\"},\"wordCount\":597,\"publisher\":{\"@id\":\"https:\\\/\\\/lospoliticosveracruz.com\\\/#organization\"},\"image\":{\"@id\":\"https:\\\/\\\/lospoliticosveracruz.com\\\/?p=152398#primaryimage\"},\"thumbnailUrl\":\"https:\\\/\\\/lospoliticosveracruz.com\\\/wp-content\\\/uploads\\\/2025\\\/04\\\/Yamiri-Rodriguez-Madrid-e1768315710241.jpg\",\"keywords\":[\"SEV\"],\"articleSection\":[\"De Opini\u00f3n\"],\"inLanguage\":\"es\"},{\"@type\":\"WebPage\",\"@id\":\"https:\\\/\\\/lospoliticosveracruz.com\\\/?p=152398\",\"url\":\"https:\\\/\\\/lospoliticosveracruz.com\\\/?p=152398\",\"name\":\"REGRESO A CLASES\u2026 Y MANIFESTACIONES EN LA SEV - Los pol\u00edticos Veracruz\",\"isPartOf\":{\"@id\":\"https:\\\/\\\/lospoliticosveracruz.com\\\/#website\"},\"primaryImageOfPage\":{\"@id\":\"https:\\\/\\\/lospoliticosveracruz.com\\\/?p=152398#primaryimage\"},\"image\":{\"@id\":\"https:\\\/\\\/lospoliticosveracruz.com\\\/?p=152398#primaryimage\"},\"thumbnailUrl\":\"https:\\\/\\\/lospoliticosveracruz.com\\\/wp-content\\\/uploads\\\/2025\\\/04\\\/Yamiri-Rodriguez-Madrid-e1768315710241.jpg\",\"datePublished\":\"2025-09-11T13:24:23+00:00\",\"dateModified\":\"2025-09-11T13:24:40+00:00\",\"breadcrumb\":{\"@id\":\"https:\\\/\\\/lospoliticosveracruz.com\\\/?p=152398#breadcrumb\"},\"inLanguage\":\"es\",\"potentialAction\":[{\"@type\":\"ReadAction\",\"target\":[\"https:\\\/\\\/lospoliticosveracruz.com\\\/?p=152398\"]}]},{\"@type\":\"ImageObject\",\"inLanguage\":\"es\",\"@id\":\"https:\\\/\\\/lospoliticosveracruz.com\\\/?p=152398#primaryimage\",\"url\":\"https:\\\/\\\/lospoliticosveracruz.com\\\/wp-content\\\/uploads\\\/2025\\\/04\\\/Yamiri-Rodriguez-Madrid-e1768315710241.jpg\",\"contentUrl\":\"https:\\\/\\\/lospoliticosveracruz.com\\\/wp-content\\\/uploads\\\/2025\\\/04\\\/Yamiri-Rodriguez-Madrid-e1768315710241.jpg\",\"width\":600,\"height\":320},{\"@type\":\"BreadcrumbList\",\"@id\":\"https:\\\/\\\/lospoliticosveracruz.com\\\/?p=152398#breadcrumb\",\"itemListElement\":[{\"@type\":\"ListItem\",\"position\":1,\"name\":\"Portada\",\"item\":\"https:\\\/\\\/lospoliticosveracruz.com\\\/\"},{\"@type\":\"ListItem\",\"position\":2,\"name\":\"REGRESO A CLASES\u2026 Y MANIFESTACIONES EN LA SEV\"}]},{\"@type\":\"WebSite\",\"@id\":\"https:\\\/\\\/lospoliticosveracruz.com\\\/#website\",\"url\":\"https:\\\/\\\/lospoliticosveracruz.com\\\/\",\"name\":\"Los pol\u00edticos Veracruz\",\"description\":\"\",\"publisher\":{\"@id\":\"https:\\\/\\\/lospoliticosveracruz.com\\\/#organization\"},\"potentialAction\":[{\"@type\":\"SearchAction\",\"target\":{\"@type\":\"EntryPoint\",\"urlTemplate\":\"https:\\\/\\\/lospoliticosveracruz.com\\\/?s={search_term_string}\"},\"query-input\":{\"@type\":\"PropertyValueSpecification\",\"valueRequired\":true,\"valueName\":\"search_term_string\"}}],\"inLanguage\":\"es\"},{\"@type\":\"Organization\",\"@id\":\"https:\\\/\\\/lospoliticosveracruz.com\\\/#organization\",\"name\":\"Los pol\u00edticos Veracruz\",\"url\":\"https:\\\/\\\/lospoliticosveracruz.com\\\/\",\"logo\":{\"@type\":\"ImageObject\",\"inLanguage\":\"es\",\"@id\":\"https:\\\/\\\/lospoliticosveracruz.com\\\/#\\\/schema\\\/logo\\\/image\\\/\",\"url\":\"https:\\\/\\\/lospoliticosveracruz.com\\\/wp-content\\\/uploads\\\/2025\\\/12\\\/Logo-Nuevo-LOS-POLITICOS-1.jpg\",\"contentUrl\":\"https:\\\/\\\/lospoliticosveracruz.com\\\/wp-content\\\/uploads\\\/2025\\\/12\\\/Logo-Nuevo-LOS-POLITICOS-1.jpg\",\"width\":260,\"height\":70,\"caption\":\"Los pol\u00edticos Veracruz\"},\"image\":{\"@id\":\"https:\\\/\\\/lospoliticosveracruz.com\\\/#\\\/schema\\\/logo\\\/image\\\/\"},\"sameAs\":[\"https:\\\/\\\/www.facebook.com\\\/people\\\/Notimemes-de-los-Polticos\\\/61565672886568\\\/\",\"https:\\\/\\\/x.com\\\/LosPoliticosVer\"]},{\"@type\":\"Person\",\"@id\":\"https:\\\/\\\/lospoliticosveracruz.com\\\/#\\\/schema\\\/person\\\/b8702bb0e538456e6efd07080bf2a4a2\",\"name\":\"Lo viste en Los Pol\u00edticos\",\"image\":{\"@type\":\"ImageObject\",\"inLanguage\":\"es\",\"@id\":\"https:\\\/\\\/secure.gravatar.com\\\/avatar\\\/3a8de04a2656d44082be478bd6c086daa447c4651605818287b9532d3d0bd435?s=96&d=mm&r=g\",\"url\":\"https:\\\/\\\/secure.gravatar.com\\\/avatar\\\/3a8de04a2656d44082be478bd6c086daa447c4651605818287b9532d3d0bd435?s=96&d=mm&r=g\",\"contentUrl\":\"https:\\\/\\\/secure.gravatar.com\\\/avatar\\\/3a8de04a2656d44082be478bd6c086daa447c4651605818287b9532d3d0bd435?s=96&d=mm&r=g\",\"caption\":\"Lo viste en Los Pol\u00edticos\"},\"url\":\"https:\\\/\\\/lospoliticosveracruz.com\\\/?author=2\"}]}<\/script>\n<!-- \/ Yoast SEO plugin. -->","yoast_head_json":{"title":"REGRESO A CLASES\u2026 Y MANIFESTACIONES EN LA SEV - Los pol\u00edticos Veracruz","robots":{"index":"index","follow":"follow","max-snippet":"max-snippet:-1","max-image-preview":"max-image-preview:large","max-video-preview":"max-video-preview:-1"},"canonical":"https:\/\/lospoliticosveracruz.com\/?p=152398","og_locale":"es_ES","og_type":"article","og_title":"REGRESO A CLASES\u2026 Y MANIFESTACIONES EN LA SEV - Los pol\u00edticos Veracruz","og_description":"Yamiri Rodr\u00edguez Madrid La vuelta a Veracruz en un teclazo El inicio del ciclo escolar 2025-2026 trajo consigo el regreso de las manifestaciones contra la Secretar\u00eda de Educaci\u00f3n en Veracruz (SEV); a\u00fan no se cumplen los primeros 15 d\u00edas del regreso a clases y ya hay un c\u00famulo de protestas por la manera en que [&hellip;]","og_url":"https:\/\/lospoliticosveracruz.com\/?p=152398","og_site_name":"Los pol\u00edticos Veracruz","article_publisher":"https:\/\/www.facebook.com\/people\/Notimemes-de-los-Polticos\/61565672886568\/","article_published_time":"2025-09-11T13:24:23+00:00","article_modified_time":"2025-09-11T13:24:40+00:00","og_image":[{"width":600,"height":320,"url":"https:\/\/lospoliticosveracruz.com\/wp-content\/uploads\/2025\/04\/Yamiri-Rodriguez-Madrid-e1768315710241.jpg","type":"image\/jpeg"}],"author":"Lo viste en Los Pol\u00edticos","twitter_card":"summary_large_image","twitter_creator":"@LosPoliticosVer","twitter_site":"@LosPoliticosVer","twitter_misc":{"Escrito por":"Lo viste en Los Pol\u00edticos","Tiempo de lectura":"3 minutos"},"schema":{"@context":"https:\/\/schema.org","@graph":[{"@type":"Article","@id":"https:\/\/lospoliticosveracruz.com\/?p=152398#article","isPartOf":{"@id":"https:\/\/lospoliticosveracruz.com\/?p=152398"},"author":{"name":"Lo viste en Los Pol\u00edticos","@id":"https:\/\/lospoliticosveracruz.com\/#\/schema\/person\/b8702bb0e538456e6efd07080bf2a4a2"},"headline":"REGRESO A CLASES\u2026 Y MANIFESTACIONES EN LA SEV","datePublished":"2025-09-11T13:24:23+00:00","dateModified":"2025-09-11T13:24:40+00:00","mainEntityOfPage":{"@id":"https:\/\/lospoliticosveracruz.com\/?p=152398"},"wordCount":597,"publisher":{"@id":"https:\/\/lospoliticosveracruz.com\/#organization"},"image":{"@id":"https:\/\/lospoliticosveracruz.com\/?p=152398#primaryimage"},"thumbnailUrl":"https:\/\/lospoliticosveracruz.com\/wp-content\/uploads\/2025\/04\/Yamiri-Rodriguez-Madrid-e1768315710241.jpg","keywords":["SEV"],"articleSection":["De Opini\u00f3n"],"inLanguage":"es"},{"@type":"WebPage","@id":"https:\/\/lospoliticosveracruz.com\/?p=152398","url":"https:\/\/lospoliticosveracruz.com\/?p=152398","name":"REGRESO A CLASES\u2026 Y MANIFESTACIONES EN LA SEV - Los pol\u00edticos Veracruz","isPartOf":{"@id":"https:\/\/lospoliticosveracruz.com\/#website"},"primaryImageOfPage":{"@id":"https:\/\/lospoliticosveracruz.com\/?p=152398#primaryimage"},"image":{"@id":"https:\/\/lospoliticosveracruz.com\/?p=152398#primaryimage"},"thumbnailUrl":"https:\/\/lospoliticosveracruz.com\/wp-content\/uploads\/2025\/04\/Yamiri-Rodriguez-Madrid-e1768315710241.jpg","datePublished":"2025-09-11T13:24:23+00:00","dateModified":"2025-09-11T13:24:40+00:00","breadcrumb":{"@id":"https:\/\/lospoliticosveracruz.com\/?p=152398#breadcrumb"},"inLanguage":"es","potentialAction":[{"@type":"ReadAction","target":["https:\/\/lospoliticosveracruz.com\/?p=152398"]}]},{"@type":"ImageObject","inLanguage":"es","@id":"https:\/\/lospoliticosveracruz.com\/?p=152398#primaryimage","url":"https:\/\/lospoliticosveracruz.com\/wp-content\/uploads\/2025\/04\/Yamiri-Rodriguez-Madrid-e1768315710241.jpg","contentUrl":"https:\/\/lospoliticosveracruz.com\/wp-content\/uploads\/2025\/04\/Yamiri-Rodriguez-Madrid-e1768315710241.jpg","width":600,"height":320},{"@type":"BreadcrumbList","@id":"https:\/\/lospoliticosveracruz.com\/?p=152398#breadcrumb","itemListElement":[{"@type":"ListItem","position":1,"name":"Portada","item":"https:\/\/lospoliticosveracruz.com\/"},{"@type":"ListItem","position":2,"name":"REGRESO A CLASES\u2026 Y MANIFESTACIONES EN LA SEV"}]},{"@type":"WebSite","@id":"https:\/\/lospoliticosveracruz.com\/#website","url":"https:\/\/lospoliticosveracruz.com\/","name":"Los pol\u00edticos Veracruz","description":"","publisher":{"@id":"https:\/\/lospoliticosveracruz.com\/#organization"},"potentialAction":[{"@type":"SearchAction","target":{"@type":"EntryPoint","urlTemplate":"https:\/\/lospoliticosveracruz.com\/?s={search_term_string}"},"query-input":{"@type":"PropertyValueSpecification","valueRequired":true,"valueName":"search_term_string"}}],"inLanguage":"es"},{"@type":"Organization","@id":"https:\/\/lospoliticosveracruz.com\/#organization","name":"Los pol\u00edticos Veracruz","url":"https:\/\/lospoliticosveracruz.com\/","logo":{"@type":"ImageObject","inLanguage":"es","@id":"https:\/\/lospoliticosveracruz.com\/#\/schema\/logo\/image\/","url":"https:\/\/lospoliticosveracruz.com\/wp-content\/uploads\/2025\/12\/Logo-Nuevo-LOS-POLITICOS-1.jpg","contentUrl":"https:\/\/lospoliticosveracruz.com\/wp-content\/uploads\/2025\/12\/Logo-Nuevo-LOS-POLITICOS-1.jpg","width":260,"height":70,"caption":"Los pol\u00edticos Veracruz"},"image":{"@id":"https:\/\/lospoliticosveracruz.com\/#\/schema\/logo\/image\/"},"sameAs":["https:\/\/www.facebook.com\/people\/Notimemes-de-los-Polticos\/61565672886568\/","https:\/\/x.com\/LosPoliticosVer"]},{"@type":"Person","@id":"https:\/\/lospoliticosveracruz.com\/#\/schema\/person\/b8702bb0e538456e6efd07080bf2a4a2","name":"Lo viste en Los Pol\u00edticos","image":{"@type":"ImageObject","inLanguage":"es","@id":"https:\/\/secure.gravatar.com\/avatar\/3a8de04a2656d44082be478bd6c086daa447c4651605818287b9532d3d0bd435?s=96&d=mm&r=g","url":"https:\/\/secure.gravatar.com\/avatar\/3a8de04a2656d44082be478bd6c086daa447c4651605818287b9532d3d0bd435?s=96&d=mm&r=g","contentUrl":"https:\/\/secure.gravatar.com\/avatar\/3a8de04a2656d44082be478bd6c086daa447c4651605818287b9532d3d0bd435?s=96&d=mm&r=g","caption":"Lo viste en Los Pol\u00edticos"},"url":"https:\/\/lospoliticosveracruz.com\/?author=2"}]}},"_links":{"self":[{"href":"https:\/\/lospoliticosveracruz.com\/index.php?rest_route=\/wp\/v2\/posts\/152398","targetHints":{"allow":["GET"]}}],"collection":[{"href":"https:\/\/lospoliticosveracruz.com\/index.php?rest_route=\/wp\/v2\/posts"}],"about":[{"href":"https:\/\/lospoliticosveracruz.com\/index.php?rest_route=\/wp\/v2\/types\/post"}],"author":[{"embeddable":true,"href":"https:\/\/lospoliticosveracruz.com\/index.php?rest_route=\/wp\/v2\/users\/2"}],"replies":[{"embeddable":true,"href":"https:\/\/lospoliticosveracruz.com\/index.php?rest_route=%2Fwp%2Fv2%2Fcomments&post=152398"}],"version-history":[{"count":1,"href":"https:\/\/lospoliticosveracruz.com\/index.php?rest_route=\/wp\/v2\/posts\/152398\/revisions"}],"predecessor-version":[{"id":152399,"href":"https:\/\/lospoliticosveracruz.com\/index.php?rest_route=\/wp\/v2\/posts\/152398\/revisions\/152399"}],"wp:featuredmedia":[{"embeddable":true,"href":"https:\/\/lospoliticosveracruz.com\/index.php?rest_route=\/wp\/v2\/media\/141413"}],"wp:attachment":[{"href":"https:\/\/lospoliticosveracruz.com\/index.php?rest_route=%2Fwp%2Fv2%2Fmedia&parent=152398"}],"wp:term":[{"taxonomy":"category","embeddable":true,"href":"https:\/\/lospoliticosveracruz.com\/index.php?rest_route=%2Fwp%2Fv2%2Fcategories&post=152398"},{"taxonomy":"post_tag","embeddable":true,"href":"https:\/\/lospoliticosveracruz.com\/index.php?rest_route=%2Fwp%2Fv2%2Ftags&post=152398"}],"curies":[{"name":"wp","href":"https:\/\/api.w.org\/{rel}","templated":true}]}}