{"id":15244,"date":"2015-03-10T23:31:41","date_gmt":"2015-03-11T05:31:41","guid":{"rendered":"http:\/\/www.lospoliticosveracruz.com.mx\/?p=15244"},"modified":"2015-03-10T23:31:41","modified_gmt":"2015-03-11T05:31:41","slug":"la-farsa-de-la-unidad-priista","status":"publish","type":"post","link":"https:\/\/lospoliticosveracruz.com\/?p=15244","title":{"rendered":"La farsa de la unidad priista"},"content":{"rendered":"<p><a href=\"http:\/\/www.lospoliticosveracruz.com.mx\/wp-content\/uploads\/2015\/03\/PRI-estatal.jpg\"><img loading=\"lazy\" decoding=\"async\" class=\"alignnone size-medium wp-image-15246\" src=\"http:\/\/www.lospoliticosveracruz.com.mx\/wp-content\/uploads\/2015\/03\/PRI-estatal-300x183.jpg\" alt=\"PRI estatal\" width=\"300\" height=\"183\" \/><\/a><\/p>\n<p><strong>Armando Ortiz<\/strong><\/p>\n<p><em>El Hijo Pr\u00f3digo<\/em><\/p>\n<p>&nbsp;<\/p>\n<p>Primer acto: El gobernador Javier Duarte hace un pacto con el senador Pepe Yunes, candidato natural para la gubernatura en 2016; el pacto se rompe, no por las ansias de un gobernador que busca perpetuidad, sino por el temor de que al terminar su sexenio alguien le pise la cola.<\/p>\n<p>Segundo acto: Los dos Yunes hacen un pacto para formar un frente com\u00fan ante la avanzada duartista de una gubernatura de dos a\u00f1os. Se rompe el pacto yunista, se dice que fue por la vulnerabilidad negociadora de uno de ellos.<br \/>\nTercer acto: Se re\u00fanen los priistas para ungir al nuevo dirigente estatal de ese partido.<br \/>\n\u00bfC\u00f3mo se llam\u00f3 la obra?: La farsa de la unidad priista<\/p>\n<p>As\u00ed es, como si de una tragedia de Shakespeare se tratara, el escenario pol\u00edtico de Veracruz se sigue llenando de intrigas, de supuestos y de traiciones. Cada semana se presentan los actores para representar este drama que se compone de varios actos. En el \u00faltimo acto un pol\u00edtico congruente y digno como Jos\u00e9 Francisco Yunes Zorrilla se alej\u00f3 del lugar donde se escenificaba la farsa de la unidad priista, farsa a la que asistieron aquellos que le deben el puesto al gobernador en turno, muchos de los cuales le rinden pleites\u00eda en p\u00fablico, pero en privado hacen escarnio del hecho de que en cinco a\u00f1os no pudo aprender a gobernar.<br \/>\nResult\u00f3 id\u00f3neo el Teatro del Estado para que una parte de la clase pol\u00edtica de Veracruz montara la farsa de la unidad priista. Los priistas est\u00e1n fragmentados, las intrigas de los fidelistas ya hartaron a la clase pol\u00edtica de alcurnia; los dislates del gobernador ya son cosa com\u00fan; a eso hay que agregar que la palabra del gobernador no tiene ya ning\u00fan valor, porque en su bipolaridad pol\u00edtica un d\u00eda promete una cosa y otro d\u00eda desconoce la promesa.<br \/>\nPero en esa farsa de unidad faltaron muchas figuras emblem\u00e1ticas del priismo Veracruzano. Por ejemplo, Felipe Amadeo Flores Espinosa se disculp\u00f3 porque ten\u00eda un asunto importante que atender, pero a la hora en que se desarrollaba esa farsa, el se\u00f1or estaba en COSTCO haciendo las compras de la semana.<br \/>\nTal parece que pocos se dan cuenta de esa farsa, uno de ellos es el mismo Pepe Yunes quien declar\u00f3 abiertamente: \u201cSe percibe un af\u00e1n sectario, de peque\u00f1ez, que permea en todos los \u00e1mbitos de la vida p\u00fablica. Es indudable que hay inestabilidad, atraso social, recesi\u00f3n. La clase pol\u00edtica est\u00e1 confrontada con el gobernador. El PRI, dividido por una injerencia anacr\u00f3nica y lamentable\u201d.<br \/>\nEse domingo en que se escenific\u00f3 la farsa de la unidad priista, H\u00e9ctor Yunes, que presum\u00eda un pacto con Pepe, se qued\u00f3 a ver la obra en el Teatro del Estado; despu\u00e9s de todo ya le hab\u00edan \u201cpagado\u201d el boleto y llevaba ganas de aplaudir.<br \/>\nResultan ciertas entonces las palabras de Shakespeare en la obra Coriolano cuando \u00e9ste general romano dijo: \u201cOh, mundo, cu\u00e1n volubles son tus cambios. Los que juraron ser amigos y que a\u00fan juntos, al parecer, s\u00f3lo alojan un coraz\u00f3n en el pecho, los que comparten el tiempo, la comida, el lecho y las fatigas, fundidos, por as\u00ed decirlo, en un amor inseparable, en un momento y por cuestiones balad\u00edes, pueden llegar a separarse y a convertirse en crueles enemigos\u201d.<br \/>\nS\u00f3lo falta ver, en esta tragedia a la veracruzana quien termina siendo apu\u00f1alado por la espalda, si el traidor o el traicionado.<\/p>\n<p><strong>Postdata 1: Pav\u00f3n el damnificado\u2026<\/strong><br \/>\nAlgunos dicen que Emilio C\u00e1rdenas result\u00f3 ser el primer damnificado por la llegada de Juan Octavio Pav\u00f3n a la coordinaci\u00f3n de Comunicaci\u00f3n Social. Emilio C\u00e1rdenas dej\u00f3 la jefatura de Prensa. Vaya estupidez, aqu\u00ed los damnificados son los de Comunicaci\u00f3n Social. \u00a1Va bien la reingenier\u00eda de Pav\u00f3n! Va a dejar esa coordinaci\u00f3n como dej\u00f3 RTV, con mucha tecnolog\u00eda y poco contenido.<\/p>\n<p><strong>Postdata 2: Se presenta De andurriales de H\u00e9ctor Campos<\/strong><br \/>\nEste viernes 13 marzo a las 18:00 horas en el Auditorio de Radio Universidad Veracruzana ser\u00e1 la presentaci\u00f3n del libro de cuentos De andurriales del escritor y articulista H\u00e9ctor Campos. En la presentaci\u00f3n participar\u00e1n Magno Garcimarrero, Carlos Romano conductor del programa \u201cLa Revista\u201d y Armando Ortiz. De andurriales fue la obra seleccionada del programa editorial 2012 del Instituto Veracruzano de la Cultura y editada en la colecci\u00f3n Voladores con el apoyo de CONACULTA.<\/p>\n<p>Armando Ortiz aortiz52@hotmail.com<\/p>\n","protected":false},"excerpt":{"rendered":"<p>Armando Ortiz El Hijo Pr\u00f3digo &nbsp; Primer acto: El gobernador Javier Duarte hace un pacto con el senador Pepe Yunes, candidato natural para la gubernatura en 2016; el pacto se rompe, no por las ansias de un gobernador que busca perpetuidad, sino por el temor de que al terminar su sexenio alguien le pise la [&hellip;]<\/p>\n","protected":false},"author":2,"featured_media":0,"comment_status":"open","ping_status":"open","sticky":false,"template":"","format":"standard","meta":{"tdm_status":"","tdm_grid_status":"","footnotes":""},"categories":[70],"tags":[2051,119,260,570],"class_list":{"0":"post-15244","1":"post","2":"type-post","3":"status-publish","4":"format-standard","6":"category-de-opinion","7":"tag-felipe-amadeo-flores-espinosa","8":"tag-hector-yunes","9":"tag-javier-duarte-de-ochoa","10":"tag-pepe-yunes"},"yoast_head":"<!-- This site is optimized with the Yoast SEO plugin v27.4 - https:\/\/yoast.com\/product\/yoast-seo-wordpress\/ -->\n<title>La farsa de la unidad priista - Los pol\u00edticos Veracruz<\/title>\n<meta name=\"robots\" content=\"index, follow, max-snippet:-1, max-image-preview:large, max-video-preview:-1\" \/>\n<link rel=\"canonical\" href=\"https:\/\/lospoliticosveracruz.com\/?p=15244\" \/>\n<meta property=\"og:locale\" content=\"es_ES\" \/>\n<meta property=\"og:type\" content=\"article\" \/>\n<meta property=\"og:title\" content=\"La farsa de la unidad priista - Los pol\u00edticos Veracruz\" \/>\n<meta property=\"og:description\" content=\"Armando Ortiz El Hijo Pr\u00f3digo &nbsp; Primer acto: El gobernador Javier Duarte hace un pacto con el senador Pepe Yunes, candidato natural para la gubernatura en 2016; el pacto se rompe, no por las ansias de un gobernador que busca perpetuidad, sino por el temor de que al terminar su sexenio alguien le pise la [&hellip;]\" \/>\n<meta property=\"og:url\" content=\"https:\/\/lospoliticosveracruz.com\/?p=15244\" \/>\n<meta property=\"og:site_name\" content=\"Los pol\u00edticos Veracruz\" \/>\n<meta property=\"article:publisher\" content=\"https:\/\/www.facebook.com\/people\/Notimemes-de-los-Polticos\/61565672886568\/\" \/>\n<meta property=\"article:published_time\" content=\"2015-03-11T05:31:41+00:00\" \/>\n<meta property=\"og:image\" content=\"http:\/\/www.lospoliticosveracruz.com.mx\/wp-content\/uploads\/2015\/03\/PRI-estatal-300x183.jpg\" \/>\n<meta name=\"author\" content=\"Lo viste en Los Pol\u00edticos\" \/>\n<meta name=\"twitter:card\" content=\"summary_large_image\" \/>\n<meta name=\"twitter:creator\" content=\"@LosPoliticosVer\" \/>\n<meta name=\"twitter:site\" content=\"@LosPoliticosVer\" \/>\n<meta name=\"twitter:label1\" content=\"Escrito por\" \/>\n\t<meta name=\"twitter:data1\" content=\"Lo viste en Los Pol\u00edticos\" \/>\n\t<meta name=\"twitter:label2\" content=\"Tiempo de lectura\" \/>\n\t<meta name=\"twitter:data2\" content=\"4 minutos\" \/>\n<script type=\"application\/ld+json\" class=\"yoast-schema-graph\">{\"@context\":\"https:\\\/\\\/schema.org\",\"@graph\":[{\"@type\":\"Article\",\"@id\":\"https:\\\/\\\/lospoliticosveracruz.com\\\/?p=15244#article\",\"isPartOf\":{\"@id\":\"https:\\\/\\\/lospoliticosveracruz.com\\\/?p=15244\"},\"author\":{\"name\":\"Lo viste en Los Pol\u00edticos\",\"@id\":\"https:\\\/\\\/lospoliticosveracruz.com\\\/#\\\/schema\\\/person\\\/b8702bb0e538456e6efd07080bf2a4a2\"},\"headline\":\"La farsa de la unidad priista\",\"datePublished\":\"2015-03-11T05:31:41+00:00\",\"mainEntityOfPage\":{\"@id\":\"https:\\\/\\\/lospoliticosveracruz.com\\\/?p=15244\"},\"wordCount\":776,\"commentCount\":0,\"publisher\":{\"@id\":\"https:\\\/\\\/lospoliticosveracruz.com\\\/#organization\"},\"image\":{\"@id\":\"https:\\\/\\\/lospoliticosveracruz.com\\\/?p=15244#primaryimage\"},\"thumbnailUrl\":\"http:\\\/\\\/www.lospoliticosveracruz.com.mx\\\/wp-content\\\/uploads\\\/2015\\\/03\\\/PRI-estatal-300x183.jpg\",\"keywords\":[\"Felipe Amadeo Flores Espinosa\",\"H\u00e9ctor Yunes\",\"Javier Duarte de Ochoa\",\"Pepe Yunes\"],\"articleSection\":[\"De Opini\u00f3n\"],\"inLanguage\":\"es\",\"potentialAction\":[{\"@type\":\"CommentAction\",\"name\":\"Comment\",\"target\":[\"https:\\\/\\\/lospoliticosveracruz.com\\\/?p=15244#respond\"]}]},{\"@type\":\"WebPage\",\"@id\":\"https:\\\/\\\/lospoliticosveracruz.com\\\/?p=15244\",\"url\":\"https:\\\/\\\/lospoliticosveracruz.com\\\/?p=15244\",\"name\":\"La farsa de la unidad priista - Los pol\u00edticos Veracruz\",\"isPartOf\":{\"@id\":\"https:\\\/\\\/lospoliticosveracruz.com\\\/#website\"},\"primaryImageOfPage\":{\"@id\":\"https:\\\/\\\/lospoliticosveracruz.com\\\/?p=15244#primaryimage\"},\"image\":{\"@id\":\"https:\\\/\\\/lospoliticosveracruz.com\\\/?p=15244#primaryimage\"},\"thumbnailUrl\":\"http:\\\/\\\/www.lospoliticosveracruz.com.mx\\\/wp-content\\\/uploads\\\/2015\\\/03\\\/PRI-estatal-300x183.jpg\",\"datePublished\":\"2015-03-11T05:31:41+00:00\",\"breadcrumb\":{\"@id\":\"https:\\\/\\\/lospoliticosveracruz.com\\\/?p=15244#breadcrumb\"},\"inLanguage\":\"es\",\"potentialAction\":[{\"@type\":\"ReadAction\",\"target\":[\"https:\\\/\\\/lospoliticosveracruz.com\\\/?p=15244\"]}]},{\"@type\":\"ImageObject\",\"inLanguage\":\"es\",\"@id\":\"https:\\\/\\\/lospoliticosveracruz.com\\\/?p=15244#primaryimage\",\"url\":\"http:\\\/\\\/www.lospoliticosveracruz.com.mx\\\/wp-content\\\/uploads\\\/2015\\\/03\\\/PRI-estatal-300x183.jpg\",\"contentUrl\":\"http:\\\/\\\/www.lospoliticosveracruz.com.mx\\\/wp-content\\\/uploads\\\/2015\\\/03\\\/PRI-estatal-300x183.jpg\"},{\"@type\":\"BreadcrumbList\",\"@id\":\"https:\\\/\\\/lospoliticosveracruz.com\\\/?p=15244#breadcrumb\",\"itemListElement\":[{\"@type\":\"ListItem\",\"position\":1,\"name\":\"Portada\",\"item\":\"https:\\\/\\\/lospoliticosveracruz.com\\\/\"},{\"@type\":\"ListItem\",\"position\":2,\"name\":\"La farsa de la unidad priista\"}]},{\"@type\":\"WebSite\",\"@id\":\"https:\\\/\\\/lospoliticosveracruz.com\\\/#website\",\"url\":\"https:\\\/\\\/lospoliticosveracruz.com\\\/\",\"name\":\"Los pol\u00edticos Veracruz\",\"description\":\"\",\"publisher\":{\"@id\":\"https:\\\/\\\/lospoliticosveracruz.com\\\/#organization\"},\"potentialAction\":[{\"@type\":\"SearchAction\",\"target\":{\"@type\":\"EntryPoint\",\"urlTemplate\":\"https:\\\/\\\/lospoliticosveracruz.com\\\/?s={search_term_string}\"},\"query-input\":{\"@type\":\"PropertyValueSpecification\",\"valueRequired\":true,\"valueName\":\"search_term_string\"}}],\"inLanguage\":\"es\"},{\"@type\":\"Organization\",\"@id\":\"https:\\\/\\\/lospoliticosveracruz.com\\\/#organization\",\"name\":\"Los pol\u00edticos Veracruz\",\"url\":\"https:\\\/\\\/lospoliticosveracruz.com\\\/\",\"logo\":{\"@type\":\"ImageObject\",\"inLanguage\":\"es\",\"@id\":\"https:\\\/\\\/lospoliticosveracruz.com\\\/#\\\/schema\\\/logo\\\/image\\\/\",\"url\":\"https:\\\/\\\/lospoliticosveracruz.com\\\/wp-content\\\/uploads\\\/2025\\\/12\\\/Logo-Nuevo-LOS-POLITICOS-1.jpg\",\"contentUrl\":\"https:\\\/\\\/lospoliticosveracruz.com\\\/wp-content\\\/uploads\\\/2025\\\/12\\\/Logo-Nuevo-LOS-POLITICOS-1.jpg\",\"width\":260,\"height\":70,\"caption\":\"Los pol\u00edticos Veracruz\"},\"image\":{\"@id\":\"https:\\\/\\\/lospoliticosveracruz.com\\\/#\\\/schema\\\/logo\\\/image\\\/\"},\"sameAs\":[\"https:\\\/\\\/www.facebook.com\\\/people\\\/Notimemes-de-los-Polticos\\\/61565672886568\\\/\",\"https:\\\/\\\/x.com\\\/LosPoliticosVer\"]},{\"@type\":\"Person\",\"@id\":\"https:\\\/\\\/lospoliticosveracruz.com\\\/#\\\/schema\\\/person\\\/b8702bb0e538456e6efd07080bf2a4a2\",\"name\":\"Lo viste en Los Pol\u00edticos\",\"image\":{\"@type\":\"ImageObject\",\"inLanguage\":\"es\",\"@id\":\"https:\\\/\\\/secure.gravatar.com\\\/avatar\\\/3a8de04a2656d44082be478bd6c086daa447c4651605818287b9532d3d0bd435?s=96&d=mm&r=g\",\"url\":\"https:\\\/\\\/secure.gravatar.com\\\/avatar\\\/3a8de04a2656d44082be478bd6c086daa447c4651605818287b9532d3d0bd435?s=96&d=mm&r=g\",\"contentUrl\":\"https:\\\/\\\/secure.gravatar.com\\\/avatar\\\/3a8de04a2656d44082be478bd6c086daa447c4651605818287b9532d3d0bd435?s=96&d=mm&r=g\",\"caption\":\"Lo viste en Los Pol\u00edticos\"},\"url\":\"https:\\\/\\\/lospoliticosveracruz.com\\\/?author=2\"}]}<\/script>\n<!-- \/ Yoast SEO plugin. -->","yoast_head_json":{"title":"La farsa de la unidad priista - Los pol\u00edticos Veracruz","robots":{"index":"index","follow":"follow","max-snippet":"max-snippet:-1","max-image-preview":"max-image-preview:large","max-video-preview":"max-video-preview:-1"},"canonical":"https:\/\/lospoliticosveracruz.com\/?p=15244","og_locale":"es_ES","og_type":"article","og_title":"La farsa de la unidad priista - Los pol\u00edticos Veracruz","og_description":"Armando Ortiz El Hijo Pr\u00f3digo &nbsp; Primer acto: El gobernador Javier Duarte hace un pacto con el senador Pepe Yunes, candidato natural para la gubernatura en 2016; el pacto se rompe, no por las ansias de un gobernador que busca perpetuidad, sino por el temor de que al terminar su sexenio alguien le pise la [&hellip;]","og_url":"https:\/\/lospoliticosveracruz.com\/?p=15244","og_site_name":"Los pol\u00edticos Veracruz","article_publisher":"https:\/\/www.facebook.com\/people\/Notimemes-de-los-Polticos\/61565672886568\/","article_published_time":"2015-03-11T05:31:41+00:00","og_image":[{"url":"http:\/\/www.lospoliticosveracruz.com.mx\/wp-content\/uploads\/2015\/03\/PRI-estatal-300x183.jpg","type":"","width":"","height":""}],"author":"Lo viste en Los Pol\u00edticos","twitter_card":"summary_large_image","twitter_creator":"@LosPoliticosVer","twitter_site":"@LosPoliticosVer","twitter_misc":{"Escrito por":"Lo viste en Los Pol\u00edticos","Tiempo de lectura":"4 minutos"},"schema":{"@context":"https:\/\/schema.org","@graph":[{"@type":"Article","@id":"https:\/\/lospoliticosveracruz.com\/?p=15244#article","isPartOf":{"@id":"https:\/\/lospoliticosveracruz.com\/?p=15244"},"author":{"name":"Lo viste en Los Pol\u00edticos","@id":"https:\/\/lospoliticosveracruz.com\/#\/schema\/person\/b8702bb0e538456e6efd07080bf2a4a2"},"headline":"La farsa de la unidad priista","datePublished":"2015-03-11T05:31:41+00:00","mainEntityOfPage":{"@id":"https:\/\/lospoliticosveracruz.com\/?p=15244"},"wordCount":776,"commentCount":0,"publisher":{"@id":"https:\/\/lospoliticosveracruz.com\/#organization"},"image":{"@id":"https:\/\/lospoliticosveracruz.com\/?p=15244#primaryimage"},"thumbnailUrl":"http:\/\/www.lospoliticosveracruz.com.mx\/wp-content\/uploads\/2015\/03\/PRI-estatal-300x183.jpg","keywords":["Felipe Amadeo Flores Espinosa","H\u00e9ctor Yunes","Javier Duarte de Ochoa","Pepe Yunes"],"articleSection":["De Opini\u00f3n"],"inLanguage":"es","potentialAction":[{"@type":"CommentAction","name":"Comment","target":["https:\/\/lospoliticosveracruz.com\/?p=15244#respond"]}]},{"@type":"WebPage","@id":"https:\/\/lospoliticosveracruz.com\/?p=15244","url":"https:\/\/lospoliticosveracruz.com\/?p=15244","name":"La farsa de la unidad priista - Los pol\u00edticos Veracruz","isPartOf":{"@id":"https:\/\/lospoliticosveracruz.com\/#website"},"primaryImageOfPage":{"@id":"https:\/\/lospoliticosveracruz.com\/?p=15244#primaryimage"},"image":{"@id":"https:\/\/lospoliticosveracruz.com\/?p=15244#primaryimage"},"thumbnailUrl":"http:\/\/www.lospoliticosveracruz.com.mx\/wp-content\/uploads\/2015\/03\/PRI-estatal-300x183.jpg","datePublished":"2015-03-11T05:31:41+00:00","breadcrumb":{"@id":"https:\/\/lospoliticosveracruz.com\/?p=15244#breadcrumb"},"inLanguage":"es","potentialAction":[{"@type":"ReadAction","target":["https:\/\/lospoliticosveracruz.com\/?p=15244"]}]},{"@type":"ImageObject","inLanguage":"es","@id":"https:\/\/lospoliticosveracruz.com\/?p=15244#primaryimage","url":"http:\/\/www.lospoliticosveracruz.com.mx\/wp-content\/uploads\/2015\/03\/PRI-estatal-300x183.jpg","contentUrl":"http:\/\/www.lospoliticosveracruz.com.mx\/wp-content\/uploads\/2015\/03\/PRI-estatal-300x183.jpg"},{"@type":"BreadcrumbList","@id":"https:\/\/lospoliticosveracruz.com\/?p=15244#breadcrumb","itemListElement":[{"@type":"ListItem","position":1,"name":"Portada","item":"https:\/\/lospoliticosveracruz.com\/"},{"@type":"ListItem","position":2,"name":"La farsa de la unidad priista"}]},{"@type":"WebSite","@id":"https:\/\/lospoliticosveracruz.com\/#website","url":"https:\/\/lospoliticosveracruz.com\/","name":"Los pol\u00edticos Veracruz","description":"","publisher":{"@id":"https:\/\/lospoliticosveracruz.com\/#organization"},"potentialAction":[{"@type":"SearchAction","target":{"@type":"EntryPoint","urlTemplate":"https:\/\/lospoliticosveracruz.com\/?s={search_term_string}"},"query-input":{"@type":"PropertyValueSpecification","valueRequired":true,"valueName":"search_term_string"}}],"inLanguage":"es"},{"@type":"Organization","@id":"https:\/\/lospoliticosveracruz.com\/#organization","name":"Los pol\u00edticos Veracruz","url":"https:\/\/lospoliticosveracruz.com\/","logo":{"@type":"ImageObject","inLanguage":"es","@id":"https:\/\/lospoliticosveracruz.com\/#\/schema\/logo\/image\/","url":"https:\/\/lospoliticosveracruz.com\/wp-content\/uploads\/2025\/12\/Logo-Nuevo-LOS-POLITICOS-1.jpg","contentUrl":"https:\/\/lospoliticosveracruz.com\/wp-content\/uploads\/2025\/12\/Logo-Nuevo-LOS-POLITICOS-1.jpg","width":260,"height":70,"caption":"Los pol\u00edticos Veracruz"},"image":{"@id":"https:\/\/lospoliticosveracruz.com\/#\/schema\/logo\/image\/"},"sameAs":["https:\/\/www.facebook.com\/people\/Notimemes-de-los-Polticos\/61565672886568\/","https:\/\/x.com\/LosPoliticosVer"]},{"@type":"Person","@id":"https:\/\/lospoliticosveracruz.com\/#\/schema\/person\/b8702bb0e538456e6efd07080bf2a4a2","name":"Lo viste en Los Pol\u00edticos","image":{"@type":"ImageObject","inLanguage":"es","@id":"https:\/\/secure.gravatar.com\/avatar\/3a8de04a2656d44082be478bd6c086daa447c4651605818287b9532d3d0bd435?s=96&d=mm&r=g","url":"https:\/\/secure.gravatar.com\/avatar\/3a8de04a2656d44082be478bd6c086daa447c4651605818287b9532d3d0bd435?s=96&d=mm&r=g","contentUrl":"https:\/\/secure.gravatar.com\/avatar\/3a8de04a2656d44082be478bd6c086daa447c4651605818287b9532d3d0bd435?s=96&d=mm&r=g","caption":"Lo viste en Los Pol\u00edticos"},"url":"https:\/\/lospoliticosveracruz.com\/?author=2"}]}},"_links":{"self":[{"href":"https:\/\/lospoliticosveracruz.com\/index.php?rest_route=\/wp\/v2\/posts\/15244","targetHints":{"allow":["GET"]}}],"collection":[{"href":"https:\/\/lospoliticosveracruz.com\/index.php?rest_route=\/wp\/v2\/posts"}],"about":[{"href":"https:\/\/lospoliticosveracruz.com\/index.php?rest_route=\/wp\/v2\/types\/post"}],"author":[{"embeddable":true,"href":"https:\/\/lospoliticosveracruz.com\/index.php?rest_route=\/wp\/v2\/users\/2"}],"replies":[{"embeddable":true,"href":"https:\/\/lospoliticosveracruz.com\/index.php?rest_route=%2Fwp%2Fv2%2Fcomments&post=15244"}],"version-history":[{"count":2,"href":"https:\/\/lospoliticosveracruz.com\/index.php?rest_route=\/wp\/v2\/posts\/15244\/revisions"}],"predecessor-version":[{"id":15247,"href":"https:\/\/lospoliticosveracruz.com\/index.php?rest_route=\/wp\/v2\/posts\/15244\/revisions\/15247"}],"wp:attachment":[{"href":"https:\/\/lospoliticosveracruz.com\/index.php?rest_route=%2Fwp%2Fv2%2Fmedia&parent=15244"}],"wp:term":[{"taxonomy":"category","embeddable":true,"href":"https:\/\/lospoliticosveracruz.com\/index.php?rest_route=%2Fwp%2Fv2%2Fcategories&post=15244"},{"taxonomy":"post_tag","embeddable":true,"href":"https:\/\/lospoliticosveracruz.com\/index.php?rest_route=%2Fwp%2Fv2%2Ftags&post=15244"}],"curies":[{"name":"wp","href":"https:\/\/api.w.org\/{rel}","templated":true}]}}