{"id":152461,"date":"2025-09-12T07:46:28","date_gmt":"2025-09-12T12:46:28","guid":{"rendered":"https:\/\/lospoliticosveracruz.com.mx\/?p=152461"},"modified":"2025-09-12T07:46:47","modified_gmt":"2025-09-12T12:46:47","slug":"veracruz-municipios-sin-grito-y-polos-de-desarrollo","status":"publish","type":"post","link":"https:\/\/lospoliticosveracruz.com\/?p=152461","title":{"rendered":"VERACRUZ, MUNICIPIOS SIN GRITO Y POLOS DE DESARROLLO"},"content":{"rendered":"\n\n\n<div class=\"wp-block-group is-nowrap is-layout-flex wp-container-core-group-is-layout-ad2f72ca wp-block-group-is-layout-flex\">\n<p><br><strong>Ricardo Chua<\/strong><\/p>\n<\/div>\n\n\n\n<p><em>Sale y Vale<\/em><\/p>\n\n\n\n<p>Les guste o no.. Pero es un hecho, que la violencia ya rebas\u00f3 al gobierno de Veracruz.. Ya ni siquiera en el d\u00eda, hay regiones de la entidad, donde se pueda garantizar la paz y tranquilidad.. El temor de que la poblaci\u00f3n sea objetivo de hechos violentos, que pueden llegar a ser sangrientos.. Han provocado que municipios, en el norte del Estado, hayan decidido suspender los festejos de las \u00abFiestas Patrias\u00bb.. Es decir, no habr\u00e1 \u00abNoche del Grito de Independencia\u00bb.. Tampoco habr\u00e1 desfile c\u00edvico el pr\u00f3ximo 16 de septiembre.. Las autoridades municipales decidieron esto, por el temor de que la inseguridad pueda hacer presa a la poblaci\u00f3n en los d\u00edas patrios.. Esos ayuntamientos son: Coxquihui y ahora se suma Cerro Azul.. Se\u00f1alan que la decisi\u00f3n para hacerlo fue un\u00e1nime..<br><\/p>\n\n\n\n\n\n<figure class=\"wp-block-image size-full\"><a href=\"https:\/\/lospoliticosveracruz.com.mx\/wp-content\/uploads\/2025\/09\/IMG_7634.png\"><img loading=\"lazy\" decoding=\"async\" width=\"300\" height=\"300\" src=\"https:\/\/lospoliticosveracruz.com.mx\/wp-content\/uploads\/2025\/09\/IMG_7634.png\" alt=\"\" class=\"wp-image-152375\" srcset=\"https:\/\/lospoliticosveracruz.com\/wp-content\/uploads\/2025\/09\/IMG_7634.png 300w, https:\/\/lospoliticosveracruz.com\/wp-content\/uploads\/2025\/09\/IMG_7634-150x150.png 150w, https:\/\/lospoliticosveracruz.com\/wp-content\/uploads\/2025\/09\/IMG_7634-125x125.png 125w\" sizes=\"auto, (max-width: 300px) 100vw, 300px\" \/><\/a><\/figure>\n\n\n\n<p>La \u00ablectura\u00bb que se le da a esta situaci\u00f3n, es que el gobierno del Estado NO TIENE el control de todo el territorio que compone la entidad.. Y a pesar de la narrativa de la administraci\u00f3n de Roc\u00edo Nahle, de que hay calma en Veracruz, la magnitud de las decisiones de los ayuntamientos del norte de la entidad, de suspender los actos c\u00edvicos patrios, dejan claro, que esos municipios est\u00e1n en un \u00abEstado de Indefensi\u00f3n\u00bb.. Mientras tanto, en Palacio de Gobierno, el personaje que est\u00e1 encargado de la gobernabilidad del Estado, el secretario de Gobierno, Ricardo Ahued, pues, se mantiene callado al respecto.. No dice nada.. Ni siquiera palabras de aliento hac\u00eda esa poblaci\u00f3n.. Pero si lo hiciera.. \u00bfServir\u00eda de algo?..<\/p>\n\n\n\n<p>Los hechos hablan por s\u00ed solos.. NO HAY GOBERNABILIDAD en municipios del norte del Estado.. Grupos fuera de la ley controlan sus territorios y a las autoridades municipales, no les queda m\u00e1s remedio que suspender actos c\u00edvicos para no exponer a la poblaci\u00f3n.. Coxquihui y Cerro Azul son ejemplo de ello.. Y por mucho que el gobierno estatal diga otra cosa.. Lo que se ve, no se juzga.. Est\u00e1n rebasados y hay zonas donde no existe el Estado de Derecho.. Si fuera lo contrario.. Habr\u00eda que ver qu\u00e9 alto funcionario estatal, se atreve a acompa\u00f1ar al alcalde de Coxquihui o Cerro Azul, para llevar a cabo el evento del \u00abGrito\u00bb en estos municipios.. Garantizando con su presencia paz y gobernabilidad en un d\u00eda de fiesta para los mexicanos.. \u00bfQui\u00e9n ser\u00eda ese valiente?..<\/p>\n\n\n\n<p>Han sido d\u00edas con poca fortuna para el gobierno de Veracruz.. No s\u00f3lo por los hechos antes mencionado de la violencia e inseguridad en las fiestas patrias en sus municipios.. Sino tambi\u00e9n que no todo fue \u00abmiel sobre hojuelas\u00bb en la visita del pasado domingo de la Presidenta Claudia Shienbaum a Boca del R\u00edo.. Donde vino a hablar sobre su Primer Informe de Gobierno.. Si bien es cierto, fue un acto plet\u00f3rico con movilizaci\u00f3n y \u00abacarreo\u00bb como en los mejores tiempos del \u00abviejo\u00bb PRI.. Tambi\u00e9n es una realidad, que analistas, se dieron cuenta que la Presidenta no toc\u00f3 temas fundamentales para Veracruz.. Dejando claro, que en esos rubros el Estado gobernado por Roc\u00edo Nahle, simplemente, no est\u00e1 avanzando.. Se qued\u00f3 \u00abestancado\u00bb..<\/p>\n\n\n\n<p>Uno de ellos es el DESARROLLO ECON\u00d3MICO.. Shienbaum no habl\u00f3 nada de eso en su discurso del pasado domingo.. S\u00f3lo de Escol\u00edn.. Pero m\u00e1s all\u00e1 de eso, nada.. Ni siquiera mencion\u00f3 el Polo de Desarrollo de Tuxpan.. Y, esto es m\u00e1s que claro, que si no lo hizo, es porque no cuenta con datos sobre estos temas de Veracruz.. De tenerlos en Palacio Nacional, seguramente hubiera dado cifras al respecto, pero no lo hizo.. Lo cual quiere decir, que para la Presidencia de la Rep\u00fablica.. Veracruz NO EST\u00c1 AVANZANDO en el desarrollo<br>econ\u00f3mico.. Y eso si es grave para el gobierno estatal.. La entidad no tiene las condiciones de generar riqueza a trav\u00e9s de la iniciativa privada y si no hay inversi\u00f3n p\u00fablica, entonces, Veracruz est\u00e1 en recesi\u00f3n econ\u00f3mica sumado a la crisis de inseguridad..<\/p>\n\n\n\n<p>S\u00f3lo hay que hacer notar un hecho.. El periodista cordob\u00e9s, Rodrigro Barranco D\u00e9ctor, dio a conocer a trav\u00e9s de sus redes sociales ayer por la ma\u00f1ana.. De que en la Ciudad Industrial \u00abBruno Pagliai\u00bb del puerto de Veracruz, la Asociaci\u00f3n de Industriales \u00abBruno Pagliai\u00bb AC interpuso una denuncia en contra de la directora del Fideicomiso \u00abFondo del Futuro\u00bb, Ana Laura del \u00c1ngel Olivares, ante la Fiscal\u00eda Especializada en Combate a la Corrupci\u00f3n en Veracruz, por presuntos actos de abuso de autoridad, incumplimiento de un deber legal y peculado.. Es decir, d\u00edas despu\u00e9s de la visita de Shienbaum, los empresarios \u00abjarochos\u00bb se rebelan en contra de funcionarios del gobierno de Roc\u00edo Nahle por presuntos actos deshonestos.. Y piden que los investiguen..<\/p>\n\n\n\n<p>En pocas palabras, el gobierno estatal no genera condiciones favorables para la inversi\u00f3n privada y todav\u00eda este mismo sector acusa a sus funcionarios de hechos de corrupci\u00f3n ante una fiscal\u00eda.. No hay inversi\u00f3n, no se genera empleo, no hay circulante de dinero y entonces lo que hay, es una recesi\u00f3n econ\u00f3mica.. S\u00f3lo hay que checar los datos del IMSS, que en Veracruz, de enero a julio, se han perdido casi 18 mil empleos en el Estado.. Eso ya es muy complejo para el gobierno de Nahle.. Y que fuera de toda \u00abgrilla\u00bb les urge hacer algo al respecto.. Ya que en 2024, Cuitlahuac Garc\u00eda Jim\u00e9nez solo alcanz\u00f3 a impactar en 3 mil nuevos empleos.. Pero esos, en esta administraci\u00f3n estatal, ya pasaron a la historia.. Que grave y que caos.. Y NO SE VE LA SALIDA..<\/p>\n\n\n\n<p>REFLEXI\u00d3N.. Queda claro que en Veracruz, al estar en n\u00fameros negativos en este sector, no se presenta la inversi\u00f3n privada, en lugar de eso, hay cierre de empresas o se genera m\u00e1s el desempleo, como se est\u00e1 presentando en la entidad, seg\u00fan las mismas cifras del IMSS.. Ya que las empresas al no generar m\u00e1s inversi\u00f3n, lo que optan es por despedir a sus trabajadores, haciendo crecer m\u00e1s el n\u00famero de desempleados en el Estado.. Ah\u00ed est\u00e1n las cifras contundentes.. 18 mil empleos menos en Veracruz.. No hay atracci\u00f3n de inversiones nacionales o extranjeras.. Por eso Sheinbaum no toc\u00f3 el tema el domingo pasado.. La inseguridad y la recesi\u00f3n econ\u00f3mica, es el \u00abpeligroso c\u00f3ctel\u00bb que se vive en Veracruz..<\/p>\n\n\n\n<p>Lo \u00fanico que se puede esperar para que todo este panorama cambie.. Es que Roc\u00edo Nahle tome cartas en el asunto y haga una reestructuraci\u00f3n de su gabinete estatal.. Que se vaya el que no le haya dado resultados.. Ya esa narrativa de que tiene un \u00abGabinete de Primera\u00bb, no lo puede sostener ya, no con 18 mil empleos menos en estos 10 meses que lleva su gobierno.. No menos en la Secretar\u00eda de Desarrollo Econ\u00f3mico.. Habr\u00e1 que ver si despu\u00e9s del Informe de Gobierno, en diciembre o enero, ella decide hacer esos cambios que le urgen.. Ya la gobernadora debe estar cansada de tanto n\u00famero negativo.. Que le impactan en su administraci\u00f3n estatal.. Y no se ve para cuando terminen..<\/p>\n\n\n\n<p>Al menos, en el tema econ\u00f3mico de la atracci\u00f3n de inversi\u00f3n para Veracruz.. Lo que se pudiera hacer en este momento para resolver moment\u00e1neamente lo del desempleo (que no hay nada preparado aun), seg\u00fan los expertos en econom\u00eda, se\u00f1alan que el Estado, se llevar\u00eda m\u00e1s de 2 a\u00f1os en aterrizarlos para que estos proyectos empiecen a generar los empleos necesarios en todas las ramas de la econom\u00eda.. Pero hasta hoy, no hay nada a\u00fan.. Por eso a Roc\u00edo Nahle, lo que la podr\u00eda salvar en 2026, ser\u00eda la obra p\u00fablica, que tendr\u00eda que estar muy fuerte.. Tanto macro, medianas y peque\u00f1as obras en toda la entidad.. Lo cual ser\u00eda bueno, pues, generar\u00eda mucho circulante de dinero.. Pero hasta ahora no se ve nada.. En materia de seguridad, ah\u00ed si est\u00e1n rebasados y tendr\u00edan que esperar que acciones va a traer Omar Garc\u00eda Harfuch, secretario de Seguridad P\u00fablica federal, para poner el Estado en paz.. EL QUE ENTENDI\u00d3, ENTENDI\u00d3.. AMEN..<\/p>\n","protected":false},"excerpt":{"rendered":"<p>Ricardo Chua Sale y Vale Les guste o no.. Pero es un hecho, que la violencia ya rebas\u00f3 al gobierno de Veracruz.. Ya ni siquiera en el d\u00eda, hay regiones de la entidad, donde se pueda garantizar la paz y tranquilidad.. El temor de que la poblaci\u00f3n sea objetivo de hechos violentos, que pueden llegar [&hellip;]<\/p>\n","protected":false},"author":2,"featured_media":141434,"comment_status":"closed","ping_status":"closed","sticky":false,"template":"","format":"standard","meta":{"tdm_status":"","tdm_grid_status":"","footnotes":""},"categories":[70],"tags":[1026,3578,195],"class_list":{"0":"post-152461","1":"post","2":"type-post","3":"status-publish","4":"format-standard","5":"has-post-thumbnail","7":"category-de-opinion","8":"tag-morena","9":"tag-rocio-nahle","10":"tag-veracruz"},"yoast_head":"<!-- This site is optimized with the Yoast SEO plugin v27.4 - https:\/\/yoast.com\/product\/yoast-seo-wordpress\/ -->\n<title>VERACRUZ, MUNICIPIOS SIN GRITO Y POLOS DE DESARROLLO - Los pol\u00edticos Veracruz<\/title>\n<meta name=\"robots\" content=\"index, follow, max-snippet:-1, max-image-preview:large, max-video-preview:-1\" \/>\n<link rel=\"canonical\" href=\"https:\/\/lospoliticosveracruz.com\/?p=152461\" \/>\n<meta property=\"og:locale\" content=\"es_ES\" \/>\n<meta property=\"og:type\" content=\"article\" \/>\n<meta property=\"og:title\" content=\"VERACRUZ, MUNICIPIOS SIN GRITO Y POLOS DE DESARROLLO - Los pol\u00edticos Veracruz\" \/>\n<meta property=\"og:description\" content=\"Ricardo Chua Sale y Vale Les guste o no.. Pero es un hecho, que la violencia ya rebas\u00f3 al gobierno de Veracruz.. Ya ni siquiera en el d\u00eda, hay regiones de la entidad, donde se pueda garantizar la paz y tranquilidad.. El temor de que la poblaci\u00f3n sea objetivo de hechos violentos, que pueden llegar [&hellip;]\" \/>\n<meta property=\"og:url\" content=\"https:\/\/lospoliticosveracruz.com\/?p=152461\" \/>\n<meta property=\"og:site_name\" content=\"Los pol\u00edticos Veracruz\" \/>\n<meta property=\"article:publisher\" content=\"https:\/\/www.facebook.com\/people\/Notimemes-de-los-Polticos\/61565672886568\/\" \/>\n<meta property=\"article:published_time\" content=\"2025-09-12T12:46:28+00:00\" \/>\n<meta property=\"article:modified_time\" content=\"2025-09-12T12:46:47+00:00\" \/>\n<meta property=\"og:image\" content=\"https:\/\/lospoliticosveracruz.com\/wp-content\/uploads\/2025\/04\/Chua-e1761364658706.jpg\" \/>\n\t<meta property=\"og:image:width\" content=\"600\" \/>\n\t<meta property=\"og:image:height\" content=\"320\" \/>\n\t<meta property=\"og:image:type\" content=\"image\/jpeg\" \/>\n<meta name=\"author\" content=\"Lo viste en Los Pol\u00edticos\" \/>\n<meta name=\"twitter:card\" content=\"summary_large_image\" \/>\n<meta name=\"twitter:creator\" content=\"@LosPoliticosVer\" \/>\n<meta name=\"twitter:site\" content=\"@LosPoliticosVer\" \/>\n<meta name=\"twitter:label1\" content=\"Escrito por\" \/>\n\t<meta name=\"twitter:data1\" content=\"Lo viste en Los Pol\u00edticos\" \/>\n\t<meta name=\"twitter:label2\" content=\"Tiempo de lectura\" \/>\n\t<meta name=\"twitter:data2\" content=\"7 minutos\" \/>\n<script type=\"application\/ld+json\" class=\"yoast-schema-graph\">{\"@context\":\"https:\\\/\\\/schema.org\",\"@graph\":[{\"@type\":\"Article\",\"@id\":\"https:\\\/\\\/lospoliticosveracruz.com\\\/?p=152461#article\",\"isPartOf\":{\"@id\":\"https:\\\/\\\/lospoliticosveracruz.com\\\/?p=152461\"},\"author\":{\"name\":\"Lo viste en Los Pol\u00edticos\",\"@id\":\"https:\\\/\\\/lospoliticosveracruz.com\\\/#\\\/schema\\\/person\\\/b8702bb0e538456e6efd07080bf2a4a2\"},\"headline\":\"VERACRUZ, MUNICIPIOS SIN GRITO Y POLOS DE DESARROLLO\",\"datePublished\":\"2025-09-12T12:46:28+00:00\",\"dateModified\":\"2025-09-12T12:46:47+00:00\",\"mainEntityOfPage\":{\"@id\":\"https:\\\/\\\/lospoliticosveracruz.com\\\/?p=152461\"},\"wordCount\":1410,\"publisher\":{\"@id\":\"https:\\\/\\\/lospoliticosveracruz.com\\\/#organization\"},\"image\":{\"@id\":\"https:\\\/\\\/lospoliticosveracruz.com\\\/?p=152461#primaryimage\"},\"thumbnailUrl\":\"https:\\\/\\\/lospoliticosveracruz.com\\\/wp-content\\\/uploads\\\/2025\\\/04\\\/Chua-e1761364658706.jpg\",\"keywords\":[\"Morena\",\"Roc\u00edo Nahle\",\"Veracruz\"],\"articleSection\":[\"De Opini\u00f3n\"],\"inLanguage\":\"es\"},{\"@type\":\"WebPage\",\"@id\":\"https:\\\/\\\/lospoliticosveracruz.com\\\/?p=152461\",\"url\":\"https:\\\/\\\/lospoliticosveracruz.com\\\/?p=152461\",\"name\":\"VERACRUZ, MUNICIPIOS SIN GRITO Y POLOS DE DESARROLLO - Los pol\u00edticos Veracruz\",\"isPartOf\":{\"@id\":\"https:\\\/\\\/lospoliticosveracruz.com\\\/#website\"},\"primaryImageOfPage\":{\"@id\":\"https:\\\/\\\/lospoliticosveracruz.com\\\/?p=152461#primaryimage\"},\"image\":{\"@id\":\"https:\\\/\\\/lospoliticosveracruz.com\\\/?p=152461#primaryimage\"},\"thumbnailUrl\":\"https:\\\/\\\/lospoliticosveracruz.com\\\/wp-content\\\/uploads\\\/2025\\\/04\\\/Chua-e1761364658706.jpg\",\"datePublished\":\"2025-09-12T12:46:28+00:00\",\"dateModified\":\"2025-09-12T12:46:47+00:00\",\"breadcrumb\":{\"@id\":\"https:\\\/\\\/lospoliticosveracruz.com\\\/?p=152461#breadcrumb\"},\"inLanguage\":\"es\",\"potentialAction\":[{\"@type\":\"ReadAction\",\"target\":[\"https:\\\/\\\/lospoliticosveracruz.com\\\/?p=152461\"]}]},{\"@type\":\"ImageObject\",\"inLanguage\":\"es\",\"@id\":\"https:\\\/\\\/lospoliticosveracruz.com\\\/?p=152461#primaryimage\",\"url\":\"https:\\\/\\\/lospoliticosveracruz.com\\\/wp-content\\\/uploads\\\/2025\\\/04\\\/Chua-e1761364658706.jpg\",\"contentUrl\":\"https:\\\/\\\/lospoliticosveracruz.com\\\/wp-content\\\/uploads\\\/2025\\\/04\\\/Chua-e1761364658706.jpg\",\"width\":600,\"height\":320},{\"@type\":\"BreadcrumbList\",\"@id\":\"https:\\\/\\\/lospoliticosveracruz.com\\\/?p=152461#breadcrumb\",\"itemListElement\":[{\"@type\":\"ListItem\",\"position\":1,\"name\":\"Portada\",\"item\":\"https:\\\/\\\/lospoliticosveracruz.com\\\/\"},{\"@type\":\"ListItem\",\"position\":2,\"name\":\"VERACRUZ, MUNICIPIOS SIN GRITO Y POLOS DE DESARROLLO\"}]},{\"@type\":\"WebSite\",\"@id\":\"https:\\\/\\\/lospoliticosveracruz.com\\\/#website\",\"url\":\"https:\\\/\\\/lospoliticosveracruz.com\\\/\",\"name\":\"Los pol\u00edticos Veracruz\",\"description\":\"\",\"publisher\":{\"@id\":\"https:\\\/\\\/lospoliticosveracruz.com\\\/#organization\"},\"potentialAction\":[{\"@type\":\"SearchAction\",\"target\":{\"@type\":\"EntryPoint\",\"urlTemplate\":\"https:\\\/\\\/lospoliticosveracruz.com\\\/?s={search_term_string}\"},\"query-input\":{\"@type\":\"PropertyValueSpecification\",\"valueRequired\":true,\"valueName\":\"search_term_string\"}}],\"inLanguage\":\"es\"},{\"@type\":\"Organization\",\"@id\":\"https:\\\/\\\/lospoliticosveracruz.com\\\/#organization\",\"name\":\"Los pol\u00edticos Veracruz\",\"url\":\"https:\\\/\\\/lospoliticosveracruz.com\\\/\",\"logo\":{\"@type\":\"ImageObject\",\"inLanguage\":\"es\",\"@id\":\"https:\\\/\\\/lospoliticosveracruz.com\\\/#\\\/schema\\\/logo\\\/image\\\/\",\"url\":\"https:\\\/\\\/lospoliticosveracruz.com\\\/wp-content\\\/uploads\\\/2025\\\/12\\\/Logo-Nuevo-LOS-POLITICOS-1.jpg\",\"contentUrl\":\"https:\\\/\\\/lospoliticosveracruz.com\\\/wp-content\\\/uploads\\\/2025\\\/12\\\/Logo-Nuevo-LOS-POLITICOS-1.jpg\",\"width\":260,\"height\":70,\"caption\":\"Los pol\u00edticos Veracruz\"},\"image\":{\"@id\":\"https:\\\/\\\/lospoliticosveracruz.com\\\/#\\\/schema\\\/logo\\\/image\\\/\"},\"sameAs\":[\"https:\\\/\\\/www.facebook.com\\\/people\\\/Notimemes-de-los-Polticos\\\/61565672886568\\\/\",\"https:\\\/\\\/x.com\\\/LosPoliticosVer\"]},{\"@type\":\"Person\",\"@id\":\"https:\\\/\\\/lospoliticosveracruz.com\\\/#\\\/schema\\\/person\\\/b8702bb0e538456e6efd07080bf2a4a2\",\"name\":\"Lo viste en Los Pol\u00edticos\",\"image\":{\"@type\":\"ImageObject\",\"inLanguage\":\"es\",\"@id\":\"https:\\\/\\\/secure.gravatar.com\\\/avatar\\\/3a8de04a2656d44082be478bd6c086daa447c4651605818287b9532d3d0bd435?s=96&d=mm&r=g\",\"url\":\"https:\\\/\\\/secure.gravatar.com\\\/avatar\\\/3a8de04a2656d44082be478bd6c086daa447c4651605818287b9532d3d0bd435?s=96&d=mm&r=g\",\"contentUrl\":\"https:\\\/\\\/secure.gravatar.com\\\/avatar\\\/3a8de04a2656d44082be478bd6c086daa447c4651605818287b9532d3d0bd435?s=96&d=mm&r=g\",\"caption\":\"Lo viste en Los Pol\u00edticos\"},\"url\":\"https:\\\/\\\/lospoliticosveracruz.com\\\/?author=2\"}]}<\/script>\n<!-- \/ Yoast SEO plugin. -->","yoast_head_json":{"title":"VERACRUZ, MUNICIPIOS SIN GRITO Y POLOS DE DESARROLLO - Los pol\u00edticos Veracruz","robots":{"index":"index","follow":"follow","max-snippet":"max-snippet:-1","max-image-preview":"max-image-preview:large","max-video-preview":"max-video-preview:-1"},"canonical":"https:\/\/lospoliticosveracruz.com\/?p=152461","og_locale":"es_ES","og_type":"article","og_title":"VERACRUZ, MUNICIPIOS SIN GRITO Y POLOS DE DESARROLLO - Los pol\u00edticos Veracruz","og_description":"Ricardo Chua Sale y Vale Les guste o no.. Pero es un hecho, que la violencia ya rebas\u00f3 al gobierno de Veracruz.. Ya ni siquiera en el d\u00eda, hay regiones de la entidad, donde se pueda garantizar la paz y tranquilidad.. El temor de que la poblaci\u00f3n sea objetivo de hechos violentos, que pueden llegar [&hellip;]","og_url":"https:\/\/lospoliticosveracruz.com\/?p=152461","og_site_name":"Los pol\u00edticos Veracruz","article_publisher":"https:\/\/www.facebook.com\/people\/Notimemes-de-los-Polticos\/61565672886568\/","article_published_time":"2025-09-12T12:46:28+00:00","article_modified_time":"2025-09-12T12:46:47+00:00","og_image":[{"width":600,"height":320,"url":"https:\/\/lospoliticosveracruz.com\/wp-content\/uploads\/2025\/04\/Chua-e1761364658706.jpg","type":"image\/jpeg"}],"author":"Lo viste en Los Pol\u00edticos","twitter_card":"summary_large_image","twitter_creator":"@LosPoliticosVer","twitter_site":"@LosPoliticosVer","twitter_misc":{"Escrito por":"Lo viste en Los Pol\u00edticos","Tiempo de lectura":"7 minutos"},"schema":{"@context":"https:\/\/schema.org","@graph":[{"@type":"Article","@id":"https:\/\/lospoliticosveracruz.com\/?p=152461#article","isPartOf":{"@id":"https:\/\/lospoliticosveracruz.com\/?p=152461"},"author":{"name":"Lo viste en Los Pol\u00edticos","@id":"https:\/\/lospoliticosveracruz.com\/#\/schema\/person\/b8702bb0e538456e6efd07080bf2a4a2"},"headline":"VERACRUZ, MUNICIPIOS SIN GRITO Y POLOS DE DESARROLLO","datePublished":"2025-09-12T12:46:28+00:00","dateModified":"2025-09-12T12:46:47+00:00","mainEntityOfPage":{"@id":"https:\/\/lospoliticosveracruz.com\/?p=152461"},"wordCount":1410,"publisher":{"@id":"https:\/\/lospoliticosveracruz.com\/#organization"},"image":{"@id":"https:\/\/lospoliticosveracruz.com\/?p=152461#primaryimage"},"thumbnailUrl":"https:\/\/lospoliticosveracruz.com\/wp-content\/uploads\/2025\/04\/Chua-e1761364658706.jpg","keywords":["Morena","Roc\u00edo Nahle","Veracruz"],"articleSection":["De Opini\u00f3n"],"inLanguage":"es"},{"@type":"WebPage","@id":"https:\/\/lospoliticosveracruz.com\/?p=152461","url":"https:\/\/lospoliticosveracruz.com\/?p=152461","name":"VERACRUZ, MUNICIPIOS SIN GRITO Y POLOS DE DESARROLLO - Los pol\u00edticos Veracruz","isPartOf":{"@id":"https:\/\/lospoliticosveracruz.com\/#website"},"primaryImageOfPage":{"@id":"https:\/\/lospoliticosveracruz.com\/?p=152461#primaryimage"},"image":{"@id":"https:\/\/lospoliticosveracruz.com\/?p=152461#primaryimage"},"thumbnailUrl":"https:\/\/lospoliticosveracruz.com\/wp-content\/uploads\/2025\/04\/Chua-e1761364658706.jpg","datePublished":"2025-09-12T12:46:28+00:00","dateModified":"2025-09-12T12:46:47+00:00","breadcrumb":{"@id":"https:\/\/lospoliticosveracruz.com\/?p=152461#breadcrumb"},"inLanguage":"es","potentialAction":[{"@type":"ReadAction","target":["https:\/\/lospoliticosveracruz.com\/?p=152461"]}]},{"@type":"ImageObject","inLanguage":"es","@id":"https:\/\/lospoliticosveracruz.com\/?p=152461#primaryimage","url":"https:\/\/lospoliticosveracruz.com\/wp-content\/uploads\/2025\/04\/Chua-e1761364658706.jpg","contentUrl":"https:\/\/lospoliticosveracruz.com\/wp-content\/uploads\/2025\/04\/Chua-e1761364658706.jpg","width":600,"height":320},{"@type":"BreadcrumbList","@id":"https:\/\/lospoliticosveracruz.com\/?p=152461#breadcrumb","itemListElement":[{"@type":"ListItem","position":1,"name":"Portada","item":"https:\/\/lospoliticosveracruz.com\/"},{"@type":"ListItem","position":2,"name":"VERACRUZ, MUNICIPIOS SIN GRITO Y POLOS DE DESARROLLO"}]},{"@type":"WebSite","@id":"https:\/\/lospoliticosveracruz.com\/#website","url":"https:\/\/lospoliticosveracruz.com\/","name":"Los pol\u00edticos Veracruz","description":"","publisher":{"@id":"https:\/\/lospoliticosveracruz.com\/#organization"},"potentialAction":[{"@type":"SearchAction","target":{"@type":"EntryPoint","urlTemplate":"https:\/\/lospoliticosveracruz.com\/?s={search_term_string}"},"query-input":{"@type":"PropertyValueSpecification","valueRequired":true,"valueName":"search_term_string"}}],"inLanguage":"es"},{"@type":"Organization","@id":"https:\/\/lospoliticosveracruz.com\/#organization","name":"Los pol\u00edticos Veracruz","url":"https:\/\/lospoliticosveracruz.com\/","logo":{"@type":"ImageObject","inLanguage":"es","@id":"https:\/\/lospoliticosveracruz.com\/#\/schema\/logo\/image\/","url":"https:\/\/lospoliticosveracruz.com\/wp-content\/uploads\/2025\/12\/Logo-Nuevo-LOS-POLITICOS-1.jpg","contentUrl":"https:\/\/lospoliticosveracruz.com\/wp-content\/uploads\/2025\/12\/Logo-Nuevo-LOS-POLITICOS-1.jpg","width":260,"height":70,"caption":"Los pol\u00edticos Veracruz"},"image":{"@id":"https:\/\/lospoliticosveracruz.com\/#\/schema\/logo\/image\/"},"sameAs":["https:\/\/www.facebook.com\/people\/Notimemes-de-los-Polticos\/61565672886568\/","https:\/\/x.com\/LosPoliticosVer"]},{"@type":"Person","@id":"https:\/\/lospoliticosveracruz.com\/#\/schema\/person\/b8702bb0e538456e6efd07080bf2a4a2","name":"Lo viste en Los Pol\u00edticos","image":{"@type":"ImageObject","inLanguage":"es","@id":"https:\/\/secure.gravatar.com\/avatar\/3a8de04a2656d44082be478bd6c086daa447c4651605818287b9532d3d0bd435?s=96&d=mm&r=g","url":"https:\/\/secure.gravatar.com\/avatar\/3a8de04a2656d44082be478bd6c086daa447c4651605818287b9532d3d0bd435?s=96&d=mm&r=g","contentUrl":"https:\/\/secure.gravatar.com\/avatar\/3a8de04a2656d44082be478bd6c086daa447c4651605818287b9532d3d0bd435?s=96&d=mm&r=g","caption":"Lo viste en Los Pol\u00edticos"},"url":"https:\/\/lospoliticosveracruz.com\/?author=2"}]}},"_links":{"self":[{"href":"https:\/\/lospoliticosveracruz.com\/index.php?rest_route=\/wp\/v2\/posts\/152461","targetHints":{"allow":["GET"]}}],"collection":[{"href":"https:\/\/lospoliticosveracruz.com\/index.php?rest_route=\/wp\/v2\/posts"}],"about":[{"href":"https:\/\/lospoliticosveracruz.com\/index.php?rest_route=\/wp\/v2\/types\/post"}],"author":[{"embeddable":true,"href":"https:\/\/lospoliticosveracruz.com\/index.php?rest_route=\/wp\/v2\/users\/2"}],"replies":[{"embeddable":true,"href":"https:\/\/lospoliticosveracruz.com\/index.php?rest_route=%2Fwp%2Fv2%2Fcomments&post=152461"}],"version-history":[{"count":1,"href":"https:\/\/lospoliticosveracruz.com\/index.php?rest_route=\/wp\/v2\/posts\/152461\/revisions"}],"predecessor-version":[{"id":152462,"href":"https:\/\/lospoliticosveracruz.com\/index.php?rest_route=\/wp\/v2\/posts\/152461\/revisions\/152462"}],"wp:featuredmedia":[{"embeddable":true,"href":"https:\/\/lospoliticosveracruz.com\/index.php?rest_route=\/wp\/v2\/media\/141434"}],"wp:attachment":[{"href":"https:\/\/lospoliticosveracruz.com\/index.php?rest_route=%2Fwp%2Fv2%2Fmedia&parent=152461"}],"wp:term":[{"taxonomy":"category","embeddable":true,"href":"https:\/\/lospoliticosveracruz.com\/index.php?rest_route=%2Fwp%2Fv2%2Fcategories&post=152461"},{"taxonomy":"post_tag","embeddable":true,"href":"https:\/\/lospoliticosveracruz.com\/index.php?rest_route=%2Fwp%2Fv2%2Ftags&post=152461"}],"curies":[{"name":"wp","href":"https:\/\/api.w.org\/{rel}","templated":true}]}}