{"id":15248,"date":"2015-03-10T23:35:42","date_gmt":"2015-03-11T05:35:42","guid":{"rendered":"http:\/\/www.lospoliticosveracruz.com.mx\/?p=15248"},"modified":"2015-03-10T23:35:42","modified_gmt":"2015-03-11T05:35:42","slug":"simplemente-saco-la-casta","status":"publish","type":"post","link":"https:\/\/lospoliticosveracruz.com\/?p=15248","title":{"rendered":"Simplemente sac\u00f3 la casta"},"content":{"rendered":"<p><a href=\"http:\/\/www.lospoliticosveracruz.com.mx\/wp-content\/uploads\/2014\/10\/Senador-Jos\u00e9-Yunes-Zorrilla-2.jpg\"><img loading=\"lazy\" decoding=\"async\" class=\"alignnone size-medium wp-image-12820\" src=\"http:\/\/www.lospoliticosveracruz.com.mx\/wp-content\/uploads\/2014\/10\/Senador-Jos\u00e9-Yunes-Zorrilla-2-300x225.jpg\" alt=\"Senador Jos\u00e9 Yunes Zorrilla 2\" width=\"300\" height=\"225\" \/><\/a><\/p>\n<p><strong>Ricardo V\u00e1zquez Salazar<\/strong><\/p>\n<p><em>Esfera Pol\u00edtica<\/em><\/p>\n<p>&nbsp;<\/p>\n<p>Lo publicamos el 12 de mayo de 2014 en este mismo espacio, con el t\u00edtulo: \u00a1T\u00fa tambi\u00e9n, Brutus!, en la que hac\u00edamos una analog\u00eda de la traici\u00f3n que sufri\u00f3 el emperador romano Julio Cesar, que en su agon\u00eda los conspiradores le abrieron paso a su hijo Brutus para que terminara con su vida; en ese momento, justo antes de morir Cesar exclam\u00f3: \u00a1T\u00fa tambi\u00e9n Brutus, hijo m\u00edo! Dec\u00edamos en esa entrega: \u201cPor supuesto que Veracruz no ha escapado a las felon\u00edas pol\u00edticas. Esto lo tiene presente el senador veracruzano Jos\u00e9 Francisco Yunes Zorrilla, quien se conduce con mucha cautela, con toda raz\u00f3n. La traici\u00f3n la sufri\u00f3 en carne propia. Se la hicieron en la \u201cfidelidad\u201d, cuando en el 2006 lo hicieron perder como candidato a senador\u201d.<\/p>\n<p>En aquella ocasi\u00f3n apuntamos: \u201cPor lo menos en el tiempo en que se define quien ser\u00e1 el candidato del tricolor a la gubernatura de Veracruz, Yunes Zorrilla sabe perfectamente a lo que est\u00e1 expuesto; la diferencia hoy en d\u00eda estriba en que la experiencia acumulada, la madurez pol\u00edtica y el hecho de pertenecer al primer c\u00edrculo de poder en nuestro pa\u00eds, lo hace menos vulnerable. Aunque por ello el senador perote\u00f1o no se conf\u00eda, est\u00e1 consciente que tambi\u00e9n se pueden dar pactos inadvertidos\u201d.<\/p>\n<p>Diez meses despu\u00e9s de aquella fecha, la clase pol\u00edtica veracruzana se encuentra sorprendida de la reacci\u00f3n del senador Jos\u00e9 Francisco Yunes Zorrilla, de haber abandonado el pasado domingo la asamblea extraordinaria del Consejo Pol\u00edtico Estatal del PRI, justo en el momento en que el gobernador Javier Duarte de Ochoa iniciara su discurso.<\/p>\n<p>Comenta el reconocido periodista Edgar Hern\u00e1ndez en su le\u00edda columna L\u00ednea Caliente, lo que el senador Jos\u00e9 Yunes precis\u00f3: \u201cMi salida del evento partidista se debe a un acto de consistencia, de congruencia con lo manifestado el 7 de enero y que mis diferencias con el gobernador son de a de veras\u201d.<\/p>\n<p>M\u00e1s que una guerra medi\u00e1tica \u201clo que pretendo es dejar muy en claro que yo tengo un estilo distinto y que no coincido con la postura del gobernador Javier Duarte recrudecida el mismo momento en que propuso un gobierno de transici\u00f3n de dos a\u00f1os\u201d.<\/p>\n<p>\u201cMis definiciones han sido claras, mi respeto institucional tambi\u00e9n, pero no coincido en c\u00f3mo se han venido aplicando las pol\u00edticas p\u00fablicas sobre todo en materia financiera donde hay muchas dudas y cuentas por aclarar\u201d. Hasta aqu\u00ed lo publicado por Edgar Hern\u00e1ndez.<\/p>\n<p>A Yunes Zorilla, hoy presidente de la Comisi\u00f3n de Hacienda y Cr\u00e9dito P\u00fablico del Senado de la Rep\u00fablica, lo subestimaron, intentaron volv\u00e9rsela a hacer. Confundieron su caballerosidad y su decencia con un actor pol\u00edtico corto, carente de valent\u00eda; no pensaron que pudiera haber tenido las agallas que ha mostrado al haber reaccionado de esa manera. Pepe Yunes simplemente sac\u00f3 la casta.<\/p>\n<p>Despu\u00e9s del siete de junio del a\u00f1o en curso pudiera haber grandes sorpresas en el medio pol\u00edtico en Veracruz, si le fallan a Pe\u00f1a Nieto. Si las cosas salen bien, es porque era su obligaci\u00f3n, m\u00e1s esto no representar\u00eda un salvoconducto para que el pr\u00f3ximo candidato a la gubernatura surja de una decisi\u00f3n local.<\/p>\n<p>Una fuente cercana a la c\u00fapula del poder, nos comentaba que en la reciente reuni\u00f3n que sostuvo el senador Yunes Zorrilla con Luis Videgaray, secretario de Hacienda, con el presidente Enrique Pe\u00f1a Nieto, no fue precisamente para tomar el t\u00e9. En el altiplano est\u00e1n sumamente preocupados por todo lo que est\u00e1 ocurriendo en Veracruz; ya no es un foco amarillo, lo consideran un foco rojo.<\/p>\n<p>Muchos actores pol\u00edticos veracruzanos no entienden todav\u00eda que en el altiplano no van a permitir otro candidato de la \u201cfidelidad\u201d a la gubernatura, por el cataclismo que vive la entidad en todos sentidos; que en autom\u00e1tico, un candidato \u201cfiel\u201d estar\u00eda en grave riesgo de ser aniquilado por un Miguel \u00c1ngel Yunes Linares que va con todo, \u00e9l o uno de sus v\u00e1stagos con la bandera de Acci\u00f3n Nacional.<\/p>\n<p>rvazquez002@Yahoo.com.mx<\/p>\n","protected":false},"excerpt":{"rendered":"<p>Ricardo V\u00e1zquez Salazar Esfera Pol\u00edtica &nbsp; Lo publicamos el 12 de mayo de 2014 en este mismo espacio, con el t\u00edtulo: \u00a1T\u00fa tambi\u00e9n, Brutus!, en la que hac\u00edamos una analog\u00eda de la traici\u00f3n que sufri\u00f3 el emperador romano Julio Cesar, que en su agon\u00eda los conspiradores le abrieron paso a su hijo Brutus para que [&hellip;]<\/p>\n","protected":false},"author":2,"featured_media":0,"comment_status":"open","ping_status":"open","sticky":false,"template":"","format":"standard","meta":{"tdm_status":"","tdm_grid_status":"","footnotes":""},"categories":[70],"tags":[260,1846,428],"class_list":{"0":"post-15248","1":"post","2":"type-post","3":"status-publish","4":"format-standard","6":"category-de-opinion","7":"tag-javier-duarte-de-ochoa","8":"tag-jose-francisco-yunes-zorrilla","9":"tag-miguel-angel-yunes-linares"},"yoast_head":"<!-- This site is optimized with the Yoast SEO plugin v27.4 - https:\/\/yoast.com\/product\/yoast-seo-wordpress\/ -->\n<title>Simplemente sac\u00f3 la casta - Los pol\u00edticos Veracruz<\/title>\n<meta name=\"robots\" content=\"index, follow, max-snippet:-1, max-image-preview:large, max-video-preview:-1\" \/>\n<link rel=\"canonical\" href=\"https:\/\/lospoliticosveracruz.com\/?p=15248\" \/>\n<meta property=\"og:locale\" content=\"es_ES\" \/>\n<meta property=\"og:type\" content=\"article\" \/>\n<meta property=\"og:title\" content=\"Simplemente sac\u00f3 la casta - Los pol\u00edticos Veracruz\" \/>\n<meta property=\"og:description\" content=\"Ricardo V\u00e1zquez Salazar Esfera Pol\u00edtica &nbsp; Lo publicamos el 12 de mayo de 2014 en este mismo espacio, con el t\u00edtulo: \u00a1T\u00fa tambi\u00e9n, Brutus!, en la que hac\u00edamos una analog\u00eda de la traici\u00f3n que sufri\u00f3 el emperador romano Julio Cesar, que en su agon\u00eda los conspiradores le abrieron paso a su hijo Brutus para que [&hellip;]\" \/>\n<meta property=\"og:url\" content=\"https:\/\/lospoliticosveracruz.com\/?p=15248\" \/>\n<meta property=\"og:site_name\" content=\"Los pol\u00edticos Veracruz\" \/>\n<meta property=\"article:publisher\" content=\"https:\/\/www.facebook.com\/people\/Notimemes-de-los-Polticos\/61565672886568\/\" \/>\n<meta property=\"article:published_time\" content=\"2015-03-11T05:35:42+00:00\" \/>\n<meta property=\"og:image\" content=\"https:\/\/lospoliticosveracruz.com\/wp-content\/uploads\/2016\/07\/Logo-Dor.jpg\" \/>\n\t<meta property=\"og:image:width\" content=\"200\" \/>\n\t<meta property=\"og:image:height\" content=\"200\" \/>\n\t<meta property=\"og:image:type\" content=\"image\/jpeg\" \/>\n<meta name=\"author\" content=\"Lo viste en Los Pol\u00edticos\" \/>\n<meta name=\"twitter:card\" content=\"summary_large_image\" \/>\n<meta name=\"twitter:creator\" content=\"@LosPoliticosVer\" \/>\n<meta name=\"twitter:site\" content=\"@LosPoliticosVer\" \/>\n<meta name=\"twitter:label1\" content=\"Escrito por\" \/>\n\t<meta name=\"twitter:data1\" content=\"Lo viste en Los Pol\u00edticos\" \/>\n\t<meta name=\"twitter:label2\" content=\"Tiempo de lectura\" \/>\n\t<meta name=\"twitter:data2\" content=\"4 minutos\" \/>\n<script type=\"application\/ld+json\" class=\"yoast-schema-graph\">{\"@context\":\"https:\\\/\\\/schema.org\",\"@graph\":[{\"@type\":\"Article\",\"@id\":\"https:\\\/\\\/lospoliticosveracruz.com\\\/?p=15248#article\",\"isPartOf\":{\"@id\":\"https:\\\/\\\/lospoliticosveracruz.com\\\/?p=15248\"},\"author\":{\"name\":\"Lo viste en Los Pol\u00edticos\",\"@id\":\"https:\\\/\\\/lospoliticosveracruz.com\\\/#\\\/schema\\\/person\\\/b8702bb0e538456e6efd07080bf2a4a2\"},\"headline\":\"Simplemente sac\u00f3 la casta\",\"datePublished\":\"2015-03-11T05:35:42+00:00\",\"mainEntityOfPage\":{\"@id\":\"https:\\\/\\\/lospoliticosveracruz.com\\\/?p=15248\"},\"wordCount\":721,\"commentCount\":0,\"publisher\":{\"@id\":\"https:\\\/\\\/lospoliticosveracruz.com\\\/#organization\"},\"keywords\":[\"Javier Duarte de Ochoa\",\"Jos\u00e9 Francisco Yunes Zorrilla\",\"Miguel Angel Yunes Linares\"],\"articleSection\":[\"De Opini\u00f3n\"],\"inLanguage\":\"es\",\"potentialAction\":[{\"@type\":\"CommentAction\",\"name\":\"Comment\",\"target\":[\"https:\\\/\\\/lospoliticosveracruz.com\\\/?p=15248#respond\"]}]},{\"@type\":\"WebPage\",\"@id\":\"https:\\\/\\\/lospoliticosveracruz.com\\\/?p=15248\",\"url\":\"https:\\\/\\\/lospoliticosveracruz.com\\\/?p=15248\",\"name\":\"Simplemente sac\u00f3 la casta - Los pol\u00edticos Veracruz\",\"isPartOf\":{\"@id\":\"https:\\\/\\\/lospoliticosveracruz.com\\\/#website\"},\"datePublished\":\"2015-03-11T05:35:42+00:00\",\"breadcrumb\":{\"@id\":\"https:\\\/\\\/lospoliticosveracruz.com\\\/?p=15248#breadcrumb\"},\"inLanguage\":\"es\",\"potentialAction\":[{\"@type\":\"ReadAction\",\"target\":[\"https:\\\/\\\/lospoliticosveracruz.com\\\/?p=15248\"]}]},{\"@type\":\"BreadcrumbList\",\"@id\":\"https:\\\/\\\/lospoliticosveracruz.com\\\/?p=15248#breadcrumb\",\"itemListElement\":[{\"@type\":\"ListItem\",\"position\":1,\"name\":\"Portada\",\"item\":\"https:\\\/\\\/lospoliticosveracruz.com\\\/\"},{\"@type\":\"ListItem\",\"position\":2,\"name\":\"Simplemente sac\u00f3 la casta\"}]},{\"@type\":\"WebSite\",\"@id\":\"https:\\\/\\\/lospoliticosveracruz.com\\\/#website\",\"url\":\"https:\\\/\\\/lospoliticosveracruz.com\\\/\",\"name\":\"Los pol\u00edticos Veracruz\",\"description\":\"\",\"publisher\":{\"@id\":\"https:\\\/\\\/lospoliticosveracruz.com\\\/#organization\"},\"potentialAction\":[{\"@type\":\"SearchAction\",\"target\":{\"@type\":\"EntryPoint\",\"urlTemplate\":\"https:\\\/\\\/lospoliticosveracruz.com\\\/?s={search_term_string}\"},\"query-input\":{\"@type\":\"PropertyValueSpecification\",\"valueRequired\":true,\"valueName\":\"search_term_string\"}}],\"inLanguage\":\"es\"},{\"@type\":\"Organization\",\"@id\":\"https:\\\/\\\/lospoliticosveracruz.com\\\/#organization\",\"name\":\"Los pol\u00edticos Veracruz\",\"url\":\"https:\\\/\\\/lospoliticosveracruz.com\\\/\",\"logo\":{\"@type\":\"ImageObject\",\"inLanguage\":\"es\",\"@id\":\"https:\\\/\\\/lospoliticosveracruz.com\\\/#\\\/schema\\\/logo\\\/image\\\/\",\"url\":\"https:\\\/\\\/lospoliticosveracruz.com\\\/wp-content\\\/uploads\\\/2025\\\/12\\\/Logo-Nuevo-LOS-POLITICOS-1.jpg\",\"contentUrl\":\"https:\\\/\\\/lospoliticosveracruz.com\\\/wp-content\\\/uploads\\\/2025\\\/12\\\/Logo-Nuevo-LOS-POLITICOS-1.jpg\",\"width\":260,\"height\":70,\"caption\":\"Los pol\u00edticos Veracruz\"},\"image\":{\"@id\":\"https:\\\/\\\/lospoliticosveracruz.com\\\/#\\\/schema\\\/logo\\\/image\\\/\"},\"sameAs\":[\"https:\\\/\\\/www.facebook.com\\\/people\\\/Notimemes-de-los-Polticos\\\/61565672886568\\\/\",\"https:\\\/\\\/x.com\\\/LosPoliticosVer\"]},{\"@type\":\"Person\",\"@id\":\"https:\\\/\\\/lospoliticosveracruz.com\\\/#\\\/schema\\\/person\\\/b8702bb0e538456e6efd07080bf2a4a2\",\"name\":\"Lo viste en Los Pol\u00edticos\",\"image\":{\"@type\":\"ImageObject\",\"inLanguage\":\"es\",\"@id\":\"https:\\\/\\\/secure.gravatar.com\\\/avatar\\\/3a8de04a2656d44082be478bd6c086daa447c4651605818287b9532d3d0bd435?s=96&d=mm&r=g\",\"url\":\"https:\\\/\\\/secure.gravatar.com\\\/avatar\\\/3a8de04a2656d44082be478bd6c086daa447c4651605818287b9532d3d0bd435?s=96&d=mm&r=g\",\"contentUrl\":\"https:\\\/\\\/secure.gravatar.com\\\/avatar\\\/3a8de04a2656d44082be478bd6c086daa447c4651605818287b9532d3d0bd435?s=96&d=mm&r=g\",\"caption\":\"Lo viste en Los Pol\u00edticos\"},\"url\":\"https:\\\/\\\/lospoliticosveracruz.com\\\/?author=2\"}]}<\/script>\n<!-- \/ Yoast SEO plugin. -->","yoast_head_json":{"title":"Simplemente sac\u00f3 la casta - Los pol\u00edticos Veracruz","robots":{"index":"index","follow":"follow","max-snippet":"max-snippet:-1","max-image-preview":"max-image-preview:large","max-video-preview":"max-video-preview:-1"},"canonical":"https:\/\/lospoliticosveracruz.com\/?p=15248","og_locale":"es_ES","og_type":"article","og_title":"Simplemente sac\u00f3 la casta - Los pol\u00edticos Veracruz","og_description":"Ricardo V\u00e1zquez Salazar Esfera Pol\u00edtica &nbsp; Lo publicamos el 12 de mayo de 2014 en este mismo espacio, con el t\u00edtulo: \u00a1T\u00fa tambi\u00e9n, Brutus!, en la que hac\u00edamos una analog\u00eda de la traici\u00f3n que sufri\u00f3 el emperador romano Julio Cesar, que en su agon\u00eda los conspiradores le abrieron paso a su hijo Brutus para que [&hellip;]","og_url":"https:\/\/lospoliticosveracruz.com\/?p=15248","og_site_name":"Los pol\u00edticos Veracruz","article_publisher":"https:\/\/www.facebook.com\/people\/Notimemes-de-los-Polticos\/61565672886568\/","article_published_time":"2015-03-11T05:35:42+00:00","og_image":[{"width":200,"height":200,"url":"https:\/\/lospoliticosveracruz.com\/wp-content\/uploads\/2016\/07\/Logo-Dor.jpg","type":"image\/jpeg"}],"author":"Lo viste en Los Pol\u00edticos","twitter_card":"summary_large_image","twitter_creator":"@LosPoliticosVer","twitter_site":"@LosPoliticosVer","twitter_misc":{"Escrito por":"Lo viste en Los Pol\u00edticos","Tiempo de lectura":"4 minutos"},"schema":{"@context":"https:\/\/schema.org","@graph":[{"@type":"Article","@id":"https:\/\/lospoliticosveracruz.com\/?p=15248#article","isPartOf":{"@id":"https:\/\/lospoliticosveracruz.com\/?p=15248"},"author":{"name":"Lo viste en Los Pol\u00edticos","@id":"https:\/\/lospoliticosveracruz.com\/#\/schema\/person\/b8702bb0e538456e6efd07080bf2a4a2"},"headline":"Simplemente sac\u00f3 la casta","datePublished":"2015-03-11T05:35:42+00:00","mainEntityOfPage":{"@id":"https:\/\/lospoliticosveracruz.com\/?p=15248"},"wordCount":721,"commentCount":0,"publisher":{"@id":"https:\/\/lospoliticosveracruz.com\/#organization"},"keywords":["Javier Duarte de Ochoa","Jos\u00e9 Francisco Yunes Zorrilla","Miguel Angel Yunes Linares"],"articleSection":["De Opini\u00f3n"],"inLanguage":"es","potentialAction":[{"@type":"CommentAction","name":"Comment","target":["https:\/\/lospoliticosveracruz.com\/?p=15248#respond"]}]},{"@type":"WebPage","@id":"https:\/\/lospoliticosveracruz.com\/?p=15248","url":"https:\/\/lospoliticosveracruz.com\/?p=15248","name":"Simplemente sac\u00f3 la casta - Los pol\u00edticos Veracruz","isPartOf":{"@id":"https:\/\/lospoliticosveracruz.com\/#website"},"datePublished":"2015-03-11T05:35:42+00:00","breadcrumb":{"@id":"https:\/\/lospoliticosveracruz.com\/?p=15248#breadcrumb"},"inLanguage":"es","potentialAction":[{"@type":"ReadAction","target":["https:\/\/lospoliticosveracruz.com\/?p=15248"]}]},{"@type":"BreadcrumbList","@id":"https:\/\/lospoliticosveracruz.com\/?p=15248#breadcrumb","itemListElement":[{"@type":"ListItem","position":1,"name":"Portada","item":"https:\/\/lospoliticosveracruz.com\/"},{"@type":"ListItem","position":2,"name":"Simplemente sac\u00f3 la casta"}]},{"@type":"WebSite","@id":"https:\/\/lospoliticosveracruz.com\/#website","url":"https:\/\/lospoliticosveracruz.com\/","name":"Los pol\u00edticos Veracruz","description":"","publisher":{"@id":"https:\/\/lospoliticosveracruz.com\/#organization"},"potentialAction":[{"@type":"SearchAction","target":{"@type":"EntryPoint","urlTemplate":"https:\/\/lospoliticosveracruz.com\/?s={search_term_string}"},"query-input":{"@type":"PropertyValueSpecification","valueRequired":true,"valueName":"search_term_string"}}],"inLanguage":"es"},{"@type":"Organization","@id":"https:\/\/lospoliticosveracruz.com\/#organization","name":"Los pol\u00edticos Veracruz","url":"https:\/\/lospoliticosveracruz.com\/","logo":{"@type":"ImageObject","inLanguage":"es","@id":"https:\/\/lospoliticosveracruz.com\/#\/schema\/logo\/image\/","url":"https:\/\/lospoliticosveracruz.com\/wp-content\/uploads\/2025\/12\/Logo-Nuevo-LOS-POLITICOS-1.jpg","contentUrl":"https:\/\/lospoliticosveracruz.com\/wp-content\/uploads\/2025\/12\/Logo-Nuevo-LOS-POLITICOS-1.jpg","width":260,"height":70,"caption":"Los pol\u00edticos Veracruz"},"image":{"@id":"https:\/\/lospoliticosveracruz.com\/#\/schema\/logo\/image\/"},"sameAs":["https:\/\/www.facebook.com\/people\/Notimemes-de-los-Polticos\/61565672886568\/","https:\/\/x.com\/LosPoliticosVer"]},{"@type":"Person","@id":"https:\/\/lospoliticosveracruz.com\/#\/schema\/person\/b8702bb0e538456e6efd07080bf2a4a2","name":"Lo viste en Los Pol\u00edticos","image":{"@type":"ImageObject","inLanguage":"es","@id":"https:\/\/secure.gravatar.com\/avatar\/3a8de04a2656d44082be478bd6c086daa447c4651605818287b9532d3d0bd435?s=96&d=mm&r=g","url":"https:\/\/secure.gravatar.com\/avatar\/3a8de04a2656d44082be478bd6c086daa447c4651605818287b9532d3d0bd435?s=96&d=mm&r=g","contentUrl":"https:\/\/secure.gravatar.com\/avatar\/3a8de04a2656d44082be478bd6c086daa447c4651605818287b9532d3d0bd435?s=96&d=mm&r=g","caption":"Lo viste en Los Pol\u00edticos"},"url":"https:\/\/lospoliticosveracruz.com\/?author=2"}]}},"_links":{"self":[{"href":"https:\/\/lospoliticosveracruz.com\/index.php?rest_route=\/wp\/v2\/posts\/15248","targetHints":{"allow":["GET"]}}],"collection":[{"href":"https:\/\/lospoliticosveracruz.com\/index.php?rest_route=\/wp\/v2\/posts"}],"about":[{"href":"https:\/\/lospoliticosveracruz.com\/index.php?rest_route=\/wp\/v2\/types\/post"}],"author":[{"embeddable":true,"href":"https:\/\/lospoliticosveracruz.com\/index.php?rest_route=\/wp\/v2\/users\/2"}],"replies":[{"embeddable":true,"href":"https:\/\/lospoliticosveracruz.com\/index.php?rest_route=%2Fwp%2Fv2%2Fcomments&post=15248"}],"version-history":[{"count":1,"href":"https:\/\/lospoliticosveracruz.com\/index.php?rest_route=\/wp\/v2\/posts\/15248\/revisions"}],"predecessor-version":[{"id":15249,"href":"https:\/\/lospoliticosveracruz.com\/index.php?rest_route=\/wp\/v2\/posts\/15248\/revisions\/15249"}],"wp:attachment":[{"href":"https:\/\/lospoliticosveracruz.com\/index.php?rest_route=%2Fwp%2Fv2%2Fmedia&parent=15248"}],"wp:term":[{"taxonomy":"category","embeddable":true,"href":"https:\/\/lospoliticosveracruz.com\/index.php?rest_route=%2Fwp%2Fv2%2Fcategories&post=15248"},{"taxonomy":"post_tag","embeddable":true,"href":"https:\/\/lospoliticosveracruz.com\/index.php?rest_route=%2Fwp%2Fv2%2Ftags&post=15248"}],"curies":[{"name":"wp","href":"https:\/\/api.w.org\/{rel}","templated":true}]}}