{"id":152482,"date":"2025-09-12T09:51:20","date_gmt":"2025-09-12T14:51:20","guid":{"rendered":"https:\/\/lospoliticosveracruz.com.mx\/?p=152482"},"modified":"2025-09-12T09:51:28","modified_gmt":"2025-09-12T14:51:28","slug":"no-a-intereses-ajenos-a-la-universidad","status":"publish","type":"post","link":"https:\/\/lospoliticosveracruz.com\/?p=152482","title":{"rendered":"\u201c\u00a1NO A INTERESES AJENOS A LA UNIVERSIDAD!\u201d"},"content":{"rendered":"\n\n\n<p><strong>Miguel Valera<br><\/strong><em>Contrase\u00f1as<br><\/em>La realidad siempre tiene diversos lados. Es como un caleidoscopio, ese instrumento cil\u00edndrico que genera im\u00e1genes sim\u00e9tricas y cambiantes con el reflejo de la luz. El jueves 11, mientras en Lomas del Estadio, sede de las oficinas centrales de la Universidad Veracruzana, el rector Mart\u00edn Aguilar S\u00e1nchez recib\u00eda el respaldo a su mandato de sindicatos, acad\u00e9micos y estudiantes, en el marco del 81 aniversario, en la avenida Murillo Vidal, sede de la Junta de Gobierno y en la Plaza Lerdo despu\u00e9s, tres ex rectores y sus seguidores se manifestaban en contra.<\/p>\n\n\n<div class=\"wp-block-image\">\n<figure class=\"alignleft size-thumbnail\"><a href=\"https:\/\/lospoliticosveracruz.com.mx\/wp-content\/uploads\/2025\/09\/IMG_7634.png\"><img loading=\"lazy\" decoding=\"async\" width=\"150\" height=\"150\" src=\"https:\/\/lospoliticosveracruz.com.mx\/wp-content\/uploads\/2025\/09\/IMG_7634-150x150.png\" alt=\"\" class=\"wp-image-152375\" srcset=\"https:\/\/lospoliticosveracruz.com\/wp-content\/uploads\/2025\/09\/IMG_7634-150x150.png 150w, https:\/\/lospoliticosveracruz.com\/wp-content\/uploads\/2025\/09\/IMG_7634-125x125.png 125w, https:\/\/lospoliticosveracruz.com\/wp-content\/uploads\/2025\/09\/IMG_7634.png 300w\" sizes=\"auto, (max-width: 150px) 100vw, 150px\" \/><\/a><\/figure>\n<\/div>\n\n\n<p>\u201c\u00a1Apoyamos la institucionalidad!\u201d, \u201c\u00a1Respeto a la autonom\u00eda universitaria!\u201d, \u201cUniversidad Veracruzana por la paz y unidad\u201d, \u201c\u00a1No a los intereses ajenos a la Universidad!\u201d, fueron algunas de los mensajes que se le\u00edan en las lonas que estudiantes y acad\u00e9micos portaron en manos frente al estrado preparado junto al Edificio central de Rector\u00eda, para el acto conmemorativo que sirvi\u00f3 de marco para respaldar al rector Mart\u00edn Aguilar S\u00e1nchez.<\/p>\n\n\n\n<p>Los aplausos, me dec\u00eda un viejo maestro del periodismo, siempre suelen ser en contra de alguien y los que ah\u00ed recibi\u00f3 el actual rector, fueron naturalmente para quienes, en palabras del propio Aguilar S\u00e1nchez \u201cya cumplieron su ciclo en la Universidad\u201d. Se refer\u00eda, naturalmente a los doctores V\u00edctor Arredondo \u00c1lvarez, Ra\u00fal Arias Lovillo y la doctora Sara Ladr\u00f3n de Guevara, todos con su trayectoria a cuestas, con sus luces y sus sombras, como cualquier ser humano, los tres aliados ahora en un frente com\u00fan contra el actual mandato universitario.<\/p>\n\n\n\n<p>\u201cLos tres tuvieron sus dos periodos de trabajo cada uno, y su tiempo para hacer lo que creyeron conveniente para esta Universidad ya pas\u00f3. Ahora sus intereses son otros. Su intenci\u00f3n de intervenir en las decisiones de los \u00f3rganos legalmente constituidos no solo es una acci\u00f3n ileg\u00edtima para un acad\u00e9mico, sino que adem\u00e1s es incongruente y \u00e9ticamente reprochable\u201d, expres\u00f3 ah\u00ed ante l\u00edderes sindicales de AFECUV, SETSUV, FESAPAVU y representantes de alumnos y maestros.<\/p>\n\n\n\n<p>Haciendo referencia a la universalidad que debe caracterizar a las \u201cuniversidades\u201d, el rector Mart\u00edn Aguilar S\u00e1nchez dijo puntual, claro y firme que \u201cesta universidad goza de todas las libertades a que una instituci\u00f3n de educaci\u00f3n superior puede aspirar\u201d. \u201cEs decir, a\u00f1adi\u00f3, somos una universidad plural y diversa culturalmente hablando y de pensamiento, en donde se respetan los derechos a la diversidad sexual, la construcci\u00f3n de espacios libres de violencia de g\u00e9nero, la inclusi\u00f3n de personas con discapacidad, que ha realizado acciones afirmativas para los pueblos originarios y comunidades afrodescendientes, de no discriminaci\u00f3n de ning\u00fan tipo\u201d.<\/p>\n\n\n\n<p>Tom\u00f3 aire, para refrendar: \u201cEs decir, la Universidad es un espacio libre para el intercambio de puntos de vista, en donde existe la libertad de expresi\u00f3n y la libre manifestaci\u00f3n de las ideas. En ese marco, todas las acciones realizadas en mi primer periodo rectoral gozan de total transparencia y as\u00ed seguir\u00e1 haci\u00e9ndose\u201d.<\/p>\n\n\n\n<p>Sin embargo, llam\u00f3 a las cosas por su nombre y al referirse al movimiento que se inici\u00f3 en su contra, dijo: \u201cNo puedo dejar de mencionar a los tres exrectores, que han estado interviniendo recientemente, porque sus acciones de desprestigio hacia la instituci\u00f3n ya rebasan la libertad de expresi\u00f3n, porque no est\u00e1n respetando a las autoridades legales y leg\u00edtimas de nuestra instituci\u00f3n, porque est\u00e1n queriendo desestabilizar a la Universidad y no tienen otro fin que mermar la autonom\u00eda que la Constituci\u00f3n nos otorga\u201d.<\/p>\n\n\n\n<p>El rector Mart\u00edn Aguilar S\u00e1nchez no s\u00f3lo se defendi\u00f3 con sus palabras. No, recibi\u00f3 el respaldo de la comunidad universitaria ah\u00ed presente y de los l\u00edderes de FESAPAUV, Enrique Levet Gorozpe; de AFECUV, Martha Herrera Hern\u00e1ndez y de SETSUV, Juan Mendoza Guti\u00e9rrez. Ante los estudiantado, investigadoras e investigadores, funcionariado y docentes provenientes de las cinco regiones, brindaron su respaldo a la administraci\u00f3n del actual rector.<\/p>\n\n\n\n<p>\u201cEl se\u00f1or rector Mart\u00edn Aguilar S\u00e1nchez es parte de la institucionalizaci\u00f3n que debemos defender todos los universitarios\u201d, dijo Enrique Levet Gorozpe, generando un sonado aplauso. Al referirse a los opositores a su mandato, a\u00f1adi\u00f3: \u201cNo nos inquieta nada porque entendemos de las libertades que debe tener la Universidad Veracruzana. Es una universidad de una enorme pluralidad ideol\u00f3gica, donde se valen todas las expresiones y todos los comentarios que se puedan hacer, siempre y cuando sean de respeto y en bien de nuestra instituci\u00f3n. No aceptamos de ninguna manera que se denoste (sic) a la Universidad, diciendo que se est\u00e1 cayendo el nivel acad\u00e9mico. Esa es una gran mentira, porque el nivel acad\u00e9mico lo construimos desde las aulas, desde los laboratorios, desde los talleres, los acad\u00e9micos de la universidad. Por eso no vamos a permitir que se nos falte al respeto\u201d.<\/p>\n\n\n\n<p>De la misma manera se pronunci\u00f3 Martha Herrera Hern\u00e1ndez, secretaria de la AFECUV. \u201cMientras nos mantengamos unidos en su defensa, tendremos logros destacables\u2026 Les invito y exhorto a la reflexi\u00f3n, a informarse, a participar, a procurar sus espacios, ser leales y cada d\u00eda dar resultados como alumnos, maestros, investigadores y compa\u00f1eros, para volver a nuestra casa de estudios m\u00e1s grande de lo que ya es\u201d, indic\u00f3.<\/p>\n\n\n\n<p>Por su parte, Juan Mendoza Guti\u00e9rrez, del SETSUV, dijo que la UV es una instituci\u00f3n noble, la cual permite avanzar y ser gente de bien, y ante ello se debe evitar llevar a cabo acciones que la da\u00f1en. \u201cNo nos dejemos influenciar, \u00a1Viva la unidad dentro de la UV!\u201d, grit\u00f3.<\/p>\n\n\n\n<p>En entrevista, el rector Mart\u00edn Aguilar S\u00e1nchez dijo que el pr\u00f3ximo 18 de septiembre iniciar\u00e1n en Xalapa los \u201cDi\u00e1logos para una transformaci\u00f3n integral hacia la excelencia\u201d.<\/p>\n\n\n\n<p>\u201cSon di\u00e1logos que pretenden enriquecer el programa de trabajo y abrir todos los espacios de conversaci\u00f3n para los universitarios que quieran aportar. Tenemos los temas de posgrado, investigaci\u00f3n, docencia. Los que quieran aportar estamos abiertos para ellos\u201d, indic\u00f3.<\/p>\n\n\n\n<p>Esta convocatoria, para elaborar el Programa de trabajo 2025-2029 continuar\u00e1 el 25 de septiembre en la regi\u00f3n Coatzacoalcos-Minatitl\u00e1n; el 2 de octubre en la regi\u00f3n C\u00f3rdoba-Orizaba; el 9 de octubre en la zona Poza Rica-Tuxpan y el 13 y 14 en el puerto de Veracruz.<\/p>\n\n\n\n<p>@MValeraH<\/p>\n","protected":false},"excerpt":{"rendered":"<p>Miguel ValeraContrase\u00f1asLa realidad siempre tiene diversos lados. Es como un caleidoscopio, ese instrumento cil\u00edndrico que genera im\u00e1genes sim\u00e9tricas y cambiantes con el reflejo de la luz. El jueves 11, mientras en Lomas del Estadio, sede de las oficinas centrales de la Universidad Veracruzana, el rector Mart\u00edn Aguilar S\u00e1nchez recib\u00eda el respaldo a su mandato de [&hellip;]<\/p>\n","protected":false},"author":2,"featured_media":141429,"comment_status":"closed","ping_status":"closed","sticky":false,"template":"","format":"standard","meta":{"tdm_status":"","tdm_grid_status":"","footnotes":""},"categories":[70],"tags":[],"class_list":{"0":"post-152482","1":"post","2":"type-post","3":"status-publish","4":"format-standard","5":"has-post-thumbnail","7":"category-de-opinion"},"yoast_head":"<!-- This site is optimized with the Yoast SEO plugin v27.4 - https:\/\/yoast.com\/product\/yoast-seo-wordpress\/ -->\n<title>\u201c\u00a1NO A INTERESES AJENOS A LA UNIVERSIDAD!\u201d - Los pol\u00edticos Veracruz<\/title>\n<meta name=\"robots\" content=\"index, follow, max-snippet:-1, max-image-preview:large, max-video-preview:-1\" \/>\n<link rel=\"canonical\" href=\"https:\/\/lospoliticosveracruz.com\/?p=152482\" \/>\n<meta property=\"og:locale\" content=\"es_ES\" \/>\n<meta property=\"og:type\" content=\"article\" \/>\n<meta property=\"og:title\" content=\"\u201c\u00a1NO A INTERESES AJENOS A LA UNIVERSIDAD!\u201d - Los pol\u00edticos Veracruz\" \/>\n<meta property=\"og:description\" content=\"Miguel ValeraContrase\u00f1asLa realidad siempre tiene diversos lados. Es como un caleidoscopio, ese instrumento cil\u00edndrico que genera im\u00e1genes sim\u00e9tricas y cambiantes con el reflejo de la luz. El jueves 11, mientras en Lomas del Estadio, sede de las oficinas centrales de la Universidad Veracruzana, el rector Mart\u00edn Aguilar S\u00e1nchez recib\u00eda el respaldo a su mandato de [&hellip;]\" \/>\n<meta property=\"og:url\" content=\"https:\/\/lospoliticosveracruz.com\/?p=152482\" \/>\n<meta property=\"og:site_name\" content=\"Los pol\u00edticos Veracruz\" \/>\n<meta property=\"article:publisher\" content=\"https:\/\/www.facebook.com\/people\/Notimemes-de-los-Polticos\/61565672886568\/\" \/>\n<meta property=\"article:published_time\" content=\"2025-09-12T14:51:20+00:00\" \/>\n<meta property=\"article:modified_time\" content=\"2025-09-12T14:51:28+00:00\" \/>\n<meta property=\"og:image\" content=\"https:\/\/lospoliticosveracruz.com\/wp-content\/uploads\/2025\/04\/Miguel-Valera.jpg\" \/>\n\t<meta property=\"og:image:width\" content=\"1250\" \/>\n\t<meta property=\"og:image:height\" content=\"667\" \/>\n\t<meta property=\"og:image:type\" content=\"image\/jpeg\" \/>\n<meta name=\"author\" content=\"Lo viste en Los Pol\u00edticos\" \/>\n<meta name=\"twitter:card\" content=\"summary_large_image\" \/>\n<meta name=\"twitter:creator\" content=\"@LosPoliticosVer\" \/>\n<meta name=\"twitter:site\" content=\"@LosPoliticosVer\" \/>\n<meta name=\"twitter:label1\" content=\"Escrito por\" \/>\n\t<meta name=\"twitter:data1\" content=\"Lo viste en Los Pol\u00edticos\" \/>\n\t<meta name=\"twitter:label2\" content=\"Tiempo de lectura\" \/>\n\t<meta name=\"twitter:data2\" content=\"5 minutos\" \/>\n<script type=\"application\/ld+json\" class=\"yoast-schema-graph\">{\"@context\":\"https:\\\/\\\/schema.org\",\"@graph\":[{\"@type\":\"Article\",\"@id\":\"https:\\\/\\\/lospoliticosveracruz.com\\\/?p=152482#article\",\"isPartOf\":{\"@id\":\"https:\\\/\\\/lospoliticosveracruz.com\\\/?p=152482\"},\"author\":{\"name\":\"Lo viste en Los Pol\u00edticos\",\"@id\":\"https:\\\/\\\/lospoliticosveracruz.com\\\/#\\\/schema\\\/person\\\/b8702bb0e538456e6efd07080bf2a4a2\"},\"headline\":\"\u201c\u00a1NO A INTERESES AJENOS A LA UNIVERSIDAD!\u201d\",\"datePublished\":\"2025-09-12T14:51:20+00:00\",\"dateModified\":\"2025-09-12T14:51:28+00:00\",\"mainEntityOfPage\":{\"@id\":\"https:\\\/\\\/lospoliticosveracruz.com\\\/?p=152482\"},\"wordCount\":1070,\"publisher\":{\"@id\":\"https:\\\/\\\/lospoliticosveracruz.com\\\/#organization\"},\"image\":{\"@id\":\"https:\\\/\\\/lospoliticosveracruz.com\\\/?p=152482#primaryimage\"},\"thumbnailUrl\":\"https:\\\/\\\/lospoliticosveracruz.com\\\/wp-content\\\/uploads\\\/2025\\\/04\\\/Miguel-Valera.jpg\",\"articleSection\":[\"De Opini\u00f3n\"],\"inLanguage\":\"es\"},{\"@type\":\"WebPage\",\"@id\":\"https:\\\/\\\/lospoliticosveracruz.com\\\/?p=152482\",\"url\":\"https:\\\/\\\/lospoliticosveracruz.com\\\/?p=152482\",\"name\":\"\u201c\u00a1NO A INTERESES AJENOS A LA UNIVERSIDAD!\u201d - Los pol\u00edticos Veracruz\",\"isPartOf\":{\"@id\":\"https:\\\/\\\/lospoliticosveracruz.com\\\/#website\"},\"primaryImageOfPage\":{\"@id\":\"https:\\\/\\\/lospoliticosveracruz.com\\\/?p=152482#primaryimage\"},\"image\":{\"@id\":\"https:\\\/\\\/lospoliticosveracruz.com\\\/?p=152482#primaryimage\"},\"thumbnailUrl\":\"https:\\\/\\\/lospoliticosveracruz.com\\\/wp-content\\\/uploads\\\/2025\\\/04\\\/Miguel-Valera.jpg\",\"datePublished\":\"2025-09-12T14:51:20+00:00\",\"dateModified\":\"2025-09-12T14:51:28+00:00\",\"breadcrumb\":{\"@id\":\"https:\\\/\\\/lospoliticosveracruz.com\\\/?p=152482#breadcrumb\"},\"inLanguage\":\"es\",\"potentialAction\":[{\"@type\":\"ReadAction\",\"target\":[\"https:\\\/\\\/lospoliticosveracruz.com\\\/?p=152482\"]}]},{\"@type\":\"ImageObject\",\"inLanguage\":\"es\",\"@id\":\"https:\\\/\\\/lospoliticosveracruz.com\\\/?p=152482#primaryimage\",\"url\":\"https:\\\/\\\/lospoliticosveracruz.com\\\/wp-content\\\/uploads\\\/2025\\\/04\\\/Miguel-Valera.jpg\",\"contentUrl\":\"https:\\\/\\\/lospoliticosveracruz.com\\\/wp-content\\\/uploads\\\/2025\\\/04\\\/Miguel-Valera.jpg\",\"width\":1250,\"height\":667},{\"@type\":\"BreadcrumbList\",\"@id\":\"https:\\\/\\\/lospoliticosveracruz.com\\\/?p=152482#breadcrumb\",\"itemListElement\":[{\"@type\":\"ListItem\",\"position\":1,\"name\":\"Portada\",\"item\":\"https:\\\/\\\/lospoliticosveracruz.com\\\/\"},{\"@type\":\"ListItem\",\"position\":2,\"name\":\"\u201c\u00a1NO A INTERESES AJENOS A LA UNIVERSIDAD!\u201d\"}]},{\"@type\":\"WebSite\",\"@id\":\"https:\\\/\\\/lospoliticosveracruz.com\\\/#website\",\"url\":\"https:\\\/\\\/lospoliticosveracruz.com\\\/\",\"name\":\"Los pol\u00edticos Veracruz\",\"description\":\"\",\"publisher\":{\"@id\":\"https:\\\/\\\/lospoliticosveracruz.com\\\/#organization\"},\"potentialAction\":[{\"@type\":\"SearchAction\",\"target\":{\"@type\":\"EntryPoint\",\"urlTemplate\":\"https:\\\/\\\/lospoliticosveracruz.com\\\/?s={search_term_string}\"},\"query-input\":{\"@type\":\"PropertyValueSpecification\",\"valueRequired\":true,\"valueName\":\"search_term_string\"}}],\"inLanguage\":\"es\"},{\"@type\":\"Organization\",\"@id\":\"https:\\\/\\\/lospoliticosveracruz.com\\\/#organization\",\"name\":\"Los pol\u00edticos Veracruz\",\"url\":\"https:\\\/\\\/lospoliticosveracruz.com\\\/\",\"logo\":{\"@type\":\"ImageObject\",\"inLanguage\":\"es\",\"@id\":\"https:\\\/\\\/lospoliticosveracruz.com\\\/#\\\/schema\\\/logo\\\/image\\\/\",\"url\":\"https:\\\/\\\/lospoliticosveracruz.com\\\/wp-content\\\/uploads\\\/2025\\\/12\\\/Logo-Nuevo-LOS-POLITICOS-1.jpg\",\"contentUrl\":\"https:\\\/\\\/lospoliticosveracruz.com\\\/wp-content\\\/uploads\\\/2025\\\/12\\\/Logo-Nuevo-LOS-POLITICOS-1.jpg\",\"width\":260,\"height\":70,\"caption\":\"Los pol\u00edticos Veracruz\"},\"image\":{\"@id\":\"https:\\\/\\\/lospoliticosveracruz.com\\\/#\\\/schema\\\/logo\\\/image\\\/\"},\"sameAs\":[\"https:\\\/\\\/www.facebook.com\\\/people\\\/Notimemes-de-los-Polticos\\\/61565672886568\\\/\",\"https:\\\/\\\/x.com\\\/LosPoliticosVer\"]},{\"@type\":\"Person\",\"@id\":\"https:\\\/\\\/lospoliticosveracruz.com\\\/#\\\/schema\\\/person\\\/b8702bb0e538456e6efd07080bf2a4a2\",\"name\":\"Lo viste en Los Pol\u00edticos\",\"image\":{\"@type\":\"ImageObject\",\"inLanguage\":\"es\",\"@id\":\"https:\\\/\\\/secure.gravatar.com\\\/avatar\\\/3a8de04a2656d44082be478bd6c086daa447c4651605818287b9532d3d0bd435?s=96&d=mm&r=g\",\"url\":\"https:\\\/\\\/secure.gravatar.com\\\/avatar\\\/3a8de04a2656d44082be478bd6c086daa447c4651605818287b9532d3d0bd435?s=96&d=mm&r=g\",\"contentUrl\":\"https:\\\/\\\/secure.gravatar.com\\\/avatar\\\/3a8de04a2656d44082be478bd6c086daa447c4651605818287b9532d3d0bd435?s=96&d=mm&r=g\",\"caption\":\"Lo viste en Los Pol\u00edticos\"},\"url\":\"https:\\\/\\\/lospoliticosveracruz.com\\\/?author=2\"}]}<\/script>\n<!-- \/ Yoast SEO plugin. -->","yoast_head_json":{"title":"\u201c\u00a1NO A INTERESES AJENOS A LA UNIVERSIDAD!\u201d - Los pol\u00edticos Veracruz","robots":{"index":"index","follow":"follow","max-snippet":"max-snippet:-1","max-image-preview":"max-image-preview:large","max-video-preview":"max-video-preview:-1"},"canonical":"https:\/\/lospoliticosveracruz.com\/?p=152482","og_locale":"es_ES","og_type":"article","og_title":"\u201c\u00a1NO A INTERESES AJENOS A LA UNIVERSIDAD!\u201d - Los pol\u00edticos Veracruz","og_description":"Miguel ValeraContrase\u00f1asLa realidad siempre tiene diversos lados. Es como un caleidoscopio, ese instrumento cil\u00edndrico que genera im\u00e1genes sim\u00e9tricas y cambiantes con el reflejo de la luz. El jueves 11, mientras en Lomas del Estadio, sede de las oficinas centrales de la Universidad Veracruzana, el rector Mart\u00edn Aguilar S\u00e1nchez recib\u00eda el respaldo a su mandato de [&hellip;]","og_url":"https:\/\/lospoliticosveracruz.com\/?p=152482","og_site_name":"Los pol\u00edticos Veracruz","article_publisher":"https:\/\/www.facebook.com\/people\/Notimemes-de-los-Polticos\/61565672886568\/","article_published_time":"2025-09-12T14:51:20+00:00","article_modified_time":"2025-09-12T14:51:28+00:00","og_image":[{"width":1250,"height":667,"url":"https:\/\/lospoliticosveracruz.com\/wp-content\/uploads\/2025\/04\/Miguel-Valera.jpg","type":"image\/jpeg"}],"author":"Lo viste en Los Pol\u00edticos","twitter_card":"summary_large_image","twitter_creator":"@LosPoliticosVer","twitter_site":"@LosPoliticosVer","twitter_misc":{"Escrito por":"Lo viste en Los Pol\u00edticos","Tiempo de lectura":"5 minutos"},"schema":{"@context":"https:\/\/schema.org","@graph":[{"@type":"Article","@id":"https:\/\/lospoliticosveracruz.com\/?p=152482#article","isPartOf":{"@id":"https:\/\/lospoliticosveracruz.com\/?p=152482"},"author":{"name":"Lo viste en Los Pol\u00edticos","@id":"https:\/\/lospoliticosveracruz.com\/#\/schema\/person\/b8702bb0e538456e6efd07080bf2a4a2"},"headline":"\u201c\u00a1NO A INTERESES AJENOS A LA UNIVERSIDAD!\u201d","datePublished":"2025-09-12T14:51:20+00:00","dateModified":"2025-09-12T14:51:28+00:00","mainEntityOfPage":{"@id":"https:\/\/lospoliticosveracruz.com\/?p=152482"},"wordCount":1070,"publisher":{"@id":"https:\/\/lospoliticosveracruz.com\/#organization"},"image":{"@id":"https:\/\/lospoliticosveracruz.com\/?p=152482#primaryimage"},"thumbnailUrl":"https:\/\/lospoliticosveracruz.com\/wp-content\/uploads\/2025\/04\/Miguel-Valera.jpg","articleSection":["De Opini\u00f3n"],"inLanguage":"es"},{"@type":"WebPage","@id":"https:\/\/lospoliticosveracruz.com\/?p=152482","url":"https:\/\/lospoliticosveracruz.com\/?p=152482","name":"\u201c\u00a1NO A INTERESES AJENOS A LA UNIVERSIDAD!\u201d - Los pol\u00edticos Veracruz","isPartOf":{"@id":"https:\/\/lospoliticosveracruz.com\/#website"},"primaryImageOfPage":{"@id":"https:\/\/lospoliticosveracruz.com\/?p=152482#primaryimage"},"image":{"@id":"https:\/\/lospoliticosveracruz.com\/?p=152482#primaryimage"},"thumbnailUrl":"https:\/\/lospoliticosveracruz.com\/wp-content\/uploads\/2025\/04\/Miguel-Valera.jpg","datePublished":"2025-09-12T14:51:20+00:00","dateModified":"2025-09-12T14:51:28+00:00","breadcrumb":{"@id":"https:\/\/lospoliticosveracruz.com\/?p=152482#breadcrumb"},"inLanguage":"es","potentialAction":[{"@type":"ReadAction","target":["https:\/\/lospoliticosveracruz.com\/?p=152482"]}]},{"@type":"ImageObject","inLanguage":"es","@id":"https:\/\/lospoliticosveracruz.com\/?p=152482#primaryimage","url":"https:\/\/lospoliticosveracruz.com\/wp-content\/uploads\/2025\/04\/Miguel-Valera.jpg","contentUrl":"https:\/\/lospoliticosveracruz.com\/wp-content\/uploads\/2025\/04\/Miguel-Valera.jpg","width":1250,"height":667},{"@type":"BreadcrumbList","@id":"https:\/\/lospoliticosveracruz.com\/?p=152482#breadcrumb","itemListElement":[{"@type":"ListItem","position":1,"name":"Portada","item":"https:\/\/lospoliticosveracruz.com\/"},{"@type":"ListItem","position":2,"name":"\u201c\u00a1NO A INTERESES AJENOS A LA UNIVERSIDAD!\u201d"}]},{"@type":"WebSite","@id":"https:\/\/lospoliticosveracruz.com\/#website","url":"https:\/\/lospoliticosveracruz.com\/","name":"Los pol\u00edticos Veracruz","description":"","publisher":{"@id":"https:\/\/lospoliticosveracruz.com\/#organization"},"potentialAction":[{"@type":"SearchAction","target":{"@type":"EntryPoint","urlTemplate":"https:\/\/lospoliticosveracruz.com\/?s={search_term_string}"},"query-input":{"@type":"PropertyValueSpecification","valueRequired":true,"valueName":"search_term_string"}}],"inLanguage":"es"},{"@type":"Organization","@id":"https:\/\/lospoliticosveracruz.com\/#organization","name":"Los pol\u00edticos Veracruz","url":"https:\/\/lospoliticosveracruz.com\/","logo":{"@type":"ImageObject","inLanguage":"es","@id":"https:\/\/lospoliticosveracruz.com\/#\/schema\/logo\/image\/","url":"https:\/\/lospoliticosveracruz.com\/wp-content\/uploads\/2025\/12\/Logo-Nuevo-LOS-POLITICOS-1.jpg","contentUrl":"https:\/\/lospoliticosveracruz.com\/wp-content\/uploads\/2025\/12\/Logo-Nuevo-LOS-POLITICOS-1.jpg","width":260,"height":70,"caption":"Los pol\u00edticos Veracruz"},"image":{"@id":"https:\/\/lospoliticosveracruz.com\/#\/schema\/logo\/image\/"},"sameAs":["https:\/\/www.facebook.com\/people\/Notimemes-de-los-Polticos\/61565672886568\/","https:\/\/x.com\/LosPoliticosVer"]},{"@type":"Person","@id":"https:\/\/lospoliticosveracruz.com\/#\/schema\/person\/b8702bb0e538456e6efd07080bf2a4a2","name":"Lo viste en Los Pol\u00edticos","image":{"@type":"ImageObject","inLanguage":"es","@id":"https:\/\/secure.gravatar.com\/avatar\/3a8de04a2656d44082be478bd6c086daa447c4651605818287b9532d3d0bd435?s=96&d=mm&r=g","url":"https:\/\/secure.gravatar.com\/avatar\/3a8de04a2656d44082be478bd6c086daa447c4651605818287b9532d3d0bd435?s=96&d=mm&r=g","contentUrl":"https:\/\/secure.gravatar.com\/avatar\/3a8de04a2656d44082be478bd6c086daa447c4651605818287b9532d3d0bd435?s=96&d=mm&r=g","caption":"Lo viste en Los Pol\u00edticos"},"url":"https:\/\/lospoliticosveracruz.com\/?author=2"}]}},"_links":{"self":[{"href":"https:\/\/lospoliticosveracruz.com\/index.php?rest_route=\/wp\/v2\/posts\/152482","targetHints":{"allow":["GET"]}}],"collection":[{"href":"https:\/\/lospoliticosveracruz.com\/index.php?rest_route=\/wp\/v2\/posts"}],"about":[{"href":"https:\/\/lospoliticosveracruz.com\/index.php?rest_route=\/wp\/v2\/types\/post"}],"author":[{"embeddable":true,"href":"https:\/\/lospoliticosveracruz.com\/index.php?rest_route=\/wp\/v2\/users\/2"}],"replies":[{"embeddable":true,"href":"https:\/\/lospoliticosveracruz.com\/index.php?rest_route=%2Fwp%2Fv2%2Fcomments&post=152482"}],"version-history":[{"count":2,"href":"https:\/\/lospoliticosveracruz.com\/index.php?rest_route=\/wp\/v2\/posts\/152482\/revisions"}],"predecessor-version":[{"id":152484,"href":"https:\/\/lospoliticosveracruz.com\/index.php?rest_route=\/wp\/v2\/posts\/152482\/revisions\/152484"}],"wp:featuredmedia":[{"embeddable":true,"href":"https:\/\/lospoliticosveracruz.com\/index.php?rest_route=\/wp\/v2\/media\/141429"}],"wp:attachment":[{"href":"https:\/\/lospoliticosveracruz.com\/index.php?rest_route=%2Fwp%2Fv2%2Fmedia&parent=152482"}],"wp:term":[{"taxonomy":"category","embeddable":true,"href":"https:\/\/lospoliticosveracruz.com\/index.php?rest_route=%2Fwp%2Fv2%2Fcategories&post=152482"},{"taxonomy":"post_tag","embeddable":true,"href":"https:\/\/lospoliticosveracruz.com\/index.php?rest_route=%2Fwp%2Fv2%2Ftags&post=152482"}],"curies":[{"name":"wp","href":"https:\/\/api.w.org\/{rel}","templated":true}]}}