{"id":152485,"date":"2025-09-12T10:50:55","date_gmt":"2025-09-12T15:50:55","guid":{"rendered":"https:\/\/lospoliticosveracruz.com.mx\/?p=152485"},"modified":"2025-09-12T10:51:11","modified_gmt":"2025-09-12T15:51:11","slug":"crimen-en-el-puerto","status":"publish","type":"post","link":"https:\/\/lospoliticosveracruz.com\/?p=152485","title":{"rendered":"CRIMEN EN EL PUERTO"},"content":{"rendered":"\n\n\n<p><strong>Felipe de Jes\u00fas Fern\u00e1ndez Basilio<\/strong><br><em>Desde a Janela<br><\/em><\/p>\n\n\n\n<p>Ni las mejores series criminales han desarrollado una trama tan sofisticada como las mafias de pol\u00edticos en estos tiempos del segundo piso de la transformaci\u00f3n que no fue ni tampoco ser\u00e1.<br>Ya vimos a la barredora, las traiciones entre narcos en <strong>Sinaloa<\/strong>, las vidas lujosas que se dan los altos dignatarios del r\u00e9gimen y tambi\u00e9n las que se dan uno que otro de sus v\u00e1stagos.<br>Y cuando ya cre\u00edamos haber visto de todo, llega esta semana y nos muestra lo \u00fanico que nos faltaba ver: la <strong>Marina Armada de M\u00e9xico<\/strong> tambi\u00e9n fue infiltrada y corrompida.<\/p>\n\n\n<div class=\"wp-block-image\">\n<figure class=\"alignleft size-thumbnail\"><a href=\"https:\/\/lospoliticosveracruz.com.mx\/wp-content\/uploads\/2025\/09\/IMG_7634.png\"><img loading=\"lazy\" decoding=\"async\" width=\"150\" height=\"150\" src=\"https:\/\/lospoliticosveracruz.com.mx\/wp-content\/uploads\/2025\/09\/IMG_7634-150x150.png\" alt=\"\" class=\"wp-image-152375\" srcset=\"https:\/\/lospoliticosveracruz.com\/wp-content\/uploads\/2025\/09\/IMG_7634-150x150.png 150w, https:\/\/lospoliticosveracruz.com\/wp-content\/uploads\/2025\/09\/IMG_7634-125x125.png 125w, https:\/\/lospoliticosveracruz.com\/wp-content\/uploads\/2025\/09\/IMG_7634.png 300w\" sizes=\"auto, (max-width: 150px) 100vw, 150px\" \/><\/a><\/figure>\n<\/div>\n\n\n<p>Y es que si hab\u00eda una instituci\u00f3n en la que se confiaba, gobernara quien gobernara, esa era la <strong>Secretar\u00eda de Marina<\/strong>.<br>S\u00ed, es que se trata de una secretar\u00eda armada, relativamente peque\u00f1a (en comparaci\u00f3n con el Ej\u00e9rcito) pero compuesta por unidades de \u00e9lite con las que siempre se hab\u00eda contado para llevar a cabo los principales operativos y decomisos.<\/p>\n\n\n\n<p>Pues eso se acab\u00f3 precisamente cuando <strong>L\u00f3pez Obrador<\/strong> se convirti\u00f3 en Presidente de la Rep\u00fablica y, por lo mismo, en su Comandante Supremo.<br>As\u00ed como se fue descubriendo que lo de los abrazos y no balazos fue una patente de corso para que los criminales reinasen en la impunidad total en amplias zonas del pa\u00eds, tambi\u00e9n cobra sentido el por qu\u00e9 L\u00f3pez le entreg\u00f3 las aduanas a la <strong>SEMAR<\/strong>.<\/p>\n\n\n\n<p>Simplemente, por los negocios il\u00edcitos que desde ah\u00ed se pudieron hacer al amparo del secretario y de su jefe, el presidente.<br>Miren, digan lo que digan en el gobierno y en la <strong>FGR<\/strong>, la l\u00f3gica de lo visto es muy sencilla: el presidente puso a un secretario de todas sus confianzas, el secretario encumbr\u00f3 mete\u00f3ricamente a sus familiares y los puso a dirigir los hechos il\u00edcitos en los que, por medio del contrabando, se enriquecieron il\u00edcitamente y se robaron los recursos fiscales del pueblo de M\u00e9xico.<\/p>\n\n\n\n<p>Claro, para esto se valieron de otras divisiones de la mafia empoderada bajo el nombre de una supuesta transformaci\u00f3n, y ocuparon los servicios de la secretaria de Energ\u00eda (hoy gobernadora de <strong>Veracruz<\/strong>) que es muy experta en eso de los negocios chuecos y tambi\u00e9n se valieron de toda la red de contactos de los hijos del expresidente, las cuales son mal\u00edsimas para producir algo pero que tienen un talento sin igual para la delincuencia de cuello no tan albo.<\/p>\n\n\n\n<p>Volviendo a centrarnos en el esc\u00e1ndalo de la naval, resulta, por decir lo menos, inveros\u00edmil que el almirante secretario no supiera que sus sobrinos hac\u00edan y a\u00fan m\u00e1s que los haya denunciado antes de irse como dice el fiscal general de la rep\u00fablica que lo hizo.<br>Tan sencillo es que si lo hubiera hecho, las indagatorias hubieran salido a la luz p\u00fablica desde el sexenio anterior y no ahora, cuando adem\u00e1s la presi\u00f3n estadounidense cambi\u00f3 todo y oblig\u00f3 al gobierno mexicano a develar esta situaci\u00f3n; misma que la administraci\u00f3n, es un decir, de <strong>Sheinbaum<\/strong> trata de limitar a los puros sobrinos, cuando todo el mundo sabe que no es as\u00ed.<\/p>\n\n\n\n<p>Y como saben que no pueden tapar el sol con un dedo, viene lo m\u00e1s escabroso del asunto: el suicidio de un mando naval y la muerte \u201caccidental\u201d en una pr\u00e1ctica de tiro de otro, adem\u00e1s de los asesinatos de fiscales que s\u00ed estaban investigando algo.<br>As\u00ed es, el gobierno mexicano de la transformaci\u00f3n que no fue ni tampoco ser\u00e1 es otro c\u00e1rtel, un c\u00e1rtel conformado por pol\u00edticos, sus familiares y sus amigos que se han dedicado al robo en una escala de la que a\u00fan no dimensionamos toda su magnitud.<\/p>\n\n\n\n<p>Porque las aduanas de la marina est\u00e1n relacionadas con <strong>Pemex<\/strong> y Pemex con los dep\u00f3sitos encontrados en el <strong>Veracruz<\/strong> de <strong>Nahle<\/strong>, <strong>Tamaulipas<\/strong> de <strong>Villarreal<\/strong> y en el <strong>Tabasco<\/strong> de la barredora de <strong>Ad\u00e1n Augusto L\u00f3pez<\/strong>.<br>Por lo mismo, repito que estamos viviendo bajo el c\u00e1rtel pol\u00edtico m\u00e1s grande que se ha visto en ese pa\u00eds y con la cooptaci\u00f3n del <strong>Poder Judicial<\/strong>, lo va a ser a\u00fan m\u00e1s.<\/p>\n\n\n\n<p>En esto s\u00ed, y para desgracia de M\u00e9xico, <strong>L\u00f3pez<\/strong> result\u00f3 ser un disc\u00edpulo muy aventajado de los <strong>Castro<\/strong> y de los <strong>Ch\u00e1vez-Maduro<\/strong>.<\/p>\n\n\n\n<p><a>felfebas@gmail.com<\/a><br>Twitter: <strong>@FelipeFBasilio<\/strong><\/p>\n","protected":false},"excerpt":{"rendered":"<p>Felipe de Jes\u00fas Fern\u00e1ndez BasilioDesde a Janela Ni las mejores series criminales han desarrollado una trama tan sofisticada como las mafias de pol\u00edticos en estos tiempos del segundo piso de la transformaci\u00f3n que no fue ni tampoco ser\u00e1.Ya vimos a la barredora, las traiciones entre narcos en Sinaloa, las vidas lujosas que se dan los [&hellip;]<\/p>\n","protected":false},"author":2,"featured_media":141384,"comment_status":"closed","ping_status":"closed","sticky":false,"template":"","format":"standard","meta":{"tdm_status":"","tdm_grid_status":"","footnotes":""},"categories":[70],"tags":[],"class_list":{"0":"post-152485","1":"post","2":"type-post","3":"status-publish","4":"format-standard","5":"has-post-thumbnail","7":"category-de-opinion"},"yoast_head":"<!-- This site is optimized with the Yoast SEO plugin v27.4 - https:\/\/yoast.com\/product\/yoast-seo-wordpress\/ -->\n<title>CRIMEN EN EL PUERTO - Los pol\u00edticos Veracruz<\/title>\n<meta name=\"robots\" content=\"index, follow, max-snippet:-1, max-image-preview:large, max-video-preview:-1\" \/>\n<link rel=\"canonical\" href=\"https:\/\/lospoliticosveracruz.com\/?p=152485\" \/>\n<meta property=\"og:locale\" content=\"es_ES\" \/>\n<meta property=\"og:type\" content=\"article\" \/>\n<meta property=\"og:title\" content=\"CRIMEN EN EL PUERTO - Los pol\u00edticos Veracruz\" \/>\n<meta property=\"og:description\" content=\"Felipe de Jes\u00fas Fern\u00e1ndez BasilioDesde a Janela Ni las mejores series criminales han desarrollado una trama tan sofisticada como las mafias de pol\u00edticos en estos tiempos del segundo piso de la transformaci\u00f3n que no fue ni tampoco ser\u00e1.Ya vimos a la barredora, las traiciones entre narcos en Sinaloa, las vidas lujosas que se dan los [&hellip;]\" \/>\n<meta property=\"og:url\" content=\"https:\/\/lospoliticosveracruz.com\/?p=152485\" \/>\n<meta property=\"og:site_name\" content=\"Los pol\u00edticos Veracruz\" \/>\n<meta property=\"article:publisher\" content=\"https:\/\/www.facebook.com\/people\/Notimemes-de-los-Polticos\/61565672886568\/\" \/>\n<meta property=\"article:published_time\" content=\"2025-09-12T15:50:55+00:00\" \/>\n<meta property=\"article:modified_time\" content=\"2025-09-12T15:51:11+00:00\" \/>\n<meta property=\"og:image\" content=\"https:\/\/lospoliticosveracruz.com\/wp-content\/uploads\/2025\/04\/Felipe-Fernandez-Basilio-e1767959429910.jpg\" \/>\n\t<meta property=\"og:image:width\" content=\"600\" \/>\n\t<meta property=\"og:image:height\" content=\"320\" \/>\n\t<meta property=\"og:image:type\" content=\"image\/jpeg\" \/>\n<meta name=\"author\" content=\"Lo viste en Los Pol\u00edticos\" \/>\n<meta name=\"twitter:card\" content=\"summary_large_image\" \/>\n<meta name=\"twitter:creator\" content=\"@LosPoliticosVer\" \/>\n<meta name=\"twitter:site\" content=\"@LosPoliticosVer\" \/>\n<meta name=\"twitter:label1\" content=\"Escrito por\" \/>\n\t<meta name=\"twitter:data1\" content=\"Lo viste en Los Pol\u00edticos\" \/>\n\t<meta name=\"twitter:label2\" content=\"Tiempo de lectura\" \/>\n\t<meta name=\"twitter:data2\" content=\"4 minutos\" \/>\n<script type=\"application\/ld+json\" class=\"yoast-schema-graph\">{\"@context\":\"https:\\\/\\\/schema.org\",\"@graph\":[{\"@type\":\"Article\",\"@id\":\"https:\\\/\\\/lospoliticosveracruz.com\\\/?p=152485#article\",\"isPartOf\":{\"@id\":\"https:\\\/\\\/lospoliticosveracruz.com\\\/?p=152485\"},\"author\":{\"name\":\"Lo viste en Los Pol\u00edticos\",\"@id\":\"https:\\\/\\\/lospoliticosveracruz.com\\\/#\\\/schema\\\/person\\\/b8702bb0e538456e6efd07080bf2a4a2\"},\"headline\":\"CRIMEN EN EL PUERTO\",\"datePublished\":\"2025-09-12T15:50:55+00:00\",\"dateModified\":\"2025-09-12T15:51:11+00:00\",\"mainEntityOfPage\":{\"@id\":\"https:\\\/\\\/lospoliticosveracruz.com\\\/?p=152485\"},\"wordCount\":763,\"publisher\":{\"@id\":\"https:\\\/\\\/lospoliticosveracruz.com\\\/#organization\"},\"image\":{\"@id\":\"https:\\\/\\\/lospoliticosveracruz.com\\\/?p=152485#primaryimage\"},\"thumbnailUrl\":\"https:\\\/\\\/lospoliticosveracruz.com\\\/wp-content\\\/uploads\\\/2025\\\/04\\\/Felipe-Fernandez-Basilio-e1767959429910.jpg\",\"articleSection\":[\"De Opini\u00f3n\"],\"inLanguage\":\"es\"},{\"@type\":\"WebPage\",\"@id\":\"https:\\\/\\\/lospoliticosveracruz.com\\\/?p=152485\",\"url\":\"https:\\\/\\\/lospoliticosveracruz.com\\\/?p=152485\",\"name\":\"CRIMEN EN EL PUERTO - Los pol\u00edticos Veracruz\",\"isPartOf\":{\"@id\":\"https:\\\/\\\/lospoliticosveracruz.com\\\/#website\"},\"primaryImageOfPage\":{\"@id\":\"https:\\\/\\\/lospoliticosveracruz.com\\\/?p=152485#primaryimage\"},\"image\":{\"@id\":\"https:\\\/\\\/lospoliticosveracruz.com\\\/?p=152485#primaryimage\"},\"thumbnailUrl\":\"https:\\\/\\\/lospoliticosveracruz.com\\\/wp-content\\\/uploads\\\/2025\\\/04\\\/Felipe-Fernandez-Basilio-e1767959429910.jpg\",\"datePublished\":\"2025-09-12T15:50:55+00:00\",\"dateModified\":\"2025-09-12T15:51:11+00:00\",\"breadcrumb\":{\"@id\":\"https:\\\/\\\/lospoliticosveracruz.com\\\/?p=152485#breadcrumb\"},\"inLanguage\":\"es\",\"potentialAction\":[{\"@type\":\"ReadAction\",\"target\":[\"https:\\\/\\\/lospoliticosveracruz.com\\\/?p=152485\"]}]},{\"@type\":\"ImageObject\",\"inLanguage\":\"es\",\"@id\":\"https:\\\/\\\/lospoliticosveracruz.com\\\/?p=152485#primaryimage\",\"url\":\"https:\\\/\\\/lospoliticosveracruz.com\\\/wp-content\\\/uploads\\\/2025\\\/04\\\/Felipe-Fernandez-Basilio-e1767959429910.jpg\",\"contentUrl\":\"https:\\\/\\\/lospoliticosveracruz.com\\\/wp-content\\\/uploads\\\/2025\\\/04\\\/Felipe-Fernandez-Basilio-e1767959429910.jpg\",\"width\":600,\"height\":320},{\"@type\":\"BreadcrumbList\",\"@id\":\"https:\\\/\\\/lospoliticosveracruz.com\\\/?p=152485#breadcrumb\",\"itemListElement\":[{\"@type\":\"ListItem\",\"position\":1,\"name\":\"Portada\",\"item\":\"https:\\\/\\\/lospoliticosveracruz.com\\\/\"},{\"@type\":\"ListItem\",\"position\":2,\"name\":\"CRIMEN EN EL PUERTO\"}]},{\"@type\":\"WebSite\",\"@id\":\"https:\\\/\\\/lospoliticosveracruz.com\\\/#website\",\"url\":\"https:\\\/\\\/lospoliticosveracruz.com\\\/\",\"name\":\"Los pol\u00edticos Veracruz\",\"description\":\"\",\"publisher\":{\"@id\":\"https:\\\/\\\/lospoliticosveracruz.com\\\/#organization\"},\"potentialAction\":[{\"@type\":\"SearchAction\",\"target\":{\"@type\":\"EntryPoint\",\"urlTemplate\":\"https:\\\/\\\/lospoliticosveracruz.com\\\/?s={search_term_string}\"},\"query-input\":{\"@type\":\"PropertyValueSpecification\",\"valueRequired\":true,\"valueName\":\"search_term_string\"}}],\"inLanguage\":\"es\"},{\"@type\":\"Organization\",\"@id\":\"https:\\\/\\\/lospoliticosveracruz.com\\\/#organization\",\"name\":\"Los pol\u00edticos Veracruz\",\"url\":\"https:\\\/\\\/lospoliticosveracruz.com\\\/\",\"logo\":{\"@type\":\"ImageObject\",\"inLanguage\":\"es\",\"@id\":\"https:\\\/\\\/lospoliticosveracruz.com\\\/#\\\/schema\\\/logo\\\/image\\\/\",\"url\":\"https:\\\/\\\/lospoliticosveracruz.com\\\/wp-content\\\/uploads\\\/2025\\\/12\\\/Logo-Nuevo-LOS-POLITICOS-1.jpg\",\"contentUrl\":\"https:\\\/\\\/lospoliticosveracruz.com\\\/wp-content\\\/uploads\\\/2025\\\/12\\\/Logo-Nuevo-LOS-POLITICOS-1.jpg\",\"width\":260,\"height\":70,\"caption\":\"Los pol\u00edticos Veracruz\"},\"image\":{\"@id\":\"https:\\\/\\\/lospoliticosveracruz.com\\\/#\\\/schema\\\/logo\\\/image\\\/\"},\"sameAs\":[\"https:\\\/\\\/www.facebook.com\\\/people\\\/Notimemes-de-los-Polticos\\\/61565672886568\\\/\",\"https:\\\/\\\/x.com\\\/LosPoliticosVer\"]},{\"@type\":\"Person\",\"@id\":\"https:\\\/\\\/lospoliticosveracruz.com\\\/#\\\/schema\\\/person\\\/b8702bb0e538456e6efd07080bf2a4a2\",\"name\":\"Lo viste en Los Pol\u00edticos\",\"image\":{\"@type\":\"ImageObject\",\"inLanguage\":\"es\",\"@id\":\"https:\\\/\\\/secure.gravatar.com\\\/avatar\\\/3a8de04a2656d44082be478bd6c086daa447c4651605818287b9532d3d0bd435?s=96&d=mm&r=g\",\"url\":\"https:\\\/\\\/secure.gravatar.com\\\/avatar\\\/3a8de04a2656d44082be478bd6c086daa447c4651605818287b9532d3d0bd435?s=96&d=mm&r=g\",\"contentUrl\":\"https:\\\/\\\/secure.gravatar.com\\\/avatar\\\/3a8de04a2656d44082be478bd6c086daa447c4651605818287b9532d3d0bd435?s=96&d=mm&r=g\",\"caption\":\"Lo viste en Los Pol\u00edticos\"},\"url\":\"https:\\\/\\\/lospoliticosveracruz.com\\\/?author=2\"}]}<\/script>\n<!-- \/ Yoast SEO plugin. -->","yoast_head_json":{"title":"CRIMEN EN EL PUERTO - Los pol\u00edticos Veracruz","robots":{"index":"index","follow":"follow","max-snippet":"max-snippet:-1","max-image-preview":"max-image-preview:large","max-video-preview":"max-video-preview:-1"},"canonical":"https:\/\/lospoliticosveracruz.com\/?p=152485","og_locale":"es_ES","og_type":"article","og_title":"CRIMEN EN EL PUERTO - Los pol\u00edticos Veracruz","og_description":"Felipe de Jes\u00fas Fern\u00e1ndez BasilioDesde a Janela Ni las mejores series criminales han desarrollado una trama tan sofisticada como las mafias de pol\u00edticos en estos tiempos del segundo piso de la transformaci\u00f3n que no fue ni tampoco ser\u00e1.Ya vimos a la barredora, las traiciones entre narcos en Sinaloa, las vidas lujosas que se dan los [&hellip;]","og_url":"https:\/\/lospoliticosveracruz.com\/?p=152485","og_site_name":"Los pol\u00edticos Veracruz","article_publisher":"https:\/\/www.facebook.com\/people\/Notimemes-de-los-Polticos\/61565672886568\/","article_published_time":"2025-09-12T15:50:55+00:00","article_modified_time":"2025-09-12T15:51:11+00:00","og_image":[{"width":600,"height":320,"url":"https:\/\/lospoliticosveracruz.com\/wp-content\/uploads\/2025\/04\/Felipe-Fernandez-Basilio-e1767959429910.jpg","type":"image\/jpeg"}],"author":"Lo viste en Los Pol\u00edticos","twitter_card":"summary_large_image","twitter_creator":"@LosPoliticosVer","twitter_site":"@LosPoliticosVer","twitter_misc":{"Escrito por":"Lo viste en Los Pol\u00edticos","Tiempo de lectura":"4 minutos"},"schema":{"@context":"https:\/\/schema.org","@graph":[{"@type":"Article","@id":"https:\/\/lospoliticosveracruz.com\/?p=152485#article","isPartOf":{"@id":"https:\/\/lospoliticosveracruz.com\/?p=152485"},"author":{"name":"Lo viste en Los Pol\u00edticos","@id":"https:\/\/lospoliticosveracruz.com\/#\/schema\/person\/b8702bb0e538456e6efd07080bf2a4a2"},"headline":"CRIMEN EN EL PUERTO","datePublished":"2025-09-12T15:50:55+00:00","dateModified":"2025-09-12T15:51:11+00:00","mainEntityOfPage":{"@id":"https:\/\/lospoliticosveracruz.com\/?p=152485"},"wordCount":763,"publisher":{"@id":"https:\/\/lospoliticosveracruz.com\/#organization"},"image":{"@id":"https:\/\/lospoliticosveracruz.com\/?p=152485#primaryimage"},"thumbnailUrl":"https:\/\/lospoliticosveracruz.com\/wp-content\/uploads\/2025\/04\/Felipe-Fernandez-Basilio-e1767959429910.jpg","articleSection":["De Opini\u00f3n"],"inLanguage":"es"},{"@type":"WebPage","@id":"https:\/\/lospoliticosveracruz.com\/?p=152485","url":"https:\/\/lospoliticosveracruz.com\/?p=152485","name":"CRIMEN EN EL PUERTO - Los pol\u00edticos Veracruz","isPartOf":{"@id":"https:\/\/lospoliticosveracruz.com\/#website"},"primaryImageOfPage":{"@id":"https:\/\/lospoliticosveracruz.com\/?p=152485#primaryimage"},"image":{"@id":"https:\/\/lospoliticosveracruz.com\/?p=152485#primaryimage"},"thumbnailUrl":"https:\/\/lospoliticosveracruz.com\/wp-content\/uploads\/2025\/04\/Felipe-Fernandez-Basilio-e1767959429910.jpg","datePublished":"2025-09-12T15:50:55+00:00","dateModified":"2025-09-12T15:51:11+00:00","breadcrumb":{"@id":"https:\/\/lospoliticosveracruz.com\/?p=152485#breadcrumb"},"inLanguage":"es","potentialAction":[{"@type":"ReadAction","target":["https:\/\/lospoliticosveracruz.com\/?p=152485"]}]},{"@type":"ImageObject","inLanguage":"es","@id":"https:\/\/lospoliticosveracruz.com\/?p=152485#primaryimage","url":"https:\/\/lospoliticosveracruz.com\/wp-content\/uploads\/2025\/04\/Felipe-Fernandez-Basilio-e1767959429910.jpg","contentUrl":"https:\/\/lospoliticosveracruz.com\/wp-content\/uploads\/2025\/04\/Felipe-Fernandez-Basilio-e1767959429910.jpg","width":600,"height":320},{"@type":"BreadcrumbList","@id":"https:\/\/lospoliticosveracruz.com\/?p=152485#breadcrumb","itemListElement":[{"@type":"ListItem","position":1,"name":"Portada","item":"https:\/\/lospoliticosveracruz.com\/"},{"@type":"ListItem","position":2,"name":"CRIMEN EN EL PUERTO"}]},{"@type":"WebSite","@id":"https:\/\/lospoliticosveracruz.com\/#website","url":"https:\/\/lospoliticosveracruz.com\/","name":"Los pol\u00edticos Veracruz","description":"","publisher":{"@id":"https:\/\/lospoliticosveracruz.com\/#organization"},"potentialAction":[{"@type":"SearchAction","target":{"@type":"EntryPoint","urlTemplate":"https:\/\/lospoliticosveracruz.com\/?s={search_term_string}"},"query-input":{"@type":"PropertyValueSpecification","valueRequired":true,"valueName":"search_term_string"}}],"inLanguage":"es"},{"@type":"Organization","@id":"https:\/\/lospoliticosveracruz.com\/#organization","name":"Los pol\u00edticos Veracruz","url":"https:\/\/lospoliticosveracruz.com\/","logo":{"@type":"ImageObject","inLanguage":"es","@id":"https:\/\/lospoliticosveracruz.com\/#\/schema\/logo\/image\/","url":"https:\/\/lospoliticosveracruz.com\/wp-content\/uploads\/2025\/12\/Logo-Nuevo-LOS-POLITICOS-1.jpg","contentUrl":"https:\/\/lospoliticosveracruz.com\/wp-content\/uploads\/2025\/12\/Logo-Nuevo-LOS-POLITICOS-1.jpg","width":260,"height":70,"caption":"Los pol\u00edticos Veracruz"},"image":{"@id":"https:\/\/lospoliticosveracruz.com\/#\/schema\/logo\/image\/"},"sameAs":["https:\/\/www.facebook.com\/people\/Notimemes-de-los-Polticos\/61565672886568\/","https:\/\/x.com\/LosPoliticosVer"]},{"@type":"Person","@id":"https:\/\/lospoliticosveracruz.com\/#\/schema\/person\/b8702bb0e538456e6efd07080bf2a4a2","name":"Lo viste en Los Pol\u00edticos","image":{"@type":"ImageObject","inLanguage":"es","@id":"https:\/\/secure.gravatar.com\/avatar\/3a8de04a2656d44082be478bd6c086daa447c4651605818287b9532d3d0bd435?s=96&d=mm&r=g","url":"https:\/\/secure.gravatar.com\/avatar\/3a8de04a2656d44082be478bd6c086daa447c4651605818287b9532d3d0bd435?s=96&d=mm&r=g","contentUrl":"https:\/\/secure.gravatar.com\/avatar\/3a8de04a2656d44082be478bd6c086daa447c4651605818287b9532d3d0bd435?s=96&d=mm&r=g","caption":"Lo viste en Los Pol\u00edticos"},"url":"https:\/\/lospoliticosveracruz.com\/?author=2"}]}},"_links":{"self":[{"href":"https:\/\/lospoliticosveracruz.com\/index.php?rest_route=\/wp\/v2\/posts\/152485","targetHints":{"allow":["GET"]}}],"collection":[{"href":"https:\/\/lospoliticosveracruz.com\/index.php?rest_route=\/wp\/v2\/posts"}],"about":[{"href":"https:\/\/lospoliticosveracruz.com\/index.php?rest_route=\/wp\/v2\/types\/post"}],"author":[{"embeddable":true,"href":"https:\/\/lospoliticosveracruz.com\/index.php?rest_route=\/wp\/v2\/users\/2"}],"replies":[{"embeddable":true,"href":"https:\/\/lospoliticosveracruz.com\/index.php?rest_route=%2Fwp%2Fv2%2Fcomments&post=152485"}],"version-history":[{"count":2,"href":"https:\/\/lospoliticosveracruz.com\/index.php?rest_route=\/wp\/v2\/posts\/152485\/revisions"}],"predecessor-version":[{"id":152487,"href":"https:\/\/lospoliticosveracruz.com\/index.php?rest_route=\/wp\/v2\/posts\/152485\/revisions\/152487"}],"wp:featuredmedia":[{"embeddable":true,"href":"https:\/\/lospoliticosveracruz.com\/index.php?rest_route=\/wp\/v2\/media\/141384"}],"wp:attachment":[{"href":"https:\/\/lospoliticosveracruz.com\/index.php?rest_route=%2Fwp%2Fv2%2Fmedia&parent=152485"}],"wp:term":[{"taxonomy":"category","embeddable":true,"href":"https:\/\/lospoliticosveracruz.com\/index.php?rest_route=%2Fwp%2Fv2%2Fcategories&post=152485"},{"taxonomy":"post_tag","embeddable":true,"href":"https:\/\/lospoliticosveracruz.com\/index.php?rest_route=%2Fwp%2Fv2%2Ftags&post=152485"}],"curies":[{"name":"wp","href":"https:\/\/api.w.org\/{rel}","templated":true}]}}