{"id":152492,"date":"2025-09-12T11:15:08","date_gmt":"2025-09-12T16:15:08","guid":{"rendered":"https:\/\/lospoliticosveracruz.com.mx\/?p=152492"},"modified":"2025-09-12T11:15:28","modified_gmt":"2025-09-12T16:15:28","slug":"primero-coxquihui-y-ayer-cerro-azul-quien-sigue","status":"publish","type":"post","link":"https:\/\/lospoliticosveracruz.com\/?p=152492","title":{"rendered":"PRIMERO COXQUIHUI Y AYER CERRO AZUL \u00bfQUI\u00c9N SIGUE?"},"content":{"rendered":"\n\n\n<p><strong>Bernardo Guti\u00e9rrez Parra<\/strong><\/p>\n\n\n\n<p><em>Desde el Caf\u00e9<br><\/em><\/p>\n\n\n\n<p>Hasta donde me alcanza la memoria, esta ser\u00e1 la primera ocasi\u00f3n (al menos en muchos a\u00f1os) que dos poblaciones de <strong>Veracruz<\/strong> suspenden los festejos patrios debido a la inseguridad y la violencia. Primero fue <strong>Coxquihui<\/strong> cuyo alcalde, <strong>Pablo G\u00f3mez<\/strong>, dijo que motivos para la suspensi\u00f3n \u201clos hay de sobra\u201d. Y vaya que tiene raz\u00f3n.<\/p>\n\n\n\n<p>Ayer, el <strong>Ayuntamiento de Cerro Azul<\/strong> anunci\u00f3 la cancelaci\u00f3n del tradicional <strong>Grito<\/strong> y el desfile del d\u00eda siguiente por el mismo motivo: aumento de la violencia en las \u00faltimas semanas. El alcalde <strong>Francisco Javier Medina<\/strong>, dijo que el acuerdo se tom\u00f3 junto con los responsables de las instituciones educativas y no dijo m\u00e1s.<\/p>\n\n\n<div class=\"wp-block-image\">\n<figure class=\"alignleft size-thumbnail\"><a href=\"https:\/\/lospoliticosveracruz.com.mx\/wp-content\/uploads\/2025\/09\/IMG_7634.png\"><img loading=\"lazy\" decoding=\"async\" width=\"150\" height=\"150\" src=\"https:\/\/lospoliticosveracruz.com.mx\/wp-content\/uploads\/2025\/09\/IMG_7634-150x150.png\" alt=\"\" class=\"wp-image-152375\" srcset=\"https:\/\/lospoliticosveracruz.com\/wp-content\/uploads\/2025\/09\/IMG_7634-150x150.png 150w, https:\/\/lospoliticosveracruz.com\/wp-content\/uploads\/2025\/09\/IMG_7634-125x125.png 125w, https:\/\/lospoliticosveracruz.com\/wp-content\/uploads\/2025\/09\/IMG_7634.png 300w\" sizes=\"auto, (max-width: 150px) 100vw, 150px\" \/><\/a><\/figure>\n<\/div>\n\n\n<p>Pero hay m\u00e1s.<\/p>\n\n\n\n<p>El 28 de agosto, autoridades comisionadas en educaci\u00f3n y representantes de instituciones educativas, acordaron suspender no s\u00f3lo el desfile de la Independencia, sino el del 20 de noviembre donde se conmemora el inicio de la Revoluci\u00f3n.<\/p>\n\n\n\n<p>\u201cEn realidad se suspenden todos los eventos previamente candelarizados donde participen estudiantes. Con la inseguridad que hay, el horno no est\u00e1 para bollos y es mejor prevenir que lamentar\u201d, me dijo un colega de <strong>Cerro Azul<\/strong> con el que platiqu\u00e9 ayer.<\/p>\n\n\n\n<p>Agreg\u00f3 que la violencia se dispar\u00f3 y me enumer\u00f3 los \u00faltimos hechos tr\u00e1gicos. \u201cEn junio fueron hallados los cuerpos desmembrados de tres personas en la colonia Valle; en agosto fue herido a balazos en la colonia Reforma el Oficial Mayor del Ayuntamiento <strong>Iv\u00e1n Ju\u00e1rez Landa<\/strong>; el s\u00e1bado anterior fueron hallados los cuerpos sin vida de dos personas a la altura de <strong>Potrero del Llano<\/strong>, una comunidad cercana a <strong>Cerro Azul<\/strong>. Y el domingo una persona result\u00f3 muerta tras un ataque a balazos a un Ciber en la colonia La Curva cercana a <strong>Palacio Municipal<\/strong>.<\/p>\n\n\n\n<p>Por \u00faltimo, dijo que la inseguridad es tal que <strong>Cerro Azul<\/strong> vive un toque de queda autoimpuesto, ya que poco antes de que se oculte el sol los comercios cierran y a las ocho de la noche todo mundo est\u00e1 en sus casas.<\/p>\n\n\n\n<p>A pesar de que el secretario de Gobierno, <strong>Ricardo Ahued<\/strong>, insiste en que el norte de la entidad est\u00e1 tranquilo, su comentario est\u00e1 alejado de la verdad.<\/p>\n\n\n\n<p>De <strong>P\u00e1nuco<\/strong> a <strong>Mart\u00ednez de la Torre<\/strong> la violencia est\u00e1 m\u00e1s que presente y es una realidad que no se puede ocultar.<\/p>\n\n\n\n<p>Faltan tres d\u00edas para la ceremonia del <strong>Grito<\/strong> y cuatro para el desfile de Independencia, pero si contin\u00faan las balaceras, levantones y desmembrados, que no te extra\u00f1e lector si otros municipios bajan la cortina y mandan las fiestas patrias a volar.<\/p>\n\n\n\n<p><strong>Naas\u00f3n y Silem<\/strong><\/p>\n\n\n\n<p>A media semana se dio a conocer que la madre de <strong>Naas\u00f3n Joaqu\u00edn Garc\u00eda<\/strong>, l\u00edder de la iglesia <strong>Luz del Mundo<\/strong> y preso en una c\u00e1rcel de <strong>Estados Unidos<\/strong> por abuso sexual de menores, fue detenida en <strong>Los \u00c1ngeles, California<\/strong>.<\/p>\n\n\n\n<p><strong>Eva Garc\u00eda de Joaqu\u00edn<\/strong> de 79 a\u00f1os, est\u00e1 acusada de trata de menores y mujeres para que su marido <strong>Samuel Joaqu\u00edn Flores<\/strong> (fallecido en 2014 y padre de <strong>Naas\u00f3n<\/strong>), cometiera abusos sexuales. De acuerdo con la acusaci\u00f3n, ella tambi\u00e9n abus\u00f3 sexualmente y por a\u00f1os de mujeres y menores de edad.<\/p>\n\n\n\n<p>Otro detenido (este en <strong>Chicago<\/strong>) es <strong>Joram N\u00fa\u00f1ez Joaqu\u00edn<\/strong>, sobrino de <strong>Naas\u00f3n<\/strong> y la informaci\u00f3n agrega: \u201cHay otros tres acusados en la misma causa: <strong>Rosa Sosa<\/strong>, <strong>Azalia Rangel Garc\u00eda<\/strong> y <strong>Silem Garc\u00eda Pe\u00f1a<\/strong>, todos pr\u00f3fugos de la justicia, al parecer en <strong>M\u00e9xico<\/strong>\u201d.<\/p>\n\n\n\n<p>Conoc\u00ed a <strong>Silem<\/strong> como regidor de la comuna en <strong>Xalapa<\/strong>. Siempre pulcro, atento y muy educado, no lo imagino implicado en delitos graves, pero la justicia norteamericana dice otra cosa.<\/p>\n\n\n\n<p>\u201cLos acusados y sus c\u00f3mplices utilizaron la iglesia de la <strong>Luz del Mundo<\/strong> como veh\u00edculo para cometer tr\u00e1fico sexual de mujeres y ni\u00f1os; para inducir a las v\u00edctimas, incluyendo menores, a viajar y a participar en actos sexuales forzados e ilegales; para producir, recibir, distribuir y poseer pornograf\u00eda infantil; para emplear la mano de obra forzada de miembros de la iglesia; para estructurar ilegalmente transacciones en efectivo y contrabando de grandes cantidades de dinero en efectivo; y para obstruir la justicia con el fin de ocultar sus delitos\u201d, indica un comunicado del <strong>Departamento de Justicia<\/strong> que pedir\u00e1 al <strong>Gobierno de M\u00e9xico<\/strong> su detenci\u00f3n y extradici\u00f3n al pa\u00eds del norte.<\/p>\n\n\n\n<p><strong>Naas\u00f3n Joaqu\u00edn Garc\u00eda<\/strong>, est\u00e1 purgando una pena de 16 a\u00f1os de prisi\u00f3n, pero nuevos cargos pueden condenarlo a prisi\u00f3n perpetua, lo mismo que a su madre <strong>Eva Garc\u00eda<\/strong>.<\/p>\n\n\n\n<p>\u00bfY <strong>Silem<\/strong>?<\/p>\n\n\n\n<p>Ignoro si a\u00fan vive en <strong>Xalapa<\/strong> (en lo personal tiene tiempo que no lo veo), aunque supongo que s\u00ed, porque su esposa es regidora en la actual comuna.<\/p>\n\n\n\n<p>Un par de reporteros me dijeron que trataron de comunicarse con \u00e9l el mi\u00e9rcoles, pero no lo lograron y tuvieron que contentarse con un mensaje por <strong>WhatsApp<\/strong> donde desde\u00f1a las acusaciones.<\/p>\n\n\n\n<p>Este tu servidor lector le marc\u00f3 ayer. Pero las tres veces que lo hice el celular contest\u00f3: \u201cEl n\u00famero que usted marc\u00f3 est\u00e1 fuera del \u00e1rea de servicio\u201d.<\/p>\n\n\n\n<p>Suerte para <strong>Silem<\/strong> cuyo futuro es lo que le sigue a incierto.<\/p>\n\n\n\n<p><a>bernagup28@gmail.com<\/a><\/p>\n","protected":false},"excerpt":{"rendered":"<p>Bernardo Guti\u00e9rrez Parra Desde el Caf\u00e9 Hasta donde me alcanza la memoria, esta ser\u00e1 la primera ocasi\u00f3n (al menos en muchos a\u00f1os) que dos poblaciones de Veracruz suspenden los festejos patrios debido a la inseguridad y la violencia. Primero fue Coxquihui cuyo alcalde, Pablo G\u00f3mez, dijo que motivos para la suspensi\u00f3n \u201clos hay de sobra\u201d. [&hellip;]<\/p>\n","protected":false},"author":2,"featured_media":141479,"comment_status":"closed","ping_status":"closed","sticky":false,"template":"","format":"standard","meta":{"tdm_status":"","tdm_grid_status":"","footnotes":""},"categories":[70],"tags":[34206,46038,46039,3141],"class_list":{"0":"post-152492","1":"post","2":"type-post","3":"status-publish","4":"format-standard","5":"has-post-thumbnail","7":"category-de-opinion","8":"tag-bernardo-gutierrez-parra","9":"tag-cerro-azul-inseguridad","10":"tag-coxquihui-violencia","11":"tag-naason-joaquin-garcia"},"yoast_head":"<!-- This site is optimized with the Yoast SEO plugin v27.4 - https:\/\/yoast.com\/product\/yoast-seo-wordpress\/ -->\n<title>PRIMERO COXQUIHUI Y AYER CERRO AZUL \u00bfQUI\u00c9N SIGUE? - Los pol\u00edticos Veracruz<\/title>\n<meta name=\"robots\" content=\"index, follow, max-snippet:-1, max-image-preview:large, max-video-preview:-1\" \/>\n<link rel=\"canonical\" href=\"https:\/\/lospoliticosveracruz.com\/?p=152492\" \/>\n<meta property=\"og:locale\" content=\"es_ES\" \/>\n<meta property=\"og:type\" content=\"article\" \/>\n<meta property=\"og:title\" content=\"PRIMERO COXQUIHUI Y AYER CERRO AZUL \u00bfQUI\u00c9N SIGUE? - Los pol\u00edticos Veracruz\" \/>\n<meta property=\"og:description\" content=\"Bernardo Guti\u00e9rrez Parra Desde el Caf\u00e9 Hasta donde me alcanza la memoria, esta ser\u00e1 la primera ocasi\u00f3n (al menos en muchos a\u00f1os) que dos poblaciones de Veracruz suspenden los festejos patrios debido a la inseguridad y la violencia. Primero fue Coxquihui cuyo alcalde, Pablo G\u00f3mez, dijo que motivos para la suspensi\u00f3n \u201clos hay de sobra\u201d. [&hellip;]\" \/>\n<meta property=\"og:url\" content=\"https:\/\/lospoliticosveracruz.com\/?p=152492\" \/>\n<meta property=\"og:site_name\" content=\"Los pol\u00edticos Veracruz\" \/>\n<meta property=\"article:publisher\" content=\"https:\/\/www.facebook.com\/people\/Notimemes-de-los-Polticos\/61565672886568\/\" \/>\n<meta property=\"article:published_time\" content=\"2025-09-12T16:15:08+00:00\" \/>\n<meta property=\"article:modified_time\" content=\"2025-09-12T16:15:28+00:00\" \/>\n<meta property=\"og:image\" content=\"https:\/\/lospoliticosveracruz.com\/wp-content\/uploads\/2025\/04\/Bernardo-Gutierrez-Parra.jpg\" \/>\n\t<meta property=\"og:image:width\" content=\"1250\" \/>\n\t<meta property=\"og:image:height\" content=\"667\" \/>\n\t<meta property=\"og:image:type\" content=\"image\/jpeg\" \/>\n<meta name=\"author\" content=\"Lo viste en Los Pol\u00edticos\" \/>\n<meta name=\"twitter:card\" content=\"summary_large_image\" \/>\n<meta name=\"twitter:creator\" content=\"@LosPoliticosVer\" \/>\n<meta name=\"twitter:site\" content=\"@LosPoliticosVer\" \/>\n<meta name=\"twitter:label1\" content=\"Escrito por\" \/>\n\t<meta name=\"twitter:data1\" content=\"Lo viste en Los Pol\u00edticos\" \/>\n\t<meta name=\"twitter:label2\" content=\"Tiempo de lectura\" \/>\n\t<meta name=\"twitter:data2\" content=\"4 minutos\" \/>\n<script type=\"application\/ld+json\" class=\"yoast-schema-graph\">{\"@context\":\"https:\\\/\\\/schema.org\",\"@graph\":[{\"@type\":\"Article\",\"@id\":\"https:\\\/\\\/lospoliticosveracruz.com\\\/?p=152492#article\",\"isPartOf\":{\"@id\":\"https:\\\/\\\/lospoliticosveracruz.com\\\/?p=152492\"},\"author\":{\"name\":\"Lo viste en Los Pol\u00edticos\",\"@id\":\"https:\\\/\\\/lospoliticosveracruz.com\\\/#\\\/schema\\\/person\\\/b8702bb0e538456e6efd07080bf2a4a2\"},\"headline\":\"PRIMERO COXQUIHUI Y AYER CERRO AZUL \u00bfQUI\u00c9N SIGUE?\",\"datePublished\":\"2025-09-12T16:15:08+00:00\",\"dateModified\":\"2025-09-12T16:15:28+00:00\",\"mainEntityOfPage\":{\"@id\":\"https:\\\/\\\/lospoliticosveracruz.com\\\/?p=152492\"},\"wordCount\":897,\"publisher\":{\"@id\":\"https:\\\/\\\/lospoliticosveracruz.com\\\/#organization\"},\"image\":{\"@id\":\"https:\\\/\\\/lospoliticosveracruz.com\\\/?p=152492#primaryimage\"},\"thumbnailUrl\":\"https:\\\/\\\/lospoliticosveracruz.com\\\/wp-content\\\/uploads\\\/2025\\\/04\\\/Bernardo-Gutierrez-Parra.jpg\",\"keywords\":[\"Bernardo Guti\u00e9rrez Parra\",\"cerro azul inseguridad\",\"coxquihui violencia\",\"Naas\u00f3n Joaqu\u00edn Garc\u00eda\"],\"articleSection\":[\"De Opini\u00f3n\"],\"inLanguage\":\"es\"},{\"@type\":\"WebPage\",\"@id\":\"https:\\\/\\\/lospoliticosveracruz.com\\\/?p=152492\",\"url\":\"https:\\\/\\\/lospoliticosveracruz.com\\\/?p=152492\",\"name\":\"PRIMERO COXQUIHUI Y AYER CERRO AZUL \u00bfQUI\u00c9N SIGUE? - Los pol\u00edticos Veracruz\",\"isPartOf\":{\"@id\":\"https:\\\/\\\/lospoliticosveracruz.com\\\/#website\"},\"primaryImageOfPage\":{\"@id\":\"https:\\\/\\\/lospoliticosveracruz.com\\\/?p=152492#primaryimage\"},\"image\":{\"@id\":\"https:\\\/\\\/lospoliticosveracruz.com\\\/?p=152492#primaryimage\"},\"thumbnailUrl\":\"https:\\\/\\\/lospoliticosveracruz.com\\\/wp-content\\\/uploads\\\/2025\\\/04\\\/Bernardo-Gutierrez-Parra.jpg\",\"datePublished\":\"2025-09-12T16:15:08+00:00\",\"dateModified\":\"2025-09-12T16:15:28+00:00\",\"breadcrumb\":{\"@id\":\"https:\\\/\\\/lospoliticosveracruz.com\\\/?p=152492#breadcrumb\"},\"inLanguage\":\"es\",\"potentialAction\":[{\"@type\":\"ReadAction\",\"target\":[\"https:\\\/\\\/lospoliticosveracruz.com\\\/?p=152492\"]}]},{\"@type\":\"ImageObject\",\"inLanguage\":\"es\",\"@id\":\"https:\\\/\\\/lospoliticosveracruz.com\\\/?p=152492#primaryimage\",\"url\":\"https:\\\/\\\/lospoliticosveracruz.com\\\/wp-content\\\/uploads\\\/2025\\\/04\\\/Bernardo-Gutierrez-Parra.jpg\",\"contentUrl\":\"https:\\\/\\\/lospoliticosveracruz.com\\\/wp-content\\\/uploads\\\/2025\\\/04\\\/Bernardo-Gutierrez-Parra.jpg\",\"width\":1250,\"height\":667},{\"@type\":\"BreadcrumbList\",\"@id\":\"https:\\\/\\\/lospoliticosveracruz.com\\\/?p=152492#breadcrumb\",\"itemListElement\":[{\"@type\":\"ListItem\",\"position\":1,\"name\":\"Portada\",\"item\":\"https:\\\/\\\/lospoliticosveracruz.com\\\/\"},{\"@type\":\"ListItem\",\"position\":2,\"name\":\"PRIMERO COXQUIHUI Y AYER CERRO AZUL \u00bfQUI\u00c9N SIGUE?\"}]},{\"@type\":\"WebSite\",\"@id\":\"https:\\\/\\\/lospoliticosveracruz.com\\\/#website\",\"url\":\"https:\\\/\\\/lospoliticosveracruz.com\\\/\",\"name\":\"Los pol\u00edticos Veracruz\",\"description\":\"\",\"publisher\":{\"@id\":\"https:\\\/\\\/lospoliticosveracruz.com\\\/#organization\"},\"potentialAction\":[{\"@type\":\"SearchAction\",\"target\":{\"@type\":\"EntryPoint\",\"urlTemplate\":\"https:\\\/\\\/lospoliticosveracruz.com\\\/?s={search_term_string}\"},\"query-input\":{\"@type\":\"PropertyValueSpecification\",\"valueRequired\":true,\"valueName\":\"search_term_string\"}}],\"inLanguage\":\"es\"},{\"@type\":\"Organization\",\"@id\":\"https:\\\/\\\/lospoliticosveracruz.com\\\/#organization\",\"name\":\"Los pol\u00edticos Veracruz\",\"url\":\"https:\\\/\\\/lospoliticosveracruz.com\\\/\",\"logo\":{\"@type\":\"ImageObject\",\"inLanguage\":\"es\",\"@id\":\"https:\\\/\\\/lospoliticosveracruz.com\\\/#\\\/schema\\\/logo\\\/image\\\/\",\"url\":\"https:\\\/\\\/lospoliticosveracruz.com\\\/wp-content\\\/uploads\\\/2025\\\/12\\\/Logo-Nuevo-LOS-POLITICOS-1.jpg\",\"contentUrl\":\"https:\\\/\\\/lospoliticosveracruz.com\\\/wp-content\\\/uploads\\\/2025\\\/12\\\/Logo-Nuevo-LOS-POLITICOS-1.jpg\",\"width\":260,\"height\":70,\"caption\":\"Los pol\u00edticos Veracruz\"},\"image\":{\"@id\":\"https:\\\/\\\/lospoliticosveracruz.com\\\/#\\\/schema\\\/logo\\\/image\\\/\"},\"sameAs\":[\"https:\\\/\\\/www.facebook.com\\\/people\\\/Notimemes-de-los-Polticos\\\/61565672886568\\\/\",\"https:\\\/\\\/x.com\\\/LosPoliticosVer\"]},{\"@type\":\"Person\",\"@id\":\"https:\\\/\\\/lospoliticosveracruz.com\\\/#\\\/schema\\\/person\\\/b8702bb0e538456e6efd07080bf2a4a2\",\"name\":\"Lo viste en Los Pol\u00edticos\",\"image\":{\"@type\":\"ImageObject\",\"inLanguage\":\"es\",\"@id\":\"https:\\\/\\\/secure.gravatar.com\\\/avatar\\\/3a8de04a2656d44082be478bd6c086daa447c4651605818287b9532d3d0bd435?s=96&d=mm&r=g\",\"url\":\"https:\\\/\\\/secure.gravatar.com\\\/avatar\\\/3a8de04a2656d44082be478bd6c086daa447c4651605818287b9532d3d0bd435?s=96&d=mm&r=g\",\"contentUrl\":\"https:\\\/\\\/secure.gravatar.com\\\/avatar\\\/3a8de04a2656d44082be478bd6c086daa447c4651605818287b9532d3d0bd435?s=96&d=mm&r=g\",\"caption\":\"Lo viste en Los Pol\u00edticos\"},\"url\":\"https:\\\/\\\/lospoliticosveracruz.com\\\/?author=2\"}]}<\/script>\n<!-- \/ Yoast SEO plugin. -->","yoast_head_json":{"title":"PRIMERO COXQUIHUI Y AYER CERRO AZUL \u00bfQUI\u00c9N SIGUE? - Los pol\u00edticos Veracruz","robots":{"index":"index","follow":"follow","max-snippet":"max-snippet:-1","max-image-preview":"max-image-preview:large","max-video-preview":"max-video-preview:-1"},"canonical":"https:\/\/lospoliticosveracruz.com\/?p=152492","og_locale":"es_ES","og_type":"article","og_title":"PRIMERO COXQUIHUI Y AYER CERRO AZUL \u00bfQUI\u00c9N SIGUE? - Los pol\u00edticos Veracruz","og_description":"Bernardo Guti\u00e9rrez Parra Desde el Caf\u00e9 Hasta donde me alcanza la memoria, esta ser\u00e1 la primera ocasi\u00f3n (al menos en muchos a\u00f1os) que dos poblaciones de Veracruz suspenden los festejos patrios debido a la inseguridad y la violencia. Primero fue Coxquihui cuyo alcalde, Pablo G\u00f3mez, dijo que motivos para la suspensi\u00f3n \u201clos hay de sobra\u201d. [&hellip;]","og_url":"https:\/\/lospoliticosveracruz.com\/?p=152492","og_site_name":"Los pol\u00edticos Veracruz","article_publisher":"https:\/\/www.facebook.com\/people\/Notimemes-de-los-Polticos\/61565672886568\/","article_published_time":"2025-09-12T16:15:08+00:00","article_modified_time":"2025-09-12T16:15:28+00:00","og_image":[{"width":1250,"height":667,"url":"https:\/\/lospoliticosveracruz.com\/wp-content\/uploads\/2025\/04\/Bernardo-Gutierrez-Parra.jpg","type":"image\/jpeg"}],"author":"Lo viste en Los Pol\u00edticos","twitter_card":"summary_large_image","twitter_creator":"@LosPoliticosVer","twitter_site":"@LosPoliticosVer","twitter_misc":{"Escrito por":"Lo viste en Los Pol\u00edticos","Tiempo de lectura":"4 minutos"},"schema":{"@context":"https:\/\/schema.org","@graph":[{"@type":"Article","@id":"https:\/\/lospoliticosveracruz.com\/?p=152492#article","isPartOf":{"@id":"https:\/\/lospoliticosveracruz.com\/?p=152492"},"author":{"name":"Lo viste en Los Pol\u00edticos","@id":"https:\/\/lospoliticosveracruz.com\/#\/schema\/person\/b8702bb0e538456e6efd07080bf2a4a2"},"headline":"PRIMERO COXQUIHUI Y AYER CERRO AZUL \u00bfQUI\u00c9N SIGUE?","datePublished":"2025-09-12T16:15:08+00:00","dateModified":"2025-09-12T16:15:28+00:00","mainEntityOfPage":{"@id":"https:\/\/lospoliticosveracruz.com\/?p=152492"},"wordCount":897,"publisher":{"@id":"https:\/\/lospoliticosveracruz.com\/#organization"},"image":{"@id":"https:\/\/lospoliticosveracruz.com\/?p=152492#primaryimage"},"thumbnailUrl":"https:\/\/lospoliticosveracruz.com\/wp-content\/uploads\/2025\/04\/Bernardo-Gutierrez-Parra.jpg","keywords":["Bernardo Guti\u00e9rrez Parra","cerro azul inseguridad","coxquihui violencia","Naas\u00f3n Joaqu\u00edn Garc\u00eda"],"articleSection":["De Opini\u00f3n"],"inLanguage":"es"},{"@type":"WebPage","@id":"https:\/\/lospoliticosveracruz.com\/?p=152492","url":"https:\/\/lospoliticosveracruz.com\/?p=152492","name":"PRIMERO COXQUIHUI Y AYER CERRO AZUL \u00bfQUI\u00c9N SIGUE? - Los pol\u00edticos Veracruz","isPartOf":{"@id":"https:\/\/lospoliticosveracruz.com\/#website"},"primaryImageOfPage":{"@id":"https:\/\/lospoliticosveracruz.com\/?p=152492#primaryimage"},"image":{"@id":"https:\/\/lospoliticosveracruz.com\/?p=152492#primaryimage"},"thumbnailUrl":"https:\/\/lospoliticosveracruz.com\/wp-content\/uploads\/2025\/04\/Bernardo-Gutierrez-Parra.jpg","datePublished":"2025-09-12T16:15:08+00:00","dateModified":"2025-09-12T16:15:28+00:00","breadcrumb":{"@id":"https:\/\/lospoliticosveracruz.com\/?p=152492#breadcrumb"},"inLanguage":"es","potentialAction":[{"@type":"ReadAction","target":["https:\/\/lospoliticosveracruz.com\/?p=152492"]}]},{"@type":"ImageObject","inLanguage":"es","@id":"https:\/\/lospoliticosveracruz.com\/?p=152492#primaryimage","url":"https:\/\/lospoliticosveracruz.com\/wp-content\/uploads\/2025\/04\/Bernardo-Gutierrez-Parra.jpg","contentUrl":"https:\/\/lospoliticosveracruz.com\/wp-content\/uploads\/2025\/04\/Bernardo-Gutierrez-Parra.jpg","width":1250,"height":667},{"@type":"BreadcrumbList","@id":"https:\/\/lospoliticosveracruz.com\/?p=152492#breadcrumb","itemListElement":[{"@type":"ListItem","position":1,"name":"Portada","item":"https:\/\/lospoliticosveracruz.com\/"},{"@type":"ListItem","position":2,"name":"PRIMERO COXQUIHUI Y AYER CERRO AZUL \u00bfQUI\u00c9N SIGUE?"}]},{"@type":"WebSite","@id":"https:\/\/lospoliticosveracruz.com\/#website","url":"https:\/\/lospoliticosveracruz.com\/","name":"Los pol\u00edticos Veracruz","description":"","publisher":{"@id":"https:\/\/lospoliticosveracruz.com\/#organization"},"potentialAction":[{"@type":"SearchAction","target":{"@type":"EntryPoint","urlTemplate":"https:\/\/lospoliticosveracruz.com\/?s={search_term_string}"},"query-input":{"@type":"PropertyValueSpecification","valueRequired":true,"valueName":"search_term_string"}}],"inLanguage":"es"},{"@type":"Organization","@id":"https:\/\/lospoliticosveracruz.com\/#organization","name":"Los pol\u00edticos Veracruz","url":"https:\/\/lospoliticosveracruz.com\/","logo":{"@type":"ImageObject","inLanguage":"es","@id":"https:\/\/lospoliticosveracruz.com\/#\/schema\/logo\/image\/","url":"https:\/\/lospoliticosveracruz.com\/wp-content\/uploads\/2025\/12\/Logo-Nuevo-LOS-POLITICOS-1.jpg","contentUrl":"https:\/\/lospoliticosveracruz.com\/wp-content\/uploads\/2025\/12\/Logo-Nuevo-LOS-POLITICOS-1.jpg","width":260,"height":70,"caption":"Los pol\u00edticos Veracruz"},"image":{"@id":"https:\/\/lospoliticosveracruz.com\/#\/schema\/logo\/image\/"},"sameAs":["https:\/\/www.facebook.com\/people\/Notimemes-de-los-Polticos\/61565672886568\/","https:\/\/x.com\/LosPoliticosVer"]},{"@type":"Person","@id":"https:\/\/lospoliticosveracruz.com\/#\/schema\/person\/b8702bb0e538456e6efd07080bf2a4a2","name":"Lo viste en Los Pol\u00edticos","image":{"@type":"ImageObject","inLanguage":"es","@id":"https:\/\/secure.gravatar.com\/avatar\/3a8de04a2656d44082be478bd6c086daa447c4651605818287b9532d3d0bd435?s=96&d=mm&r=g","url":"https:\/\/secure.gravatar.com\/avatar\/3a8de04a2656d44082be478bd6c086daa447c4651605818287b9532d3d0bd435?s=96&d=mm&r=g","contentUrl":"https:\/\/secure.gravatar.com\/avatar\/3a8de04a2656d44082be478bd6c086daa447c4651605818287b9532d3d0bd435?s=96&d=mm&r=g","caption":"Lo viste en Los Pol\u00edticos"},"url":"https:\/\/lospoliticosveracruz.com\/?author=2"}]}},"_links":{"self":[{"href":"https:\/\/lospoliticosveracruz.com\/index.php?rest_route=\/wp\/v2\/posts\/152492","targetHints":{"allow":["GET"]}}],"collection":[{"href":"https:\/\/lospoliticosveracruz.com\/index.php?rest_route=\/wp\/v2\/posts"}],"about":[{"href":"https:\/\/lospoliticosveracruz.com\/index.php?rest_route=\/wp\/v2\/types\/post"}],"author":[{"embeddable":true,"href":"https:\/\/lospoliticosveracruz.com\/index.php?rest_route=\/wp\/v2\/users\/2"}],"replies":[{"embeddable":true,"href":"https:\/\/lospoliticosveracruz.com\/index.php?rest_route=%2Fwp%2Fv2%2Fcomments&post=152492"}],"version-history":[{"count":1,"href":"https:\/\/lospoliticosveracruz.com\/index.php?rest_route=\/wp\/v2\/posts\/152492\/revisions"}],"predecessor-version":[{"id":152493,"href":"https:\/\/lospoliticosveracruz.com\/index.php?rest_route=\/wp\/v2\/posts\/152492\/revisions\/152493"}],"wp:featuredmedia":[{"embeddable":true,"href":"https:\/\/lospoliticosveracruz.com\/index.php?rest_route=\/wp\/v2\/media\/141479"}],"wp:attachment":[{"href":"https:\/\/lospoliticosveracruz.com\/index.php?rest_route=%2Fwp%2Fv2%2Fmedia&parent=152492"}],"wp:term":[{"taxonomy":"category","embeddable":true,"href":"https:\/\/lospoliticosveracruz.com\/index.php?rest_route=%2Fwp%2Fv2%2Fcategories&post=152492"},{"taxonomy":"post_tag","embeddable":true,"href":"https:\/\/lospoliticosveracruz.com\/index.php?rest_route=%2Fwp%2Fv2%2Ftags&post=152492"}],"curies":[{"name":"wp","href":"https:\/\/api.w.org\/{rel}","templated":true}]}}