{"id":152530,"date":"2025-09-12T23:14:10","date_gmt":"2025-09-13T04:14:10","guid":{"rendered":"https:\/\/lospoliticosveracruz.com.mx\/?p=152530"},"modified":"2025-09-12T23:48:07","modified_gmt":"2025-09-13T04:48:07","slug":"sesiona-la-comision-permanente-de-vigilancia","status":"publish","type":"post","link":"https:\/\/lospoliticosveracruz.com\/?p=152530","title":{"rendered":"SESIONA LA COMISI\u00d3N PERMANENTE DE VIGILANCIA"},"content":{"rendered":"\n\n\n<p>La Comisi\u00f3n Permanente de Vigilancia de la LXVII Legislatura, presidida por el diputado Miguel Guillermo Pintos Guill\u00e9n, celebr\u00f3 una sesi\u00f3n en la que dio cuenta de la recepci\u00f3n del Informe de Seguimiento de las Cuentas P\u00fablicas 2017-2023, presentado por el \u00d3rgano de Fiscalizaci\u00f3n Superior del estado (Orfis) y, del mismo modo, inici\u00f3 los trabajos con motivo de la designaci\u00f3n de la persona titular de la Contralor\u00eda Interna de este Congreso.<\/p>\n\n\n\n<figure class=\"wp-block-image size-full\"><a href=\"https:\/\/lospoliticosveracruz.com.mx\/wp-content\/uploads\/2025\/09\/IMG_7634.png\"><img loading=\"lazy\" decoding=\"async\" width=\"300\" height=\"300\" src=\"https:\/\/lospoliticosveracruz.com.mx\/wp-content\/uploads\/2025\/09\/IMG_7634.png\" alt=\"\" class=\"wp-image-152375\" srcset=\"https:\/\/lospoliticosveracruz.com\/wp-content\/uploads\/2025\/09\/IMG_7634.png 300w, https:\/\/lospoliticosveracruz.com\/wp-content\/uploads\/2025\/09\/IMG_7634-150x150.png 150w, https:\/\/lospoliticosveracruz.com\/wp-content\/uploads\/2025\/09\/IMG_7634-125x125.png 125w\" sizes=\"auto, (max-width: 300px) 100vw, 300px\" \/><\/a><\/figure>\n\n\n\n<p>En primer t\u00e9rmino, el legislador Miguel Pintos dio la bienvenida al diputado Felipe Pineda Barradas y a la diputada Tania Mar\u00eda Cruz Mej\u00eda, quienes se incorporan como secretario y vocal de la Comisi\u00f3n, respectivamente, en sustituci\u00f3n del legislador Alejandro Porras Mar\u00edn y de la legisladora Estefan\u00eda Bastida Cuevas, quienes ocupan la secretar\u00eda y la vicepresidencia de la Mesa Directiva, respectivamente, y que, conforme al Reglamento, est\u00e1n impedidos de formar parte de comisi\u00f3n legislativa alguna.<\/p>\n\n\n\n<p>Por otra parte y ante el inicio de actividades para elegir a la persona titular de la Contralor\u00eda Interna de esta Soberan\u00eda, el presidente de la Comisi\u00f3n de Vigilancia se pronunci\u00f3 por llevar a cabo un procedimiento transparente y democr\u00e1tico \u201cdesde la emisi\u00f3n de la convocatoria, la realizaci\u00f3n de las entrevistas con las y los aspirantes al cargo y el an\u00e1lisis exhaustivo de lo actuado para elaborar la terna que ser\u00e1 votada por el Pleno legislativo\u201d.<\/p>\n\n\n\n<p>A la reuni\u00f3n asistieron las diputadas Bertha Rosal\u00eda Ahued Malpica, Ana Rosa Vald\u00e9s Salazar, Luz Alicia Delf\u00edn Rodr\u00edguez y Luc\u00eda Bego\u00f1a Canales Barturen y los diputados Adri\u00e1n Sigfrido \u00c1vila Estrada, Jos\u00e9 Reveriano Mar\u00edn Hern\u00e1ndez y Daniel Cortina Mart\u00ednez, quienes fungen como vocales.<\/p>\n","protected":false},"excerpt":{"rendered":"<p>La Comisi\u00f3n Permanente de Vigilancia de la LXVII Legislatura, presidida por el diputado Miguel Guillermo Pintos Guill\u00e9n, celebr\u00f3 una sesi\u00f3n en la que dio cuenta de la recepci\u00f3n del Informe de Seguimiento de las Cuentas P\u00fablicas 2017-2023, presentado por el \u00d3rgano de Fiscalizaci\u00f3n Superior del estado (Orfis) y, del mismo modo, inici\u00f3 los trabajos con [&hellip;]<\/p>\n","protected":false},"author":2,"featured_media":152536,"comment_status":"closed","ping_status":"closed","sticky":false,"template":"","format":"standard","meta":{"tdm_status":"","tdm_grid_status":"","footnotes":""},"categories":[43718],"tags":[3611,12584,1026,264,31123,195],"class_list":{"0":"post-152530","1":"post","2":"type-post","3":"status-publish","4":"format-standard","5":"has-post-thumbnail","7":"category-elpalaciodeencanto","8":"tag-comision-de-vigilancia","9":"tag-felipe-pineda-barradas","10":"tag-morena","11":"tag-pvem","12":"tag-tania-maria-cruz-mejia","13":"tag-veracruz"},"yoast_head":"<!-- This site is optimized with the Yoast SEO plugin v27.4 - https:\/\/yoast.com\/product\/yoast-seo-wordpress\/ -->\n<title>SESIONA LA COMISI\u00d3N PERMANENTE DE VIGILANCIA - Los pol\u00edticos Veracruz<\/title>\n<meta name=\"robots\" content=\"index, follow, max-snippet:-1, max-image-preview:large, max-video-preview:-1\" \/>\n<link rel=\"canonical\" href=\"https:\/\/lospoliticosveracruz.com\/?p=152530\" \/>\n<meta property=\"og:locale\" content=\"es_ES\" \/>\n<meta property=\"og:type\" content=\"article\" \/>\n<meta property=\"og:title\" content=\"SESIONA LA COMISI\u00d3N PERMANENTE DE VIGILANCIA - Los pol\u00edticos Veracruz\" \/>\n<meta property=\"og:description\" content=\"La Comisi\u00f3n Permanente de Vigilancia de la LXVII Legislatura, presidida por el diputado Miguel Guillermo Pintos Guill\u00e9n, celebr\u00f3 una sesi\u00f3n en la que dio cuenta de la recepci\u00f3n del Informe de Seguimiento de las Cuentas P\u00fablicas 2017-2023, presentado por el \u00d3rgano de Fiscalizaci\u00f3n Superior del estado (Orfis) y, del mismo modo, inici\u00f3 los trabajos con [&hellip;]\" \/>\n<meta property=\"og:url\" content=\"https:\/\/lospoliticosveracruz.com\/?p=152530\" \/>\n<meta property=\"og:site_name\" content=\"Los pol\u00edticos Veracruz\" \/>\n<meta property=\"article:publisher\" content=\"https:\/\/www.facebook.com\/people\/Notimemes-de-los-Polticos\/61565672886568\/\" \/>\n<meta property=\"article:published_time\" content=\"2025-09-13T04:14:10+00:00\" \/>\n<meta property=\"article:modified_time\" content=\"2025-09-13T04:48:07+00:00\" \/>\n<meta property=\"og:image\" content=\"https:\/\/lospoliticosveracruz.com\/wp-content\/uploads\/2025\/09\/e80a1e6e-c7ac-4207-99f7-68b037a0dc20.jpeg\" \/>\n\t<meta property=\"og:image:width\" content=\"1600\" \/>\n\t<meta property=\"og:image:height\" content=\"1068\" \/>\n\t<meta property=\"og:image:type\" content=\"image\/jpeg\" \/>\n<meta name=\"author\" content=\"Lo viste en Los Pol\u00edticos\" \/>\n<meta name=\"twitter:card\" content=\"summary_large_image\" \/>\n<meta name=\"twitter:creator\" content=\"@LosPoliticosVer\" \/>\n<meta name=\"twitter:site\" content=\"@LosPoliticosVer\" \/>\n<meta name=\"twitter:label1\" content=\"Escrito por\" \/>\n\t<meta name=\"twitter:data1\" content=\"Lo viste en Los Pol\u00edticos\" \/>\n\t<meta name=\"twitter:label2\" content=\"Tiempo de lectura\" \/>\n\t<meta name=\"twitter:data2\" content=\"1 minuto\" \/>\n<script type=\"application\/ld+json\" class=\"yoast-schema-graph\">{\"@context\":\"https:\\\/\\\/schema.org\",\"@graph\":[{\"@type\":\"Article\",\"@id\":\"https:\\\/\\\/lospoliticosveracruz.com\\\/?p=152530#article\",\"isPartOf\":{\"@id\":\"https:\\\/\\\/lospoliticosveracruz.com\\\/?p=152530\"},\"author\":{\"name\":\"Lo viste en Los Pol\u00edticos\",\"@id\":\"https:\\\/\\\/lospoliticosveracruz.com\\\/#\\\/schema\\\/person\\\/b8702bb0e538456e6efd07080bf2a4a2\"},\"headline\":\"SESIONA LA COMISI\u00d3N PERMANENTE DE VIGILANCIA\",\"datePublished\":\"2025-09-13T04:14:10+00:00\",\"dateModified\":\"2025-09-13T04:48:07+00:00\",\"mainEntityOfPage\":{\"@id\":\"https:\\\/\\\/lospoliticosveracruz.com\\\/?p=152530\"},\"wordCount\":305,\"publisher\":{\"@id\":\"https:\\\/\\\/lospoliticosveracruz.com\\\/#organization\"},\"image\":{\"@id\":\"https:\\\/\\\/lospoliticosveracruz.com\\\/?p=152530#primaryimage\"},\"thumbnailUrl\":\"https:\\\/\\\/lospoliticosveracruz.com\\\/wp-content\\\/uploads\\\/2025\\\/09\\\/e80a1e6e-c7ac-4207-99f7-68b037a0dc20.jpeg\",\"keywords\":[\"Comisi\u00f3n de Vigilancia\",\"Felipe Pineda Barradas\",\"Morena\",\"PVEM\",\"Tania Mar\u00eda Cruz Mej\u00eda\",\"Veracruz\"],\"articleSection\":[\"EL PALACIO DE ENCANTO\"],\"inLanguage\":\"es\"},{\"@type\":\"WebPage\",\"@id\":\"https:\\\/\\\/lospoliticosveracruz.com\\\/?p=152530\",\"url\":\"https:\\\/\\\/lospoliticosveracruz.com\\\/?p=152530\",\"name\":\"SESIONA LA COMISI\u00d3N PERMANENTE DE VIGILANCIA - Los pol\u00edticos Veracruz\",\"isPartOf\":{\"@id\":\"https:\\\/\\\/lospoliticosveracruz.com\\\/#website\"},\"primaryImageOfPage\":{\"@id\":\"https:\\\/\\\/lospoliticosveracruz.com\\\/?p=152530#primaryimage\"},\"image\":{\"@id\":\"https:\\\/\\\/lospoliticosveracruz.com\\\/?p=152530#primaryimage\"},\"thumbnailUrl\":\"https:\\\/\\\/lospoliticosveracruz.com\\\/wp-content\\\/uploads\\\/2025\\\/09\\\/e80a1e6e-c7ac-4207-99f7-68b037a0dc20.jpeg\",\"datePublished\":\"2025-09-13T04:14:10+00:00\",\"dateModified\":\"2025-09-13T04:48:07+00:00\",\"breadcrumb\":{\"@id\":\"https:\\\/\\\/lospoliticosveracruz.com\\\/?p=152530#breadcrumb\"},\"inLanguage\":\"es\",\"potentialAction\":[{\"@type\":\"ReadAction\",\"target\":[\"https:\\\/\\\/lospoliticosveracruz.com\\\/?p=152530\"]}]},{\"@type\":\"ImageObject\",\"inLanguage\":\"es\",\"@id\":\"https:\\\/\\\/lospoliticosveracruz.com\\\/?p=152530#primaryimage\",\"url\":\"https:\\\/\\\/lospoliticosveracruz.com\\\/wp-content\\\/uploads\\\/2025\\\/09\\\/e80a1e6e-c7ac-4207-99f7-68b037a0dc20.jpeg\",\"contentUrl\":\"https:\\\/\\\/lospoliticosveracruz.com\\\/wp-content\\\/uploads\\\/2025\\\/09\\\/e80a1e6e-c7ac-4207-99f7-68b037a0dc20.jpeg\",\"width\":1600,\"height\":1068},{\"@type\":\"BreadcrumbList\",\"@id\":\"https:\\\/\\\/lospoliticosveracruz.com\\\/?p=152530#breadcrumb\",\"itemListElement\":[{\"@type\":\"ListItem\",\"position\":1,\"name\":\"Portada\",\"item\":\"https:\\\/\\\/lospoliticosveracruz.com\\\/\"},{\"@type\":\"ListItem\",\"position\":2,\"name\":\"SESIONA LA COMISI\u00d3N PERMANENTE DE VIGILANCIA\"}]},{\"@type\":\"WebSite\",\"@id\":\"https:\\\/\\\/lospoliticosveracruz.com\\\/#website\",\"url\":\"https:\\\/\\\/lospoliticosveracruz.com\\\/\",\"name\":\"Los pol\u00edticos Veracruz\",\"description\":\"\",\"publisher\":{\"@id\":\"https:\\\/\\\/lospoliticosveracruz.com\\\/#organization\"},\"potentialAction\":[{\"@type\":\"SearchAction\",\"target\":{\"@type\":\"EntryPoint\",\"urlTemplate\":\"https:\\\/\\\/lospoliticosveracruz.com\\\/?s={search_term_string}\"},\"query-input\":{\"@type\":\"PropertyValueSpecification\",\"valueRequired\":true,\"valueName\":\"search_term_string\"}}],\"inLanguage\":\"es\"},{\"@type\":\"Organization\",\"@id\":\"https:\\\/\\\/lospoliticosveracruz.com\\\/#organization\",\"name\":\"Los pol\u00edticos Veracruz\",\"url\":\"https:\\\/\\\/lospoliticosveracruz.com\\\/\",\"logo\":{\"@type\":\"ImageObject\",\"inLanguage\":\"es\",\"@id\":\"https:\\\/\\\/lospoliticosveracruz.com\\\/#\\\/schema\\\/logo\\\/image\\\/\",\"url\":\"https:\\\/\\\/lospoliticosveracruz.com\\\/wp-content\\\/uploads\\\/2025\\\/12\\\/Logo-Nuevo-LOS-POLITICOS-1.jpg\",\"contentUrl\":\"https:\\\/\\\/lospoliticosveracruz.com\\\/wp-content\\\/uploads\\\/2025\\\/12\\\/Logo-Nuevo-LOS-POLITICOS-1.jpg\",\"width\":260,\"height\":70,\"caption\":\"Los pol\u00edticos Veracruz\"},\"image\":{\"@id\":\"https:\\\/\\\/lospoliticosveracruz.com\\\/#\\\/schema\\\/logo\\\/image\\\/\"},\"sameAs\":[\"https:\\\/\\\/www.facebook.com\\\/people\\\/Notimemes-de-los-Polticos\\\/61565672886568\\\/\",\"https:\\\/\\\/x.com\\\/LosPoliticosVer\"]},{\"@type\":\"Person\",\"@id\":\"https:\\\/\\\/lospoliticosveracruz.com\\\/#\\\/schema\\\/person\\\/b8702bb0e538456e6efd07080bf2a4a2\",\"name\":\"Lo viste en Los Pol\u00edticos\",\"image\":{\"@type\":\"ImageObject\",\"inLanguage\":\"es\",\"@id\":\"https:\\\/\\\/secure.gravatar.com\\\/avatar\\\/3a8de04a2656d44082be478bd6c086daa447c4651605818287b9532d3d0bd435?s=96&d=mm&r=g\",\"url\":\"https:\\\/\\\/secure.gravatar.com\\\/avatar\\\/3a8de04a2656d44082be478bd6c086daa447c4651605818287b9532d3d0bd435?s=96&d=mm&r=g\",\"contentUrl\":\"https:\\\/\\\/secure.gravatar.com\\\/avatar\\\/3a8de04a2656d44082be478bd6c086daa447c4651605818287b9532d3d0bd435?s=96&d=mm&r=g\",\"caption\":\"Lo viste en Los Pol\u00edticos\"},\"url\":\"https:\\\/\\\/lospoliticosveracruz.com\\\/?author=2\"}]}<\/script>\n<!-- \/ Yoast SEO plugin. -->","yoast_head_json":{"title":"SESIONA LA COMISI\u00d3N PERMANENTE DE VIGILANCIA - Los pol\u00edticos Veracruz","robots":{"index":"index","follow":"follow","max-snippet":"max-snippet:-1","max-image-preview":"max-image-preview:large","max-video-preview":"max-video-preview:-1"},"canonical":"https:\/\/lospoliticosveracruz.com\/?p=152530","og_locale":"es_ES","og_type":"article","og_title":"SESIONA LA COMISI\u00d3N PERMANENTE DE VIGILANCIA - Los pol\u00edticos Veracruz","og_description":"La Comisi\u00f3n Permanente de Vigilancia de la LXVII Legislatura, presidida por el diputado Miguel Guillermo Pintos Guill\u00e9n, celebr\u00f3 una sesi\u00f3n en la que dio cuenta de la recepci\u00f3n del Informe de Seguimiento de las Cuentas P\u00fablicas 2017-2023, presentado por el \u00d3rgano de Fiscalizaci\u00f3n Superior del estado (Orfis) y, del mismo modo, inici\u00f3 los trabajos con [&hellip;]","og_url":"https:\/\/lospoliticosveracruz.com\/?p=152530","og_site_name":"Los pol\u00edticos Veracruz","article_publisher":"https:\/\/www.facebook.com\/people\/Notimemes-de-los-Polticos\/61565672886568\/","article_published_time":"2025-09-13T04:14:10+00:00","article_modified_time":"2025-09-13T04:48:07+00:00","og_image":[{"width":1600,"height":1068,"url":"https:\/\/lospoliticosveracruz.com\/wp-content\/uploads\/2025\/09\/e80a1e6e-c7ac-4207-99f7-68b037a0dc20.jpeg","type":"image\/jpeg"}],"author":"Lo viste en Los Pol\u00edticos","twitter_card":"summary_large_image","twitter_creator":"@LosPoliticosVer","twitter_site":"@LosPoliticosVer","twitter_misc":{"Escrito por":"Lo viste en Los Pol\u00edticos","Tiempo de lectura":"1 minuto"},"schema":{"@context":"https:\/\/schema.org","@graph":[{"@type":"Article","@id":"https:\/\/lospoliticosveracruz.com\/?p=152530#article","isPartOf":{"@id":"https:\/\/lospoliticosveracruz.com\/?p=152530"},"author":{"name":"Lo viste en Los Pol\u00edticos","@id":"https:\/\/lospoliticosveracruz.com\/#\/schema\/person\/b8702bb0e538456e6efd07080bf2a4a2"},"headline":"SESIONA LA COMISI\u00d3N PERMANENTE DE VIGILANCIA","datePublished":"2025-09-13T04:14:10+00:00","dateModified":"2025-09-13T04:48:07+00:00","mainEntityOfPage":{"@id":"https:\/\/lospoliticosveracruz.com\/?p=152530"},"wordCount":305,"publisher":{"@id":"https:\/\/lospoliticosveracruz.com\/#organization"},"image":{"@id":"https:\/\/lospoliticosveracruz.com\/?p=152530#primaryimage"},"thumbnailUrl":"https:\/\/lospoliticosveracruz.com\/wp-content\/uploads\/2025\/09\/e80a1e6e-c7ac-4207-99f7-68b037a0dc20.jpeg","keywords":["Comisi\u00f3n de Vigilancia","Felipe Pineda Barradas","Morena","PVEM","Tania Mar\u00eda Cruz Mej\u00eda","Veracruz"],"articleSection":["EL PALACIO DE ENCANTO"],"inLanguage":"es"},{"@type":"WebPage","@id":"https:\/\/lospoliticosveracruz.com\/?p=152530","url":"https:\/\/lospoliticosveracruz.com\/?p=152530","name":"SESIONA LA COMISI\u00d3N PERMANENTE DE VIGILANCIA - Los pol\u00edticos Veracruz","isPartOf":{"@id":"https:\/\/lospoliticosveracruz.com\/#website"},"primaryImageOfPage":{"@id":"https:\/\/lospoliticosveracruz.com\/?p=152530#primaryimage"},"image":{"@id":"https:\/\/lospoliticosveracruz.com\/?p=152530#primaryimage"},"thumbnailUrl":"https:\/\/lospoliticosveracruz.com\/wp-content\/uploads\/2025\/09\/e80a1e6e-c7ac-4207-99f7-68b037a0dc20.jpeg","datePublished":"2025-09-13T04:14:10+00:00","dateModified":"2025-09-13T04:48:07+00:00","breadcrumb":{"@id":"https:\/\/lospoliticosveracruz.com\/?p=152530#breadcrumb"},"inLanguage":"es","potentialAction":[{"@type":"ReadAction","target":["https:\/\/lospoliticosveracruz.com\/?p=152530"]}]},{"@type":"ImageObject","inLanguage":"es","@id":"https:\/\/lospoliticosveracruz.com\/?p=152530#primaryimage","url":"https:\/\/lospoliticosveracruz.com\/wp-content\/uploads\/2025\/09\/e80a1e6e-c7ac-4207-99f7-68b037a0dc20.jpeg","contentUrl":"https:\/\/lospoliticosveracruz.com\/wp-content\/uploads\/2025\/09\/e80a1e6e-c7ac-4207-99f7-68b037a0dc20.jpeg","width":1600,"height":1068},{"@type":"BreadcrumbList","@id":"https:\/\/lospoliticosveracruz.com\/?p=152530#breadcrumb","itemListElement":[{"@type":"ListItem","position":1,"name":"Portada","item":"https:\/\/lospoliticosveracruz.com\/"},{"@type":"ListItem","position":2,"name":"SESIONA LA COMISI\u00d3N PERMANENTE DE VIGILANCIA"}]},{"@type":"WebSite","@id":"https:\/\/lospoliticosveracruz.com\/#website","url":"https:\/\/lospoliticosveracruz.com\/","name":"Los pol\u00edticos Veracruz","description":"","publisher":{"@id":"https:\/\/lospoliticosveracruz.com\/#organization"},"potentialAction":[{"@type":"SearchAction","target":{"@type":"EntryPoint","urlTemplate":"https:\/\/lospoliticosveracruz.com\/?s={search_term_string}"},"query-input":{"@type":"PropertyValueSpecification","valueRequired":true,"valueName":"search_term_string"}}],"inLanguage":"es"},{"@type":"Organization","@id":"https:\/\/lospoliticosveracruz.com\/#organization","name":"Los pol\u00edticos Veracruz","url":"https:\/\/lospoliticosveracruz.com\/","logo":{"@type":"ImageObject","inLanguage":"es","@id":"https:\/\/lospoliticosveracruz.com\/#\/schema\/logo\/image\/","url":"https:\/\/lospoliticosveracruz.com\/wp-content\/uploads\/2025\/12\/Logo-Nuevo-LOS-POLITICOS-1.jpg","contentUrl":"https:\/\/lospoliticosveracruz.com\/wp-content\/uploads\/2025\/12\/Logo-Nuevo-LOS-POLITICOS-1.jpg","width":260,"height":70,"caption":"Los pol\u00edticos Veracruz"},"image":{"@id":"https:\/\/lospoliticosveracruz.com\/#\/schema\/logo\/image\/"},"sameAs":["https:\/\/www.facebook.com\/people\/Notimemes-de-los-Polticos\/61565672886568\/","https:\/\/x.com\/LosPoliticosVer"]},{"@type":"Person","@id":"https:\/\/lospoliticosveracruz.com\/#\/schema\/person\/b8702bb0e538456e6efd07080bf2a4a2","name":"Lo viste en Los Pol\u00edticos","image":{"@type":"ImageObject","inLanguage":"es","@id":"https:\/\/secure.gravatar.com\/avatar\/3a8de04a2656d44082be478bd6c086daa447c4651605818287b9532d3d0bd435?s=96&d=mm&r=g","url":"https:\/\/secure.gravatar.com\/avatar\/3a8de04a2656d44082be478bd6c086daa447c4651605818287b9532d3d0bd435?s=96&d=mm&r=g","contentUrl":"https:\/\/secure.gravatar.com\/avatar\/3a8de04a2656d44082be478bd6c086daa447c4651605818287b9532d3d0bd435?s=96&d=mm&r=g","caption":"Lo viste en Los Pol\u00edticos"},"url":"https:\/\/lospoliticosveracruz.com\/?author=2"}]}},"_links":{"self":[{"href":"https:\/\/lospoliticosveracruz.com\/index.php?rest_route=\/wp\/v2\/posts\/152530","targetHints":{"allow":["GET"]}}],"collection":[{"href":"https:\/\/lospoliticosveracruz.com\/index.php?rest_route=\/wp\/v2\/posts"}],"about":[{"href":"https:\/\/lospoliticosveracruz.com\/index.php?rest_route=\/wp\/v2\/types\/post"}],"author":[{"embeddable":true,"href":"https:\/\/lospoliticosveracruz.com\/index.php?rest_route=\/wp\/v2\/users\/2"}],"replies":[{"embeddable":true,"href":"https:\/\/lospoliticosveracruz.com\/index.php?rest_route=%2Fwp%2Fv2%2Fcomments&post=152530"}],"version-history":[{"count":1,"href":"https:\/\/lospoliticosveracruz.com\/index.php?rest_route=\/wp\/v2\/posts\/152530\/revisions"}],"predecessor-version":[{"id":152531,"href":"https:\/\/lospoliticosveracruz.com\/index.php?rest_route=\/wp\/v2\/posts\/152530\/revisions\/152531"}],"wp:featuredmedia":[{"embeddable":true,"href":"https:\/\/lospoliticosveracruz.com\/index.php?rest_route=\/wp\/v2\/media\/152536"}],"wp:attachment":[{"href":"https:\/\/lospoliticosveracruz.com\/index.php?rest_route=%2Fwp%2Fv2%2Fmedia&parent=152530"}],"wp:term":[{"taxonomy":"category","embeddable":true,"href":"https:\/\/lospoliticosveracruz.com\/index.php?rest_route=%2Fwp%2Fv2%2Fcategories&post=152530"},{"taxonomy":"post_tag","embeddable":true,"href":"https:\/\/lospoliticosveracruz.com\/index.php?rest_route=%2Fwp%2Fv2%2Ftags&post=152530"}],"curies":[{"name":"wp","href":"https:\/\/api.w.org\/{rel}","templated":true}]}}