{"id":15257,"date":"2015-03-11T08:23:38","date_gmt":"2015-03-11T14:23:38","guid":{"rendered":"http:\/\/www.lospoliticosveracruz.com.mx\/?p=15257"},"modified":"2015-03-11T08:23:38","modified_gmt":"2015-03-11T14:23:38","slug":"aqui-no-pasa-naaada","status":"publish","type":"post","link":"https:\/\/lospoliticosveracruz.com\/?p=15257","title":{"rendered":"\u00abAqu\u00ed no pasa naaada\u00bb"},"content":{"rendered":"<p><a href=\"http:\/\/www.lospoliticosveracruz.com.mx\/wp-content\/uploads\/2015\/03\/Duarte1.jpg\"><img loading=\"lazy\" decoding=\"async\" class=\"alignnone size-medium wp-image-15258\" src=\"http:\/\/www.lospoliticosveracruz.com.mx\/wp-content\/uploads\/2015\/03\/Duarte1-300x150.jpg\" alt=\"Duarte\" width=\"300\" height=\"150\" \/><\/a><\/p>\n<p><strong>Carlos Loret de Mola<\/strong><\/p>\n<p><em>Historias de reportero\/ El Universal<\/em><\/p>\n<p>&nbsp;<\/p>\n<p>Reuni\u00f3n del gabinete de Seguridad del presidente Pe\u00f1a Nieto. Uno de los presentes imita el agudo tono de voz del gobernador de Veracruz. Todos se carcajean.<\/p>\n<p>No es s\u00f3lo mofa. La cr\u00edtica es de fondo: caricaturizan que cada vez que se comunican con el pri\u00edsta Javier Duarte para preguntarle sobre un hecho delictivo, la respuesta es la misma: \u201cAqu\u00ed no pasa naaada\u201d.<br \/>\nEl problema es que s\u00ed pasa. Y lo saben en las m\u00e1s altas esferas del poder en M\u00e9xico:<br \/>\nEs el cuarto estado m\u00e1s violento del pa\u00eds, el sexto con m\u00e1s secuestros y encabeza la lista de entidades donde m\u00e1s matan periodistas. Son datos oficiales. Se siguen registrando balaceras, secuestros y cobros de derecho de piso. No pocos afectados han optado por irse a vivir a Puebla, M\u00e9rida o de plano a Estados Unidos, claro, cuando tienen recursos para mudarse.<br \/>\nEs el quinto peor en escolaridad y el cuarto con m\u00e1s analfabetas, seg\u00fan el Inegi.<br \/>\nSeg\u00fan la Auditor\u00eda Superior de la Federaci\u00f3n, Veracruz es uno de los tres estados con mayor opacidad en el uso del presupuesto. Extraoficialmente se ha detectado un notable gasto en la renta de aviones particulares mientras hay proveedores a los que no se les ha pagado desde hace varios a\u00f1os y a quienes se les sugiere \u201carreglarse\u201d con Tesorer\u00eda y con el hermano del gobernador para \u201cdestrabar\u201d sus asuntos (no hay ninguna denuncia concreta ante las instancias de procuraci\u00f3n de justicia y las autoridades estatales han negado las imputaciones).<br \/>\nLo cierto es que las finanzas estatales est\u00e1n en territorio de colapso. Fuentes de primera fila me revelan que el presidente Pe\u00f1a Nieto ya fue informado de que Veracruz est\u00e1 en situaci\u00f3n de quiebra. Tal es el diagn\u00f3stico de la Secretar\u00eda de Hacienda y Cr\u00e9dito P\u00fablico.<br \/>\nCuando los reporteros le preguntan sobre esta bancarrota, el gobernador Javier Duarte se\u00f1ala que hered\u00f3 un gran desorden de la administraci\u00f3n anterior, encabezada por su compa\u00f1ero de partido y padrino pol\u00edtico Fidel Herrera. Omite decir que entonces \u00e9l era secretario de Planeaci\u00f3n y Finanzas.<br \/>\nHay otros episodios que rebasan el mero descuido: a aquel Ranulfo M\u00e1rquez, cesado de la Secretar\u00eda de Desarrollo Social por los videos donde condiciona los programas sociales a votar por el PRI (aquel caso que deton\u00f3 el \u201cNo te preocupes, Rosario\u201d del presidente Pe\u00f1a), ya lo reinstal\u00f3 en la Sedesol local. Y a Tom\u00e1s Ruiz, quien sali\u00f3 de la Secretar\u00eda de Finanzas tras la incautaci\u00f3n de 25 millones de pesos en efectivo en el aeropuerto de Toluca, ya lo reubic\u00f3 como secretario de Infraestructura y Obras P\u00fablicas.<br \/>\nMientras tanto, desde Veracruz, lo que se reporta a las autoridades federales son las gracejadas y fiestas del gobernador Duarte, un car\u00e1cter iracundo que le hace perder el equilibrio con frecuencia y un abucheo durante los Juegos Centroamericanos que todav\u00eda se recuerda.<\/p>\n","protected":false},"excerpt":{"rendered":"<p>Carlos Loret de Mola Historias de reportero\/ El Universal &nbsp; Reuni\u00f3n del gabinete de Seguridad del presidente Pe\u00f1a Nieto. Uno de los presentes imita el agudo tono de voz del gobernador de Veracruz. Todos se carcajean. No es s\u00f3lo mofa. La cr\u00edtica es de fondo: caricaturizan que cada vez que se comunican con el pri\u00edsta [&hellip;]<\/p>\n","protected":false},"author":2,"featured_media":0,"comment_status":"open","ping_status":"open","sticky":false,"template":"","format":"standard","meta":{"tdm_status":"","tdm_grid_status":"","footnotes":""},"categories":[70],"tags":[1904,1861,1837],"class_list":{"0":"post-15257","1":"post","2":"type-post","3":"status-publish","4":"format-standard","6":"category-de-opinion","7":"tag-gabinete-javier-duarte-de-ochoa","8":"tag-ranulfo-marquez","9":"tag-tomas-ruiz-gonzalez"},"yoast_head":"<!-- This site is optimized with the Yoast SEO plugin v27.4 - https:\/\/yoast.com\/product\/yoast-seo-wordpress\/ -->\n<title>&quot;Aqu\u00ed no pasa naaada&quot; - Los pol\u00edticos Veracruz<\/title>\n<meta name=\"robots\" content=\"index, follow, max-snippet:-1, max-image-preview:large, max-video-preview:-1\" \/>\n<link rel=\"canonical\" href=\"https:\/\/lospoliticosveracruz.com\/?p=15257\" \/>\n<meta property=\"og:locale\" content=\"es_ES\" \/>\n<meta property=\"og:type\" content=\"article\" \/>\n<meta property=\"og:title\" content=\"&quot;Aqu\u00ed no pasa naaada&quot; - Los pol\u00edticos Veracruz\" \/>\n<meta property=\"og:description\" content=\"Carlos Loret de Mola Historias de reportero\/ El Universal &nbsp; Reuni\u00f3n del gabinete de Seguridad del presidente Pe\u00f1a Nieto. Uno de los presentes imita el agudo tono de voz del gobernador de Veracruz. Todos se carcajean. No es s\u00f3lo mofa. La cr\u00edtica es de fondo: caricaturizan que cada vez que se comunican con el pri\u00edsta [&hellip;]\" \/>\n<meta property=\"og:url\" content=\"https:\/\/lospoliticosveracruz.com\/?p=15257\" \/>\n<meta property=\"og:site_name\" content=\"Los pol\u00edticos Veracruz\" \/>\n<meta property=\"article:publisher\" content=\"https:\/\/www.facebook.com\/people\/Notimemes-de-los-Polticos\/61565672886568\/\" \/>\n<meta property=\"article:published_time\" content=\"2015-03-11T14:23:38+00:00\" \/>\n<meta property=\"og:image\" content=\"http:\/\/www.lospoliticosveracruz.com.mx\/wp-content\/uploads\/2015\/03\/Duarte1-300x150.jpg\" \/>\n<meta name=\"author\" content=\"Lo viste en Los Pol\u00edticos\" \/>\n<meta name=\"twitter:card\" content=\"summary_large_image\" \/>\n<meta name=\"twitter:creator\" content=\"@LosPoliticosVer\" \/>\n<meta name=\"twitter:site\" content=\"@LosPoliticosVer\" \/>\n<meta name=\"twitter:label1\" content=\"Escrito por\" \/>\n\t<meta name=\"twitter:data1\" content=\"Lo viste en Los Pol\u00edticos\" \/>\n\t<meta name=\"twitter:label2\" content=\"Tiempo de lectura\" \/>\n\t<meta name=\"twitter:data2\" content=\"3 minutos\" \/>\n<script type=\"application\/ld+json\" class=\"yoast-schema-graph\">{\"@context\":\"https:\\\/\\\/schema.org\",\"@graph\":[{\"@type\":\"Article\",\"@id\":\"https:\\\/\\\/lospoliticosveracruz.com\\\/?p=15257#article\",\"isPartOf\":{\"@id\":\"https:\\\/\\\/lospoliticosveracruz.com\\\/?p=15257\"},\"author\":{\"name\":\"Lo viste en Los Pol\u00edticos\",\"@id\":\"https:\\\/\\\/lospoliticosveracruz.com\\\/#\\\/schema\\\/person\\\/b8702bb0e538456e6efd07080bf2a4a2\"},\"headline\":\"\u00abAqu\u00ed no pasa naaada\u00bb\",\"datePublished\":\"2015-03-11T14:23:38+00:00\",\"mainEntityOfPage\":{\"@id\":\"https:\\\/\\\/lospoliticosveracruz.com\\\/?p=15257\"},\"wordCount\":518,\"commentCount\":0,\"publisher\":{\"@id\":\"https:\\\/\\\/lospoliticosveracruz.com\\\/#organization\"},\"image\":{\"@id\":\"https:\\\/\\\/lospoliticosveracruz.com\\\/?p=15257#primaryimage\"},\"thumbnailUrl\":\"http:\\\/\\\/www.lospoliticosveracruz.com.mx\\\/wp-content\\\/uploads\\\/2015\\\/03\\\/Duarte1-300x150.jpg\",\"keywords\":[\"Gabinete Javier Duarte de Ochoa\",\"Ranulfo M\u00e1rquez\",\"Tom\u00e1s Ruiz Gonz\u00e1lez\"],\"articleSection\":[\"De Opini\u00f3n\"],\"inLanguage\":\"es\",\"potentialAction\":[{\"@type\":\"CommentAction\",\"name\":\"Comment\",\"target\":[\"https:\\\/\\\/lospoliticosveracruz.com\\\/?p=15257#respond\"]}]},{\"@type\":\"WebPage\",\"@id\":\"https:\\\/\\\/lospoliticosveracruz.com\\\/?p=15257\",\"url\":\"https:\\\/\\\/lospoliticosveracruz.com\\\/?p=15257\",\"name\":\"\\\"Aqu\u00ed no pasa naaada\\\" - Los pol\u00edticos Veracruz\",\"isPartOf\":{\"@id\":\"https:\\\/\\\/lospoliticosveracruz.com\\\/#website\"},\"primaryImageOfPage\":{\"@id\":\"https:\\\/\\\/lospoliticosveracruz.com\\\/?p=15257#primaryimage\"},\"image\":{\"@id\":\"https:\\\/\\\/lospoliticosveracruz.com\\\/?p=15257#primaryimage\"},\"thumbnailUrl\":\"http:\\\/\\\/www.lospoliticosveracruz.com.mx\\\/wp-content\\\/uploads\\\/2015\\\/03\\\/Duarte1-300x150.jpg\",\"datePublished\":\"2015-03-11T14:23:38+00:00\",\"breadcrumb\":{\"@id\":\"https:\\\/\\\/lospoliticosveracruz.com\\\/?p=15257#breadcrumb\"},\"inLanguage\":\"es\",\"potentialAction\":[{\"@type\":\"ReadAction\",\"target\":[\"https:\\\/\\\/lospoliticosveracruz.com\\\/?p=15257\"]}]},{\"@type\":\"ImageObject\",\"inLanguage\":\"es\",\"@id\":\"https:\\\/\\\/lospoliticosveracruz.com\\\/?p=15257#primaryimage\",\"url\":\"http:\\\/\\\/www.lospoliticosveracruz.com.mx\\\/wp-content\\\/uploads\\\/2015\\\/03\\\/Duarte1-300x150.jpg\",\"contentUrl\":\"http:\\\/\\\/www.lospoliticosveracruz.com.mx\\\/wp-content\\\/uploads\\\/2015\\\/03\\\/Duarte1-300x150.jpg\"},{\"@type\":\"BreadcrumbList\",\"@id\":\"https:\\\/\\\/lospoliticosveracruz.com\\\/?p=15257#breadcrumb\",\"itemListElement\":[{\"@type\":\"ListItem\",\"position\":1,\"name\":\"Portada\",\"item\":\"https:\\\/\\\/lospoliticosveracruz.com\\\/\"},{\"@type\":\"ListItem\",\"position\":2,\"name\":\"\u00abAqu\u00ed no pasa naaada\u00bb\"}]},{\"@type\":\"WebSite\",\"@id\":\"https:\\\/\\\/lospoliticosveracruz.com\\\/#website\",\"url\":\"https:\\\/\\\/lospoliticosveracruz.com\\\/\",\"name\":\"Los pol\u00edticos Veracruz\",\"description\":\"\",\"publisher\":{\"@id\":\"https:\\\/\\\/lospoliticosveracruz.com\\\/#organization\"},\"potentialAction\":[{\"@type\":\"SearchAction\",\"target\":{\"@type\":\"EntryPoint\",\"urlTemplate\":\"https:\\\/\\\/lospoliticosveracruz.com\\\/?s={search_term_string}\"},\"query-input\":{\"@type\":\"PropertyValueSpecification\",\"valueRequired\":true,\"valueName\":\"search_term_string\"}}],\"inLanguage\":\"es\"},{\"@type\":\"Organization\",\"@id\":\"https:\\\/\\\/lospoliticosveracruz.com\\\/#organization\",\"name\":\"Los pol\u00edticos Veracruz\",\"url\":\"https:\\\/\\\/lospoliticosveracruz.com\\\/\",\"logo\":{\"@type\":\"ImageObject\",\"inLanguage\":\"es\",\"@id\":\"https:\\\/\\\/lospoliticosveracruz.com\\\/#\\\/schema\\\/logo\\\/image\\\/\",\"url\":\"https:\\\/\\\/lospoliticosveracruz.com\\\/wp-content\\\/uploads\\\/2025\\\/12\\\/Logo-Nuevo-LOS-POLITICOS-1.jpg\",\"contentUrl\":\"https:\\\/\\\/lospoliticosveracruz.com\\\/wp-content\\\/uploads\\\/2025\\\/12\\\/Logo-Nuevo-LOS-POLITICOS-1.jpg\",\"width\":260,\"height\":70,\"caption\":\"Los pol\u00edticos Veracruz\"},\"image\":{\"@id\":\"https:\\\/\\\/lospoliticosveracruz.com\\\/#\\\/schema\\\/logo\\\/image\\\/\"},\"sameAs\":[\"https:\\\/\\\/www.facebook.com\\\/people\\\/Notimemes-de-los-Polticos\\\/61565672886568\\\/\",\"https:\\\/\\\/x.com\\\/LosPoliticosVer\"]},{\"@type\":\"Person\",\"@id\":\"https:\\\/\\\/lospoliticosveracruz.com\\\/#\\\/schema\\\/person\\\/b8702bb0e538456e6efd07080bf2a4a2\",\"name\":\"Lo viste en Los Pol\u00edticos\",\"image\":{\"@type\":\"ImageObject\",\"inLanguage\":\"es\",\"@id\":\"https:\\\/\\\/secure.gravatar.com\\\/avatar\\\/3a8de04a2656d44082be478bd6c086daa447c4651605818287b9532d3d0bd435?s=96&d=mm&r=g\",\"url\":\"https:\\\/\\\/secure.gravatar.com\\\/avatar\\\/3a8de04a2656d44082be478bd6c086daa447c4651605818287b9532d3d0bd435?s=96&d=mm&r=g\",\"contentUrl\":\"https:\\\/\\\/secure.gravatar.com\\\/avatar\\\/3a8de04a2656d44082be478bd6c086daa447c4651605818287b9532d3d0bd435?s=96&d=mm&r=g\",\"caption\":\"Lo viste en Los Pol\u00edticos\"},\"url\":\"https:\\\/\\\/lospoliticosveracruz.com\\\/?author=2\"}]}<\/script>\n<!-- \/ Yoast SEO plugin. -->","yoast_head_json":{"title":"\"Aqu\u00ed no pasa naaada\" - Los pol\u00edticos Veracruz","robots":{"index":"index","follow":"follow","max-snippet":"max-snippet:-1","max-image-preview":"max-image-preview:large","max-video-preview":"max-video-preview:-1"},"canonical":"https:\/\/lospoliticosveracruz.com\/?p=15257","og_locale":"es_ES","og_type":"article","og_title":"\"Aqu\u00ed no pasa naaada\" - Los pol\u00edticos Veracruz","og_description":"Carlos Loret de Mola Historias de reportero\/ El Universal &nbsp; Reuni\u00f3n del gabinete de Seguridad del presidente Pe\u00f1a Nieto. Uno de los presentes imita el agudo tono de voz del gobernador de Veracruz. Todos se carcajean. No es s\u00f3lo mofa. La cr\u00edtica es de fondo: caricaturizan que cada vez que se comunican con el pri\u00edsta [&hellip;]","og_url":"https:\/\/lospoliticosveracruz.com\/?p=15257","og_site_name":"Los pol\u00edticos Veracruz","article_publisher":"https:\/\/www.facebook.com\/people\/Notimemes-de-los-Polticos\/61565672886568\/","article_published_time":"2015-03-11T14:23:38+00:00","og_image":[{"url":"http:\/\/www.lospoliticosveracruz.com.mx\/wp-content\/uploads\/2015\/03\/Duarte1-300x150.jpg","type":"","width":"","height":""}],"author":"Lo viste en Los Pol\u00edticos","twitter_card":"summary_large_image","twitter_creator":"@LosPoliticosVer","twitter_site":"@LosPoliticosVer","twitter_misc":{"Escrito por":"Lo viste en Los Pol\u00edticos","Tiempo de lectura":"3 minutos"},"schema":{"@context":"https:\/\/schema.org","@graph":[{"@type":"Article","@id":"https:\/\/lospoliticosveracruz.com\/?p=15257#article","isPartOf":{"@id":"https:\/\/lospoliticosveracruz.com\/?p=15257"},"author":{"name":"Lo viste en Los Pol\u00edticos","@id":"https:\/\/lospoliticosveracruz.com\/#\/schema\/person\/b8702bb0e538456e6efd07080bf2a4a2"},"headline":"\u00abAqu\u00ed no pasa naaada\u00bb","datePublished":"2015-03-11T14:23:38+00:00","mainEntityOfPage":{"@id":"https:\/\/lospoliticosveracruz.com\/?p=15257"},"wordCount":518,"commentCount":0,"publisher":{"@id":"https:\/\/lospoliticosveracruz.com\/#organization"},"image":{"@id":"https:\/\/lospoliticosveracruz.com\/?p=15257#primaryimage"},"thumbnailUrl":"http:\/\/www.lospoliticosveracruz.com.mx\/wp-content\/uploads\/2015\/03\/Duarte1-300x150.jpg","keywords":["Gabinete Javier Duarte de Ochoa","Ranulfo M\u00e1rquez","Tom\u00e1s Ruiz Gonz\u00e1lez"],"articleSection":["De Opini\u00f3n"],"inLanguage":"es","potentialAction":[{"@type":"CommentAction","name":"Comment","target":["https:\/\/lospoliticosveracruz.com\/?p=15257#respond"]}]},{"@type":"WebPage","@id":"https:\/\/lospoliticosveracruz.com\/?p=15257","url":"https:\/\/lospoliticosveracruz.com\/?p=15257","name":"\"Aqu\u00ed no pasa naaada\" - Los pol\u00edticos Veracruz","isPartOf":{"@id":"https:\/\/lospoliticosveracruz.com\/#website"},"primaryImageOfPage":{"@id":"https:\/\/lospoliticosveracruz.com\/?p=15257#primaryimage"},"image":{"@id":"https:\/\/lospoliticosveracruz.com\/?p=15257#primaryimage"},"thumbnailUrl":"http:\/\/www.lospoliticosveracruz.com.mx\/wp-content\/uploads\/2015\/03\/Duarte1-300x150.jpg","datePublished":"2015-03-11T14:23:38+00:00","breadcrumb":{"@id":"https:\/\/lospoliticosveracruz.com\/?p=15257#breadcrumb"},"inLanguage":"es","potentialAction":[{"@type":"ReadAction","target":["https:\/\/lospoliticosveracruz.com\/?p=15257"]}]},{"@type":"ImageObject","inLanguage":"es","@id":"https:\/\/lospoliticosveracruz.com\/?p=15257#primaryimage","url":"http:\/\/www.lospoliticosveracruz.com.mx\/wp-content\/uploads\/2015\/03\/Duarte1-300x150.jpg","contentUrl":"http:\/\/www.lospoliticosveracruz.com.mx\/wp-content\/uploads\/2015\/03\/Duarte1-300x150.jpg"},{"@type":"BreadcrumbList","@id":"https:\/\/lospoliticosveracruz.com\/?p=15257#breadcrumb","itemListElement":[{"@type":"ListItem","position":1,"name":"Portada","item":"https:\/\/lospoliticosveracruz.com\/"},{"@type":"ListItem","position":2,"name":"\u00abAqu\u00ed no pasa naaada\u00bb"}]},{"@type":"WebSite","@id":"https:\/\/lospoliticosveracruz.com\/#website","url":"https:\/\/lospoliticosveracruz.com\/","name":"Los pol\u00edticos Veracruz","description":"","publisher":{"@id":"https:\/\/lospoliticosveracruz.com\/#organization"},"potentialAction":[{"@type":"SearchAction","target":{"@type":"EntryPoint","urlTemplate":"https:\/\/lospoliticosveracruz.com\/?s={search_term_string}"},"query-input":{"@type":"PropertyValueSpecification","valueRequired":true,"valueName":"search_term_string"}}],"inLanguage":"es"},{"@type":"Organization","@id":"https:\/\/lospoliticosveracruz.com\/#organization","name":"Los pol\u00edticos Veracruz","url":"https:\/\/lospoliticosveracruz.com\/","logo":{"@type":"ImageObject","inLanguage":"es","@id":"https:\/\/lospoliticosveracruz.com\/#\/schema\/logo\/image\/","url":"https:\/\/lospoliticosveracruz.com\/wp-content\/uploads\/2025\/12\/Logo-Nuevo-LOS-POLITICOS-1.jpg","contentUrl":"https:\/\/lospoliticosveracruz.com\/wp-content\/uploads\/2025\/12\/Logo-Nuevo-LOS-POLITICOS-1.jpg","width":260,"height":70,"caption":"Los pol\u00edticos Veracruz"},"image":{"@id":"https:\/\/lospoliticosveracruz.com\/#\/schema\/logo\/image\/"},"sameAs":["https:\/\/www.facebook.com\/people\/Notimemes-de-los-Polticos\/61565672886568\/","https:\/\/x.com\/LosPoliticosVer"]},{"@type":"Person","@id":"https:\/\/lospoliticosveracruz.com\/#\/schema\/person\/b8702bb0e538456e6efd07080bf2a4a2","name":"Lo viste en Los Pol\u00edticos","image":{"@type":"ImageObject","inLanguage":"es","@id":"https:\/\/secure.gravatar.com\/avatar\/3a8de04a2656d44082be478bd6c086daa447c4651605818287b9532d3d0bd435?s=96&d=mm&r=g","url":"https:\/\/secure.gravatar.com\/avatar\/3a8de04a2656d44082be478bd6c086daa447c4651605818287b9532d3d0bd435?s=96&d=mm&r=g","contentUrl":"https:\/\/secure.gravatar.com\/avatar\/3a8de04a2656d44082be478bd6c086daa447c4651605818287b9532d3d0bd435?s=96&d=mm&r=g","caption":"Lo viste en Los Pol\u00edticos"},"url":"https:\/\/lospoliticosveracruz.com\/?author=2"}]}},"_links":{"self":[{"href":"https:\/\/lospoliticosveracruz.com\/index.php?rest_route=\/wp\/v2\/posts\/15257","targetHints":{"allow":["GET"]}}],"collection":[{"href":"https:\/\/lospoliticosveracruz.com\/index.php?rest_route=\/wp\/v2\/posts"}],"about":[{"href":"https:\/\/lospoliticosveracruz.com\/index.php?rest_route=\/wp\/v2\/types\/post"}],"author":[{"embeddable":true,"href":"https:\/\/lospoliticosveracruz.com\/index.php?rest_route=\/wp\/v2\/users\/2"}],"replies":[{"embeddable":true,"href":"https:\/\/lospoliticosveracruz.com\/index.php?rest_route=%2Fwp%2Fv2%2Fcomments&post=15257"}],"version-history":[{"count":1,"href":"https:\/\/lospoliticosveracruz.com\/index.php?rest_route=\/wp\/v2\/posts\/15257\/revisions"}],"predecessor-version":[{"id":15259,"href":"https:\/\/lospoliticosveracruz.com\/index.php?rest_route=\/wp\/v2\/posts\/15257\/revisions\/15259"}],"wp:attachment":[{"href":"https:\/\/lospoliticosveracruz.com\/index.php?rest_route=%2Fwp%2Fv2%2Fmedia&parent=15257"}],"wp:term":[{"taxonomy":"category","embeddable":true,"href":"https:\/\/lospoliticosveracruz.com\/index.php?rest_route=%2Fwp%2Fv2%2Fcategories&post=15257"},{"taxonomy":"post_tag","embeddable":true,"href":"https:\/\/lospoliticosveracruz.com\/index.php?rest_route=%2Fwp%2Fv2%2Ftags&post=15257"}],"curies":[{"name":"wp","href":"https:\/\/api.w.org\/{rel}","templated":true}]}}