{"id":152616,"date":"2025-09-15T13:31:16","date_gmt":"2025-09-15T18:31:16","guid":{"rendered":"https:\/\/lospoliticosveracruz.com.mx\/?p=152616"},"modified":"2025-09-16T00:51:41","modified_gmt":"2025-09-16T05:51:41","slug":"ahued-insensible-irresponsable","status":"publish","type":"post","link":"https:\/\/lospoliticosveracruz.com\/?p=152616","title":{"rendered":"AHUED, INSENSIBLE, IRRESPONSABLE"},"content":{"rendered":"\n\n\n<p><strong>Jos\u00e9 Luis Ortega Vidal<br><\/strong><em>Claroscuros<\/em><br>(1)<br>Despu\u00e9s de haber afirmado \u2013y reiterado una y otra vez- que la maestra Irma Hern\u00e1ndez Cruz muri\u00f3 de un infarto, la gobernadora Roc\u00edo Nahle Garc\u00eda ha cambiado de estrategia en el rubro de su discurso pol\u00edtico.<br>Luego de aquel lunes 28 de julio, cuando lanz\u00f3 su hist\u00f3rica frase: \u201cles guste o no les guste\u00bb muri\u00f3 de un infarto, la jefa del ejecutivo veracruzano disminuy\u00f3 sus apariciones semanales frente a reporteros en el palacio de gobierno; al tiempo de hacer \u00e9nfasis en boletines, fotograf\u00edas, videos dise\u00f1ados para el cuidado de su imagen mientras recorre la entidad.<\/p>\n\n\n\n\n\n<p><br>Eventos del calendario c\u00edvico, la visita de la presidenta Claudia Sheinbaum con mega acarreo exitoso de por medio, arranques de obras, recepci\u00f3n del secretario del IMSS y el director de PEMEX, viajes a eventos en la capital del pa\u00eds, participaci\u00f3n en festivales, etc\u00e9tera\u2026<br>Todo representa oportunidades para lucir muy bien vestida, sonre\u00edr, darse los cl\u00e1sicos ba\u00f1os de pueblo herencia de las a\u00f1ejas estrategias priistas, dar entrevistas a modo en radiodifusoras y con locutores de confianza, etc\u00e9tera.<br>La gobernadora aprendi\u00f3 la lecci\u00f3n impuesta por ella misma bajo un error cuya trascendencia internacional marc\u00f3 una herida por la cual su administraci\u00f3n a\u00fan respira y seguir\u00e1 respirando\u2026<br>(2)<br>Existe, no obstante, un factor que tal vez los asesores de la gobernadora Nahle no le han explicado; acaso porque ellos mismos no lo visualizan o, en el caso de hab\u00e9rselo expuesto, ella no escucha o simplemente no hace caso: el mejor discurso pol\u00edtico es aquel que parte desde la realidad social y vuelve a ella mediante herramientas ret\u00f3ricas.<br>(3)<br>Ayer, el secretario de Gobierno Ricardo Ahued Bardahuil incurri\u00f3 en el mismo error que su jefa al soltar palabras, frases, argumentos ajenos a la realidad o, peor a\u00fan, contrarios a lo que se est\u00e1 viviendo diariamente en nuestra entidad.<br>(4)<br>Toda proporci\u00f3n guardada y con el profundo deseo de gozar unas fiestas patrias en calma, en orden y sin sorpresas negativas, la petici\u00f3n de Ahued Bardahuil a las autoridades de municipios donde se suspendi\u00f3 el Grito de Independencia para que reconsideren esta decisi\u00f3n, constituye \u2013por decir lo menos- un acto de insensibilidad e imprudencia pol\u00edtica.<br>En Coxquihui, Cerro Azul, Zozocolco de Hidalgo y Coahuitl\u00e1n no habr\u00e1 Noche Mexicana este quince de septiembre como medida de precauci\u00f3n ante potenciales disturbios provocados por grupos o personas fuera de la ley y para evitar \u2013de plano- alg\u00fan ataque contra las vidas de ciudadanos\u2026<br>(5)<br>El caso de Coxquihui representa la mayor gravedad en la peque\u00f1a \u2013pero muy representativa y simb\u00f3lica- lista de municipios que no coinciden con el optimismo del secretario de Gobierno.<br>Un candidato asesinado al inicio de la campa\u00f1a por la alcald\u00eda; su hijo -tambi\u00e9n candidato- secuestrado y descuartizado la semana anterior; el alcalde electo v\u00edctima de un ataque con explosivos arrojados desde drones en su domicilio; una escuela receptora de otro explosivo v\u00eda drones; un video de ni\u00f1os aterrorizados por el ataque; balacera posterior; el padre del alcalde electo v\u00edctima de un ataque contra su vida; el t\u00edo del alcalde electo, preso y acusado del asesinato del candidato el 29 de abril; etc\u00e9tera\u2026<br>Esto, y mucho m\u00e1s, es Coxquihui en este momento de fervor patrio por una independencia y soberan\u00eda cuyos significados topan con la responsabilidad de cuidar la vida humana.<br>Y ante dicha realidad espantosa, terrible, tr\u00e1gica, el secretario Ricardo Ahued Bardahuil declar\u00f3 este domingo:<\/p>\n\n\n\n<p>-\u201cVeo tranquilidad, pero tambi\u00e9n vemos responsabilidad de estar conteniendo y revisando en donde podamos tener un poquito de calor\u2026\u201d<br>-\u201cAh\u00ed tendr\u00edamos que estar pendientes en una coordinaci\u00f3n que se hace, desde luego, con la Secretar\u00eda de los titulares de la Marina que tambi\u00e9n despliegan la atenci\u00f3n por las festividades y la Guardia Nacional\u2026\u201d<br>\u2022\u2060 \u2060\u201c(\u2026) ojal\u00e1 si consideran los presidentes que hay cierta posibilidad de hacerlo, que lo hagan.\u201d<br>\u2022\u2060 \u2060\u201cQuiz\u00e1 si se animen los alcaldes, estar\u00eda yo hablando de algo que es competencia de ellos mismos\u201d<br>(6)<br>La gobernadora Roc\u00edo Nahle tambi\u00e9n cambi\u00f3 su estrategia de discurso pol\u00edtico al compartir el micr\u00f3fono con su secretario de Gobierno.<br>Lo pat\u00e9tico en el caso de Ahued Bardahuil resulta en su evidente falta de experiencia para realizar declaraciones con solidez pol\u00edtica, con cuidado ret\u00f3rico, v\u00eda conexi\u00f3n entre pensamiento, palabras y la cruda realidad de la que no es posible sustraerse.<br>(7)<br>No ha sido gratuito el \u201creconocimiento\u201d a Ricardo Ahued Bardahuil como un eficiente maestro de remodelaci\u00f3n en el palacio de gobierno\u2026<br>Tal acci\u00f3n va bien\u2026por lo menos.<\/p>\n","protected":false},"excerpt":{"rendered":"<p>Jos\u00e9 Luis Ortega VidalClaroscuros(1)Despu\u00e9s de haber afirmado \u2013y reiterado una y otra vez- que la maestra Irma Hern\u00e1ndez Cruz muri\u00f3 de un infarto, la gobernadora Roc\u00edo Nahle Garc\u00eda ha cambiado de estrategia en el rubro de su discurso pol\u00edtico.Luego de aquel lunes 28 de julio, cuando lanz\u00f3 su hist\u00f3rica frase: \u201cles guste o no les [&hellip;]<\/p>\n","protected":false},"author":2,"featured_media":141392,"comment_status":"closed","ping_status":"closed","sticky":false,"template":"","format":"standard","meta":{"tdm_status":"","tdm_grid_status":"","footnotes":""},"categories":[1],"tags":[],"class_list":{"0":"post-152616","1":"post","2":"type-post","3":"status-publish","4":"format-standard","5":"has-post-thumbnail","7":"category-sin-categoria"},"yoast_head":"<!-- This site is optimized with the Yoast SEO plugin v27.4 - https:\/\/yoast.com\/product\/yoast-seo-wordpress\/ -->\n<title>AHUED, INSENSIBLE, IRRESPONSABLE - Los pol\u00edticos Veracruz<\/title>\n<meta name=\"robots\" content=\"index, follow, max-snippet:-1, max-image-preview:large, max-video-preview:-1\" \/>\n<link rel=\"canonical\" href=\"https:\/\/lospoliticosveracruz.com\/?p=152616\" \/>\n<meta property=\"og:locale\" content=\"es_ES\" \/>\n<meta property=\"og:type\" content=\"article\" \/>\n<meta property=\"og:title\" content=\"AHUED, INSENSIBLE, IRRESPONSABLE - Los pol\u00edticos Veracruz\" \/>\n<meta property=\"og:description\" content=\"Jos\u00e9 Luis Ortega VidalClaroscuros(1)Despu\u00e9s de haber afirmado \u2013y reiterado una y otra vez- que la maestra Irma Hern\u00e1ndez Cruz muri\u00f3 de un infarto, la gobernadora Roc\u00edo Nahle Garc\u00eda ha cambiado de estrategia en el rubro de su discurso pol\u00edtico.Luego de aquel lunes 28 de julio, cuando lanz\u00f3 su hist\u00f3rica frase: \u201cles guste o no les [&hellip;]\" \/>\n<meta property=\"og:url\" content=\"https:\/\/lospoliticosveracruz.com\/?p=152616\" \/>\n<meta property=\"og:site_name\" content=\"Los pol\u00edticos Veracruz\" \/>\n<meta property=\"article:publisher\" content=\"https:\/\/www.facebook.com\/people\/Notimemes-de-los-Polticos\/61565672886568\/\" \/>\n<meta property=\"article:published_time\" content=\"2025-09-15T18:31:16+00:00\" \/>\n<meta property=\"article:modified_time\" content=\"2025-09-16T05:51:41+00:00\" \/>\n<meta property=\"og:image\" content=\"https:\/\/lospoliticosveracruz.com\/wp-content\/uploads\/2025\/04\/Jose-Luis-Ortega-Vidal.jpg\" \/>\n\t<meta property=\"og:image:width\" content=\"1250\" \/>\n\t<meta property=\"og:image:height\" content=\"667\" \/>\n\t<meta property=\"og:image:type\" content=\"image\/jpeg\" \/>\n<meta name=\"author\" content=\"Lo viste en Los Pol\u00edticos\" \/>\n<meta name=\"twitter:card\" content=\"summary_large_image\" \/>\n<meta name=\"twitter:creator\" content=\"@LosPoliticosVer\" \/>\n<meta name=\"twitter:site\" content=\"@LosPoliticosVer\" \/>\n<meta name=\"twitter:label1\" content=\"Escrito por\" \/>\n\t<meta name=\"twitter:data1\" content=\"Lo viste en Los Pol\u00edticos\" \/>\n\t<meta name=\"twitter:label2\" content=\"Tiempo de lectura\" \/>\n\t<meta name=\"twitter:data2\" content=\"4 minutos\" \/>\n<script type=\"application\/ld+json\" class=\"yoast-schema-graph\">{\"@context\":\"https:\\\/\\\/schema.org\",\"@graph\":[{\"@type\":\"Article\",\"@id\":\"https:\\\/\\\/lospoliticosveracruz.com\\\/?p=152616#article\",\"isPartOf\":{\"@id\":\"https:\\\/\\\/lospoliticosveracruz.com\\\/?p=152616\"},\"author\":{\"name\":\"Lo viste en Los Pol\u00edticos\",\"@id\":\"https:\\\/\\\/lospoliticosveracruz.com\\\/#\\\/schema\\\/person\\\/b8702bb0e538456e6efd07080bf2a4a2\"},\"headline\":\"AHUED, INSENSIBLE, IRRESPONSABLE\",\"datePublished\":\"2025-09-15T18:31:16+00:00\",\"dateModified\":\"2025-09-16T05:51:41+00:00\",\"mainEntityOfPage\":{\"@id\":\"https:\\\/\\\/lospoliticosveracruz.com\\\/?p=152616\"},\"wordCount\":796,\"publisher\":{\"@id\":\"https:\\\/\\\/lospoliticosveracruz.com\\\/#organization\"},\"image\":{\"@id\":\"https:\\\/\\\/lospoliticosveracruz.com\\\/?p=152616#primaryimage\"},\"thumbnailUrl\":\"https:\\\/\\\/lospoliticosveracruz.com\\\/wp-content\\\/uploads\\\/2025\\\/04\\\/Jose-Luis-Ortega-Vidal.jpg\",\"inLanguage\":\"es\"},{\"@type\":\"WebPage\",\"@id\":\"https:\\\/\\\/lospoliticosveracruz.com\\\/?p=152616\",\"url\":\"https:\\\/\\\/lospoliticosveracruz.com\\\/?p=152616\",\"name\":\"AHUED, INSENSIBLE, IRRESPONSABLE - Los pol\u00edticos Veracruz\",\"isPartOf\":{\"@id\":\"https:\\\/\\\/lospoliticosveracruz.com\\\/#website\"},\"primaryImageOfPage\":{\"@id\":\"https:\\\/\\\/lospoliticosveracruz.com\\\/?p=152616#primaryimage\"},\"image\":{\"@id\":\"https:\\\/\\\/lospoliticosveracruz.com\\\/?p=152616#primaryimage\"},\"thumbnailUrl\":\"https:\\\/\\\/lospoliticosveracruz.com\\\/wp-content\\\/uploads\\\/2025\\\/04\\\/Jose-Luis-Ortega-Vidal.jpg\",\"datePublished\":\"2025-09-15T18:31:16+00:00\",\"dateModified\":\"2025-09-16T05:51:41+00:00\",\"breadcrumb\":{\"@id\":\"https:\\\/\\\/lospoliticosveracruz.com\\\/?p=152616#breadcrumb\"},\"inLanguage\":\"es\",\"potentialAction\":[{\"@type\":\"ReadAction\",\"target\":[\"https:\\\/\\\/lospoliticosveracruz.com\\\/?p=152616\"]}]},{\"@type\":\"ImageObject\",\"inLanguage\":\"es\",\"@id\":\"https:\\\/\\\/lospoliticosveracruz.com\\\/?p=152616#primaryimage\",\"url\":\"https:\\\/\\\/lospoliticosveracruz.com\\\/wp-content\\\/uploads\\\/2025\\\/04\\\/Jose-Luis-Ortega-Vidal.jpg\",\"contentUrl\":\"https:\\\/\\\/lospoliticosveracruz.com\\\/wp-content\\\/uploads\\\/2025\\\/04\\\/Jose-Luis-Ortega-Vidal.jpg\",\"width\":1250,\"height\":667},{\"@type\":\"BreadcrumbList\",\"@id\":\"https:\\\/\\\/lospoliticosveracruz.com\\\/?p=152616#breadcrumb\",\"itemListElement\":[{\"@type\":\"ListItem\",\"position\":1,\"name\":\"Portada\",\"item\":\"https:\\\/\\\/lospoliticosveracruz.com\\\/\"},{\"@type\":\"ListItem\",\"position\":2,\"name\":\"AHUED, INSENSIBLE, IRRESPONSABLE\"}]},{\"@type\":\"WebSite\",\"@id\":\"https:\\\/\\\/lospoliticosveracruz.com\\\/#website\",\"url\":\"https:\\\/\\\/lospoliticosveracruz.com\\\/\",\"name\":\"Los pol\u00edticos Veracruz\",\"description\":\"\",\"publisher\":{\"@id\":\"https:\\\/\\\/lospoliticosveracruz.com\\\/#organization\"},\"potentialAction\":[{\"@type\":\"SearchAction\",\"target\":{\"@type\":\"EntryPoint\",\"urlTemplate\":\"https:\\\/\\\/lospoliticosveracruz.com\\\/?s={search_term_string}\"},\"query-input\":{\"@type\":\"PropertyValueSpecification\",\"valueRequired\":true,\"valueName\":\"search_term_string\"}}],\"inLanguage\":\"es\"},{\"@type\":\"Organization\",\"@id\":\"https:\\\/\\\/lospoliticosveracruz.com\\\/#organization\",\"name\":\"Los pol\u00edticos Veracruz\",\"url\":\"https:\\\/\\\/lospoliticosveracruz.com\\\/\",\"logo\":{\"@type\":\"ImageObject\",\"inLanguage\":\"es\",\"@id\":\"https:\\\/\\\/lospoliticosveracruz.com\\\/#\\\/schema\\\/logo\\\/image\\\/\",\"url\":\"https:\\\/\\\/lospoliticosveracruz.com\\\/wp-content\\\/uploads\\\/2025\\\/12\\\/Logo-Nuevo-LOS-POLITICOS-1.jpg\",\"contentUrl\":\"https:\\\/\\\/lospoliticosveracruz.com\\\/wp-content\\\/uploads\\\/2025\\\/12\\\/Logo-Nuevo-LOS-POLITICOS-1.jpg\",\"width\":260,\"height\":70,\"caption\":\"Los pol\u00edticos Veracruz\"},\"image\":{\"@id\":\"https:\\\/\\\/lospoliticosveracruz.com\\\/#\\\/schema\\\/logo\\\/image\\\/\"},\"sameAs\":[\"https:\\\/\\\/www.facebook.com\\\/people\\\/Notimemes-de-los-Polticos\\\/61565672886568\\\/\",\"https:\\\/\\\/x.com\\\/LosPoliticosVer\"]},{\"@type\":\"Person\",\"@id\":\"https:\\\/\\\/lospoliticosveracruz.com\\\/#\\\/schema\\\/person\\\/b8702bb0e538456e6efd07080bf2a4a2\",\"name\":\"Lo viste en Los Pol\u00edticos\",\"image\":{\"@type\":\"ImageObject\",\"inLanguage\":\"es\",\"@id\":\"https:\\\/\\\/secure.gravatar.com\\\/avatar\\\/3a8de04a2656d44082be478bd6c086daa447c4651605818287b9532d3d0bd435?s=96&d=mm&r=g\",\"url\":\"https:\\\/\\\/secure.gravatar.com\\\/avatar\\\/3a8de04a2656d44082be478bd6c086daa447c4651605818287b9532d3d0bd435?s=96&d=mm&r=g\",\"contentUrl\":\"https:\\\/\\\/secure.gravatar.com\\\/avatar\\\/3a8de04a2656d44082be478bd6c086daa447c4651605818287b9532d3d0bd435?s=96&d=mm&r=g\",\"caption\":\"Lo viste en Los Pol\u00edticos\"},\"url\":\"https:\\\/\\\/lospoliticosveracruz.com\\\/?author=2\"}]}<\/script>\n<!-- \/ Yoast SEO plugin. -->","yoast_head_json":{"title":"AHUED, INSENSIBLE, IRRESPONSABLE - Los pol\u00edticos Veracruz","robots":{"index":"index","follow":"follow","max-snippet":"max-snippet:-1","max-image-preview":"max-image-preview:large","max-video-preview":"max-video-preview:-1"},"canonical":"https:\/\/lospoliticosveracruz.com\/?p=152616","og_locale":"es_ES","og_type":"article","og_title":"AHUED, INSENSIBLE, IRRESPONSABLE - Los pol\u00edticos Veracruz","og_description":"Jos\u00e9 Luis Ortega VidalClaroscuros(1)Despu\u00e9s de haber afirmado \u2013y reiterado una y otra vez- que la maestra Irma Hern\u00e1ndez Cruz muri\u00f3 de un infarto, la gobernadora Roc\u00edo Nahle Garc\u00eda ha cambiado de estrategia en el rubro de su discurso pol\u00edtico.Luego de aquel lunes 28 de julio, cuando lanz\u00f3 su hist\u00f3rica frase: \u201cles guste o no les [&hellip;]","og_url":"https:\/\/lospoliticosveracruz.com\/?p=152616","og_site_name":"Los pol\u00edticos Veracruz","article_publisher":"https:\/\/www.facebook.com\/people\/Notimemes-de-los-Polticos\/61565672886568\/","article_published_time":"2025-09-15T18:31:16+00:00","article_modified_time":"2025-09-16T05:51:41+00:00","og_image":[{"width":1250,"height":667,"url":"https:\/\/lospoliticosveracruz.com\/wp-content\/uploads\/2025\/04\/Jose-Luis-Ortega-Vidal.jpg","type":"image\/jpeg"}],"author":"Lo viste en Los Pol\u00edticos","twitter_card":"summary_large_image","twitter_creator":"@LosPoliticosVer","twitter_site":"@LosPoliticosVer","twitter_misc":{"Escrito por":"Lo viste en Los Pol\u00edticos","Tiempo de lectura":"4 minutos"},"schema":{"@context":"https:\/\/schema.org","@graph":[{"@type":"Article","@id":"https:\/\/lospoliticosveracruz.com\/?p=152616#article","isPartOf":{"@id":"https:\/\/lospoliticosveracruz.com\/?p=152616"},"author":{"name":"Lo viste en Los Pol\u00edticos","@id":"https:\/\/lospoliticosveracruz.com\/#\/schema\/person\/b8702bb0e538456e6efd07080bf2a4a2"},"headline":"AHUED, INSENSIBLE, IRRESPONSABLE","datePublished":"2025-09-15T18:31:16+00:00","dateModified":"2025-09-16T05:51:41+00:00","mainEntityOfPage":{"@id":"https:\/\/lospoliticosveracruz.com\/?p=152616"},"wordCount":796,"publisher":{"@id":"https:\/\/lospoliticosveracruz.com\/#organization"},"image":{"@id":"https:\/\/lospoliticosveracruz.com\/?p=152616#primaryimage"},"thumbnailUrl":"https:\/\/lospoliticosveracruz.com\/wp-content\/uploads\/2025\/04\/Jose-Luis-Ortega-Vidal.jpg","inLanguage":"es"},{"@type":"WebPage","@id":"https:\/\/lospoliticosveracruz.com\/?p=152616","url":"https:\/\/lospoliticosveracruz.com\/?p=152616","name":"AHUED, INSENSIBLE, IRRESPONSABLE - Los pol\u00edticos Veracruz","isPartOf":{"@id":"https:\/\/lospoliticosveracruz.com\/#website"},"primaryImageOfPage":{"@id":"https:\/\/lospoliticosveracruz.com\/?p=152616#primaryimage"},"image":{"@id":"https:\/\/lospoliticosveracruz.com\/?p=152616#primaryimage"},"thumbnailUrl":"https:\/\/lospoliticosveracruz.com\/wp-content\/uploads\/2025\/04\/Jose-Luis-Ortega-Vidal.jpg","datePublished":"2025-09-15T18:31:16+00:00","dateModified":"2025-09-16T05:51:41+00:00","breadcrumb":{"@id":"https:\/\/lospoliticosveracruz.com\/?p=152616#breadcrumb"},"inLanguage":"es","potentialAction":[{"@type":"ReadAction","target":["https:\/\/lospoliticosveracruz.com\/?p=152616"]}]},{"@type":"ImageObject","inLanguage":"es","@id":"https:\/\/lospoliticosveracruz.com\/?p=152616#primaryimage","url":"https:\/\/lospoliticosveracruz.com\/wp-content\/uploads\/2025\/04\/Jose-Luis-Ortega-Vidal.jpg","contentUrl":"https:\/\/lospoliticosveracruz.com\/wp-content\/uploads\/2025\/04\/Jose-Luis-Ortega-Vidal.jpg","width":1250,"height":667},{"@type":"BreadcrumbList","@id":"https:\/\/lospoliticosveracruz.com\/?p=152616#breadcrumb","itemListElement":[{"@type":"ListItem","position":1,"name":"Portada","item":"https:\/\/lospoliticosveracruz.com\/"},{"@type":"ListItem","position":2,"name":"AHUED, INSENSIBLE, IRRESPONSABLE"}]},{"@type":"WebSite","@id":"https:\/\/lospoliticosveracruz.com\/#website","url":"https:\/\/lospoliticosveracruz.com\/","name":"Los pol\u00edticos Veracruz","description":"","publisher":{"@id":"https:\/\/lospoliticosveracruz.com\/#organization"},"potentialAction":[{"@type":"SearchAction","target":{"@type":"EntryPoint","urlTemplate":"https:\/\/lospoliticosveracruz.com\/?s={search_term_string}"},"query-input":{"@type":"PropertyValueSpecification","valueRequired":true,"valueName":"search_term_string"}}],"inLanguage":"es"},{"@type":"Organization","@id":"https:\/\/lospoliticosveracruz.com\/#organization","name":"Los pol\u00edticos Veracruz","url":"https:\/\/lospoliticosveracruz.com\/","logo":{"@type":"ImageObject","inLanguage":"es","@id":"https:\/\/lospoliticosveracruz.com\/#\/schema\/logo\/image\/","url":"https:\/\/lospoliticosveracruz.com\/wp-content\/uploads\/2025\/12\/Logo-Nuevo-LOS-POLITICOS-1.jpg","contentUrl":"https:\/\/lospoliticosveracruz.com\/wp-content\/uploads\/2025\/12\/Logo-Nuevo-LOS-POLITICOS-1.jpg","width":260,"height":70,"caption":"Los pol\u00edticos Veracruz"},"image":{"@id":"https:\/\/lospoliticosveracruz.com\/#\/schema\/logo\/image\/"},"sameAs":["https:\/\/www.facebook.com\/people\/Notimemes-de-los-Polticos\/61565672886568\/","https:\/\/x.com\/LosPoliticosVer"]},{"@type":"Person","@id":"https:\/\/lospoliticosveracruz.com\/#\/schema\/person\/b8702bb0e538456e6efd07080bf2a4a2","name":"Lo viste en Los Pol\u00edticos","image":{"@type":"ImageObject","inLanguage":"es","@id":"https:\/\/secure.gravatar.com\/avatar\/3a8de04a2656d44082be478bd6c086daa447c4651605818287b9532d3d0bd435?s=96&d=mm&r=g","url":"https:\/\/secure.gravatar.com\/avatar\/3a8de04a2656d44082be478bd6c086daa447c4651605818287b9532d3d0bd435?s=96&d=mm&r=g","contentUrl":"https:\/\/secure.gravatar.com\/avatar\/3a8de04a2656d44082be478bd6c086daa447c4651605818287b9532d3d0bd435?s=96&d=mm&r=g","caption":"Lo viste en Los Pol\u00edticos"},"url":"https:\/\/lospoliticosveracruz.com\/?author=2"}]}},"_links":{"self":[{"href":"https:\/\/lospoliticosveracruz.com\/index.php?rest_route=\/wp\/v2\/posts\/152616","targetHints":{"allow":["GET"]}}],"collection":[{"href":"https:\/\/lospoliticosveracruz.com\/index.php?rest_route=\/wp\/v2\/posts"}],"about":[{"href":"https:\/\/lospoliticosveracruz.com\/index.php?rest_route=\/wp\/v2\/types\/post"}],"author":[{"embeddable":true,"href":"https:\/\/lospoliticosveracruz.com\/index.php?rest_route=\/wp\/v2\/users\/2"}],"replies":[{"embeddable":true,"href":"https:\/\/lospoliticosveracruz.com\/index.php?rest_route=%2Fwp%2Fv2%2Fcomments&post=152616"}],"version-history":[{"count":2,"href":"https:\/\/lospoliticosveracruz.com\/index.php?rest_route=\/wp\/v2\/posts\/152616\/revisions"}],"predecessor-version":[{"id":152656,"href":"https:\/\/lospoliticosveracruz.com\/index.php?rest_route=\/wp\/v2\/posts\/152616\/revisions\/152656"}],"wp:featuredmedia":[{"embeddable":true,"href":"https:\/\/lospoliticosveracruz.com\/index.php?rest_route=\/wp\/v2\/media\/141392"}],"wp:attachment":[{"href":"https:\/\/lospoliticosveracruz.com\/index.php?rest_route=%2Fwp%2Fv2%2Fmedia&parent=152616"}],"wp:term":[{"taxonomy":"category","embeddable":true,"href":"https:\/\/lospoliticosveracruz.com\/index.php?rest_route=%2Fwp%2Fv2%2Fcategories&post=152616"},{"taxonomy":"post_tag","embeddable":true,"href":"https:\/\/lospoliticosveracruz.com\/index.php?rest_route=%2Fwp%2Fv2%2Ftags&post=152616"}],"curies":[{"name":"wp","href":"https:\/\/api.w.org\/{rel}","templated":true}]}}