{"id":152657,"date":"2025-09-16T08:33:40","date_gmt":"2025-09-16T13:33:40","guid":{"rendered":"https:\/\/lospoliticosveracruz.com.mx\/?p=152657"},"modified":"2025-09-16T08:33:56","modified_gmt":"2025-09-16T13:33:56","slug":"boca-amor-por-mexico","status":"publish","type":"post","link":"https:\/\/lospoliticosveracruz.com\/?p=152657","title":{"rendered":"BOCA, AMOR POR M\u00c9XICO!"},"content":{"rendered":"\n\n\n<p>En una noche llena de orgullo patrio, el alcalde de Boca del R\u00edo, Juan Manuel Un\u00e1nue Abascal, encabez\u00f3 la Ceremonia Protocolaria del 215 Aniversario del Grito de Independencia de M\u00e9xico, recordando a los h\u00e9roes que les dieron Patria y Libertad a los mexicanos.<\/p>\n\n\n\n\n\n<p>Con una Plaza C\u00edvica llena con miles de asistentes, el acto comenz\u00f3 con el traslado del edil boque\u00f1o por los pasillos del Palacio Municipal, acompa\u00f1ado por la presidenta del DIF, Melina Rivera de Un\u00e1nue, y su peque\u00f1a hija Aitana rumbo al balc\u00f3n principal.&nbsp;<\/p>\n\n\n\n<p>Tras el toque de corneta, la s\u00edndica \u00fanica, Susana Tiburcio Galicia, entreg\u00f3 el l\u00e1baro patrio a la escolta de la Escuela N\u00e1utica Mercante Fernando Siliceo, que posteriormente lo condujo hacia el arco de acceso al balc\u00f3n para entregarlo al presidente municipal.<\/p>\n\n\n\n<p>Ya en el balc\u00f3n del palacio, el alcalde recibi\u00f3 la bandera nacional e hizo sonar la campana para iniciar la tradicional arenga:<\/p>\n\n\n\n<p>\u201c\u00a1Boque\u00f1os y boque\u00f1as, vivan los h\u00e9roes que nos dieron patria y libertad, viva Hidalgo, viva Morelos, viva Josefa Ortiz de Dom\u00ednguez, viva Allende, viva Aldama, viva Galeana, viva Nicol\u00e1s Bravo, viva la Independencia nacional, viva Boca del R\u00edo, Veracruz, viva M\u00e9xico, viva M\u00e9xico, viva M\u00e9xico!\u201d.<\/p>\n\n\n\n<p>Al t\u00e9rmino del Grito se replic\u00f3 nuevamente la campana en seis ocasiones e inmediatamente se onde\u00f3 la bandera, mientras los presentes entonaron el Himno Nacional Mexicano.&nbsp;<\/p>\n\n\n\n<p>Posteriormente, el alcalde boque\u00f1o portando en sus manos el l\u00e1baro patrio, lo entreg\u00f3 a la escolta en se\u00f1al de respeto a los s\u00edmbolos nacionales.<\/p>\n\n\n\n<p>La noche continu\u00f3 con un espect\u00e1culo de pirotecnia que ilumin\u00f3 el cielo, acompa\u00f1ado por la participaci\u00f3n de la banda musical del CBTIS 79.&nbsp;<\/p>\n\n\n\n<p>Previamente, el p\u00fablico disfrut\u00f3 de un evento cultural y folcl\u00f3rico con estampas regionales de varios estados, as\u00ed como de la presentaci\u00f3n del imitador de Juan Gabriel y del cantante Jorge Flores con m\u00fasica de banda.<\/p>\n\n\n\n<p>Para cerrar la celebraci\u00f3n, los asistentes degustaron tacos al pastor y aguas frescas, compartiendo un momento de convivencia que reafirm\u00f3 el amor de Boca del R\u00edo por M\u00e9xico y su respeto hacia los h\u00e9roes que, con su valent\u00eda y pensamiento, forjaron la libertad e independencia de la naci\u00f3n.<\/p>\n","protected":false},"excerpt":{"rendered":"<p>En una noche llena de orgullo patrio, el alcalde de Boca del R\u00edo, Juan Manuel Un\u00e1nue Abascal, encabez\u00f3 la Ceremonia Protocolaria del 215 Aniversario del Grito de Independencia de M\u00e9xico, recordando a los h\u00e9roes que les dieron Patria y Libertad a los mexicanos. Con una Plaza C\u00edvica llena con miles de asistentes, el acto comenz\u00f3 [&hellip;]<\/p>\n","protected":false},"author":2,"featured_media":152658,"comment_status":"closed","ping_status":"closed","sticky":false,"template":"","format":"standard","meta":{"tdm_status":"","tdm_grid_status":"","footnotes":""},"categories":[73],"tags":[],"class_list":{"0":"post-152657","1":"post","2":"type-post","3":"status-publish","4":"format-standard","5":"has-post-thumbnail","7":"category-de-boleto"},"yoast_head":"<!-- This site is optimized with the Yoast SEO plugin v27.4 - https:\/\/yoast.com\/product\/yoast-seo-wordpress\/ -->\n<title>BOCA, AMOR POR M\u00c9XICO! - Los pol\u00edticos Veracruz<\/title>\n<meta name=\"robots\" content=\"index, follow, max-snippet:-1, max-image-preview:large, max-video-preview:-1\" \/>\n<link rel=\"canonical\" href=\"https:\/\/lospoliticosveracruz.com\/?p=152657\" \/>\n<meta property=\"og:locale\" content=\"es_ES\" \/>\n<meta property=\"og:type\" content=\"article\" \/>\n<meta property=\"og:title\" content=\"BOCA, AMOR POR M\u00c9XICO! - Los pol\u00edticos Veracruz\" \/>\n<meta property=\"og:description\" content=\"En una noche llena de orgullo patrio, el alcalde de Boca del R\u00edo, Juan Manuel Un\u00e1nue Abascal, encabez\u00f3 la Ceremonia Protocolaria del 215 Aniversario del Grito de Independencia de M\u00e9xico, recordando a los h\u00e9roes que les dieron Patria y Libertad a los mexicanos. Con una Plaza C\u00edvica llena con miles de asistentes, el acto comenz\u00f3 [&hellip;]\" \/>\n<meta property=\"og:url\" content=\"https:\/\/lospoliticosveracruz.com\/?p=152657\" \/>\n<meta property=\"og:site_name\" content=\"Los pol\u00edticos Veracruz\" \/>\n<meta property=\"article:publisher\" content=\"https:\/\/www.facebook.com\/people\/Notimemes-de-los-Polticos\/61565672886568\/\" \/>\n<meta property=\"article:published_time\" content=\"2025-09-16T13:33:40+00:00\" \/>\n<meta property=\"article:modified_time\" content=\"2025-09-16T13:33:56+00:00\" \/>\n<meta property=\"og:image\" content=\"https:\/\/lospoliticosveracruz.com\/wp-content\/uploads\/2025\/09\/IMG_7928.jpeg\" \/>\n\t<meta property=\"og:image:width\" content=\"600\" \/>\n\t<meta property=\"og:image:height\" content=\"320\" \/>\n\t<meta property=\"og:image:type\" content=\"image\/jpeg\" \/>\n<meta name=\"author\" content=\"Lo viste en Los Pol\u00edticos\" \/>\n<meta name=\"twitter:card\" content=\"summary_large_image\" \/>\n<meta name=\"twitter:creator\" content=\"@LosPoliticosVer\" \/>\n<meta name=\"twitter:site\" content=\"@LosPoliticosVer\" \/>\n<meta name=\"twitter:label1\" content=\"Escrito por\" \/>\n\t<meta name=\"twitter:data1\" content=\"Lo viste en Los Pol\u00edticos\" \/>\n\t<meta name=\"twitter:label2\" content=\"Tiempo de lectura\" \/>\n\t<meta name=\"twitter:data2\" content=\"2 minutos\" \/>\n<script type=\"application\/ld+json\" class=\"yoast-schema-graph\">{\"@context\":\"https:\\\/\\\/schema.org\",\"@graph\":[{\"@type\":\"Article\",\"@id\":\"https:\\\/\\\/lospoliticosveracruz.com\\\/?p=152657#article\",\"isPartOf\":{\"@id\":\"https:\\\/\\\/lospoliticosveracruz.com\\\/?p=152657\"},\"author\":{\"name\":\"Lo viste en Los Pol\u00edticos\",\"@id\":\"https:\\\/\\\/lospoliticosveracruz.com\\\/#\\\/schema\\\/person\\\/b8702bb0e538456e6efd07080bf2a4a2\"},\"headline\":\"BOCA, AMOR POR M\u00c9XICO!\",\"datePublished\":\"2025-09-16T13:33:40+00:00\",\"dateModified\":\"2025-09-16T13:33:56+00:00\",\"mainEntityOfPage\":{\"@id\":\"https:\\\/\\\/lospoliticosveracruz.com\\\/?p=152657\"},\"wordCount\":398,\"publisher\":{\"@id\":\"https:\\\/\\\/lospoliticosveracruz.com\\\/#organization\"},\"image\":{\"@id\":\"https:\\\/\\\/lospoliticosveracruz.com\\\/?p=152657#primaryimage\"},\"thumbnailUrl\":\"https:\\\/\\\/lospoliticosveracruz.com\\\/wp-content\\\/uploads\\\/2025\\\/09\\\/IMG_7928.jpeg\",\"articleSection\":[\"De Boleto\"],\"inLanguage\":\"es\"},{\"@type\":\"WebPage\",\"@id\":\"https:\\\/\\\/lospoliticosveracruz.com\\\/?p=152657\",\"url\":\"https:\\\/\\\/lospoliticosveracruz.com\\\/?p=152657\",\"name\":\"BOCA, AMOR POR M\u00c9XICO! - Los pol\u00edticos Veracruz\",\"isPartOf\":{\"@id\":\"https:\\\/\\\/lospoliticosveracruz.com\\\/#website\"},\"primaryImageOfPage\":{\"@id\":\"https:\\\/\\\/lospoliticosveracruz.com\\\/?p=152657#primaryimage\"},\"image\":{\"@id\":\"https:\\\/\\\/lospoliticosveracruz.com\\\/?p=152657#primaryimage\"},\"thumbnailUrl\":\"https:\\\/\\\/lospoliticosveracruz.com\\\/wp-content\\\/uploads\\\/2025\\\/09\\\/IMG_7928.jpeg\",\"datePublished\":\"2025-09-16T13:33:40+00:00\",\"dateModified\":\"2025-09-16T13:33:56+00:00\",\"breadcrumb\":{\"@id\":\"https:\\\/\\\/lospoliticosveracruz.com\\\/?p=152657#breadcrumb\"},\"inLanguage\":\"es\",\"potentialAction\":[{\"@type\":\"ReadAction\",\"target\":[\"https:\\\/\\\/lospoliticosveracruz.com\\\/?p=152657\"]}]},{\"@type\":\"ImageObject\",\"inLanguage\":\"es\",\"@id\":\"https:\\\/\\\/lospoliticosveracruz.com\\\/?p=152657#primaryimage\",\"url\":\"https:\\\/\\\/lospoliticosveracruz.com\\\/wp-content\\\/uploads\\\/2025\\\/09\\\/IMG_7928.jpeg\",\"contentUrl\":\"https:\\\/\\\/lospoliticosveracruz.com\\\/wp-content\\\/uploads\\\/2025\\\/09\\\/IMG_7928.jpeg\",\"width\":600,\"height\":320},{\"@type\":\"BreadcrumbList\",\"@id\":\"https:\\\/\\\/lospoliticosveracruz.com\\\/?p=152657#breadcrumb\",\"itemListElement\":[{\"@type\":\"ListItem\",\"position\":1,\"name\":\"Portada\",\"item\":\"https:\\\/\\\/lospoliticosveracruz.com\\\/\"},{\"@type\":\"ListItem\",\"position\":2,\"name\":\"BOCA, AMOR POR M\u00c9XICO!\"}]},{\"@type\":\"WebSite\",\"@id\":\"https:\\\/\\\/lospoliticosveracruz.com\\\/#website\",\"url\":\"https:\\\/\\\/lospoliticosveracruz.com\\\/\",\"name\":\"Los pol\u00edticos Veracruz\",\"description\":\"\",\"publisher\":{\"@id\":\"https:\\\/\\\/lospoliticosveracruz.com\\\/#organization\"},\"potentialAction\":[{\"@type\":\"SearchAction\",\"target\":{\"@type\":\"EntryPoint\",\"urlTemplate\":\"https:\\\/\\\/lospoliticosveracruz.com\\\/?s={search_term_string}\"},\"query-input\":{\"@type\":\"PropertyValueSpecification\",\"valueRequired\":true,\"valueName\":\"search_term_string\"}}],\"inLanguage\":\"es\"},{\"@type\":\"Organization\",\"@id\":\"https:\\\/\\\/lospoliticosveracruz.com\\\/#organization\",\"name\":\"Los pol\u00edticos Veracruz\",\"url\":\"https:\\\/\\\/lospoliticosveracruz.com\\\/\",\"logo\":{\"@type\":\"ImageObject\",\"inLanguage\":\"es\",\"@id\":\"https:\\\/\\\/lospoliticosveracruz.com\\\/#\\\/schema\\\/logo\\\/image\\\/\",\"url\":\"https:\\\/\\\/lospoliticosveracruz.com\\\/wp-content\\\/uploads\\\/2025\\\/12\\\/Logo-Nuevo-LOS-POLITICOS-1.jpg\",\"contentUrl\":\"https:\\\/\\\/lospoliticosveracruz.com\\\/wp-content\\\/uploads\\\/2025\\\/12\\\/Logo-Nuevo-LOS-POLITICOS-1.jpg\",\"width\":260,\"height\":70,\"caption\":\"Los pol\u00edticos Veracruz\"},\"image\":{\"@id\":\"https:\\\/\\\/lospoliticosveracruz.com\\\/#\\\/schema\\\/logo\\\/image\\\/\"},\"sameAs\":[\"https:\\\/\\\/www.facebook.com\\\/people\\\/Notimemes-de-los-Polticos\\\/61565672886568\\\/\",\"https:\\\/\\\/x.com\\\/LosPoliticosVer\"]},{\"@type\":\"Person\",\"@id\":\"https:\\\/\\\/lospoliticosveracruz.com\\\/#\\\/schema\\\/person\\\/b8702bb0e538456e6efd07080bf2a4a2\",\"name\":\"Lo viste en Los Pol\u00edticos\",\"image\":{\"@type\":\"ImageObject\",\"inLanguage\":\"es\",\"@id\":\"https:\\\/\\\/secure.gravatar.com\\\/avatar\\\/3a8de04a2656d44082be478bd6c086daa447c4651605818287b9532d3d0bd435?s=96&d=mm&r=g\",\"url\":\"https:\\\/\\\/secure.gravatar.com\\\/avatar\\\/3a8de04a2656d44082be478bd6c086daa447c4651605818287b9532d3d0bd435?s=96&d=mm&r=g\",\"contentUrl\":\"https:\\\/\\\/secure.gravatar.com\\\/avatar\\\/3a8de04a2656d44082be478bd6c086daa447c4651605818287b9532d3d0bd435?s=96&d=mm&r=g\",\"caption\":\"Lo viste en Los Pol\u00edticos\"},\"url\":\"https:\\\/\\\/lospoliticosveracruz.com\\\/?author=2\"}]}<\/script>\n<!-- \/ Yoast SEO plugin. -->","yoast_head_json":{"title":"BOCA, AMOR POR M\u00c9XICO! - Los pol\u00edticos Veracruz","robots":{"index":"index","follow":"follow","max-snippet":"max-snippet:-1","max-image-preview":"max-image-preview:large","max-video-preview":"max-video-preview:-1"},"canonical":"https:\/\/lospoliticosveracruz.com\/?p=152657","og_locale":"es_ES","og_type":"article","og_title":"BOCA, AMOR POR M\u00c9XICO! - Los pol\u00edticos Veracruz","og_description":"En una noche llena de orgullo patrio, el alcalde de Boca del R\u00edo, Juan Manuel Un\u00e1nue Abascal, encabez\u00f3 la Ceremonia Protocolaria del 215 Aniversario del Grito de Independencia de M\u00e9xico, recordando a los h\u00e9roes que les dieron Patria y Libertad a los mexicanos. Con una Plaza C\u00edvica llena con miles de asistentes, el acto comenz\u00f3 [&hellip;]","og_url":"https:\/\/lospoliticosveracruz.com\/?p=152657","og_site_name":"Los pol\u00edticos Veracruz","article_publisher":"https:\/\/www.facebook.com\/people\/Notimemes-de-los-Polticos\/61565672886568\/","article_published_time":"2025-09-16T13:33:40+00:00","article_modified_time":"2025-09-16T13:33:56+00:00","og_image":[{"width":600,"height":320,"url":"https:\/\/lospoliticosveracruz.com\/wp-content\/uploads\/2025\/09\/IMG_7928.jpeg","type":"image\/jpeg"}],"author":"Lo viste en Los Pol\u00edticos","twitter_card":"summary_large_image","twitter_creator":"@LosPoliticosVer","twitter_site":"@LosPoliticosVer","twitter_misc":{"Escrito por":"Lo viste en Los Pol\u00edticos","Tiempo de lectura":"2 minutos"},"schema":{"@context":"https:\/\/schema.org","@graph":[{"@type":"Article","@id":"https:\/\/lospoliticosveracruz.com\/?p=152657#article","isPartOf":{"@id":"https:\/\/lospoliticosveracruz.com\/?p=152657"},"author":{"name":"Lo viste en Los Pol\u00edticos","@id":"https:\/\/lospoliticosveracruz.com\/#\/schema\/person\/b8702bb0e538456e6efd07080bf2a4a2"},"headline":"BOCA, AMOR POR M\u00c9XICO!","datePublished":"2025-09-16T13:33:40+00:00","dateModified":"2025-09-16T13:33:56+00:00","mainEntityOfPage":{"@id":"https:\/\/lospoliticosveracruz.com\/?p=152657"},"wordCount":398,"publisher":{"@id":"https:\/\/lospoliticosveracruz.com\/#organization"},"image":{"@id":"https:\/\/lospoliticosveracruz.com\/?p=152657#primaryimage"},"thumbnailUrl":"https:\/\/lospoliticosveracruz.com\/wp-content\/uploads\/2025\/09\/IMG_7928.jpeg","articleSection":["De Boleto"],"inLanguage":"es"},{"@type":"WebPage","@id":"https:\/\/lospoliticosveracruz.com\/?p=152657","url":"https:\/\/lospoliticosveracruz.com\/?p=152657","name":"BOCA, AMOR POR M\u00c9XICO! - Los pol\u00edticos Veracruz","isPartOf":{"@id":"https:\/\/lospoliticosveracruz.com\/#website"},"primaryImageOfPage":{"@id":"https:\/\/lospoliticosveracruz.com\/?p=152657#primaryimage"},"image":{"@id":"https:\/\/lospoliticosveracruz.com\/?p=152657#primaryimage"},"thumbnailUrl":"https:\/\/lospoliticosveracruz.com\/wp-content\/uploads\/2025\/09\/IMG_7928.jpeg","datePublished":"2025-09-16T13:33:40+00:00","dateModified":"2025-09-16T13:33:56+00:00","breadcrumb":{"@id":"https:\/\/lospoliticosveracruz.com\/?p=152657#breadcrumb"},"inLanguage":"es","potentialAction":[{"@type":"ReadAction","target":["https:\/\/lospoliticosveracruz.com\/?p=152657"]}]},{"@type":"ImageObject","inLanguage":"es","@id":"https:\/\/lospoliticosveracruz.com\/?p=152657#primaryimage","url":"https:\/\/lospoliticosveracruz.com\/wp-content\/uploads\/2025\/09\/IMG_7928.jpeg","contentUrl":"https:\/\/lospoliticosveracruz.com\/wp-content\/uploads\/2025\/09\/IMG_7928.jpeg","width":600,"height":320},{"@type":"BreadcrumbList","@id":"https:\/\/lospoliticosveracruz.com\/?p=152657#breadcrumb","itemListElement":[{"@type":"ListItem","position":1,"name":"Portada","item":"https:\/\/lospoliticosveracruz.com\/"},{"@type":"ListItem","position":2,"name":"BOCA, AMOR POR M\u00c9XICO!"}]},{"@type":"WebSite","@id":"https:\/\/lospoliticosveracruz.com\/#website","url":"https:\/\/lospoliticosveracruz.com\/","name":"Los pol\u00edticos Veracruz","description":"","publisher":{"@id":"https:\/\/lospoliticosveracruz.com\/#organization"},"potentialAction":[{"@type":"SearchAction","target":{"@type":"EntryPoint","urlTemplate":"https:\/\/lospoliticosveracruz.com\/?s={search_term_string}"},"query-input":{"@type":"PropertyValueSpecification","valueRequired":true,"valueName":"search_term_string"}}],"inLanguage":"es"},{"@type":"Organization","@id":"https:\/\/lospoliticosveracruz.com\/#organization","name":"Los pol\u00edticos Veracruz","url":"https:\/\/lospoliticosveracruz.com\/","logo":{"@type":"ImageObject","inLanguage":"es","@id":"https:\/\/lospoliticosveracruz.com\/#\/schema\/logo\/image\/","url":"https:\/\/lospoliticosveracruz.com\/wp-content\/uploads\/2025\/12\/Logo-Nuevo-LOS-POLITICOS-1.jpg","contentUrl":"https:\/\/lospoliticosveracruz.com\/wp-content\/uploads\/2025\/12\/Logo-Nuevo-LOS-POLITICOS-1.jpg","width":260,"height":70,"caption":"Los pol\u00edticos Veracruz"},"image":{"@id":"https:\/\/lospoliticosveracruz.com\/#\/schema\/logo\/image\/"},"sameAs":["https:\/\/www.facebook.com\/people\/Notimemes-de-los-Polticos\/61565672886568\/","https:\/\/x.com\/LosPoliticosVer"]},{"@type":"Person","@id":"https:\/\/lospoliticosveracruz.com\/#\/schema\/person\/b8702bb0e538456e6efd07080bf2a4a2","name":"Lo viste en Los Pol\u00edticos","image":{"@type":"ImageObject","inLanguage":"es","@id":"https:\/\/secure.gravatar.com\/avatar\/3a8de04a2656d44082be478bd6c086daa447c4651605818287b9532d3d0bd435?s=96&d=mm&r=g","url":"https:\/\/secure.gravatar.com\/avatar\/3a8de04a2656d44082be478bd6c086daa447c4651605818287b9532d3d0bd435?s=96&d=mm&r=g","contentUrl":"https:\/\/secure.gravatar.com\/avatar\/3a8de04a2656d44082be478bd6c086daa447c4651605818287b9532d3d0bd435?s=96&d=mm&r=g","caption":"Lo viste en Los Pol\u00edticos"},"url":"https:\/\/lospoliticosveracruz.com\/?author=2"}]}},"_links":{"self":[{"href":"https:\/\/lospoliticosveracruz.com\/index.php?rest_route=\/wp\/v2\/posts\/152657","targetHints":{"allow":["GET"]}}],"collection":[{"href":"https:\/\/lospoliticosveracruz.com\/index.php?rest_route=\/wp\/v2\/posts"}],"about":[{"href":"https:\/\/lospoliticosveracruz.com\/index.php?rest_route=\/wp\/v2\/types\/post"}],"author":[{"embeddable":true,"href":"https:\/\/lospoliticosveracruz.com\/index.php?rest_route=\/wp\/v2\/users\/2"}],"replies":[{"embeddable":true,"href":"https:\/\/lospoliticosveracruz.com\/index.php?rest_route=%2Fwp%2Fv2%2Fcomments&post=152657"}],"version-history":[{"count":1,"href":"https:\/\/lospoliticosveracruz.com\/index.php?rest_route=\/wp\/v2\/posts\/152657\/revisions"}],"predecessor-version":[{"id":152659,"href":"https:\/\/lospoliticosveracruz.com\/index.php?rest_route=\/wp\/v2\/posts\/152657\/revisions\/152659"}],"wp:featuredmedia":[{"embeddable":true,"href":"https:\/\/lospoliticosveracruz.com\/index.php?rest_route=\/wp\/v2\/media\/152658"}],"wp:attachment":[{"href":"https:\/\/lospoliticosveracruz.com\/index.php?rest_route=%2Fwp%2Fv2%2Fmedia&parent=152657"}],"wp:term":[{"taxonomy":"category","embeddable":true,"href":"https:\/\/lospoliticosveracruz.com\/index.php?rest_route=%2Fwp%2Fv2%2Fcategories&post=152657"},{"taxonomy":"post_tag","embeddable":true,"href":"https:\/\/lospoliticosveracruz.com\/index.php?rest_route=%2Fwp%2Fv2%2Ftags&post=152657"}],"curies":[{"name":"wp","href":"https:\/\/api.w.org\/{rel}","templated":true}]}}