{"id":152703,"date":"2025-09-17T00:46:07","date_gmt":"2025-09-17T05:46:07","guid":{"rendered":"https:\/\/lospoliticosveracruz.com.mx\/?p=152703"},"modified":"2025-09-17T00:46:46","modified_gmt":"2025-09-17T05:46:46","slug":"movimiento-ciudadano-el-pecado-y-su-penitencia","status":"publish","type":"post","link":"https:\/\/lospoliticosveracruz.com\/?p=152703","title":{"rendered":"MOVIMIENTO CIUDADANO, EL PECADO Y SU PENITENCIA"},"content":{"rendered":"\n\n\n<p><br><strong>Ricardo Chua<\/strong><\/p>\n\n\n\n<p><em>Sale y Vale<\/em><\/p>\n\n\n\n<p>Movimiento Cuidadano despu\u00e9s de lo que les pas\u00f3 en Veracruz, en municipios del norte del Estado como Poza Rica y Papantla.. Donde posiblemente los tribunales electorales den las condiciones para que MORENA, se quede con el triunfo en ambos ayuntamientos.. Los operadores pol\u00edticos de este partido se\u00f1alan, que a pesar de que es evidente de que hay un \u00abmega\u00bb fraude electoral para arrebatarle el triunfo en ambas ciudades que ganaron en las urnas..Tambi\u00e9n mencionan que esto les pas\u00f3 por \u00abAGACHONES\u00bb porque pareciera que en el pasado proceso electoral a las alcald\u00edas.. Se dedicaron a hacer campa\u00f1a a favor de MORENA.. Atacando s\u00f3lo al PRI y PAN.. Olvidando que los \u00abMorenos\u00bb eran gobierno y dej\u00f3 de ser objetivo.. Ese fue el principal \u00abpecado\u00bb..<\/p>\n\n\n\n\n\n<p>Hay que recordar que MC de no tener nada en Veracruz, obtuvieron el registro hasta el 2021, para lograr fuerza electoral, se dedicaron a \u00abcachar\u00bb a todos los personajes o grupos pol\u00edticos que adolecieron de sus l\u00edderes o \u00abcabezas\u00bb de grupos.. No importaba la militancia que tuvieran, as\u00ed fueran del PAN, MORENA o PRI.. Ellos como partido los \u00abarropaban\u00bb ante la falta de un l\u00edder.. As\u00ed MC fue creciendo su fuerza para enfrentar elecciones locales en 2024 y 2025 en la entidad.. Finalmente a ellos s\u00f3lo les importaba crecer electoralmente para sostener su registro y acrecentarlo en la elecci\u00f3n a diputados locales y gobernador el a\u00f1o pasado.. Pero en campa\u00f1a se fueron en contra del PRI-PAN esa fue la estrateg\u00eda.. Despu\u00e9s de eso, les vino la \u00abpenitencia\u00bb..<\/p>\n\n\n\n<p>Ya que Movimiento Ciudadano como partido pol\u00edtico en Veracruz.. En la elecci\u00f3n a alcaldes del pasado mes de junio.. S\u00f3lo enfocaron sus \u00abbater\u00edas\u00bb a \u00abgolpear\u00bb pol\u00edtica y medi\u00e1ticamente a Los Yunes ex-azules, por su traici\u00f3n al PAN y sobre todo por haber votado a favor de la Reforma del Poder Judicial en septiembre del a\u00f1o pasado.. Cuando Los Yunes se hicieron aliados nacionales de la 4T.. Pero en Veracruz, MORENA y la gobernadora Roc\u00edo Nahle se opusieron a que fueran militantes de MORENA y lograron \u00abvetarlos\u00bb en el comit\u00e9 nacional con protestas dentro de su partido.. Pero independientemente de eso, MC no cambi\u00f3 de postura y sigui\u00f3 \u00abgolpeando\u00bb a Los Yunes y al PRI.. Pero al gobierno estatal de Veracruz, no lo toc\u00f3 ni con el \u00abp\u00e9talo de una rosa\u00bb..<\/p>\n\n\n\n<p>Ni diputados locales, dirigentes nacionales o estatales, tampoco diputados federales y senadores.. Durante la campa\u00f1a a alcald\u00edas hace 3 meses, hicieron se\u00f1alamiento alguno en contra del gobierno de Roc\u00edo Nahle.. Temas hab\u00eda, pero lo esquivaban y lo evitaban.. Todo era en contra de Los Yunes, el PAN o el PRI.. Esos eran los \u00abfrentes\u00bb de los \u00abnaranjas\u00bb y a ello se abocaron.. Por ello, el imaginario colectivo en Veracruz, durante ese tiempo, se\u00f1alaba de un PRESUNTO ACUERDO entre MORENA, Gobierno del Estado y Movimiento Ciudadano para ganar todas las alcald\u00edas posibles.. Apoder\u00e1ndose de grupos y pol\u00edticos al interior de esos partidos y con ello \u00abdesfondarse\u00bb para que estos crecieran pol\u00edtica y medi\u00e1ticamente.. Pero no sucedi\u00f3 as\u00ed..<\/p>\n\n\n\n<p>Ya que pasado el 1 de junio.. MORENA no gan\u00f3 lo que esperaba, no arras\u00f3 y la cr\u00edtica al interior hac\u00eda la dirigencia local del partido y al gobierno estatal de Roc\u00edo Nahle.. Fue intensa e inmensa.. Los \u00abdesahuciaron\u00bb.. Adem\u00e1s en ese momento la administraci\u00f3n estatal, se le vino una severa crisis medi\u00e1tica, pol\u00edtica y de inseguridad, sobre todo en el norte de la entidad, que no la pudo parar.. Adem\u00e1s se acusaba de que hubo traici\u00f3n de militantes distinguidos del partido en ese proceso a las alcald\u00edas y que por eso perdieron municipios.. Todo se junt\u00f3 y eso parece ser el inicio para que MORENA recuperara algo de lo perdido en Veracruz.. A la buena por invitaci\u00f3n directa o a la mala..<\/p>\n\n\n\n<p>En esas semanas.. Alcaldes electos del PT y PVEM acusaban de presunto acoso pol\u00edtico a la dirigencia de MORENA en Veracruz.. Para que sus alcaldes electos se fueran a MORENA y de no hacerlo, se tomar\u00eda como una AFRENTA POL\u00cdTICA a Roc\u00edo Nahle.. Pero en ese momento MC, que sab\u00eda de todo eso.. Se qued\u00f3 callado, pensaron que con ellos, nada iba a suceder y hubo silencio de sus diputados locales y dirigencia.. Nadie dijo nada y no se metieron con la gobernadora, segu\u00edan con el tema de Los Yunes.. Jorge Alvarez Maynes en su visitas a Veracruz en campa\u00f1a, se le ve\u00eda relajado, hac\u00eda \u00abturismo\u00bb pol\u00edtico y hasta se le observaba demasiado \u00abalegre\u00bb en distintos conciertos en Veracruz.. Andaban de fiesta celebrando los triunfos municipales de MC.. No esperaban la \u00abreversa\u00bb..<\/p>\n\n\n\n<p>As\u00ed que lo que para ellos fue d\u00eda de festejos, pasada la elecci\u00f3n.. De pronto a pocos d\u00edas de que se declararan sus victorias en Poza Rica y Papantla.. MORENA se las volteo y f\u00e1cil.. Tomaron de manera porril los consejos municipales del OPLE en esos sitios, reventaron la votaci\u00f3n, se llevaron las urnas a Xalapa y \u00abPUM\u00bb.. Que les cambian el resultado al paso de las semanas.. Ah\u00ed fue que Movimiento Ciudadano empez\u00f3 a \u00abpatalear\u00bb, \u00abchillar\u00bb, acusar de fraude, robo a la democracia en esas elecciones.. Se olvidaron de Los Yunes y ahora si se CONCENTRARON en Roc\u00edo Nahle, el gobierno de Veracruz y MORENA.. Pero el DA\u00d1O ESTABA HECHO.. Ya MORENA se hab\u00eda quedado con todo el poder pol\u00edtico de los dos principales ayuntamientos del norte de Veracruz.. HAIGA COMO HAIGA SIDO..<\/p>\n\n\n\n<p>Ya que hoy MORENA con el poder absoluto y con la \u00abplenitud del pinche\u00bb poder.. Con tribunales electorales locales a su favor.. Diputados locales y gobierno estatal bajo el control de su partido.. Le \u00abvol\u00f3 la cabeza\u00bb a MC en donde quiso.. Por lo que se configur\u00f3 y se consum\u00f3 lo que los \u00abnaranjas\u00bb llamaron \u00abEl robo de la elecci\u00f3n\u00bb de esos municipios que hab\u00eda ganado ese partido en el proceso a alcaldes.. As\u00ed que toda esa \u00abdebilidad\u00bb pol\u00edtica y medi\u00e1tica demostrada por MC ante MORENA durante toda la campa\u00f1a electoral a las alcald\u00edas, provoc\u00f3 que lo que los \u00abMorenos\u00bb no pudieron ganar en las urnas.. Se los \u00abarrebataran\u00bb en los tribunales electorales.. Y la tendencia contin\u00faa de la misma manera..<\/p>\n\n\n\n<p>Si esto queda as\u00ed y no hay \u00abvuelta de hoja\u00bb pareciera que Movimiento Ciudadano.. Se quedar\u00e1 como el \u00abperro de las dos tortas\u00bb.. Ya que quisieron \u00abjugar\u00bb con \u00abDios y con el Diablo\u00bb en Veracruz.. Pero como las cosas no salieron bien en el \u00abinfierno\u00bb de MORENA.. Estos les aplicaron a MC, la famosa cl\u00e1sica: \u00abDe que lloren en mi casa, a qu\u00e9 lloren en la tuya\u00bb.. Para qu\u00e9 m\u00e1s explicaciones.. As\u00ed que por mucho que \u00abgambetee\u00bb Jorge Alvarez Maynez en la Sala Superior del Tribunal Electoral del Poder Judicial de la Federaci\u00f3n con sede en la CDMX.. Todo parece indicar que ratificar\u00e1 la decisi\u00f3n de la Sala Regional del TEPJF con sede en Xalapa, y les dar\u00e1 la raz\u00f3n a MORENA del recuento de votos que le de el triunfo en Poza Rica y Papantla.. No se ve de otra manera.. BYE..<\/p>\n\n\n\n<p>REFLEXI\u00d3N.. Eso le pasa a Movimiento Ciudadano por querer \u00abjugar\u00bb con el \u00abscore\u00bb y tratar de quedar bien con MORENA.. Les sucedi\u00f3 en Nuevo Le\u00f3n porque saben que MORENA tiene el poder para proceder con el juicio pol\u00edtico del gobernador, Samuel Garc\u00eda, que emplaz\u00f3 el PRI y PAN.. En Veracruz, fue evidente el presunto acuerdo con el gobierno de Roc\u00edo Nahle.. Hasta su candidato a gobernador en 2024, Hip\u00f3lito Deschamps fue candidato de MORENA a la alcald\u00eda de Alvarado.. As\u00ed que en las derrotas de Poza Rica y Papantla, si bien se presume hubo un fraude por parte del oficialismo, es un hecho que el \u00abjugar\u00bb a la \u00abCaperucita Roja\u00bb a MC no le result\u00f3.. Podr\u00e1 haber repudio social en contra de MORENA por esta situaci\u00f3n, pero el poder municipal lo van a ostentar ellos.. Habr\u00e1 que ver si los \u00abnaranjas\u00bb aprendieron la lecci\u00f3n para el 2027.. En pol\u00edtica, los amigos no existen, s\u00f3lo los intereses.. Por lo pronto CONSUMATUM EST..<\/p>\n","protected":false},"excerpt":{"rendered":"<p>Ricardo Chua Sale y Vale Movimiento Cuidadano despu\u00e9s de lo que les pas\u00f3 en Veracruz, en municipios del norte del Estado como Poza Rica y Papantla.. Donde posiblemente los tribunales electorales den las condiciones para que MORENA, se quede con el triunfo en ambos ayuntamientos.. Los operadores pol\u00edticos de este partido se\u00f1alan, que a pesar [&hellip;]<\/p>\n","protected":false},"author":2,"featured_media":141434,"comment_status":"closed","ping_status":"closed","sticky":false,"template":"","format":"standard","meta":{"tdm_status":"","tdm_grid_status":"","footnotes":""},"categories":[70],"tags":[30633,1026,2327,3315,1267,195],"class_list":{"0":"post-152703","1":"post","2":"type-post","3":"status-publish","4":"format-standard","5":"has-post-thumbnail","7":"category-de-opinion","8":"tag-jorge-alvarez-maynez-2","9":"tag-morena","10":"tag-movimiento-ciudadano","11":"tag-papantla","12":"tag-poza-rica","13":"tag-veracruz"},"yoast_head":"<!-- This site is optimized with the Yoast SEO plugin v27.4 - https:\/\/yoast.com\/product\/yoast-seo-wordpress\/ -->\n<title>MOVIMIENTO CIUDADANO, EL PECADO Y SU PENITENCIA - Los pol\u00edticos Veracruz<\/title>\n<meta name=\"robots\" content=\"index, follow, max-snippet:-1, max-image-preview:large, max-video-preview:-1\" \/>\n<link rel=\"canonical\" href=\"https:\/\/lospoliticosveracruz.com\/?p=152703\" \/>\n<meta property=\"og:locale\" content=\"es_ES\" \/>\n<meta property=\"og:type\" content=\"article\" \/>\n<meta property=\"og:title\" content=\"MOVIMIENTO CIUDADANO, EL PECADO Y SU PENITENCIA - Los pol\u00edticos Veracruz\" \/>\n<meta property=\"og:description\" content=\"Ricardo Chua Sale y Vale Movimiento Cuidadano despu\u00e9s de lo que les pas\u00f3 en Veracruz, en municipios del norte del Estado como Poza Rica y Papantla.. Donde posiblemente los tribunales electorales den las condiciones para que MORENA, se quede con el triunfo en ambos ayuntamientos.. Los operadores pol\u00edticos de este partido se\u00f1alan, que a pesar [&hellip;]\" \/>\n<meta property=\"og:url\" content=\"https:\/\/lospoliticosveracruz.com\/?p=152703\" \/>\n<meta property=\"og:site_name\" content=\"Los pol\u00edticos Veracruz\" \/>\n<meta property=\"article:publisher\" content=\"https:\/\/www.facebook.com\/people\/Notimemes-de-los-Polticos\/61565672886568\/\" \/>\n<meta property=\"article:published_time\" content=\"2025-09-17T05:46:07+00:00\" \/>\n<meta property=\"article:modified_time\" content=\"2025-09-17T05:46:46+00:00\" \/>\n<meta property=\"og:image\" content=\"https:\/\/lospoliticosveracruz.com\/wp-content\/uploads\/2025\/04\/Chua-e1761364658706.jpg\" \/>\n\t<meta property=\"og:image:width\" content=\"600\" \/>\n\t<meta property=\"og:image:height\" content=\"320\" \/>\n\t<meta property=\"og:image:type\" content=\"image\/jpeg\" \/>\n<meta name=\"author\" content=\"Lo viste en Los Pol\u00edticos\" \/>\n<meta name=\"twitter:card\" content=\"summary_large_image\" \/>\n<meta name=\"twitter:creator\" content=\"@LosPoliticosVer\" \/>\n<meta name=\"twitter:site\" content=\"@LosPoliticosVer\" \/>\n<meta name=\"twitter:label1\" content=\"Escrito por\" \/>\n\t<meta name=\"twitter:data1\" content=\"Lo viste en Los Pol\u00edticos\" \/>\n\t<meta name=\"twitter:label2\" content=\"Tiempo de lectura\" \/>\n\t<meta name=\"twitter:data2\" content=\"7 minutos\" \/>\n<script type=\"application\/ld+json\" class=\"yoast-schema-graph\">{\"@context\":\"https:\\\/\\\/schema.org\",\"@graph\":[{\"@type\":\"Article\",\"@id\":\"https:\\\/\\\/lospoliticosveracruz.com\\\/?p=152703#article\",\"isPartOf\":{\"@id\":\"https:\\\/\\\/lospoliticosveracruz.com\\\/?p=152703\"},\"author\":{\"name\":\"Lo viste en Los Pol\u00edticos\",\"@id\":\"https:\\\/\\\/lospoliticosveracruz.com\\\/#\\\/schema\\\/person\\\/b8702bb0e538456e6efd07080bf2a4a2\"},\"headline\":\"MOVIMIENTO CIUDADANO, EL PECADO Y SU PENITENCIA\",\"datePublished\":\"2025-09-17T05:46:07+00:00\",\"dateModified\":\"2025-09-17T05:46:46+00:00\",\"mainEntityOfPage\":{\"@id\":\"https:\\\/\\\/lospoliticosveracruz.com\\\/?p=152703\"},\"wordCount\":1405,\"publisher\":{\"@id\":\"https:\\\/\\\/lospoliticosveracruz.com\\\/#organization\"},\"image\":{\"@id\":\"https:\\\/\\\/lospoliticosveracruz.com\\\/?p=152703#primaryimage\"},\"thumbnailUrl\":\"https:\\\/\\\/lospoliticosveracruz.com\\\/wp-content\\\/uploads\\\/2025\\\/04\\\/Chua-e1761364658706.jpg\",\"keywords\":[\"Jorge \u00c1lvarez M\u00e1ynez\",\"Morena\",\"Movimiento Ciudadano\",\"Papantla\",\"Poza Rica\",\"Veracruz\"],\"articleSection\":[\"De Opini\u00f3n\"],\"inLanguage\":\"es\"},{\"@type\":\"WebPage\",\"@id\":\"https:\\\/\\\/lospoliticosveracruz.com\\\/?p=152703\",\"url\":\"https:\\\/\\\/lospoliticosveracruz.com\\\/?p=152703\",\"name\":\"MOVIMIENTO CIUDADANO, EL PECADO Y SU PENITENCIA - Los pol\u00edticos Veracruz\",\"isPartOf\":{\"@id\":\"https:\\\/\\\/lospoliticosveracruz.com\\\/#website\"},\"primaryImageOfPage\":{\"@id\":\"https:\\\/\\\/lospoliticosveracruz.com\\\/?p=152703#primaryimage\"},\"image\":{\"@id\":\"https:\\\/\\\/lospoliticosveracruz.com\\\/?p=152703#primaryimage\"},\"thumbnailUrl\":\"https:\\\/\\\/lospoliticosveracruz.com\\\/wp-content\\\/uploads\\\/2025\\\/04\\\/Chua-e1761364658706.jpg\",\"datePublished\":\"2025-09-17T05:46:07+00:00\",\"dateModified\":\"2025-09-17T05:46:46+00:00\",\"breadcrumb\":{\"@id\":\"https:\\\/\\\/lospoliticosveracruz.com\\\/?p=152703#breadcrumb\"},\"inLanguage\":\"es\",\"potentialAction\":[{\"@type\":\"ReadAction\",\"target\":[\"https:\\\/\\\/lospoliticosveracruz.com\\\/?p=152703\"]}]},{\"@type\":\"ImageObject\",\"inLanguage\":\"es\",\"@id\":\"https:\\\/\\\/lospoliticosveracruz.com\\\/?p=152703#primaryimage\",\"url\":\"https:\\\/\\\/lospoliticosveracruz.com\\\/wp-content\\\/uploads\\\/2025\\\/04\\\/Chua-e1761364658706.jpg\",\"contentUrl\":\"https:\\\/\\\/lospoliticosveracruz.com\\\/wp-content\\\/uploads\\\/2025\\\/04\\\/Chua-e1761364658706.jpg\",\"width\":600,\"height\":320},{\"@type\":\"BreadcrumbList\",\"@id\":\"https:\\\/\\\/lospoliticosveracruz.com\\\/?p=152703#breadcrumb\",\"itemListElement\":[{\"@type\":\"ListItem\",\"position\":1,\"name\":\"Portada\",\"item\":\"https:\\\/\\\/lospoliticosveracruz.com\\\/\"},{\"@type\":\"ListItem\",\"position\":2,\"name\":\"MOVIMIENTO CIUDADANO, EL PECADO Y SU PENITENCIA\"}]},{\"@type\":\"WebSite\",\"@id\":\"https:\\\/\\\/lospoliticosveracruz.com\\\/#website\",\"url\":\"https:\\\/\\\/lospoliticosveracruz.com\\\/\",\"name\":\"Los pol\u00edticos Veracruz\",\"description\":\"\",\"publisher\":{\"@id\":\"https:\\\/\\\/lospoliticosveracruz.com\\\/#organization\"},\"potentialAction\":[{\"@type\":\"SearchAction\",\"target\":{\"@type\":\"EntryPoint\",\"urlTemplate\":\"https:\\\/\\\/lospoliticosveracruz.com\\\/?s={search_term_string}\"},\"query-input\":{\"@type\":\"PropertyValueSpecification\",\"valueRequired\":true,\"valueName\":\"search_term_string\"}}],\"inLanguage\":\"es\"},{\"@type\":\"Organization\",\"@id\":\"https:\\\/\\\/lospoliticosveracruz.com\\\/#organization\",\"name\":\"Los pol\u00edticos Veracruz\",\"url\":\"https:\\\/\\\/lospoliticosveracruz.com\\\/\",\"logo\":{\"@type\":\"ImageObject\",\"inLanguage\":\"es\",\"@id\":\"https:\\\/\\\/lospoliticosveracruz.com\\\/#\\\/schema\\\/logo\\\/image\\\/\",\"url\":\"https:\\\/\\\/lospoliticosveracruz.com\\\/wp-content\\\/uploads\\\/2025\\\/12\\\/Logo-Nuevo-LOS-POLITICOS-1.jpg\",\"contentUrl\":\"https:\\\/\\\/lospoliticosveracruz.com\\\/wp-content\\\/uploads\\\/2025\\\/12\\\/Logo-Nuevo-LOS-POLITICOS-1.jpg\",\"width\":260,\"height\":70,\"caption\":\"Los pol\u00edticos Veracruz\"},\"image\":{\"@id\":\"https:\\\/\\\/lospoliticosveracruz.com\\\/#\\\/schema\\\/logo\\\/image\\\/\"},\"sameAs\":[\"https:\\\/\\\/www.facebook.com\\\/people\\\/Notimemes-de-los-Polticos\\\/61565672886568\\\/\",\"https:\\\/\\\/x.com\\\/LosPoliticosVer\"]},{\"@type\":\"Person\",\"@id\":\"https:\\\/\\\/lospoliticosveracruz.com\\\/#\\\/schema\\\/person\\\/b8702bb0e538456e6efd07080bf2a4a2\",\"name\":\"Lo viste en Los Pol\u00edticos\",\"image\":{\"@type\":\"ImageObject\",\"inLanguage\":\"es\",\"@id\":\"https:\\\/\\\/secure.gravatar.com\\\/avatar\\\/3a8de04a2656d44082be478bd6c086daa447c4651605818287b9532d3d0bd435?s=96&d=mm&r=g\",\"url\":\"https:\\\/\\\/secure.gravatar.com\\\/avatar\\\/3a8de04a2656d44082be478bd6c086daa447c4651605818287b9532d3d0bd435?s=96&d=mm&r=g\",\"contentUrl\":\"https:\\\/\\\/secure.gravatar.com\\\/avatar\\\/3a8de04a2656d44082be478bd6c086daa447c4651605818287b9532d3d0bd435?s=96&d=mm&r=g\",\"caption\":\"Lo viste en Los Pol\u00edticos\"},\"url\":\"https:\\\/\\\/lospoliticosveracruz.com\\\/?author=2\"}]}<\/script>\n<!-- \/ Yoast SEO plugin. -->","yoast_head_json":{"title":"MOVIMIENTO CIUDADANO, EL PECADO Y SU PENITENCIA - Los pol\u00edticos Veracruz","robots":{"index":"index","follow":"follow","max-snippet":"max-snippet:-1","max-image-preview":"max-image-preview:large","max-video-preview":"max-video-preview:-1"},"canonical":"https:\/\/lospoliticosveracruz.com\/?p=152703","og_locale":"es_ES","og_type":"article","og_title":"MOVIMIENTO CIUDADANO, EL PECADO Y SU PENITENCIA - Los pol\u00edticos Veracruz","og_description":"Ricardo Chua Sale y Vale Movimiento Cuidadano despu\u00e9s de lo que les pas\u00f3 en Veracruz, en municipios del norte del Estado como Poza Rica y Papantla.. Donde posiblemente los tribunales electorales den las condiciones para que MORENA, se quede con el triunfo en ambos ayuntamientos.. Los operadores pol\u00edticos de este partido se\u00f1alan, que a pesar [&hellip;]","og_url":"https:\/\/lospoliticosveracruz.com\/?p=152703","og_site_name":"Los pol\u00edticos Veracruz","article_publisher":"https:\/\/www.facebook.com\/people\/Notimemes-de-los-Polticos\/61565672886568\/","article_published_time":"2025-09-17T05:46:07+00:00","article_modified_time":"2025-09-17T05:46:46+00:00","og_image":[{"width":600,"height":320,"url":"https:\/\/lospoliticosveracruz.com\/wp-content\/uploads\/2025\/04\/Chua-e1761364658706.jpg","type":"image\/jpeg"}],"author":"Lo viste en Los Pol\u00edticos","twitter_card":"summary_large_image","twitter_creator":"@LosPoliticosVer","twitter_site":"@LosPoliticosVer","twitter_misc":{"Escrito por":"Lo viste en Los Pol\u00edticos","Tiempo de lectura":"7 minutos"},"schema":{"@context":"https:\/\/schema.org","@graph":[{"@type":"Article","@id":"https:\/\/lospoliticosveracruz.com\/?p=152703#article","isPartOf":{"@id":"https:\/\/lospoliticosveracruz.com\/?p=152703"},"author":{"name":"Lo viste en Los Pol\u00edticos","@id":"https:\/\/lospoliticosveracruz.com\/#\/schema\/person\/b8702bb0e538456e6efd07080bf2a4a2"},"headline":"MOVIMIENTO CIUDADANO, EL PECADO Y SU PENITENCIA","datePublished":"2025-09-17T05:46:07+00:00","dateModified":"2025-09-17T05:46:46+00:00","mainEntityOfPage":{"@id":"https:\/\/lospoliticosveracruz.com\/?p=152703"},"wordCount":1405,"publisher":{"@id":"https:\/\/lospoliticosveracruz.com\/#organization"},"image":{"@id":"https:\/\/lospoliticosveracruz.com\/?p=152703#primaryimage"},"thumbnailUrl":"https:\/\/lospoliticosveracruz.com\/wp-content\/uploads\/2025\/04\/Chua-e1761364658706.jpg","keywords":["Jorge \u00c1lvarez M\u00e1ynez","Morena","Movimiento Ciudadano","Papantla","Poza Rica","Veracruz"],"articleSection":["De Opini\u00f3n"],"inLanguage":"es"},{"@type":"WebPage","@id":"https:\/\/lospoliticosveracruz.com\/?p=152703","url":"https:\/\/lospoliticosveracruz.com\/?p=152703","name":"MOVIMIENTO CIUDADANO, EL PECADO Y SU PENITENCIA - Los pol\u00edticos Veracruz","isPartOf":{"@id":"https:\/\/lospoliticosveracruz.com\/#website"},"primaryImageOfPage":{"@id":"https:\/\/lospoliticosveracruz.com\/?p=152703#primaryimage"},"image":{"@id":"https:\/\/lospoliticosveracruz.com\/?p=152703#primaryimage"},"thumbnailUrl":"https:\/\/lospoliticosveracruz.com\/wp-content\/uploads\/2025\/04\/Chua-e1761364658706.jpg","datePublished":"2025-09-17T05:46:07+00:00","dateModified":"2025-09-17T05:46:46+00:00","breadcrumb":{"@id":"https:\/\/lospoliticosveracruz.com\/?p=152703#breadcrumb"},"inLanguage":"es","potentialAction":[{"@type":"ReadAction","target":["https:\/\/lospoliticosveracruz.com\/?p=152703"]}]},{"@type":"ImageObject","inLanguage":"es","@id":"https:\/\/lospoliticosveracruz.com\/?p=152703#primaryimage","url":"https:\/\/lospoliticosveracruz.com\/wp-content\/uploads\/2025\/04\/Chua-e1761364658706.jpg","contentUrl":"https:\/\/lospoliticosveracruz.com\/wp-content\/uploads\/2025\/04\/Chua-e1761364658706.jpg","width":600,"height":320},{"@type":"BreadcrumbList","@id":"https:\/\/lospoliticosveracruz.com\/?p=152703#breadcrumb","itemListElement":[{"@type":"ListItem","position":1,"name":"Portada","item":"https:\/\/lospoliticosveracruz.com\/"},{"@type":"ListItem","position":2,"name":"MOVIMIENTO CIUDADANO, EL PECADO Y SU PENITENCIA"}]},{"@type":"WebSite","@id":"https:\/\/lospoliticosveracruz.com\/#website","url":"https:\/\/lospoliticosveracruz.com\/","name":"Los pol\u00edticos Veracruz","description":"","publisher":{"@id":"https:\/\/lospoliticosveracruz.com\/#organization"},"potentialAction":[{"@type":"SearchAction","target":{"@type":"EntryPoint","urlTemplate":"https:\/\/lospoliticosveracruz.com\/?s={search_term_string}"},"query-input":{"@type":"PropertyValueSpecification","valueRequired":true,"valueName":"search_term_string"}}],"inLanguage":"es"},{"@type":"Organization","@id":"https:\/\/lospoliticosveracruz.com\/#organization","name":"Los pol\u00edticos Veracruz","url":"https:\/\/lospoliticosveracruz.com\/","logo":{"@type":"ImageObject","inLanguage":"es","@id":"https:\/\/lospoliticosveracruz.com\/#\/schema\/logo\/image\/","url":"https:\/\/lospoliticosveracruz.com\/wp-content\/uploads\/2025\/12\/Logo-Nuevo-LOS-POLITICOS-1.jpg","contentUrl":"https:\/\/lospoliticosveracruz.com\/wp-content\/uploads\/2025\/12\/Logo-Nuevo-LOS-POLITICOS-1.jpg","width":260,"height":70,"caption":"Los pol\u00edticos Veracruz"},"image":{"@id":"https:\/\/lospoliticosveracruz.com\/#\/schema\/logo\/image\/"},"sameAs":["https:\/\/www.facebook.com\/people\/Notimemes-de-los-Polticos\/61565672886568\/","https:\/\/x.com\/LosPoliticosVer"]},{"@type":"Person","@id":"https:\/\/lospoliticosveracruz.com\/#\/schema\/person\/b8702bb0e538456e6efd07080bf2a4a2","name":"Lo viste en Los Pol\u00edticos","image":{"@type":"ImageObject","inLanguage":"es","@id":"https:\/\/secure.gravatar.com\/avatar\/3a8de04a2656d44082be478bd6c086daa447c4651605818287b9532d3d0bd435?s=96&d=mm&r=g","url":"https:\/\/secure.gravatar.com\/avatar\/3a8de04a2656d44082be478bd6c086daa447c4651605818287b9532d3d0bd435?s=96&d=mm&r=g","contentUrl":"https:\/\/secure.gravatar.com\/avatar\/3a8de04a2656d44082be478bd6c086daa447c4651605818287b9532d3d0bd435?s=96&d=mm&r=g","caption":"Lo viste en Los Pol\u00edticos"},"url":"https:\/\/lospoliticosveracruz.com\/?author=2"}]}},"_links":{"self":[{"href":"https:\/\/lospoliticosveracruz.com\/index.php?rest_route=\/wp\/v2\/posts\/152703","targetHints":{"allow":["GET"]}}],"collection":[{"href":"https:\/\/lospoliticosveracruz.com\/index.php?rest_route=\/wp\/v2\/posts"}],"about":[{"href":"https:\/\/lospoliticosveracruz.com\/index.php?rest_route=\/wp\/v2\/types\/post"}],"author":[{"embeddable":true,"href":"https:\/\/lospoliticosveracruz.com\/index.php?rest_route=\/wp\/v2\/users\/2"}],"replies":[{"embeddable":true,"href":"https:\/\/lospoliticosveracruz.com\/index.php?rest_route=%2Fwp%2Fv2%2Fcomments&post=152703"}],"version-history":[{"count":1,"href":"https:\/\/lospoliticosveracruz.com\/index.php?rest_route=\/wp\/v2\/posts\/152703\/revisions"}],"predecessor-version":[{"id":152704,"href":"https:\/\/lospoliticosveracruz.com\/index.php?rest_route=\/wp\/v2\/posts\/152703\/revisions\/152704"}],"wp:featuredmedia":[{"embeddable":true,"href":"https:\/\/lospoliticosveracruz.com\/index.php?rest_route=\/wp\/v2\/media\/141434"}],"wp:attachment":[{"href":"https:\/\/lospoliticosveracruz.com\/index.php?rest_route=%2Fwp%2Fv2%2Fmedia&parent=152703"}],"wp:term":[{"taxonomy":"category","embeddable":true,"href":"https:\/\/lospoliticosveracruz.com\/index.php?rest_route=%2Fwp%2Fv2%2Fcategories&post=152703"},{"taxonomy":"post_tag","embeddable":true,"href":"https:\/\/lospoliticosveracruz.com\/index.php?rest_route=%2Fwp%2Fv2%2Ftags&post=152703"}],"curies":[{"name":"wp","href":"https:\/\/api.w.org\/{rel}","templated":true}]}}