{"id":152705,"date":"2025-09-17T08:25:36","date_gmt":"2025-09-17T13:25:36","guid":{"rendered":"https:\/\/lospoliticosveracruz.com.mx\/?p=152705"},"modified":"2025-09-17T08:26:15","modified_gmt":"2025-09-17T13:26:15","slug":"el-legado-de-las-y-los-presidentes-municipales","status":"publish","type":"post","link":"https:\/\/lospoliticosveracruz.com\/?p=152705","title":{"rendered":"EL LEGADO DE LAS Y LOS PRESIDENTES MUNICIPALES"},"content":{"rendered":"\n<p><\/p>\n\n\n\n\n\n<p><strong>Yamiri Rodr\u00edguez Madrid<\/strong><\/p>\n\n\n\n<p><em>La vuelta a Veracruz en un\u00a0teclazo<\/em><\/p>\n\n\n\n<p>Un pu\u00f1ado de presidentes municipales trabaj\u00f3 parejo desde que inici\u00f3 su administraci\u00f3n hace casi cuatro a\u00f1os; otros pocos han metido el acelerador, aunque ya no les queda tiempo, pues el 31 de diciembre se estar\u00e1n despidiendo y hay una enorme mayor\u00eda que trabaj\u00f3 sin pena ni gloria, por lo que no dejar\u00e1n nada memorable para que los ciudadanos se acuerden, para bien de ellos. &nbsp;Le doy unos ejemplos.<\/p>\n\n\n\n<p>En Coatepec, el morenista Raymundo Andrade nad\u00f3 tres a\u00f1os de a muertito, pero de un par de meses para ac\u00e1 se ha puesto a pavimentar con el acelerador a fondo; s\u00ed as\u00ed hubiera trabajado desde un inicio, otro gallo le hubiese cantado, pero m\u00e1s vale tarde que nunca y cerrar\u00e1 con trabajo en puntos neur\u00e1lgicos del Pueblo M\u00e1gico.<\/p>\n\n\n\n\n\n<p>La administraci\u00f3n de Ricardo Ahued-Alberto Islas fue ca\u00f3tica por el n\u00famero de obras que se hac\u00edan al mismo tiempo en las principales calles de la ciudad, pero era preferible eso a que no se hiciera nada como pas\u00f3 con su antecesor Hip\u00f3lito Rodr\u00edguez Herrero; tuvieron que hacer en cuatro a\u00f1os lo que se debi\u00f3 hacer en ocho y es cierto que hoy la capital veracruzana se ve mucho m\u00e1s digna.<\/p>\n\n\n\n<p>Otro que trabaj\u00f3 los cuatro a\u00f1os, sin reflector, pero constante, fue el presidente municipal de Emiliano Zapata, Erick&nbsp;Ruiz Hern\u00e1ndez. Hay quienes critican que se enfoc\u00f3 en hacer paradas de autobuses y a hermosear Las Trancas -hoy hasta un quiosco tienen-, pero lo cierto es que algo deja a su municipio y hoy se ve mucho mejor de c\u00f3mo lo recibi\u00f3. &nbsp;Es mil veces preferible ser reconocido como el alcalde de las paradas de camiones, que como uno que saque\u00f3 las arcas.<\/p>\n\n\n\n<p>En Xico, Luis&nbsp;Yoval&nbsp;Maldonado no hizo en cuatro a\u00f1os&nbsp;m\u00e1s que unas cuantas calles, nada significativo, pero la gente lo recordar\u00e1 porque iniciando su gesti\u00f3n comenz\u00f3 a cobrar impuestos que ten\u00eda a\u00f1os la autoridad municipal se hac\u00eda occisa; como buen contador, lleg\u00f3 a checar los n\u00fameros, a poner orden, y aunque es correcto, a la gran mayor\u00eda no le gust\u00f3 la medida.<\/p>\n\n\n\n<p>En fin, que ya en la recta final, cada&nbsp;presidente municipal tendr\u00e1 que hacer su examen de conciencia y tomar en cuenta que por lo que hicieron o dejaron de hacer, ser\u00e1n recordados. &nbsp;Ese ser\u00e1, para bien o para mal, su legado.<\/p>\n\n\n\n<p>@YamiriRodriguez<\/p>\n","protected":false},"excerpt":{"rendered":"<p>Yamiri Rodr\u00edguez Madrid La vuelta a Veracruz en un\u00a0teclazo Un pu\u00f1ado de presidentes municipales trabaj\u00f3 parejo desde que inici\u00f3 su administraci\u00f3n hace casi cuatro a\u00f1os; otros pocos han metido el acelerador, aunque ya no les queda tiempo, pues el 31 de diciembre se estar\u00e1n despidiendo y hay una enorme mayor\u00eda que trabaj\u00f3 sin pena ni [&hellip;]<\/p>\n","protected":false},"author":2,"featured_media":141413,"comment_status":"closed","ping_status":"closed","sticky":false,"template":"","format":"standard","meta":{"tdm_status":"","tdm_grid_status":"","footnotes":""},"categories":[70],"tags":[277,469,28808,25099,13203,784],"class_list":{"0":"post-152705","1":"post","2":"type-post","3":"status-publish","4":"format-standard","5":"has-post-thumbnail","7":"category-de-opinion","8":"tag-coatepec","9":"tag-emiliano-zapata","10":"tag-erick-ruiz","11":"tag-luis-yoval-maldonado","12":"tag-raymundo-andrade-rivera","13":"tag-xico"},"yoast_head":"<!-- This site is optimized with the Yoast SEO plugin v27.4 - https:\/\/yoast.com\/product\/yoast-seo-wordpress\/ -->\n<title>EL LEGADO DE LAS Y LOS PRESIDENTES MUNICIPALES - Los pol\u00edticos Veracruz<\/title>\n<meta name=\"robots\" content=\"index, follow, max-snippet:-1, max-image-preview:large, max-video-preview:-1\" \/>\n<link rel=\"canonical\" href=\"https:\/\/lospoliticosveracruz.com\/?p=152705\" \/>\n<meta property=\"og:locale\" content=\"es_ES\" \/>\n<meta property=\"og:type\" content=\"article\" \/>\n<meta property=\"og:title\" content=\"EL LEGADO DE LAS Y LOS PRESIDENTES MUNICIPALES - Los pol\u00edticos Veracruz\" \/>\n<meta property=\"og:description\" content=\"Yamiri Rodr\u00edguez Madrid La vuelta a Veracruz en un\u00a0teclazo Un pu\u00f1ado de presidentes municipales trabaj\u00f3 parejo desde que inici\u00f3 su administraci\u00f3n hace casi cuatro a\u00f1os; otros pocos han metido el acelerador, aunque ya no les queda tiempo, pues el 31 de diciembre se estar\u00e1n despidiendo y hay una enorme mayor\u00eda que trabaj\u00f3 sin pena ni [&hellip;]\" \/>\n<meta property=\"og:url\" content=\"https:\/\/lospoliticosveracruz.com\/?p=152705\" \/>\n<meta property=\"og:site_name\" content=\"Los pol\u00edticos Veracruz\" \/>\n<meta property=\"article:publisher\" content=\"https:\/\/www.facebook.com\/people\/Notimemes-de-los-Polticos\/61565672886568\/\" \/>\n<meta property=\"article:published_time\" content=\"2025-09-17T13:25:36+00:00\" \/>\n<meta property=\"article:modified_time\" content=\"2025-09-17T13:26:15+00:00\" \/>\n<meta property=\"og:image\" content=\"https:\/\/lospoliticosveracruz.com\/wp-content\/uploads\/2025\/04\/Yamiri-Rodriguez-Madrid.jpg\" \/>\n\t<meta property=\"og:image:width\" content=\"1250\" \/>\n\t<meta property=\"og:image:height\" content=\"667\" \/>\n\t<meta property=\"og:image:type\" content=\"image\/jpeg\" \/>\n<meta name=\"author\" content=\"Lo viste en Los Pol\u00edticos\" \/>\n<meta name=\"twitter:card\" content=\"summary_large_image\" \/>\n<meta name=\"twitter:creator\" content=\"@LosPoliticosVer\" \/>\n<meta name=\"twitter:site\" content=\"@LosPoliticosVer\" \/>\n<meta name=\"twitter:label1\" content=\"Escrito por\" \/>\n\t<meta name=\"twitter:data1\" content=\"Lo viste en Los Pol\u00edticos\" \/>\n\t<meta name=\"twitter:label2\" content=\"Tiempo de lectura\" \/>\n\t<meta name=\"twitter:data2\" content=\"2 minutos\" \/>\n<script type=\"application\/ld+json\" class=\"yoast-schema-graph\">{\"@context\":\"https:\\\/\\\/schema.org\",\"@graph\":[{\"@type\":\"Article\",\"@id\":\"https:\\\/\\\/lospoliticosveracruz.com\\\/?p=152705#article\",\"isPartOf\":{\"@id\":\"https:\\\/\\\/lospoliticosveracruz.com\\\/?p=152705\"},\"author\":{\"name\":\"Lo viste en Los Pol\u00edticos\",\"@id\":\"https:\\\/\\\/lospoliticosveracruz.com\\\/#\\\/schema\\\/person\\\/b8702bb0e538456e6efd07080bf2a4a2\"},\"headline\":\"EL LEGADO DE LAS Y LOS PRESIDENTES MUNICIPALES\",\"datePublished\":\"2025-09-17T13:25:36+00:00\",\"dateModified\":\"2025-09-17T13:26:15+00:00\",\"mainEntityOfPage\":{\"@id\":\"https:\\\/\\\/lospoliticosveracruz.com\\\/?p=152705\"},\"wordCount\":440,\"publisher\":{\"@id\":\"https:\\\/\\\/lospoliticosveracruz.com\\\/#organization\"},\"image\":{\"@id\":\"https:\\\/\\\/lospoliticosveracruz.com\\\/?p=152705#primaryimage\"},\"thumbnailUrl\":\"https:\\\/\\\/lospoliticosveracruz.com\\\/wp-content\\\/uploads\\\/2025\\\/04\\\/Yamiri-Rodriguez-Madrid-e1768315710241.jpg\",\"keywords\":[\"Coatepec\",\"Emiliano Zapata\",\"Erick Ruiz\",\"Luis Yoval Maldonado\",\"Raymundo Andrade Rivera\",\"Xico\"],\"articleSection\":[\"De Opini\u00f3n\"],\"inLanguage\":\"es\"},{\"@type\":\"WebPage\",\"@id\":\"https:\\\/\\\/lospoliticosveracruz.com\\\/?p=152705\",\"url\":\"https:\\\/\\\/lospoliticosveracruz.com\\\/?p=152705\",\"name\":\"EL LEGADO DE LAS Y LOS PRESIDENTES MUNICIPALES - Los pol\u00edticos Veracruz\",\"isPartOf\":{\"@id\":\"https:\\\/\\\/lospoliticosveracruz.com\\\/#website\"},\"primaryImageOfPage\":{\"@id\":\"https:\\\/\\\/lospoliticosveracruz.com\\\/?p=152705#primaryimage\"},\"image\":{\"@id\":\"https:\\\/\\\/lospoliticosveracruz.com\\\/?p=152705#primaryimage\"},\"thumbnailUrl\":\"https:\\\/\\\/lospoliticosveracruz.com\\\/wp-content\\\/uploads\\\/2025\\\/04\\\/Yamiri-Rodriguez-Madrid-e1768315710241.jpg\",\"datePublished\":\"2025-09-17T13:25:36+00:00\",\"dateModified\":\"2025-09-17T13:26:15+00:00\",\"breadcrumb\":{\"@id\":\"https:\\\/\\\/lospoliticosveracruz.com\\\/?p=152705#breadcrumb\"},\"inLanguage\":\"es\",\"potentialAction\":[{\"@type\":\"ReadAction\",\"target\":[\"https:\\\/\\\/lospoliticosveracruz.com\\\/?p=152705\"]}]},{\"@type\":\"ImageObject\",\"inLanguage\":\"es\",\"@id\":\"https:\\\/\\\/lospoliticosveracruz.com\\\/?p=152705#primaryimage\",\"url\":\"https:\\\/\\\/lospoliticosveracruz.com\\\/wp-content\\\/uploads\\\/2025\\\/04\\\/Yamiri-Rodriguez-Madrid-e1768315710241.jpg\",\"contentUrl\":\"https:\\\/\\\/lospoliticosveracruz.com\\\/wp-content\\\/uploads\\\/2025\\\/04\\\/Yamiri-Rodriguez-Madrid-e1768315710241.jpg\",\"width\":600,\"height\":320},{\"@type\":\"BreadcrumbList\",\"@id\":\"https:\\\/\\\/lospoliticosveracruz.com\\\/?p=152705#breadcrumb\",\"itemListElement\":[{\"@type\":\"ListItem\",\"position\":1,\"name\":\"Portada\",\"item\":\"https:\\\/\\\/lospoliticosveracruz.com\\\/\"},{\"@type\":\"ListItem\",\"position\":2,\"name\":\"EL LEGADO DE LAS Y LOS PRESIDENTES MUNICIPALES\"}]},{\"@type\":\"WebSite\",\"@id\":\"https:\\\/\\\/lospoliticosveracruz.com\\\/#website\",\"url\":\"https:\\\/\\\/lospoliticosveracruz.com\\\/\",\"name\":\"Los pol\u00edticos Veracruz\",\"description\":\"\",\"publisher\":{\"@id\":\"https:\\\/\\\/lospoliticosveracruz.com\\\/#organization\"},\"potentialAction\":[{\"@type\":\"SearchAction\",\"target\":{\"@type\":\"EntryPoint\",\"urlTemplate\":\"https:\\\/\\\/lospoliticosveracruz.com\\\/?s={search_term_string}\"},\"query-input\":{\"@type\":\"PropertyValueSpecification\",\"valueRequired\":true,\"valueName\":\"search_term_string\"}}],\"inLanguage\":\"es\"},{\"@type\":\"Organization\",\"@id\":\"https:\\\/\\\/lospoliticosveracruz.com\\\/#organization\",\"name\":\"Los pol\u00edticos Veracruz\",\"url\":\"https:\\\/\\\/lospoliticosveracruz.com\\\/\",\"logo\":{\"@type\":\"ImageObject\",\"inLanguage\":\"es\",\"@id\":\"https:\\\/\\\/lospoliticosveracruz.com\\\/#\\\/schema\\\/logo\\\/image\\\/\",\"url\":\"https:\\\/\\\/lospoliticosveracruz.com\\\/wp-content\\\/uploads\\\/2025\\\/12\\\/Logo-Nuevo-LOS-POLITICOS-1.jpg\",\"contentUrl\":\"https:\\\/\\\/lospoliticosveracruz.com\\\/wp-content\\\/uploads\\\/2025\\\/12\\\/Logo-Nuevo-LOS-POLITICOS-1.jpg\",\"width\":260,\"height\":70,\"caption\":\"Los pol\u00edticos Veracruz\"},\"image\":{\"@id\":\"https:\\\/\\\/lospoliticosveracruz.com\\\/#\\\/schema\\\/logo\\\/image\\\/\"},\"sameAs\":[\"https:\\\/\\\/www.facebook.com\\\/people\\\/Notimemes-de-los-Polticos\\\/61565672886568\\\/\",\"https:\\\/\\\/x.com\\\/LosPoliticosVer\"]},{\"@type\":\"Person\",\"@id\":\"https:\\\/\\\/lospoliticosveracruz.com\\\/#\\\/schema\\\/person\\\/b8702bb0e538456e6efd07080bf2a4a2\",\"name\":\"Lo viste en Los Pol\u00edticos\",\"image\":{\"@type\":\"ImageObject\",\"inLanguage\":\"es\",\"@id\":\"https:\\\/\\\/secure.gravatar.com\\\/avatar\\\/3a8de04a2656d44082be478bd6c086daa447c4651605818287b9532d3d0bd435?s=96&d=mm&r=g\",\"url\":\"https:\\\/\\\/secure.gravatar.com\\\/avatar\\\/3a8de04a2656d44082be478bd6c086daa447c4651605818287b9532d3d0bd435?s=96&d=mm&r=g\",\"contentUrl\":\"https:\\\/\\\/secure.gravatar.com\\\/avatar\\\/3a8de04a2656d44082be478bd6c086daa447c4651605818287b9532d3d0bd435?s=96&d=mm&r=g\",\"caption\":\"Lo viste en Los Pol\u00edticos\"},\"url\":\"https:\\\/\\\/lospoliticosveracruz.com\\\/?author=2\"}]}<\/script>\n<!-- \/ Yoast SEO plugin. -->","yoast_head_json":{"title":"EL LEGADO DE LAS Y LOS PRESIDENTES MUNICIPALES - Los pol\u00edticos Veracruz","robots":{"index":"index","follow":"follow","max-snippet":"max-snippet:-1","max-image-preview":"max-image-preview:large","max-video-preview":"max-video-preview:-1"},"canonical":"https:\/\/lospoliticosveracruz.com\/?p=152705","og_locale":"es_ES","og_type":"article","og_title":"EL LEGADO DE LAS Y LOS PRESIDENTES MUNICIPALES - Los pol\u00edticos Veracruz","og_description":"Yamiri Rodr\u00edguez Madrid La vuelta a Veracruz en un\u00a0teclazo Un pu\u00f1ado de presidentes municipales trabaj\u00f3 parejo desde que inici\u00f3 su administraci\u00f3n hace casi cuatro a\u00f1os; otros pocos han metido el acelerador, aunque ya no les queda tiempo, pues el 31 de diciembre se estar\u00e1n despidiendo y hay una enorme mayor\u00eda que trabaj\u00f3 sin pena ni [&hellip;]","og_url":"https:\/\/lospoliticosveracruz.com\/?p=152705","og_site_name":"Los pol\u00edticos Veracruz","article_publisher":"https:\/\/www.facebook.com\/people\/Notimemes-de-los-Polticos\/61565672886568\/","article_published_time":"2025-09-17T13:25:36+00:00","article_modified_time":"2025-09-17T13:26:15+00:00","og_image":[{"width":1250,"height":667,"url":"https:\/\/lospoliticosveracruz.com\/wp-content\/uploads\/2025\/04\/Yamiri-Rodriguez-Madrid.jpg","type":"image\/jpeg"}],"author":"Lo viste en Los Pol\u00edticos","twitter_card":"summary_large_image","twitter_creator":"@LosPoliticosVer","twitter_site":"@LosPoliticosVer","twitter_misc":{"Escrito por":"Lo viste en Los Pol\u00edticos","Tiempo de lectura":"2 minutos"},"schema":{"@context":"https:\/\/schema.org","@graph":[{"@type":"Article","@id":"https:\/\/lospoliticosveracruz.com\/?p=152705#article","isPartOf":{"@id":"https:\/\/lospoliticosveracruz.com\/?p=152705"},"author":{"name":"Lo viste en Los Pol\u00edticos","@id":"https:\/\/lospoliticosveracruz.com\/#\/schema\/person\/b8702bb0e538456e6efd07080bf2a4a2"},"headline":"EL LEGADO DE LAS Y LOS PRESIDENTES MUNICIPALES","datePublished":"2025-09-17T13:25:36+00:00","dateModified":"2025-09-17T13:26:15+00:00","mainEntityOfPage":{"@id":"https:\/\/lospoliticosveracruz.com\/?p=152705"},"wordCount":440,"publisher":{"@id":"https:\/\/lospoliticosveracruz.com\/#organization"},"image":{"@id":"https:\/\/lospoliticosveracruz.com\/?p=152705#primaryimage"},"thumbnailUrl":"https:\/\/lospoliticosveracruz.com\/wp-content\/uploads\/2025\/04\/Yamiri-Rodriguez-Madrid-e1768315710241.jpg","keywords":["Coatepec","Emiliano Zapata","Erick Ruiz","Luis Yoval Maldonado","Raymundo Andrade Rivera","Xico"],"articleSection":["De Opini\u00f3n"],"inLanguage":"es"},{"@type":"WebPage","@id":"https:\/\/lospoliticosveracruz.com\/?p=152705","url":"https:\/\/lospoliticosveracruz.com\/?p=152705","name":"EL LEGADO DE LAS Y LOS PRESIDENTES MUNICIPALES - Los pol\u00edticos Veracruz","isPartOf":{"@id":"https:\/\/lospoliticosveracruz.com\/#website"},"primaryImageOfPage":{"@id":"https:\/\/lospoliticosveracruz.com\/?p=152705#primaryimage"},"image":{"@id":"https:\/\/lospoliticosveracruz.com\/?p=152705#primaryimage"},"thumbnailUrl":"https:\/\/lospoliticosveracruz.com\/wp-content\/uploads\/2025\/04\/Yamiri-Rodriguez-Madrid-e1768315710241.jpg","datePublished":"2025-09-17T13:25:36+00:00","dateModified":"2025-09-17T13:26:15+00:00","breadcrumb":{"@id":"https:\/\/lospoliticosveracruz.com\/?p=152705#breadcrumb"},"inLanguage":"es","potentialAction":[{"@type":"ReadAction","target":["https:\/\/lospoliticosveracruz.com\/?p=152705"]}]},{"@type":"ImageObject","inLanguage":"es","@id":"https:\/\/lospoliticosveracruz.com\/?p=152705#primaryimage","url":"https:\/\/lospoliticosveracruz.com\/wp-content\/uploads\/2025\/04\/Yamiri-Rodriguez-Madrid-e1768315710241.jpg","contentUrl":"https:\/\/lospoliticosveracruz.com\/wp-content\/uploads\/2025\/04\/Yamiri-Rodriguez-Madrid-e1768315710241.jpg","width":600,"height":320},{"@type":"BreadcrumbList","@id":"https:\/\/lospoliticosveracruz.com\/?p=152705#breadcrumb","itemListElement":[{"@type":"ListItem","position":1,"name":"Portada","item":"https:\/\/lospoliticosveracruz.com\/"},{"@type":"ListItem","position":2,"name":"EL LEGADO DE LAS Y LOS PRESIDENTES MUNICIPALES"}]},{"@type":"WebSite","@id":"https:\/\/lospoliticosveracruz.com\/#website","url":"https:\/\/lospoliticosveracruz.com\/","name":"Los pol\u00edticos Veracruz","description":"","publisher":{"@id":"https:\/\/lospoliticosveracruz.com\/#organization"},"potentialAction":[{"@type":"SearchAction","target":{"@type":"EntryPoint","urlTemplate":"https:\/\/lospoliticosveracruz.com\/?s={search_term_string}"},"query-input":{"@type":"PropertyValueSpecification","valueRequired":true,"valueName":"search_term_string"}}],"inLanguage":"es"},{"@type":"Organization","@id":"https:\/\/lospoliticosveracruz.com\/#organization","name":"Los pol\u00edticos Veracruz","url":"https:\/\/lospoliticosveracruz.com\/","logo":{"@type":"ImageObject","inLanguage":"es","@id":"https:\/\/lospoliticosveracruz.com\/#\/schema\/logo\/image\/","url":"https:\/\/lospoliticosveracruz.com\/wp-content\/uploads\/2025\/12\/Logo-Nuevo-LOS-POLITICOS-1.jpg","contentUrl":"https:\/\/lospoliticosveracruz.com\/wp-content\/uploads\/2025\/12\/Logo-Nuevo-LOS-POLITICOS-1.jpg","width":260,"height":70,"caption":"Los pol\u00edticos Veracruz"},"image":{"@id":"https:\/\/lospoliticosveracruz.com\/#\/schema\/logo\/image\/"},"sameAs":["https:\/\/www.facebook.com\/people\/Notimemes-de-los-Polticos\/61565672886568\/","https:\/\/x.com\/LosPoliticosVer"]},{"@type":"Person","@id":"https:\/\/lospoliticosveracruz.com\/#\/schema\/person\/b8702bb0e538456e6efd07080bf2a4a2","name":"Lo viste en Los Pol\u00edticos","image":{"@type":"ImageObject","inLanguage":"es","@id":"https:\/\/secure.gravatar.com\/avatar\/3a8de04a2656d44082be478bd6c086daa447c4651605818287b9532d3d0bd435?s=96&d=mm&r=g","url":"https:\/\/secure.gravatar.com\/avatar\/3a8de04a2656d44082be478bd6c086daa447c4651605818287b9532d3d0bd435?s=96&d=mm&r=g","contentUrl":"https:\/\/secure.gravatar.com\/avatar\/3a8de04a2656d44082be478bd6c086daa447c4651605818287b9532d3d0bd435?s=96&d=mm&r=g","caption":"Lo viste en Los Pol\u00edticos"},"url":"https:\/\/lospoliticosveracruz.com\/?author=2"}]}},"_links":{"self":[{"href":"https:\/\/lospoliticosveracruz.com\/index.php?rest_route=\/wp\/v2\/posts\/152705","targetHints":{"allow":["GET"]}}],"collection":[{"href":"https:\/\/lospoliticosveracruz.com\/index.php?rest_route=\/wp\/v2\/posts"}],"about":[{"href":"https:\/\/lospoliticosveracruz.com\/index.php?rest_route=\/wp\/v2\/types\/post"}],"author":[{"embeddable":true,"href":"https:\/\/lospoliticosveracruz.com\/index.php?rest_route=\/wp\/v2\/users\/2"}],"replies":[{"embeddable":true,"href":"https:\/\/lospoliticosveracruz.com\/index.php?rest_route=%2Fwp%2Fv2%2Fcomments&post=152705"}],"version-history":[{"count":1,"href":"https:\/\/lospoliticosveracruz.com\/index.php?rest_route=\/wp\/v2\/posts\/152705\/revisions"}],"predecessor-version":[{"id":152706,"href":"https:\/\/lospoliticosveracruz.com\/index.php?rest_route=\/wp\/v2\/posts\/152705\/revisions\/152706"}],"wp:featuredmedia":[{"embeddable":true,"href":"https:\/\/lospoliticosveracruz.com\/index.php?rest_route=\/wp\/v2\/media\/141413"}],"wp:attachment":[{"href":"https:\/\/lospoliticosveracruz.com\/index.php?rest_route=%2Fwp%2Fv2%2Fmedia&parent=152705"}],"wp:term":[{"taxonomy":"category","embeddable":true,"href":"https:\/\/lospoliticosveracruz.com\/index.php?rest_route=%2Fwp%2Fv2%2Fcategories&post=152705"},{"taxonomy":"post_tag","embeddable":true,"href":"https:\/\/lospoliticosveracruz.com\/index.php?rest_route=%2Fwp%2Fv2%2Ftags&post=152705"}],"curies":[{"name":"wp","href":"https:\/\/api.w.org\/{rel}","templated":true}]}}