{"id":152708,"date":"2025-09-17T08:40:15","date_gmt":"2025-09-17T13:40:15","guid":{"rendered":"https:\/\/lospoliticosveracruz.com.mx\/?p=152708"},"modified":"2025-09-17T08:40:38","modified_gmt":"2025-09-17T13:40:38","slug":"partidos-entre-la-desconfianza-y-falta-de-credibilidad","status":"publish","type":"post","link":"https:\/\/lospoliticosveracruz.com\/?p=152708","title":{"rendered":"PARTIDOS, ENTRE LA DESCONFIANZA Y FALTA DE CREDIBILIDAD\u00a0"},"content":{"rendered":"\n\n\n<p><strong>Fanny Y\u00e9pez<\/strong><\/p>\n\n\n\n<p><em>La Columna<\/em><\/p>\n\n\n\n<p>La desconfianza hacia una \u00e9lite pol\u00edtica aferrada al poder ha ido creciendo durante lustros, alimentada por la corrupci\u00f3n end\u00e9mica, la precariedad y la falta de oportunidades para los j\u00f3venes y falta de cumplimiento de los compromisos contra\u00eddos en campa\u00f1as.&nbsp;<\/p>\n\n\n\n\n\n<p>&nbsp;No hay cifras espec\u00edficas disponibles para 2025 sobre cu\u00e1ntos j\u00f3venes abandonan Veracruz por trabajo, pero en 2023 se estim\u00f3 que el 46% de los j\u00f3venes veracruzanos estaban en \u00abjuventud en riesgo\u00bb, sin empleo o en condiciones precarias, lo que podr\u00eda impulsar la migraci\u00f3n en b\u00fasqueda de mejores oportunidades laborales en otras regiones o pa\u00edses, aunque tambi\u00e9n se ofrecen programas y ferias para fomentar el empleo juvenil en el estado.<\/p>\n\n\n\n<p>&nbsp;Por todo ello y m\u00e1s que se nos escapa, crece la desconfianza y al mismo tiempo aumenta la falta de credibilidad hacia a los pol\u00edticos y a los partidos, a los pol\u00edticos les cuesta m\u00e1s trabajo convencer a los ciudadanos sobre su honestidad, este factor de cara a las elecciones intermedias, que se celebraran en 2027, colocan al partido en el poder en gran riesgo de perder el control en las elecciones para el legislativo federal y estatal.&nbsp; &nbsp; &nbsp;<\/p>\n\n\n\n<p>&nbsp;Fernando Shutte Elguero de la prestigiada revista Newsweek, sostiene que, en las democracias modernas, el equilibrio de poderes no es una formalidad, es condici\u00f3n indispensable para la libertad. Cuando el poder se concentra en una sola persona, partido o instituci\u00f3n, sin controles efectivos, lo que se erosiona no es solo el Estado de Derecho, sino tambi\u00e9n la confianza ciudadana, la credibilidad internacional y la estabilidad econ\u00f3mica de una naci\u00f3n. M\u00e9xico atraviesa un momento definitorio. Desde finales de 2024, se han aprobado reformas estructurales que modifican profundamente la relaci\u00f3n entre poderes p\u00fablicos y su interacci\u00f3n con los ciudadanos.<\/p>\n\n\n\n<p>&nbsp;Y prosigue, la m\u00e1s pol\u00e9mica ha sido la reforma judicial que impone la elecci\u00f3n por voto popular de ministros de la Suprema Corte de Justicia de la Naci\u00f3n (SCJN), jueces y magistrados. A la par, el desmantelamiento de organismos constitucionales aut\u00f3nomos ha consolidado una centralizaci\u00f3n in\u00e9dita del poder en el Ejecutivo, ejemplos como el Instituto Nacional de Transparencia, Acceso a la Informaci\u00f3n y Protecci\u00f3n de Datos Personales (INAI), la Comisi\u00f3n Federal de Competencia Econ\u00f3mica (COFECE), el Instituto Federal de Telecomunicaciones (IFT) o la Comisi\u00f3n Reguladora de Energ\u00eda (CRE). El gobierno ha presentado estos cambios como un acto de \u201cprofundizaci\u00f3n democr\u00e1tica\u201d, argumentando que: \u201cel pueblo debe elegir a sus jueces\u201d y los \u00f3rganos aut\u00f3nomos son costosos, ineficaces o cooptados por intereses privados. Sin embargo, lo que se configura es lo contrario: una arquitectura institucional que concentra poder y elimina contrapesos.&nbsp;&nbsp; &nbsp;<\/p>\n\n\n\n<p>&nbsp;La frase m\u00e1s famosa de Jean-Paul Sartre, basada en el concepto existencialista de que el ser humano es libre y responsable de su propia esencia, es \u00abEl hombre est\u00e1 condenado a ser libre\u00bb. Esta idea se manifiesta en su obra y se resume en el aforismo \u00abNo hay necesidad de fuego, el infierno son los otros\u00bb, proveniente de su obra \u00abA puerta cerrada\u00bb.<\/p>\n\n\n\n<p>&nbsp;Miles de afectados con el cierre de la presa Yuribia<\/p>\n\n\n\n<p>Es cuento de nunca acabar, pobladores del municipio de Tatahuicapan, decidieron cerrar nuevamente las v\u00e1lvulas de la presa Yuribia, argumentando el incumplimiento de acuerdos por parte de los municipios que hist\u00f3ricamente se han abastecido de esta fuente de agua, como Coatzacoalcos, Cosoleacaque y Minatitl\u00e1n.<\/p>\n\n\n\n<p>&nbsp;Como resultado de estas acciones miles de usuarios se quedaron sin el servicio del vital l\u00edquido. Este domingo a trav\u00e9s de redes sociales trascendi\u00f3 que la medida se tom\u00f3 tras conocerse que el ayuntamiento de Coatzacoalcos busca independizarse del suministro de la Yuribia, lo que gener\u00f3 entre los pobladores la determinaci\u00f3n de<\/p>\n\n\n\n<p>impedir de una vez el flujo del agua.&nbsp;<\/p>\n\n\n\n<p>&nbsp;La acci\u00f3n ha generado opiniones encontradas: mientras algunos ciudadanos aplauden la postura de Tatahuicapan al defender sus recursos naturales, otros expresan su rechazo e incluso proponen medidas de presi\u00f3n como impedir que los campesinos de ese municipio comercialicen sus productos en los mercados de<\/p>\n\n\n\n<p>Coatzacoalcos.<\/p>\n\n\n\n<p>&nbsp;Pese a las afectaciones que est\u00e1 sufriendo la poblaci\u00f3n del estado de Veracruz, ninguna autoridad en sus distintos niveles ha dado a conocer una postura al respecto pese al reclamo de los usuarios.<\/p>\n\n\n\n<p>&nbsp;El presidente de la Junta de Coordinaci\u00f3n pol\u00edtica de la legislatura estatal, Esteban Bautista, no ve ni oye a los afectados pobladores, por la carencia de agua, sigue ocupado en el enfrentamiento con el alcalde de Tatahuicapan, Eusebio Gonz\u00e1lez Hern\u00e1ndez.<\/p>\n\n\n\n<p>&nbsp;La pel\u00edcula \u201cLa ley de Herodes\u201d se queda corta ante acciones de alcaldes.&nbsp;&nbsp;<\/p>\n\n\n\n<p>&nbsp;La noche de este lunes durante la ceremonia del grito de independencia, dos alcaldes fueron abucheados por la poblaci\u00f3n, se trata de los mun\u00edcipes de Poza Rica y C\u00f3rdoba, Fernando Luis Remes Garza y Juan Mart\u00ednez Flores, respectivamente. A ambos presidentes municipales fue tanto el griter\u00edo de las personas que casi no se les escucho su arenga de exaltaci\u00f3n a los s\u00edmbolos patrios.<\/p>\n\n\n\n<p>Con la frase de \u201cfuera\u201d, \u201cfuera\u201d \u201cfuera\u201d los pobladores de las dos demarcaciones, hicieron valer su rechazo a las autoridades municipales, mientras que sus golpeadores empujaban y amenazaban a los pobladores. Los respectivos videos que circulan en las redes sociales son m\u00e1s que elocuentes. Como dice el viejo y sabio refr\u00e1n popular \u201cla voz del pueblo, es la voz de Dios\u201d.<\/p>\n\n\n\n<p>&nbsp;En tanto en el municipio de Aquila, durante el Grito de Independencia, el alcalde de ese municipio, Inocencio Ram\u00edrez Lim\u00f3n, fue captado disparando al aire, presuntamente en estado de ebriedad.<\/p>\n\n\n\n<p>&nbsp;En un acto irresponsable y de abuso de autoridad, y con la adrenalina arriba por los efectos del alcohol, este alcalde vac\u00edo al aire el cargador de un arma de fuego tipo escuadra autom\u00e1tica, poniendo en riesgo a los presentes.<\/p>\n\n\n\n<p>&nbsp;El abuso de consumo de alcohol, provoco que Miahuatl\u00e1n, en actitud de total irresponsabilidad, el hijo del presidente municipal de Miahuatl\u00e1n, H\u00e9ctor \u00d3scar Su\u00e1rez S\u00e1nchez, de nombre \u00d3scar Su\u00e1rez Morales y su novia, dispararon un arma de fuego al aire, seg\u00fan para celebrar el Grito de Independencia. Sin prestar atenci\u00f3n la violencia que impera en la entidad. Estas autoridades municipales promueven el uso de la violencia.<\/p>\n\n\n\n<p>&nbsp;Las escenas de la pel\u00edcula \u201cLa ley de Herodes\u201d se queda corta a la realidad que representan algunos pat\u00e9ticos alcaldes.&nbsp;&nbsp;<\/p>\n\n\n\n<p>&nbsp;Dicen que esta pel\u00edcula contribuy\u00f3 a la ca\u00edda del PRI de la presidencia de la Rep\u00fablica en el 2000. La cinta protagonizada por Dami\u00e1n Alc\u00e1zar y dirigida por Luis Estrada, coloc\u00f3 a un pol\u00edtico tricolor en un pueblo lejano, donde practicaba todo tipo de abusos para seguir en el poder. Ser\u00eda el inicio de una tetralog\u00eda que incluye Un mundo maravilloso, acerca del neoliberalismo; El infierno, con el narco en todos los \u00e1mbitos pol\u00edticos y La dictadura perfecta, en la que son criticados los medios de comunicaci\u00f3n.<\/p>\n\n\n\n<p>&nbsp;Los productores y directores de la cinematograf\u00eda nacional, tienen en sus manos m\u00e1s \u201ccarnita\u201d para seguir haciendo esas parodias en las pantallas gigantes, porque como han dicho muchos comediantes, ah\u00ed vamos a re\u00edrnos\u2026pero de nosotros mismos.<\/p>\n","protected":false},"excerpt":{"rendered":"<p>Fanny Y\u00e9pez La Columna La desconfianza hacia una \u00e9lite pol\u00edtica aferrada al poder ha ido creciendo durante lustros, alimentada por la corrupci\u00f3n end\u00e9mica, la precariedad y la falta de oportunidades para los j\u00f3venes y falta de cumplimiento de los compromisos contra\u00eddos en campa\u00f1as.&nbsp; &nbsp;No hay cifras espec\u00edficas disponibles para 2025 sobre cu\u00e1ntos j\u00f3venes abandonan Veracruz [&hellip;]<\/p>\n","protected":false},"author":2,"featured_media":141383,"comment_status":"closed","ping_status":"closed","sticky":false,"template":"","format":"standard","meta":{"tdm_status":"","tdm_grid_status":"","footnotes":""},"categories":[70],"tags":[],"class_list":{"0":"post-152708","1":"post","2":"type-post","3":"status-publish","4":"format-standard","5":"has-post-thumbnail","7":"category-de-opinion"},"yoast_head":"<!-- This site is optimized with the Yoast SEO plugin v27.4 - https:\/\/yoast.com\/product\/yoast-seo-wordpress\/ -->\n<title>PARTIDOS, ENTRE LA DESCONFIANZA Y FALTA DE CREDIBILIDAD\u00a0 - Los pol\u00edticos Veracruz<\/title>\n<meta name=\"robots\" content=\"index, follow, max-snippet:-1, max-image-preview:large, max-video-preview:-1\" \/>\n<link rel=\"canonical\" href=\"https:\/\/lospoliticosveracruz.com\/?p=152708\" \/>\n<meta property=\"og:locale\" content=\"es_ES\" \/>\n<meta property=\"og:type\" content=\"article\" \/>\n<meta property=\"og:title\" content=\"PARTIDOS, ENTRE LA DESCONFIANZA Y FALTA DE CREDIBILIDAD\u00a0 - Los pol\u00edticos Veracruz\" \/>\n<meta property=\"og:description\" content=\"Fanny Y\u00e9pez La Columna La desconfianza hacia una \u00e9lite pol\u00edtica aferrada al poder ha ido creciendo durante lustros, alimentada por la corrupci\u00f3n end\u00e9mica, la precariedad y la falta de oportunidades para los j\u00f3venes y falta de cumplimiento de los compromisos contra\u00eddos en campa\u00f1as.&nbsp; &nbsp;No hay cifras espec\u00edficas disponibles para 2025 sobre cu\u00e1ntos j\u00f3venes abandonan Veracruz [&hellip;]\" \/>\n<meta property=\"og:url\" content=\"https:\/\/lospoliticosveracruz.com\/?p=152708\" \/>\n<meta property=\"og:site_name\" content=\"Los pol\u00edticos Veracruz\" \/>\n<meta property=\"article:publisher\" content=\"https:\/\/www.facebook.com\/people\/Notimemes-de-los-Polticos\/61565672886568\/\" \/>\n<meta property=\"article:published_time\" content=\"2025-09-17T13:40:15+00:00\" \/>\n<meta property=\"article:modified_time\" content=\"2025-09-17T13:40:38+00:00\" \/>\n<meta property=\"og:image\" content=\"https:\/\/lospoliticosveracruz.com\/wp-content\/uploads\/2025\/04\/Fanny-Yepez-Luna.jpg\" \/>\n\t<meta property=\"og:image:width\" content=\"1250\" \/>\n\t<meta property=\"og:image:height\" content=\"667\" \/>\n\t<meta property=\"og:image:type\" content=\"image\/jpeg\" \/>\n<meta name=\"author\" content=\"Lo viste en Los Pol\u00edticos\" \/>\n<meta name=\"twitter:card\" content=\"summary_large_image\" \/>\n<meta name=\"twitter:creator\" content=\"@LosPoliticosVer\" \/>\n<meta name=\"twitter:site\" content=\"@LosPoliticosVer\" \/>\n<meta name=\"twitter:label1\" content=\"Escrito por\" \/>\n\t<meta name=\"twitter:data1\" content=\"Lo viste en Los Pol\u00edticos\" \/>\n\t<meta name=\"twitter:label2\" content=\"Tiempo de lectura\" \/>\n\t<meta name=\"twitter:data2\" content=\"6 minutos\" \/>\n<script type=\"application\/ld+json\" class=\"yoast-schema-graph\">{\"@context\":\"https:\\\/\\\/schema.org\",\"@graph\":[{\"@type\":\"Article\",\"@id\":\"https:\\\/\\\/lospoliticosveracruz.com\\\/?p=152708#article\",\"isPartOf\":{\"@id\":\"https:\\\/\\\/lospoliticosveracruz.com\\\/?p=152708\"},\"author\":{\"name\":\"Lo viste en Los Pol\u00edticos\",\"@id\":\"https:\\\/\\\/lospoliticosveracruz.com\\\/#\\\/schema\\\/person\\\/b8702bb0e538456e6efd07080bf2a4a2\"},\"headline\":\"PARTIDOS, ENTRE LA DESCONFIANZA Y FALTA DE CREDIBILIDAD\u00a0\",\"datePublished\":\"2025-09-17T13:40:15+00:00\",\"dateModified\":\"2025-09-17T13:40:38+00:00\",\"mainEntityOfPage\":{\"@id\":\"https:\\\/\\\/lospoliticosveracruz.com\\\/?p=152708\"},\"wordCount\":1266,\"publisher\":{\"@id\":\"https:\\\/\\\/lospoliticosveracruz.com\\\/#organization\"},\"image\":{\"@id\":\"https:\\\/\\\/lospoliticosveracruz.com\\\/?p=152708#primaryimage\"},\"thumbnailUrl\":\"https:\\\/\\\/lospoliticosveracruz.com\\\/wp-content\\\/uploads\\\/2025\\\/04\\\/Fanny-Yepez-Luna-e1768657334923.jpg\",\"articleSection\":[\"De Opini\u00f3n\"],\"inLanguage\":\"es\"},{\"@type\":\"WebPage\",\"@id\":\"https:\\\/\\\/lospoliticosveracruz.com\\\/?p=152708\",\"url\":\"https:\\\/\\\/lospoliticosveracruz.com\\\/?p=152708\",\"name\":\"PARTIDOS, ENTRE LA DESCONFIANZA Y FALTA DE CREDIBILIDAD\u00a0 - Los pol\u00edticos Veracruz\",\"isPartOf\":{\"@id\":\"https:\\\/\\\/lospoliticosveracruz.com\\\/#website\"},\"primaryImageOfPage\":{\"@id\":\"https:\\\/\\\/lospoliticosveracruz.com\\\/?p=152708#primaryimage\"},\"image\":{\"@id\":\"https:\\\/\\\/lospoliticosveracruz.com\\\/?p=152708#primaryimage\"},\"thumbnailUrl\":\"https:\\\/\\\/lospoliticosveracruz.com\\\/wp-content\\\/uploads\\\/2025\\\/04\\\/Fanny-Yepez-Luna-e1768657334923.jpg\",\"datePublished\":\"2025-09-17T13:40:15+00:00\",\"dateModified\":\"2025-09-17T13:40:38+00:00\",\"breadcrumb\":{\"@id\":\"https:\\\/\\\/lospoliticosveracruz.com\\\/?p=152708#breadcrumb\"},\"inLanguage\":\"es\",\"potentialAction\":[{\"@type\":\"ReadAction\",\"target\":[\"https:\\\/\\\/lospoliticosveracruz.com\\\/?p=152708\"]}]},{\"@type\":\"ImageObject\",\"inLanguage\":\"es\",\"@id\":\"https:\\\/\\\/lospoliticosveracruz.com\\\/?p=152708#primaryimage\",\"url\":\"https:\\\/\\\/lospoliticosveracruz.com\\\/wp-content\\\/uploads\\\/2025\\\/04\\\/Fanny-Yepez-Luna-e1768657334923.jpg\",\"contentUrl\":\"https:\\\/\\\/lospoliticosveracruz.com\\\/wp-content\\\/uploads\\\/2025\\\/04\\\/Fanny-Yepez-Luna-e1768657334923.jpg\",\"width\":600,\"height\":320},{\"@type\":\"BreadcrumbList\",\"@id\":\"https:\\\/\\\/lospoliticosveracruz.com\\\/?p=152708#breadcrumb\",\"itemListElement\":[{\"@type\":\"ListItem\",\"position\":1,\"name\":\"Portada\",\"item\":\"https:\\\/\\\/lospoliticosveracruz.com\\\/\"},{\"@type\":\"ListItem\",\"position\":2,\"name\":\"PARTIDOS, ENTRE LA DESCONFIANZA Y FALTA DE CREDIBILIDAD\u00a0\"}]},{\"@type\":\"WebSite\",\"@id\":\"https:\\\/\\\/lospoliticosveracruz.com\\\/#website\",\"url\":\"https:\\\/\\\/lospoliticosveracruz.com\\\/\",\"name\":\"Los pol\u00edticos Veracruz\",\"description\":\"\",\"publisher\":{\"@id\":\"https:\\\/\\\/lospoliticosveracruz.com\\\/#organization\"},\"potentialAction\":[{\"@type\":\"SearchAction\",\"target\":{\"@type\":\"EntryPoint\",\"urlTemplate\":\"https:\\\/\\\/lospoliticosveracruz.com\\\/?s={search_term_string}\"},\"query-input\":{\"@type\":\"PropertyValueSpecification\",\"valueRequired\":true,\"valueName\":\"search_term_string\"}}],\"inLanguage\":\"es\"},{\"@type\":\"Organization\",\"@id\":\"https:\\\/\\\/lospoliticosveracruz.com\\\/#organization\",\"name\":\"Los pol\u00edticos Veracruz\",\"url\":\"https:\\\/\\\/lospoliticosveracruz.com\\\/\",\"logo\":{\"@type\":\"ImageObject\",\"inLanguage\":\"es\",\"@id\":\"https:\\\/\\\/lospoliticosveracruz.com\\\/#\\\/schema\\\/logo\\\/image\\\/\",\"url\":\"https:\\\/\\\/lospoliticosveracruz.com\\\/wp-content\\\/uploads\\\/2025\\\/12\\\/Logo-Nuevo-LOS-POLITICOS-1.jpg\",\"contentUrl\":\"https:\\\/\\\/lospoliticosveracruz.com\\\/wp-content\\\/uploads\\\/2025\\\/12\\\/Logo-Nuevo-LOS-POLITICOS-1.jpg\",\"width\":260,\"height\":70,\"caption\":\"Los pol\u00edticos Veracruz\"},\"image\":{\"@id\":\"https:\\\/\\\/lospoliticosveracruz.com\\\/#\\\/schema\\\/logo\\\/image\\\/\"},\"sameAs\":[\"https:\\\/\\\/www.facebook.com\\\/people\\\/Notimemes-de-los-Polticos\\\/61565672886568\\\/\",\"https:\\\/\\\/x.com\\\/LosPoliticosVer\"]},{\"@type\":\"Person\",\"@id\":\"https:\\\/\\\/lospoliticosveracruz.com\\\/#\\\/schema\\\/person\\\/b8702bb0e538456e6efd07080bf2a4a2\",\"name\":\"Lo viste en Los Pol\u00edticos\",\"image\":{\"@type\":\"ImageObject\",\"inLanguage\":\"es\",\"@id\":\"https:\\\/\\\/secure.gravatar.com\\\/avatar\\\/3a8de04a2656d44082be478bd6c086daa447c4651605818287b9532d3d0bd435?s=96&d=mm&r=g\",\"url\":\"https:\\\/\\\/secure.gravatar.com\\\/avatar\\\/3a8de04a2656d44082be478bd6c086daa447c4651605818287b9532d3d0bd435?s=96&d=mm&r=g\",\"contentUrl\":\"https:\\\/\\\/secure.gravatar.com\\\/avatar\\\/3a8de04a2656d44082be478bd6c086daa447c4651605818287b9532d3d0bd435?s=96&d=mm&r=g\",\"caption\":\"Lo viste en Los Pol\u00edticos\"},\"url\":\"https:\\\/\\\/lospoliticosveracruz.com\\\/?author=2\"}]}<\/script>\n<!-- \/ Yoast SEO plugin. -->","yoast_head_json":{"title":"PARTIDOS, ENTRE LA DESCONFIANZA Y FALTA DE CREDIBILIDAD\u00a0 - Los pol\u00edticos Veracruz","robots":{"index":"index","follow":"follow","max-snippet":"max-snippet:-1","max-image-preview":"max-image-preview:large","max-video-preview":"max-video-preview:-1"},"canonical":"https:\/\/lospoliticosveracruz.com\/?p=152708","og_locale":"es_ES","og_type":"article","og_title":"PARTIDOS, ENTRE LA DESCONFIANZA Y FALTA DE CREDIBILIDAD\u00a0 - Los pol\u00edticos Veracruz","og_description":"Fanny Y\u00e9pez La Columna La desconfianza hacia una \u00e9lite pol\u00edtica aferrada al poder ha ido creciendo durante lustros, alimentada por la corrupci\u00f3n end\u00e9mica, la precariedad y la falta de oportunidades para los j\u00f3venes y falta de cumplimiento de los compromisos contra\u00eddos en campa\u00f1as.&nbsp; &nbsp;No hay cifras espec\u00edficas disponibles para 2025 sobre cu\u00e1ntos j\u00f3venes abandonan Veracruz [&hellip;]","og_url":"https:\/\/lospoliticosveracruz.com\/?p=152708","og_site_name":"Los pol\u00edticos Veracruz","article_publisher":"https:\/\/www.facebook.com\/people\/Notimemes-de-los-Polticos\/61565672886568\/","article_published_time":"2025-09-17T13:40:15+00:00","article_modified_time":"2025-09-17T13:40:38+00:00","og_image":[{"width":1250,"height":667,"url":"https:\/\/lospoliticosveracruz.com\/wp-content\/uploads\/2025\/04\/Fanny-Yepez-Luna.jpg","type":"image\/jpeg"}],"author":"Lo viste en Los Pol\u00edticos","twitter_card":"summary_large_image","twitter_creator":"@LosPoliticosVer","twitter_site":"@LosPoliticosVer","twitter_misc":{"Escrito por":"Lo viste en Los Pol\u00edticos","Tiempo de lectura":"6 minutos"},"schema":{"@context":"https:\/\/schema.org","@graph":[{"@type":"Article","@id":"https:\/\/lospoliticosveracruz.com\/?p=152708#article","isPartOf":{"@id":"https:\/\/lospoliticosveracruz.com\/?p=152708"},"author":{"name":"Lo viste en Los Pol\u00edticos","@id":"https:\/\/lospoliticosveracruz.com\/#\/schema\/person\/b8702bb0e538456e6efd07080bf2a4a2"},"headline":"PARTIDOS, ENTRE LA DESCONFIANZA Y FALTA DE CREDIBILIDAD\u00a0","datePublished":"2025-09-17T13:40:15+00:00","dateModified":"2025-09-17T13:40:38+00:00","mainEntityOfPage":{"@id":"https:\/\/lospoliticosveracruz.com\/?p=152708"},"wordCount":1266,"publisher":{"@id":"https:\/\/lospoliticosveracruz.com\/#organization"},"image":{"@id":"https:\/\/lospoliticosveracruz.com\/?p=152708#primaryimage"},"thumbnailUrl":"https:\/\/lospoliticosveracruz.com\/wp-content\/uploads\/2025\/04\/Fanny-Yepez-Luna-e1768657334923.jpg","articleSection":["De Opini\u00f3n"],"inLanguage":"es"},{"@type":"WebPage","@id":"https:\/\/lospoliticosveracruz.com\/?p=152708","url":"https:\/\/lospoliticosveracruz.com\/?p=152708","name":"PARTIDOS, ENTRE LA DESCONFIANZA Y FALTA DE CREDIBILIDAD\u00a0 - Los pol\u00edticos Veracruz","isPartOf":{"@id":"https:\/\/lospoliticosveracruz.com\/#website"},"primaryImageOfPage":{"@id":"https:\/\/lospoliticosveracruz.com\/?p=152708#primaryimage"},"image":{"@id":"https:\/\/lospoliticosveracruz.com\/?p=152708#primaryimage"},"thumbnailUrl":"https:\/\/lospoliticosveracruz.com\/wp-content\/uploads\/2025\/04\/Fanny-Yepez-Luna-e1768657334923.jpg","datePublished":"2025-09-17T13:40:15+00:00","dateModified":"2025-09-17T13:40:38+00:00","breadcrumb":{"@id":"https:\/\/lospoliticosveracruz.com\/?p=152708#breadcrumb"},"inLanguage":"es","potentialAction":[{"@type":"ReadAction","target":["https:\/\/lospoliticosveracruz.com\/?p=152708"]}]},{"@type":"ImageObject","inLanguage":"es","@id":"https:\/\/lospoliticosveracruz.com\/?p=152708#primaryimage","url":"https:\/\/lospoliticosveracruz.com\/wp-content\/uploads\/2025\/04\/Fanny-Yepez-Luna-e1768657334923.jpg","contentUrl":"https:\/\/lospoliticosveracruz.com\/wp-content\/uploads\/2025\/04\/Fanny-Yepez-Luna-e1768657334923.jpg","width":600,"height":320},{"@type":"BreadcrumbList","@id":"https:\/\/lospoliticosveracruz.com\/?p=152708#breadcrumb","itemListElement":[{"@type":"ListItem","position":1,"name":"Portada","item":"https:\/\/lospoliticosveracruz.com\/"},{"@type":"ListItem","position":2,"name":"PARTIDOS, ENTRE LA DESCONFIANZA Y FALTA DE CREDIBILIDAD\u00a0"}]},{"@type":"WebSite","@id":"https:\/\/lospoliticosveracruz.com\/#website","url":"https:\/\/lospoliticosveracruz.com\/","name":"Los pol\u00edticos Veracruz","description":"","publisher":{"@id":"https:\/\/lospoliticosveracruz.com\/#organization"},"potentialAction":[{"@type":"SearchAction","target":{"@type":"EntryPoint","urlTemplate":"https:\/\/lospoliticosveracruz.com\/?s={search_term_string}"},"query-input":{"@type":"PropertyValueSpecification","valueRequired":true,"valueName":"search_term_string"}}],"inLanguage":"es"},{"@type":"Organization","@id":"https:\/\/lospoliticosveracruz.com\/#organization","name":"Los pol\u00edticos Veracruz","url":"https:\/\/lospoliticosveracruz.com\/","logo":{"@type":"ImageObject","inLanguage":"es","@id":"https:\/\/lospoliticosveracruz.com\/#\/schema\/logo\/image\/","url":"https:\/\/lospoliticosveracruz.com\/wp-content\/uploads\/2025\/12\/Logo-Nuevo-LOS-POLITICOS-1.jpg","contentUrl":"https:\/\/lospoliticosveracruz.com\/wp-content\/uploads\/2025\/12\/Logo-Nuevo-LOS-POLITICOS-1.jpg","width":260,"height":70,"caption":"Los pol\u00edticos Veracruz"},"image":{"@id":"https:\/\/lospoliticosveracruz.com\/#\/schema\/logo\/image\/"},"sameAs":["https:\/\/www.facebook.com\/people\/Notimemes-de-los-Polticos\/61565672886568\/","https:\/\/x.com\/LosPoliticosVer"]},{"@type":"Person","@id":"https:\/\/lospoliticosveracruz.com\/#\/schema\/person\/b8702bb0e538456e6efd07080bf2a4a2","name":"Lo viste en Los Pol\u00edticos","image":{"@type":"ImageObject","inLanguage":"es","@id":"https:\/\/secure.gravatar.com\/avatar\/3a8de04a2656d44082be478bd6c086daa447c4651605818287b9532d3d0bd435?s=96&d=mm&r=g","url":"https:\/\/secure.gravatar.com\/avatar\/3a8de04a2656d44082be478bd6c086daa447c4651605818287b9532d3d0bd435?s=96&d=mm&r=g","contentUrl":"https:\/\/secure.gravatar.com\/avatar\/3a8de04a2656d44082be478bd6c086daa447c4651605818287b9532d3d0bd435?s=96&d=mm&r=g","caption":"Lo viste en Los Pol\u00edticos"},"url":"https:\/\/lospoliticosveracruz.com\/?author=2"}]}},"_links":{"self":[{"href":"https:\/\/lospoliticosveracruz.com\/index.php?rest_route=\/wp\/v2\/posts\/152708","targetHints":{"allow":["GET"]}}],"collection":[{"href":"https:\/\/lospoliticosveracruz.com\/index.php?rest_route=\/wp\/v2\/posts"}],"about":[{"href":"https:\/\/lospoliticosveracruz.com\/index.php?rest_route=\/wp\/v2\/types\/post"}],"author":[{"embeddable":true,"href":"https:\/\/lospoliticosveracruz.com\/index.php?rest_route=\/wp\/v2\/users\/2"}],"replies":[{"embeddable":true,"href":"https:\/\/lospoliticosveracruz.com\/index.php?rest_route=%2Fwp%2Fv2%2Fcomments&post=152708"}],"version-history":[{"count":1,"href":"https:\/\/lospoliticosveracruz.com\/index.php?rest_route=\/wp\/v2\/posts\/152708\/revisions"}],"predecessor-version":[{"id":152709,"href":"https:\/\/lospoliticosveracruz.com\/index.php?rest_route=\/wp\/v2\/posts\/152708\/revisions\/152709"}],"wp:featuredmedia":[{"embeddable":true,"href":"https:\/\/lospoliticosveracruz.com\/index.php?rest_route=\/wp\/v2\/media\/141383"}],"wp:attachment":[{"href":"https:\/\/lospoliticosveracruz.com\/index.php?rest_route=%2Fwp%2Fv2%2Fmedia&parent=152708"}],"wp:term":[{"taxonomy":"category","embeddable":true,"href":"https:\/\/lospoliticosveracruz.com\/index.php?rest_route=%2Fwp%2Fv2%2Fcategories&post=152708"},{"taxonomy":"post_tag","embeddable":true,"href":"https:\/\/lospoliticosveracruz.com\/index.php?rest_route=%2Fwp%2Fv2%2Ftags&post=152708"}],"curies":[{"name":"wp","href":"https:\/\/api.w.org\/{rel}","templated":true}]}}