{"id":152710,"date":"2025-09-17T08:49:42","date_gmt":"2025-09-17T13:49:42","guid":{"rendered":"https:\/\/lospoliticosveracruz.com.mx\/?p=152710"},"modified":"2025-09-17T08:50:09","modified_gmt":"2025-09-17T13:50:09","slug":"el-grito-espurio-del-espurio","status":"publish","type":"post","link":"https:\/\/lospoliticosveracruz.com\/?p=152710","title":{"rendered":"EL GRITO ESPURIO DEL ESPURIO"},"content":{"rendered":"\n\n\n<p><strong>Omar Z\u00fa\u00f1iga<\/strong><\/p>\n\n\n\n<p><em>De Primera Mano<\/em><\/p>\n\n\n\n<p>La AFECUV es la Asociaci\u00f3n de Funcionarios y Empleados de Confianza de la UV.<\/p>\n\n\n\n<p>En febrero del a\u00f1o (no tan) lejano 2007, fue publicada informaci\u00f3n que refer\u00eda que \u201cLas organizaciones AFECUV y APECUV son instancias fantasmas de la Universidad Veracruzana, en las que se desv\u00edan recursos p\u00fablicos y funcionan como caja chica para los funcionarios de la m\u00e1xima casa de estudios\u201d. Esta informaci\u00f3n fue firmada (escrita pues) por una persona de nombre Norma Trujillo B\u00e1ez.<\/p>\n\n\n\n\n\n<p>Para m\u00e1s referencias, Norma Trujillo B\u00e1ez, actualmente es directora general (as\u00ed aparece en el organigrama) de la Direcci\u00f3n de Comunicaci\u00f3n Universitaria de la UV.<\/p>\n\n\n\n<p>Este minibreviario viene a cuento porque el viernes pasado, la AFECUV tuvo su festejo por las fiestas patrias. Bien por ellos.<\/p>\n\n\n\n<p>Sin embargo, el maldito \u201cpero\u201d de siempre lleg\u00f3 demasiado pronto, pues a ese show lleg\u00f3 como invitado de honor, el rector espurio, un tal Gerardo Mart\u00edn Aguilar.<\/p>\n\n\n\n<p>Como parte de las \u201csingularidades\u201d de tan relevante fecha para quienes nos jactamos de ser nacionalistas, es que, en primer lugar, en los cuatro a\u00f1os que estuvo como rector legalmente designado, Martincillo nunca fue a este festejo, sin embargo, ahora que el agua le llega a los aparejos, decide asistir, en reciprocidad por el espaldarazo de AFECUV en los \u201cfestejos por el 81 aniversario\u201d de la Universidad, el jueves pasado.<\/p>\n\n\n\n<p>Sin embargo, no conforme con asistir, Martincillo se avent\u00f3 la puntada de dar \u201cel Grito\u201d, que conmemora el inicio de la gesta de Independencia en 1810, por el padre Miguel Hidalgo y Costilla en Dolores Hidalgo, Guanajuato (que si la fecha se cambi\u00f3 oficialmente por el cumple de Porfirio Diaz, es otra historia).<\/p>\n\n\n\n<p>Y para chingarla de acabar, dentro de las arengas, vomit\u00f3: (\u2026) -viva las mujeres, jeje (sic),&nbsp;&nbsp;viva la comunid\u00e1 (sic) universitaria que fortalece nuestra cultura y educaci\u00f3n, viva la Universid\u00e1 (sic) Veracruzana, viva la\u2026 AFECUV (\u2026).<\/p>\n\n\n\n<p>Posteriormente, intent\u00f3 ondear el l\u00e1baro patrio, en una intentona de caudillismo de petatiux.<\/p>\n\n\n\n<p>Y no, no fue un acto improvisado, sino que ten\u00edan toda la intenci\u00f3n de montar el numerito, pues llevaron bandera con su respectiva asta, atril con micr\u00f3fono para solaz del respetable y por supuesto, las arengas escritas, no gritadas al vuelo, de ninguna manera.<\/p>\n\n\n\n<p>El tel\u00f3n de fondo, fue el Secretario Acad\u00e9mico don profesor Jirafales.<\/p>\n\n\n\n<p>M\u00e1s all\u00e1 de lo rid\u00edculo y oportunista del hecho en s\u00ed mismo (AFECUV es una instancia fantasma para lavar dinero, escribi\u00f3 en 2007 la actual Directora de Comunicaci\u00f3n Universitaria), este show tendr\u00eda repercusiones legales, pues seg\u00fan el Art\u00edculo 9 bis de la Ley sobre el Escudo, la Bandera y el Himno Nacionales, durante la celebraci\u00f3n del \u00abGrito de Independencia\u00bb, (s\u00f3lo) el Presidente de la Rep\u00fablica, los gobernadores de las entidades federativas, los presidentes municipales, se ce\u00f1ir\u00e1n al protocolo descrito para este acto conmemorativo\u201d y adem\u00e1s est\u00e1n especificadas las arengas que deben gritarse.<\/p>\n\n\n\n<p>Ergo, la o el rector de una universidad NO puede dar el Grito de Independencia, porque es un acto que debe realizar la m\u00e1xima autoridad electa del pa\u00eds, entidad federativa, muncipios o alcald\u00edas, y se realiza en una ceremonia c\u00edvica oficial.&nbsp;<\/p>\n\n\n\n<p>La funci\u00f3n del rector es la de dirigir y representar a la instituci\u00f3n acad\u00e9mica, NO encabezar ceremonias de car\u00e1cter c\u00edvico-pol\u00edtico y mucho menos de un sector.<\/p>\n\n\n\n<p>NO se busca ser m\u00e1s papista que el mism\u00edsimo Papa, sino se\u00f1alar las idioteces que realiza un rector espurio, en su af\u00e1n y desesperaci\u00f3n de buscar legitimarse ante una comunidad universitaria que lo \u00fanico que exige es que se respete la legalidad, y que no se convalide este Golpe de Estado a la M\u00e1xima Casa de Estudios de Veracruz.<\/p>\n\n\n\n<p>\u00a1Qu\u00e9 barbaridad!<\/p>\n\n\n\n<p>deprimera.mano2020@gmail.com<\/p>\n","protected":false},"excerpt":{"rendered":"<p>Omar Z\u00fa\u00f1iga De Primera Mano La AFECUV es la Asociaci\u00f3n de Funcionarios y Empleados de Confianza de la UV. En febrero del a\u00f1o (no tan) lejano 2007, fue publicada informaci\u00f3n que refer\u00eda que \u201cLas organizaciones AFECUV y APECUV son instancias fantasmas de la Universidad Veracruzana, en las que se desv\u00edan recursos p\u00fablicos y funcionan como [&hellip;]<\/p>\n","protected":false},"author":2,"featured_media":141427,"comment_status":"closed","ping_status":"closed","sticky":false,"template":"","format":"standard","meta":{"tdm_status":"","tdm_grid_status":"","footnotes":""},"categories":[70],"tags":[],"class_list":{"0":"post-152710","1":"post","2":"type-post","3":"status-publish","4":"format-standard","5":"has-post-thumbnail","7":"category-de-opinion"},"yoast_head":"<!-- This site is optimized with the Yoast SEO plugin v27.4 - https:\/\/yoast.com\/product\/yoast-seo-wordpress\/ -->\n<title>EL GRITO ESPURIO DEL ESPURIO - Los pol\u00edticos Veracruz<\/title>\n<meta name=\"robots\" content=\"index, follow, max-snippet:-1, max-image-preview:large, max-video-preview:-1\" \/>\n<link rel=\"canonical\" href=\"https:\/\/lospoliticosveracruz.com\/?p=152710\" \/>\n<meta property=\"og:locale\" content=\"es_ES\" \/>\n<meta property=\"og:type\" content=\"article\" \/>\n<meta property=\"og:title\" content=\"EL GRITO ESPURIO DEL ESPURIO - Los pol\u00edticos Veracruz\" \/>\n<meta property=\"og:description\" content=\"Omar Z\u00fa\u00f1iga De Primera Mano La AFECUV es la Asociaci\u00f3n de Funcionarios y Empleados de Confianza de la UV. En febrero del a\u00f1o (no tan) lejano 2007, fue publicada informaci\u00f3n que refer\u00eda que \u201cLas organizaciones AFECUV y APECUV son instancias fantasmas de la Universidad Veracruzana, en las que se desv\u00edan recursos p\u00fablicos y funcionan como [&hellip;]\" \/>\n<meta property=\"og:url\" content=\"https:\/\/lospoliticosveracruz.com\/?p=152710\" \/>\n<meta property=\"og:site_name\" content=\"Los pol\u00edticos Veracruz\" \/>\n<meta property=\"article:publisher\" content=\"https:\/\/www.facebook.com\/people\/Notimemes-de-los-Polticos\/61565672886568\/\" \/>\n<meta property=\"article:published_time\" content=\"2025-09-17T13:49:42+00:00\" \/>\n<meta property=\"article:modified_time\" content=\"2025-09-17T13:50:09+00:00\" \/>\n<meta property=\"og:image\" content=\"https:\/\/lospoliticosveracruz.com\/wp-content\/uploads\/2025\/04\/Omar-Zuniga.jpg\" \/>\n\t<meta property=\"og:image:width\" content=\"1250\" \/>\n\t<meta property=\"og:image:height\" content=\"667\" \/>\n\t<meta property=\"og:image:type\" content=\"image\/jpeg\" \/>\n<meta name=\"author\" content=\"Lo viste en Los Pol\u00edticos\" \/>\n<meta name=\"twitter:card\" content=\"summary_large_image\" \/>\n<meta name=\"twitter:creator\" content=\"@LosPoliticosVer\" \/>\n<meta name=\"twitter:site\" content=\"@LosPoliticosVer\" \/>\n<meta name=\"twitter:label1\" content=\"Escrito por\" \/>\n\t<meta name=\"twitter:data1\" content=\"Lo viste en Los Pol\u00edticos\" \/>\n\t<meta name=\"twitter:label2\" content=\"Tiempo de lectura\" \/>\n\t<meta name=\"twitter:data2\" content=\"3 minutos\" \/>\n<script type=\"application\/ld+json\" class=\"yoast-schema-graph\">{\"@context\":\"https:\\\/\\\/schema.org\",\"@graph\":[{\"@type\":\"Article\",\"@id\":\"https:\\\/\\\/lospoliticosveracruz.com\\\/?p=152710#article\",\"isPartOf\":{\"@id\":\"https:\\\/\\\/lospoliticosveracruz.com\\\/?p=152710\"},\"author\":{\"name\":\"Lo viste en Los Pol\u00edticos\",\"@id\":\"https:\\\/\\\/lospoliticosveracruz.com\\\/#\\\/schema\\\/person\\\/b8702bb0e538456e6efd07080bf2a4a2\"},\"headline\":\"EL GRITO ESPURIO DEL ESPURIO\",\"datePublished\":\"2025-09-17T13:49:42+00:00\",\"dateModified\":\"2025-09-17T13:50:09+00:00\",\"mainEntityOfPage\":{\"@id\":\"https:\\\/\\\/lospoliticosveracruz.com\\\/?p=152710\"},\"wordCount\":656,\"publisher\":{\"@id\":\"https:\\\/\\\/lospoliticosveracruz.com\\\/#organization\"},\"image\":{\"@id\":\"https:\\\/\\\/lospoliticosveracruz.com\\\/?p=152710#primaryimage\"},\"thumbnailUrl\":\"https:\\\/\\\/lospoliticosveracruz.com\\\/wp-content\\\/uploads\\\/2025\\\/04\\\/Omar-Zuniga.jpg\",\"articleSection\":[\"De Opini\u00f3n\"],\"inLanguage\":\"es\"},{\"@type\":\"WebPage\",\"@id\":\"https:\\\/\\\/lospoliticosveracruz.com\\\/?p=152710\",\"url\":\"https:\\\/\\\/lospoliticosveracruz.com\\\/?p=152710\",\"name\":\"EL GRITO ESPURIO DEL ESPURIO - Los pol\u00edticos Veracruz\",\"isPartOf\":{\"@id\":\"https:\\\/\\\/lospoliticosveracruz.com\\\/#website\"},\"primaryImageOfPage\":{\"@id\":\"https:\\\/\\\/lospoliticosveracruz.com\\\/?p=152710#primaryimage\"},\"image\":{\"@id\":\"https:\\\/\\\/lospoliticosveracruz.com\\\/?p=152710#primaryimage\"},\"thumbnailUrl\":\"https:\\\/\\\/lospoliticosveracruz.com\\\/wp-content\\\/uploads\\\/2025\\\/04\\\/Omar-Zuniga.jpg\",\"datePublished\":\"2025-09-17T13:49:42+00:00\",\"dateModified\":\"2025-09-17T13:50:09+00:00\",\"breadcrumb\":{\"@id\":\"https:\\\/\\\/lospoliticosveracruz.com\\\/?p=152710#breadcrumb\"},\"inLanguage\":\"es\",\"potentialAction\":[{\"@type\":\"ReadAction\",\"target\":[\"https:\\\/\\\/lospoliticosveracruz.com\\\/?p=152710\"]}]},{\"@type\":\"ImageObject\",\"inLanguage\":\"es\",\"@id\":\"https:\\\/\\\/lospoliticosveracruz.com\\\/?p=152710#primaryimage\",\"url\":\"https:\\\/\\\/lospoliticosveracruz.com\\\/wp-content\\\/uploads\\\/2025\\\/04\\\/Omar-Zuniga.jpg\",\"contentUrl\":\"https:\\\/\\\/lospoliticosveracruz.com\\\/wp-content\\\/uploads\\\/2025\\\/04\\\/Omar-Zuniga.jpg\",\"width\":1250,\"height\":667},{\"@type\":\"BreadcrumbList\",\"@id\":\"https:\\\/\\\/lospoliticosveracruz.com\\\/?p=152710#breadcrumb\",\"itemListElement\":[{\"@type\":\"ListItem\",\"position\":1,\"name\":\"Portada\",\"item\":\"https:\\\/\\\/lospoliticosveracruz.com\\\/\"},{\"@type\":\"ListItem\",\"position\":2,\"name\":\"EL GRITO ESPURIO DEL ESPURIO\"}]},{\"@type\":\"WebSite\",\"@id\":\"https:\\\/\\\/lospoliticosveracruz.com\\\/#website\",\"url\":\"https:\\\/\\\/lospoliticosveracruz.com\\\/\",\"name\":\"Los pol\u00edticos Veracruz\",\"description\":\"\",\"publisher\":{\"@id\":\"https:\\\/\\\/lospoliticosveracruz.com\\\/#organization\"},\"potentialAction\":[{\"@type\":\"SearchAction\",\"target\":{\"@type\":\"EntryPoint\",\"urlTemplate\":\"https:\\\/\\\/lospoliticosveracruz.com\\\/?s={search_term_string}\"},\"query-input\":{\"@type\":\"PropertyValueSpecification\",\"valueRequired\":true,\"valueName\":\"search_term_string\"}}],\"inLanguage\":\"es\"},{\"@type\":\"Organization\",\"@id\":\"https:\\\/\\\/lospoliticosveracruz.com\\\/#organization\",\"name\":\"Los pol\u00edticos Veracruz\",\"url\":\"https:\\\/\\\/lospoliticosveracruz.com\\\/\",\"logo\":{\"@type\":\"ImageObject\",\"inLanguage\":\"es\",\"@id\":\"https:\\\/\\\/lospoliticosveracruz.com\\\/#\\\/schema\\\/logo\\\/image\\\/\",\"url\":\"https:\\\/\\\/lospoliticosveracruz.com\\\/wp-content\\\/uploads\\\/2025\\\/12\\\/Logo-Nuevo-LOS-POLITICOS-1.jpg\",\"contentUrl\":\"https:\\\/\\\/lospoliticosveracruz.com\\\/wp-content\\\/uploads\\\/2025\\\/12\\\/Logo-Nuevo-LOS-POLITICOS-1.jpg\",\"width\":260,\"height\":70,\"caption\":\"Los pol\u00edticos Veracruz\"},\"image\":{\"@id\":\"https:\\\/\\\/lospoliticosveracruz.com\\\/#\\\/schema\\\/logo\\\/image\\\/\"},\"sameAs\":[\"https:\\\/\\\/www.facebook.com\\\/people\\\/Notimemes-de-los-Polticos\\\/61565672886568\\\/\",\"https:\\\/\\\/x.com\\\/LosPoliticosVer\"]},{\"@type\":\"Person\",\"@id\":\"https:\\\/\\\/lospoliticosveracruz.com\\\/#\\\/schema\\\/person\\\/b8702bb0e538456e6efd07080bf2a4a2\",\"name\":\"Lo viste en Los Pol\u00edticos\",\"image\":{\"@type\":\"ImageObject\",\"inLanguage\":\"es\",\"@id\":\"https:\\\/\\\/secure.gravatar.com\\\/avatar\\\/3a8de04a2656d44082be478bd6c086daa447c4651605818287b9532d3d0bd435?s=96&d=mm&r=g\",\"url\":\"https:\\\/\\\/secure.gravatar.com\\\/avatar\\\/3a8de04a2656d44082be478bd6c086daa447c4651605818287b9532d3d0bd435?s=96&d=mm&r=g\",\"contentUrl\":\"https:\\\/\\\/secure.gravatar.com\\\/avatar\\\/3a8de04a2656d44082be478bd6c086daa447c4651605818287b9532d3d0bd435?s=96&d=mm&r=g\",\"caption\":\"Lo viste en Los Pol\u00edticos\"},\"url\":\"https:\\\/\\\/lospoliticosveracruz.com\\\/?author=2\"}]}<\/script>\n<!-- \/ Yoast SEO plugin. -->","yoast_head_json":{"title":"EL GRITO ESPURIO DEL ESPURIO - Los pol\u00edticos Veracruz","robots":{"index":"index","follow":"follow","max-snippet":"max-snippet:-1","max-image-preview":"max-image-preview:large","max-video-preview":"max-video-preview:-1"},"canonical":"https:\/\/lospoliticosveracruz.com\/?p=152710","og_locale":"es_ES","og_type":"article","og_title":"EL GRITO ESPURIO DEL ESPURIO - Los pol\u00edticos Veracruz","og_description":"Omar Z\u00fa\u00f1iga De Primera Mano La AFECUV es la Asociaci\u00f3n de Funcionarios y Empleados de Confianza de la UV. En febrero del a\u00f1o (no tan) lejano 2007, fue publicada informaci\u00f3n que refer\u00eda que \u201cLas organizaciones AFECUV y APECUV son instancias fantasmas de la Universidad Veracruzana, en las que se desv\u00edan recursos p\u00fablicos y funcionan como [&hellip;]","og_url":"https:\/\/lospoliticosveracruz.com\/?p=152710","og_site_name":"Los pol\u00edticos Veracruz","article_publisher":"https:\/\/www.facebook.com\/people\/Notimemes-de-los-Polticos\/61565672886568\/","article_published_time":"2025-09-17T13:49:42+00:00","article_modified_time":"2025-09-17T13:50:09+00:00","og_image":[{"width":1250,"height":667,"url":"https:\/\/lospoliticosveracruz.com\/wp-content\/uploads\/2025\/04\/Omar-Zuniga.jpg","type":"image\/jpeg"}],"author":"Lo viste en Los Pol\u00edticos","twitter_card":"summary_large_image","twitter_creator":"@LosPoliticosVer","twitter_site":"@LosPoliticosVer","twitter_misc":{"Escrito por":"Lo viste en Los Pol\u00edticos","Tiempo de lectura":"3 minutos"},"schema":{"@context":"https:\/\/schema.org","@graph":[{"@type":"Article","@id":"https:\/\/lospoliticosveracruz.com\/?p=152710#article","isPartOf":{"@id":"https:\/\/lospoliticosveracruz.com\/?p=152710"},"author":{"name":"Lo viste en Los Pol\u00edticos","@id":"https:\/\/lospoliticosveracruz.com\/#\/schema\/person\/b8702bb0e538456e6efd07080bf2a4a2"},"headline":"EL GRITO ESPURIO DEL ESPURIO","datePublished":"2025-09-17T13:49:42+00:00","dateModified":"2025-09-17T13:50:09+00:00","mainEntityOfPage":{"@id":"https:\/\/lospoliticosveracruz.com\/?p=152710"},"wordCount":656,"publisher":{"@id":"https:\/\/lospoliticosveracruz.com\/#organization"},"image":{"@id":"https:\/\/lospoliticosveracruz.com\/?p=152710#primaryimage"},"thumbnailUrl":"https:\/\/lospoliticosveracruz.com\/wp-content\/uploads\/2025\/04\/Omar-Zuniga.jpg","articleSection":["De Opini\u00f3n"],"inLanguage":"es"},{"@type":"WebPage","@id":"https:\/\/lospoliticosveracruz.com\/?p=152710","url":"https:\/\/lospoliticosveracruz.com\/?p=152710","name":"EL GRITO ESPURIO DEL ESPURIO - Los pol\u00edticos Veracruz","isPartOf":{"@id":"https:\/\/lospoliticosveracruz.com\/#website"},"primaryImageOfPage":{"@id":"https:\/\/lospoliticosveracruz.com\/?p=152710#primaryimage"},"image":{"@id":"https:\/\/lospoliticosveracruz.com\/?p=152710#primaryimage"},"thumbnailUrl":"https:\/\/lospoliticosveracruz.com\/wp-content\/uploads\/2025\/04\/Omar-Zuniga.jpg","datePublished":"2025-09-17T13:49:42+00:00","dateModified":"2025-09-17T13:50:09+00:00","breadcrumb":{"@id":"https:\/\/lospoliticosveracruz.com\/?p=152710#breadcrumb"},"inLanguage":"es","potentialAction":[{"@type":"ReadAction","target":["https:\/\/lospoliticosveracruz.com\/?p=152710"]}]},{"@type":"ImageObject","inLanguage":"es","@id":"https:\/\/lospoliticosveracruz.com\/?p=152710#primaryimage","url":"https:\/\/lospoliticosveracruz.com\/wp-content\/uploads\/2025\/04\/Omar-Zuniga.jpg","contentUrl":"https:\/\/lospoliticosveracruz.com\/wp-content\/uploads\/2025\/04\/Omar-Zuniga.jpg","width":1250,"height":667},{"@type":"BreadcrumbList","@id":"https:\/\/lospoliticosveracruz.com\/?p=152710#breadcrumb","itemListElement":[{"@type":"ListItem","position":1,"name":"Portada","item":"https:\/\/lospoliticosveracruz.com\/"},{"@type":"ListItem","position":2,"name":"EL GRITO ESPURIO DEL ESPURIO"}]},{"@type":"WebSite","@id":"https:\/\/lospoliticosveracruz.com\/#website","url":"https:\/\/lospoliticosveracruz.com\/","name":"Los pol\u00edticos Veracruz","description":"","publisher":{"@id":"https:\/\/lospoliticosveracruz.com\/#organization"},"potentialAction":[{"@type":"SearchAction","target":{"@type":"EntryPoint","urlTemplate":"https:\/\/lospoliticosveracruz.com\/?s={search_term_string}"},"query-input":{"@type":"PropertyValueSpecification","valueRequired":true,"valueName":"search_term_string"}}],"inLanguage":"es"},{"@type":"Organization","@id":"https:\/\/lospoliticosveracruz.com\/#organization","name":"Los pol\u00edticos Veracruz","url":"https:\/\/lospoliticosveracruz.com\/","logo":{"@type":"ImageObject","inLanguage":"es","@id":"https:\/\/lospoliticosveracruz.com\/#\/schema\/logo\/image\/","url":"https:\/\/lospoliticosveracruz.com\/wp-content\/uploads\/2025\/12\/Logo-Nuevo-LOS-POLITICOS-1.jpg","contentUrl":"https:\/\/lospoliticosveracruz.com\/wp-content\/uploads\/2025\/12\/Logo-Nuevo-LOS-POLITICOS-1.jpg","width":260,"height":70,"caption":"Los pol\u00edticos Veracruz"},"image":{"@id":"https:\/\/lospoliticosveracruz.com\/#\/schema\/logo\/image\/"},"sameAs":["https:\/\/www.facebook.com\/people\/Notimemes-de-los-Polticos\/61565672886568\/","https:\/\/x.com\/LosPoliticosVer"]},{"@type":"Person","@id":"https:\/\/lospoliticosveracruz.com\/#\/schema\/person\/b8702bb0e538456e6efd07080bf2a4a2","name":"Lo viste en Los Pol\u00edticos","image":{"@type":"ImageObject","inLanguage":"es","@id":"https:\/\/secure.gravatar.com\/avatar\/3a8de04a2656d44082be478bd6c086daa447c4651605818287b9532d3d0bd435?s=96&d=mm&r=g","url":"https:\/\/secure.gravatar.com\/avatar\/3a8de04a2656d44082be478bd6c086daa447c4651605818287b9532d3d0bd435?s=96&d=mm&r=g","contentUrl":"https:\/\/secure.gravatar.com\/avatar\/3a8de04a2656d44082be478bd6c086daa447c4651605818287b9532d3d0bd435?s=96&d=mm&r=g","caption":"Lo viste en Los Pol\u00edticos"},"url":"https:\/\/lospoliticosveracruz.com\/?author=2"}]}},"_links":{"self":[{"href":"https:\/\/lospoliticosveracruz.com\/index.php?rest_route=\/wp\/v2\/posts\/152710","targetHints":{"allow":["GET"]}}],"collection":[{"href":"https:\/\/lospoliticosveracruz.com\/index.php?rest_route=\/wp\/v2\/posts"}],"about":[{"href":"https:\/\/lospoliticosveracruz.com\/index.php?rest_route=\/wp\/v2\/types\/post"}],"author":[{"embeddable":true,"href":"https:\/\/lospoliticosveracruz.com\/index.php?rest_route=\/wp\/v2\/users\/2"}],"replies":[{"embeddable":true,"href":"https:\/\/lospoliticosveracruz.com\/index.php?rest_route=%2Fwp%2Fv2%2Fcomments&post=152710"}],"version-history":[{"count":1,"href":"https:\/\/lospoliticosveracruz.com\/index.php?rest_route=\/wp\/v2\/posts\/152710\/revisions"}],"predecessor-version":[{"id":152711,"href":"https:\/\/lospoliticosveracruz.com\/index.php?rest_route=\/wp\/v2\/posts\/152710\/revisions\/152711"}],"wp:featuredmedia":[{"embeddable":true,"href":"https:\/\/lospoliticosveracruz.com\/index.php?rest_route=\/wp\/v2\/media\/141427"}],"wp:attachment":[{"href":"https:\/\/lospoliticosveracruz.com\/index.php?rest_route=%2Fwp%2Fv2%2Fmedia&parent=152710"}],"wp:term":[{"taxonomy":"category","embeddable":true,"href":"https:\/\/lospoliticosveracruz.com\/index.php?rest_route=%2Fwp%2Fv2%2Fcategories&post=152710"},{"taxonomy":"post_tag","embeddable":true,"href":"https:\/\/lospoliticosveracruz.com\/index.php?rest_route=%2Fwp%2Fv2%2Ftags&post=152710"}],"curies":[{"name":"wp","href":"https:\/\/api.w.org\/{rel}","templated":true}]}}