{"id":152712,"date":"2025-09-17T09:14:45","date_gmt":"2025-09-17T14:14:45","guid":{"rendered":"https:\/\/lospoliticosveracruz.com.mx\/?p=152712"},"modified":"2025-09-17T09:15:12","modified_gmt":"2025-09-17T14:15:12","slug":"martes-negro","status":"publish","type":"post","link":"https:\/\/lospoliticosveracruz.com\/?p=152712","title":{"rendered":"MARTES NEGRO"},"content":{"rendered":"\n\n\n<p><strong>Oved Contreras<br><\/strong><em>Secas Mecas<\/em><\/p>\n\n\n\n<p>No funcion\u00f3 ni el blindaje anunciado por el gobierno para municipios de la zona norte ni que es tiempo de mujeres de la Cuarta Transformaci\u00f3n\u2026Cuatro mujeres fueron asesinadas en dos ataques armados la ma\u00f1ana de ayer martes 16 de septiembre, en dos municipios del norte del estado de Veracruz, en plena conmemoraci\u00f3n del D\u00eda de la Independencia de M\u00e9xico.<\/p>\n\n\n\n<p>Los homicidios ocurrieron en los municipios de Coatzintla y Papantla, pese al despliegue de fuerzas de seguridad. En la colonia Veracruz de Coatzintla, cerca del fraccionamiento Casa Geo, fueron hallados los cuerpos de dos mujeres sobre una carretera en construcci\u00f3n. El reporte fue hecho por vecinos al 911, quienes encontraron a las v\u00edctimas abrazadas en la banqueta, junto a maquinaria pesada.<\/p>\n\n\n\n\n\n<p>Aunque la Fiscal\u00eda no ha confirmado oficialmente la causa de muerte, se presume que ambas presentaban signos de violencia y se encontraron casquillos percutidos en la escena. Las v\u00edctimas permanecen en calidad de no identificadas en el Servicio M\u00e9dico Forense. El hallazgo se dio en una zona que estaba bajo vigilancia de la Polic\u00eda Estatal y el Ej\u00e9rcito, como parte del operativo de seguridad implementado en la regi\u00f3n.<\/p>\n\n\n\n<p>M\u00e1s tarde en la comunidad de Carrizal, en Papantla, dos mujeres identificadas como Maclovia y Eugenia Sosa, de 55 y 60 a\u00f1os, fueron ejecutadas dentro de su vivienda. Las versiones de los lugare\u00f1os indican que hombres armados irrumpieron en el domicilio y dispararon directamente contra ellas. Las v\u00edctimas ser\u00edan cu\u00f1adas de una agente municipal, lo que ha generado inquietud entre la poblaci\u00f3n.<\/p>\n\n\n\n<p>Sobre este caso, la periodista Lul\u00fa L\u00f3pez siempre tan quisquillosa en sus publicaciones, refiere que las<br>hermanas Maclovia y Eugenia al parecer fueron asesinadas porque no sab\u00edan d\u00f3nde estaba su hermana Antonia, qui\u00e9n es agente municipal y es una mujer muy estimada por la comunidad pero lo malo es que no comulga con las actuales autoridades municipales, no es simpatizante de Morena.<\/p>\n\n\n\n<p>To\u00f1ita comenz\u00f3 a recibir acoso para que renunciara. A varios agentes municipales se los hicieron. Un video muestra que el a\u00f1o pasado un grupo de agentes se reunieron precisamente en Carrizal porque discutieron el tema con autoridades y eso termin\u00f3 en reclamos y jaloneos. La agente municipal Antonia se neg\u00f3 a renunciar, otros s\u00ed lo hicieron.<\/p>\n\n\n\n<p>Hoy la tragedia llam\u00f3 a la puerta de las hermanas Sosa, cu\u00f1adas de To\u00f1ita. Ambas, mujeres muy devotas de la iglesia, una integrante del coro. Los sicarios que llegaron por To\u00f1ita les exigieron a las hermanas saber d\u00f3nde estaba, pero ellas no sab\u00edan.<br>La manera en la que fueron interrogadas para que dijeran d\u00f3nde estaba la agente municipal les extra\u00f1\u00f3 y al negarse fueron acalladas con disparos.<br>\u201cLlegaron polic\u00edas, muchos: municipales, estatales, federales, hasta los soldados\u201d, cont\u00f3 una lugare\u00f1a que dijo haber observado c\u00f3mo sobrevolaba un helic\u00f3ptero en la regi\u00f3n y que lo hac\u00eda bajito. La gente ya no quiso salir, el resto del d\u00eda mejor se qued\u00f3 en sus casas.<\/p>\n\n\n\n<p>De nada sirve gritar arengas de que vivan las mujeres por parte de los gobiernos cuatroteros si en los hechos, esas mujeres gestoras o representantes populares est\u00e1n a merced de grupos criminales sin que nadie las proteja\u2026ma\u00f1ana saldr\u00e1n seguramente la gobernadora Roc\u00edo Nahle y su fiscal\u00eda Ver\u00edn Hern\u00e1ndez que los homicidios no quedar\u00e1n impunes y que todo el peso de la ley a los agresores\u2026pero como dice la canci\u00f3n \u201cVivir sin miedo\u201d de Vivir Quintana: \u201cCantamos sin miedo, pedimos justicia\/ Gritamos por cada desaparecida\/ Que resuene fuerte \u00ab\u00a1nos queremos vivas!\u00bb\/ Que caiga con fuerza el feminicida\u201d.<\/p>\n\n\n\n<p>MARYJOSE ALCALDESA\u2026pese a todos los pataleos de \u201cLarra\u201d Zepeta y la gorda Ahued que confiaban en arrebatar lo que no ganaron en las urnas, el Tribunal Electoral de Veracruz (TEV) confirm\u00f3 por unanimidad el resultado de la votaci\u00f3n del pasado 01 de junio en Boca del R\u00edo, en el que la candidata del PAN, MaryJose Gamboa, result\u00f3 ganadora.<\/p>\n\n\n\n<p>Las y los magistrados decretaron la&nbsp;improcedencia de los agravios expuestos por Morena, pues no hubo rebase de topes de gastos de campa\u00f1a, no existieron violaciones dentro del proceso que impactaran en la votaci\u00f3n y no lograron acreditar ninguna causal de nulidad, adem\u00e1s declararon infundado el juicio presentado por Morena por violencia pol\u00edtica en raz\u00f3n de g\u00e9nero.<\/p>\n\n\n\n<p>Con esto, Morena y su candidata la gorda Ahued sufrieron una derrota aplastante porque no solo perdieron la elecci\u00f3n en las urnas, donde los boque\u00f1os no solo apostaron por Maryjose Gamboa sino que refrendaron su respaldo a la administraci\u00f3n del actual alcalde Juan Manuel Unanue\u2026Morena le ech\u00f3 primero encima a Morelli y despu\u00e9s en plena campa\u00f1a tambi\u00e9n alinearon a Ra\u00fal Zarrabal que se uni\u00f3 al coro de ataques pero como dicen en el barrio: se la persignaron\u2026m\u00e1s de 50 recursos de impugnaci\u00f3n contra Maryjose y todos los gan\u00f3.<\/p>\n\n\n\n<p>La gorda Ahued dice que ahora se ir\u00e1n a la Sala Regional del Tribunal Electoral federal y si es necesario a la Sala Superior\u2026pero ni aunque vaya a bailar a Chalma\u2026 Dios no concede antojos ni endereza jorobados\u2026si no prosperaron sus reclamos en el tribunal local que de alguna manera tienen cierta injerencia del gobierno estatal, el tribunal federal los mandar\u00e1 por un tubo\u2026a darle vuelta a la p\u00e1gina y Maryjose a lo que sigue que es la planificaci\u00f3n del arranque de su gobierno.<\/p>\n\n\n\n<p>EL COCHINERO EN POZA RICA\u2026pero no todo es miel sobre hojuelas con el trabajo del Tribunal Electoral de Veracruz que pese al cochinero que hizo Morena en Poza Rica, con la apertura de paquetes electorales y la anulaci\u00f3n de m\u00e1s de tres mil 500 votos que eran a favor del candidato naranja Emilio Olvera\u2026los magistrados locales ordenaron el recuento total de votos que con la anulaci\u00f3n de sufragios en favor del movimiento naranja, permiti\u00f3 que Morena le arrebatara la alcald\u00eda de Poza Rica a Olvera y se la dieran a Adanely Rodr\u00edguez, ex vocera del alcalde actual Fernando \u201cpulpo\u201d Remes.<\/p>\n\n\n\n<p>El abanderado de MC adelant\u00f3 que presentar\u00e1n sus alegatos a la Sala Regional del Tribunal Electoral federal o en su caso ante la Sala Superior, pero que los delincuentes de Morena hicieron un cochinero al abrir paquetes para anularle 3 mil 500 votos a los naranjas.<\/p>\n\n\n\n<p>Emilio Olvera la plantea f\u00e1cil: si el delincuente de Zepeta est\u00e1 muy seguro de que ganaron la elecci\u00f3n municipal pues que se vuelva a convocar a elecciones y van a recibir el rechazo de la poblaci\u00f3n que ya no quiere m\u00e1s de Morena en Poza Rica.<\/p>\n","protected":false},"excerpt":{"rendered":"<p>Oved ContrerasSecas Mecas No funcion\u00f3 ni el blindaje anunciado por el gobierno para municipios de la zona norte ni que es tiempo de mujeres de la Cuarta Transformaci\u00f3n\u2026Cuatro mujeres fueron asesinadas en dos ataques armados la ma\u00f1ana de ayer martes 16 de septiembre, en dos municipios del norte del estado de Veracruz, en plena conmemoraci\u00f3n [&hellip;]<\/p>\n","protected":false},"author":2,"featured_media":141426,"comment_status":"closed","ping_status":"closed","sticky":false,"template":"","format":"standard","meta":{"tdm_status":"","tdm_grid_status":"","footnotes":""},"categories":[70],"tags":[],"class_list":{"0":"post-152712","1":"post","2":"type-post","3":"status-publish","4":"format-standard","5":"has-post-thumbnail","7":"category-de-opinion"},"yoast_head":"<!-- This site is optimized with the Yoast SEO plugin v27.4 - https:\/\/yoast.com\/product\/yoast-seo-wordpress\/ -->\n<title>MARTES NEGRO - Los pol\u00edticos Veracruz<\/title>\n<meta name=\"robots\" content=\"index, follow, max-snippet:-1, max-image-preview:large, max-video-preview:-1\" \/>\n<link rel=\"canonical\" href=\"https:\/\/lospoliticosveracruz.com\/?p=152712\" \/>\n<meta property=\"og:locale\" content=\"es_ES\" \/>\n<meta property=\"og:type\" content=\"article\" \/>\n<meta property=\"og:title\" content=\"MARTES NEGRO - Los pol\u00edticos Veracruz\" \/>\n<meta property=\"og:description\" content=\"Oved ContrerasSecas Mecas No funcion\u00f3 ni el blindaje anunciado por el gobierno para municipios de la zona norte ni que es tiempo de mujeres de la Cuarta Transformaci\u00f3n\u2026Cuatro mujeres fueron asesinadas en dos ataques armados la ma\u00f1ana de ayer martes 16 de septiembre, en dos municipios del norte del estado de Veracruz, en plena conmemoraci\u00f3n [&hellip;]\" \/>\n<meta property=\"og:url\" content=\"https:\/\/lospoliticosveracruz.com\/?p=152712\" \/>\n<meta property=\"og:site_name\" content=\"Los pol\u00edticos Veracruz\" \/>\n<meta property=\"article:publisher\" content=\"https:\/\/www.facebook.com\/people\/Notimemes-de-los-Polticos\/61565672886568\/\" \/>\n<meta property=\"article:published_time\" content=\"2025-09-17T14:14:45+00:00\" \/>\n<meta property=\"article:modified_time\" content=\"2025-09-17T14:15:12+00:00\" \/>\n<meta property=\"og:image\" content=\"https:\/\/lospoliticosveracruz.com\/wp-content\/uploads\/2025\/04\/Oved-Contreras-e1768066319253.jpg\" \/>\n\t<meta property=\"og:image:width\" content=\"600\" \/>\n\t<meta property=\"og:image:height\" content=\"320\" \/>\n\t<meta property=\"og:image:type\" content=\"image\/jpeg\" \/>\n<meta name=\"author\" content=\"Lo viste en Los Pol\u00edticos\" \/>\n<meta name=\"twitter:card\" content=\"summary_large_image\" \/>\n<meta name=\"twitter:creator\" content=\"@LosPoliticosVer\" \/>\n<meta name=\"twitter:site\" content=\"@LosPoliticosVer\" \/>\n<meta name=\"twitter:label1\" content=\"Escrito por\" \/>\n\t<meta name=\"twitter:data1\" content=\"Lo viste en Los Pol\u00edticos\" \/>\n\t<meta name=\"twitter:label2\" content=\"Tiempo de lectura\" \/>\n\t<meta name=\"twitter:data2\" content=\"6 minutos\" \/>\n<script type=\"application\/ld+json\" class=\"yoast-schema-graph\">{\"@context\":\"https:\\\/\\\/schema.org\",\"@graph\":[{\"@type\":\"Article\",\"@id\":\"https:\\\/\\\/lospoliticosveracruz.com\\\/?p=152712#article\",\"isPartOf\":{\"@id\":\"https:\\\/\\\/lospoliticosveracruz.com\\\/?p=152712\"},\"author\":{\"name\":\"Lo viste en Los Pol\u00edticos\",\"@id\":\"https:\\\/\\\/lospoliticosveracruz.com\\\/#\\\/schema\\\/person\\\/b8702bb0e538456e6efd07080bf2a4a2\"},\"headline\":\"MARTES NEGRO\",\"datePublished\":\"2025-09-17T14:14:45+00:00\",\"dateModified\":\"2025-09-17T14:15:12+00:00\",\"mainEntityOfPage\":{\"@id\":\"https:\\\/\\\/lospoliticosveracruz.com\\\/?p=152712\"},\"wordCount\":1140,\"publisher\":{\"@id\":\"https:\\\/\\\/lospoliticosveracruz.com\\\/#organization\"},\"image\":{\"@id\":\"https:\\\/\\\/lospoliticosveracruz.com\\\/?p=152712#primaryimage\"},\"thumbnailUrl\":\"https:\\\/\\\/lospoliticosveracruz.com\\\/wp-content\\\/uploads\\\/2025\\\/04\\\/Oved-Contreras-e1768066319253.jpg\",\"articleSection\":[\"De Opini\u00f3n\"],\"inLanguage\":\"es\"},{\"@type\":\"WebPage\",\"@id\":\"https:\\\/\\\/lospoliticosveracruz.com\\\/?p=152712\",\"url\":\"https:\\\/\\\/lospoliticosveracruz.com\\\/?p=152712\",\"name\":\"MARTES NEGRO - Los pol\u00edticos Veracruz\",\"isPartOf\":{\"@id\":\"https:\\\/\\\/lospoliticosveracruz.com\\\/#website\"},\"primaryImageOfPage\":{\"@id\":\"https:\\\/\\\/lospoliticosveracruz.com\\\/?p=152712#primaryimage\"},\"image\":{\"@id\":\"https:\\\/\\\/lospoliticosveracruz.com\\\/?p=152712#primaryimage\"},\"thumbnailUrl\":\"https:\\\/\\\/lospoliticosveracruz.com\\\/wp-content\\\/uploads\\\/2025\\\/04\\\/Oved-Contreras-e1768066319253.jpg\",\"datePublished\":\"2025-09-17T14:14:45+00:00\",\"dateModified\":\"2025-09-17T14:15:12+00:00\",\"breadcrumb\":{\"@id\":\"https:\\\/\\\/lospoliticosveracruz.com\\\/?p=152712#breadcrumb\"},\"inLanguage\":\"es\",\"potentialAction\":[{\"@type\":\"ReadAction\",\"target\":[\"https:\\\/\\\/lospoliticosveracruz.com\\\/?p=152712\"]}]},{\"@type\":\"ImageObject\",\"inLanguage\":\"es\",\"@id\":\"https:\\\/\\\/lospoliticosveracruz.com\\\/?p=152712#primaryimage\",\"url\":\"https:\\\/\\\/lospoliticosveracruz.com\\\/wp-content\\\/uploads\\\/2025\\\/04\\\/Oved-Contreras-e1768066319253.jpg\",\"contentUrl\":\"https:\\\/\\\/lospoliticosveracruz.com\\\/wp-content\\\/uploads\\\/2025\\\/04\\\/Oved-Contreras-e1768066319253.jpg\",\"width\":600,\"height\":320},{\"@type\":\"BreadcrumbList\",\"@id\":\"https:\\\/\\\/lospoliticosveracruz.com\\\/?p=152712#breadcrumb\",\"itemListElement\":[{\"@type\":\"ListItem\",\"position\":1,\"name\":\"Portada\",\"item\":\"https:\\\/\\\/lospoliticosveracruz.com\\\/\"},{\"@type\":\"ListItem\",\"position\":2,\"name\":\"MARTES NEGRO\"}]},{\"@type\":\"WebSite\",\"@id\":\"https:\\\/\\\/lospoliticosveracruz.com\\\/#website\",\"url\":\"https:\\\/\\\/lospoliticosveracruz.com\\\/\",\"name\":\"Los pol\u00edticos Veracruz\",\"description\":\"\",\"publisher\":{\"@id\":\"https:\\\/\\\/lospoliticosveracruz.com\\\/#organization\"},\"potentialAction\":[{\"@type\":\"SearchAction\",\"target\":{\"@type\":\"EntryPoint\",\"urlTemplate\":\"https:\\\/\\\/lospoliticosveracruz.com\\\/?s={search_term_string}\"},\"query-input\":{\"@type\":\"PropertyValueSpecification\",\"valueRequired\":true,\"valueName\":\"search_term_string\"}}],\"inLanguage\":\"es\"},{\"@type\":\"Organization\",\"@id\":\"https:\\\/\\\/lospoliticosveracruz.com\\\/#organization\",\"name\":\"Los pol\u00edticos Veracruz\",\"url\":\"https:\\\/\\\/lospoliticosveracruz.com\\\/\",\"logo\":{\"@type\":\"ImageObject\",\"inLanguage\":\"es\",\"@id\":\"https:\\\/\\\/lospoliticosveracruz.com\\\/#\\\/schema\\\/logo\\\/image\\\/\",\"url\":\"https:\\\/\\\/lospoliticosveracruz.com\\\/wp-content\\\/uploads\\\/2025\\\/12\\\/Logo-Nuevo-LOS-POLITICOS-1.jpg\",\"contentUrl\":\"https:\\\/\\\/lospoliticosveracruz.com\\\/wp-content\\\/uploads\\\/2025\\\/12\\\/Logo-Nuevo-LOS-POLITICOS-1.jpg\",\"width\":260,\"height\":70,\"caption\":\"Los pol\u00edticos Veracruz\"},\"image\":{\"@id\":\"https:\\\/\\\/lospoliticosveracruz.com\\\/#\\\/schema\\\/logo\\\/image\\\/\"},\"sameAs\":[\"https:\\\/\\\/www.facebook.com\\\/people\\\/Notimemes-de-los-Polticos\\\/61565672886568\\\/\",\"https:\\\/\\\/x.com\\\/LosPoliticosVer\"]},{\"@type\":\"Person\",\"@id\":\"https:\\\/\\\/lospoliticosveracruz.com\\\/#\\\/schema\\\/person\\\/b8702bb0e538456e6efd07080bf2a4a2\",\"name\":\"Lo viste en Los Pol\u00edticos\",\"image\":{\"@type\":\"ImageObject\",\"inLanguage\":\"es\",\"@id\":\"https:\\\/\\\/secure.gravatar.com\\\/avatar\\\/3a8de04a2656d44082be478bd6c086daa447c4651605818287b9532d3d0bd435?s=96&d=mm&r=g\",\"url\":\"https:\\\/\\\/secure.gravatar.com\\\/avatar\\\/3a8de04a2656d44082be478bd6c086daa447c4651605818287b9532d3d0bd435?s=96&d=mm&r=g\",\"contentUrl\":\"https:\\\/\\\/secure.gravatar.com\\\/avatar\\\/3a8de04a2656d44082be478bd6c086daa447c4651605818287b9532d3d0bd435?s=96&d=mm&r=g\",\"caption\":\"Lo viste en Los Pol\u00edticos\"},\"url\":\"https:\\\/\\\/lospoliticosveracruz.com\\\/?author=2\"}]}<\/script>\n<!-- \/ Yoast SEO plugin. -->","yoast_head_json":{"title":"MARTES NEGRO - Los pol\u00edticos Veracruz","robots":{"index":"index","follow":"follow","max-snippet":"max-snippet:-1","max-image-preview":"max-image-preview:large","max-video-preview":"max-video-preview:-1"},"canonical":"https:\/\/lospoliticosveracruz.com\/?p=152712","og_locale":"es_ES","og_type":"article","og_title":"MARTES NEGRO - Los pol\u00edticos Veracruz","og_description":"Oved ContrerasSecas Mecas No funcion\u00f3 ni el blindaje anunciado por el gobierno para municipios de la zona norte ni que es tiempo de mujeres de la Cuarta Transformaci\u00f3n\u2026Cuatro mujeres fueron asesinadas en dos ataques armados la ma\u00f1ana de ayer martes 16 de septiembre, en dos municipios del norte del estado de Veracruz, en plena conmemoraci\u00f3n [&hellip;]","og_url":"https:\/\/lospoliticosveracruz.com\/?p=152712","og_site_name":"Los pol\u00edticos Veracruz","article_publisher":"https:\/\/www.facebook.com\/people\/Notimemes-de-los-Polticos\/61565672886568\/","article_published_time":"2025-09-17T14:14:45+00:00","article_modified_time":"2025-09-17T14:15:12+00:00","og_image":[{"width":600,"height":320,"url":"https:\/\/lospoliticosveracruz.com\/wp-content\/uploads\/2025\/04\/Oved-Contreras-e1768066319253.jpg","type":"image\/jpeg"}],"author":"Lo viste en Los Pol\u00edticos","twitter_card":"summary_large_image","twitter_creator":"@LosPoliticosVer","twitter_site":"@LosPoliticosVer","twitter_misc":{"Escrito por":"Lo viste en Los Pol\u00edticos","Tiempo de lectura":"6 minutos"},"schema":{"@context":"https:\/\/schema.org","@graph":[{"@type":"Article","@id":"https:\/\/lospoliticosveracruz.com\/?p=152712#article","isPartOf":{"@id":"https:\/\/lospoliticosveracruz.com\/?p=152712"},"author":{"name":"Lo viste en Los Pol\u00edticos","@id":"https:\/\/lospoliticosveracruz.com\/#\/schema\/person\/b8702bb0e538456e6efd07080bf2a4a2"},"headline":"MARTES NEGRO","datePublished":"2025-09-17T14:14:45+00:00","dateModified":"2025-09-17T14:15:12+00:00","mainEntityOfPage":{"@id":"https:\/\/lospoliticosveracruz.com\/?p=152712"},"wordCount":1140,"publisher":{"@id":"https:\/\/lospoliticosveracruz.com\/#organization"},"image":{"@id":"https:\/\/lospoliticosveracruz.com\/?p=152712#primaryimage"},"thumbnailUrl":"https:\/\/lospoliticosveracruz.com\/wp-content\/uploads\/2025\/04\/Oved-Contreras-e1768066319253.jpg","articleSection":["De Opini\u00f3n"],"inLanguage":"es"},{"@type":"WebPage","@id":"https:\/\/lospoliticosveracruz.com\/?p=152712","url":"https:\/\/lospoliticosveracruz.com\/?p=152712","name":"MARTES NEGRO - Los pol\u00edticos Veracruz","isPartOf":{"@id":"https:\/\/lospoliticosveracruz.com\/#website"},"primaryImageOfPage":{"@id":"https:\/\/lospoliticosveracruz.com\/?p=152712#primaryimage"},"image":{"@id":"https:\/\/lospoliticosveracruz.com\/?p=152712#primaryimage"},"thumbnailUrl":"https:\/\/lospoliticosveracruz.com\/wp-content\/uploads\/2025\/04\/Oved-Contreras-e1768066319253.jpg","datePublished":"2025-09-17T14:14:45+00:00","dateModified":"2025-09-17T14:15:12+00:00","breadcrumb":{"@id":"https:\/\/lospoliticosveracruz.com\/?p=152712#breadcrumb"},"inLanguage":"es","potentialAction":[{"@type":"ReadAction","target":["https:\/\/lospoliticosveracruz.com\/?p=152712"]}]},{"@type":"ImageObject","inLanguage":"es","@id":"https:\/\/lospoliticosveracruz.com\/?p=152712#primaryimage","url":"https:\/\/lospoliticosveracruz.com\/wp-content\/uploads\/2025\/04\/Oved-Contreras-e1768066319253.jpg","contentUrl":"https:\/\/lospoliticosveracruz.com\/wp-content\/uploads\/2025\/04\/Oved-Contreras-e1768066319253.jpg","width":600,"height":320},{"@type":"BreadcrumbList","@id":"https:\/\/lospoliticosveracruz.com\/?p=152712#breadcrumb","itemListElement":[{"@type":"ListItem","position":1,"name":"Portada","item":"https:\/\/lospoliticosveracruz.com\/"},{"@type":"ListItem","position":2,"name":"MARTES NEGRO"}]},{"@type":"WebSite","@id":"https:\/\/lospoliticosveracruz.com\/#website","url":"https:\/\/lospoliticosveracruz.com\/","name":"Los pol\u00edticos Veracruz","description":"","publisher":{"@id":"https:\/\/lospoliticosveracruz.com\/#organization"},"potentialAction":[{"@type":"SearchAction","target":{"@type":"EntryPoint","urlTemplate":"https:\/\/lospoliticosveracruz.com\/?s={search_term_string}"},"query-input":{"@type":"PropertyValueSpecification","valueRequired":true,"valueName":"search_term_string"}}],"inLanguage":"es"},{"@type":"Organization","@id":"https:\/\/lospoliticosveracruz.com\/#organization","name":"Los pol\u00edticos Veracruz","url":"https:\/\/lospoliticosveracruz.com\/","logo":{"@type":"ImageObject","inLanguage":"es","@id":"https:\/\/lospoliticosveracruz.com\/#\/schema\/logo\/image\/","url":"https:\/\/lospoliticosveracruz.com\/wp-content\/uploads\/2025\/12\/Logo-Nuevo-LOS-POLITICOS-1.jpg","contentUrl":"https:\/\/lospoliticosveracruz.com\/wp-content\/uploads\/2025\/12\/Logo-Nuevo-LOS-POLITICOS-1.jpg","width":260,"height":70,"caption":"Los pol\u00edticos Veracruz"},"image":{"@id":"https:\/\/lospoliticosveracruz.com\/#\/schema\/logo\/image\/"},"sameAs":["https:\/\/www.facebook.com\/people\/Notimemes-de-los-Polticos\/61565672886568\/","https:\/\/x.com\/LosPoliticosVer"]},{"@type":"Person","@id":"https:\/\/lospoliticosveracruz.com\/#\/schema\/person\/b8702bb0e538456e6efd07080bf2a4a2","name":"Lo viste en Los Pol\u00edticos","image":{"@type":"ImageObject","inLanguage":"es","@id":"https:\/\/secure.gravatar.com\/avatar\/3a8de04a2656d44082be478bd6c086daa447c4651605818287b9532d3d0bd435?s=96&d=mm&r=g","url":"https:\/\/secure.gravatar.com\/avatar\/3a8de04a2656d44082be478bd6c086daa447c4651605818287b9532d3d0bd435?s=96&d=mm&r=g","contentUrl":"https:\/\/secure.gravatar.com\/avatar\/3a8de04a2656d44082be478bd6c086daa447c4651605818287b9532d3d0bd435?s=96&d=mm&r=g","caption":"Lo viste en Los Pol\u00edticos"},"url":"https:\/\/lospoliticosveracruz.com\/?author=2"}]}},"_links":{"self":[{"href":"https:\/\/lospoliticosveracruz.com\/index.php?rest_route=\/wp\/v2\/posts\/152712","targetHints":{"allow":["GET"]}}],"collection":[{"href":"https:\/\/lospoliticosveracruz.com\/index.php?rest_route=\/wp\/v2\/posts"}],"about":[{"href":"https:\/\/lospoliticosveracruz.com\/index.php?rest_route=\/wp\/v2\/types\/post"}],"author":[{"embeddable":true,"href":"https:\/\/lospoliticosveracruz.com\/index.php?rest_route=\/wp\/v2\/users\/2"}],"replies":[{"embeddable":true,"href":"https:\/\/lospoliticosveracruz.com\/index.php?rest_route=%2Fwp%2Fv2%2Fcomments&post=152712"}],"version-history":[{"count":1,"href":"https:\/\/lospoliticosveracruz.com\/index.php?rest_route=\/wp\/v2\/posts\/152712\/revisions"}],"predecessor-version":[{"id":152713,"href":"https:\/\/lospoliticosveracruz.com\/index.php?rest_route=\/wp\/v2\/posts\/152712\/revisions\/152713"}],"wp:featuredmedia":[{"embeddable":true,"href":"https:\/\/lospoliticosveracruz.com\/index.php?rest_route=\/wp\/v2\/media\/141426"}],"wp:attachment":[{"href":"https:\/\/lospoliticosveracruz.com\/index.php?rest_route=%2Fwp%2Fv2%2Fmedia&parent=152712"}],"wp:term":[{"taxonomy":"category","embeddable":true,"href":"https:\/\/lospoliticosveracruz.com\/index.php?rest_route=%2Fwp%2Fv2%2Fcategories&post=152712"},{"taxonomy":"post_tag","embeddable":true,"href":"https:\/\/lospoliticosveracruz.com\/index.php?rest_route=%2Fwp%2Fv2%2Ftags&post=152712"}],"curies":[{"name":"wp","href":"https:\/\/api.w.org\/{rel}","templated":true}]}}