{"id":152721,"date":"2025-09-17T11:30:17","date_gmt":"2025-09-17T16:30:17","guid":{"rendered":"https:\/\/lospoliticosveracruz.com.mx\/?p=152721"},"modified":"2025-09-17T11:30:29","modified_gmt":"2025-09-17T16:30:29","slug":"contra-todo-y-contra-todos-el-atraco-se-consumo","status":"publish","type":"post","link":"https:\/\/lospoliticosveracruz.com\/?p=152721","title":{"rendered":"CONTRA TODO Y CONTRA TODOS, EL ATRACO SE CONSUM\u00d3"},"content":{"rendered":"\n\n\n<p><strong>Bernardo Guti\u00e9rrez Parra<\/strong><\/p>\n\n\n\n<p><em>Desde el Caf\u00e9<br><\/em><\/p>\n\n\n\n<p>El lunes anterior, aproximadamente diez horas antes del Grito, el l\u00edder nacional de Movimiento Ciudadano, Jorge \u00c1lvarez M\u00e1ynez, asegur\u00f3 que Morena estaba preparando \u201csu primer gran fraude\u201d al tratar de robarse las elecciones en Poza Rica y Papantla. Pero la advertencia del zacatecano lleg\u00f3 tarde, porque el atraco se cometi\u00f3 desde que el Tribunal Electoral de Veracruz (TEV), acept\u00f3 un nuevo conteo y eso fue a principios de este mes. Ayer nom\u00e1s se oficializ\u00f3.<\/p>\n\n\n\n\n\n<p>Si no sabes la historia lector, porque te fuiste de vacaciones a Tokio a descansar de tus extenuantes jornadas de trabajo y te desconectaste de Veracruz, te pongo en contexto.<\/p>\n\n\n\n<p>El pasado 1 de junio el candidato de MC a la alcald\u00eda de Poza Rica, Emilio Olvera, le gan\u00f3 a Janeth Adanely Rodr\u00edguez, su contrincante de Morena, por una diferencia de 1, 628 votos.<\/p>\n\n\n\n<p>Los morenos alegaron fraude y exigieron un reconteo de sufragios que se hizo en el OPLE de Xalapa, porque el de Poza Rica dijo que no exist\u00edan las condiciones. En el trayecto por carretera los representantes de MC perdieron la cadena de custodia de los paquetes electorales, que fueron abiertos en el camino para anular cientos de votos. Pero aun as\u00ed volvi\u00f3 a ganar Emilio, solo que ahora por una diferencia de 670 sufragios.<\/p>\n\n\n\n<p>Adanely y Morena pidieron un nuevo conteo al TEV que se los concedi\u00f3. Y fue en ese justo momento (y no el 10 de este mes en que se recontaron otra vez los votos) que MC y su candidato perdieron la elecci\u00f3n.<\/p>\n\n\n\n<p>Papantla fue relativamente m\u00e1s f\u00e1cil. Al terminar el PREP, Mariano Romero candidato a alcalde por MC, se hab\u00eda llevado el triunfo con 26 mil 707 votos, por 26 mil 306 de Gonzalo Flores de Morena. Una diferencia de 401 sufragios.<\/p>\n\n\n\n<p>Los morenos se alebrestaron, armaron su esc\u00e1ndalo y el c\u00f3mputo total no pudo concluirse en Papantla por lo que se traslad\u00f3 a Xalapa donde \u00a1oh sorpresa!, se produjo una maroma electoral y el resultado fue de 26 mil 917 votos para Gonzalo, por 26 mil 514 para Mariano. La diferencia fue de 403 sufragios, pero ahora a favor del moreno.<\/p>\n\n\n\n<p>Ayer 16 de septiembre, d\u00eda de asueto marcado en la Constituci\u00f3n, el TEV sesion\u00f3 sin haber convocado con 24 horas de anticipaci\u00f3n (como lo establece su ley interna), para hacer oficial el triunfo de Morena en Poza Rica. Su presidenta Claudia D\u00edaz Tablada, orden\u00f3 al OPLE que expida la notificaci\u00f3n y la constancia de mayor\u00eda a favor de Adanely Rodr\u00edguez y listo. El atraco se consum\u00f3.<\/p>\n\n\n\n<p>El periodista Filiberto Vargas escribi\u00f3: \u201cLa consigna era darle el triunfo al partido en el poder y ellos (los magistrados del TEV) cumplieron. Hoy sus alforjas pesan m\u00e1s\u201d.<\/p>\n\n\n\n<p>\u00bfQueda alguna instancia a la que MC pueda acudir en demanda de justicia electoral? S\u00ed, la Sala Regional, que est\u00e1 m\u00e1s maiceada que gallos en su gallinero; el Tribunal Electoral del Poder Judicial de la Federaci\u00f3n (TEPJF), que tiene de aut\u00f3nomo e imparcial lo que Andy L\u00f3pez Beltr\u00e1n tiene de humilde y trabajador, y San Juditas Tadeo, el santo de las causas imposibles.<\/p>\n\n\n\n<p>Por lo pronto, la orden de que Poza Rica y Papantla fueran para Morena \u201ca como diera lugar\u201d se cumpli\u00f3 a cabalidad y ya s\u00f3lo faltar\u00eda Boca del R\u00edo.<\/p>\n\n\n\n<p>Y es que a pesar de que el TEV ratific\u00f3 ayer el triunfo de la panista Marijose Gamboa como alcaldesa, la orden de arriba es que Boca tambi\u00e9n se vista de guinda.<\/p>\n\n\n\n<p>\u201c\u00a1Qu\u00e9 barbaros son los morenos, tan cochinos como el PRI!\u201d, coment\u00f3 ayer un amigo. Pero otro lo corrigi\u00f3: \u201cTe equivocas; en el PRI eran puercos, pero no tan trompudos\u201d.<\/p>\n\n\n\n<p>bernagup28@gmail.com<\/p>\n","protected":false},"excerpt":{"rendered":"<p>Bernardo Guti\u00e9rrez Parra Desde el Caf\u00e9 El lunes anterior, aproximadamente diez horas antes del Grito, el l\u00edder nacional de Movimiento Ciudadano, Jorge \u00c1lvarez M\u00e1ynez, asegur\u00f3 que Morena estaba preparando \u201csu primer gran fraude\u201d al tratar de robarse las elecciones en Poza Rica y Papantla. Pero la advertencia del zacatecano lleg\u00f3 tarde, porque el atraco se [&hellip;]<\/p>\n","protected":false},"author":2,"featured_media":141479,"comment_status":"closed","ping_status":"closed","sticky":false,"template":"","format":"standard","meta":{"tdm_status":"","tdm_grid_status":"","footnotes":""},"categories":[70],"tags":[34206],"class_list":{"0":"post-152721","1":"post","2":"type-post","3":"status-publish","4":"format-standard","5":"has-post-thumbnail","7":"category-de-opinion","8":"tag-bernardo-gutierrez-parra"},"yoast_head":"<!-- This site is optimized with the Yoast SEO plugin v27.4 - https:\/\/yoast.com\/product\/yoast-seo-wordpress\/ -->\n<title>CONTRA TODO Y CONTRA TODOS, EL ATRACO SE CONSUM\u00d3 - Los pol\u00edticos Veracruz<\/title>\n<meta name=\"robots\" content=\"index, follow, max-snippet:-1, max-image-preview:large, max-video-preview:-1\" \/>\n<link rel=\"canonical\" href=\"https:\/\/lospoliticosveracruz.com\/?p=152721\" \/>\n<meta property=\"og:locale\" content=\"es_ES\" \/>\n<meta property=\"og:type\" content=\"article\" \/>\n<meta property=\"og:title\" content=\"CONTRA TODO Y CONTRA TODOS, EL ATRACO SE CONSUM\u00d3 - Los pol\u00edticos Veracruz\" \/>\n<meta property=\"og:description\" content=\"Bernardo Guti\u00e9rrez Parra Desde el Caf\u00e9 El lunes anterior, aproximadamente diez horas antes del Grito, el l\u00edder nacional de Movimiento Ciudadano, Jorge \u00c1lvarez M\u00e1ynez, asegur\u00f3 que Morena estaba preparando \u201csu primer gran fraude\u201d al tratar de robarse las elecciones en Poza Rica y Papantla. Pero la advertencia del zacatecano lleg\u00f3 tarde, porque el atraco se [&hellip;]\" \/>\n<meta property=\"og:url\" content=\"https:\/\/lospoliticosveracruz.com\/?p=152721\" \/>\n<meta property=\"og:site_name\" content=\"Los pol\u00edticos Veracruz\" \/>\n<meta property=\"article:publisher\" content=\"https:\/\/www.facebook.com\/people\/Notimemes-de-los-Polticos\/61565672886568\/\" \/>\n<meta property=\"article:published_time\" content=\"2025-09-17T16:30:17+00:00\" \/>\n<meta property=\"article:modified_time\" content=\"2025-09-17T16:30:29+00:00\" \/>\n<meta property=\"og:image\" content=\"https:\/\/lospoliticosveracruz.com\/wp-content\/uploads\/2025\/04\/Bernardo-Gutierrez-Parra.jpg\" \/>\n\t<meta property=\"og:image:width\" content=\"1250\" \/>\n\t<meta property=\"og:image:height\" content=\"667\" \/>\n\t<meta property=\"og:image:type\" content=\"image\/jpeg\" \/>\n<meta name=\"author\" content=\"Lo viste en Los Pol\u00edticos\" \/>\n<meta name=\"twitter:card\" content=\"summary_large_image\" \/>\n<meta name=\"twitter:creator\" content=\"@LosPoliticosVer\" \/>\n<meta name=\"twitter:site\" content=\"@LosPoliticosVer\" \/>\n<meta name=\"twitter:label1\" content=\"Escrito por\" \/>\n\t<meta name=\"twitter:data1\" content=\"Lo viste en Los Pol\u00edticos\" \/>\n\t<meta name=\"twitter:label2\" content=\"Tiempo de lectura\" \/>\n\t<meta name=\"twitter:data2\" content=\"3 minutos\" \/>\n<script type=\"application\/ld+json\" class=\"yoast-schema-graph\">{\"@context\":\"https:\\\/\\\/schema.org\",\"@graph\":[{\"@type\":\"Article\",\"@id\":\"https:\\\/\\\/lospoliticosveracruz.com\\\/?p=152721#article\",\"isPartOf\":{\"@id\":\"https:\\\/\\\/lospoliticosveracruz.com\\\/?p=152721\"},\"author\":{\"name\":\"Lo viste en Los Pol\u00edticos\",\"@id\":\"https:\\\/\\\/lospoliticosveracruz.com\\\/#\\\/schema\\\/person\\\/b8702bb0e538456e6efd07080bf2a4a2\"},\"headline\":\"CONTRA TODO Y CONTRA TODOS, EL ATRACO SE CONSUM\u00d3\",\"datePublished\":\"2025-09-17T16:30:17+00:00\",\"dateModified\":\"2025-09-17T16:30:29+00:00\",\"mainEntityOfPage\":{\"@id\":\"https:\\\/\\\/lospoliticosveracruz.com\\\/?p=152721\"},\"wordCount\":632,\"publisher\":{\"@id\":\"https:\\\/\\\/lospoliticosveracruz.com\\\/#organization\"},\"image\":{\"@id\":\"https:\\\/\\\/lospoliticosveracruz.com\\\/?p=152721#primaryimage\"},\"thumbnailUrl\":\"https:\\\/\\\/lospoliticosveracruz.com\\\/wp-content\\\/uploads\\\/2025\\\/04\\\/Bernardo-Gutierrez-Parra.jpg\",\"keywords\":[\"Bernardo Guti\u00e9rrez Parra\"],\"articleSection\":[\"De Opini\u00f3n\"],\"inLanguage\":\"es\"},{\"@type\":\"WebPage\",\"@id\":\"https:\\\/\\\/lospoliticosveracruz.com\\\/?p=152721\",\"url\":\"https:\\\/\\\/lospoliticosveracruz.com\\\/?p=152721\",\"name\":\"CONTRA TODO Y CONTRA TODOS, EL ATRACO SE CONSUM\u00d3 - Los pol\u00edticos Veracruz\",\"isPartOf\":{\"@id\":\"https:\\\/\\\/lospoliticosveracruz.com\\\/#website\"},\"primaryImageOfPage\":{\"@id\":\"https:\\\/\\\/lospoliticosveracruz.com\\\/?p=152721#primaryimage\"},\"image\":{\"@id\":\"https:\\\/\\\/lospoliticosveracruz.com\\\/?p=152721#primaryimage\"},\"thumbnailUrl\":\"https:\\\/\\\/lospoliticosveracruz.com\\\/wp-content\\\/uploads\\\/2025\\\/04\\\/Bernardo-Gutierrez-Parra.jpg\",\"datePublished\":\"2025-09-17T16:30:17+00:00\",\"dateModified\":\"2025-09-17T16:30:29+00:00\",\"breadcrumb\":{\"@id\":\"https:\\\/\\\/lospoliticosveracruz.com\\\/?p=152721#breadcrumb\"},\"inLanguage\":\"es\",\"potentialAction\":[{\"@type\":\"ReadAction\",\"target\":[\"https:\\\/\\\/lospoliticosveracruz.com\\\/?p=152721\"]}]},{\"@type\":\"ImageObject\",\"inLanguage\":\"es\",\"@id\":\"https:\\\/\\\/lospoliticosveracruz.com\\\/?p=152721#primaryimage\",\"url\":\"https:\\\/\\\/lospoliticosveracruz.com\\\/wp-content\\\/uploads\\\/2025\\\/04\\\/Bernardo-Gutierrez-Parra.jpg\",\"contentUrl\":\"https:\\\/\\\/lospoliticosveracruz.com\\\/wp-content\\\/uploads\\\/2025\\\/04\\\/Bernardo-Gutierrez-Parra.jpg\",\"width\":1250,\"height\":667},{\"@type\":\"BreadcrumbList\",\"@id\":\"https:\\\/\\\/lospoliticosveracruz.com\\\/?p=152721#breadcrumb\",\"itemListElement\":[{\"@type\":\"ListItem\",\"position\":1,\"name\":\"Portada\",\"item\":\"https:\\\/\\\/lospoliticosveracruz.com\\\/\"},{\"@type\":\"ListItem\",\"position\":2,\"name\":\"CONTRA TODO Y CONTRA TODOS, EL ATRACO SE CONSUM\u00d3\"}]},{\"@type\":\"WebSite\",\"@id\":\"https:\\\/\\\/lospoliticosveracruz.com\\\/#website\",\"url\":\"https:\\\/\\\/lospoliticosveracruz.com\\\/\",\"name\":\"Los pol\u00edticos Veracruz\",\"description\":\"\",\"publisher\":{\"@id\":\"https:\\\/\\\/lospoliticosveracruz.com\\\/#organization\"},\"potentialAction\":[{\"@type\":\"SearchAction\",\"target\":{\"@type\":\"EntryPoint\",\"urlTemplate\":\"https:\\\/\\\/lospoliticosveracruz.com\\\/?s={search_term_string}\"},\"query-input\":{\"@type\":\"PropertyValueSpecification\",\"valueRequired\":true,\"valueName\":\"search_term_string\"}}],\"inLanguage\":\"es\"},{\"@type\":\"Organization\",\"@id\":\"https:\\\/\\\/lospoliticosveracruz.com\\\/#organization\",\"name\":\"Los pol\u00edticos Veracruz\",\"url\":\"https:\\\/\\\/lospoliticosveracruz.com\\\/\",\"logo\":{\"@type\":\"ImageObject\",\"inLanguage\":\"es\",\"@id\":\"https:\\\/\\\/lospoliticosveracruz.com\\\/#\\\/schema\\\/logo\\\/image\\\/\",\"url\":\"https:\\\/\\\/lospoliticosveracruz.com\\\/wp-content\\\/uploads\\\/2025\\\/12\\\/Logo-Nuevo-LOS-POLITICOS-1.jpg\",\"contentUrl\":\"https:\\\/\\\/lospoliticosveracruz.com\\\/wp-content\\\/uploads\\\/2025\\\/12\\\/Logo-Nuevo-LOS-POLITICOS-1.jpg\",\"width\":260,\"height\":70,\"caption\":\"Los pol\u00edticos Veracruz\"},\"image\":{\"@id\":\"https:\\\/\\\/lospoliticosveracruz.com\\\/#\\\/schema\\\/logo\\\/image\\\/\"},\"sameAs\":[\"https:\\\/\\\/www.facebook.com\\\/people\\\/Notimemes-de-los-Polticos\\\/61565672886568\\\/\",\"https:\\\/\\\/x.com\\\/LosPoliticosVer\"]},{\"@type\":\"Person\",\"@id\":\"https:\\\/\\\/lospoliticosveracruz.com\\\/#\\\/schema\\\/person\\\/b8702bb0e538456e6efd07080bf2a4a2\",\"name\":\"Lo viste en Los Pol\u00edticos\",\"image\":{\"@type\":\"ImageObject\",\"inLanguage\":\"es\",\"@id\":\"https:\\\/\\\/secure.gravatar.com\\\/avatar\\\/3a8de04a2656d44082be478bd6c086daa447c4651605818287b9532d3d0bd435?s=96&d=mm&r=g\",\"url\":\"https:\\\/\\\/secure.gravatar.com\\\/avatar\\\/3a8de04a2656d44082be478bd6c086daa447c4651605818287b9532d3d0bd435?s=96&d=mm&r=g\",\"contentUrl\":\"https:\\\/\\\/secure.gravatar.com\\\/avatar\\\/3a8de04a2656d44082be478bd6c086daa447c4651605818287b9532d3d0bd435?s=96&d=mm&r=g\",\"caption\":\"Lo viste en Los Pol\u00edticos\"},\"url\":\"https:\\\/\\\/lospoliticosveracruz.com\\\/?author=2\"}]}<\/script>\n<!-- \/ Yoast SEO plugin. -->","yoast_head_json":{"title":"CONTRA TODO Y CONTRA TODOS, EL ATRACO SE CONSUM\u00d3 - Los pol\u00edticos Veracruz","robots":{"index":"index","follow":"follow","max-snippet":"max-snippet:-1","max-image-preview":"max-image-preview:large","max-video-preview":"max-video-preview:-1"},"canonical":"https:\/\/lospoliticosveracruz.com\/?p=152721","og_locale":"es_ES","og_type":"article","og_title":"CONTRA TODO Y CONTRA TODOS, EL ATRACO SE CONSUM\u00d3 - Los pol\u00edticos Veracruz","og_description":"Bernardo Guti\u00e9rrez Parra Desde el Caf\u00e9 El lunes anterior, aproximadamente diez horas antes del Grito, el l\u00edder nacional de Movimiento Ciudadano, Jorge \u00c1lvarez M\u00e1ynez, asegur\u00f3 que Morena estaba preparando \u201csu primer gran fraude\u201d al tratar de robarse las elecciones en Poza Rica y Papantla. Pero la advertencia del zacatecano lleg\u00f3 tarde, porque el atraco se [&hellip;]","og_url":"https:\/\/lospoliticosveracruz.com\/?p=152721","og_site_name":"Los pol\u00edticos Veracruz","article_publisher":"https:\/\/www.facebook.com\/people\/Notimemes-de-los-Polticos\/61565672886568\/","article_published_time":"2025-09-17T16:30:17+00:00","article_modified_time":"2025-09-17T16:30:29+00:00","og_image":[{"width":1250,"height":667,"url":"https:\/\/lospoliticosveracruz.com\/wp-content\/uploads\/2025\/04\/Bernardo-Gutierrez-Parra.jpg","type":"image\/jpeg"}],"author":"Lo viste en Los Pol\u00edticos","twitter_card":"summary_large_image","twitter_creator":"@LosPoliticosVer","twitter_site":"@LosPoliticosVer","twitter_misc":{"Escrito por":"Lo viste en Los Pol\u00edticos","Tiempo de lectura":"3 minutos"},"schema":{"@context":"https:\/\/schema.org","@graph":[{"@type":"Article","@id":"https:\/\/lospoliticosveracruz.com\/?p=152721#article","isPartOf":{"@id":"https:\/\/lospoliticosveracruz.com\/?p=152721"},"author":{"name":"Lo viste en Los Pol\u00edticos","@id":"https:\/\/lospoliticosveracruz.com\/#\/schema\/person\/b8702bb0e538456e6efd07080bf2a4a2"},"headline":"CONTRA TODO Y CONTRA TODOS, EL ATRACO SE CONSUM\u00d3","datePublished":"2025-09-17T16:30:17+00:00","dateModified":"2025-09-17T16:30:29+00:00","mainEntityOfPage":{"@id":"https:\/\/lospoliticosveracruz.com\/?p=152721"},"wordCount":632,"publisher":{"@id":"https:\/\/lospoliticosveracruz.com\/#organization"},"image":{"@id":"https:\/\/lospoliticosveracruz.com\/?p=152721#primaryimage"},"thumbnailUrl":"https:\/\/lospoliticosveracruz.com\/wp-content\/uploads\/2025\/04\/Bernardo-Gutierrez-Parra.jpg","keywords":["Bernardo Guti\u00e9rrez Parra"],"articleSection":["De Opini\u00f3n"],"inLanguage":"es"},{"@type":"WebPage","@id":"https:\/\/lospoliticosveracruz.com\/?p=152721","url":"https:\/\/lospoliticosveracruz.com\/?p=152721","name":"CONTRA TODO Y CONTRA TODOS, EL ATRACO SE CONSUM\u00d3 - Los pol\u00edticos Veracruz","isPartOf":{"@id":"https:\/\/lospoliticosveracruz.com\/#website"},"primaryImageOfPage":{"@id":"https:\/\/lospoliticosveracruz.com\/?p=152721#primaryimage"},"image":{"@id":"https:\/\/lospoliticosveracruz.com\/?p=152721#primaryimage"},"thumbnailUrl":"https:\/\/lospoliticosveracruz.com\/wp-content\/uploads\/2025\/04\/Bernardo-Gutierrez-Parra.jpg","datePublished":"2025-09-17T16:30:17+00:00","dateModified":"2025-09-17T16:30:29+00:00","breadcrumb":{"@id":"https:\/\/lospoliticosveracruz.com\/?p=152721#breadcrumb"},"inLanguage":"es","potentialAction":[{"@type":"ReadAction","target":["https:\/\/lospoliticosveracruz.com\/?p=152721"]}]},{"@type":"ImageObject","inLanguage":"es","@id":"https:\/\/lospoliticosveracruz.com\/?p=152721#primaryimage","url":"https:\/\/lospoliticosveracruz.com\/wp-content\/uploads\/2025\/04\/Bernardo-Gutierrez-Parra.jpg","contentUrl":"https:\/\/lospoliticosveracruz.com\/wp-content\/uploads\/2025\/04\/Bernardo-Gutierrez-Parra.jpg","width":1250,"height":667},{"@type":"BreadcrumbList","@id":"https:\/\/lospoliticosveracruz.com\/?p=152721#breadcrumb","itemListElement":[{"@type":"ListItem","position":1,"name":"Portada","item":"https:\/\/lospoliticosveracruz.com\/"},{"@type":"ListItem","position":2,"name":"CONTRA TODO Y CONTRA TODOS, EL ATRACO SE CONSUM\u00d3"}]},{"@type":"WebSite","@id":"https:\/\/lospoliticosveracruz.com\/#website","url":"https:\/\/lospoliticosveracruz.com\/","name":"Los pol\u00edticos Veracruz","description":"","publisher":{"@id":"https:\/\/lospoliticosveracruz.com\/#organization"},"potentialAction":[{"@type":"SearchAction","target":{"@type":"EntryPoint","urlTemplate":"https:\/\/lospoliticosveracruz.com\/?s={search_term_string}"},"query-input":{"@type":"PropertyValueSpecification","valueRequired":true,"valueName":"search_term_string"}}],"inLanguage":"es"},{"@type":"Organization","@id":"https:\/\/lospoliticosveracruz.com\/#organization","name":"Los pol\u00edticos Veracruz","url":"https:\/\/lospoliticosveracruz.com\/","logo":{"@type":"ImageObject","inLanguage":"es","@id":"https:\/\/lospoliticosveracruz.com\/#\/schema\/logo\/image\/","url":"https:\/\/lospoliticosveracruz.com\/wp-content\/uploads\/2025\/12\/Logo-Nuevo-LOS-POLITICOS-1.jpg","contentUrl":"https:\/\/lospoliticosveracruz.com\/wp-content\/uploads\/2025\/12\/Logo-Nuevo-LOS-POLITICOS-1.jpg","width":260,"height":70,"caption":"Los pol\u00edticos Veracruz"},"image":{"@id":"https:\/\/lospoliticosveracruz.com\/#\/schema\/logo\/image\/"},"sameAs":["https:\/\/www.facebook.com\/people\/Notimemes-de-los-Polticos\/61565672886568\/","https:\/\/x.com\/LosPoliticosVer"]},{"@type":"Person","@id":"https:\/\/lospoliticosveracruz.com\/#\/schema\/person\/b8702bb0e538456e6efd07080bf2a4a2","name":"Lo viste en Los Pol\u00edticos","image":{"@type":"ImageObject","inLanguage":"es","@id":"https:\/\/secure.gravatar.com\/avatar\/3a8de04a2656d44082be478bd6c086daa447c4651605818287b9532d3d0bd435?s=96&d=mm&r=g","url":"https:\/\/secure.gravatar.com\/avatar\/3a8de04a2656d44082be478bd6c086daa447c4651605818287b9532d3d0bd435?s=96&d=mm&r=g","contentUrl":"https:\/\/secure.gravatar.com\/avatar\/3a8de04a2656d44082be478bd6c086daa447c4651605818287b9532d3d0bd435?s=96&d=mm&r=g","caption":"Lo viste en Los Pol\u00edticos"},"url":"https:\/\/lospoliticosveracruz.com\/?author=2"}]}},"_links":{"self":[{"href":"https:\/\/lospoliticosveracruz.com\/index.php?rest_route=\/wp\/v2\/posts\/152721","targetHints":{"allow":["GET"]}}],"collection":[{"href":"https:\/\/lospoliticosveracruz.com\/index.php?rest_route=\/wp\/v2\/posts"}],"about":[{"href":"https:\/\/lospoliticosveracruz.com\/index.php?rest_route=\/wp\/v2\/types\/post"}],"author":[{"embeddable":true,"href":"https:\/\/lospoliticosveracruz.com\/index.php?rest_route=\/wp\/v2\/users\/2"}],"replies":[{"embeddable":true,"href":"https:\/\/lospoliticosveracruz.com\/index.php?rest_route=%2Fwp%2Fv2%2Fcomments&post=152721"}],"version-history":[{"count":1,"href":"https:\/\/lospoliticosveracruz.com\/index.php?rest_route=\/wp\/v2\/posts\/152721\/revisions"}],"predecessor-version":[{"id":152722,"href":"https:\/\/lospoliticosveracruz.com\/index.php?rest_route=\/wp\/v2\/posts\/152721\/revisions\/152722"}],"wp:featuredmedia":[{"embeddable":true,"href":"https:\/\/lospoliticosveracruz.com\/index.php?rest_route=\/wp\/v2\/media\/141479"}],"wp:attachment":[{"href":"https:\/\/lospoliticosveracruz.com\/index.php?rest_route=%2Fwp%2Fv2%2Fmedia&parent=152721"}],"wp:term":[{"taxonomy":"category","embeddable":true,"href":"https:\/\/lospoliticosveracruz.com\/index.php?rest_route=%2Fwp%2Fv2%2Fcategories&post=152721"},{"taxonomy":"post_tag","embeddable":true,"href":"https:\/\/lospoliticosveracruz.com\/index.php?rest_route=%2Fwp%2Fv2%2Ftags&post=152721"}],"curies":[{"name":"wp","href":"https:\/\/api.w.org\/{rel}","templated":true}]}}