{"id":152726,"date":"2025-09-17T12:49:22","date_gmt":"2025-09-17T17:49:22","guid":{"rendered":"https:\/\/lospoliticosveracruz.com.mx\/?p=152726"},"modified":"2025-09-17T12:49:37","modified_gmt":"2025-09-17T17:49:37","slug":"emilio-olvera-aunque-me-denuncio-me-admira-cazarin","status":"publish","type":"post","link":"https:\/\/lospoliticosveracruz.com\/?p=152726","title":{"rendered":"EMILIO OLVERA, AUNQUE ME DENUNCI\u00d3, ME ADMIRA: CAZAR\u00cdN"},"content":{"rendered":"\n\n\n<p><\/p>\n\n\n\n<p><\/p>\n\n\n\n<p>El delegado de la Secretar\u00eda de Bienestar en Veracruz, Juan Javier G\u00f3mez Cazar\u00edn, neg\u00f3 que haya operado electoralmente en el norte de Veracruz para beneficiar a la candidata de Morena a la alcald\u00eda de Poza Rica y, revel\u00f3 que el candidato de Movimiento Ciudadano, Emilio Olvera, le escribi\u00f3 por WhatsApp para decirle que lo admiraba.<\/p>\n\n\n\n<p>Entrevistado en relaci\u00f3n a las denuncias interpuestas por Olvera por delincuencia organizada ante la Fiscal\u00eda General de la Rep\u00fablica, asegur\u00f3 que no ha sido notificado de la carpeta de investigaci\u00f3n.<\/p>\n\n\n\n\n\n<p>\u00abPara nada (no hubo desv\u00edos de recursos para la campa\u00f1a), \u00e9l omite decir que fue delegado de Bienestar en Poza Rica y que la persona que que qued\u00f3 la puso \u00e9l, y si hubo desv\u00edos o algo en Poza Rica, fueron a favor de \u00e9l.<\/p>\n\n\n\n<p>Se puede comprobar que llegu\u00e9 despu\u00e9s de que \u00e9l fue alcalde electo y el hizo algunas manifestaciones y \u00e9l sabe bien que en auditor\u00eda no dejaron nada, hasta las tablets del Bienestar, dejaron vac\u00edo y si hay alguien que utiliz\u00f3 recursos de Bienestar para hacer campa\u00f1a en Poza Rica fue este se\u00f1or Olvera\u00bb, afirm\u00f3.<\/p>\n\n\n\n<p>Fue ah\u00ed donde mostr\u00f3 una conversaci\u00f3n entre Emilio Olvera y \u00e9l en donde le dice: \u00abse\u00f1or lamento la situaci\u00f3n que estamos viviendo, s\u00e9 que ambos tenemos que defendernos, pero le pido que esto no se haga un asunto personal, yo le admiro su capacidad pol\u00edtica y me hubiera gustado trabajar con usted\u00bb.<\/p>\n\n\n\n<p>El delegado federal asegur\u00f3 que Olvera tambi\u00e9n le escribi\u00f3 cuando se llev\u00f3 a cabo una manifestaci\u00f3n en Poza Rica.<\/p>\n\n\n\n<p>En ese sentido recalc\u00f3 que no ha intervenido en ning\u00fan proceso electoral ni en su municipio y record\u00f3 que cuando su hermano quiso ser candidato a la alcald\u00eda \u00e9l le dijo que no para evitar se\u00f1alamientos de nepotismo.<\/p>\n\n\n\n<p>Se\u00f1al\u00f3 que Emilio Olvera lo acus\u00f3 de haber manipulado o influenciado a las y los consejeros del OPLE, a los magistrados del TEV y de la Sala Regional del Tribunal Electoral del Poder Judicial de la Federaci\u00f3n, por lo que m\u00e1s bien deber\u00eda reconocer que no ha sido bien asesorado, a pesar de que tiene padrinos electorales y pol\u00edticos.<\/p>\n\n\n\n<p>Rechaz\u00f3 que haya sido mandado por la Gobernadora a presionar a los magistrados del TEV o a los consejeros del OPLE.<\/p>\n\n\n\n<p>\u00abYo no me veo visitando a un magistrado dici\u00e9ndole haz esto y que el magistrado diga s\u00ed lo voy a hacer porque Cazar\u00edn, el delegado del Bienestar me lo est\u00e1 pidiendo o que la Gobernadora me haya mandado.<\/p>\n\n\n\n<p>Yo no soy sumiso ante nadie, trabajo siempre he coordinado, pero no le hago caso a nadie que no sea el pueblo\u00bb, asegur\u00f3.<\/p>\n\n\n\n<p>Al contrario, acus\u00f3 que el candidato de MC de tener padrinos pol\u00edticos y padrinos delincuenciales.<\/p>\n\n\n\n<p>\u00ab\u00c9l s\u00ed tiene padrinos porque \u00e9l mismo ha declarado que tiene padrinos electorales, padrinos pol\u00edticos y estoy seguro que tiene padrinos delincuenciales, del senador (Manuel Huerta) tambi\u00e9n lo dijo, que lo ha apoyado\u00bb, coment\u00f3.<\/p>\n\n\n\n<p>El expresidente de la Junta de Coordinaci\u00f3n Pol\u00edtica del Congreso del Estado, afirm\u00f3 que su trabajo no es robarse elecciones, por lo que Emilio Olvera deber\u00eda de enfocarse en hacer su trabajo.<\/p>\n\n\n\n<p>\u00abQue haga sus impugnaciones, pero que las haga bien, yo ni estoy metido ni me interesa saber del proceso electoral de Poza Rica\u00bb, agreg\u00f3.<\/p>\n\n\n\n<p>Asimismo, con relaci\u00f3n a las expresiones que el diputado federal de Movimiento Ciudadano, Sergio Gil, ha hecho de su persona, respondi\u00f3 que lo fue a buscar hasta su domicilio particular.<\/p>\n\n\n\n<p>\u00abY aqu\u00ed le mando a Sergio Gil: que no se te olvide que fuiste a mi casa, a mi casa aqu\u00ed a Xalapa a buscarme y ah\u00ed estuviste en la sala de mi casa, ah\u00ed a platicar conmigo, que no se le olvide.<\/p>\n\n\n\n<p>Yo no voy a estar diciendo ni inventando cosas, ni agarrando las tribunas para inventar cosas, si tiene Sergio alguna, una prueba, que la presente, yo no tengo broncas, en mi vida me he manejado de manera recta\u00bb, asegur\u00f3.<\/p>\n\n\n\n<p>Sostuvo que si Movimiento Ciudadano no puede ganar una elecci\u00f3n no es su culpa, es culpa de ellos.<\/p>\n","protected":false},"excerpt":{"rendered":"<p>El delegado de la Secretar\u00eda de Bienestar en Veracruz, Juan Javier G\u00f3mez Cazar\u00edn, neg\u00f3 que haya operado electoralmente en el norte de Veracruz para beneficiar a la candidata de Morena a la alcald\u00eda de Poza Rica y, revel\u00f3 que el candidato de Movimiento Ciudadano, Emilio Olvera, le escribi\u00f3 por WhatsApp para decirle que lo admiraba. [&hellip;]<\/p>\n","protected":false},"author":2,"featured_media":152731,"comment_status":"closed","ping_status":"closed","sticky":false,"template":"","format":"standard","meta":{"tdm_status":"","tdm_grid_status":"","footnotes":""},"categories":[72],"tags":[],"class_list":{"0":"post-152726","1":"post","2":"type-post","3":"status-publish","4":"format-standard","5":"has-post-thumbnail","7":"category-palomazos"},"yoast_head":"<!-- This site is optimized with the Yoast SEO plugin v27.4 - https:\/\/yoast.com\/product\/yoast-seo-wordpress\/ -->\n<title>EMILIO OLVERA, AUNQUE ME DENUNCI\u00d3, ME ADMIRA: CAZAR\u00cdN - Los pol\u00edticos Veracruz<\/title>\n<meta name=\"robots\" content=\"index, follow, max-snippet:-1, max-image-preview:large, max-video-preview:-1\" \/>\n<link rel=\"canonical\" href=\"https:\/\/lospoliticosveracruz.com\/?p=152726\" \/>\n<meta property=\"og:locale\" content=\"es_ES\" \/>\n<meta property=\"og:type\" content=\"article\" \/>\n<meta property=\"og:title\" content=\"EMILIO OLVERA, AUNQUE ME DENUNCI\u00d3, ME ADMIRA: CAZAR\u00cdN - Los pol\u00edticos Veracruz\" \/>\n<meta property=\"og:description\" content=\"El delegado de la Secretar\u00eda de Bienestar en Veracruz, Juan Javier G\u00f3mez Cazar\u00edn, neg\u00f3 que haya operado electoralmente en el norte de Veracruz para beneficiar a la candidata de Morena a la alcald\u00eda de Poza Rica y, revel\u00f3 que el candidato de Movimiento Ciudadano, Emilio Olvera, le escribi\u00f3 por WhatsApp para decirle que lo admiraba. [&hellip;]\" \/>\n<meta property=\"og:url\" content=\"https:\/\/lospoliticosveracruz.com\/?p=152726\" \/>\n<meta property=\"og:site_name\" content=\"Los pol\u00edticos Veracruz\" \/>\n<meta property=\"article:publisher\" content=\"https:\/\/www.facebook.com\/people\/Notimemes-de-los-Polticos\/61565672886568\/\" \/>\n<meta property=\"article:published_time\" content=\"2025-09-17T17:49:22+00:00\" \/>\n<meta property=\"article:modified_time\" content=\"2025-09-17T17:49:37+00:00\" \/>\n<meta property=\"og:image\" content=\"https:\/\/lospoliticosveracruz.com\/wp-content\/uploads\/2025\/09\/Juan-Javier-Gomez-Cazarin.jpeg\" \/>\n\t<meta property=\"og:image:width\" content=\"600\" \/>\n\t<meta property=\"og:image:height\" content=\"320\" \/>\n\t<meta property=\"og:image:type\" content=\"image\/jpeg\" \/>\n<meta name=\"author\" content=\"Lo viste en Los Pol\u00edticos\" \/>\n<meta name=\"twitter:card\" content=\"summary_large_image\" \/>\n<meta name=\"twitter:creator\" content=\"@LosPoliticosVer\" \/>\n<meta name=\"twitter:site\" content=\"@LosPoliticosVer\" \/>\n<meta name=\"twitter:label1\" content=\"Escrito por\" \/>\n\t<meta name=\"twitter:data1\" content=\"Lo viste en Los Pol\u00edticos\" \/>\n\t<meta name=\"twitter:label2\" content=\"Tiempo de lectura\" \/>\n\t<meta name=\"twitter:data2\" content=\"4 minutos\" \/>\n<script type=\"application\/ld+json\" class=\"yoast-schema-graph\">{\"@context\":\"https:\\\/\\\/schema.org\",\"@graph\":[{\"@type\":\"Article\",\"@id\":\"https:\\\/\\\/lospoliticosveracruz.com\\\/?p=152726#article\",\"isPartOf\":{\"@id\":\"https:\\\/\\\/lospoliticosveracruz.com\\\/?p=152726\"},\"author\":{\"name\":\"Lo viste en Los Pol\u00edticos\",\"@id\":\"https:\\\/\\\/lospoliticosveracruz.com\\\/#\\\/schema\\\/person\\\/b8702bb0e538456e6efd07080bf2a4a2\"},\"headline\":\"EMILIO OLVERA, AUNQUE ME DENUNCI\u00d3, ME ADMIRA: CAZAR\u00cdN\",\"datePublished\":\"2025-09-17T17:49:22+00:00\",\"dateModified\":\"2025-09-17T17:49:37+00:00\",\"mainEntityOfPage\":{\"@id\":\"https:\\\/\\\/lospoliticosveracruz.com\\\/?p=152726\"},\"wordCount\":718,\"publisher\":{\"@id\":\"https:\\\/\\\/lospoliticosveracruz.com\\\/#organization\"},\"image\":{\"@id\":\"https:\\\/\\\/lospoliticosveracruz.com\\\/?p=152726#primaryimage\"},\"thumbnailUrl\":\"https:\\\/\\\/lospoliticosveracruz.com\\\/wp-content\\\/uploads\\\/2025\\\/09\\\/Juan-Javier-Gomez-Cazarin.jpeg\",\"articleSection\":[\"Palomazos\"],\"inLanguage\":\"es\"},{\"@type\":\"WebPage\",\"@id\":\"https:\\\/\\\/lospoliticosveracruz.com\\\/?p=152726\",\"url\":\"https:\\\/\\\/lospoliticosveracruz.com\\\/?p=152726\",\"name\":\"EMILIO OLVERA, AUNQUE ME DENUNCI\u00d3, ME ADMIRA: CAZAR\u00cdN - Los pol\u00edticos Veracruz\",\"isPartOf\":{\"@id\":\"https:\\\/\\\/lospoliticosveracruz.com\\\/#website\"},\"primaryImageOfPage\":{\"@id\":\"https:\\\/\\\/lospoliticosveracruz.com\\\/?p=152726#primaryimage\"},\"image\":{\"@id\":\"https:\\\/\\\/lospoliticosveracruz.com\\\/?p=152726#primaryimage\"},\"thumbnailUrl\":\"https:\\\/\\\/lospoliticosveracruz.com\\\/wp-content\\\/uploads\\\/2025\\\/09\\\/Juan-Javier-Gomez-Cazarin.jpeg\",\"datePublished\":\"2025-09-17T17:49:22+00:00\",\"dateModified\":\"2025-09-17T17:49:37+00:00\",\"breadcrumb\":{\"@id\":\"https:\\\/\\\/lospoliticosveracruz.com\\\/?p=152726#breadcrumb\"},\"inLanguage\":\"es\",\"potentialAction\":[{\"@type\":\"ReadAction\",\"target\":[\"https:\\\/\\\/lospoliticosveracruz.com\\\/?p=152726\"]}]},{\"@type\":\"ImageObject\",\"inLanguage\":\"es\",\"@id\":\"https:\\\/\\\/lospoliticosveracruz.com\\\/?p=152726#primaryimage\",\"url\":\"https:\\\/\\\/lospoliticosveracruz.com\\\/wp-content\\\/uploads\\\/2025\\\/09\\\/Juan-Javier-Gomez-Cazarin.jpeg\",\"contentUrl\":\"https:\\\/\\\/lospoliticosveracruz.com\\\/wp-content\\\/uploads\\\/2025\\\/09\\\/Juan-Javier-Gomez-Cazarin.jpeg\",\"width\":600,\"height\":320},{\"@type\":\"BreadcrumbList\",\"@id\":\"https:\\\/\\\/lospoliticosveracruz.com\\\/?p=152726#breadcrumb\",\"itemListElement\":[{\"@type\":\"ListItem\",\"position\":1,\"name\":\"Portada\",\"item\":\"https:\\\/\\\/lospoliticosveracruz.com\\\/\"},{\"@type\":\"ListItem\",\"position\":2,\"name\":\"EMILIO OLVERA, AUNQUE ME DENUNCI\u00d3, ME ADMIRA: CAZAR\u00cdN\"}]},{\"@type\":\"WebSite\",\"@id\":\"https:\\\/\\\/lospoliticosveracruz.com\\\/#website\",\"url\":\"https:\\\/\\\/lospoliticosveracruz.com\\\/\",\"name\":\"Los pol\u00edticos Veracruz\",\"description\":\"\",\"publisher\":{\"@id\":\"https:\\\/\\\/lospoliticosveracruz.com\\\/#organization\"},\"potentialAction\":[{\"@type\":\"SearchAction\",\"target\":{\"@type\":\"EntryPoint\",\"urlTemplate\":\"https:\\\/\\\/lospoliticosveracruz.com\\\/?s={search_term_string}\"},\"query-input\":{\"@type\":\"PropertyValueSpecification\",\"valueRequired\":true,\"valueName\":\"search_term_string\"}}],\"inLanguage\":\"es\"},{\"@type\":\"Organization\",\"@id\":\"https:\\\/\\\/lospoliticosveracruz.com\\\/#organization\",\"name\":\"Los pol\u00edticos Veracruz\",\"url\":\"https:\\\/\\\/lospoliticosveracruz.com\\\/\",\"logo\":{\"@type\":\"ImageObject\",\"inLanguage\":\"es\",\"@id\":\"https:\\\/\\\/lospoliticosveracruz.com\\\/#\\\/schema\\\/logo\\\/image\\\/\",\"url\":\"https:\\\/\\\/lospoliticosveracruz.com\\\/wp-content\\\/uploads\\\/2025\\\/12\\\/Logo-Nuevo-LOS-POLITICOS-1.jpg\",\"contentUrl\":\"https:\\\/\\\/lospoliticosveracruz.com\\\/wp-content\\\/uploads\\\/2025\\\/12\\\/Logo-Nuevo-LOS-POLITICOS-1.jpg\",\"width\":260,\"height\":70,\"caption\":\"Los pol\u00edticos Veracruz\"},\"image\":{\"@id\":\"https:\\\/\\\/lospoliticosveracruz.com\\\/#\\\/schema\\\/logo\\\/image\\\/\"},\"sameAs\":[\"https:\\\/\\\/www.facebook.com\\\/people\\\/Notimemes-de-los-Polticos\\\/61565672886568\\\/\",\"https:\\\/\\\/x.com\\\/LosPoliticosVer\"]},{\"@type\":\"Person\",\"@id\":\"https:\\\/\\\/lospoliticosveracruz.com\\\/#\\\/schema\\\/person\\\/b8702bb0e538456e6efd07080bf2a4a2\",\"name\":\"Lo viste en Los Pol\u00edticos\",\"image\":{\"@type\":\"ImageObject\",\"inLanguage\":\"es\",\"@id\":\"https:\\\/\\\/secure.gravatar.com\\\/avatar\\\/3a8de04a2656d44082be478bd6c086daa447c4651605818287b9532d3d0bd435?s=96&d=mm&r=g\",\"url\":\"https:\\\/\\\/secure.gravatar.com\\\/avatar\\\/3a8de04a2656d44082be478bd6c086daa447c4651605818287b9532d3d0bd435?s=96&d=mm&r=g\",\"contentUrl\":\"https:\\\/\\\/secure.gravatar.com\\\/avatar\\\/3a8de04a2656d44082be478bd6c086daa447c4651605818287b9532d3d0bd435?s=96&d=mm&r=g\",\"caption\":\"Lo viste en Los Pol\u00edticos\"},\"url\":\"https:\\\/\\\/lospoliticosveracruz.com\\\/?author=2\"}]}<\/script>\n<!-- \/ Yoast SEO plugin. -->","yoast_head_json":{"title":"EMILIO OLVERA, AUNQUE ME DENUNCI\u00d3, ME ADMIRA: CAZAR\u00cdN - Los pol\u00edticos Veracruz","robots":{"index":"index","follow":"follow","max-snippet":"max-snippet:-1","max-image-preview":"max-image-preview:large","max-video-preview":"max-video-preview:-1"},"canonical":"https:\/\/lospoliticosveracruz.com\/?p=152726","og_locale":"es_ES","og_type":"article","og_title":"EMILIO OLVERA, AUNQUE ME DENUNCI\u00d3, ME ADMIRA: CAZAR\u00cdN - Los pol\u00edticos Veracruz","og_description":"El delegado de la Secretar\u00eda de Bienestar en Veracruz, Juan Javier G\u00f3mez Cazar\u00edn, neg\u00f3 que haya operado electoralmente en el norte de Veracruz para beneficiar a la candidata de Morena a la alcald\u00eda de Poza Rica y, revel\u00f3 que el candidato de Movimiento Ciudadano, Emilio Olvera, le escribi\u00f3 por WhatsApp para decirle que lo admiraba. [&hellip;]","og_url":"https:\/\/lospoliticosveracruz.com\/?p=152726","og_site_name":"Los pol\u00edticos Veracruz","article_publisher":"https:\/\/www.facebook.com\/people\/Notimemes-de-los-Polticos\/61565672886568\/","article_published_time":"2025-09-17T17:49:22+00:00","article_modified_time":"2025-09-17T17:49:37+00:00","og_image":[{"width":600,"height":320,"url":"https:\/\/lospoliticosveracruz.com\/wp-content\/uploads\/2025\/09\/Juan-Javier-Gomez-Cazarin.jpeg","type":"image\/jpeg"}],"author":"Lo viste en Los Pol\u00edticos","twitter_card":"summary_large_image","twitter_creator":"@LosPoliticosVer","twitter_site":"@LosPoliticosVer","twitter_misc":{"Escrito por":"Lo viste en Los Pol\u00edticos","Tiempo de lectura":"4 minutos"},"schema":{"@context":"https:\/\/schema.org","@graph":[{"@type":"Article","@id":"https:\/\/lospoliticosveracruz.com\/?p=152726#article","isPartOf":{"@id":"https:\/\/lospoliticosveracruz.com\/?p=152726"},"author":{"name":"Lo viste en Los Pol\u00edticos","@id":"https:\/\/lospoliticosveracruz.com\/#\/schema\/person\/b8702bb0e538456e6efd07080bf2a4a2"},"headline":"EMILIO OLVERA, AUNQUE ME DENUNCI\u00d3, ME ADMIRA: CAZAR\u00cdN","datePublished":"2025-09-17T17:49:22+00:00","dateModified":"2025-09-17T17:49:37+00:00","mainEntityOfPage":{"@id":"https:\/\/lospoliticosveracruz.com\/?p=152726"},"wordCount":718,"publisher":{"@id":"https:\/\/lospoliticosveracruz.com\/#organization"},"image":{"@id":"https:\/\/lospoliticosveracruz.com\/?p=152726#primaryimage"},"thumbnailUrl":"https:\/\/lospoliticosveracruz.com\/wp-content\/uploads\/2025\/09\/Juan-Javier-Gomez-Cazarin.jpeg","articleSection":["Palomazos"],"inLanguage":"es"},{"@type":"WebPage","@id":"https:\/\/lospoliticosveracruz.com\/?p=152726","url":"https:\/\/lospoliticosveracruz.com\/?p=152726","name":"EMILIO OLVERA, AUNQUE ME DENUNCI\u00d3, ME ADMIRA: CAZAR\u00cdN - Los pol\u00edticos Veracruz","isPartOf":{"@id":"https:\/\/lospoliticosveracruz.com\/#website"},"primaryImageOfPage":{"@id":"https:\/\/lospoliticosveracruz.com\/?p=152726#primaryimage"},"image":{"@id":"https:\/\/lospoliticosveracruz.com\/?p=152726#primaryimage"},"thumbnailUrl":"https:\/\/lospoliticosveracruz.com\/wp-content\/uploads\/2025\/09\/Juan-Javier-Gomez-Cazarin.jpeg","datePublished":"2025-09-17T17:49:22+00:00","dateModified":"2025-09-17T17:49:37+00:00","breadcrumb":{"@id":"https:\/\/lospoliticosveracruz.com\/?p=152726#breadcrumb"},"inLanguage":"es","potentialAction":[{"@type":"ReadAction","target":["https:\/\/lospoliticosveracruz.com\/?p=152726"]}]},{"@type":"ImageObject","inLanguage":"es","@id":"https:\/\/lospoliticosveracruz.com\/?p=152726#primaryimage","url":"https:\/\/lospoliticosveracruz.com\/wp-content\/uploads\/2025\/09\/Juan-Javier-Gomez-Cazarin.jpeg","contentUrl":"https:\/\/lospoliticosveracruz.com\/wp-content\/uploads\/2025\/09\/Juan-Javier-Gomez-Cazarin.jpeg","width":600,"height":320},{"@type":"BreadcrumbList","@id":"https:\/\/lospoliticosveracruz.com\/?p=152726#breadcrumb","itemListElement":[{"@type":"ListItem","position":1,"name":"Portada","item":"https:\/\/lospoliticosveracruz.com\/"},{"@type":"ListItem","position":2,"name":"EMILIO OLVERA, AUNQUE ME DENUNCI\u00d3, ME ADMIRA: CAZAR\u00cdN"}]},{"@type":"WebSite","@id":"https:\/\/lospoliticosveracruz.com\/#website","url":"https:\/\/lospoliticosveracruz.com\/","name":"Los pol\u00edticos Veracruz","description":"","publisher":{"@id":"https:\/\/lospoliticosveracruz.com\/#organization"},"potentialAction":[{"@type":"SearchAction","target":{"@type":"EntryPoint","urlTemplate":"https:\/\/lospoliticosveracruz.com\/?s={search_term_string}"},"query-input":{"@type":"PropertyValueSpecification","valueRequired":true,"valueName":"search_term_string"}}],"inLanguage":"es"},{"@type":"Organization","@id":"https:\/\/lospoliticosveracruz.com\/#organization","name":"Los pol\u00edticos Veracruz","url":"https:\/\/lospoliticosveracruz.com\/","logo":{"@type":"ImageObject","inLanguage":"es","@id":"https:\/\/lospoliticosveracruz.com\/#\/schema\/logo\/image\/","url":"https:\/\/lospoliticosveracruz.com\/wp-content\/uploads\/2025\/12\/Logo-Nuevo-LOS-POLITICOS-1.jpg","contentUrl":"https:\/\/lospoliticosveracruz.com\/wp-content\/uploads\/2025\/12\/Logo-Nuevo-LOS-POLITICOS-1.jpg","width":260,"height":70,"caption":"Los pol\u00edticos Veracruz"},"image":{"@id":"https:\/\/lospoliticosveracruz.com\/#\/schema\/logo\/image\/"},"sameAs":["https:\/\/www.facebook.com\/people\/Notimemes-de-los-Polticos\/61565672886568\/","https:\/\/x.com\/LosPoliticosVer"]},{"@type":"Person","@id":"https:\/\/lospoliticosveracruz.com\/#\/schema\/person\/b8702bb0e538456e6efd07080bf2a4a2","name":"Lo viste en Los Pol\u00edticos","image":{"@type":"ImageObject","inLanguage":"es","@id":"https:\/\/secure.gravatar.com\/avatar\/3a8de04a2656d44082be478bd6c086daa447c4651605818287b9532d3d0bd435?s=96&d=mm&r=g","url":"https:\/\/secure.gravatar.com\/avatar\/3a8de04a2656d44082be478bd6c086daa447c4651605818287b9532d3d0bd435?s=96&d=mm&r=g","contentUrl":"https:\/\/secure.gravatar.com\/avatar\/3a8de04a2656d44082be478bd6c086daa447c4651605818287b9532d3d0bd435?s=96&d=mm&r=g","caption":"Lo viste en Los Pol\u00edticos"},"url":"https:\/\/lospoliticosveracruz.com\/?author=2"}]}},"_links":{"self":[{"href":"https:\/\/lospoliticosveracruz.com\/index.php?rest_route=\/wp\/v2\/posts\/152726","targetHints":{"allow":["GET"]}}],"collection":[{"href":"https:\/\/lospoliticosveracruz.com\/index.php?rest_route=\/wp\/v2\/posts"}],"about":[{"href":"https:\/\/lospoliticosveracruz.com\/index.php?rest_route=\/wp\/v2\/types\/post"}],"author":[{"embeddable":true,"href":"https:\/\/lospoliticosveracruz.com\/index.php?rest_route=\/wp\/v2\/users\/2"}],"replies":[{"embeddable":true,"href":"https:\/\/lospoliticosveracruz.com\/index.php?rest_route=%2Fwp%2Fv2%2Fcomments&post=152726"}],"version-history":[{"count":1,"href":"https:\/\/lospoliticosveracruz.com\/index.php?rest_route=\/wp\/v2\/posts\/152726\/revisions"}],"predecessor-version":[{"id":152732,"href":"https:\/\/lospoliticosveracruz.com\/index.php?rest_route=\/wp\/v2\/posts\/152726\/revisions\/152732"}],"wp:featuredmedia":[{"embeddable":true,"href":"https:\/\/lospoliticosveracruz.com\/index.php?rest_route=\/wp\/v2\/media\/152731"}],"wp:attachment":[{"href":"https:\/\/lospoliticosveracruz.com\/index.php?rest_route=%2Fwp%2Fv2%2Fmedia&parent=152726"}],"wp:term":[{"taxonomy":"category","embeddable":true,"href":"https:\/\/lospoliticosveracruz.com\/index.php?rest_route=%2Fwp%2Fv2%2Fcategories&post=152726"},{"taxonomy":"post_tag","embeddable":true,"href":"https:\/\/lospoliticosveracruz.com\/index.php?rest_route=%2Fwp%2Fv2%2Ftags&post=152726"}],"curies":[{"name":"wp","href":"https:\/\/api.w.org\/{rel}","templated":true}]}}