{"id":152737,"date":"2025-09-17T15:51:46","date_gmt":"2025-09-17T20:51:46","guid":{"rendered":"https:\/\/lospoliticosveracruz.com.mx\/?p=152737"},"modified":"2025-09-17T15:52:03","modified_gmt":"2025-09-17T20:52:03","slug":"la-arquitectura-del-poder-division-y-equilibrio","status":"publish","type":"post","link":"https:\/\/lospoliticosveracruz.com\/?p=152737","title":{"rendered":"LA ARQUITECTURA DEL PODER: Divisi\u00f3n y Equilibrio"},"content":{"rendered":"\n\n\n<p><strong>Mara Iliana Cruz Pastrana<\/strong><\/p>\n\n\n\n<p>Un elemento esencial en la democracia funcional es y ha sido la separaci\u00f3n de poderes, es un principio fundamental consagrado en el art\u00edculo 49 de nuestra Carta Magna que se basa en tres ramas distintas e independientes: el poder ejecutivo, el poder legislativo y el poder judicial. Un principio desarrollado por fil\u00f3sofos pol\u00edticos como John Locke y Montesquieu que se ha implementado en muchos pa\u00edses alrededor del mundo como una forma de evitar la corrupci\u00f3n y el abuso del poder.<\/p>\n\n\n\n\n\n<p>El poder ejecutivo representado por la presidencia de la rep\u00fablica a nivel federal y las y los gobernadores a nivel local, quienes gobiernan conforme a lo que establece la legislaci\u00f3n y designa a los secretarios y secretarias de estado y apoyan en la administraci\u00f3n de los recursos p\u00fablicos y de llevar a cabo pol\u00edticas de Estado.<\/p>\n\n\n\n<p>El poder legislativo es el encargado de crear las leyes, compuesto por el Congreso de la Uni\u00f3n y los Congresos Estatales, donde los representantes del pueblo discuten y aprueban las leyes que norman a la sociedad.<\/p>\n\n\n\n<p>Y el muy de moda poder judicial que es el encargado de interpretar y aplicar las leyes, de administrar justicia, de garantizar el cumplimiento de la Constituci\u00f3n y las leyes y proteger los derechos fundamentales de la ciudadan\u00eda y es independiente de los otros poderes.<\/p>\n\n\n\n<p>El sistema democr\u00e1tico es como un juego de futbol, donde el \u00e1rbitro es aut\u00f3nomo, controla las reglas y sanciona a los jugadores e incluso puede anular un gol si no es v\u00e1lido. Cuando hay poderes separados, que cumplen sus roles y hay equilibrio, se garantiza que el juego se desarrolle con las reglas acordadas y que todos las respeten. Si un grupo controla el partido y a los \u00e1rbitros, el otro equipo se queda sin defensa y sin quien vele por sus intereses; algo similar ocurre en el juego de la democracia.<\/p>\n\n\n\n<p>La divisi\u00f3n de poderes permite un balance en el poder, es esencial para la democracia porque evita la concentraci\u00f3n del poder en un solo grupo e incluso en una sola persona. Al dividirse el poder en diferentes instituciones, se establecen controles y contrapesos que limitan el mal ejercicio del poder y se garantizan la protecci\u00f3n de los derechos y libertades individuales.<\/p>\n\n\n\n<p>Adem\u00e1s de la divisi\u00f3n de poderes, la democracia en nuestro pa\u00eds se apoya en el federalismo que permite que los Estados tomen sus propias decisiones y los organismos aut\u00f3nomos que son pieza clave para regular al pa\u00eds sin depender de ninguno de los tres poderes.<\/p>\n\n\n\n<p>En recientes reformas desaparecieron siete organismos, entre ellos el Instituto Nacional de Transparencia y la Comisi\u00f3n Federal de Competencia Econ\u00f3mica. Con acciones radicales el pa\u00eds se ve en una crisis de autonom\u00eda.<\/p>\n\n\n\n<p>La separaci\u00f3n de poderes es un pilar fundamental de la democracia y su debilitamiento representa un riesgo para la estabilidad del pa\u00eds. La divisi\u00f3n de poderes evita la prevenci\u00f3n de abusos, garantiza la protecci\u00f3n de los derechos y establece un sistema de controles y promueve la transparencia y la rendici\u00f3n de cuentas. Con la divisi\u00f3n de poderes cada rama del gobierno es responsable de sus acciones.<\/p>\n\n\n\n<p>Cuando los contrapesos desaparecen, el poder se concentra en pocas manos y el pa\u00eds corre el riesgo de caer en un r\u00e9gimen autoritario. Cuando se afecta la divisi\u00f3n de poderes hay consecuencias, se debilitan los derechos y libertades; si jueces y legisladores no act\u00faan con independencia se vulneran las leyes; se deterioran los servicios p\u00fablicos porque no se fiscaliza adecuadamente el gasto p\u00fablico lo que puede llevar a una mala administraci\u00f3n y afecta servicios b\u00e1sicos como la educaci\u00f3n, la saludo y la seguridad.<\/p>\n\n\n\n<p>Es necesario que la ciudadan\u00eda exijamos que cada poder cumpla con sus funciones y respete la autonom\u00eda de las instituciones, solo as\u00ed se puede garantizar un verdadero equilibrio y evitamos que el pa\u00eds retroceda en materia democr\u00e1tica. Seamos ciudadanas y ciudadanos activos y vigilantes.<\/p>\n","protected":false},"excerpt":{"rendered":"<p>Mara Iliana Cruz Pastrana Un elemento esencial en la democracia funcional es y ha sido la separaci\u00f3n de poderes, es un principio fundamental consagrado en el art\u00edculo 49 de nuestra Carta Magna que se basa en tres ramas distintas e independientes: el poder ejecutivo, el poder legislativo y el poder judicial. Un principio desarrollado por [&hellip;]<\/p>\n","protected":false},"author":2,"featured_media":141401,"comment_status":"closed","ping_status":"closed","sticky":false,"template":"","format":"standard","meta":{"tdm_status":"","tdm_grid_status":"","footnotes":""},"categories":[70],"tags":[],"class_list":{"0":"post-152737","1":"post","2":"type-post","3":"status-publish","4":"format-standard","5":"has-post-thumbnail","7":"category-de-opinion"},"yoast_head":"<!-- This site is optimized with the Yoast SEO plugin v27.4 - https:\/\/yoast.com\/product\/yoast-seo-wordpress\/ -->\n<title>LA ARQUITECTURA DEL PODER: Divisi\u00f3n y Equilibrio - Los pol\u00edticos Veracruz<\/title>\n<meta name=\"robots\" content=\"index, follow, max-snippet:-1, max-image-preview:large, max-video-preview:-1\" \/>\n<link rel=\"canonical\" href=\"https:\/\/lospoliticosveracruz.com\/?p=152737\" \/>\n<meta property=\"og:locale\" content=\"es_ES\" \/>\n<meta property=\"og:type\" content=\"article\" \/>\n<meta property=\"og:title\" content=\"LA ARQUITECTURA DEL PODER: Divisi\u00f3n y Equilibrio - Los pol\u00edticos Veracruz\" \/>\n<meta property=\"og:description\" content=\"Mara Iliana Cruz Pastrana Un elemento esencial en la democracia funcional es y ha sido la separaci\u00f3n de poderes, es un principio fundamental consagrado en el art\u00edculo 49 de nuestra Carta Magna que se basa en tres ramas distintas e independientes: el poder ejecutivo, el poder legislativo y el poder judicial. Un principio desarrollado por [&hellip;]\" \/>\n<meta property=\"og:url\" content=\"https:\/\/lospoliticosveracruz.com\/?p=152737\" \/>\n<meta property=\"og:site_name\" content=\"Los pol\u00edticos Veracruz\" \/>\n<meta property=\"article:publisher\" content=\"https:\/\/www.facebook.com\/people\/Notimemes-de-los-Polticos\/61565672886568\/\" \/>\n<meta property=\"article:published_time\" content=\"2025-09-17T20:51:46+00:00\" \/>\n<meta property=\"article:modified_time\" content=\"2025-09-17T20:52:03+00:00\" \/>\n<meta property=\"og:image\" content=\"https:\/\/lospoliticosveracruz.com\/wp-content\/uploads\/2025\/04\/Mara-Cruz-Pastrana.jpg\" \/>\n\t<meta property=\"og:image:width\" content=\"1250\" \/>\n\t<meta property=\"og:image:height\" content=\"667\" \/>\n\t<meta property=\"og:image:type\" content=\"image\/jpeg\" \/>\n<meta name=\"author\" content=\"Lo viste en Los Pol\u00edticos\" \/>\n<meta name=\"twitter:card\" content=\"summary_large_image\" \/>\n<meta name=\"twitter:creator\" content=\"@LosPoliticosVer\" \/>\n<meta name=\"twitter:site\" content=\"@LosPoliticosVer\" \/>\n<meta name=\"twitter:label1\" content=\"Escrito por\" \/>\n\t<meta name=\"twitter:data1\" content=\"Lo viste en Los Pol\u00edticos\" \/>\n\t<meta name=\"twitter:label2\" content=\"Tiempo de lectura\" \/>\n\t<meta name=\"twitter:data2\" content=\"3 minutos\" \/>\n<script type=\"application\/ld+json\" class=\"yoast-schema-graph\">{\"@context\":\"https:\\\/\\\/schema.org\",\"@graph\":[{\"@type\":\"Article\",\"@id\":\"https:\\\/\\\/lospoliticosveracruz.com\\\/?p=152737#article\",\"isPartOf\":{\"@id\":\"https:\\\/\\\/lospoliticosveracruz.com\\\/?p=152737\"},\"author\":{\"name\":\"Lo viste en Los Pol\u00edticos\",\"@id\":\"https:\\\/\\\/lospoliticosveracruz.com\\\/#\\\/schema\\\/person\\\/b8702bb0e538456e6efd07080bf2a4a2\"},\"headline\":\"LA ARQUITECTURA DEL PODER: Divisi\u00f3n y Equilibrio\",\"datePublished\":\"2025-09-17T20:51:46+00:00\",\"dateModified\":\"2025-09-17T20:52:03+00:00\",\"mainEntityOfPage\":{\"@id\":\"https:\\\/\\\/lospoliticosveracruz.com\\\/?p=152737\"},\"wordCount\":700,\"publisher\":{\"@id\":\"https:\\\/\\\/lospoliticosveracruz.com\\\/#organization\"},\"image\":{\"@id\":\"https:\\\/\\\/lospoliticosveracruz.com\\\/?p=152737#primaryimage\"},\"thumbnailUrl\":\"https:\\\/\\\/lospoliticosveracruz.com\\\/wp-content\\\/uploads\\\/2025\\\/04\\\/Mara-Cruz-Pastrana.jpg\",\"articleSection\":[\"De Opini\u00f3n\"],\"inLanguage\":\"es\"},{\"@type\":\"WebPage\",\"@id\":\"https:\\\/\\\/lospoliticosveracruz.com\\\/?p=152737\",\"url\":\"https:\\\/\\\/lospoliticosveracruz.com\\\/?p=152737\",\"name\":\"LA ARQUITECTURA DEL PODER: Divisi\u00f3n y Equilibrio - Los pol\u00edticos Veracruz\",\"isPartOf\":{\"@id\":\"https:\\\/\\\/lospoliticosveracruz.com\\\/#website\"},\"primaryImageOfPage\":{\"@id\":\"https:\\\/\\\/lospoliticosveracruz.com\\\/?p=152737#primaryimage\"},\"image\":{\"@id\":\"https:\\\/\\\/lospoliticosveracruz.com\\\/?p=152737#primaryimage\"},\"thumbnailUrl\":\"https:\\\/\\\/lospoliticosveracruz.com\\\/wp-content\\\/uploads\\\/2025\\\/04\\\/Mara-Cruz-Pastrana.jpg\",\"datePublished\":\"2025-09-17T20:51:46+00:00\",\"dateModified\":\"2025-09-17T20:52:03+00:00\",\"breadcrumb\":{\"@id\":\"https:\\\/\\\/lospoliticosveracruz.com\\\/?p=152737#breadcrumb\"},\"inLanguage\":\"es\",\"potentialAction\":[{\"@type\":\"ReadAction\",\"target\":[\"https:\\\/\\\/lospoliticosveracruz.com\\\/?p=152737\"]}]},{\"@type\":\"ImageObject\",\"inLanguage\":\"es\",\"@id\":\"https:\\\/\\\/lospoliticosveracruz.com\\\/?p=152737#primaryimage\",\"url\":\"https:\\\/\\\/lospoliticosveracruz.com\\\/wp-content\\\/uploads\\\/2025\\\/04\\\/Mara-Cruz-Pastrana.jpg\",\"contentUrl\":\"https:\\\/\\\/lospoliticosveracruz.com\\\/wp-content\\\/uploads\\\/2025\\\/04\\\/Mara-Cruz-Pastrana.jpg\",\"width\":1250,\"height\":667},{\"@type\":\"BreadcrumbList\",\"@id\":\"https:\\\/\\\/lospoliticosveracruz.com\\\/?p=152737#breadcrumb\",\"itemListElement\":[{\"@type\":\"ListItem\",\"position\":1,\"name\":\"Portada\",\"item\":\"https:\\\/\\\/lospoliticosveracruz.com\\\/\"},{\"@type\":\"ListItem\",\"position\":2,\"name\":\"LA ARQUITECTURA DEL PODER: Divisi\u00f3n y Equilibrio\"}]},{\"@type\":\"WebSite\",\"@id\":\"https:\\\/\\\/lospoliticosveracruz.com\\\/#website\",\"url\":\"https:\\\/\\\/lospoliticosveracruz.com\\\/\",\"name\":\"Los pol\u00edticos Veracruz\",\"description\":\"\",\"publisher\":{\"@id\":\"https:\\\/\\\/lospoliticosveracruz.com\\\/#organization\"},\"potentialAction\":[{\"@type\":\"SearchAction\",\"target\":{\"@type\":\"EntryPoint\",\"urlTemplate\":\"https:\\\/\\\/lospoliticosveracruz.com\\\/?s={search_term_string}\"},\"query-input\":{\"@type\":\"PropertyValueSpecification\",\"valueRequired\":true,\"valueName\":\"search_term_string\"}}],\"inLanguage\":\"es\"},{\"@type\":\"Organization\",\"@id\":\"https:\\\/\\\/lospoliticosveracruz.com\\\/#organization\",\"name\":\"Los pol\u00edticos Veracruz\",\"url\":\"https:\\\/\\\/lospoliticosveracruz.com\\\/\",\"logo\":{\"@type\":\"ImageObject\",\"inLanguage\":\"es\",\"@id\":\"https:\\\/\\\/lospoliticosveracruz.com\\\/#\\\/schema\\\/logo\\\/image\\\/\",\"url\":\"https:\\\/\\\/lospoliticosveracruz.com\\\/wp-content\\\/uploads\\\/2025\\\/12\\\/Logo-Nuevo-LOS-POLITICOS-1.jpg\",\"contentUrl\":\"https:\\\/\\\/lospoliticosveracruz.com\\\/wp-content\\\/uploads\\\/2025\\\/12\\\/Logo-Nuevo-LOS-POLITICOS-1.jpg\",\"width\":260,\"height\":70,\"caption\":\"Los pol\u00edticos Veracruz\"},\"image\":{\"@id\":\"https:\\\/\\\/lospoliticosveracruz.com\\\/#\\\/schema\\\/logo\\\/image\\\/\"},\"sameAs\":[\"https:\\\/\\\/www.facebook.com\\\/people\\\/Notimemes-de-los-Polticos\\\/61565672886568\\\/\",\"https:\\\/\\\/x.com\\\/LosPoliticosVer\"]},{\"@type\":\"Person\",\"@id\":\"https:\\\/\\\/lospoliticosveracruz.com\\\/#\\\/schema\\\/person\\\/b8702bb0e538456e6efd07080bf2a4a2\",\"name\":\"Lo viste en Los Pol\u00edticos\",\"image\":{\"@type\":\"ImageObject\",\"inLanguage\":\"es\",\"@id\":\"https:\\\/\\\/secure.gravatar.com\\\/avatar\\\/3a8de04a2656d44082be478bd6c086daa447c4651605818287b9532d3d0bd435?s=96&d=mm&r=g\",\"url\":\"https:\\\/\\\/secure.gravatar.com\\\/avatar\\\/3a8de04a2656d44082be478bd6c086daa447c4651605818287b9532d3d0bd435?s=96&d=mm&r=g\",\"contentUrl\":\"https:\\\/\\\/secure.gravatar.com\\\/avatar\\\/3a8de04a2656d44082be478bd6c086daa447c4651605818287b9532d3d0bd435?s=96&d=mm&r=g\",\"caption\":\"Lo viste en Los Pol\u00edticos\"},\"url\":\"https:\\\/\\\/lospoliticosveracruz.com\\\/?author=2\"}]}<\/script>\n<!-- \/ Yoast SEO plugin. -->","yoast_head_json":{"title":"LA ARQUITECTURA DEL PODER: Divisi\u00f3n y Equilibrio - Los pol\u00edticos Veracruz","robots":{"index":"index","follow":"follow","max-snippet":"max-snippet:-1","max-image-preview":"max-image-preview:large","max-video-preview":"max-video-preview:-1"},"canonical":"https:\/\/lospoliticosveracruz.com\/?p=152737","og_locale":"es_ES","og_type":"article","og_title":"LA ARQUITECTURA DEL PODER: Divisi\u00f3n y Equilibrio - Los pol\u00edticos Veracruz","og_description":"Mara Iliana Cruz Pastrana Un elemento esencial en la democracia funcional es y ha sido la separaci\u00f3n de poderes, es un principio fundamental consagrado en el art\u00edculo 49 de nuestra Carta Magna que se basa en tres ramas distintas e independientes: el poder ejecutivo, el poder legislativo y el poder judicial. Un principio desarrollado por [&hellip;]","og_url":"https:\/\/lospoliticosveracruz.com\/?p=152737","og_site_name":"Los pol\u00edticos Veracruz","article_publisher":"https:\/\/www.facebook.com\/people\/Notimemes-de-los-Polticos\/61565672886568\/","article_published_time":"2025-09-17T20:51:46+00:00","article_modified_time":"2025-09-17T20:52:03+00:00","og_image":[{"width":1250,"height":667,"url":"https:\/\/lospoliticosveracruz.com\/wp-content\/uploads\/2025\/04\/Mara-Cruz-Pastrana.jpg","type":"image\/jpeg"}],"author":"Lo viste en Los Pol\u00edticos","twitter_card":"summary_large_image","twitter_creator":"@LosPoliticosVer","twitter_site":"@LosPoliticosVer","twitter_misc":{"Escrito por":"Lo viste en Los Pol\u00edticos","Tiempo de lectura":"3 minutos"},"schema":{"@context":"https:\/\/schema.org","@graph":[{"@type":"Article","@id":"https:\/\/lospoliticosveracruz.com\/?p=152737#article","isPartOf":{"@id":"https:\/\/lospoliticosveracruz.com\/?p=152737"},"author":{"name":"Lo viste en Los Pol\u00edticos","@id":"https:\/\/lospoliticosveracruz.com\/#\/schema\/person\/b8702bb0e538456e6efd07080bf2a4a2"},"headline":"LA ARQUITECTURA DEL PODER: Divisi\u00f3n y Equilibrio","datePublished":"2025-09-17T20:51:46+00:00","dateModified":"2025-09-17T20:52:03+00:00","mainEntityOfPage":{"@id":"https:\/\/lospoliticosveracruz.com\/?p=152737"},"wordCount":700,"publisher":{"@id":"https:\/\/lospoliticosveracruz.com\/#organization"},"image":{"@id":"https:\/\/lospoliticosveracruz.com\/?p=152737#primaryimage"},"thumbnailUrl":"https:\/\/lospoliticosveracruz.com\/wp-content\/uploads\/2025\/04\/Mara-Cruz-Pastrana.jpg","articleSection":["De Opini\u00f3n"],"inLanguage":"es"},{"@type":"WebPage","@id":"https:\/\/lospoliticosveracruz.com\/?p=152737","url":"https:\/\/lospoliticosveracruz.com\/?p=152737","name":"LA ARQUITECTURA DEL PODER: Divisi\u00f3n y Equilibrio - Los pol\u00edticos Veracruz","isPartOf":{"@id":"https:\/\/lospoliticosveracruz.com\/#website"},"primaryImageOfPage":{"@id":"https:\/\/lospoliticosveracruz.com\/?p=152737#primaryimage"},"image":{"@id":"https:\/\/lospoliticosveracruz.com\/?p=152737#primaryimage"},"thumbnailUrl":"https:\/\/lospoliticosveracruz.com\/wp-content\/uploads\/2025\/04\/Mara-Cruz-Pastrana.jpg","datePublished":"2025-09-17T20:51:46+00:00","dateModified":"2025-09-17T20:52:03+00:00","breadcrumb":{"@id":"https:\/\/lospoliticosveracruz.com\/?p=152737#breadcrumb"},"inLanguage":"es","potentialAction":[{"@type":"ReadAction","target":["https:\/\/lospoliticosveracruz.com\/?p=152737"]}]},{"@type":"ImageObject","inLanguage":"es","@id":"https:\/\/lospoliticosveracruz.com\/?p=152737#primaryimage","url":"https:\/\/lospoliticosveracruz.com\/wp-content\/uploads\/2025\/04\/Mara-Cruz-Pastrana.jpg","contentUrl":"https:\/\/lospoliticosveracruz.com\/wp-content\/uploads\/2025\/04\/Mara-Cruz-Pastrana.jpg","width":1250,"height":667},{"@type":"BreadcrumbList","@id":"https:\/\/lospoliticosveracruz.com\/?p=152737#breadcrumb","itemListElement":[{"@type":"ListItem","position":1,"name":"Portada","item":"https:\/\/lospoliticosveracruz.com\/"},{"@type":"ListItem","position":2,"name":"LA ARQUITECTURA DEL PODER: Divisi\u00f3n y Equilibrio"}]},{"@type":"WebSite","@id":"https:\/\/lospoliticosveracruz.com\/#website","url":"https:\/\/lospoliticosveracruz.com\/","name":"Los pol\u00edticos Veracruz","description":"","publisher":{"@id":"https:\/\/lospoliticosveracruz.com\/#organization"},"potentialAction":[{"@type":"SearchAction","target":{"@type":"EntryPoint","urlTemplate":"https:\/\/lospoliticosveracruz.com\/?s={search_term_string}"},"query-input":{"@type":"PropertyValueSpecification","valueRequired":true,"valueName":"search_term_string"}}],"inLanguage":"es"},{"@type":"Organization","@id":"https:\/\/lospoliticosveracruz.com\/#organization","name":"Los pol\u00edticos Veracruz","url":"https:\/\/lospoliticosveracruz.com\/","logo":{"@type":"ImageObject","inLanguage":"es","@id":"https:\/\/lospoliticosveracruz.com\/#\/schema\/logo\/image\/","url":"https:\/\/lospoliticosveracruz.com\/wp-content\/uploads\/2025\/12\/Logo-Nuevo-LOS-POLITICOS-1.jpg","contentUrl":"https:\/\/lospoliticosveracruz.com\/wp-content\/uploads\/2025\/12\/Logo-Nuevo-LOS-POLITICOS-1.jpg","width":260,"height":70,"caption":"Los pol\u00edticos Veracruz"},"image":{"@id":"https:\/\/lospoliticosveracruz.com\/#\/schema\/logo\/image\/"},"sameAs":["https:\/\/www.facebook.com\/people\/Notimemes-de-los-Polticos\/61565672886568\/","https:\/\/x.com\/LosPoliticosVer"]},{"@type":"Person","@id":"https:\/\/lospoliticosveracruz.com\/#\/schema\/person\/b8702bb0e538456e6efd07080bf2a4a2","name":"Lo viste en Los Pol\u00edticos","image":{"@type":"ImageObject","inLanguage":"es","@id":"https:\/\/secure.gravatar.com\/avatar\/3a8de04a2656d44082be478bd6c086daa447c4651605818287b9532d3d0bd435?s=96&d=mm&r=g","url":"https:\/\/secure.gravatar.com\/avatar\/3a8de04a2656d44082be478bd6c086daa447c4651605818287b9532d3d0bd435?s=96&d=mm&r=g","contentUrl":"https:\/\/secure.gravatar.com\/avatar\/3a8de04a2656d44082be478bd6c086daa447c4651605818287b9532d3d0bd435?s=96&d=mm&r=g","caption":"Lo viste en Los Pol\u00edticos"},"url":"https:\/\/lospoliticosveracruz.com\/?author=2"}]}},"_links":{"self":[{"href":"https:\/\/lospoliticosveracruz.com\/index.php?rest_route=\/wp\/v2\/posts\/152737","targetHints":{"allow":["GET"]}}],"collection":[{"href":"https:\/\/lospoliticosveracruz.com\/index.php?rest_route=\/wp\/v2\/posts"}],"about":[{"href":"https:\/\/lospoliticosveracruz.com\/index.php?rest_route=\/wp\/v2\/types\/post"}],"author":[{"embeddable":true,"href":"https:\/\/lospoliticosveracruz.com\/index.php?rest_route=\/wp\/v2\/users\/2"}],"replies":[{"embeddable":true,"href":"https:\/\/lospoliticosveracruz.com\/index.php?rest_route=%2Fwp%2Fv2%2Fcomments&post=152737"}],"version-history":[{"count":1,"href":"https:\/\/lospoliticosveracruz.com\/index.php?rest_route=\/wp\/v2\/posts\/152737\/revisions"}],"predecessor-version":[{"id":152738,"href":"https:\/\/lospoliticosveracruz.com\/index.php?rest_route=\/wp\/v2\/posts\/152737\/revisions\/152738"}],"wp:featuredmedia":[{"embeddable":true,"href":"https:\/\/lospoliticosveracruz.com\/index.php?rest_route=\/wp\/v2\/media\/141401"}],"wp:attachment":[{"href":"https:\/\/lospoliticosveracruz.com\/index.php?rest_route=%2Fwp%2Fv2%2Fmedia&parent=152737"}],"wp:term":[{"taxonomy":"category","embeddable":true,"href":"https:\/\/lospoliticosveracruz.com\/index.php?rest_route=%2Fwp%2Fv2%2Fcategories&post=152737"},{"taxonomy":"post_tag","embeddable":true,"href":"https:\/\/lospoliticosveracruz.com\/index.php?rest_route=%2Fwp%2Fv2%2Ftags&post=152737"}],"curies":[{"name":"wp","href":"https:\/\/api.w.org\/{rel}","templated":true}]}}