{"id":152826,"date":"2025-09-18T22:42:52","date_gmt":"2025-09-19T03:42:52","guid":{"rendered":"https:\/\/lospoliticosveracruz.com.mx\/?p=152826"},"modified":"2025-09-18T22:49:12","modified_gmt":"2025-09-19T03:49:12","slug":"bombazo-en-el-poder-judicial","status":"publish","type":"post","link":"https:\/\/lospoliticosveracruz.com\/?p=152826","title":{"rendered":"BOMBAZO EN EL PODER JUDICIAL!"},"content":{"rendered":"\n\n\n<p><strong>Miguel Valera<\/strong><br><em>Contrase\u00f1as<\/em><\/p>\n\n\n\n<p>Desde tiempos inmemoriales, el refranero popular ha acu\u00f1ado una frase contundente: \u201cQuien traiciona una vez, traiciona siempre\u201d. Pasa en la pol\u00edtica y pasa en la vida en general. La expresi\u00f3n de marras; es decir, conocida sobradamente, se podr\u00eda aplicar muy bien a <strong>Diana Adivedh Cruz Villegas<\/strong>, la nueva integrante del <strong>\u00d3rgano de Administraci\u00f3n del Poder Judicial<\/strong>.<\/p>\n\n\n\n\n\n<p>La jovenc\u00edsima funcionaria \u2014me cuenta un morenista cercano al exgobernador <strong>Cuitl\u00e1huac Garc\u00eda Jim\u00e9nez<\/strong>\u2014 le dio una pu\u00f1alada en la espalda a quien fuera su pareja sentimental, y a quien recibi\u00f3 en pa\u00f1ales en la administraci\u00f3n p\u00fablica, le dio la oportunidad de servir, la mantuvo muy, muy, pero muy cerca, en su c\u00edrculo de intimidad; la hizo <strong>Jefa del Departamento de Programaci\u00f3n y Presupuesto<\/strong>, luego <strong>Directora General de Administraci\u00f3n del Poder Judicial<\/strong>, con 21 a\u00f1os de edad y luego ella, con la mano en la cintura, empoderada, lo traicion\u00f3.<\/p>\n\n\n\n<p>Incluso fue el ahora director general del <strong>Centro Nacional de Control del Gas Natural (Cenegas)<\/strong>, quien a trav\u00e9s de las hermanas <strong>Dorheny Garc\u00eda Cayetano<\/strong>, diputada local, y la <strong>Magistrada Ailett Garc\u00eda Cayetano<\/strong>, la impusieron en dicho \u00f3rgano de administraci\u00f3n del <strong>Poder Judicial de Veracruz<\/strong>.<\/p>\n\n\n\n<p>Y ahora para deslindarse, no s\u00f3lo cuenta en c\u00edrculos cercanos intimidades del exmandatario veracruzano, las cuales son muy respetables y pertenecen al \u00e1mbito justamente de eso, de lo privado y algo m\u00e1s delicado, vocifera a los cuatro vientos que firm\u00f3 con los ojos cerrados, siguiendo sus instrucciones, todas las <strong>Adquisiciones Directas<\/strong> para amigos del exgobernador <strong>Cuitl\u00e1huac Garc\u00eda Jim\u00e9nez<\/strong>.<\/p>\n\n\n\n<p>Y de las partidas administrativas que dej\u00f3 la magistrada saliente, <strong>Lisbeth Aurelia Jim\u00e9nez Aguirre<\/strong>, ya se gast\u00f3 los 350 millones de pesos, as\u00ed como el <strong>Fondo Auxiliar del Poder Judicial del Estado de Veracruz<\/strong>.<\/p>\n\n\n\n<p>Adem\u00e1s, se sabe que la <strong>Auditor\u00eda Superior de la Federaci\u00f3n<\/strong> le anda siguiendo los pasos, por diversos procedimientos que autoriz\u00f3 siendo directora de Administraci\u00f3n del mismo <strong>Poder Judicial<\/strong>.<\/p>\n\n\n\n<p>Ahora, nos cuentan, su asesor de cabecera, muy, pero muy, pero muy cercano, es un personaje que le recomendaron las hermanas <strong>Dorheny<\/strong> y <strong>Ailett Garc\u00eda Cayetano<\/strong>. El hombre, cuyo nombre nos reservamos, es quien la asesora, protege y la orienta en todas las operaciones financieras que est\u00e1 realizando en el <strong>Poder Judicial del Estado de Veracruz<\/strong>.<\/p>\n\n\n\n<p>\u00bfSabr\u00e1 la gobernadora <strong>Roc\u00edo Nahle<\/strong> que el exgobernador le sigue metiendo mano a la n\u00f3mina y presupuesto de los veracruzanos, ahora en el Poder Judicial manejando dicho \u00f3rgano de Administraci\u00f3n?<\/p>\n\n\n\n<h4 class=\"wp-block-heading\">PAQUETE ECON\u00d3MICO 2026<\/h4>\n\n\n\n<p>El <strong>Paquete Econ\u00f3mico 2026<\/strong>, entregado al <strong>Congreso de la Uni\u00f3n<\/strong> el pasado 8 de septiembre, deja ver un hecho relevante en las finanzas p\u00fablicas mexicanas: el pago de intereses de la deuda supera a lo destinado a salud y educaci\u00f3n, rubros que se ven superados por la inversi\u00f3n en programas sociales de la presente administraci\u00f3n.<\/p>\n\n\n\n<p>As\u00ed lo advierte el n\u00famero 17 del <strong>Bolet\u00edn de an\u00e1lisis econ\u00f3mico de la Escuela de Negocios ITESO (ENI)<\/strong>, que dedica su tema central a desmenuzar las implicaciones fiscales y sociales del primer presupuesto elaborado por la nueva administraci\u00f3n federal.<\/p>\n\n\n\n<p>Para <strong>Mireya Pasillas<\/strong>, acad\u00e9mica de la ENI y responsable editorial del bolet\u00edn, esta tendencia resume el dilema de la pol\u00edtica fiscal actual: \u201cDesde la administraci\u00f3n de <strong>L\u00f3pez Obrador<\/strong> el costo financiero de la deuda ya super\u00f3 el gasto en salud y el gasto en educaci\u00f3n\u201d, subraya. En su opini\u00f3n, la carga del endeudamiento est\u00e1 comprometiendo la capacidad del Estado para atender las necesidades estructurales de la poblaci\u00f3n.<\/p>\n\n\n\n<p>De acuerdo con la <strong>Secretar\u00eda de Hacienda y Cr\u00e9dito P\u00fablico (SHCP)<\/strong>, los ingresos presupuestarios para 2026 se calculan en 8.7 billones de pesos, equivalentes a 22.5 por ciento del Producto Interno Bruto (PIB), mientras que el gasto total ascender\u00eda a 10.1 billones, es decir, 26.1 por ciento del PIB. El resultado es un d\u00e9ficit de 4.1 por ciento que, aunque menor al de 2025 (4.3 por ciento) y al de 2024 (5.7 por ciento), sigue reflejando una dependencia alta de la deuda para equilibrar las cuentas p\u00fablicas.<\/p>\n\n\n\n<p>\u201cLo que aqu\u00ed observo en general y tambi\u00e9n se ha dicho mucho, es que busca cierto equilibrio fiscal, pero no lo logra totalmente. Se est\u00e1n priorizando intereses de corto plazo, en vez del beneficio de largo y mediano plazo de la poblaci\u00f3n\u201d, considera Pasillas.<\/p>\n\n\n\n<p>El bolet\u00edn confirma que la brecha estructural entre ingresos y gasto se mantiene desde hace m\u00e1s de una d\u00e9cada. Aunque los ingresos tributarios han crecido, los gastos han avanzado a mayor ritmo. En consecuencia, cada a\u00f1o el gobierno debe recurrir a financiamiento adicional para cubrir el d\u00e9ficit.<\/p>\n\n\n\n<p>@MValeraH<\/p>\n","protected":false},"excerpt":{"rendered":"<p>Miguel ValeraContrase\u00f1as Desde tiempos inmemoriales, el refranero popular ha acu\u00f1ado una frase contundente: \u201cQuien traiciona una vez, traiciona siempre\u201d. Pasa en la pol\u00edtica y pasa en la vida en general. La expresi\u00f3n de marras; es decir, conocida sobradamente, se podr\u00eda aplicar muy bien a Diana Adivedh Cruz Villegas, la nueva integrante del \u00d3rgano de Administraci\u00f3n [&hellip;]<\/p>\n","protected":false},"author":2,"featured_media":141429,"comment_status":"closed","ping_status":"closed","sticky":false,"template":"","format":"standard","meta":{"tdm_status":"","tdm_grid_status":"","footnotes":""},"categories":[70],"tags":[1917,46068,44240,45848,3578],"class_list":{"0":"post-152826","1":"post","2":"type-post","3":"status-publish","4":"format-standard","5":"has-post-thumbnail","7":"category-de-opinion","8":"tag-auditoria-superior-de-la-federacion","9":"tag-diana-adivedh-cruz-villegas","10":"tag-paquete-economico-2026","11":"tag-poder-judicial-veracruz","12":"tag-rocio-nahle"},"yoast_head":"<!-- This site is optimized with the Yoast SEO plugin v27.4 - https:\/\/yoast.com\/product\/yoast-seo-wordpress\/ -->\n<title>BOMBAZO EN EL PODER JUDICIAL! - Los pol\u00edticos Veracruz<\/title>\n<meta name=\"robots\" content=\"index, follow, max-snippet:-1, max-image-preview:large, max-video-preview:-1\" \/>\n<link rel=\"canonical\" href=\"https:\/\/lospoliticosveracruz.com\/?p=152826\" \/>\n<meta property=\"og:locale\" content=\"es_ES\" \/>\n<meta property=\"og:type\" content=\"article\" \/>\n<meta property=\"og:title\" content=\"BOMBAZO EN EL PODER JUDICIAL! - Los pol\u00edticos Veracruz\" \/>\n<meta property=\"og:description\" content=\"Miguel ValeraContrase\u00f1as Desde tiempos inmemoriales, el refranero popular ha acu\u00f1ado una frase contundente: \u201cQuien traiciona una vez, traiciona siempre\u201d. Pasa en la pol\u00edtica y pasa en la vida en general. La expresi\u00f3n de marras; es decir, conocida sobradamente, se podr\u00eda aplicar muy bien a Diana Adivedh Cruz Villegas, la nueva integrante del \u00d3rgano de Administraci\u00f3n [&hellip;]\" \/>\n<meta property=\"og:url\" content=\"https:\/\/lospoliticosveracruz.com\/?p=152826\" \/>\n<meta property=\"og:site_name\" content=\"Los pol\u00edticos Veracruz\" \/>\n<meta property=\"article:publisher\" content=\"https:\/\/www.facebook.com\/people\/Notimemes-de-los-Polticos\/61565672886568\/\" \/>\n<meta property=\"article:published_time\" content=\"2025-09-19T03:42:52+00:00\" \/>\n<meta property=\"article:modified_time\" content=\"2025-09-19T03:49:12+00:00\" \/>\n<meta property=\"og:image\" content=\"https:\/\/lospoliticosveracruz.com\/wp-content\/uploads\/2025\/04\/Miguel-Valera.jpg\" \/>\n\t<meta property=\"og:image:width\" content=\"1250\" \/>\n\t<meta property=\"og:image:height\" content=\"667\" \/>\n\t<meta property=\"og:image:type\" content=\"image\/jpeg\" \/>\n<meta name=\"author\" content=\"Lo viste en Los Pol\u00edticos\" \/>\n<meta name=\"twitter:card\" content=\"summary_large_image\" \/>\n<meta name=\"twitter:creator\" content=\"@LosPoliticosVer\" \/>\n<meta name=\"twitter:site\" content=\"@LosPoliticosVer\" \/>\n<meta name=\"twitter:label1\" content=\"Escrito por\" \/>\n\t<meta name=\"twitter:data1\" content=\"Lo viste en Los Pol\u00edticos\" \/>\n\t<meta name=\"twitter:label2\" content=\"Tiempo de lectura\" \/>\n\t<meta name=\"twitter:data2\" content=\"4 minutos\" \/>\n<script type=\"application\/ld+json\" class=\"yoast-schema-graph\">{\"@context\":\"https:\\\/\\\/schema.org\",\"@graph\":[{\"@type\":\"Article\",\"@id\":\"https:\\\/\\\/lospoliticosveracruz.com\\\/?p=152826#article\",\"isPartOf\":{\"@id\":\"https:\\\/\\\/lospoliticosveracruz.com\\\/?p=152826\"},\"author\":{\"name\":\"Lo viste en Los Pol\u00edticos\",\"@id\":\"https:\\\/\\\/lospoliticosveracruz.com\\\/#\\\/schema\\\/person\\\/b8702bb0e538456e6efd07080bf2a4a2\"},\"headline\":\"BOMBAZO EN EL PODER JUDICIAL!\",\"datePublished\":\"2025-09-19T03:42:52+00:00\",\"dateModified\":\"2025-09-19T03:49:12+00:00\",\"mainEntityOfPage\":{\"@id\":\"https:\\\/\\\/lospoliticosveracruz.com\\\/?p=152826\"},\"wordCount\":800,\"publisher\":{\"@id\":\"https:\\\/\\\/lospoliticosveracruz.com\\\/#organization\"},\"image\":{\"@id\":\"https:\\\/\\\/lospoliticosveracruz.com\\\/?p=152826#primaryimage\"},\"thumbnailUrl\":\"https:\\\/\\\/lospoliticosveracruz.com\\\/wp-content\\\/uploads\\\/2025\\\/04\\\/Miguel-Valera.jpg\",\"keywords\":[\"Auditor\u00eda Superior de la Federaci\u00f3n\",\"Diana Adivedh Cruz Villegas\",\"Paquete Econ\u00f3mico 2026\",\"Poder Judicial Veracruz\",\"Roc\u00edo Nahle\"],\"articleSection\":[\"De Opini\u00f3n\"],\"inLanguage\":\"es\"},{\"@type\":\"WebPage\",\"@id\":\"https:\\\/\\\/lospoliticosveracruz.com\\\/?p=152826\",\"url\":\"https:\\\/\\\/lospoliticosveracruz.com\\\/?p=152826\",\"name\":\"BOMBAZO EN EL PODER JUDICIAL! - Los pol\u00edticos Veracruz\",\"isPartOf\":{\"@id\":\"https:\\\/\\\/lospoliticosveracruz.com\\\/#website\"},\"primaryImageOfPage\":{\"@id\":\"https:\\\/\\\/lospoliticosveracruz.com\\\/?p=152826#primaryimage\"},\"image\":{\"@id\":\"https:\\\/\\\/lospoliticosveracruz.com\\\/?p=152826#primaryimage\"},\"thumbnailUrl\":\"https:\\\/\\\/lospoliticosveracruz.com\\\/wp-content\\\/uploads\\\/2025\\\/04\\\/Miguel-Valera.jpg\",\"datePublished\":\"2025-09-19T03:42:52+00:00\",\"dateModified\":\"2025-09-19T03:49:12+00:00\",\"breadcrumb\":{\"@id\":\"https:\\\/\\\/lospoliticosveracruz.com\\\/?p=152826#breadcrumb\"},\"inLanguage\":\"es\",\"potentialAction\":[{\"@type\":\"ReadAction\",\"target\":[\"https:\\\/\\\/lospoliticosveracruz.com\\\/?p=152826\"]}]},{\"@type\":\"ImageObject\",\"inLanguage\":\"es\",\"@id\":\"https:\\\/\\\/lospoliticosveracruz.com\\\/?p=152826#primaryimage\",\"url\":\"https:\\\/\\\/lospoliticosveracruz.com\\\/wp-content\\\/uploads\\\/2025\\\/04\\\/Miguel-Valera.jpg\",\"contentUrl\":\"https:\\\/\\\/lospoliticosveracruz.com\\\/wp-content\\\/uploads\\\/2025\\\/04\\\/Miguel-Valera.jpg\",\"width\":1250,\"height\":667},{\"@type\":\"BreadcrumbList\",\"@id\":\"https:\\\/\\\/lospoliticosveracruz.com\\\/?p=152826#breadcrumb\",\"itemListElement\":[{\"@type\":\"ListItem\",\"position\":1,\"name\":\"Portada\",\"item\":\"https:\\\/\\\/lospoliticosveracruz.com\\\/\"},{\"@type\":\"ListItem\",\"position\":2,\"name\":\"BOMBAZO EN EL PODER JUDICIAL!\"}]},{\"@type\":\"WebSite\",\"@id\":\"https:\\\/\\\/lospoliticosveracruz.com\\\/#website\",\"url\":\"https:\\\/\\\/lospoliticosveracruz.com\\\/\",\"name\":\"Los pol\u00edticos Veracruz\",\"description\":\"\",\"publisher\":{\"@id\":\"https:\\\/\\\/lospoliticosveracruz.com\\\/#organization\"},\"potentialAction\":[{\"@type\":\"SearchAction\",\"target\":{\"@type\":\"EntryPoint\",\"urlTemplate\":\"https:\\\/\\\/lospoliticosveracruz.com\\\/?s={search_term_string}\"},\"query-input\":{\"@type\":\"PropertyValueSpecification\",\"valueRequired\":true,\"valueName\":\"search_term_string\"}}],\"inLanguage\":\"es\"},{\"@type\":\"Organization\",\"@id\":\"https:\\\/\\\/lospoliticosveracruz.com\\\/#organization\",\"name\":\"Los pol\u00edticos Veracruz\",\"url\":\"https:\\\/\\\/lospoliticosveracruz.com\\\/\",\"logo\":{\"@type\":\"ImageObject\",\"inLanguage\":\"es\",\"@id\":\"https:\\\/\\\/lospoliticosveracruz.com\\\/#\\\/schema\\\/logo\\\/image\\\/\",\"url\":\"https:\\\/\\\/lospoliticosveracruz.com\\\/wp-content\\\/uploads\\\/2025\\\/12\\\/Logo-Nuevo-LOS-POLITICOS-1.jpg\",\"contentUrl\":\"https:\\\/\\\/lospoliticosveracruz.com\\\/wp-content\\\/uploads\\\/2025\\\/12\\\/Logo-Nuevo-LOS-POLITICOS-1.jpg\",\"width\":260,\"height\":70,\"caption\":\"Los pol\u00edticos Veracruz\"},\"image\":{\"@id\":\"https:\\\/\\\/lospoliticosveracruz.com\\\/#\\\/schema\\\/logo\\\/image\\\/\"},\"sameAs\":[\"https:\\\/\\\/www.facebook.com\\\/people\\\/Notimemes-de-los-Polticos\\\/61565672886568\\\/\",\"https:\\\/\\\/x.com\\\/LosPoliticosVer\"]},{\"@type\":\"Person\",\"@id\":\"https:\\\/\\\/lospoliticosveracruz.com\\\/#\\\/schema\\\/person\\\/b8702bb0e538456e6efd07080bf2a4a2\",\"name\":\"Lo viste en Los Pol\u00edticos\",\"image\":{\"@type\":\"ImageObject\",\"inLanguage\":\"es\",\"@id\":\"https:\\\/\\\/secure.gravatar.com\\\/avatar\\\/3a8de04a2656d44082be478bd6c086daa447c4651605818287b9532d3d0bd435?s=96&d=mm&r=g\",\"url\":\"https:\\\/\\\/secure.gravatar.com\\\/avatar\\\/3a8de04a2656d44082be478bd6c086daa447c4651605818287b9532d3d0bd435?s=96&d=mm&r=g\",\"contentUrl\":\"https:\\\/\\\/secure.gravatar.com\\\/avatar\\\/3a8de04a2656d44082be478bd6c086daa447c4651605818287b9532d3d0bd435?s=96&d=mm&r=g\",\"caption\":\"Lo viste en Los Pol\u00edticos\"},\"url\":\"https:\\\/\\\/lospoliticosveracruz.com\\\/?author=2\"}]}<\/script>\n<!-- \/ Yoast SEO plugin. -->","yoast_head_json":{"title":"BOMBAZO EN EL PODER JUDICIAL! - Los pol\u00edticos Veracruz","robots":{"index":"index","follow":"follow","max-snippet":"max-snippet:-1","max-image-preview":"max-image-preview:large","max-video-preview":"max-video-preview:-1"},"canonical":"https:\/\/lospoliticosveracruz.com\/?p=152826","og_locale":"es_ES","og_type":"article","og_title":"BOMBAZO EN EL PODER JUDICIAL! - Los pol\u00edticos Veracruz","og_description":"Miguel ValeraContrase\u00f1as Desde tiempos inmemoriales, el refranero popular ha acu\u00f1ado una frase contundente: \u201cQuien traiciona una vez, traiciona siempre\u201d. Pasa en la pol\u00edtica y pasa en la vida en general. La expresi\u00f3n de marras; es decir, conocida sobradamente, se podr\u00eda aplicar muy bien a Diana Adivedh Cruz Villegas, la nueva integrante del \u00d3rgano de Administraci\u00f3n [&hellip;]","og_url":"https:\/\/lospoliticosveracruz.com\/?p=152826","og_site_name":"Los pol\u00edticos Veracruz","article_publisher":"https:\/\/www.facebook.com\/people\/Notimemes-de-los-Polticos\/61565672886568\/","article_published_time":"2025-09-19T03:42:52+00:00","article_modified_time":"2025-09-19T03:49:12+00:00","og_image":[{"width":1250,"height":667,"url":"https:\/\/lospoliticosveracruz.com\/wp-content\/uploads\/2025\/04\/Miguel-Valera.jpg","type":"image\/jpeg"}],"author":"Lo viste en Los Pol\u00edticos","twitter_card":"summary_large_image","twitter_creator":"@LosPoliticosVer","twitter_site":"@LosPoliticosVer","twitter_misc":{"Escrito por":"Lo viste en Los Pol\u00edticos","Tiempo de lectura":"4 minutos"},"schema":{"@context":"https:\/\/schema.org","@graph":[{"@type":"Article","@id":"https:\/\/lospoliticosveracruz.com\/?p=152826#article","isPartOf":{"@id":"https:\/\/lospoliticosveracruz.com\/?p=152826"},"author":{"name":"Lo viste en Los Pol\u00edticos","@id":"https:\/\/lospoliticosveracruz.com\/#\/schema\/person\/b8702bb0e538456e6efd07080bf2a4a2"},"headline":"BOMBAZO EN EL PODER JUDICIAL!","datePublished":"2025-09-19T03:42:52+00:00","dateModified":"2025-09-19T03:49:12+00:00","mainEntityOfPage":{"@id":"https:\/\/lospoliticosveracruz.com\/?p=152826"},"wordCount":800,"publisher":{"@id":"https:\/\/lospoliticosveracruz.com\/#organization"},"image":{"@id":"https:\/\/lospoliticosveracruz.com\/?p=152826#primaryimage"},"thumbnailUrl":"https:\/\/lospoliticosveracruz.com\/wp-content\/uploads\/2025\/04\/Miguel-Valera.jpg","keywords":["Auditor\u00eda Superior de la Federaci\u00f3n","Diana Adivedh Cruz Villegas","Paquete Econ\u00f3mico 2026","Poder Judicial Veracruz","Roc\u00edo Nahle"],"articleSection":["De Opini\u00f3n"],"inLanguage":"es"},{"@type":"WebPage","@id":"https:\/\/lospoliticosveracruz.com\/?p=152826","url":"https:\/\/lospoliticosveracruz.com\/?p=152826","name":"BOMBAZO EN EL PODER JUDICIAL! - Los pol\u00edticos Veracruz","isPartOf":{"@id":"https:\/\/lospoliticosveracruz.com\/#website"},"primaryImageOfPage":{"@id":"https:\/\/lospoliticosveracruz.com\/?p=152826#primaryimage"},"image":{"@id":"https:\/\/lospoliticosveracruz.com\/?p=152826#primaryimage"},"thumbnailUrl":"https:\/\/lospoliticosveracruz.com\/wp-content\/uploads\/2025\/04\/Miguel-Valera.jpg","datePublished":"2025-09-19T03:42:52+00:00","dateModified":"2025-09-19T03:49:12+00:00","breadcrumb":{"@id":"https:\/\/lospoliticosveracruz.com\/?p=152826#breadcrumb"},"inLanguage":"es","potentialAction":[{"@type":"ReadAction","target":["https:\/\/lospoliticosveracruz.com\/?p=152826"]}]},{"@type":"ImageObject","inLanguage":"es","@id":"https:\/\/lospoliticosveracruz.com\/?p=152826#primaryimage","url":"https:\/\/lospoliticosveracruz.com\/wp-content\/uploads\/2025\/04\/Miguel-Valera.jpg","contentUrl":"https:\/\/lospoliticosveracruz.com\/wp-content\/uploads\/2025\/04\/Miguel-Valera.jpg","width":1250,"height":667},{"@type":"BreadcrumbList","@id":"https:\/\/lospoliticosveracruz.com\/?p=152826#breadcrumb","itemListElement":[{"@type":"ListItem","position":1,"name":"Portada","item":"https:\/\/lospoliticosveracruz.com\/"},{"@type":"ListItem","position":2,"name":"BOMBAZO EN EL PODER JUDICIAL!"}]},{"@type":"WebSite","@id":"https:\/\/lospoliticosveracruz.com\/#website","url":"https:\/\/lospoliticosveracruz.com\/","name":"Los pol\u00edticos Veracruz","description":"","publisher":{"@id":"https:\/\/lospoliticosveracruz.com\/#organization"},"potentialAction":[{"@type":"SearchAction","target":{"@type":"EntryPoint","urlTemplate":"https:\/\/lospoliticosveracruz.com\/?s={search_term_string}"},"query-input":{"@type":"PropertyValueSpecification","valueRequired":true,"valueName":"search_term_string"}}],"inLanguage":"es"},{"@type":"Organization","@id":"https:\/\/lospoliticosveracruz.com\/#organization","name":"Los pol\u00edticos Veracruz","url":"https:\/\/lospoliticosveracruz.com\/","logo":{"@type":"ImageObject","inLanguage":"es","@id":"https:\/\/lospoliticosveracruz.com\/#\/schema\/logo\/image\/","url":"https:\/\/lospoliticosveracruz.com\/wp-content\/uploads\/2025\/12\/Logo-Nuevo-LOS-POLITICOS-1.jpg","contentUrl":"https:\/\/lospoliticosveracruz.com\/wp-content\/uploads\/2025\/12\/Logo-Nuevo-LOS-POLITICOS-1.jpg","width":260,"height":70,"caption":"Los pol\u00edticos Veracruz"},"image":{"@id":"https:\/\/lospoliticosveracruz.com\/#\/schema\/logo\/image\/"},"sameAs":["https:\/\/www.facebook.com\/people\/Notimemes-de-los-Polticos\/61565672886568\/","https:\/\/x.com\/LosPoliticosVer"]},{"@type":"Person","@id":"https:\/\/lospoliticosveracruz.com\/#\/schema\/person\/b8702bb0e538456e6efd07080bf2a4a2","name":"Lo viste en Los Pol\u00edticos","image":{"@type":"ImageObject","inLanguage":"es","@id":"https:\/\/secure.gravatar.com\/avatar\/3a8de04a2656d44082be478bd6c086daa447c4651605818287b9532d3d0bd435?s=96&d=mm&r=g","url":"https:\/\/secure.gravatar.com\/avatar\/3a8de04a2656d44082be478bd6c086daa447c4651605818287b9532d3d0bd435?s=96&d=mm&r=g","contentUrl":"https:\/\/secure.gravatar.com\/avatar\/3a8de04a2656d44082be478bd6c086daa447c4651605818287b9532d3d0bd435?s=96&d=mm&r=g","caption":"Lo viste en Los Pol\u00edticos"},"url":"https:\/\/lospoliticosveracruz.com\/?author=2"}]}},"_links":{"self":[{"href":"https:\/\/lospoliticosveracruz.com\/index.php?rest_route=\/wp\/v2\/posts\/152826","targetHints":{"allow":["GET"]}}],"collection":[{"href":"https:\/\/lospoliticosveracruz.com\/index.php?rest_route=\/wp\/v2\/posts"}],"about":[{"href":"https:\/\/lospoliticosveracruz.com\/index.php?rest_route=\/wp\/v2\/types\/post"}],"author":[{"embeddable":true,"href":"https:\/\/lospoliticosveracruz.com\/index.php?rest_route=\/wp\/v2\/users\/2"}],"replies":[{"embeddable":true,"href":"https:\/\/lospoliticosveracruz.com\/index.php?rest_route=%2Fwp%2Fv2%2Fcomments&post=152826"}],"version-history":[{"count":2,"href":"https:\/\/lospoliticosveracruz.com\/index.php?rest_route=\/wp\/v2\/posts\/152826\/revisions"}],"predecessor-version":[{"id":152829,"href":"https:\/\/lospoliticosveracruz.com\/index.php?rest_route=\/wp\/v2\/posts\/152826\/revisions\/152829"}],"wp:featuredmedia":[{"embeddable":true,"href":"https:\/\/lospoliticosveracruz.com\/index.php?rest_route=\/wp\/v2\/media\/141429"}],"wp:attachment":[{"href":"https:\/\/lospoliticosveracruz.com\/index.php?rest_route=%2Fwp%2Fv2%2Fmedia&parent=152826"}],"wp:term":[{"taxonomy":"category","embeddable":true,"href":"https:\/\/lospoliticosveracruz.com\/index.php?rest_route=%2Fwp%2Fv2%2Fcategories&post=152826"},{"taxonomy":"post_tag","embeddable":true,"href":"https:\/\/lospoliticosveracruz.com\/index.php?rest_route=%2Fwp%2Fv2%2Ftags&post=152826"}],"curies":[{"name":"wp","href":"https:\/\/api.w.org\/{rel}","templated":true}]}}