{"id":152830,"date":"2025-09-19T00:08:09","date_gmt":"2025-09-19T05:08:09","guid":{"rendered":"https:\/\/lospoliticosveracruz.com.mx\/?p=152830"},"modified":"2025-09-19T00:08:35","modified_gmt":"2025-09-19T05:08:35","slug":"septiembre","status":"publish","type":"post","link":"https:\/\/lospoliticosveracruz.com\/?p=152830","title":{"rendered":"SEPTIEMBRE"},"content":{"rendered":"\n\n\n<p><strong>Guadalupe H. Mar<\/strong><\/p>\n\n\n\n<p><em>Mira Pol\u00edtica<\/em> <\/p>\n\n\n\n<p><strong>LA HISTORIA SE REPITE<\/strong>&nbsp;\u2026&nbsp;A finales de julio pasado, desde esa entelequia llamada Gobierno del estado de Veracruz, se difundi\u00f3 profusamente&nbsp;que&nbsp;en el caso de los feminicidios en la entidad veracruzana, \u201cla reducci\u00f3n ha sido hist\u00f3rica, con un 73 por ciento menos frente a 2019\u201d, a\u00f1o en que&nbsp;por cierto,&nbsp;el mandatario estatal era el ingeniero mec\u00e1nico electricista,&nbsp;Cuitl\u00e1huac Garc\u00eda Jim\u00e9nez.<\/p>\n\n\n\n<p><br><br>Tal\u00a0aseveraci\u00f3n en el sentido de que pr\u00e1cticamente se estaban erradicando los feminicidios en el estado de Veracruz, se vino abajo esta misma semana,\u00a0porque cuatro mujeres fueron asesinadas en las primeras horas del martes 16 de septiembre, en municipios del norte del estado, precisamente en el D\u00eda de la Independencia de M\u00e9xico.<\/p>\n\n\n\n\n\n<p>Los asesinatos de estas mujeres se cometieron en sus domicilios de los municipios de Papantla y&nbsp;Coatzintla.<\/p>\n\n\n\n<p>Como dato curioso y digno de&nbsp;an\u00e1lisis amableslectoras y lectores, en los d\u00edas del 16 al 19 de septiembre del a\u00f1o pasado, o sea el 2024, cuatro mujeres tambi\u00e9n fueron asesinadas en diferentes&nbsp;municipios,&nbsp;pero del sur de la entidad.<\/p>\n\n\n\n<p>Los cuatro feminicidios de hace un a\u00f1o exactamente, se sucedieron en Soconusco, Minatitl\u00e1n y Acayucan.<\/p>\n\n\n\n<p>Se ha insistido en que las coincidencias no existen, que todo es causal, lo cual debe tomarse en cuenta para analizar el hecho de&nbsp;que,&nbsp;en los dos \u00faltimos septiembres, el del 2024 y ahora el 2025, en los d\u00edas patrios han sucedido los asesinatos del mismo n\u00famero de mujeres&nbsp;en sus domicilios&nbsp;aqu\u00ed&nbsp;en la entidad veracruzana.<\/p>\n\n\n\n<p>Las del a\u00f1o pasado en el sur de la entidad y las de este 2025 en el norte del estado.<\/p>\n\n\n\n<p>Algo&nbsp;est\u00e1&nbsp;sucediendo y debe analizarse, adem\u00e1s de por supuesto, investigarse.<\/p>\n\n\n\n<p>Pero volviendo al tema de los feminicidios, hace unos d\u00edas dimos a conocer en este espacio que el Observatorio Universitario de Violencias contra las Mujeres de la Universidad Veracruzana @OUVmujeres, que coordina la doctora Estela Casados Gonz\u00e1lez, identific\u00f3 con sus&nbsp;monitoreos&nbsp;a medios de comunicaci\u00f3n, que de enero a julio de este a\u00f1o, o sea en los primeros siete meses de este 2025, se cometieron en la entidad veracruzana 37 feminicidios, el mismo n\u00famero que en similar periodo de 2024, cuando el mandatario estatal era el ingeniero mec\u00e1nico electricista Cuitl\u00e1huac Garc\u00eda Jim\u00e9nez.<\/p>\n\n\n\n<p>Dijimos que ello implica que, en cuanto a feminicidios, el estado de Veracruz sigue manteniendo esta grave tendencia, esto con base en las cifras dadas a conocer por el @OUVmujeres,&nbsp;de la Universidad Veracruzana.<\/p>\n\n\n\n<p>El hecho de que en los primeros siete meses de este a\u00f1o se hayan identificado en el estado de Veracruz el mismo n\u00famero de feminicidios que en&nbsp;similar&nbsp;periodo del a\u00f1o pasado, en dos administraciones estatales distintas, indica que algo no se est\u00e1 haciendo bien, que la estrategia para enfrentar este delito de alto impacto no ha funcionado, si es que la hay,<\/p>\n\n\n\n<p>Mencionamos que la constante en este caso, es que la Fiscal\u00eda General del Estado de Veracruz (Fgever), sigue estando bajo la tutela de la abogada Ver\u00f3nica Hern\u00e1ndez&nbsp;Giad\u00e1ns, que es la encargada de procurar justicia para los veracruzanos.<\/p>\n\n\n\n<p>A ella le corresponde investigar, dar con los responsables de estos feminicidios, armar jur\u00eddicamente los casos y ponerlos&nbsp;a disposici\u00f3n de un juez para que dicte sentencia.<\/p>\n\n\n\n<p>Sin embargo, la impunidad sigue siendo tambi\u00e9n otra constante, pues son escasos los \u00e9xitos detectivescos que permitan la identificaci\u00f3n y arresto de los&nbsp;feminicidas.<\/p>\n\n\n\n<p>Amables lectoras y lectores, le restan poquito m\u00e1s de&nbsp;tres&nbsp;meses a este 2025 y si la tendencia en cuanto a este delito se mantiene en el estado de Veracruz, podr\u00edamos cerrar el a\u00f1o con la misma cifra de feminicidios que en el 2024, cuando el Observatorio Universitario de Violencias contra las Mujeres de la Universidad Veracruzana identific\u00f3&nbsp;que&nbsp;de enero a diciembre&nbsp;se hab\u00edan cometido 64 de estos delitos de alto impacto.<\/p>\n\n\n\n<p><strong>RECONTRAPORCIERTO<\/strong>&nbsp;\u2026 Sergio T\u00e9llez Galv\u00e1n, presidente de la Coalici\u00f3n de Pensionistas Independientes del Estado de Veracruz (Copipev), se\u00f1al\u00f3 a la Fiscal\u00eda General del Estado de Veracruz, de haber permitido que prescribiera la denuncia que desde hace nueve a\u00f1os se present\u00f3 en contra de quienes se birlaron m\u00e1s de dos mil millones de pesos de la reserva del Instituto de Pensiones del Estado (IPE).<\/p>\n\n\n\n<p>Tajante T\u00e9llez Galv\u00e1n se\u00f1al\u00f3 a la&nbsp;Fgever&nbsp;de dejar que corriera el tiempo para que no hubiera responsables de ese saqueo.&nbsp;Impunidad pura.&nbsp;<\/p>\n\n\n\n<p><strong>D\u00cdGALO SIN MIEDO<\/strong>&nbsp;\u2026 Al correo electr\u00f3nico<a href=\"mailto:guadalupehmar@gmail.com\">guadalupehmar@gmail.com<\/a><\/p>\n","protected":false},"excerpt":{"rendered":"<p>Guadalupe H. Mar Mira Pol\u00edtica LA HISTORIA SE REPITE&nbsp;\u2026&nbsp;A finales de julio pasado, desde esa entelequia llamada Gobierno del estado de Veracruz, se difundi\u00f3 profusamente&nbsp;que&nbsp;en el caso de los feminicidios en la entidad veracruzana, \u201cla reducci\u00f3n ha sido hist\u00f3rica, con un 73 por ciento menos frente a 2019\u201d, a\u00f1o en que&nbsp;por cierto,&nbsp;el mandatario estatal era [&hellip;]<\/p>\n","protected":false},"author":2,"featured_media":141398,"comment_status":"closed","ping_status":"closed","sticky":false,"template":"","format":"standard","meta":{"tdm_status":"","tdm_grid_status":"","footnotes":""},"categories":[70],"tags":[826],"class_list":{"0":"post-152830","1":"post","2":"type-post","3":"status-publish","4":"format-standard","5":"has-post-thumbnail","7":"category-de-opinion","8":"tag-feminicidios"},"yoast_head":"<!-- This site is optimized with the Yoast SEO plugin v27.4 - https:\/\/yoast.com\/product\/yoast-seo-wordpress\/ -->\n<title>SEPTIEMBRE - Los pol\u00edticos Veracruz<\/title>\n<meta name=\"robots\" content=\"index, follow, max-snippet:-1, max-image-preview:large, max-video-preview:-1\" \/>\n<link rel=\"canonical\" href=\"https:\/\/lospoliticosveracruz.com\/?p=152830\" \/>\n<meta property=\"og:locale\" content=\"es_ES\" \/>\n<meta property=\"og:type\" content=\"article\" \/>\n<meta property=\"og:title\" content=\"SEPTIEMBRE - Los pol\u00edticos Veracruz\" \/>\n<meta property=\"og:description\" content=\"Guadalupe H. Mar Mira Pol\u00edtica LA HISTORIA SE REPITE&nbsp;\u2026&nbsp;A finales de julio pasado, desde esa entelequia llamada Gobierno del estado de Veracruz, se difundi\u00f3 profusamente&nbsp;que&nbsp;en el caso de los feminicidios en la entidad veracruzana, \u201cla reducci\u00f3n ha sido hist\u00f3rica, con un 73 por ciento menos frente a 2019\u201d, a\u00f1o en que&nbsp;por cierto,&nbsp;el mandatario estatal era [&hellip;]\" \/>\n<meta property=\"og:url\" content=\"https:\/\/lospoliticosveracruz.com\/?p=152830\" \/>\n<meta property=\"og:site_name\" content=\"Los pol\u00edticos Veracruz\" \/>\n<meta property=\"article:publisher\" content=\"https:\/\/www.facebook.com\/people\/Notimemes-de-los-Polticos\/61565672886568\/\" \/>\n<meta property=\"article:published_time\" content=\"2025-09-19T05:08:09+00:00\" \/>\n<meta property=\"article:modified_time\" content=\"2025-09-19T05:08:35+00:00\" \/>\n<meta property=\"og:image\" content=\"https:\/\/lospoliticosveracruz.com\/wp-content\/uploads\/2025\/04\/Lupita-H-Mar.jpg\" \/>\n\t<meta property=\"og:image:width\" content=\"1250\" \/>\n\t<meta property=\"og:image:height\" content=\"667\" \/>\n\t<meta property=\"og:image:type\" content=\"image\/jpeg\" \/>\n<meta name=\"author\" content=\"Lo viste en Los Pol\u00edticos\" \/>\n<meta name=\"twitter:card\" content=\"summary_large_image\" \/>\n<meta name=\"twitter:creator\" content=\"@LosPoliticosVer\" \/>\n<meta name=\"twitter:site\" content=\"@LosPoliticosVer\" \/>\n<meta name=\"twitter:label1\" content=\"Escrito por\" \/>\n\t<meta name=\"twitter:data1\" content=\"Lo viste en Los Pol\u00edticos\" \/>\n\t<meta name=\"twitter:label2\" content=\"Tiempo de lectura\" \/>\n\t<meta name=\"twitter:data2\" content=\"4 minutos\" \/>\n<script type=\"application\/ld+json\" class=\"yoast-schema-graph\">{\"@context\":\"https:\\\/\\\/schema.org\",\"@graph\":[{\"@type\":\"Article\",\"@id\":\"https:\\\/\\\/lospoliticosveracruz.com\\\/?p=152830#article\",\"isPartOf\":{\"@id\":\"https:\\\/\\\/lospoliticosveracruz.com\\\/?p=152830\"},\"author\":{\"name\":\"Lo viste en Los Pol\u00edticos\",\"@id\":\"https:\\\/\\\/lospoliticosveracruz.com\\\/#\\\/schema\\\/person\\\/b8702bb0e538456e6efd07080bf2a4a2\"},\"headline\":\"SEPTIEMBRE\",\"datePublished\":\"2025-09-19T05:08:09+00:00\",\"dateModified\":\"2025-09-19T05:08:35+00:00\",\"mainEntityOfPage\":{\"@id\":\"https:\\\/\\\/lospoliticosveracruz.com\\\/?p=152830\"},\"wordCount\":806,\"publisher\":{\"@id\":\"https:\\\/\\\/lospoliticosveracruz.com\\\/#organization\"},\"image\":{\"@id\":\"https:\\\/\\\/lospoliticosveracruz.com\\\/?p=152830#primaryimage\"},\"thumbnailUrl\":\"https:\\\/\\\/lospoliticosveracruz.com\\\/wp-content\\\/uploads\\\/2025\\\/04\\\/Lupita-H-Mar.jpg\",\"keywords\":[\"feminicidios\"],\"articleSection\":[\"De Opini\u00f3n\"],\"inLanguage\":\"es\"},{\"@type\":\"WebPage\",\"@id\":\"https:\\\/\\\/lospoliticosveracruz.com\\\/?p=152830\",\"url\":\"https:\\\/\\\/lospoliticosveracruz.com\\\/?p=152830\",\"name\":\"SEPTIEMBRE - Los pol\u00edticos Veracruz\",\"isPartOf\":{\"@id\":\"https:\\\/\\\/lospoliticosveracruz.com\\\/#website\"},\"primaryImageOfPage\":{\"@id\":\"https:\\\/\\\/lospoliticosveracruz.com\\\/?p=152830#primaryimage\"},\"image\":{\"@id\":\"https:\\\/\\\/lospoliticosveracruz.com\\\/?p=152830#primaryimage\"},\"thumbnailUrl\":\"https:\\\/\\\/lospoliticosveracruz.com\\\/wp-content\\\/uploads\\\/2025\\\/04\\\/Lupita-H-Mar.jpg\",\"datePublished\":\"2025-09-19T05:08:09+00:00\",\"dateModified\":\"2025-09-19T05:08:35+00:00\",\"breadcrumb\":{\"@id\":\"https:\\\/\\\/lospoliticosveracruz.com\\\/?p=152830#breadcrumb\"},\"inLanguage\":\"es\",\"potentialAction\":[{\"@type\":\"ReadAction\",\"target\":[\"https:\\\/\\\/lospoliticosveracruz.com\\\/?p=152830\"]}]},{\"@type\":\"ImageObject\",\"inLanguage\":\"es\",\"@id\":\"https:\\\/\\\/lospoliticosveracruz.com\\\/?p=152830#primaryimage\",\"url\":\"https:\\\/\\\/lospoliticosveracruz.com\\\/wp-content\\\/uploads\\\/2025\\\/04\\\/Lupita-H-Mar.jpg\",\"contentUrl\":\"https:\\\/\\\/lospoliticosveracruz.com\\\/wp-content\\\/uploads\\\/2025\\\/04\\\/Lupita-H-Mar.jpg\",\"width\":1250,\"height\":667},{\"@type\":\"BreadcrumbList\",\"@id\":\"https:\\\/\\\/lospoliticosveracruz.com\\\/?p=152830#breadcrumb\",\"itemListElement\":[{\"@type\":\"ListItem\",\"position\":1,\"name\":\"Portada\",\"item\":\"https:\\\/\\\/lospoliticosveracruz.com\\\/\"},{\"@type\":\"ListItem\",\"position\":2,\"name\":\"SEPTIEMBRE\"}]},{\"@type\":\"WebSite\",\"@id\":\"https:\\\/\\\/lospoliticosveracruz.com\\\/#website\",\"url\":\"https:\\\/\\\/lospoliticosveracruz.com\\\/\",\"name\":\"Los pol\u00edticos Veracruz\",\"description\":\"\",\"publisher\":{\"@id\":\"https:\\\/\\\/lospoliticosveracruz.com\\\/#organization\"},\"potentialAction\":[{\"@type\":\"SearchAction\",\"target\":{\"@type\":\"EntryPoint\",\"urlTemplate\":\"https:\\\/\\\/lospoliticosveracruz.com\\\/?s={search_term_string}\"},\"query-input\":{\"@type\":\"PropertyValueSpecification\",\"valueRequired\":true,\"valueName\":\"search_term_string\"}}],\"inLanguage\":\"es\"},{\"@type\":\"Organization\",\"@id\":\"https:\\\/\\\/lospoliticosveracruz.com\\\/#organization\",\"name\":\"Los pol\u00edticos Veracruz\",\"url\":\"https:\\\/\\\/lospoliticosveracruz.com\\\/\",\"logo\":{\"@type\":\"ImageObject\",\"inLanguage\":\"es\",\"@id\":\"https:\\\/\\\/lospoliticosveracruz.com\\\/#\\\/schema\\\/logo\\\/image\\\/\",\"url\":\"https:\\\/\\\/lospoliticosveracruz.com\\\/wp-content\\\/uploads\\\/2025\\\/12\\\/Logo-Nuevo-LOS-POLITICOS-1.jpg\",\"contentUrl\":\"https:\\\/\\\/lospoliticosveracruz.com\\\/wp-content\\\/uploads\\\/2025\\\/12\\\/Logo-Nuevo-LOS-POLITICOS-1.jpg\",\"width\":260,\"height\":70,\"caption\":\"Los pol\u00edticos Veracruz\"},\"image\":{\"@id\":\"https:\\\/\\\/lospoliticosveracruz.com\\\/#\\\/schema\\\/logo\\\/image\\\/\"},\"sameAs\":[\"https:\\\/\\\/www.facebook.com\\\/people\\\/Notimemes-de-los-Polticos\\\/61565672886568\\\/\",\"https:\\\/\\\/x.com\\\/LosPoliticosVer\"]},{\"@type\":\"Person\",\"@id\":\"https:\\\/\\\/lospoliticosveracruz.com\\\/#\\\/schema\\\/person\\\/b8702bb0e538456e6efd07080bf2a4a2\",\"name\":\"Lo viste en Los Pol\u00edticos\",\"image\":{\"@type\":\"ImageObject\",\"inLanguage\":\"es\",\"@id\":\"https:\\\/\\\/secure.gravatar.com\\\/avatar\\\/3a8de04a2656d44082be478bd6c086daa447c4651605818287b9532d3d0bd435?s=96&d=mm&r=g\",\"url\":\"https:\\\/\\\/secure.gravatar.com\\\/avatar\\\/3a8de04a2656d44082be478bd6c086daa447c4651605818287b9532d3d0bd435?s=96&d=mm&r=g\",\"contentUrl\":\"https:\\\/\\\/secure.gravatar.com\\\/avatar\\\/3a8de04a2656d44082be478bd6c086daa447c4651605818287b9532d3d0bd435?s=96&d=mm&r=g\",\"caption\":\"Lo viste en Los Pol\u00edticos\"},\"url\":\"https:\\\/\\\/lospoliticosveracruz.com\\\/?author=2\"}]}<\/script>\n<!-- \/ Yoast SEO plugin. -->","yoast_head_json":{"title":"SEPTIEMBRE - Los pol\u00edticos Veracruz","robots":{"index":"index","follow":"follow","max-snippet":"max-snippet:-1","max-image-preview":"max-image-preview:large","max-video-preview":"max-video-preview:-1"},"canonical":"https:\/\/lospoliticosveracruz.com\/?p=152830","og_locale":"es_ES","og_type":"article","og_title":"SEPTIEMBRE - Los pol\u00edticos Veracruz","og_description":"Guadalupe H. Mar Mira Pol\u00edtica LA HISTORIA SE REPITE&nbsp;\u2026&nbsp;A finales de julio pasado, desde esa entelequia llamada Gobierno del estado de Veracruz, se difundi\u00f3 profusamente&nbsp;que&nbsp;en el caso de los feminicidios en la entidad veracruzana, \u201cla reducci\u00f3n ha sido hist\u00f3rica, con un 73 por ciento menos frente a 2019\u201d, a\u00f1o en que&nbsp;por cierto,&nbsp;el mandatario estatal era [&hellip;]","og_url":"https:\/\/lospoliticosveracruz.com\/?p=152830","og_site_name":"Los pol\u00edticos Veracruz","article_publisher":"https:\/\/www.facebook.com\/people\/Notimemes-de-los-Polticos\/61565672886568\/","article_published_time":"2025-09-19T05:08:09+00:00","article_modified_time":"2025-09-19T05:08:35+00:00","og_image":[{"width":1250,"height":667,"url":"https:\/\/lospoliticosveracruz.com\/wp-content\/uploads\/2025\/04\/Lupita-H-Mar.jpg","type":"image\/jpeg"}],"author":"Lo viste en Los Pol\u00edticos","twitter_card":"summary_large_image","twitter_creator":"@LosPoliticosVer","twitter_site":"@LosPoliticosVer","twitter_misc":{"Escrito por":"Lo viste en Los Pol\u00edticos","Tiempo de lectura":"4 minutos"},"schema":{"@context":"https:\/\/schema.org","@graph":[{"@type":"Article","@id":"https:\/\/lospoliticosveracruz.com\/?p=152830#article","isPartOf":{"@id":"https:\/\/lospoliticosveracruz.com\/?p=152830"},"author":{"name":"Lo viste en Los Pol\u00edticos","@id":"https:\/\/lospoliticosveracruz.com\/#\/schema\/person\/b8702bb0e538456e6efd07080bf2a4a2"},"headline":"SEPTIEMBRE","datePublished":"2025-09-19T05:08:09+00:00","dateModified":"2025-09-19T05:08:35+00:00","mainEntityOfPage":{"@id":"https:\/\/lospoliticosveracruz.com\/?p=152830"},"wordCount":806,"publisher":{"@id":"https:\/\/lospoliticosveracruz.com\/#organization"},"image":{"@id":"https:\/\/lospoliticosveracruz.com\/?p=152830#primaryimage"},"thumbnailUrl":"https:\/\/lospoliticosveracruz.com\/wp-content\/uploads\/2025\/04\/Lupita-H-Mar.jpg","keywords":["feminicidios"],"articleSection":["De Opini\u00f3n"],"inLanguage":"es"},{"@type":"WebPage","@id":"https:\/\/lospoliticosveracruz.com\/?p=152830","url":"https:\/\/lospoliticosveracruz.com\/?p=152830","name":"SEPTIEMBRE - Los pol\u00edticos Veracruz","isPartOf":{"@id":"https:\/\/lospoliticosveracruz.com\/#website"},"primaryImageOfPage":{"@id":"https:\/\/lospoliticosveracruz.com\/?p=152830#primaryimage"},"image":{"@id":"https:\/\/lospoliticosveracruz.com\/?p=152830#primaryimage"},"thumbnailUrl":"https:\/\/lospoliticosveracruz.com\/wp-content\/uploads\/2025\/04\/Lupita-H-Mar.jpg","datePublished":"2025-09-19T05:08:09+00:00","dateModified":"2025-09-19T05:08:35+00:00","breadcrumb":{"@id":"https:\/\/lospoliticosveracruz.com\/?p=152830#breadcrumb"},"inLanguage":"es","potentialAction":[{"@type":"ReadAction","target":["https:\/\/lospoliticosveracruz.com\/?p=152830"]}]},{"@type":"ImageObject","inLanguage":"es","@id":"https:\/\/lospoliticosveracruz.com\/?p=152830#primaryimage","url":"https:\/\/lospoliticosveracruz.com\/wp-content\/uploads\/2025\/04\/Lupita-H-Mar.jpg","contentUrl":"https:\/\/lospoliticosveracruz.com\/wp-content\/uploads\/2025\/04\/Lupita-H-Mar.jpg","width":1250,"height":667},{"@type":"BreadcrumbList","@id":"https:\/\/lospoliticosveracruz.com\/?p=152830#breadcrumb","itemListElement":[{"@type":"ListItem","position":1,"name":"Portada","item":"https:\/\/lospoliticosveracruz.com\/"},{"@type":"ListItem","position":2,"name":"SEPTIEMBRE"}]},{"@type":"WebSite","@id":"https:\/\/lospoliticosveracruz.com\/#website","url":"https:\/\/lospoliticosveracruz.com\/","name":"Los pol\u00edticos Veracruz","description":"","publisher":{"@id":"https:\/\/lospoliticosveracruz.com\/#organization"},"potentialAction":[{"@type":"SearchAction","target":{"@type":"EntryPoint","urlTemplate":"https:\/\/lospoliticosveracruz.com\/?s={search_term_string}"},"query-input":{"@type":"PropertyValueSpecification","valueRequired":true,"valueName":"search_term_string"}}],"inLanguage":"es"},{"@type":"Organization","@id":"https:\/\/lospoliticosveracruz.com\/#organization","name":"Los pol\u00edticos Veracruz","url":"https:\/\/lospoliticosveracruz.com\/","logo":{"@type":"ImageObject","inLanguage":"es","@id":"https:\/\/lospoliticosveracruz.com\/#\/schema\/logo\/image\/","url":"https:\/\/lospoliticosveracruz.com\/wp-content\/uploads\/2025\/12\/Logo-Nuevo-LOS-POLITICOS-1.jpg","contentUrl":"https:\/\/lospoliticosveracruz.com\/wp-content\/uploads\/2025\/12\/Logo-Nuevo-LOS-POLITICOS-1.jpg","width":260,"height":70,"caption":"Los pol\u00edticos Veracruz"},"image":{"@id":"https:\/\/lospoliticosveracruz.com\/#\/schema\/logo\/image\/"},"sameAs":["https:\/\/www.facebook.com\/people\/Notimemes-de-los-Polticos\/61565672886568\/","https:\/\/x.com\/LosPoliticosVer"]},{"@type":"Person","@id":"https:\/\/lospoliticosveracruz.com\/#\/schema\/person\/b8702bb0e538456e6efd07080bf2a4a2","name":"Lo viste en Los Pol\u00edticos","image":{"@type":"ImageObject","inLanguage":"es","@id":"https:\/\/secure.gravatar.com\/avatar\/3a8de04a2656d44082be478bd6c086daa447c4651605818287b9532d3d0bd435?s=96&d=mm&r=g","url":"https:\/\/secure.gravatar.com\/avatar\/3a8de04a2656d44082be478bd6c086daa447c4651605818287b9532d3d0bd435?s=96&d=mm&r=g","contentUrl":"https:\/\/secure.gravatar.com\/avatar\/3a8de04a2656d44082be478bd6c086daa447c4651605818287b9532d3d0bd435?s=96&d=mm&r=g","caption":"Lo viste en Los Pol\u00edticos"},"url":"https:\/\/lospoliticosveracruz.com\/?author=2"}]}},"_links":{"self":[{"href":"https:\/\/lospoliticosveracruz.com\/index.php?rest_route=\/wp\/v2\/posts\/152830","targetHints":{"allow":["GET"]}}],"collection":[{"href":"https:\/\/lospoliticosveracruz.com\/index.php?rest_route=\/wp\/v2\/posts"}],"about":[{"href":"https:\/\/lospoliticosveracruz.com\/index.php?rest_route=\/wp\/v2\/types\/post"}],"author":[{"embeddable":true,"href":"https:\/\/lospoliticosveracruz.com\/index.php?rest_route=\/wp\/v2\/users\/2"}],"replies":[{"embeddable":true,"href":"https:\/\/lospoliticosveracruz.com\/index.php?rest_route=%2Fwp%2Fv2%2Fcomments&post=152830"}],"version-history":[{"count":2,"href":"https:\/\/lospoliticosveracruz.com\/index.php?rest_route=\/wp\/v2\/posts\/152830\/revisions"}],"predecessor-version":[{"id":152832,"href":"https:\/\/lospoliticosveracruz.com\/index.php?rest_route=\/wp\/v2\/posts\/152830\/revisions\/152832"}],"wp:featuredmedia":[{"embeddable":true,"href":"https:\/\/lospoliticosveracruz.com\/index.php?rest_route=\/wp\/v2\/media\/141398"}],"wp:attachment":[{"href":"https:\/\/lospoliticosveracruz.com\/index.php?rest_route=%2Fwp%2Fv2%2Fmedia&parent=152830"}],"wp:term":[{"taxonomy":"category","embeddable":true,"href":"https:\/\/lospoliticosveracruz.com\/index.php?rest_route=%2Fwp%2Fv2%2Fcategories&post=152830"},{"taxonomy":"post_tag","embeddable":true,"href":"https:\/\/lospoliticosveracruz.com\/index.php?rest_route=%2Fwp%2Fv2%2Ftags&post=152830"}],"curies":[{"name":"wp","href":"https:\/\/api.w.org\/{rel}","templated":true}]}}