{"id":152846,"date":"2025-09-19T07:37:23","date_gmt":"2025-09-19T12:37:23","guid":{"rendered":"https:\/\/lospoliticosveracruz.com.mx\/?p=152846"},"modified":"2025-09-19T07:38:18","modified_gmt":"2025-09-19T12:38:18","slug":"gonzalez-gaudiano-plagiario-1","status":"publish","type":"post","link":"https:\/\/lospoliticosveracruz.com\/?p=152846","title":{"rendered":"GONZ\u00c1LEZ GAUDIANO, PLAGIARIO (1)"},"content":{"rendered":"\n\n\n<p><strong>Omar Z\u00fa\u00f1iga<\/strong><\/p>\n\n\n\n<p><em>De Primera Mano<\/em> <\/p>\n\n\n\n<p>El pasado 4 de septiembre,&nbsp;<strong>Jos\u00e9 Rigoberto Gabriel Arg\u00fcelles<\/strong>&nbsp;public\u00f3 un art\u00edculo intitulado \u201cEl problema cuando cualquier persona pueda interpretar la Legislaci\u00f3n Universitaria\u201d, donde se\u00f1ala a&nbsp;<strong>Edgar Gonz\u00e1lez Gaudiano<\/strong>, Director General de la Unidad de Estudios de&nbsp;Posgrado de la Universidad Veracruzana,&nbsp;entre otras cosas de plagiar la titularidad de la direcci\u00f3n de una Tesis Doctoral de una alumna de origen extranjero, que al final acredit\u00f3 con Menci\u00f3n Honor\u00edfica,&nbsp;y posteriormente reclam\u00f3 su derecho de publicar a su verdadera directora dde tesis doctoral,&nbsp;<strong>Yolanda Jim\u00e9nez<\/strong>.<\/p>\n\n\n\n\n\n<p>Gaudiano&nbsp;lo sab\u00eda&nbsp;y no declin\u00f3 poner su nombre en la portada de la tesis.<\/p>\n\n\n\n<p>Ah\u00ed mismo,&nbsp;<strong>Gabriel Arg\u00fcelles<\/strong>&nbsp;refiere&nbsp;a su vez un art\u00edculo publicado por Gaudiano en mayo pasado donde se\u00f1ala que&nbsp;\u201c(\u2026)&nbsp;considero que la Junta de Gobierno no s\u00f3lo est\u00e1 en su pleno derecho de interpretar las disposiciones existentes en la normatividad universitaria, si no que no puede hacerlo de otro modo, aunque haya quienes interpretan que hacerlo ser\u00eda violatorio de la legalidad y la honorabilidad\u201d.<\/p>\n\n\n\n<p>Pues bien, resulta que el&nbsp;honorabil\u00edsimo&nbsp;doctor&nbsp;<strong>Edgar Gonz\u00e1lez Gaudiano<\/strong>&nbsp;tiene antecedentes en ese tema del plagio.<\/p>\n\n\n\n<p>Le gusta, por decir lo menos, caravanear con sombrero ajeno, adjudicarse cr\u00e9ditos y m\u00e9ritos que no son &nbsp;suyos, pues.<\/p>\n\n\n\n<p>*****<\/p>\n\n\n\n<p>En julio de 2021, la doctora&nbsp;<strong>Raquel Aparicio Cid<\/strong>, adscrita en ese momento al Instituto de Investigaciones en Educaci\u00f3n IIE de la UV&nbsp;como Secretaria T\u00e9cnica de la C\u00e1tedra UNESCO.<\/p>\n\n\n\n<p>Ella propuso la edici\u00f3n del e-book&nbsp;denominado \u201c<strong>La formaci\u00f3n de sujetos ecol\u00f3gicos en la universidad<\/strong><strong>.&nbsp;<\/strong><strong>Di\u00e1logos en el Seminario de Educaci\u00f3n Ambiental para la<\/strong><strong>&nbsp;<\/strong><strong>Sustentabilidad de la Universidad Veracruzana<\/strong>\u201d, con base en el&nbsp;Seminario de Educaci\u00f3n Ambiental para la Sustentabilidad&nbsp;(SEAS) y de la&nbsp;C\u00e1tedra UNESCO sobre Ciudadan\u00eda, Educaci\u00f3n y Sustentabilidad del Desarrollo de la Universidad Veracruzana,&nbsp;curso&nbsp;realizado&nbsp;en el primer semestre de 2021.<\/p>\n\n\n\n<p>Este proyecto formar\u00eda parte del acervo electr\u00f3nico de la UNESCO, n\u00famero ISBN incluido;&nbsp;se trataba, pues de un proyecto muy ambicioso.<\/p>\n\n\n\n<p>Desde su inicio, el proyecto fue del conocimiento de&nbsp;<strong>Edgar Gonz\u00e1lez Gaudiano<\/strong>, que adem\u00e1s de ser director de&nbsp;Posgrados, era&nbsp;coautor en el libro electr\u00f3nico y&nbsp;se mostr\u00f3 entusiasmado con el mismo; recibi\u00f3 de la doctora&nbsp;<strong>Raquel Aparicio<\/strong>&nbsp;los avances en tiempo y forma, desde la g\u00e9nesis misma, con retroalimentaciones de Gaudiano&nbsp;incluidas.<\/p>\n\n\n\n<p>En enero de 2022,&nbsp;<strong>Aparicio<\/strong>&nbsp;renunci\u00f3&nbsp;a su interinato en el IIE, pero no dej\u00f3 botado el trabajo del libro, por el contrario, continu\u00f3 con el mismo, no s\u00f3lo en los contenidos, sino tambi\u00e9n con el dise\u00f1o, incluso solicitando permisos a artistas con los que ella ten\u00eda relaci\u00f3n,&nbsp;para que dieran su&nbsp;anuencia&nbsp;y poder utilizar&nbsp;parte de su obra para ilustar el e-book.<\/p>\n\n\n\n<p>El trabajo fue muy fuerte e intenso, que se llev\u00f3 s\u00f3lo en revisi\u00f3n,&nbsp;todo el 2022.<\/p>\n\n\n\n<p>En 2023, para octubre, finalmente la Editorial de la Universidad Veracruzana dio el aval para la publicaci\u00f3n del libro electr\u00f3nico, luego de varias observaciones.<\/p>\n\n\n\n<p>Por supuesto, durante todo este proceso, la coordinadora y editora del proyecto,&nbsp;<strong>Raquel Aparicio<\/strong>, los llev\u00f3 de la mano, presente de manera permanente.<\/p>\n\n\n\n<p>Para mayo de 2024, el lunes 13 para ser exacto, el honorabil\u00edsimo doctor&nbsp;<strong>Edgar Gonz\u00e1lez Gaudiano<\/strong>, envi\u00f3&nbsp;un correo&nbsp;desde su cuenta personal, que adem\u00e1s reparti\u00f3 como programa de mano, donde les \u201chizo llegar el primer libro de la Serie Sustentabilidad que&nbsp;<strong>COORDIN\u00d3<\/strong>&nbsp;desde la Universidad Veracruzana. El t\u00edtulo es \u00abLa formaci\u00f3n de sujetos ecol\u00f3gicos en la universidad\u00bb. Les compartimos el&nbsp;enlace para que puedan descargarlo\u201d.<\/p>\n\n\n\n<p>Y as\u00ed, con la mano en la cintura,&nbsp;<strong>Edgar Gonz\u00e1lez Gaudiano<\/strong>, consum\u00f3 el plagio de una obra que no coordin\u00f3 ni edit\u00f3.<\/p>\n\n\n\n<p>Y ah\u00ed empez\u00f3 otro calvario para la doctora&nbsp;<strong>Raquel Aparicio<\/strong>, en el&nbsp;que s\u00f3lo recibi\u00f3 las m\u00e1s absurdas de las respuestas,&nbsp;de las m\u00e1s absurdas y cobardes \u201cautoridades\u201d de la Universidad Veracruzana.<\/p>\n\n\n\n<p>\u00a1Qu\u00e9 barbaridad!<\/p>\n\n\n\n<p>deprimera.mano2020@gmail.com<\/p>\n","protected":false},"excerpt":{"rendered":"<p>Omar Z\u00fa\u00f1iga De Primera Mano El pasado 4 de septiembre,&nbsp;Jos\u00e9 Rigoberto Gabriel Arg\u00fcelles&nbsp;public\u00f3 un art\u00edculo intitulado \u201cEl problema cuando cualquier persona pueda interpretar la Legislaci\u00f3n Universitaria\u201d, donde se\u00f1ala a&nbsp;Edgar Gonz\u00e1lez Gaudiano, Director General de la Unidad de Estudios de&nbsp;Posgrado de la Universidad Veracruzana,&nbsp;entre otras cosas de plagiar la titularidad de la direcci\u00f3n de una Tesis [&hellip;]<\/p>\n","protected":false},"author":2,"featured_media":141427,"comment_status":"closed","ping_status":"closed","sticky":false,"template":"","format":"standard","meta":{"tdm_status":"","tdm_grid_status":"","footnotes":""},"categories":[70],"tags":[43183,195],"class_list":{"0":"post-152846","1":"post","2":"type-post","3":"status-publish","4":"format-standard","5":"has-post-thumbnail","7":"category-de-opinion","8":"tag-edgar-gonzalez-guadiano","9":"tag-veracruz"},"yoast_head":"<!-- This site is optimized with the Yoast SEO plugin v27.4 - https:\/\/yoast.com\/product\/yoast-seo-wordpress\/ -->\n<title>GONZ\u00c1LEZ GAUDIANO, PLAGIARIO (1) - Los pol\u00edticos Veracruz<\/title>\n<meta name=\"robots\" content=\"index, follow, max-snippet:-1, max-image-preview:large, max-video-preview:-1\" \/>\n<link rel=\"canonical\" href=\"https:\/\/lospoliticosveracruz.com\/?p=152846\" \/>\n<meta property=\"og:locale\" content=\"es_ES\" \/>\n<meta property=\"og:type\" content=\"article\" \/>\n<meta property=\"og:title\" content=\"GONZ\u00c1LEZ GAUDIANO, PLAGIARIO (1) - Los pol\u00edticos Veracruz\" \/>\n<meta property=\"og:description\" content=\"Omar Z\u00fa\u00f1iga De Primera Mano El pasado 4 de septiembre,&nbsp;Jos\u00e9 Rigoberto Gabriel Arg\u00fcelles&nbsp;public\u00f3 un art\u00edculo intitulado \u201cEl problema cuando cualquier persona pueda interpretar la Legislaci\u00f3n Universitaria\u201d, donde se\u00f1ala a&nbsp;Edgar Gonz\u00e1lez Gaudiano, Director General de la Unidad de Estudios de&nbsp;Posgrado de la Universidad Veracruzana,&nbsp;entre otras cosas de plagiar la titularidad de la direcci\u00f3n de una Tesis [&hellip;]\" \/>\n<meta property=\"og:url\" content=\"https:\/\/lospoliticosveracruz.com\/?p=152846\" \/>\n<meta property=\"og:site_name\" content=\"Los pol\u00edticos Veracruz\" \/>\n<meta property=\"article:publisher\" content=\"https:\/\/www.facebook.com\/people\/Notimemes-de-los-Polticos\/61565672886568\/\" \/>\n<meta property=\"article:published_time\" content=\"2025-09-19T12:37:23+00:00\" \/>\n<meta property=\"article:modified_time\" content=\"2025-09-19T12:38:18+00:00\" \/>\n<meta property=\"og:image\" content=\"https:\/\/lospoliticosveracruz.com\/wp-content\/uploads\/2025\/04\/Omar-Zuniga.jpg\" \/>\n\t<meta property=\"og:image:width\" content=\"1250\" \/>\n\t<meta property=\"og:image:height\" content=\"667\" \/>\n\t<meta property=\"og:image:type\" content=\"image\/jpeg\" \/>\n<meta name=\"author\" content=\"Lo viste en Los Pol\u00edticos\" \/>\n<meta name=\"twitter:card\" content=\"summary_large_image\" \/>\n<meta name=\"twitter:creator\" content=\"@LosPoliticosVer\" \/>\n<meta name=\"twitter:site\" content=\"@LosPoliticosVer\" \/>\n<meta name=\"twitter:label1\" content=\"Escrito por\" \/>\n\t<meta name=\"twitter:data1\" content=\"Lo viste en Los Pol\u00edticos\" \/>\n\t<meta name=\"twitter:label2\" content=\"Tiempo de lectura\" \/>\n\t<meta name=\"twitter:data2\" content=\"4 minutos\" \/>\n<script type=\"application\/ld+json\" class=\"yoast-schema-graph\">{\"@context\":\"https:\\\/\\\/schema.org\",\"@graph\":[{\"@type\":\"Article\",\"@id\":\"https:\\\/\\\/lospoliticosveracruz.com\\\/?p=152846#article\",\"isPartOf\":{\"@id\":\"https:\\\/\\\/lospoliticosveracruz.com\\\/?p=152846\"},\"author\":{\"name\":\"Lo viste en Los Pol\u00edticos\",\"@id\":\"https:\\\/\\\/lospoliticosveracruz.com\\\/#\\\/schema\\\/person\\\/b8702bb0e538456e6efd07080bf2a4a2\"},\"headline\":\"GONZ\u00c1LEZ GAUDIANO, PLAGIARIO (1)\",\"datePublished\":\"2025-09-19T12:37:23+00:00\",\"dateModified\":\"2025-09-19T12:38:18+00:00\",\"mainEntityOfPage\":{\"@id\":\"https:\\\/\\\/lospoliticosveracruz.com\\\/?p=152846\"},\"wordCount\":738,\"publisher\":{\"@id\":\"https:\\\/\\\/lospoliticosveracruz.com\\\/#organization\"},\"image\":{\"@id\":\"https:\\\/\\\/lospoliticosveracruz.com\\\/?p=152846#primaryimage\"},\"thumbnailUrl\":\"https:\\\/\\\/lospoliticosveracruz.com\\\/wp-content\\\/uploads\\\/2025\\\/04\\\/Omar-Zuniga.jpg\",\"keywords\":[\"Edgar Gonz\u00e1lez Guadiano\",\"Veracruz\"],\"articleSection\":[\"De Opini\u00f3n\"],\"inLanguage\":\"es\"},{\"@type\":\"WebPage\",\"@id\":\"https:\\\/\\\/lospoliticosveracruz.com\\\/?p=152846\",\"url\":\"https:\\\/\\\/lospoliticosveracruz.com\\\/?p=152846\",\"name\":\"GONZ\u00c1LEZ GAUDIANO, PLAGIARIO (1) - Los pol\u00edticos Veracruz\",\"isPartOf\":{\"@id\":\"https:\\\/\\\/lospoliticosveracruz.com\\\/#website\"},\"primaryImageOfPage\":{\"@id\":\"https:\\\/\\\/lospoliticosveracruz.com\\\/?p=152846#primaryimage\"},\"image\":{\"@id\":\"https:\\\/\\\/lospoliticosveracruz.com\\\/?p=152846#primaryimage\"},\"thumbnailUrl\":\"https:\\\/\\\/lospoliticosveracruz.com\\\/wp-content\\\/uploads\\\/2025\\\/04\\\/Omar-Zuniga.jpg\",\"datePublished\":\"2025-09-19T12:37:23+00:00\",\"dateModified\":\"2025-09-19T12:38:18+00:00\",\"breadcrumb\":{\"@id\":\"https:\\\/\\\/lospoliticosveracruz.com\\\/?p=152846#breadcrumb\"},\"inLanguage\":\"es\",\"potentialAction\":[{\"@type\":\"ReadAction\",\"target\":[\"https:\\\/\\\/lospoliticosveracruz.com\\\/?p=152846\"]}]},{\"@type\":\"ImageObject\",\"inLanguage\":\"es\",\"@id\":\"https:\\\/\\\/lospoliticosveracruz.com\\\/?p=152846#primaryimage\",\"url\":\"https:\\\/\\\/lospoliticosveracruz.com\\\/wp-content\\\/uploads\\\/2025\\\/04\\\/Omar-Zuniga.jpg\",\"contentUrl\":\"https:\\\/\\\/lospoliticosveracruz.com\\\/wp-content\\\/uploads\\\/2025\\\/04\\\/Omar-Zuniga.jpg\",\"width\":1250,\"height\":667},{\"@type\":\"BreadcrumbList\",\"@id\":\"https:\\\/\\\/lospoliticosveracruz.com\\\/?p=152846#breadcrumb\",\"itemListElement\":[{\"@type\":\"ListItem\",\"position\":1,\"name\":\"Portada\",\"item\":\"https:\\\/\\\/lospoliticosveracruz.com\\\/\"},{\"@type\":\"ListItem\",\"position\":2,\"name\":\"GONZ\u00c1LEZ GAUDIANO, PLAGIARIO (1)\"}]},{\"@type\":\"WebSite\",\"@id\":\"https:\\\/\\\/lospoliticosveracruz.com\\\/#website\",\"url\":\"https:\\\/\\\/lospoliticosveracruz.com\\\/\",\"name\":\"Los pol\u00edticos Veracruz\",\"description\":\"\",\"publisher\":{\"@id\":\"https:\\\/\\\/lospoliticosveracruz.com\\\/#organization\"},\"potentialAction\":[{\"@type\":\"SearchAction\",\"target\":{\"@type\":\"EntryPoint\",\"urlTemplate\":\"https:\\\/\\\/lospoliticosveracruz.com\\\/?s={search_term_string}\"},\"query-input\":{\"@type\":\"PropertyValueSpecification\",\"valueRequired\":true,\"valueName\":\"search_term_string\"}}],\"inLanguage\":\"es\"},{\"@type\":\"Organization\",\"@id\":\"https:\\\/\\\/lospoliticosveracruz.com\\\/#organization\",\"name\":\"Los pol\u00edticos Veracruz\",\"url\":\"https:\\\/\\\/lospoliticosveracruz.com\\\/\",\"logo\":{\"@type\":\"ImageObject\",\"inLanguage\":\"es\",\"@id\":\"https:\\\/\\\/lospoliticosveracruz.com\\\/#\\\/schema\\\/logo\\\/image\\\/\",\"url\":\"https:\\\/\\\/lospoliticosveracruz.com\\\/wp-content\\\/uploads\\\/2025\\\/12\\\/Logo-Nuevo-LOS-POLITICOS-1.jpg\",\"contentUrl\":\"https:\\\/\\\/lospoliticosveracruz.com\\\/wp-content\\\/uploads\\\/2025\\\/12\\\/Logo-Nuevo-LOS-POLITICOS-1.jpg\",\"width\":260,\"height\":70,\"caption\":\"Los pol\u00edticos Veracruz\"},\"image\":{\"@id\":\"https:\\\/\\\/lospoliticosveracruz.com\\\/#\\\/schema\\\/logo\\\/image\\\/\"},\"sameAs\":[\"https:\\\/\\\/www.facebook.com\\\/people\\\/Notimemes-de-los-Polticos\\\/61565672886568\\\/\",\"https:\\\/\\\/x.com\\\/LosPoliticosVer\"]},{\"@type\":\"Person\",\"@id\":\"https:\\\/\\\/lospoliticosveracruz.com\\\/#\\\/schema\\\/person\\\/b8702bb0e538456e6efd07080bf2a4a2\",\"name\":\"Lo viste en Los Pol\u00edticos\",\"image\":{\"@type\":\"ImageObject\",\"inLanguage\":\"es\",\"@id\":\"https:\\\/\\\/secure.gravatar.com\\\/avatar\\\/3a8de04a2656d44082be478bd6c086daa447c4651605818287b9532d3d0bd435?s=96&d=mm&r=g\",\"url\":\"https:\\\/\\\/secure.gravatar.com\\\/avatar\\\/3a8de04a2656d44082be478bd6c086daa447c4651605818287b9532d3d0bd435?s=96&d=mm&r=g\",\"contentUrl\":\"https:\\\/\\\/secure.gravatar.com\\\/avatar\\\/3a8de04a2656d44082be478bd6c086daa447c4651605818287b9532d3d0bd435?s=96&d=mm&r=g\",\"caption\":\"Lo viste en Los Pol\u00edticos\"},\"url\":\"https:\\\/\\\/lospoliticosveracruz.com\\\/?author=2\"}]}<\/script>\n<!-- \/ Yoast SEO plugin. -->","yoast_head_json":{"title":"GONZ\u00c1LEZ GAUDIANO, PLAGIARIO (1) - Los pol\u00edticos Veracruz","robots":{"index":"index","follow":"follow","max-snippet":"max-snippet:-1","max-image-preview":"max-image-preview:large","max-video-preview":"max-video-preview:-1"},"canonical":"https:\/\/lospoliticosveracruz.com\/?p=152846","og_locale":"es_ES","og_type":"article","og_title":"GONZ\u00c1LEZ GAUDIANO, PLAGIARIO (1) - Los pol\u00edticos Veracruz","og_description":"Omar Z\u00fa\u00f1iga De Primera Mano El pasado 4 de septiembre,&nbsp;Jos\u00e9 Rigoberto Gabriel Arg\u00fcelles&nbsp;public\u00f3 un art\u00edculo intitulado \u201cEl problema cuando cualquier persona pueda interpretar la Legislaci\u00f3n Universitaria\u201d, donde se\u00f1ala a&nbsp;Edgar Gonz\u00e1lez Gaudiano, Director General de la Unidad de Estudios de&nbsp;Posgrado de la Universidad Veracruzana,&nbsp;entre otras cosas de plagiar la titularidad de la direcci\u00f3n de una Tesis [&hellip;]","og_url":"https:\/\/lospoliticosveracruz.com\/?p=152846","og_site_name":"Los pol\u00edticos Veracruz","article_publisher":"https:\/\/www.facebook.com\/people\/Notimemes-de-los-Polticos\/61565672886568\/","article_published_time":"2025-09-19T12:37:23+00:00","article_modified_time":"2025-09-19T12:38:18+00:00","og_image":[{"width":1250,"height":667,"url":"https:\/\/lospoliticosveracruz.com\/wp-content\/uploads\/2025\/04\/Omar-Zuniga.jpg","type":"image\/jpeg"}],"author":"Lo viste en Los Pol\u00edticos","twitter_card":"summary_large_image","twitter_creator":"@LosPoliticosVer","twitter_site":"@LosPoliticosVer","twitter_misc":{"Escrito por":"Lo viste en Los Pol\u00edticos","Tiempo de lectura":"4 minutos"},"schema":{"@context":"https:\/\/schema.org","@graph":[{"@type":"Article","@id":"https:\/\/lospoliticosveracruz.com\/?p=152846#article","isPartOf":{"@id":"https:\/\/lospoliticosveracruz.com\/?p=152846"},"author":{"name":"Lo viste en Los Pol\u00edticos","@id":"https:\/\/lospoliticosveracruz.com\/#\/schema\/person\/b8702bb0e538456e6efd07080bf2a4a2"},"headline":"GONZ\u00c1LEZ GAUDIANO, PLAGIARIO (1)","datePublished":"2025-09-19T12:37:23+00:00","dateModified":"2025-09-19T12:38:18+00:00","mainEntityOfPage":{"@id":"https:\/\/lospoliticosveracruz.com\/?p=152846"},"wordCount":738,"publisher":{"@id":"https:\/\/lospoliticosveracruz.com\/#organization"},"image":{"@id":"https:\/\/lospoliticosveracruz.com\/?p=152846#primaryimage"},"thumbnailUrl":"https:\/\/lospoliticosveracruz.com\/wp-content\/uploads\/2025\/04\/Omar-Zuniga.jpg","keywords":["Edgar Gonz\u00e1lez Guadiano","Veracruz"],"articleSection":["De Opini\u00f3n"],"inLanguage":"es"},{"@type":"WebPage","@id":"https:\/\/lospoliticosveracruz.com\/?p=152846","url":"https:\/\/lospoliticosveracruz.com\/?p=152846","name":"GONZ\u00c1LEZ GAUDIANO, PLAGIARIO (1) - Los pol\u00edticos Veracruz","isPartOf":{"@id":"https:\/\/lospoliticosveracruz.com\/#website"},"primaryImageOfPage":{"@id":"https:\/\/lospoliticosveracruz.com\/?p=152846#primaryimage"},"image":{"@id":"https:\/\/lospoliticosveracruz.com\/?p=152846#primaryimage"},"thumbnailUrl":"https:\/\/lospoliticosveracruz.com\/wp-content\/uploads\/2025\/04\/Omar-Zuniga.jpg","datePublished":"2025-09-19T12:37:23+00:00","dateModified":"2025-09-19T12:38:18+00:00","breadcrumb":{"@id":"https:\/\/lospoliticosveracruz.com\/?p=152846#breadcrumb"},"inLanguage":"es","potentialAction":[{"@type":"ReadAction","target":["https:\/\/lospoliticosveracruz.com\/?p=152846"]}]},{"@type":"ImageObject","inLanguage":"es","@id":"https:\/\/lospoliticosveracruz.com\/?p=152846#primaryimage","url":"https:\/\/lospoliticosveracruz.com\/wp-content\/uploads\/2025\/04\/Omar-Zuniga.jpg","contentUrl":"https:\/\/lospoliticosveracruz.com\/wp-content\/uploads\/2025\/04\/Omar-Zuniga.jpg","width":1250,"height":667},{"@type":"BreadcrumbList","@id":"https:\/\/lospoliticosveracruz.com\/?p=152846#breadcrumb","itemListElement":[{"@type":"ListItem","position":1,"name":"Portada","item":"https:\/\/lospoliticosveracruz.com\/"},{"@type":"ListItem","position":2,"name":"GONZ\u00c1LEZ GAUDIANO, PLAGIARIO (1)"}]},{"@type":"WebSite","@id":"https:\/\/lospoliticosveracruz.com\/#website","url":"https:\/\/lospoliticosveracruz.com\/","name":"Los pol\u00edticos Veracruz","description":"","publisher":{"@id":"https:\/\/lospoliticosveracruz.com\/#organization"},"potentialAction":[{"@type":"SearchAction","target":{"@type":"EntryPoint","urlTemplate":"https:\/\/lospoliticosveracruz.com\/?s={search_term_string}"},"query-input":{"@type":"PropertyValueSpecification","valueRequired":true,"valueName":"search_term_string"}}],"inLanguage":"es"},{"@type":"Organization","@id":"https:\/\/lospoliticosveracruz.com\/#organization","name":"Los pol\u00edticos Veracruz","url":"https:\/\/lospoliticosveracruz.com\/","logo":{"@type":"ImageObject","inLanguage":"es","@id":"https:\/\/lospoliticosveracruz.com\/#\/schema\/logo\/image\/","url":"https:\/\/lospoliticosveracruz.com\/wp-content\/uploads\/2025\/12\/Logo-Nuevo-LOS-POLITICOS-1.jpg","contentUrl":"https:\/\/lospoliticosveracruz.com\/wp-content\/uploads\/2025\/12\/Logo-Nuevo-LOS-POLITICOS-1.jpg","width":260,"height":70,"caption":"Los pol\u00edticos Veracruz"},"image":{"@id":"https:\/\/lospoliticosveracruz.com\/#\/schema\/logo\/image\/"},"sameAs":["https:\/\/www.facebook.com\/people\/Notimemes-de-los-Polticos\/61565672886568\/","https:\/\/x.com\/LosPoliticosVer"]},{"@type":"Person","@id":"https:\/\/lospoliticosveracruz.com\/#\/schema\/person\/b8702bb0e538456e6efd07080bf2a4a2","name":"Lo viste en Los Pol\u00edticos","image":{"@type":"ImageObject","inLanguage":"es","@id":"https:\/\/secure.gravatar.com\/avatar\/3a8de04a2656d44082be478bd6c086daa447c4651605818287b9532d3d0bd435?s=96&d=mm&r=g","url":"https:\/\/secure.gravatar.com\/avatar\/3a8de04a2656d44082be478bd6c086daa447c4651605818287b9532d3d0bd435?s=96&d=mm&r=g","contentUrl":"https:\/\/secure.gravatar.com\/avatar\/3a8de04a2656d44082be478bd6c086daa447c4651605818287b9532d3d0bd435?s=96&d=mm&r=g","caption":"Lo viste en Los Pol\u00edticos"},"url":"https:\/\/lospoliticosveracruz.com\/?author=2"}]}},"_links":{"self":[{"href":"https:\/\/lospoliticosveracruz.com\/index.php?rest_route=\/wp\/v2\/posts\/152846","targetHints":{"allow":["GET"]}}],"collection":[{"href":"https:\/\/lospoliticosveracruz.com\/index.php?rest_route=\/wp\/v2\/posts"}],"about":[{"href":"https:\/\/lospoliticosveracruz.com\/index.php?rest_route=\/wp\/v2\/types\/post"}],"author":[{"embeddable":true,"href":"https:\/\/lospoliticosveracruz.com\/index.php?rest_route=\/wp\/v2\/users\/2"}],"replies":[{"embeddable":true,"href":"https:\/\/lospoliticosveracruz.com\/index.php?rest_route=%2Fwp%2Fv2%2Fcomments&post=152846"}],"version-history":[{"count":2,"href":"https:\/\/lospoliticosveracruz.com\/index.php?rest_route=\/wp\/v2\/posts\/152846\/revisions"}],"predecessor-version":[{"id":152848,"href":"https:\/\/lospoliticosveracruz.com\/index.php?rest_route=\/wp\/v2\/posts\/152846\/revisions\/152848"}],"wp:featuredmedia":[{"embeddable":true,"href":"https:\/\/lospoliticosveracruz.com\/index.php?rest_route=\/wp\/v2\/media\/141427"}],"wp:attachment":[{"href":"https:\/\/lospoliticosveracruz.com\/index.php?rest_route=%2Fwp%2Fv2%2Fmedia&parent=152846"}],"wp:term":[{"taxonomy":"category","embeddable":true,"href":"https:\/\/lospoliticosveracruz.com\/index.php?rest_route=%2Fwp%2Fv2%2Fcategories&post=152846"},{"taxonomy":"post_tag","embeddable":true,"href":"https:\/\/lospoliticosveracruz.com\/index.php?rest_route=%2Fwp%2Fv2%2Ftags&post=152846"}],"curies":[{"name":"wp","href":"https:\/\/api.w.org\/{rel}","templated":true}]}}