{"id":152860,"date":"2025-09-19T08:55:51","date_gmt":"2025-09-19T13:55:51","guid":{"rendered":"https:\/\/lospoliticosveracruz.com.mx\/?p=152860"},"modified":"2025-09-19T08:56:15","modified_gmt":"2025-09-19T13:56:15","slug":"veracruz-y-su-poder-judicial","status":"publish","type":"post","link":"https:\/\/lospoliticosveracruz.com\/?p=152860","title":{"rendered":"\u00a0VERACRUZ Y SU PODER JUDICIAL\u00a0"},"content":{"rendered":"\n\n\n<p><strong>Yamiri Rodr\u00edguez Madrid<\/strong><\/p>\n\n\n\n<p><em>La vuelta a Veracruz en un teclazo<\/em><\/p>\n\n\n\n<p>Contrario a los tropiezos que se han visto a nivel federal tras la elecci\u00f3n del pasado 1 de junio, Veracruz ofrece una postal distinta: en apenas tres d\u00edas se concret\u00f3 la adscripci\u00f3n de las y los nuevos jueces. No es un detalle menor ni un golpe de efecto; es un s\u00edntoma de planeaci\u00f3n, capacidad operativa y entendimiento del nuevo arreglo institucional del Poder Judicial. Cuando el resto del pa\u00eds discute c\u00f3mo aterrizar una reforma que reconfigura equilibrios y rutinas, Veracruz muestra que, si se prepara el terreno, el tr\u00e1nsito puede ser r\u00e1pido y ordenado.<\/p>\n\n\n\n\n\n<p>La clave est\u00e1 en dos vectores que se cruzan. Primero, el redise\u00f1o del sistema: el \u201cpoder\u201d que antes se concentraba en una sola cabeza \u2014la persona que presid\u00eda al mismo tiempo el Tribunal Superior de Justicia y el Consejo de la Judicatura\u2014, se distribuye ahora en cuatro \u00f3rganos: el Tribunal Superior de Justicia, el Tribunal de Disciplina Judicial, el Tribunal de Conciliaci\u00f3n y Arbitraje, y el \u00d3rgano de Administraci\u00f3n Judicial. Segundo, la ejecuci\u00f3n local: Veracruz replic\u00f3 el dise\u00f1o federal tal cual, sin inventar atajos ni excepciones, y lo baj\u00f3 a operaci\u00f3n cotidiana con velocidad y diligencia.<\/p>\n\n\n\n<p>Este doble movimiento tiene efectos concretos. Primero, la profesionalizaci\u00f3n y tiempos procesales. Asignar en tres d\u00edas a las y los juzgadores de nuevo ingreso no s\u00f3lo reduce incertidumbre laboral; acorta el tiempo para que los nuevos equipos se instalen, reciban expedientes y entren en ritmo. En un poder donde cada d\u00eda de retraso se traduce en rezago, el mensaje hacia dentro es claro: hay reglas, hay calendario y hay responsables.<\/p>\n\n\n\n<p>Segundo efecto es la separaci\u00f3n de funciones y controles cruzados. El nuevo arreglo reparte atribuciones: juzgar, disciplinar, conciliar\/arbitrar y administrar ya no viven en una sola oficina. Esto reduce incentivos para la discrecionalidad, ordena flujos de trabajo y, sobre todo, clarifica a qui\u00e9n exigirle qu\u00e9. Cuando cada \u00f3rgano tiene mandato definido y m\u00e9tricas propias, la rendici\u00f3n de cuentas deja de ser un discurso y se vuelve verificable.<\/p>\n\n\n\n<p>El tercero tiene que ver con la gobernanza y cultura institucional. Que las cuatro \u00e1reas est\u00e9n encabezadas por mujeres no es una nota al pie: imprime un sello de liderazgo que, hasta ahora, ha mostrado coordinaci\u00f3n, armon\u00eda y foco en resultados. La din\u00e1mica entre titulares importa porque el redise\u00f1o institucional no se sostiene solo con leyes; exige acuerdos, disciplina y sentido de cuerpo. Si esas piezas se mueven al mismo comp\u00e1s, la maquinaria camina.<\/p>\n\n\n\n<p>Y el cuarto factor es la confianza ciudadana y legitimidad. En un momento en que la conversaci\u00f3n p\u00fablica sobre justicia suele asociarse con conflicto, la ejecuci\u00f3n veracruzana proyecta previsibilidad. La ciudadan\u00eda no sigue cada detalle t\u00e9cnico, pero s\u00ed registra se\u00f1ales: celeridad en nombramientos, claridad en funciones y ausencia de pleitos internos. Esas se\u00f1ales construyen legitimidad.<\/p>\n\n\n\n<p>El contraste con el \u00e1mbito federal \u2014donde el aterrizaje ha mostrado m\u00e1s tropiezos\u2014 no deber\u00eda usarse para la confronta, sino como aprendizaje comparado. Si en Veracruz la r\u00e9plica fiel del dise\u00f1o y la preparaci\u00f3n administrativa habilitaron una transici\u00f3n tersa, ese es el insumo que vale la pena compartir: planeaci\u00f3n, reglas claras, cronogramas y coordinaci\u00f3n interinstitucional.<\/p>\n\n\n\n<p>Es decir, Veracruz env\u00eda un mensaje pol\u00edtico y administrativo a la vez: se puede implementar una reforma judicial de alto calibre sin par\u00e1lisis ni espect\u00e1culo. La gobernadora Nahle, sosteniendo la autonom\u00eda y proveyendo condiciones materiales, y las cuatro titulares del Poder Judicial, operando con ritmo y orden, han logrado que la nueva arquitectura no se quede en diagrama, sino que se traduzca en funcionamiento. Falta el tramo m\u00e1s dif\u00edcil \u2014convertir estructura en mejor justicia\u2014, pero el punto de partida es el correcto: instituciones que caminan, roles definidos y una ciudadan\u00eda que, por primera vez en mucho tiempo, puede aspirar a ver en la justicia algo m\u00e1s que un debate interminable.<\/p>\n\n\n\n<p>@YamiriRodriguez<\/p>\n","protected":false},"excerpt":{"rendered":"<p>Yamiri Rodr\u00edguez Madrid La vuelta a Veracruz en un teclazo Contrario a los tropiezos que se han visto a nivel federal tras la elecci\u00f3n del pasado 1 de junio, Veracruz ofrece una postal distinta: en apenas tres d\u00edas se concret\u00f3 la adscripci\u00f3n de las y los nuevos jueces. No es un detalle menor ni un [&hellip;]<\/p>\n","protected":false},"author":2,"featured_media":141413,"comment_status":"closed","ping_status":"closed","sticky":false,"template":"","format":"standard","meta":{"tdm_status":"","tdm_grid_status":"","footnotes":""},"categories":[70],"tags":[42407],"class_list":{"0":"post-152860","1":"post","2":"type-post","3":"status-publish","4":"format-standard","5":"has-post-thumbnail","7":"category-de-opinion","8":"tag-yamiri-rodriguez-madrid"},"yoast_head":"<!-- This site is optimized with the Yoast SEO plugin v27.4 - https:\/\/yoast.com\/product\/yoast-seo-wordpress\/ -->\n<title>\u00a0VERACRUZ Y SU PODER JUDICIAL\u00a0 - Los pol\u00edticos Veracruz<\/title>\n<meta name=\"robots\" content=\"index, follow, max-snippet:-1, max-image-preview:large, max-video-preview:-1\" \/>\n<link rel=\"canonical\" href=\"https:\/\/lospoliticosveracruz.com\/?p=152860\" \/>\n<meta property=\"og:locale\" content=\"es_ES\" \/>\n<meta property=\"og:type\" content=\"article\" \/>\n<meta property=\"og:title\" content=\"\u00a0VERACRUZ Y SU PODER JUDICIAL\u00a0 - Los pol\u00edticos Veracruz\" \/>\n<meta property=\"og:description\" content=\"Yamiri Rodr\u00edguez Madrid La vuelta a Veracruz en un teclazo Contrario a los tropiezos que se han visto a nivel federal tras la elecci\u00f3n del pasado 1 de junio, Veracruz ofrece una postal distinta: en apenas tres d\u00edas se concret\u00f3 la adscripci\u00f3n de las y los nuevos jueces. No es un detalle menor ni un [&hellip;]\" \/>\n<meta property=\"og:url\" content=\"https:\/\/lospoliticosveracruz.com\/?p=152860\" \/>\n<meta property=\"og:site_name\" content=\"Los pol\u00edticos Veracruz\" \/>\n<meta property=\"article:publisher\" content=\"https:\/\/www.facebook.com\/people\/Notimemes-de-los-Polticos\/61565672886568\/\" \/>\n<meta property=\"article:published_time\" content=\"2025-09-19T13:55:51+00:00\" \/>\n<meta property=\"article:modified_time\" content=\"2025-09-19T13:56:15+00:00\" \/>\n<meta property=\"og:image\" content=\"https:\/\/lospoliticosveracruz.com\/wp-content\/uploads\/2025\/04\/Yamiri-Rodriguez-Madrid-e1768315710241.jpg\" \/>\n\t<meta property=\"og:image:width\" content=\"600\" \/>\n\t<meta property=\"og:image:height\" content=\"320\" \/>\n\t<meta property=\"og:image:type\" content=\"image\/jpeg\" \/>\n<meta name=\"author\" content=\"Lo viste en Los Pol\u00edticos\" \/>\n<meta name=\"twitter:card\" content=\"summary_large_image\" \/>\n<meta name=\"twitter:creator\" content=\"@LosPoliticosVer\" \/>\n<meta name=\"twitter:site\" content=\"@LosPoliticosVer\" \/>\n<meta name=\"twitter:label1\" content=\"Escrito por\" \/>\n\t<meta name=\"twitter:data1\" content=\"Lo viste en Los Pol\u00edticos\" \/>\n\t<meta name=\"twitter:label2\" content=\"Tiempo de lectura\" \/>\n\t<meta name=\"twitter:data2\" content=\"3 minutos\" \/>\n<script type=\"application\/ld+json\" class=\"yoast-schema-graph\">{\"@context\":\"https:\\\/\\\/schema.org\",\"@graph\":[{\"@type\":\"Article\",\"@id\":\"https:\\\/\\\/lospoliticosveracruz.com\\\/?p=152860#article\",\"isPartOf\":{\"@id\":\"https:\\\/\\\/lospoliticosveracruz.com\\\/?p=152860\"},\"author\":{\"name\":\"Lo viste en Los Pol\u00edticos\",\"@id\":\"https:\\\/\\\/lospoliticosveracruz.com\\\/#\\\/schema\\\/person\\\/b8702bb0e538456e6efd07080bf2a4a2\"},\"headline\":\"\u00a0VERACRUZ Y SU PODER JUDICIAL\u00a0\",\"datePublished\":\"2025-09-19T13:55:51+00:00\",\"dateModified\":\"2025-09-19T13:56:15+00:00\",\"mainEntityOfPage\":{\"@id\":\"https:\\\/\\\/lospoliticosveracruz.com\\\/?p=152860\"},\"wordCount\":692,\"publisher\":{\"@id\":\"https:\\\/\\\/lospoliticosveracruz.com\\\/#organization\"},\"image\":{\"@id\":\"https:\\\/\\\/lospoliticosveracruz.com\\\/?p=152860#primaryimage\"},\"thumbnailUrl\":\"https:\\\/\\\/lospoliticosveracruz.com\\\/wp-content\\\/uploads\\\/2025\\\/04\\\/Yamiri-Rodriguez-Madrid-e1768315710241.jpg\",\"keywords\":[\"Yamiri Rodr\u00edguez Madrid\"],\"articleSection\":[\"De Opini\u00f3n\"],\"inLanguage\":\"es\"},{\"@type\":\"WebPage\",\"@id\":\"https:\\\/\\\/lospoliticosveracruz.com\\\/?p=152860\",\"url\":\"https:\\\/\\\/lospoliticosveracruz.com\\\/?p=152860\",\"name\":\"\u00a0VERACRUZ Y SU PODER JUDICIAL\u00a0 - Los pol\u00edticos Veracruz\",\"isPartOf\":{\"@id\":\"https:\\\/\\\/lospoliticosveracruz.com\\\/#website\"},\"primaryImageOfPage\":{\"@id\":\"https:\\\/\\\/lospoliticosveracruz.com\\\/?p=152860#primaryimage\"},\"image\":{\"@id\":\"https:\\\/\\\/lospoliticosveracruz.com\\\/?p=152860#primaryimage\"},\"thumbnailUrl\":\"https:\\\/\\\/lospoliticosveracruz.com\\\/wp-content\\\/uploads\\\/2025\\\/04\\\/Yamiri-Rodriguez-Madrid-e1768315710241.jpg\",\"datePublished\":\"2025-09-19T13:55:51+00:00\",\"dateModified\":\"2025-09-19T13:56:15+00:00\",\"breadcrumb\":{\"@id\":\"https:\\\/\\\/lospoliticosveracruz.com\\\/?p=152860#breadcrumb\"},\"inLanguage\":\"es\",\"potentialAction\":[{\"@type\":\"ReadAction\",\"target\":[\"https:\\\/\\\/lospoliticosveracruz.com\\\/?p=152860\"]}]},{\"@type\":\"ImageObject\",\"inLanguage\":\"es\",\"@id\":\"https:\\\/\\\/lospoliticosveracruz.com\\\/?p=152860#primaryimage\",\"url\":\"https:\\\/\\\/lospoliticosveracruz.com\\\/wp-content\\\/uploads\\\/2025\\\/04\\\/Yamiri-Rodriguez-Madrid-e1768315710241.jpg\",\"contentUrl\":\"https:\\\/\\\/lospoliticosveracruz.com\\\/wp-content\\\/uploads\\\/2025\\\/04\\\/Yamiri-Rodriguez-Madrid-e1768315710241.jpg\",\"width\":600,\"height\":320},{\"@type\":\"BreadcrumbList\",\"@id\":\"https:\\\/\\\/lospoliticosveracruz.com\\\/?p=152860#breadcrumb\",\"itemListElement\":[{\"@type\":\"ListItem\",\"position\":1,\"name\":\"Portada\",\"item\":\"https:\\\/\\\/lospoliticosveracruz.com\\\/\"},{\"@type\":\"ListItem\",\"position\":2,\"name\":\"\u00a0VERACRUZ Y SU PODER JUDICIAL\u00a0\"}]},{\"@type\":\"WebSite\",\"@id\":\"https:\\\/\\\/lospoliticosveracruz.com\\\/#website\",\"url\":\"https:\\\/\\\/lospoliticosveracruz.com\\\/\",\"name\":\"Los pol\u00edticos Veracruz\",\"description\":\"\",\"publisher\":{\"@id\":\"https:\\\/\\\/lospoliticosveracruz.com\\\/#organization\"},\"potentialAction\":[{\"@type\":\"SearchAction\",\"target\":{\"@type\":\"EntryPoint\",\"urlTemplate\":\"https:\\\/\\\/lospoliticosveracruz.com\\\/?s={search_term_string}\"},\"query-input\":{\"@type\":\"PropertyValueSpecification\",\"valueRequired\":true,\"valueName\":\"search_term_string\"}}],\"inLanguage\":\"es\"},{\"@type\":\"Organization\",\"@id\":\"https:\\\/\\\/lospoliticosveracruz.com\\\/#organization\",\"name\":\"Los pol\u00edticos Veracruz\",\"url\":\"https:\\\/\\\/lospoliticosveracruz.com\\\/\",\"logo\":{\"@type\":\"ImageObject\",\"inLanguage\":\"es\",\"@id\":\"https:\\\/\\\/lospoliticosveracruz.com\\\/#\\\/schema\\\/logo\\\/image\\\/\",\"url\":\"https:\\\/\\\/lospoliticosveracruz.com\\\/wp-content\\\/uploads\\\/2025\\\/12\\\/Logo-Nuevo-LOS-POLITICOS-1.jpg\",\"contentUrl\":\"https:\\\/\\\/lospoliticosveracruz.com\\\/wp-content\\\/uploads\\\/2025\\\/12\\\/Logo-Nuevo-LOS-POLITICOS-1.jpg\",\"width\":260,\"height\":70,\"caption\":\"Los pol\u00edticos Veracruz\"},\"image\":{\"@id\":\"https:\\\/\\\/lospoliticosveracruz.com\\\/#\\\/schema\\\/logo\\\/image\\\/\"},\"sameAs\":[\"https:\\\/\\\/www.facebook.com\\\/people\\\/Notimemes-de-los-Polticos\\\/61565672886568\\\/\",\"https:\\\/\\\/x.com\\\/LosPoliticosVer\"]},{\"@type\":\"Person\",\"@id\":\"https:\\\/\\\/lospoliticosveracruz.com\\\/#\\\/schema\\\/person\\\/b8702bb0e538456e6efd07080bf2a4a2\",\"name\":\"Lo viste en Los Pol\u00edticos\",\"image\":{\"@type\":\"ImageObject\",\"inLanguage\":\"es\",\"@id\":\"https:\\\/\\\/secure.gravatar.com\\\/avatar\\\/3a8de04a2656d44082be478bd6c086daa447c4651605818287b9532d3d0bd435?s=96&d=mm&r=g\",\"url\":\"https:\\\/\\\/secure.gravatar.com\\\/avatar\\\/3a8de04a2656d44082be478bd6c086daa447c4651605818287b9532d3d0bd435?s=96&d=mm&r=g\",\"contentUrl\":\"https:\\\/\\\/secure.gravatar.com\\\/avatar\\\/3a8de04a2656d44082be478bd6c086daa447c4651605818287b9532d3d0bd435?s=96&d=mm&r=g\",\"caption\":\"Lo viste en Los Pol\u00edticos\"},\"url\":\"https:\\\/\\\/lospoliticosveracruz.com\\\/?author=2\"}]}<\/script>\n<!-- \/ Yoast SEO plugin. -->","yoast_head_json":{"title":"\u00a0VERACRUZ Y SU PODER JUDICIAL\u00a0 - Los pol\u00edticos Veracruz","robots":{"index":"index","follow":"follow","max-snippet":"max-snippet:-1","max-image-preview":"max-image-preview:large","max-video-preview":"max-video-preview:-1"},"canonical":"https:\/\/lospoliticosveracruz.com\/?p=152860","og_locale":"es_ES","og_type":"article","og_title":"\u00a0VERACRUZ Y SU PODER JUDICIAL\u00a0 - Los pol\u00edticos Veracruz","og_description":"Yamiri Rodr\u00edguez Madrid La vuelta a Veracruz en un teclazo Contrario a los tropiezos que se han visto a nivel federal tras la elecci\u00f3n del pasado 1 de junio, Veracruz ofrece una postal distinta: en apenas tres d\u00edas se concret\u00f3 la adscripci\u00f3n de las y los nuevos jueces. No es un detalle menor ni un [&hellip;]","og_url":"https:\/\/lospoliticosveracruz.com\/?p=152860","og_site_name":"Los pol\u00edticos Veracruz","article_publisher":"https:\/\/www.facebook.com\/people\/Notimemes-de-los-Polticos\/61565672886568\/","article_published_time":"2025-09-19T13:55:51+00:00","article_modified_time":"2025-09-19T13:56:15+00:00","og_image":[{"width":600,"height":320,"url":"https:\/\/lospoliticosveracruz.com\/wp-content\/uploads\/2025\/04\/Yamiri-Rodriguez-Madrid-e1768315710241.jpg","type":"image\/jpeg"}],"author":"Lo viste en Los Pol\u00edticos","twitter_card":"summary_large_image","twitter_creator":"@LosPoliticosVer","twitter_site":"@LosPoliticosVer","twitter_misc":{"Escrito por":"Lo viste en Los Pol\u00edticos","Tiempo de lectura":"3 minutos"},"schema":{"@context":"https:\/\/schema.org","@graph":[{"@type":"Article","@id":"https:\/\/lospoliticosveracruz.com\/?p=152860#article","isPartOf":{"@id":"https:\/\/lospoliticosveracruz.com\/?p=152860"},"author":{"name":"Lo viste en Los Pol\u00edticos","@id":"https:\/\/lospoliticosveracruz.com\/#\/schema\/person\/b8702bb0e538456e6efd07080bf2a4a2"},"headline":"\u00a0VERACRUZ Y SU PODER JUDICIAL\u00a0","datePublished":"2025-09-19T13:55:51+00:00","dateModified":"2025-09-19T13:56:15+00:00","mainEntityOfPage":{"@id":"https:\/\/lospoliticosveracruz.com\/?p=152860"},"wordCount":692,"publisher":{"@id":"https:\/\/lospoliticosveracruz.com\/#organization"},"image":{"@id":"https:\/\/lospoliticosveracruz.com\/?p=152860#primaryimage"},"thumbnailUrl":"https:\/\/lospoliticosveracruz.com\/wp-content\/uploads\/2025\/04\/Yamiri-Rodriguez-Madrid-e1768315710241.jpg","keywords":["Yamiri Rodr\u00edguez Madrid"],"articleSection":["De Opini\u00f3n"],"inLanguage":"es"},{"@type":"WebPage","@id":"https:\/\/lospoliticosveracruz.com\/?p=152860","url":"https:\/\/lospoliticosveracruz.com\/?p=152860","name":"\u00a0VERACRUZ Y SU PODER JUDICIAL\u00a0 - Los pol\u00edticos Veracruz","isPartOf":{"@id":"https:\/\/lospoliticosveracruz.com\/#website"},"primaryImageOfPage":{"@id":"https:\/\/lospoliticosveracruz.com\/?p=152860#primaryimage"},"image":{"@id":"https:\/\/lospoliticosveracruz.com\/?p=152860#primaryimage"},"thumbnailUrl":"https:\/\/lospoliticosveracruz.com\/wp-content\/uploads\/2025\/04\/Yamiri-Rodriguez-Madrid-e1768315710241.jpg","datePublished":"2025-09-19T13:55:51+00:00","dateModified":"2025-09-19T13:56:15+00:00","breadcrumb":{"@id":"https:\/\/lospoliticosveracruz.com\/?p=152860#breadcrumb"},"inLanguage":"es","potentialAction":[{"@type":"ReadAction","target":["https:\/\/lospoliticosveracruz.com\/?p=152860"]}]},{"@type":"ImageObject","inLanguage":"es","@id":"https:\/\/lospoliticosveracruz.com\/?p=152860#primaryimage","url":"https:\/\/lospoliticosveracruz.com\/wp-content\/uploads\/2025\/04\/Yamiri-Rodriguez-Madrid-e1768315710241.jpg","contentUrl":"https:\/\/lospoliticosveracruz.com\/wp-content\/uploads\/2025\/04\/Yamiri-Rodriguez-Madrid-e1768315710241.jpg","width":600,"height":320},{"@type":"BreadcrumbList","@id":"https:\/\/lospoliticosveracruz.com\/?p=152860#breadcrumb","itemListElement":[{"@type":"ListItem","position":1,"name":"Portada","item":"https:\/\/lospoliticosveracruz.com\/"},{"@type":"ListItem","position":2,"name":"\u00a0VERACRUZ Y SU PODER JUDICIAL\u00a0"}]},{"@type":"WebSite","@id":"https:\/\/lospoliticosveracruz.com\/#website","url":"https:\/\/lospoliticosveracruz.com\/","name":"Los pol\u00edticos Veracruz","description":"","publisher":{"@id":"https:\/\/lospoliticosveracruz.com\/#organization"},"potentialAction":[{"@type":"SearchAction","target":{"@type":"EntryPoint","urlTemplate":"https:\/\/lospoliticosveracruz.com\/?s={search_term_string}"},"query-input":{"@type":"PropertyValueSpecification","valueRequired":true,"valueName":"search_term_string"}}],"inLanguage":"es"},{"@type":"Organization","@id":"https:\/\/lospoliticosveracruz.com\/#organization","name":"Los pol\u00edticos Veracruz","url":"https:\/\/lospoliticosveracruz.com\/","logo":{"@type":"ImageObject","inLanguage":"es","@id":"https:\/\/lospoliticosveracruz.com\/#\/schema\/logo\/image\/","url":"https:\/\/lospoliticosveracruz.com\/wp-content\/uploads\/2025\/12\/Logo-Nuevo-LOS-POLITICOS-1.jpg","contentUrl":"https:\/\/lospoliticosveracruz.com\/wp-content\/uploads\/2025\/12\/Logo-Nuevo-LOS-POLITICOS-1.jpg","width":260,"height":70,"caption":"Los pol\u00edticos Veracruz"},"image":{"@id":"https:\/\/lospoliticosveracruz.com\/#\/schema\/logo\/image\/"},"sameAs":["https:\/\/www.facebook.com\/people\/Notimemes-de-los-Polticos\/61565672886568\/","https:\/\/x.com\/LosPoliticosVer"]},{"@type":"Person","@id":"https:\/\/lospoliticosveracruz.com\/#\/schema\/person\/b8702bb0e538456e6efd07080bf2a4a2","name":"Lo viste en Los Pol\u00edticos","image":{"@type":"ImageObject","inLanguage":"es","@id":"https:\/\/secure.gravatar.com\/avatar\/3a8de04a2656d44082be478bd6c086daa447c4651605818287b9532d3d0bd435?s=96&d=mm&r=g","url":"https:\/\/secure.gravatar.com\/avatar\/3a8de04a2656d44082be478bd6c086daa447c4651605818287b9532d3d0bd435?s=96&d=mm&r=g","contentUrl":"https:\/\/secure.gravatar.com\/avatar\/3a8de04a2656d44082be478bd6c086daa447c4651605818287b9532d3d0bd435?s=96&d=mm&r=g","caption":"Lo viste en Los Pol\u00edticos"},"url":"https:\/\/lospoliticosveracruz.com\/?author=2"}]}},"_links":{"self":[{"href":"https:\/\/lospoliticosveracruz.com\/index.php?rest_route=\/wp\/v2\/posts\/152860","targetHints":{"allow":["GET"]}}],"collection":[{"href":"https:\/\/lospoliticosveracruz.com\/index.php?rest_route=\/wp\/v2\/posts"}],"about":[{"href":"https:\/\/lospoliticosveracruz.com\/index.php?rest_route=\/wp\/v2\/types\/post"}],"author":[{"embeddable":true,"href":"https:\/\/lospoliticosveracruz.com\/index.php?rest_route=\/wp\/v2\/users\/2"}],"replies":[{"embeddable":true,"href":"https:\/\/lospoliticosveracruz.com\/index.php?rest_route=%2Fwp%2Fv2%2Fcomments&post=152860"}],"version-history":[{"count":1,"href":"https:\/\/lospoliticosveracruz.com\/index.php?rest_route=\/wp\/v2\/posts\/152860\/revisions"}],"predecessor-version":[{"id":152865,"href":"https:\/\/lospoliticosveracruz.com\/index.php?rest_route=\/wp\/v2\/posts\/152860\/revisions\/152865"}],"wp:featuredmedia":[{"embeddable":true,"href":"https:\/\/lospoliticosveracruz.com\/index.php?rest_route=\/wp\/v2\/media\/141413"}],"wp:attachment":[{"href":"https:\/\/lospoliticosveracruz.com\/index.php?rest_route=%2Fwp%2Fv2%2Fmedia&parent=152860"}],"wp:term":[{"taxonomy":"category","embeddable":true,"href":"https:\/\/lospoliticosveracruz.com\/index.php?rest_route=%2Fwp%2Fv2%2Fcategories&post=152860"},{"taxonomy":"post_tag","embeddable":true,"href":"https:\/\/lospoliticosveracruz.com\/index.php?rest_route=%2Fwp%2Fv2%2Ftags&post=152860"}],"curies":[{"name":"wp","href":"https:\/\/api.w.org\/{rel}","templated":true}]}}