{"id":152880,"date":"2025-09-19T11:57:32","date_gmt":"2025-09-19T16:57:32","guid":{"rendered":"https:\/\/lospoliticosveracruz.com.mx\/?p=152880"},"modified":"2025-09-19T11:58:08","modified_gmt":"2025-09-19T16:58:08","slug":"suministro-al-90","status":"publish","type":"post","link":"https:\/\/lospoliticosveracruz.com\/?p=152880","title":{"rendered":"SUMINISTRO, AL 90%!"},"content":{"rendered":"\n\n\n<p><strong>Karla M\u00e9ndez<br><\/strong>El titular de la Secretar\u00eda de Salud, Valent\u00edn Herrera Alarc\u00f3n, asegur\u00f3 que el suministro de medicamentos en hospitales y centros de salud del estado est\u00e1 cerca del 90 por ciento, adem\u00e1s ya se concretaron los contratos para adquirir f\u00e1rmacos oncol\u00f3gicos.<\/p>\n\n\n\n<p>En entrevista, el funcionario estatal, dijo que el porcentaje var\u00eda seg\u00fan la din\u00e1mica de cada unidad m\u00e9dica, pero el promedio estatal es alto.<\/p>\n\n\n\n\n\n<p>\u201cEs variable, depende del dinamismo que se use, pero ya ve que ahora la mayor parte viene de la Ciudad de M\u00e9xico y la parte que falta nosotros lo adquirimos ac\u00e1 por parte de nuestra gobernadora. Digamos de manera general. 85, 90 m\u00e1s o menos\u201d.<\/p>\n\n\n\n<p>Sobre los medicamentos para pacientes con c\u00e1ncer, subray\u00f3 que el tema es atendido directamente por la mandataria estatal.<\/p>\n\n\n\n<p>\u201cEse tema lo ve directamente la gobernadora y ya se hicieron los contratos y va bien\u201d.<\/p>\n\n\n\n<p>Herrera Alarc\u00f3n agreg\u00f3 que contin\u00faa el trabajo para fortalecer la infraestructura hospitalaria en varias regiones del estado.<\/p>\n\n\n\n<p>\u201cEn el tema de infraestructura se\u00f1al\u00f3 que se sigue trabajando en los hospitales de P\u00e1nuco, Tuxpan, Poza Rica, Misantla, Tlapacoyan\u201d.<\/p>\n\n\n\n<p>Sobre los recientes casos de infecci\u00f3n diarreica aguda en el municipio de Tatahuicapan, confirm\u00f3 que la causa fue identificada en el suministro local de agua potable:\u00f1.<\/p>\n\n\n\n<p>\u201cFue una contaminaci\u00f3n del agua, del abastecimiento del municipio\u201d.<\/p>\n\n\n\n<p>En materia de atenci\u00f3n a personas con VIH, destac\u00f3 que el sistema de salud estatal mantiene cobertura total de medicamentos y servicios.<\/p>\n\n\n\n<p>\u201cEst\u00e1n al 100 por ciento los medicamentos de VIH y la atenci\u00f3n que se est\u00e1 dando es muy buena\u201d.<\/p>\n\n\n\n<p>Adem\u00e1s, se\u00f1al\u00f3 que Veracruz cuenta con suficiente biol\u00f3gico contra el sarampi\u00f3n e hizo un llamado a la poblaci\u00f3n a inmunizarse:<\/p>\n\n\n\n<p>\u201cHay vacunas suficientes contra el sarampi\u00f3n. Les recomendar\u00eda que a sus familias, amigos y todos que se vacunen\u201d.<\/p>\n\n\n\n<p>Finalmente, el secretario de salud, reafirm\u00f3 que estas acciones buscan garantizar atenci\u00f3n oportuna y reforzar la prevenci\u00f3n sanitaria en todo el estado.<\/p>\n","protected":false},"excerpt":{"rendered":"<p>Karla M\u00e9ndezEl titular de la Secretar\u00eda de Salud, Valent\u00edn Herrera Alarc\u00f3n, asegur\u00f3 que el suministro de medicamentos en hospitales y centros de salud del estado est\u00e1 cerca del 90 por ciento, adem\u00e1s ya se concretaron los contratos para adquirir f\u00e1rmacos oncol\u00f3gicos. En entrevista, el funcionario estatal, dijo que el porcentaje var\u00eda seg\u00fan la din\u00e1mica de [&hellip;]<\/p>\n","protected":false},"author":2,"featured_media":152881,"comment_status":"closed","ping_status":"closed","sticky":false,"template":"","format":"standard","meta":{"tdm_status":"","tdm_grid_status":"","footnotes":""},"categories":[6446],"tags":[995,41241],"class_list":{"0":"post-152880","1":"post","2":"type-post","3":"status-publish","4":"format-standard","5":"has-post-thumbnail","7":"category-la-nota","8":"tag-secretaria-de-salud","9":"tag-valentin-herrera-alarcon"},"yoast_head":"<!-- This site is optimized with the Yoast SEO plugin v27.4 - https:\/\/yoast.com\/product\/yoast-seo-wordpress\/ -->\n<title>SUMINISTRO, AL 90%! - Los pol\u00edticos Veracruz<\/title>\n<meta name=\"robots\" content=\"index, follow, max-snippet:-1, max-image-preview:large, max-video-preview:-1\" \/>\n<link rel=\"canonical\" href=\"https:\/\/lospoliticosveracruz.com\/?p=152880\" \/>\n<meta property=\"og:locale\" content=\"es_ES\" \/>\n<meta property=\"og:type\" content=\"article\" \/>\n<meta property=\"og:title\" content=\"SUMINISTRO, AL 90%! - Los pol\u00edticos Veracruz\" \/>\n<meta property=\"og:description\" content=\"Karla M\u00e9ndezEl titular de la Secretar\u00eda de Salud, Valent\u00edn Herrera Alarc\u00f3n, asegur\u00f3 que el suministro de medicamentos en hospitales y centros de salud del estado est\u00e1 cerca del 90 por ciento, adem\u00e1s ya se concretaron los contratos para adquirir f\u00e1rmacos oncol\u00f3gicos. En entrevista, el funcionario estatal, dijo que el porcentaje var\u00eda seg\u00fan la din\u00e1mica de [&hellip;]\" \/>\n<meta property=\"og:url\" content=\"https:\/\/lospoliticosveracruz.com\/?p=152880\" \/>\n<meta property=\"og:site_name\" content=\"Los pol\u00edticos Veracruz\" \/>\n<meta property=\"article:publisher\" content=\"https:\/\/www.facebook.com\/people\/Notimemes-de-los-Polticos\/61565672886568\/\" \/>\n<meta property=\"article:published_time\" content=\"2025-09-19T16:57:32+00:00\" \/>\n<meta property=\"article:modified_time\" content=\"2025-09-19T16:58:08+00:00\" \/>\n<meta property=\"og:image\" content=\"https:\/\/lospoliticosveracruz.com\/wp-content\/uploads\/2025\/09\/WhatsApp-Image-2025-09-19-at-10.53.57.jpeg\" \/>\n\t<meta property=\"og:image:width\" content=\"600\" \/>\n\t<meta property=\"og:image:height\" content=\"320\" \/>\n\t<meta property=\"og:image:type\" content=\"image\/jpeg\" \/>\n<meta name=\"author\" content=\"Lo viste en Los Pol\u00edticos\" \/>\n<meta name=\"twitter:card\" content=\"summary_large_image\" \/>\n<meta name=\"twitter:creator\" content=\"@LosPoliticosVer\" \/>\n<meta name=\"twitter:site\" content=\"@LosPoliticosVer\" \/>\n<meta name=\"twitter:label1\" content=\"Escrito por\" \/>\n\t<meta name=\"twitter:data1\" content=\"Lo viste en Los Pol\u00edticos\" \/>\n\t<meta name=\"twitter:label2\" content=\"Tiempo de lectura\" \/>\n\t<meta name=\"twitter:data2\" content=\"2 minutos\" \/>\n<script type=\"application\/ld+json\" class=\"yoast-schema-graph\">{\"@context\":\"https:\\\/\\\/schema.org\",\"@graph\":[{\"@type\":\"Article\",\"@id\":\"https:\\\/\\\/lospoliticosveracruz.com\\\/?p=152880#article\",\"isPartOf\":{\"@id\":\"https:\\\/\\\/lospoliticosveracruz.com\\\/?p=152880\"},\"author\":{\"name\":\"Lo viste en Los Pol\u00edticos\",\"@id\":\"https:\\\/\\\/lospoliticosveracruz.com\\\/#\\\/schema\\\/person\\\/b8702bb0e538456e6efd07080bf2a4a2\"},\"headline\":\"SUMINISTRO, AL 90%!\",\"datePublished\":\"2025-09-19T16:57:32+00:00\",\"dateModified\":\"2025-09-19T16:58:08+00:00\",\"mainEntityOfPage\":{\"@id\":\"https:\\\/\\\/lospoliticosveracruz.com\\\/?p=152880\"},\"wordCount\":347,\"publisher\":{\"@id\":\"https:\\\/\\\/lospoliticosveracruz.com\\\/#organization\"},\"image\":{\"@id\":\"https:\\\/\\\/lospoliticosveracruz.com\\\/?p=152880#primaryimage\"},\"thumbnailUrl\":\"https:\\\/\\\/lospoliticosveracruz.com\\\/wp-content\\\/uploads\\\/2025\\\/09\\\/WhatsApp-Image-2025-09-19-at-10.53.57.jpeg\",\"keywords\":[\"Secretar\u00eda de Salud\",\"Valent\u00edn Herrera Alarc\u00f3n\"],\"articleSection\":[\"La Nota\"],\"inLanguage\":\"es\"},{\"@type\":\"WebPage\",\"@id\":\"https:\\\/\\\/lospoliticosveracruz.com\\\/?p=152880\",\"url\":\"https:\\\/\\\/lospoliticosveracruz.com\\\/?p=152880\",\"name\":\"SUMINISTRO, AL 90%! - Los pol\u00edticos Veracruz\",\"isPartOf\":{\"@id\":\"https:\\\/\\\/lospoliticosveracruz.com\\\/#website\"},\"primaryImageOfPage\":{\"@id\":\"https:\\\/\\\/lospoliticosveracruz.com\\\/?p=152880#primaryimage\"},\"image\":{\"@id\":\"https:\\\/\\\/lospoliticosveracruz.com\\\/?p=152880#primaryimage\"},\"thumbnailUrl\":\"https:\\\/\\\/lospoliticosveracruz.com\\\/wp-content\\\/uploads\\\/2025\\\/09\\\/WhatsApp-Image-2025-09-19-at-10.53.57.jpeg\",\"datePublished\":\"2025-09-19T16:57:32+00:00\",\"dateModified\":\"2025-09-19T16:58:08+00:00\",\"breadcrumb\":{\"@id\":\"https:\\\/\\\/lospoliticosveracruz.com\\\/?p=152880#breadcrumb\"},\"inLanguage\":\"es\",\"potentialAction\":[{\"@type\":\"ReadAction\",\"target\":[\"https:\\\/\\\/lospoliticosveracruz.com\\\/?p=152880\"]}]},{\"@type\":\"ImageObject\",\"inLanguage\":\"es\",\"@id\":\"https:\\\/\\\/lospoliticosveracruz.com\\\/?p=152880#primaryimage\",\"url\":\"https:\\\/\\\/lospoliticosveracruz.com\\\/wp-content\\\/uploads\\\/2025\\\/09\\\/WhatsApp-Image-2025-09-19-at-10.53.57.jpeg\",\"contentUrl\":\"https:\\\/\\\/lospoliticosveracruz.com\\\/wp-content\\\/uploads\\\/2025\\\/09\\\/WhatsApp-Image-2025-09-19-at-10.53.57.jpeg\",\"width\":600,\"height\":320},{\"@type\":\"BreadcrumbList\",\"@id\":\"https:\\\/\\\/lospoliticosveracruz.com\\\/?p=152880#breadcrumb\",\"itemListElement\":[{\"@type\":\"ListItem\",\"position\":1,\"name\":\"Portada\",\"item\":\"https:\\\/\\\/lospoliticosveracruz.com\\\/\"},{\"@type\":\"ListItem\",\"position\":2,\"name\":\"SUMINISTRO, AL 90%!\"}]},{\"@type\":\"WebSite\",\"@id\":\"https:\\\/\\\/lospoliticosveracruz.com\\\/#website\",\"url\":\"https:\\\/\\\/lospoliticosveracruz.com\\\/\",\"name\":\"Los pol\u00edticos Veracruz\",\"description\":\"\",\"publisher\":{\"@id\":\"https:\\\/\\\/lospoliticosveracruz.com\\\/#organization\"},\"potentialAction\":[{\"@type\":\"SearchAction\",\"target\":{\"@type\":\"EntryPoint\",\"urlTemplate\":\"https:\\\/\\\/lospoliticosveracruz.com\\\/?s={search_term_string}\"},\"query-input\":{\"@type\":\"PropertyValueSpecification\",\"valueRequired\":true,\"valueName\":\"search_term_string\"}}],\"inLanguage\":\"es\"},{\"@type\":\"Organization\",\"@id\":\"https:\\\/\\\/lospoliticosveracruz.com\\\/#organization\",\"name\":\"Los pol\u00edticos Veracruz\",\"url\":\"https:\\\/\\\/lospoliticosveracruz.com\\\/\",\"logo\":{\"@type\":\"ImageObject\",\"inLanguage\":\"es\",\"@id\":\"https:\\\/\\\/lospoliticosveracruz.com\\\/#\\\/schema\\\/logo\\\/image\\\/\",\"url\":\"https:\\\/\\\/lospoliticosveracruz.com\\\/wp-content\\\/uploads\\\/2025\\\/12\\\/Logo-Nuevo-LOS-POLITICOS-1.jpg\",\"contentUrl\":\"https:\\\/\\\/lospoliticosveracruz.com\\\/wp-content\\\/uploads\\\/2025\\\/12\\\/Logo-Nuevo-LOS-POLITICOS-1.jpg\",\"width\":260,\"height\":70,\"caption\":\"Los pol\u00edticos Veracruz\"},\"image\":{\"@id\":\"https:\\\/\\\/lospoliticosveracruz.com\\\/#\\\/schema\\\/logo\\\/image\\\/\"},\"sameAs\":[\"https:\\\/\\\/www.facebook.com\\\/people\\\/Notimemes-de-los-Polticos\\\/61565672886568\\\/\",\"https:\\\/\\\/x.com\\\/LosPoliticosVer\"]},{\"@type\":\"Person\",\"@id\":\"https:\\\/\\\/lospoliticosveracruz.com\\\/#\\\/schema\\\/person\\\/b8702bb0e538456e6efd07080bf2a4a2\",\"name\":\"Lo viste en Los Pol\u00edticos\",\"image\":{\"@type\":\"ImageObject\",\"inLanguage\":\"es\",\"@id\":\"https:\\\/\\\/secure.gravatar.com\\\/avatar\\\/3a8de04a2656d44082be478bd6c086daa447c4651605818287b9532d3d0bd435?s=96&d=mm&r=g\",\"url\":\"https:\\\/\\\/secure.gravatar.com\\\/avatar\\\/3a8de04a2656d44082be478bd6c086daa447c4651605818287b9532d3d0bd435?s=96&d=mm&r=g\",\"contentUrl\":\"https:\\\/\\\/secure.gravatar.com\\\/avatar\\\/3a8de04a2656d44082be478bd6c086daa447c4651605818287b9532d3d0bd435?s=96&d=mm&r=g\",\"caption\":\"Lo viste en Los Pol\u00edticos\"},\"url\":\"https:\\\/\\\/lospoliticosveracruz.com\\\/?author=2\"}]}<\/script>\n<!-- \/ Yoast SEO plugin. -->","yoast_head_json":{"title":"SUMINISTRO, AL 90%! - Los pol\u00edticos Veracruz","robots":{"index":"index","follow":"follow","max-snippet":"max-snippet:-1","max-image-preview":"max-image-preview:large","max-video-preview":"max-video-preview:-1"},"canonical":"https:\/\/lospoliticosveracruz.com\/?p=152880","og_locale":"es_ES","og_type":"article","og_title":"SUMINISTRO, AL 90%! - Los pol\u00edticos Veracruz","og_description":"Karla M\u00e9ndezEl titular de la Secretar\u00eda de Salud, Valent\u00edn Herrera Alarc\u00f3n, asegur\u00f3 que el suministro de medicamentos en hospitales y centros de salud del estado est\u00e1 cerca del 90 por ciento, adem\u00e1s ya se concretaron los contratos para adquirir f\u00e1rmacos oncol\u00f3gicos. En entrevista, el funcionario estatal, dijo que el porcentaje var\u00eda seg\u00fan la din\u00e1mica de [&hellip;]","og_url":"https:\/\/lospoliticosveracruz.com\/?p=152880","og_site_name":"Los pol\u00edticos Veracruz","article_publisher":"https:\/\/www.facebook.com\/people\/Notimemes-de-los-Polticos\/61565672886568\/","article_published_time":"2025-09-19T16:57:32+00:00","article_modified_time":"2025-09-19T16:58:08+00:00","og_image":[{"width":600,"height":320,"url":"https:\/\/lospoliticosveracruz.com\/wp-content\/uploads\/2025\/09\/WhatsApp-Image-2025-09-19-at-10.53.57.jpeg","type":"image\/jpeg"}],"author":"Lo viste en Los Pol\u00edticos","twitter_card":"summary_large_image","twitter_creator":"@LosPoliticosVer","twitter_site":"@LosPoliticosVer","twitter_misc":{"Escrito por":"Lo viste en Los Pol\u00edticos","Tiempo de lectura":"2 minutos"},"schema":{"@context":"https:\/\/schema.org","@graph":[{"@type":"Article","@id":"https:\/\/lospoliticosveracruz.com\/?p=152880#article","isPartOf":{"@id":"https:\/\/lospoliticosveracruz.com\/?p=152880"},"author":{"name":"Lo viste en Los Pol\u00edticos","@id":"https:\/\/lospoliticosveracruz.com\/#\/schema\/person\/b8702bb0e538456e6efd07080bf2a4a2"},"headline":"SUMINISTRO, AL 90%!","datePublished":"2025-09-19T16:57:32+00:00","dateModified":"2025-09-19T16:58:08+00:00","mainEntityOfPage":{"@id":"https:\/\/lospoliticosveracruz.com\/?p=152880"},"wordCount":347,"publisher":{"@id":"https:\/\/lospoliticosveracruz.com\/#organization"},"image":{"@id":"https:\/\/lospoliticosveracruz.com\/?p=152880#primaryimage"},"thumbnailUrl":"https:\/\/lospoliticosveracruz.com\/wp-content\/uploads\/2025\/09\/WhatsApp-Image-2025-09-19-at-10.53.57.jpeg","keywords":["Secretar\u00eda de Salud","Valent\u00edn Herrera Alarc\u00f3n"],"articleSection":["La Nota"],"inLanguage":"es"},{"@type":"WebPage","@id":"https:\/\/lospoliticosveracruz.com\/?p=152880","url":"https:\/\/lospoliticosveracruz.com\/?p=152880","name":"SUMINISTRO, AL 90%! - Los pol\u00edticos Veracruz","isPartOf":{"@id":"https:\/\/lospoliticosveracruz.com\/#website"},"primaryImageOfPage":{"@id":"https:\/\/lospoliticosveracruz.com\/?p=152880#primaryimage"},"image":{"@id":"https:\/\/lospoliticosveracruz.com\/?p=152880#primaryimage"},"thumbnailUrl":"https:\/\/lospoliticosveracruz.com\/wp-content\/uploads\/2025\/09\/WhatsApp-Image-2025-09-19-at-10.53.57.jpeg","datePublished":"2025-09-19T16:57:32+00:00","dateModified":"2025-09-19T16:58:08+00:00","breadcrumb":{"@id":"https:\/\/lospoliticosveracruz.com\/?p=152880#breadcrumb"},"inLanguage":"es","potentialAction":[{"@type":"ReadAction","target":["https:\/\/lospoliticosveracruz.com\/?p=152880"]}]},{"@type":"ImageObject","inLanguage":"es","@id":"https:\/\/lospoliticosveracruz.com\/?p=152880#primaryimage","url":"https:\/\/lospoliticosveracruz.com\/wp-content\/uploads\/2025\/09\/WhatsApp-Image-2025-09-19-at-10.53.57.jpeg","contentUrl":"https:\/\/lospoliticosveracruz.com\/wp-content\/uploads\/2025\/09\/WhatsApp-Image-2025-09-19-at-10.53.57.jpeg","width":600,"height":320},{"@type":"BreadcrumbList","@id":"https:\/\/lospoliticosveracruz.com\/?p=152880#breadcrumb","itemListElement":[{"@type":"ListItem","position":1,"name":"Portada","item":"https:\/\/lospoliticosveracruz.com\/"},{"@type":"ListItem","position":2,"name":"SUMINISTRO, AL 90%!"}]},{"@type":"WebSite","@id":"https:\/\/lospoliticosveracruz.com\/#website","url":"https:\/\/lospoliticosveracruz.com\/","name":"Los pol\u00edticos Veracruz","description":"","publisher":{"@id":"https:\/\/lospoliticosveracruz.com\/#organization"},"potentialAction":[{"@type":"SearchAction","target":{"@type":"EntryPoint","urlTemplate":"https:\/\/lospoliticosveracruz.com\/?s={search_term_string}"},"query-input":{"@type":"PropertyValueSpecification","valueRequired":true,"valueName":"search_term_string"}}],"inLanguage":"es"},{"@type":"Organization","@id":"https:\/\/lospoliticosveracruz.com\/#organization","name":"Los pol\u00edticos Veracruz","url":"https:\/\/lospoliticosveracruz.com\/","logo":{"@type":"ImageObject","inLanguage":"es","@id":"https:\/\/lospoliticosveracruz.com\/#\/schema\/logo\/image\/","url":"https:\/\/lospoliticosveracruz.com\/wp-content\/uploads\/2025\/12\/Logo-Nuevo-LOS-POLITICOS-1.jpg","contentUrl":"https:\/\/lospoliticosveracruz.com\/wp-content\/uploads\/2025\/12\/Logo-Nuevo-LOS-POLITICOS-1.jpg","width":260,"height":70,"caption":"Los pol\u00edticos Veracruz"},"image":{"@id":"https:\/\/lospoliticosveracruz.com\/#\/schema\/logo\/image\/"},"sameAs":["https:\/\/www.facebook.com\/people\/Notimemes-de-los-Polticos\/61565672886568\/","https:\/\/x.com\/LosPoliticosVer"]},{"@type":"Person","@id":"https:\/\/lospoliticosveracruz.com\/#\/schema\/person\/b8702bb0e538456e6efd07080bf2a4a2","name":"Lo viste en Los Pol\u00edticos","image":{"@type":"ImageObject","inLanguage":"es","@id":"https:\/\/secure.gravatar.com\/avatar\/3a8de04a2656d44082be478bd6c086daa447c4651605818287b9532d3d0bd435?s=96&d=mm&r=g","url":"https:\/\/secure.gravatar.com\/avatar\/3a8de04a2656d44082be478bd6c086daa447c4651605818287b9532d3d0bd435?s=96&d=mm&r=g","contentUrl":"https:\/\/secure.gravatar.com\/avatar\/3a8de04a2656d44082be478bd6c086daa447c4651605818287b9532d3d0bd435?s=96&d=mm&r=g","caption":"Lo viste en Los Pol\u00edticos"},"url":"https:\/\/lospoliticosveracruz.com\/?author=2"}]}},"_links":{"self":[{"href":"https:\/\/lospoliticosveracruz.com\/index.php?rest_route=\/wp\/v2\/posts\/152880","targetHints":{"allow":["GET"]}}],"collection":[{"href":"https:\/\/lospoliticosveracruz.com\/index.php?rest_route=\/wp\/v2\/posts"}],"about":[{"href":"https:\/\/lospoliticosveracruz.com\/index.php?rest_route=\/wp\/v2\/types\/post"}],"author":[{"embeddable":true,"href":"https:\/\/lospoliticosveracruz.com\/index.php?rest_route=\/wp\/v2\/users\/2"}],"replies":[{"embeddable":true,"href":"https:\/\/lospoliticosveracruz.com\/index.php?rest_route=%2Fwp%2Fv2%2Fcomments&post=152880"}],"version-history":[{"count":1,"href":"https:\/\/lospoliticosveracruz.com\/index.php?rest_route=\/wp\/v2\/posts\/152880\/revisions"}],"predecessor-version":[{"id":152883,"href":"https:\/\/lospoliticosveracruz.com\/index.php?rest_route=\/wp\/v2\/posts\/152880\/revisions\/152883"}],"wp:featuredmedia":[{"embeddable":true,"href":"https:\/\/lospoliticosveracruz.com\/index.php?rest_route=\/wp\/v2\/media\/152881"}],"wp:attachment":[{"href":"https:\/\/lospoliticosveracruz.com\/index.php?rest_route=%2Fwp%2Fv2%2Fmedia&parent=152880"}],"wp:term":[{"taxonomy":"category","embeddable":true,"href":"https:\/\/lospoliticosveracruz.com\/index.php?rest_route=%2Fwp%2Fv2%2Fcategories&post=152880"},{"taxonomy":"post_tag","embeddable":true,"href":"https:\/\/lospoliticosveracruz.com\/index.php?rest_route=%2Fwp%2Fv2%2Ftags&post=152880"}],"curies":[{"name":"wp","href":"https:\/\/api.w.org\/{rel}","templated":true}]}}