{"id":152923,"date":"2025-09-20T20:36:13","date_gmt":"2025-09-21T01:36:13","guid":{"rendered":"https:\/\/lospoliticosveracruz.com.mx\/?p=152923"},"modified":"2025-09-20T20:36:35","modified_gmt":"2025-09-21T01:36:35","slug":"tello-se-luce","status":"publish","type":"post","link":"https:\/\/lospoliticosveracruz.com\/?p=152923","title":{"rendered":"TELLO SE LUCE!"},"content":{"rendered":"\n\n\n<p><em>Papantla: <\/em>La Secretar\u00eda de Educaci\u00f3n de Veracruz (SEV) fortaleci\u00f3 la infraestructura y el bienestar estudiantil en este municipio con la entrega de materiales de rehabilitaci\u00f3n, mobiliario y equipo escolar a 12 planteles de Educaci\u00f3n B\u00e1sica, adem\u00e1s de participar en la dotaci\u00f3n de 250 lentes graduados a ni\u00f1as y ni\u00f1os de nivel primaria.<\/p>\n\n\n\n<p>Los planteles beneficiados fueron el preescolar&nbsp;TarcilaGarc\u00eda&nbsp;Garc\u00eda; las primarias Rodolfo&nbsp;Curti, Francisco Trejo, Emiliano Zapata, Concepci\u00f3n Fuentes (matutina), Mariano Olarte, Jaime Torres Bodet, Adolfo L\u00f3pez Mateos, Mar\u00eda Guti\u00e9rrez (matutino y vespertino), Carlos V. Torres&nbsp;Torija, as\u00ed como la Secundaria Papantla.<\/p>\n\n\n\n\n\n<p>La secretaria Claudia Tello Espinosa, encabez\u00f3 la entrega de apoyos en la primaria estatal Mar\u00eda Guti\u00e9rrez, turno vespertino, donde destac\u00f3 que estas acciones responden a las gestiones de directivos y forman parte del compromiso del Gobierno de Veracruz para que las y los alumnos cuenten con escuelas dignas, seguras y equipadas.<\/p>\n\n\n\n<p>Destac\u00f3 el respaldo de la presidenta de M\u00e9xico, Claudia Sheinbaum Pardo, y de la gobernadora Roc\u00edo Nahle Garc\u00eda, quienes han impulsado programas y obras en beneficio de las comunidades educativas.<\/p>\n\n\n\n<p>Asimismo, subray\u00f3 la importancia de la estrategia nacional Vive saludable, vive feliz, enfocada en el cuidado integral de la&nbsp;salud de las y los estudiantes.&nbsp;As\u00ed tambi\u00e9n, en&nbsp;crear ambientes arm\u00f3nicos promovidos por el gobierno estatal a trav\u00e9s de equipos para atender alba\u00f1iler\u00eda, electricidad y fontaner\u00eda dentro de las escuelas p\u00fablicas.<\/p>\n\n\n\n<p>En este marco, la SEV tambi\u00e9n acompa\u00f1\u00f3 al DIF Municipal de Papantla en la entrega de 250 lentes graduados a estudiantes de primaria, gracias al apoyo altruista del doctor V\u00edctor Hern\u00e1ndez L\u00f3pez, en un evento realizado en la escuela Francisco I. Madero.<\/p>\n\n\n\n<p>En representaci\u00f3n de la secretaria de Educaci\u00f3n, la directora de Recursos Humanos, Sof\u00eda&nbsp;Enith&nbsp;Quiroz Allende, agradeci\u00f3 al alcalde Celestino Pino Guevara, a la presidenta del DIF Municipal, Bertha Alicia Carro Barbosa, y a todas las instituciones que se suman a esta estrategia que prioriza el bienestar de la ni\u00f1ez.<\/p>\n\n\n\n<p>Destac\u00f3 que, en las primeras dos semanas del ciclo escolar 2025\u20132026, se han valorado 66 mil 696 alumnas y alumnos en 891 escuelas, lo que coloca a Veracruz como el segundo estado del pa\u00eds con mayor avance en la aplicaci\u00f3n de la estrategia.<\/p>\n","protected":false},"excerpt":{"rendered":"<p>Papantla: La Secretar\u00eda de Educaci\u00f3n de Veracruz (SEV) fortaleci\u00f3 la infraestructura y el bienestar estudiantil en este municipio con la entrega de materiales de rehabilitaci\u00f3n, mobiliario y equipo escolar a 12 planteles de Educaci\u00f3n B\u00e1sica, adem\u00e1s de participar en la dotaci\u00f3n de 250 lentes graduados a ni\u00f1as y ni\u00f1os de nivel primaria. Los planteles beneficiados [&hellip;]<\/p>\n","protected":false},"author":2,"featured_media":152924,"comment_status":"closed","ping_status":"closed","sticky":false,"template":"","format":"standard","meta":{"tdm_status":"","tdm_grid_status":"","footnotes":""},"categories":[73],"tags":[13953,4687,3315,3578,88,195],"class_list":{"0":"post-152923","1":"post","2":"type-post","3":"status-publish","4":"format-standard","5":"has-post-thumbnail","7":"category-de-boleto","8":"tag-claudia-tello-espinosa","9":"tag-escuelas","10":"tag-papantla","11":"tag-rocio-nahle","12":"tag-sev","13":"tag-veracruz"},"yoast_head":"<!-- This site is optimized with the Yoast SEO plugin v27.4 - https:\/\/yoast.com\/product\/yoast-seo-wordpress\/ -->\n<title>TELLO SE LUCE! - Los pol\u00edticos Veracruz<\/title>\n<meta name=\"robots\" content=\"index, follow, max-snippet:-1, max-image-preview:large, max-video-preview:-1\" \/>\n<link rel=\"canonical\" href=\"https:\/\/lospoliticosveracruz.com\/?p=152923\" \/>\n<meta property=\"og:locale\" content=\"es_ES\" \/>\n<meta property=\"og:type\" content=\"article\" \/>\n<meta property=\"og:title\" content=\"TELLO SE LUCE! - Los pol\u00edticos Veracruz\" \/>\n<meta property=\"og:description\" content=\"Papantla: La Secretar\u00eda de Educaci\u00f3n de Veracruz (SEV) fortaleci\u00f3 la infraestructura y el bienestar estudiantil en este municipio con la entrega de materiales de rehabilitaci\u00f3n, mobiliario y equipo escolar a 12 planteles de Educaci\u00f3n B\u00e1sica, adem\u00e1s de participar en la dotaci\u00f3n de 250 lentes graduados a ni\u00f1as y ni\u00f1os de nivel primaria. Los planteles beneficiados [&hellip;]\" \/>\n<meta property=\"og:url\" content=\"https:\/\/lospoliticosveracruz.com\/?p=152923\" \/>\n<meta property=\"og:site_name\" content=\"Los pol\u00edticos Veracruz\" \/>\n<meta property=\"article:publisher\" content=\"https:\/\/www.facebook.com\/people\/Notimemes-de-los-Polticos\/61565672886568\/\" \/>\n<meta property=\"article:published_time\" content=\"2025-09-21T01:36:13+00:00\" \/>\n<meta property=\"article:modified_time\" content=\"2025-09-21T01:36:35+00:00\" \/>\n<meta property=\"og:image\" content=\"https:\/\/lospoliticosveracruz.com\/wp-content\/uploads\/2025\/09\/03c08993-599f-45e1-b20d-0b6b5b50656b.jpeg\" \/>\n\t<meta property=\"og:image:width\" content=\"1280\" \/>\n\t<meta property=\"og:image:height\" content=\"852\" \/>\n\t<meta property=\"og:image:type\" content=\"image\/jpeg\" \/>\n<meta name=\"author\" content=\"Lo viste en Los Pol\u00edticos\" \/>\n<meta name=\"twitter:card\" content=\"summary_large_image\" \/>\n<meta name=\"twitter:creator\" content=\"@LosPoliticosVer\" \/>\n<meta name=\"twitter:site\" content=\"@LosPoliticosVer\" \/>\n<meta name=\"twitter:label1\" content=\"Escrito por\" \/>\n\t<meta name=\"twitter:data1\" content=\"Lo viste en Los Pol\u00edticos\" \/>\n\t<meta name=\"twitter:label2\" content=\"Tiempo de lectura\" \/>\n\t<meta name=\"twitter:data2\" content=\"2 minutos\" \/>\n<script type=\"application\/ld+json\" class=\"yoast-schema-graph\">{\"@context\":\"https:\\\/\\\/schema.org\",\"@graph\":[{\"@type\":\"Article\",\"@id\":\"https:\\\/\\\/lospoliticosveracruz.com\\\/?p=152923#article\",\"isPartOf\":{\"@id\":\"https:\\\/\\\/lospoliticosveracruz.com\\\/?p=152923\"},\"author\":{\"name\":\"Lo viste en Los Pol\u00edticos\",\"@id\":\"https:\\\/\\\/lospoliticosveracruz.com\\\/#\\\/schema\\\/person\\\/b8702bb0e538456e6efd07080bf2a4a2\"},\"headline\":\"TELLO SE LUCE!\",\"datePublished\":\"2025-09-21T01:36:13+00:00\",\"dateModified\":\"2025-09-21T01:36:35+00:00\",\"mainEntityOfPage\":{\"@id\":\"https:\\\/\\\/lospoliticosveracruz.com\\\/?p=152923\"},\"wordCount\":402,\"publisher\":{\"@id\":\"https:\\\/\\\/lospoliticosveracruz.com\\\/#organization\"},\"image\":{\"@id\":\"https:\\\/\\\/lospoliticosveracruz.com\\\/?p=152923#primaryimage\"},\"thumbnailUrl\":\"https:\\\/\\\/lospoliticosveracruz.com\\\/wp-content\\\/uploads\\\/2025\\\/09\\\/03c08993-599f-45e1-b20d-0b6b5b50656b.jpeg\",\"keywords\":[\"Claudia Tello Espinosa\",\"Escuelas\",\"Papantla\",\"Roc\u00edo Nahle\",\"SEV\",\"Veracruz\"],\"articleSection\":[\"De Boleto\"],\"inLanguage\":\"es\"},{\"@type\":\"WebPage\",\"@id\":\"https:\\\/\\\/lospoliticosveracruz.com\\\/?p=152923\",\"url\":\"https:\\\/\\\/lospoliticosveracruz.com\\\/?p=152923\",\"name\":\"TELLO SE LUCE! - Los pol\u00edticos Veracruz\",\"isPartOf\":{\"@id\":\"https:\\\/\\\/lospoliticosveracruz.com\\\/#website\"},\"primaryImageOfPage\":{\"@id\":\"https:\\\/\\\/lospoliticosveracruz.com\\\/?p=152923#primaryimage\"},\"image\":{\"@id\":\"https:\\\/\\\/lospoliticosveracruz.com\\\/?p=152923#primaryimage\"},\"thumbnailUrl\":\"https:\\\/\\\/lospoliticosveracruz.com\\\/wp-content\\\/uploads\\\/2025\\\/09\\\/03c08993-599f-45e1-b20d-0b6b5b50656b.jpeg\",\"datePublished\":\"2025-09-21T01:36:13+00:00\",\"dateModified\":\"2025-09-21T01:36:35+00:00\",\"breadcrumb\":{\"@id\":\"https:\\\/\\\/lospoliticosveracruz.com\\\/?p=152923#breadcrumb\"},\"inLanguage\":\"es\",\"potentialAction\":[{\"@type\":\"ReadAction\",\"target\":[\"https:\\\/\\\/lospoliticosveracruz.com\\\/?p=152923\"]}]},{\"@type\":\"ImageObject\",\"inLanguage\":\"es\",\"@id\":\"https:\\\/\\\/lospoliticosveracruz.com\\\/?p=152923#primaryimage\",\"url\":\"https:\\\/\\\/lospoliticosveracruz.com\\\/wp-content\\\/uploads\\\/2025\\\/09\\\/03c08993-599f-45e1-b20d-0b6b5b50656b.jpeg\",\"contentUrl\":\"https:\\\/\\\/lospoliticosveracruz.com\\\/wp-content\\\/uploads\\\/2025\\\/09\\\/03c08993-599f-45e1-b20d-0b6b5b50656b.jpeg\",\"width\":1280,\"height\":852},{\"@type\":\"BreadcrumbList\",\"@id\":\"https:\\\/\\\/lospoliticosveracruz.com\\\/?p=152923#breadcrumb\",\"itemListElement\":[{\"@type\":\"ListItem\",\"position\":1,\"name\":\"Portada\",\"item\":\"https:\\\/\\\/lospoliticosveracruz.com\\\/\"},{\"@type\":\"ListItem\",\"position\":2,\"name\":\"TELLO SE LUCE!\"}]},{\"@type\":\"WebSite\",\"@id\":\"https:\\\/\\\/lospoliticosveracruz.com\\\/#website\",\"url\":\"https:\\\/\\\/lospoliticosveracruz.com\\\/\",\"name\":\"Los pol\u00edticos Veracruz\",\"description\":\"\",\"publisher\":{\"@id\":\"https:\\\/\\\/lospoliticosveracruz.com\\\/#organization\"},\"potentialAction\":[{\"@type\":\"SearchAction\",\"target\":{\"@type\":\"EntryPoint\",\"urlTemplate\":\"https:\\\/\\\/lospoliticosveracruz.com\\\/?s={search_term_string}\"},\"query-input\":{\"@type\":\"PropertyValueSpecification\",\"valueRequired\":true,\"valueName\":\"search_term_string\"}}],\"inLanguage\":\"es\"},{\"@type\":\"Organization\",\"@id\":\"https:\\\/\\\/lospoliticosveracruz.com\\\/#organization\",\"name\":\"Los pol\u00edticos Veracruz\",\"url\":\"https:\\\/\\\/lospoliticosveracruz.com\\\/\",\"logo\":{\"@type\":\"ImageObject\",\"inLanguage\":\"es\",\"@id\":\"https:\\\/\\\/lospoliticosveracruz.com\\\/#\\\/schema\\\/logo\\\/image\\\/\",\"url\":\"https:\\\/\\\/lospoliticosveracruz.com\\\/wp-content\\\/uploads\\\/2025\\\/12\\\/Logo-Nuevo-LOS-POLITICOS-1.jpg\",\"contentUrl\":\"https:\\\/\\\/lospoliticosveracruz.com\\\/wp-content\\\/uploads\\\/2025\\\/12\\\/Logo-Nuevo-LOS-POLITICOS-1.jpg\",\"width\":260,\"height\":70,\"caption\":\"Los pol\u00edticos Veracruz\"},\"image\":{\"@id\":\"https:\\\/\\\/lospoliticosveracruz.com\\\/#\\\/schema\\\/logo\\\/image\\\/\"},\"sameAs\":[\"https:\\\/\\\/www.facebook.com\\\/people\\\/Notimemes-de-los-Polticos\\\/61565672886568\\\/\",\"https:\\\/\\\/x.com\\\/LosPoliticosVer\"]},{\"@type\":\"Person\",\"@id\":\"https:\\\/\\\/lospoliticosveracruz.com\\\/#\\\/schema\\\/person\\\/b8702bb0e538456e6efd07080bf2a4a2\",\"name\":\"Lo viste en Los Pol\u00edticos\",\"image\":{\"@type\":\"ImageObject\",\"inLanguage\":\"es\",\"@id\":\"https:\\\/\\\/secure.gravatar.com\\\/avatar\\\/3a8de04a2656d44082be478bd6c086daa447c4651605818287b9532d3d0bd435?s=96&d=mm&r=g\",\"url\":\"https:\\\/\\\/secure.gravatar.com\\\/avatar\\\/3a8de04a2656d44082be478bd6c086daa447c4651605818287b9532d3d0bd435?s=96&d=mm&r=g\",\"contentUrl\":\"https:\\\/\\\/secure.gravatar.com\\\/avatar\\\/3a8de04a2656d44082be478bd6c086daa447c4651605818287b9532d3d0bd435?s=96&d=mm&r=g\",\"caption\":\"Lo viste en Los Pol\u00edticos\"},\"url\":\"https:\\\/\\\/lospoliticosveracruz.com\\\/?author=2\"}]}<\/script>\n<!-- \/ Yoast SEO plugin. -->","yoast_head_json":{"title":"TELLO SE LUCE! - Los pol\u00edticos Veracruz","robots":{"index":"index","follow":"follow","max-snippet":"max-snippet:-1","max-image-preview":"max-image-preview:large","max-video-preview":"max-video-preview:-1"},"canonical":"https:\/\/lospoliticosveracruz.com\/?p=152923","og_locale":"es_ES","og_type":"article","og_title":"TELLO SE LUCE! - Los pol\u00edticos Veracruz","og_description":"Papantla: La Secretar\u00eda de Educaci\u00f3n de Veracruz (SEV) fortaleci\u00f3 la infraestructura y el bienestar estudiantil en este municipio con la entrega de materiales de rehabilitaci\u00f3n, mobiliario y equipo escolar a 12 planteles de Educaci\u00f3n B\u00e1sica, adem\u00e1s de participar en la dotaci\u00f3n de 250 lentes graduados a ni\u00f1as y ni\u00f1os de nivel primaria. Los planteles beneficiados [&hellip;]","og_url":"https:\/\/lospoliticosveracruz.com\/?p=152923","og_site_name":"Los pol\u00edticos Veracruz","article_publisher":"https:\/\/www.facebook.com\/people\/Notimemes-de-los-Polticos\/61565672886568\/","article_published_time":"2025-09-21T01:36:13+00:00","article_modified_time":"2025-09-21T01:36:35+00:00","og_image":[{"width":1280,"height":852,"url":"https:\/\/lospoliticosveracruz.com\/wp-content\/uploads\/2025\/09\/03c08993-599f-45e1-b20d-0b6b5b50656b.jpeg","type":"image\/jpeg"}],"author":"Lo viste en Los Pol\u00edticos","twitter_card":"summary_large_image","twitter_creator":"@LosPoliticosVer","twitter_site":"@LosPoliticosVer","twitter_misc":{"Escrito por":"Lo viste en Los Pol\u00edticos","Tiempo de lectura":"2 minutos"},"schema":{"@context":"https:\/\/schema.org","@graph":[{"@type":"Article","@id":"https:\/\/lospoliticosveracruz.com\/?p=152923#article","isPartOf":{"@id":"https:\/\/lospoliticosveracruz.com\/?p=152923"},"author":{"name":"Lo viste en Los Pol\u00edticos","@id":"https:\/\/lospoliticosveracruz.com\/#\/schema\/person\/b8702bb0e538456e6efd07080bf2a4a2"},"headline":"TELLO SE LUCE!","datePublished":"2025-09-21T01:36:13+00:00","dateModified":"2025-09-21T01:36:35+00:00","mainEntityOfPage":{"@id":"https:\/\/lospoliticosveracruz.com\/?p=152923"},"wordCount":402,"publisher":{"@id":"https:\/\/lospoliticosveracruz.com\/#organization"},"image":{"@id":"https:\/\/lospoliticosveracruz.com\/?p=152923#primaryimage"},"thumbnailUrl":"https:\/\/lospoliticosveracruz.com\/wp-content\/uploads\/2025\/09\/03c08993-599f-45e1-b20d-0b6b5b50656b.jpeg","keywords":["Claudia Tello Espinosa","Escuelas","Papantla","Roc\u00edo Nahle","SEV","Veracruz"],"articleSection":["De Boleto"],"inLanguage":"es"},{"@type":"WebPage","@id":"https:\/\/lospoliticosveracruz.com\/?p=152923","url":"https:\/\/lospoliticosveracruz.com\/?p=152923","name":"TELLO SE LUCE! - Los pol\u00edticos Veracruz","isPartOf":{"@id":"https:\/\/lospoliticosveracruz.com\/#website"},"primaryImageOfPage":{"@id":"https:\/\/lospoliticosveracruz.com\/?p=152923#primaryimage"},"image":{"@id":"https:\/\/lospoliticosveracruz.com\/?p=152923#primaryimage"},"thumbnailUrl":"https:\/\/lospoliticosveracruz.com\/wp-content\/uploads\/2025\/09\/03c08993-599f-45e1-b20d-0b6b5b50656b.jpeg","datePublished":"2025-09-21T01:36:13+00:00","dateModified":"2025-09-21T01:36:35+00:00","breadcrumb":{"@id":"https:\/\/lospoliticosveracruz.com\/?p=152923#breadcrumb"},"inLanguage":"es","potentialAction":[{"@type":"ReadAction","target":["https:\/\/lospoliticosveracruz.com\/?p=152923"]}]},{"@type":"ImageObject","inLanguage":"es","@id":"https:\/\/lospoliticosveracruz.com\/?p=152923#primaryimage","url":"https:\/\/lospoliticosveracruz.com\/wp-content\/uploads\/2025\/09\/03c08993-599f-45e1-b20d-0b6b5b50656b.jpeg","contentUrl":"https:\/\/lospoliticosveracruz.com\/wp-content\/uploads\/2025\/09\/03c08993-599f-45e1-b20d-0b6b5b50656b.jpeg","width":1280,"height":852},{"@type":"BreadcrumbList","@id":"https:\/\/lospoliticosveracruz.com\/?p=152923#breadcrumb","itemListElement":[{"@type":"ListItem","position":1,"name":"Portada","item":"https:\/\/lospoliticosveracruz.com\/"},{"@type":"ListItem","position":2,"name":"TELLO SE LUCE!"}]},{"@type":"WebSite","@id":"https:\/\/lospoliticosveracruz.com\/#website","url":"https:\/\/lospoliticosveracruz.com\/","name":"Los pol\u00edticos Veracruz","description":"","publisher":{"@id":"https:\/\/lospoliticosveracruz.com\/#organization"},"potentialAction":[{"@type":"SearchAction","target":{"@type":"EntryPoint","urlTemplate":"https:\/\/lospoliticosveracruz.com\/?s={search_term_string}"},"query-input":{"@type":"PropertyValueSpecification","valueRequired":true,"valueName":"search_term_string"}}],"inLanguage":"es"},{"@type":"Organization","@id":"https:\/\/lospoliticosveracruz.com\/#organization","name":"Los pol\u00edticos Veracruz","url":"https:\/\/lospoliticosveracruz.com\/","logo":{"@type":"ImageObject","inLanguage":"es","@id":"https:\/\/lospoliticosveracruz.com\/#\/schema\/logo\/image\/","url":"https:\/\/lospoliticosveracruz.com\/wp-content\/uploads\/2025\/12\/Logo-Nuevo-LOS-POLITICOS-1.jpg","contentUrl":"https:\/\/lospoliticosveracruz.com\/wp-content\/uploads\/2025\/12\/Logo-Nuevo-LOS-POLITICOS-1.jpg","width":260,"height":70,"caption":"Los pol\u00edticos Veracruz"},"image":{"@id":"https:\/\/lospoliticosveracruz.com\/#\/schema\/logo\/image\/"},"sameAs":["https:\/\/www.facebook.com\/people\/Notimemes-de-los-Polticos\/61565672886568\/","https:\/\/x.com\/LosPoliticosVer"]},{"@type":"Person","@id":"https:\/\/lospoliticosveracruz.com\/#\/schema\/person\/b8702bb0e538456e6efd07080bf2a4a2","name":"Lo viste en Los Pol\u00edticos","image":{"@type":"ImageObject","inLanguage":"es","@id":"https:\/\/secure.gravatar.com\/avatar\/3a8de04a2656d44082be478bd6c086daa447c4651605818287b9532d3d0bd435?s=96&d=mm&r=g","url":"https:\/\/secure.gravatar.com\/avatar\/3a8de04a2656d44082be478bd6c086daa447c4651605818287b9532d3d0bd435?s=96&d=mm&r=g","contentUrl":"https:\/\/secure.gravatar.com\/avatar\/3a8de04a2656d44082be478bd6c086daa447c4651605818287b9532d3d0bd435?s=96&d=mm&r=g","caption":"Lo viste en Los Pol\u00edticos"},"url":"https:\/\/lospoliticosveracruz.com\/?author=2"}]}},"_links":{"self":[{"href":"https:\/\/lospoliticosveracruz.com\/index.php?rest_route=\/wp\/v2\/posts\/152923","targetHints":{"allow":["GET"]}}],"collection":[{"href":"https:\/\/lospoliticosveracruz.com\/index.php?rest_route=\/wp\/v2\/posts"}],"about":[{"href":"https:\/\/lospoliticosveracruz.com\/index.php?rest_route=\/wp\/v2\/types\/post"}],"author":[{"embeddable":true,"href":"https:\/\/lospoliticosveracruz.com\/index.php?rest_route=\/wp\/v2\/users\/2"}],"replies":[{"embeddable":true,"href":"https:\/\/lospoliticosveracruz.com\/index.php?rest_route=%2Fwp%2Fv2%2Fcomments&post=152923"}],"version-history":[{"count":1,"href":"https:\/\/lospoliticosveracruz.com\/index.php?rest_route=\/wp\/v2\/posts\/152923\/revisions"}],"predecessor-version":[{"id":152925,"href":"https:\/\/lospoliticosveracruz.com\/index.php?rest_route=\/wp\/v2\/posts\/152923\/revisions\/152925"}],"wp:featuredmedia":[{"embeddable":true,"href":"https:\/\/lospoliticosveracruz.com\/index.php?rest_route=\/wp\/v2\/media\/152924"}],"wp:attachment":[{"href":"https:\/\/lospoliticosveracruz.com\/index.php?rest_route=%2Fwp%2Fv2%2Fmedia&parent=152923"}],"wp:term":[{"taxonomy":"category","embeddable":true,"href":"https:\/\/lospoliticosveracruz.com\/index.php?rest_route=%2Fwp%2Fv2%2Fcategories&post=152923"},{"taxonomy":"post_tag","embeddable":true,"href":"https:\/\/lospoliticosveracruz.com\/index.php?rest_route=%2Fwp%2Fv2%2Ftags&post=152923"}],"curies":[{"name":"wp","href":"https:\/\/api.w.org\/{rel}","templated":true}]}}