{"id":152943,"date":"2025-09-21T19:51:00","date_gmt":"2025-09-22T00:51:00","guid":{"rendered":"https:\/\/lospoliticosveracruz.com.mx\/?p=152943"},"modified":"2025-09-21T19:51:23","modified_gmt":"2025-09-22T00:51:23","slug":"cafe-con-ocurrencias","status":"publish","type":"post","link":"https:\/\/lospoliticosveracruz.com\/?p=152943","title":{"rendered":"CAF\u00c9 CON OCURRENCIAS"},"content":{"rendered":"\n\n\n<p><strong>Elena C\u00f3rdova&nbsp;<\/strong><\/p>\n\n\n\n<p><em>Legislando contigo&nbsp;<\/em><\/p>\n\n\n\n<p>En Veracruz, hablar del caf\u00e9 nunca ser\u00e1 un tema menor. Nuestro estado es tierra cafetalera por excelencia: detr\u00e1s de cada grano hay esfuerzo, herencia cultural y trabajo comunitario que ha sostenido a generaciones enteras.<\/p>\n\n\n\n\n\n<p>Por eso duele ver la distancia entre la vida real de los cafetaleros y las ideas que desde el Congreso \u2014y desde el gobierno\u2014 pretenden vendernos como \u201csoluciones\u201d.<\/p>\n\n\n\n<p>Hace unos d\u00edas, la Presidencia de la Comisi\u00f3n de Cafeticultura anunci\u00f3 que, para conmemorar el D\u00eda Internacional del Caf\u00e9, planeaba montar escenograf\u00edas llamativas: un velorio donde se sirve caf\u00e9, familias alrededor de la mesa, astronautas en el espacio con una taza en la mano, j\u00f3venes desvelados estudiando.<\/p>\n\n\n\n<p>S\u00ed, quiz\u00e1 sean im\u00e1genes pintorescas, simp\u00e1ticas para una foto en redes, pero \u00bfqu\u00e9 tienen que ver con los problemas reales de quienes producen caf\u00e9 en Veracruz? \u00bfEn qu\u00e9 ayuda un astronauta con caf\u00e9 a combatir el coyotaje? \u00bfDe qu\u00e9 sirve una escenograf\u00eda de velorio para enfrentar la crisis de precios o la falta de apoyos?<\/p>\n\n\n\n<p>La realidad es clara:<\/p>\n\n\n\n<p>&#8211; Los productores siguen vendiendo a precios injustos, sujetos a intermediarios que se quedan con la ganancia.<\/p>\n\n\n\n<p>&#8211; No hay regulaci\u00f3n eficaz en la producci\u00f3n y comercializaci\u00f3n.<\/p>\n\n\n\n<p>&#8211; El coyotaje sigue siendo un abuso tolerado.<\/p>\n\n\n\n<p>&#8211; El cambio clim\u00e1tico golpea con plagas, sequ\u00edas y lluvias extremas.&nbsp;<\/p>\n\n\n\n<p>&#8211; Y los programas gubernamentales siguen atorados en tr\u00e1mites en lugar de abrir mercados y facilitar certificaciones.<\/p>\n\n\n\n<p>Todo esto se sabe. Est\u00e1 escrito en diagn\u00f3sticos desde hace a\u00f1os. Lo que falta es voluntad pol\u00edtica.<\/p>\n\n\n\n<p>Morena tiene mayor\u00eda para legislar y tambi\u00e9n gobierna Veracruz, pero sus prioridades est\u00e1n lejos del campo y de las familias que lo sostienen. Y eso es lo m\u00e1s doloroso: no solo legislan sin atender lo urgente, tambi\u00e9n gobiernan con ocurrencias.<\/p>\n\n\n\n<p>El caf\u00e9 no necesita shows ni escenarios \u201ccreativos\u201d para un d\u00eda internacional. Necesita seriedad, respeto y soluciones. Necesita pol\u00edticas p\u00fablicas que combinen lo productivo, lo social y lo ambiental. Necesita un plan de rescate que impulse organizaci\u00f3n, certifique calidad, industrialice y abra mercados internacionales.<\/p>\n\n\n\n<p>Mientras tanto, miles de familias siguen atrapadas en un ciclo de pobreza, vendiendo barato lo que en el mundo se paga caro. Y Veracruz, que podr\u00eda presumir su caf\u00e9 en los m\u00e1s altos est\u00e1ndares globales, queda rezagado.<\/p>\n\n\n\n<p>El caf\u00e9 es m\u00e1s que una bebida para despertar. Es identidad, historia, cultura y sustento. Merece respeto. Y los cafetaleros merecen algo m\u00e1s que un astronauta con taza en la mano.<\/p>\n","protected":false},"excerpt":{"rendered":"<p>Elena C\u00f3rdova&nbsp; Legislando contigo&nbsp; En Veracruz, hablar del caf\u00e9 nunca ser\u00e1 un tema menor. Nuestro estado es tierra cafetalera por excelencia: detr\u00e1s de cada grano hay esfuerzo, herencia cultural y trabajo comunitario que ha sostenido a generaciones enteras. Por eso duele ver la distancia entre la vida real de los cafetaleros y las ideas que [&hellip;]<\/p>\n","protected":false},"author":2,"featured_media":141382,"comment_status":"closed","ping_status":"closed","sticky":false,"template":"","format":"standard","meta":{"tdm_status":"","tdm_grid_status":"","footnotes":""},"categories":[70],"tags":[],"class_list":{"0":"post-152943","1":"post","2":"type-post","3":"status-publish","4":"format-standard","5":"has-post-thumbnail","7":"category-de-opinion"},"yoast_head":"<!-- This site is optimized with the Yoast SEO plugin v27.4 - https:\/\/yoast.com\/product\/yoast-seo-wordpress\/ -->\n<title>CAF\u00c9 CON OCURRENCIAS - Los pol\u00edticos Veracruz<\/title>\n<meta name=\"robots\" content=\"index, follow, max-snippet:-1, max-image-preview:large, max-video-preview:-1\" \/>\n<link rel=\"canonical\" href=\"https:\/\/lospoliticosveracruz.com\/?p=152943\" \/>\n<meta property=\"og:locale\" content=\"es_ES\" \/>\n<meta property=\"og:type\" content=\"article\" \/>\n<meta property=\"og:title\" content=\"CAF\u00c9 CON OCURRENCIAS - Los pol\u00edticos Veracruz\" \/>\n<meta property=\"og:description\" content=\"Elena C\u00f3rdova&nbsp; Legislando contigo&nbsp; En Veracruz, hablar del caf\u00e9 nunca ser\u00e1 un tema menor. Nuestro estado es tierra cafetalera por excelencia: detr\u00e1s de cada grano hay esfuerzo, herencia cultural y trabajo comunitario que ha sostenido a generaciones enteras. Por eso duele ver la distancia entre la vida real de los cafetaleros y las ideas que [&hellip;]\" \/>\n<meta property=\"og:url\" content=\"https:\/\/lospoliticosveracruz.com\/?p=152943\" \/>\n<meta property=\"og:site_name\" content=\"Los pol\u00edticos Veracruz\" \/>\n<meta property=\"article:publisher\" content=\"https:\/\/www.facebook.com\/people\/Notimemes-de-los-Polticos\/61565672886568\/\" \/>\n<meta property=\"article:published_time\" content=\"2025-09-22T00:51:00+00:00\" \/>\n<meta property=\"article:modified_time\" content=\"2025-09-22T00:51:23+00:00\" \/>\n<meta property=\"og:image\" content=\"https:\/\/lospoliticosveracruz.com\/wp-content\/uploads\/2025\/04\/Elena-Cordova-Molina.jpg\" \/>\n\t<meta property=\"og:image:width\" content=\"1250\" \/>\n\t<meta property=\"og:image:height\" content=\"667\" \/>\n\t<meta property=\"og:image:type\" content=\"image\/jpeg\" \/>\n<meta name=\"author\" content=\"Lo viste en Los Pol\u00edticos\" \/>\n<meta name=\"twitter:card\" content=\"summary_large_image\" \/>\n<meta name=\"twitter:creator\" content=\"@LosPoliticosVer\" \/>\n<meta name=\"twitter:site\" content=\"@LosPoliticosVer\" \/>\n<meta name=\"twitter:label1\" content=\"Escrito por\" \/>\n\t<meta name=\"twitter:data1\" content=\"Lo viste en Los Pol\u00edticos\" \/>\n\t<meta name=\"twitter:label2\" content=\"Tiempo de lectura\" \/>\n\t<meta name=\"twitter:data2\" content=\"2 minutos\" \/>\n<script type=\"application\/ld+json\" class=\"yoast-schema-graph\">{\"@context\":\"https:\\\/\\\/schema.org\",\"@graph\":[{\"@type\":\"Article\",\"@id\":\"https:\\\/\\\/lospoliticosveracruz.com\\\/?p=152943#article\",\"isPartOf\":{\"@id\":\"https:\\\/\\\/lospoliticosveracruz.com\\\/?p=152943\"},\"author\":{\"name\":\"Lo viste en Los Pol\u00edticos\",\"@id\":\"https:\\\/\\\/lospoliticosveracruz.com\\\/#\\\/schema\\\/person\\\/b8702bb0e538456e6efd07080bf2a4a2\"},\"headline\":\"CAF\u00c9 CON OCURRENCIAS\",\"datePublished\":\"2025-09-22T00:51:00+00:00\",\"dateModified\":\"2025-09-22T00:51:23+00:00\",\"mainEntityOfPage\":{\"@id\":\"https:\\\/\\\/lospoliticosveracruz.com\\\/?p=152943\"},\"wordCount\":443,\"publisher\":{\"@id\":\"https:\\\/\\\/lospoliticosveracruz.com\\\/#organization\"},\"image\":{\"@id\":\"https:\\\/\\\/lospoliticosveracruz.com\\\/?p=152943#primaryimage\"},\"thumbnailUrl\":\"https:\\\/\\\/lospoliticosveracruz.com\\\/wp-content\\\/uploads\\\/2025\\\/04\\\/Elena-Cordova-Molina.jpg\",\"articleSection\":[\"De Opini\u00f3n\"],\"inLanguage\":\"es\"},{\"@type\":\"WebPage\",\"@id\":\"https:\\\/\\\/lospoliticosveracruz.com\\\/?p=152943\",\"url\":\"https:\\\/\\\/lospoliticosveracruz.com\\\/?p=152943\",\"name\":\"CAF\u00c9 CON OCURRENCIAS - Los pol\u00edticos Veracruz\",\"isPartOf\":{\"@id\":\"https:\\\/\\\/lospoliticosveracruz.com\\\/#website\"},\"primaryImageOfPage\":{\"@id\":\"https:\\\/\\\/lospoliticosveracruz.com\\\/?p=152943#primaryimage\"},\"image\":{\"@id\":\"https:\\\/\\\/lospoliticosveracruz.com\\\/?p=152943#primaryimage\"},\"thumbnailUrl\":\"https:\\\/\\\/lospoliticosveracruz.com\\\/wp-content\\\/uploads\\\/2025\\\/04\\\/Elena-Cordova-Molina.jpg\",\"datePublished\":\"2025-09-22T00:51:00+00:00\",\"dateModified\":\"2025-09-22T00:51:23+00:00\",\"breadcrumb\":{\"@id\":\"https:\\\/\\\/lospoliticosveracruz.com\\\/?p=152943#breadcrumb\"},\"inLanguage\":\"es\",\"potentialAction\":[{\"@type\":\"ReadAction\",\"target\":[\"https:\\\/\\\/lospoliticosveracruz.com\\\/?p=152943\"]}]},{\"@type\":\"ImageObject\",\"inLanguage\":\"es\",\"@id\":\"https:\\\/\\\/lospoliticosveracruz.com\\\/?p=152943#primaryimage\",\"url\":\"https:\\\/\\\/lospoliticosveracruz.com\\\/wp-content\\\/uploads\\\/2025\\\/04\\\/Elena-Cordova-Molina.jpg\",\"contentUrl\":\"https:\\\/\\\/lospoliticosveracruz.com\\\/wp-content\\\/uploads\\\/2025\\\/04\\\/Elena-Cordova-Molina.jpg\",\"width\":1250,\"height\":667},{\"@type\":\"BreadcrumbList\",\"@id\":\"https:\\\/\\\/lospoliticosveracruz.com\\\/?p=152943#breadcrumb\",\"itemListElement\":[{\"@type\":\"ListItem\",\"position\":1,\"name\":\"Portada\",\"item\":\"https:\\\/\\\/lospoliticosveracruz.com\\\/\"},{\"@type\":\"ListItem\",\"position\":2,\"name\":\"CAF\u00c9 CON OCURRENCIAS\"}]},{\"@type\":\"WebSite\",\"@id\":\"https:\\\/\\\/lospoliticosveracruz.com\\\/#website\",\"url\":\"https:\\\/\\\/lospoliticosveracruz.com\\\/\",\"name\":\"Los pol\u00edticos Veracruz\",\"description\":\"\",\"publisher\":{\"@id\":\"https:\\\/\\\/lospoliticosveracruz.com\\\/#organization\"},\"potentialAction\":[{\"@type\":\"SearchAction\",\"target\":{\"@type\":\"EntryPoint\",\"urlTemplate\":\"https:\\\/\\\/lospoliticosveracruz.com\\\/?s={search_term_string}\"},\"query-input\":{\"@type\":\"PropertyValueSpecification\",\"valueRequired\":true,\"valueName\":\"search_term_string\"}}],\"inLanguage\":\"es\"},{\"@type\":\"Organization\",\"@id\":\"https:\\\/\\\/lospoliticosveracruz.com\\\/#organization\",\"name\":\"Los pol\u00edticos Veracruz\",\"url\":\"https:\\\/\\\/lospoliticosveracruz.com\\\/\",\"logo\":{\"@type\":\"ImageObject\",\"inLanguage\":\"es\",\"@id\":\"https:\\\/\\\/lospoliticosveracruz.com\\\/#\\\/schema\\\/logo\\\/image\\\/\",\"url\":\"https:\\\/\\\/lospoliticosveracruz.com\\\/wp-content\\\/uploads\\\/2025\\\/12\\\/Logo-Nuevo-LOS-POLITICOS-1.jpg\",\"contentUrl\":\"https:\\\/\\\/lospoliticosveracruz.com\\\/wp-content\\\/uploads\\\/2025\\\/12\\\/Logo-Nuevo-LOS-POLITICOS-1.jpg\",\"width\":260,\"height\":70,\"caption\":\"Los pol\u00edticos Veracruz\"},\"image\":{\"@id\":\"https:\\\/\\\/lospoliticosveracruz.com\\\/#\\\/schema\\\/logo\\\/image\\\/\"},\"sameAs\":[\"https:\\\/\\\/www.facebook.com\\\/people\\\/Notimemes-de-los-Polticos\\\/61565672886568\\\/\",\"https:\\\/\\\/x.com\\\/LosPoliticosVer\"]},{\"@type\":\"Person\",\"@id\":\"https:\\\/\\\/lospoliticosveracruz.com\\\/#\\\/schema\\\/person\\\/b8702bb0e538456e6efd07080bf2a4a2\",\"name\":\"Lo viste en Los Pol\u00edticos\",\"image\":{\"@type\":\"ImageObject\",\"inLanguage\":\"es\",\"@id\":\"https:\\\/\\\/secure.gravatar.com\\\/avatar\\\/3a8de04a2656d44082be478bd6c086daa447c4651605818287b9532d3d0bd435?s=96&d=mm&r=g\",\"url\":\"https:\\\/\\\/secure.gravatar.com\\\/avatar\\\/3a8de04a2656d44082be478bd6c086daa447c4651605818287b9532d3d0bd435?s=96&d=mm&r=g\",\"contentUrl\":\"https:\\\/\\\/secure.gravatar.com\\\/avatar\\\/3a8de04a2656d44082be478bd6c086daa447c4651605818287b9532d3d0bd435?s=96&d=mm&r=g\",\"caption\":\"Lo viste en Los Pol\u00edticos\"},\"url\":\"https:\\\/\\\/lospoliticosveracruz.com\\\/?author=2\"}]}<\/script>\n<!-- \/ Yoast SEO plugin. -->","yoast_head_json":{"title":"CAF\u00c9 CON OCURRENCIAS - Los pol\u00edticos Veracruz","robots":{"index":"index","follow":"follow","max-snippet":"max-snippet:-1","max-image-preview":"max-image-preview:large","max-video-preview":"max-video-preview:-1"},"canonical":"https:\/\/lospoliticosveracruz.com\/?p=152943","og_locale":"es_ES","og_type":"article","og_title":"CAF\u00c9 CON OCURRENCIAS - Los pol\u00edticos Veracruz","og_description":"Elena C\u00f3rdova&nbsp; Legislando contigo&nbsp; En Veracruz, hablar del caf\u00e9 nunca ser\u00e1 un tema menor. Nuestro estado es tierra cafetalera por excelencia: detr\u00e1s de cada grano hay esfuerzo, herencia cultural y trabajo comunitario que ha sostenido a generaciones enteras. Por eso duele ver la distancia entre la vida real de los cafetaleros y las ideas que [&hellip;]","og_url":"https:\/\/lospoliticosveracruz.com\/?p=152943","og_site_name":"Los pol\u00edticos Veracruz","article_publisher":"https:\/\/www.facebook.com\/people\/Notimemes-de-los-Polticos\/61565672886568\/","article_published_time":"2025-09-22T00:51:00+00:00","article_modified_time":"2025-09-22T00:51:23+00:00","og_image":[{"width":1250,"height":667,"url":"https:\/\/lospoliticosveracruz.com\/wp-content\/uploads\/2025\/04\/Elena-Cordova-Molina.jpg","type":"image\/jpeg"}],"author":"Lo viste en Los Pol\u00edticos","twitter_card":"summary_large_image","twitter_creator":"@LosPoliticosVer","twitter_site":"@LosPoliticosVer","twitter_misc":{"Escrito por":"Lo viste en Los Pol\u00edticos","Tiempo de lectura":"2 minutos"},"schema":{"@context":"https:\/\/schema.org","@graph":[{"@type":"Article","@id":"https:\/\/lospoliticosveracruz.com\/?p=152943#article","isPartOf":{"@id":"https:\/\/lospoliticosveracruz.com\/?p=152943"},"author":{"name":"Lo viste en Los Pol\u00edticos","@id":"https:\/\/lospoliticosveracruz.com\/#\/schema\/person\/b8702bb0e538456e6efd07080bf2a4a2"},"headline":"CAF\u00c9 CON OCURRENCIAS","datePublished":"2025-09-22T00:51:00+00:00","dateModified":"2025-09-22T00:51:23+00:00","mainEntityOfPage":{"@id":"https:\/\/lospoliticosveracruz.com\/?p=152943"},"wordCount":443,"publisher":{"@id":"https:\/\/lospoliticosveracruz.com\/#organization"},"image":{"@id":"https:\/\/lospoliticosveracruz.com\/?p=152943#primaryimage"},"thumbnailUrl":"https:\/\/lospoliticosveracruz.com\/wp-content\/uploads\/2025\/04\/Elena-Cordova-Molina.jpg","articleSection":["De Opini\u00f3n"],"inLanguage":"es"},{"@type":"WebPage","@id":"https:\/\/lospoliticosveracruz.com\/?p=152943","url":"https:\/\/lospoliticosveracruz.com\/?p=152943","name":"CAF\u00c9 CON OCURRENCIAS - Los pol\u00edticos Veracruz","isPartOf":{"@id":"https:\/\/lospoliticosveracruz.com\/#website"},"primaryImageOfPage":{"@id":"https:\/\/lospoliticosveracruz.com\/?p=152943#primaryimage"},"image":{"@id":"https:\/\/lospoliticosveracruz.com\/?p=152943#primaryimage"},"thumbnailUrl":"https:\/\/lospoliticosveracruz.com\/wp-content\/uploads\/2025\/04\/Elena-Cordova-Molina.jpg","datePublished":"2025-09-22T00:51:00+00:00","dateModified":"2025-09-22T00:51:23+00:00","breadcrumb":{"@id":"https:\/\/lospoliticosveracruz.com\/?p=152943#breadcrumb"},"inLanguage":"es","potentialAction":[{"@type":"ReadAction","target":["https:\/\/lospoliticosveracruz.com\/?p=152943"]}]},{"@type":"ImageObject","inLanguage":"es","@id":"https:\/\/lospoliticosveracruz.com\/?p=152943#primaryimage","url":"https:\/\/lospoliticosveracruz.com\/wp-content\/uploads\/2025\/04\/Elena-Cordova-Molina.jpg","contentUrl":"https:\/\/lospoliticosveracruz.com\/wp-content\/uploads\/2025\/04\/Elena-Cordova-Molina.jpg","width":1250,"height":667},{"@type":"BreadcrumbList","@id":"https:\/\/lospoliticosveracruz.com\/?p=152943#breadcrumb","itemListElement":[{"@type":"ListItem","position":1,"name":"Portada","item":"https:\/\/lospoliticosveracruz.com\/"},{"@type":"ListItem","position":2,"name":"CAF\u00c9 CON OCURRENCIAS"}]},{"@type":"WebSite","@id":"https:\/\/lospoliticosveracruz.com\/#website","url":"https:\/\/lospoliticosveracruz.com\/","name":"Los pol\u00edticos Veracruz","description":"","publisher":{"@id":"https:\/\/lospoliticosveracruz.com\/#organization"},"potentialAction":[{"@type":"SearchAction","target":{"@type":"EntryPoint","urlTemplate":"https:\/\/lospoliticosveracruz.com\/?s={search_term_string}"},"query-input":{"@type":"PropertyValueSpecification","valueRequired":true,"valueName":"search_term_string"}}],"inLanguage":"es"},{"@type":"Organization","@id":"https:\/\/lospoliticosveracruz.com\/#organization","name":"Los pol\u00edticos Veracruz","url":"https:\/\/lospoliticosveracruz.com\/","logo":{"@type":"ImageObject","inLanguage":"es","@id":"https:\/\/lospoliticosveracruz.com\/#\/schema\/logo\/image\/","url":"https:\/\/lospoliticosveracruz.com\/wp-content\/uploads\/2025\/12\/Logo-Nuevo-LOS-POLITICOS-1.jpg","contentUrl":"https:\/\/lospoliticosveracruz.com\/wp-content\/uploads\/2025\/12\/Logo-Nuevo-LOS-POLITICOS-1.jpg","width":260,"height":70,"caption":"Los pol\u00edticos Veracruz"},"image":{"@id":"https:\/\/lospoliticosveracruz.com\/#\/schema\/logo\/image\/"},"sameAs":["https:\/\/www.facebook.com\/people\/Notimemes-de-los-Polticos\/61565672886568\/","https:\/\/x.com\/LosPoliticosVer"]},{"@type":"Person","@id":"https:\/\/lospoliticosveracruz.com\/#\/schema\/person\/b8702bb0e538456e6efd07080bf2a4a2","name":"Lo viste en Los Pol\u00edticos","image":{"@type":"ImageObject","inLanguage":"es","@id":"https:\/\/secure.gravatar.com\/avatar\/3a8de04a2656d44082be478bd6c086daa447c4651605818287b9532d3d0bd435?s=96&d=mm&r=g","url":"https:\/\/secure.gravatar.com\/avatar\/3a8de04a2656d44082be478bd6c086daa447c4651605818287b9532d3d0bd435?s=96&d=mm&r=g","contentUrl":"https:\/\/secure.gravatar.com\/avatar\/3a8de04a2656d44082be478bd6c086daa447c4651605818287b9532d3d0bd435?s=96&d=mm&r=g","caption":"Lo viste en Los Pol\u00edticos"},"url":"https:\/\/lospoliticosveracruz.com\/?author=2"}]}},"_links":{"self":[{"href":"https:\/\/lospoliticosveracruz.com\/index.php?rest_route=\/wp\/v2\/posts\/152943","targetHints":{"allow":["GET"]}}],"collection":[{"href":"https:\/\/lospoliticosveracruz.com\/index.php?rest_route=\/wp\/v2\/posts"}],"about":[{"href":"https:\/\/lospoliticosveracruz.com\/index.php?rest_route=\/wp\/v2\/types\/post"}],"author":[{"embeddable":true,"href":"https:\/\/lospoliticosveracruz.com\/index.php?rest_route=\/wp\/v2\/users\/2"}],"replies":[{"embeddable":true,"href":"https:\/\/lospoliticosveracruz.com\/index.php?rest_route=%2Fwp%2Fv2%2Fcomments&post=152943"}],"version-history":[{"count":1,"href":"https:\/\/lospoliticosveracruz.com\/index.php?rest_route=\/wp\/v2\/posts\/152943\/revisions"}],"predecessor-version":[{"id":152944,"href":"https:\/\/lospoliticosveracruz.com\/index.php?rest_route=\/wp\/v2\/posts\/152943\/revisions\/152944"}],"wp:featuredmedia":[{"embeddable":true,"href":"https:\/\/lospoliticosveracruz.com\/index.php?rest_route=\/wp\/v2\/media\/141382"}],"wp:attachment":[{"href":"https:\/\/lospoliticosveracruz.com\/index.php?rest_route=%2Fwp%2Fv2%2Fmedia&parent=152943"}],"wp:term":[{"taxonomy":"category","embeddable":true,"href":"https:\/\/lospoliticosveracruz.com\/index.php?rest_route=%2Fwp%2Fv2%2Fcategories&post=152943"},{"taxonomy":"post_tag","embeddable":true,"href":"https:\/\/lospoliticosveracruz.com\/index.php?rest_route=%2Fwp%2Fv2%2Ftags&post=152943"}],"curies":[{"name":"wp","href":"https:\/\/api.w.org\/{rel}","templated":true}]}}