{"id":152964,"date":"2025-09-21T23:14:58","date_gmt":"2025-09-22T04:14:58","guid":{"rendered":"https:\/\/lospoliticosveracruz.com.mx\/?p=152964"},"modified":"2025-09-21T23:15:31","modified_gmt":"2025-09-22T04:15:31","slug":"joana-marlen-chivo-en-cristaleria-politica","status":"publish","type":"post","link":"https:\/\/lospoliticosveracruz.com\/?p=152964","title":{"rendered":"JOANA MARL\u00c9N, CHIVO EN CRISTALER\u00cdA POL\u00cdTICA"},"content":{"rendered":"\n\n\n<p><strong>Miguel Valera<\/strong><\/p>\n\n\n\n<p><em>Contrase\u00f1as<\/em><\/p>\n\n\n\n<p>La barredora versi\u00f3n jarocha\u2026 un sector del&nbsp;morenismo&nbsp;veracruzano ha visto asombrado c\u00f3mo hay personajes que en su momento fueron beneficiados con cargos p\u00fablicos de primera l\u00ednea, comenzaron a mostrar el cobre para volver a figurar en el ajedrez pol\u00edtico.<\/p>\n\n\n\n<p>Y en ese af\u00e1n de reinventarse, han optado por quemar sus naves, aunque ello implique golpear a la propia gobernadora&nbsp;<strong>Roc\u00edo Nahle Garc\u00eda<\/strong>, quien ya no s\u00f3lo debe cuidarse de la oposici\u00f3n, sino que comienzan a golpearla algunos correligionarios.<\/p>\n\n\n\n\n\n<p>Es el caso de&nbsp;<strong>Joana Marl\u00e9n Bautista<\/strong><strong>&nbsp;Flores<\/strong>, la ex administradora del Poder Judicial, quien en su momento tuvo que huir por la serie de denuncias en su contra por malos manejos de los recursos que us\u00f3 como si se tratara de su peculio personal.<\/p>\n\n\n\n<p>Hoy se sabe que, tras su exilio en la Ciudad de M\u00e9xico, la&nbsp;martinense&nbsp;ha buscado cobijo con dos rivales de la mandataria estatal:&nbsp;<strong>Ricardo Monreal<\/strong><strong>\u00c1vila<\/strong>&nbsp;y&nbsp;<strong>Ad\u00e1n Augusto L\u00f3pez<\/strong><strong>&nbsp;Hern\u00e1ndez<\/strong>, a quien la lumbre le est\u00e1 llegando a los aparejos por los nexos de su secretario de seguridad en el gobierno de Tabasco con grupos criminales.<\/p>\n\n\n\n<p>Con estos nuevos padrinos,&nbsp;<strong>Joana Bautista<\/strong>, m\u00e1s envalentonada, ha emprendido una campa\u00f1a en contra de funcionarios y ex funcionarios estatales y activos de Morena que, en su momento, la consideraban aliada.&nbsp;<\/p>\n\n\n\n<p>Su carta para meterse a esa ala de choque, dicen, ha sido la entrega de informaci\u00f3n de personajes veracruzanos a quienes esos porros traen entre ceja y oreja, comenzando por el ex gobernador&nbsp;<strong>Cuitl\u00e1huac Garc\u00eda<\/strong>&nbsp;<strong>Jim\u00e9nez<\/strong>, y otros que incluso colaboran en el gobierno de&nbsp;<strong>Claudia Sheinbaum Pardo<\/strong>.<\/p>\n\n\n\n<p>Dicen que ahora ni&nbsp;el diputado federal&nbsp;<strong>Eleazar Guerrero P\u00e9rez<\/strong>&nbsp;deber\u00eda estar tranquilo.<\/p>\n\n\n\n<p>La memoria es corta y, seg\u00fan todos los polit\u00f3logos y conocedores, saben que enfrentar al Poder nunca termina bien. En una de esas se le reviven las carpetas donde se da cuenta de los que se comi\u00f3 cuando presum\u00eda manejar a su antojo el Poder Judicial de Veracruz. Veremos si ahora&nbsp;la Magistrada<strong>Rosalba Hern\u00e1ndez&nbsp;<\/strong><strong>Hern\u00e1ndez<\/strong>&nbsp;es complaciente con ella y sus secuaces.&nbsp;Ya veremos.&nbsp;<\/p>\n\n\n\n<p><strong>CALIENTE LA ZONA NORTE<\/strong><\/p>\n\n\n\n<p>La zona norte de Veracruz sigue caliente. La lucha de las autoridades federales y estatales contra el crimen organizado est\u00e1 a todo lo que da. Este domingo la Secretar\u00eda de Seguridad P\u00fablica informaba&nbsp;que,&nbsp;en coordinaci\u00f3n con las Secretar\u00edas de Marina y Defensa Nacional, as\u00ed como la Guardia Nacional, llev\u00f3 a cabo acciones operativas que dieron como resultado el aseguramiento de artefactos explosivos, armamento y la detenci\u00f3n de cuatro personas, en&nbsp;Coxquihui&nbsp;y P\u00e1nuco.<\/p>\n\n\n\n<p>En cumplimiento a una orden de cateo ejecutada por la&nbsp;Fiscal\u00eda General&nbsp;del Estado en el municipio de&nbsp;Coxquihui, se detuvo a una persona, decomis\u00e1ndose nueve artefactos explosivos de fabricaci\u00f3n casera, un dron, un chaleco t\u00e1ctico, documentos personales y una motocicleta.<\/p>\n\n\n\n<p>Asimismo, en P\u00e1nuco, se aprehendi\u00f3 a tres personas, entre ellas una mujer, a quienes les fue asegurado armas de fuego largas y cortas, una granada de fragmentaci\u00f3n, cargadores, chalecos t\u00e1cticos, placas bal\u00edsticas y aros aprehensores, as\u00ed como gorras con leyenda alusiva a un grupo delictivo.&nbsp;<\/p>\n\n\n\n<p>Los detenidos y el material asegurado fueron puestos a disposici\u00f3n de la autoridad competente para los tr\u00e1mites legales.<\/p>\n\n\n\n<p>Ya veremos hasta d\u00f3nde llega esta lucha contra la delincuencia organizada y qui\u00e9n gana, aunque al final los que pierden son los ciudadanos, afectados en todos los \u00e1mbitos.<\/p>\n\n\n\n<p><strong>\u00bfREVISI\u00d3N DE ARMAS EN AQUILA Y MIAHUATL\u00c1N?<\/strong><\/p>\n\n\n\n<p>Muy activo anda el diputado local del Partido del Trabajo,&nbsp;<strong>Ram\u00f3n D\u00edaz \u00c1vila<\/strong>.&nbsp;En pro de la agenda de seguridad estatal, el petista ha pedido que los&nbsp;presidentes municipales de Aquila,&nbsp;<strong>Inocencio Ram\u00edrez Lim\u00f3n<\/strong>&nbsp;y&nbsp;de&nbsp;Miahuatl\u00e1n,&nbsp;<strong>H\u00e9ctor \u00d3scar Su\u00e1rez S\u00e1nchez<\/strong>, se sometan a una revisi\u00f3n de armamento por parte de la Secretar\u00eda de Seguridad P\u00fablica (SSP) y de la Secretar\u00eda de la Defensa Nacional (SEDENA), para saber si cuentan con los permisos oficiales.<\/p>\n\n\n\n<p>Uno supondr\u00eda&nbsp;que,&nbsp;al cierre del cuarto a\u00f1o de gobierno municipal, los ediles sepan, por obvias razones, de estos protocolos de seguridad.&nbsp;El legislador, que sabe que no tiene atribuciones para este tipo de solicitudes, pidi\u00f3 la intervenci\u00f3n de la SSP y SEDENA, respectivamente.&nbsp;\u201cNadie debe estar exento para una revisi\u00f3n del porte de armas; todos los elementos (de polic\u00eda municipal) y funcionarios, todos deber\u00edan revisarlos, se trata de ser parejos\u201d, dijo, lo cual bien podr\u00eda ser como un llamado a misa y quedarse ah\u00ed, en la esfera medi\u00e1tica. Tan&nbsp;tan.&nbsp;<\/p>\n\n\n\n<p><strong>@MValeraH<\/strong><\/p>\n","protected":false},"excerpt":{"rendered":"<p>Miguel Valera Contrase\u00f1as La barredora versi\u00f3n jarocha\u2026 un sector del&nbsp;morenismo&nbsp;veracruzano ha visto asombrado c\u00f3mo hay personajes que en su momento fueron beneficiados con cargos p\u00fablicos de primera l\u00ednea, comenzaron a mostrar el cobre para volver a figurar en el ajedrez pol\u00edtico. Y en ese af\u00e1n de reinventarse, han optado por quemar sus naves, aunque ello [&hellip;]<\/p>\n","protected":false},"author":2,"featured_media":141429,"comment_status":"closed","ping_status":"closed","sticky":false,"template":"","format":"standard","meta":{"tdm_status":"","tdm_grid_status":"","footnotes":""},"categories":[70],"tags":[1563,13912,32815,1026,10353,3578,195],"class_list":{"0":"post-152964","1":"post","2":"type-post","3":"status-publish","4":"format-standard","5":"has-post-thumbnail","7":"category-de-opinion","8":"tag-cuitlahuac-garcia-jimenez","9":"tag-eleazar-guerrero-perez","10":"tag-joana-marlen-bautista-flores-2","11":"tag-morena","12":"tag-ricardo-monreal","13":"tag-rocio-nahle","14":"tag-veracruz"},"yoast_head":"<!-- This site is optimized with the Yoast SEO plugin v27.4 - https:\/\/yoast.com\/product\/yoast-seo-wordpress\/ -->\n<title>JOANA MARL\u00c9N, CHIVO EN CRISTALER\u00cdA POL\u00cdTICA - Los pol\u00edticos Veracruz<\/title>\n<meta name=\"robots\" content=\"index, follow, max-snippet:-1, max-image-preview:large, max-video-preview:-1\" \/>\n<link rel=\"canonical\" href=\"https:\/\/lospoliticosveracruz.com\/?p=152964\" \/>\n<meta property=\"og:locale\" content=\"es_ES\" \/>\n<meta property=\"og:type\" content=\"article\" \/>\n<meta property=\"og:title\" content=\"JOANA MARL\u00c9N, CHIVO EN CRISTALER\u00cdA POL\u00cdTICA - Los pol\u00edticos Veracruz\" \/>\n<meta property=\"og:description\" content=\"Miguel Valera Contrase\u00f1as La barredora versi\u00f3n jarocha\u2026 un sector del&nbsp;morenismo&nbsp;veracruzano ha visto asombrado c\u00f3mo hay personajes que en su momento fueron beneficiados con cargos p\u00fablicos de primera l\u00ednea, comenzaron a mostrar el cobre para volver a figurar en el ajedrez pol\u00edtico. Y en ese af\u00e1n de reinventarse, han optado por quemar sus naves, aunque ello [&hellip;]\" \/>\n<meta property=\"og:url\" content=\"https:\/\/lospoliticosveracruz.com\/?p=152964\" \/>\n<meta property=\"og:site_name\" content=\"Los pol\u00edticos Veracruz\" \/>\n<meta property=\"article:publisher\" content=\"https:\/\/www.facebook.com\/people\/Notimemes-de-los-Polticos\/61565672886568\/\" \/>\n<meta property=\"article:published_time\" content=\"2025-09-22T04:14:58+00:00\" \/>\n<meta property=\"article:modified_time\" content=\"2025-09-22T04:15:31+00:00\" \/>\n<meta property=\"og:image\" content=\"https:\/\/lospoliticosveracruz.com\/wp-content\/uploads\/2025\/04\/Miguel-Valera.jpg\" \/>\n\t<meta property=\"og:image:width\" content=\"1250\" \/>\n\t<meta property=\"og:image:height\" content=\"667\" \/>\n\t<meta property=\"og:image:type\" content=\"image\/jpeg\" \/>\n<meta name=\"author\" content=\"Lo viste en Los Pol\u00edticos\" \/>\n<meta name=\"twitter:card\" content=\"summary_large_image\" \/>\n<meta name=\"twitter:creator\" content=\"@LosPoliticosVer\" \/>\n<meta name=\"twitter:site\" content=\"@LosPoliticosVer\" \/>\n<meta name=\"twitter:label1\" content=\"Escrito por\" \/>\n\t<meta name=\"twitter:data1\" content=\"Lo viste en Los Pol\u00edticos\" \/>\n\t<meta name=\"twitter:label2\" content=\"Tiempo de lectura\" \/>\n\t<meta name=\"twitter:data2\" content=\"4 minutos\" \/>\n<script type=\"application\/ld+json\" class=\"yoast-schema-graph\">{\"@context\":\"https:\\\/\\\/schema.org\",\"@graph\":[{\"@type\":\"Article\",\"@id\":\"https:\\\/\\\/lospoliticosveracruz.com\\\/?p=152964#article\",\"isPartOf\":{\"@id\":\"https:\\\/\\\/lospoliticosveracruz.com\\\/?p=152964\"},\"author\":{\"name\":\"Lo viste en Los Pol\u00edticos\",\"@id\":\"https:\\\/\\\/lospoliticosveracruz.com\\\/#\\\/schema\\\/person\\\/b8702bb0e538456e6efd07080bf2a4a2\"},\"headline\":\"JOANA MARL\u00c9N, CHIVO EN CRISTALER\u00cdA POL\u00cdTICA\",\"datePublished\":\"2025-09-22T04:14:58+00:00\",\"dateModified\":\"2025-09-22T04:15:31+00:00\",\"mainEntityOfPage\":{\"@id\":\"https:\\\/\\\/lospoliticosveracruz.com\\\/?p=152964\"},\"wordCount\":848,\"publisher\":{\"@id\":\"https:\\\/\\\/lospoliticosveracruz.com\\\/#organization\"},\"image\":{\"@id\":\"https:\\\/\\\/lospoliticosveracruz.com\\\/?p=152964#primaryimage\"},\"thumbnailUrl\":\"https:\\\/\\\/lospoliticosveracruz.com\\\/wp-content\\\/uploads\\\/2025\\\/04\\\/Miguel-Valera.jpg\",\"keywords\":[\"Cuitl\u00e1huac Garc\u00eda Jim\u00e9nez\",\"Eleazar Guerrero P\u00e9rez\",\"Joana Marl\u00e9n Bautista Flores\",\"Morena\",\"Ricardo Monreal\",\"Roc\u00edo Nahle\",\"Veracruz\"],\"articleSection\":[\"De Opini\u00f3n\"],\"inLanguage\":\"es\"},{\"@type\":\"WebPage\",\"@id\":\"https:\\\/\\\/lospoliticosveracruz.com\\\/?p=152964\",\"url\":\"https:\\\/\\\/lospoliticosveracruz.com\\\/?p=152964\",\"name\":\"JOANA MARL\u00c9N, CHIVO EN CRISTALER\u00cdA POL\u00cdTICA - Los pol\u00edticos Veracruz\",\"isPartOf\":{\"@id\":\"https:\\\/\\\/lospoliticosveracruz.com\\\/#website\"},\"primaryImageOfPage\":{\"@id\":\"https:\\\/\\\/lospoliticosveracruz.com\\\/?p=152964#primaryimage\"},\"image\":{\"@id\":\"https:\\\/\\\/lospoliticosveracruz.com\\\/?p=152964#primaryimage\"},\"thumbnailUrl\":\"https:\\\/\\\/lospoliticosveracruz.com\\\/wp-content\\\/uploads\\\/2025\\\/04\\\/Miguel-Valera.jpg\",\"datePublished\":\"2025-09-22T04:14:58+00:00\",\"dateModified\":\"2025-09-22T04:15:31+00:00\",\"breadcrumb\":{\"@id\":\"https:\\\/\\\/lospoliticosveracruz.com\\\/?p=152964#breadcrumb\"},\"inLanguage\":\"es\",\"potentialAction\":[{\"@type\":\"ReadAction\",\"target\":[\"https:\\\/\\\/lospoliticosveracruz.com\\\/?p=152964\"]}]},{\"@type\":\"ImageObject\",\"inLanguage\":\"es\",\"@id\":\"https:\\\/\\\/lospoliticosveracruz.com\\\/?p=152964#primaryimage\",\"url\":\"https:\\\/\\\/lospoliticosveracruz.com\\\/wp-content\\\/uploads\\\/2025\\\/04\\\/Miguel-Valera.jpg\",\"contentUrl\":\"https:\\\/\\\/lospoliticosveracruz.com\\\/wp-content\\\/uploads\\\/2025\\\/04\\\/Miguel-Valera.jpg\",\"width\":1250,\"height\":667},{\"@type\":\"BreadcrumbList\",\"@id\":\"https:\\\/\\\/lospoliticosveracruz.com\\\/?p=152964#breadcrumb\",\"itemListElement\":[{\"@type\":\"ListItem\",\"position\":1,\"name\":\"Portada\",\"item\":\"https:\\\/\\\/lospoliticosveracruz.com\\\/\"},{\"@type\":\"ListItem\",\"position\":2,\"name\":\"JOANA MARL\u00c9N, CHIVO EN CRISTALER\u00cdA POL\u00cdTICA\"}]},{\"@type\":\"WebSite\",\"@id\":\"https:\\\/\\\/lospoliticosveracruz.com\\\/#website\",\"url\":\"https:\\\/\\\/lospoliticosveracruz.com\\\/\",\"name\":\"Los pol\u00edticos Veracruz\",\"description\":\"\",\"publisher\":{\"@id\":\"https:\\\/\\\/lospoliticosveracruz.com\\\/#organization\"},\"potentialAction\":[{\"@type\":\"SearchAction\",\"target\":{\"@type\":\"EntryPoint\",\"urlTemplate\":\"https:\\\/\\\/lospoliticosveracruz.com\\\/?s={search_term_string}\"},\"query-input\":{\"@type\":\"PropertyValueSpecification\",\"valueRequired\":true,\"valueName\":\"search_term_string\"}}],\"inLanguage\":\"es\"},{\"@type\":\"Organization\",\"@id\":\"https:\\\/\\\/lospoliticosveracruz.com\\\/#organization\",\"name\":\"Los pol\u00edticos Veracruz\",\"url\":\"https:\\\/\\\/lospoliticosveracruz.com\\\/\",\"logo\":{\"@type\":\"ImageObject\",\"inLanguage\":\"es\",\"@id\":\"https:\\\/\\\/lospoliticosveracruz.com\\\/#\\\/schema\\\/logo\\\/image\\\/\",\"url\":\"https:\\\/\\\/lospoliticosveracruz.com\\\/wp-content\\\/uploads\\\/2025\\\/12\\\/Logo-Nuevo-LOS-POLITICOS-1.jpg\",\"contentUrl\":\"https:\\\/\\\/lospoliticosveracruz.com\\\/wp-content\\\/uploads\\\/2025\\\/12\\\/Logo-Nuevo-LOS-POLITICOS-1.jpg\",\"width\":260,\"height\":70,\"caption\":\"Los pol\u00edticos Veracruz\"},\"image\":{\"@id\":\"https:\\\/\\\/lospoliticosveracruz.com\\\/#\\\/schema\\\/logo\\\/image\\\/\"},\"sameAs\":[\"https:\\\/\\\/www.facebook.com\\\/people\\\/Notimemes-de-los-Polticos\\\/61565672886568\\\/\",\"https:\\\/\\\/x.com\\\/LosPoliticosVer\"]},{\"@type\":\"Person\",\"@id\":\"https:\\\/\\\/lospoliticosveracruz.com\\\/#\\\/schema\\\/person\\\/b8702bb0e538456e6efd07080bf2a4a2\",\"name\":\"Lo viste en Los Pol\u00edticos\",\"image\":{\"@type\":\"ImageObject\",\"inLanguage\":\"es\",\"@id\":\"https:\\\/\\\/secure.gravatar.com\\\/avatar\\\/3a8de04a2656d44082be478bd6c086daa447c4651605818287b9532d3d0bd435?s=96&d=mm&r=g\",\"url\":\"https:\\\/\\\/secure.gravatar.com\\\/avatar\\\/3a8de04a2656d44082be478bd6c086daa447c4651605818287b9532d3d0bd435?s=96&d=mm&r=g\",\"contentUrl\":\"https:\\\/\\\/secure.gravatar.com\\\/avatar\\\/3a8de04a2656d44082be478bd6c086daa447c4651605818287b9532d3d0bd435?s=96&d=mm&r=g\",\"caption\":\"Lo viste en Los Pol\u00edticos\"},\"url\":\"https:\\\/\\\/lospoliticosveracruz.com\\\/?author=2\"}]}<\/script>\n<!-- \/ Yoast SEO plugin. -->","yoast_head_json":{"title":"JOANA MARL\u00c9N, CHIVO EN CRISTALER\u00cdA POL\u00cdTICA - Los pol\u00edticos Veracruz","robots":{"index":"index","follow":"follow","max-snippet":"max-snippet:-1","max-image-preview":"max-image-preview:large","max-video-preview":"max-video-preview:-1"},"canonical":"https:\/\/lospoliticosveracruz.com\/?p=152964","og_locale":"es_ES","og_type":"article","og_title":"JOANA MARL\u00c9N, CHIVO EN CRISTALER\u00cdA POL\u00cdTICA - Los pol\u00edticos Veracruz","og_description":"Miguel Valera Contrase\u00f1as La barredora versi\u00f3n jarocha\u2026 un sector del&nbsp;morenismo&nbsp;veracruzano ha visto asombrado c\u00f3mo hay personajes que en su momento fueron beneficiados con cargos p\u00fablicos de primera l\u00ednea, comenzaron a mostrar el cobre para volver a figurar en el ajedrez pol\u00edtico. Y en ese af\u00e1n de reinventarse, han optado por quemar sus naves, aunque ello [&hellip;]","og_url":"https:\/\/lospoliticosveracruz.com\/?p=152964","og_site_name":"Los pol\u00edticos Veracruz","article_publisher":"https:\/\/www.facebook.com\/people\/Notimemes-de-los-Polticos\/61565672886568\/","article_published_time":"2025-09-22T04:14:58+00:00","article_modified_time":"2025-09-22T04:15:31+00:00","og_image":[{"width":1250,"height":667,"url":"https:\/\/lospoliticosveracruz.com\/wp-content\/uploads\/2025\/04\/Miguel-Valera.jpg","type":"image\/jpeg"}],"author":"Lo viste en Los Pol\u00edticos","twitter_card":"summary_large_image","twitter_creator":"@LosPoliticosVer","twitter_site":"@LosPoliticosVer","twitter_misc":{"Escrito por":"Lo viste en Los Pol\u00edticos","Tiempo de lectura":"4 minutos"},"schema":{"@context":"https:\/\/schema.org","@graph":[{"@type":"Article","@id":"https:\/\/lospoliticosveracruz.com\/?p=152964#article","isPartOf":{"@id":"https:\/\/lospoliticosveracruz.com\/?p=152964"},"author":{"name":"Lo viste en Los Pol\u00edticos","@id":"https:\/\/lospoliticosveracruz.com\/#\/schema\/person\/b8702bb0e538456e6efd07080bf2a4a2"},"headline":"JOANA MARL\u00c9N, CHIVO EN CRISTALER\u00cdA POL\u00cdTICA","datePublished":"2025-09-22T04:14:58+00:00","dateModified":"2025-09-22T04:15:31+00:00","mainEntityOfPage":{"@id":"https:\/\/lospoliticosveracruz.com\/?p=152964"},"wordCount":848,"publisher":{"@id":"https:\/\/lospoliticosveracruz.com\/#organization"},"image":{"@id":"https:\/\/lospoliticosveracruz.com\/?p=152964#primaryimage"},"thumbnailUrl":"https:\/\/lospoliticosveracruz.com\/wp-content\/uploads\/2025\/04\/Miguel-Valera.jpg","keywords":["Cuitl\u00e1huac Garc\u00eda Jim\u00e9nez","Eleazar Guerrero P\u00e9rez","Joana Marl\u00e9n Bautista Flores","Morena","Ricardo Monreal","Roc\u00edo Nahle","Veracruz"],"articleSection":["De Opini\u00f3n"],"inLanguage":"es"},{"@type":"WebPage","@id":"https:\/\/lospoliticosveracruz.com\/?p=152964","url":"https:\/\/lospoliticosveracruz.com\/?p=152964","name":"JOANA MARL\u00c9N, CHIVO EN CRISTALER\u00cdA POL\u00cdTICA - Los pol\u00edticos Veracruz","isPartOf":{"@id":"https:\/\/lospoliticosveracruz.com\/#website"},"primaryImageOfPage":{"@id":"https:\/\/lospoliticosveracruz.com\/?p=152964#primaryimage"},"image":{"@id":"https:\/\/lospoliticosveracruz.com\/?p=152964#primaryimage"},"thumbnailUrl":"https:\/\/lospoliticosveracruz.com\/wp-content\/uploads\/2025\/04\/Miguel-Valera.jpg","datePublished":"2025-09-22T04:14:58+00:00","dateModified":"2025-09-22T04:15:31+00:00","breadcrumb":{"@id":"https:\/\/lospoliticosveracruz.com\/?p=152964#breadcrumb"},"inLanguage":"es","potentialAction":[{"@type":"ReadAction","target":["https:\/\/lospoliticosveracruz.com\/?p=152964"]}]},{"@type":"ImageObject","inLanguage":"es","@id":"https:\/\/lospoliticosveracruz.com\/?p=152964#primaryimage","url":"https:\/\/lospoliticosveracruz.com\/wp-content\/uploads\/2025\/04\/Miguel-Valera.jpg","contentUrl":"https:\/\/lospoliticosveracruz.com\/wp-content\/uploads\/2025\/04\/Miguel-Valera.jpg","width":1250,"height":667},{"@type":"BreadcrumbList","@id":"https:\/\/lospoliticosveracruz.com\/?p=152964#breadcrumb","itemListElement":[{"@type":"ListItem","position":1,"name":"Portada","item":"https:\/\/lospoliticosveracruz.com\/"},{"@type":"ListItem","position":2,"name":"JOANA MARL\u00c9N, CHIVO EN CRISTALER\u00cdA POL\u00cdTICA"}]},{"@type":"WebSite","@id":"https:\/\/lospoliticosveracruz.com\/#website","url":"https:\/\/lospoliticosveracruz.com\/","name":"Los pol\u00edticos Veracruz","description":"","publisher":{"@id":"https:\/\/lospoliticosveracruz.com\/#organization"},"potentialAction":[{"@type":"SearchAction","target":{"@type":"EntryPoint","urlTemplate":"https:\/\/lospoliticosveracruz.com\/?s={search_term_string}"},"query-input":{"@type":"PropertyValueSpecification","valueRequired":true,"valueName":"search_term_string"}}],"inLanguage":"es"},{"@type":"Organization","@id":"https:\/\/lospoliticosveracruz.com\/#organization","name":"Los pol\u00edticos Veracruz","url":"https:\/\/lospoliticosveracruz.com\/","logo":{"@type":"ImageObject","inLanguage":"es","@id":"https:\/\/lospoliticosveracruz.com\/#\/schema\/logo\/image\/","url":"https:\/\/lospoliticosveracruz.com\/wp-content\/uploads\/2025\/12\/Logo-Nuevo-LOS-POLITICOS-1.jpg","contentUrl":"https:\/\/lospoliticosveracruz.com\/wp-content\/uploads\/2025\/12\/Logo-Nuevo-LOS-POLITICOS-1.jpg","width":260,"height":70,"caption":"Los pol\u00edticos Veracruz"},"image":{"@id":"https:\/\/lospoliticosveracruz.com\/#\/schema\/logo\/image\/"},"sameAs":["https:\/\/www.facebook.com\/people\/Notimemes-de-los-Polticos\/61565672886568\/","https:\/\/x.com\/LosPoliticosVer"]},{"@type":"Person","@id":"https:\/\/lospoliticosveracruz.com\/#\/schema\/person\/b8702bb0e538456e6efd07080bf2a4a2","name":"Lo viste en Los Pol\u00edticos","image":{"@type":"ImageObject","inLanguage":"es","@id":"https:\/\/secure.gravatar.com\/avatar\/3a8de04a2656d44082be478bd6c086daa447c4651605818287b9532d3d0bd435?s=96&d=mm&r=g","url":"https:\/\/secure.gravatar.com\/avatar\/3a8de04a2656d44082be478bd6c086daa447c4651605818287b9532d3d0bd435?s=96&d=mm&r=g","contentUrl":"https:\/\/secure.gravatar.com\/avatar\/3a8de04a2656d44082be478bd6c086daa447c4651605818287b9532d3d0bd435?s=96&d=mm&r=g","caption":"Lo viste en Los Pol\u00edticos"},"url":"https:\/\/lospoliticosveracruz.com\/?author=2"}]}},"_links":{"self":[{"href":"https:\/\/lospoliticosveracruz.com\/index.php?rest_route=\/wp\/v2\/posts\/152964","targetHints":{"allow":["GET"]}}],"collection":[{"href":"https:\/\/lospoliticosveracruz.com\/index.php?rest_route=\/wp\/v2\/posts"}],"about":[{"href":"https:\/\/lospoliticosveracruz.com\/index.php?rest_route=\/wp\/v2\/types\/post"}],"author":[{"embeddable":true,"href":"https:\/\/lospoliticosveracruz.com\/index.php?rest_route=\/wp\/v2\/users\/2"}],"replies":[{"embeddable":true,"href":"https:\/\/lospoliticosveracruz.com\/index.php?rest_route=%2Fwp%2Fv2%2Fcomments&post=152964"}],"version-history":[{"count":1,"href":"https:\/\/lospoliticosveracruz.com\/index.php?rest_route=\/wp\/v2\/posts\/152964\/revisions"}],"predecessor-version":[{"id":152966,"href":"https:\/\/lospoliticosveracruz.com\/index.php?rest_route=\/wp\/v2\/posts\/152964\/revisions\/152966"}],"wp:featuredmedia":[{"embeddable":true,"href":"https:\/\/lospoliticosveracruz.com\/index.php?rest_route=\/wp\/v2\/media\/141429"}],"wp:attachment":[{"href":"https:\/\/lospoliticosveracruz.com\/index.php?rest_route=%2Fwp%2Fv2%2Fmedia&parent=152964"}],"wp:term":[{"taxonomy":"category","embeddable":true,"href":"https:\/\/lospoliticosveracruz.com\/index.php?rest_route=%2Fwp%2Fv2%2Fcategories&post=152964"},{"taxonomy":"post_tag","embeddable":true,"href":"https:\/\/lospoliticosveracruz.com\/index.php?rest_route=%2Fwp%2Fv2%2Ftags&post=152964"}],"curies":[{"name":"wp","href":"https:\/\/api.w.org\/{rel}","templated":true}]}}